{"id":5025,"date":"2020-01-23T09:57:56","date_gmt":"2020-01-23T14:57:56","guid":{"rendered":"https:\/\/ds-barranquilla.org\/?p=5025"},"modified":"2023-01-04T14:59:15","modified_gmt":"2023-01-04T19:59:15","slug":"los-jovenes-estan-cada-vez-mas-expuestos-a-la-tecnologia-y-los-padres-deben-hacer-un-mayor-seguimiento-eulises-dominguez-psicologo-universidad-del-norte","status":"publish","type":"post","link":"https:\/\/ds-barranquilla.org\/de\/los-jovenes-estan-cada-vez-mas-expuestos-a-la-tecnologia-y-los-padres-deben-hacer-un-mayor-seguimiento-eulises-dominguez-psicologo-universidad-del-norte\/","title":{"rendered":"\u201cLos j\u00f3venes est\u00e1n cada vez m\u00e1s expuestos a la tecnolog\u00eda y los padres deben hacer un mayor seguimiento\u201d: Eulises Dom\u00ednguez (Psic\u00f3logo \u2013 Universidad del Norte)"},"content":{"rendered":"<p><span class=\"TextRun  BCX0 SCXW43991809\" lang=\"ES-CO\" xml:lang=\"ES-CO\" data-contrast=\"none\"><span class=\"NormalTextRun  BCX0 SCXW43991809\">creado<\/span><\/span><span class=\"TextRun  BCX0 SCXW43991809\" lang=\"ES-CO\" xml:lang=\"ES-CO\" data-contrast=\"none\"><span class=\"NormalTextRun  BCX0 SCXW43991809\">\u00a0por Jos\u00e9 R\u00edos Mercado<\/span><\/span><\/p>\n<p>En el marco de la charla \u2018J\u00f3venes en la red: implicaciones y riesgos\u2019 el psic\u00f3logo de la Universidad del Norte, Eulises Dom\u00ednguez, invit\u00f3 a los padres a adaptarse r\u00e1pidamente a los cambios que impone la tecnolog\u00eda, especialmente por la sobreexposici\u00f3n de sus hijos a este campo. Eulises Dom\u00ednguez indic\u00f3 que el desconocimiento de los menores en esta materia los expone a riesgos, especialmente a nivel de redes sociales.<\/p>\n<p>\u201cLa tecnolog\u00eda retrasa procesos importantes en los j\u00f3venes y la web les brinda todo aquello que sus mentes le proponen; aqu\u00ed no se trata de apagar los aparatos tecnol\u00f3gicos sino de regular su uso para que no corran riesgos innecesarios. Hoy definimos como \u2018hu\u00e9rfanos digitales\u2019 a los menores que han aprendido a usar las redes sociales sin el acompa\u00f1amiento responsable de sus padres\u201d, expres\u00f3 el psic\u00f3logo.<\/p>\n<p>Seg\u00fan Eulises Dom\u00ednguez, hay que brindarle a los j\u00f3venes otras alternativas de formaci\u00f3n y entretenimiento para que no est\u00e9n sumergidos en la tecnolog\u00eda. Para \u00e9l, en la medida que los padres est\u00e9n pendientes de lo que consultan sus hijos en internet, esto les permitir\u00e1 hacer un mejor seguimiento para conocer la forma c\u00f3mo aprovechan el tiempo cuando est\u00e9n frente al computador o su celular.<\/p>","protected":false},"excerpt":{"rendered":"<p>creado\u00a0por Jos\u00e9 R\u00edos Mercado En el marco de la charla \u2018J\u00f3venes en la red: implicaciones y riesgos\u2019 el psic\u00f3logo de la Universidad del Norte, Eulises Dom\u00ednguez,<span class=\"excerpt-hellip\"> [\u2026]<\/span><\/p>","protected":false},"author":16,"featured_media":5026,"comment_status":"open","ping_status":"open","sticky":false,"template":"","format":"standard","meta":{"_exactmetrics_skip_tracking":false,"_exactmetrics_sitenote_active":false,"_exactmetrics_sitenote_note":"","_exactmetrics_sitenote_category":0,"_joinchat":[],"footnotes":""},"categories":[680,696],"tags":[471],"class_list":["post-5025","post","type-post","status-publish","format-standard","has-post-thumbnail","hentry","category-680","category-bienestar-estudiantil","tag-471"],"yoast_head":"<!-- This site is optimized with the Yoast SEO plugin v23.3 - https:\/\/yoast.com\/wordpress\/plugins\/seo\/ -->\n<title>\u201cLos j\u00f3venes est\u00e1n cada vez m\u00e1s expuestos a la tecnolog\u00eda y los padres deben hacer un mayor seguimiento\u201d: Eulises Dom\u00ednguez (Psic\u00f3logo \u2013 Universidad del Norte) - 2026<\/title>\n<meta name=\"robots\" content=\"noindex, follow, max-snippet:-1, max-image-preview:large, max-video-preview:-1\" \/>\n<meta property=\"og:locale\" content=\"de_DE\" \/>\n<meta property=\"og:type\" content=\"article\" \/>\n<meta property=\"og:title\" content=\"\u201cLos j\u00f3venes est\u00e1n cada vez m\u00e1s expuestos a la tecnolog\u00eda y los padres deben hacer un mayor seguimiento\u201d: Eulises Dom\u00ednguez (Psic\u00f3logo \u2013 Universidad del Norte) - 2026\" \/>\n<meta property=\"og:description\" content=\"creado\u00a0por Jos\u00e9 R\u00edos Mercado En el marco de la charla \u2018J\u00f3venes en la red: implicaciones y riesgos\u2019 el psic\u00f3logo de la Universidad del Norte, Eulises Dom\u00ednguez, [\u2026]\" \/>\n<meta property=\"og:url\" content=\"https:\/\/ds-barranquilla.org\/de\/los-jovenes-estan-cada-vez-mas-expuestos-a-la-tecnologia-y-los-padres-deben-hacer-un-mayor-seguimiento-eulises-dominguez-psicologo-universidad-del-norte\/\" \/>\n<meta property=\"og:site_name\" content=\"Colegio Alem\u00e1n - Los Mejores Colegios de Colombia - Colegio Triling\u00fce\" \/>\n<meta property=\"article:publisher\" content=\"https:\/\/www.facebook.com\/ColegioAlemanBaq\/\" \/>\n<meta property=\"article:published_time\" content=\"2020-01-23T14:57:56+00:00\" \/>\n<meta property=\"article:modified_time\" content=\"2023-01-04T19:59:15+00:00\" \/>\n<meta property=\"og:image\" content=\"https:\/\/ds-barranquilla.org\/wp-content\/uploads\/2020\/07\/\u201cLos-j\u00f3venes-est\u00e1n-cada-vez-m\u00e1s-expuestos-a-la-tecnolog\u00eda-y-los-padres-deben-hacer-un-mayor-seguimiento\u201dEulises-Dom\u00ednguez-Psic\u00f3logo-\u2013-Universidad-del-Norte.jpg\" \/>\n\t<meta property=\"og:image:width\" content=\"539\" \/>\n\t<meta property=\"og:image:height\" content=\"340\" \/>\n\t<meta property=\"og:image:type\" content=\"image\/jpeg\" \/>\n<meta name=\"author\" content=\"Comunicaciones Comunicaciones\" \/>\n<meta name=\"twitter:card\" content=\"summary_large_image\" \/>\n<meta name=\"twitter:creator\" content=\"@ColegioAlemanBq\" \/>\n<meta name=\"twitter:site\" content=\"@ColegioAlemanBq\" \/>\n<meta name=\"twitter:label1\" content=\"Verfasst von\" \/>\n\t<meta name=\"twitter:data1\" content=\"Comunicaciones Comunicaciones\" \/>\n\t<meta name=\"twitter:label2\" content=\"Gesch\u00e4tzte Lesezeit\" \/>\n\t<meta name=\"twitter:data2\" content=\"1\u00a0Minute\" \/>\n<script type=\"application\/ld+json\" class=\"yoast-schema-graph\">{\"@context\":\"https:\/\/schema.org\",\"@graph\":[{\"@type\":\"Article\",\"@id\":\"https:\/\/ds-barranquilla.org\/los-jovenes-estan-cada-vez-mas-expuestos-a-la-tecnologia-y-los-padres-deben-hacer-un-mayor-seguimiento-eulises-dominguez-psicologo-universidad-del-norte\/#article\",\"isPartOf\":{\"@id\":\"https:\/\/ds-barranquilla.org\/los-jovenes-estan-cada-vez-mas-expuestos-a-la-tecnologia-y-los-padres-deben-hacer-un-mayor-seguimiento-eulises-dominguez-psicologo-universidad-del-norte\/\"},\"author\":{\"name\":\"Comunicaciones Comunicaciones\",\"@id\":\"https:\/\/ds-barranquilla.org\/#\/schema\/person\/7bf8790ba89d3480e0551241ccdc8d36\"},\"headline\":\"\u201cLos j\u00f3venes est\u00e1n cada vez m\u00e1s expuestos a la tecnolog\u00eda y los padres deben hacer un mayor seguimiento\u201d: Eulises Dom\u00ednguez (Psic\u00f3logo \u2013 Universidad del Norte)\",\"datePublished\":\"2020-01-23T14:57:56+00:00\",\"dateModified\":\"2023-01-04T19:59:15+00:00\",\"mainEntityOfPage\":{\"@id\":\"https:\/\/ds-barranquilla.org\/los-jovenes-estan-cada-vez-mas-expuestos-a-la-tecnologia-y-los-padres-deben-hacer-un-mayor-seguimiento-eulises-dominguez-psicologo-universidad-del-norte\/\"},\"wordCount\":256,\"commentCount\":0,\"publisher\":{\"@id\":\"https:\/\/ds-barranquilla.org\/#organization\"},\"image\":{\"@id\":\"https:\/\/ds-barranquilla.org\/los-jovenes-estan-cada-vez-mas-expuestos-a-la-tecnologia-y-los-padres-deben-hacer-un-mayor-seguimiento-eulises-dominguez-psicologo-universidad-del-norte\/#primaryimage\"},\"thumbnailUrl\":\"https:\/\/ds-barranquilla.org\/wp-content\/uploads\/2020\/07\/\u201cLos-j\u00f3venes-est\u00e1n-cada-vez-m\u00e1s-expuestos-a-la-tecnolog\u00eda-y-los-padres-deben-hacer-un-mayor-seguimiento\u201dEulises-Dom\u00ednguez-Psic\u00f3logo-\u2013-Universidad-del-Norte.jpg\",\"keywords\":[\"2020\"],\"articleSection\":[\"2020\",\"Bienestar Estudiantil\"],\"inLanguage\":\"de\",\"potentialAction\":[{\"@type\":\"CommentAction\",\"name\":\"Comment\",\"target\":[\"https:\/\/ds-barranquilla.org\/los-jovenes-estan-cada-vez-mas-expuestos-a-la-tecnologia-y-los-padres-deben-hacer-un-mayor-seguimiento-eulises-dominguez-psicologo-universidad-del-norte\/#respond\"]}]},{\"@type\":\"WebPage\",\"@id\":\"https:\/\/ds-barranquilla.org\/los-jovenes-estan-cada-vez-mas-expuestos-a-la-tecnologia-y-los-padres-deben-hacer-un-mayor-seguimiento-eulises-dominguez-psicologo-universidad-del-norte\/\",\"url\":\"https:\/\/ds-barranquilla.org\/los-jovenes-estan-cada-vez-mas-expuestos-a-la-tecnologia-y-los-padres-deben-hacer-un-mayor-seguimiento-eulises-dominguez-psicologo-universidad-del-norte\/\",\"name\":\"\u201cLos j\u00f3venes est\u00e1n cada vez m\u00e1s expuestos a la tecnolog\u00eda y los padres deben hacer un mayor seguimiento\u201d: Eulises Dom\u00ednguez (Psic\u00f3logo \u2013 Universidad del Norte) - 2026\",\"isPartOf\":{\"@id\":\"https:\/\/ds-barranquilla.org\/#website\"},\"primaryImageOfPage\":{\"@id\":\"https:\/\/ds-barranquilla.org\/los-jovenes-estan-cada-vez-mas-expuestos-a-la-tecnologia-y-los-padres-deben-hacer-un-mayor-seguimiento-eulises-dominguez-psicologo-universidad-del-norte\/#primaryimage\"},\"image\":{\"@id\":\"https:\/\/ds-barranquilla.org\/los-jovenes-estan-cada-vez-mas-expuestos-a-la-tecnologia-y-los-padres-deben-hacer-un-mayor-seguimiento-eulises-dominguez-psicologo-universidad-del-norte\/#primaryimage\"},\"thumbnailUrl\":\"https:\/\/ds-barranquilla.org\/wp-content\/uploads\/2020\/07\/\u201cLos-j\u00f3venes-est\u00e1n-cada-vez-m\u00e1s-expuestos-a-la-tecnolog\u00eda-y-los-padres-deben-hacer-un-mayor-seguimiento\u201dEulises-Dom\u00ednguez-Psic\u00f3logo-\u2013-Universidad-del-Norte.jpg\",\"datePublished\":\"2020-01-23T14:57:56+00:00\",\"dateModified\":\"2023-01-04T19:59:15+00:00\",\"breadcrumb\":{\"@id\":\"https:\/\/ds-barranquilla.org\/los-jovenes-estan-cada-vez-mas-expuestos-a-la-tecnologia-y-los-padres-deben-hacer-un-mayor-seguimiento-eulises-dominguez-psicologo-universidad-del-norte\/#breadcrumb\"},\"inLanguage\":\"de\",\"potentialAction\":[{\"@type\":\"ReadAction\",\"target\":[\"https:\/\/ds-barranquilla.org\/los-jovenes-estan-cada-vez-mas-expuestos-a-la-tecnologia-y-los-padres-deben-hacer-un-mayor-seguimiento-eulises-dominguez-psicologo-universidad-del-norte\/\"]}]},{\"@type\":\"ImageObject\",\"inLanguage\":\"de\",\"@id\":\"https:\/\/ds-barranquilla.org\/los-jovenes-estan-cada-vez-mas-expuestos-a-la-tecnologia-y-los-padres-deben-hacer-un-mayor-seguimiento-eulises-dominguez-psicologo-universidad-del-norte\/#primaryimage\",\"url\":\"https:\/\/ds-barranquilla.org\/wp-content\/uploads\/2020\/07\/\u201cLos-j\u00f3venes-est\u00e1n-cada-vez-m\u00e1s-expuestos-a-la-tecnolog\u00eda-y-los-padres-deben-hacer-un-mayor-seguimiento\u201dEulises-Dom\u00ednguez-Psic\u00f3logo-\u2013-Universidad-del-Norte.jpg\",\"contentUrl\":\"https:\/\/ds-barranquilla.org\/wp-content\/uploads\/2020\/07\/\u201cLos-j\u00f3venes-est\u00e1n-cada-vez-m\u00e1s-expuestos-a-la-tecnolog\u00eda-y-los-padres-deben-hacer-un-mayor-seguimiento\u201dEulises-Dom\u00ednguez-Psic\u00f3logo-\u2013-Universidad-del-Norte.jpg\",\"width\":539,\"height\":340},{\"@type\":\"BreadcrumbList\",\"@id\":\"https:\/\/ds-barranquilla.org\/los-jovenes-estan-cada-vez-mas-expuestos-a-la-tecnologia-y-los-padres-deben-hacer-un-mayor-seguimiento-eulises-dominguez-psicologo-universidad-del-norte\/#breadcrumb\",\"itemListElement\":[{\"@type\":\"ListItem\",\"position\":1,\"name\":\"Portada\",\"item\":\"https:\/\/ds-barranquilla.org\/\"},{\"@type\":\"ListItem\",\"position\":2,\"name\":\"\u201cLos j\u00f3venes est\u00e1n cada vez m\u00e1s expuestos a la tecnolog\u00eda y los padres deben hacer un mayor seguimiento\u201d: Eulises Dom\u00ednguez (Psic\u00f3logo \u2013 Universidad del Norte)\"}]},{\"@type\":\"WebSite\",\"@id\":\"https:\/\/ds-barranquilla.org\/#website\",\"url\":\"https:\/\/ds-barranquilla.org\/\",\"name\":\"Colegio Alem\u00e1n - Los Mejores Colegios de Colombia - Colegio Triling\u00fce\",\"description\":\"Colegio Alem\u00e1n  Barranquilla Colombia - Colegio Biling\u00fce - Triling\u00fce - El Mejor Colegio de Colombia\",\"publisher\":{\"@id\":\"https:\/\/ds-barranquilla.org\/#organization\"},\"potentialAction\":[{\"@type\":\"SearchAction\",\"target\":{\"@type\":\"EntryPoint\",\"urlTemplate\":\"https:\/\/ds-barranquilla.org\/?s={search_term_string}\"},\"query-input\":\"required name=search_term_string\"}],\"inLanguage\":\"de\"},{\"@type\":\"Organization\",\"@id\":\"https:\/\/ds-barranquilla.org\/#organization\",\"name\":\"Colegio Alem\u00e1n Barranquilla\",\"url\":\"https:\/\/ds-barranquilla.org\/\",\"logo\":{\"@type\":\"ImageObject\",\"inLanguage\":\"de\",\"@id\":\"https:\/\/ds-barranquilla.org\/#\/schema\/logo\/image\/\",\"url\":\"https:\/\/ds-barranquilla.org\/wp-content\/uploads\/2021\/05\/coleman_logo_2.png\",\"contentUrl\":\"https:\/\/ds-barranquilla.org\/wp-content\/uploads\/2021\/05\/coleman_logo_2.png\",\"width\":418,\"height\":307,\"caption\":\"Colegio Alem\u00e1n Barranquilla\"},\"image\":{\"@id\":\"https:\/\/ds-barranquilla.org\/#\/schema\/logo\/image\/\"},\"sameAs\":[\"https:\/\/www.facebook.com\/ColegioAlemanBaq\/\",\"https:\/\/x.com\/ColegioAlemanBq\",\"https:\/\/www.instagram.com\/colegioalemanbaq\/\",\"https:\/\/www.linkedin.com\/school\/deutsche-schule-barranquilla\/\",\"https:\/\/www.youtube.com\/channel\/UCOOGZQCVs6aYRqIWvSN5agQ\"]},{\"@type\":\"Person\",\"@id\":\"https:\/\/ds-barranquilla.org\/#\/schema\/person\/7bf8790ba89d3480e0551241ccdc8d36\",\"name\":\"Comunicaciones Comunicaciones\",\"image\":{\"@type\":\"ImageObject\",\"inLanguage\":\"de\",\"@id\":\"https:\/\/ds-barranquilla.org\/#\/schema\/person\/image\/\",\"url\":\"https:\/\/secure.gravatar.com\/avatar\/a66ba9484a4338d81d6bea750e595038?s=96&d=mm&r=g\",\"contentUrl\":\"https:\/\/secure.gravatar.com\/avatar\/a66ba9484a4338d81d6bea750e595038?s=96&d=mm&r=g\",\"caption\":\"Comunicaciones Comunicaciones\"}}]}<\/script>\n<!-- \/ Yoast SEO plugin. -->","yoast_head_json":{"title":"\u201cLos j\u00f3venes est\u00e1n cada vez m\u00e1s expuestos a la tecnolog\u00eda y los padres deben hacer un mayor seguimiento\u201d: Eulises Dom\u00ednguez (Psic\u00f3logo \u2013 Universidad del Norte) - 2026","robots":{"index":"noindex","follow":"follow","max-snippet":"max-snippet:-1","max-image-preview":"max-image-preview:large","max-video-preview":"max-video-preview:-1"},"og_locale":"de_DE","og_type":"article","og_title":"\u201cLos j\u00f3venes est\u00e1n cada vez m\u00e1s expuestos a la tecnolog\u00eda y los padres deben hacer un mayor seguimiento\u201d: Eulises Dom\u00ednguez (Psic\u00f3logo \u2013 Universidad del Norte) - 2026","og_description":"creado\u00a0por Jos\u00e9 R\u00edos Mercado En el marco de la charla \u2018J\u00f3venes en la red: implicaciones y riesgos\u2019 el psic\u00f3logo de la Universidad del Norte, Eulises Dom\u00ednguez, [\u2026]","og_url":"https:\/\/ds-barranquilla.org\/de\/los-jovenes-estan-cada-vez-mas-expuestos-a-la-tecnologia-y-los-padres-deben-hacer-un-mayor-seguimiento-eulises-dominguez-psicologo-universidad-del-norte\/","og_site_name":"Colegio Alem\u00e1n - Los Mejores Colegios de Colombia - Colegio Triling\u00fce","article_publisher":"https:\/\/www.facebook.com\/ColegioAlemanBaq\/","article_published_time":"2020-01-23T14:57:56+00:00","article_modified_time":"2023-01-04T19:59:15+00:00","og_image":[{"width":539,"height":340,"url":"https:\/\/ds-barranquilla.org\/wp-content\/uploads\/2020\/07\/\u201cLos-j\u00f3venes-est\u00e1n-cada-vez-m\u00e1s-expuestos-a-la-tecnolog\u00eda-y-los-padres-deben-hacer-un-mayor-seguimiento\u201dEulises-Dom\u00ednguez-Psic\u00f3logo-\u2013-Universidad-del-Norte.jpg","type":"image\/jpeg"}],"author":"Comunicaciones Comunicaciones","twitter_card":"summary_large_image","twitter_creator":"@ColegioAlemanBq","twitter_site":"@ColegioAlemanBq","twitter_misc":{"Verfasst von":"Comunicaciones Comunicaciones","Gesch\u00e4tzte Lesezeit":"1\u00a0Minute"},"schema":{"@context":"https:\/\/schema.org","@graph":[{"@type":"Article","@id":"https:\/\/ds-barranquilla.org\/los-jovenes-estan-cada-vez-mas-expuestos-a-la-tecnologia-y-los-padres-deben-hacer-un-mayor-seguimiento-eulises-dominguez-psicologo-universidad-del-norte\/#article","isPartOf":{"@id":"https:\/\/ds-barranquilla.org\/los-jovenes-estan-cada-vez-mas-expuestos-a-la-tecnologia-y-los-padres-deben-hacer-un-mayor-seguimiento-eulises-dominguez-psicologo-universidad-del-norte\/"},"author":{"name":"Comunicaciones Comunicaciones","@id":"https:\/\/ds-barranquilla.org\/#\/schema\/person\/7bf8790ba89d3480e0551241ccdc8d36"},"headline":"\u201cLos j\u00f3venes est\u00e1n cada vez m\u00e1s expuestos a la tecnolog\u00eda y los padres deben hacer un mayor seguimiento\u201d: Eulises Dom\u00ednguez (Psic\u00f3logo \u2013 Universidad del Norte)","datePublished":"2020-01-23T14:57:56+00:00","dateModified":"2023-01-04T19:59:15+00:00","mainEntityOfPage":{"@id":"https:\/\/ds-barranquilla.org\/los-jovenes-estan-cada-vez-mas-expuestos-a-la-tecnologia-y-los-padres-deben-hacer-un-mayor-seguimiento-eulises-dominguez-psicologo-universidad-del-norte\/"},"wordCount":256,"commentCount":0,"publisher":{"@id":"https:\/\/ds-barranquilla.org\/#organization"},"image":{"@id":"https:\/\/ds-barranquilla.org\/los-jovenes-estan-cada-vez-mas-expuestos-a-la-tecnologia-y-los-padres-deben-hacer-un-mayor-seguimiento-eulises-dominguez-psicologo-universidad-del-norte\/#primaryimage"},"thumbnailUrl":"https:\/\/ds-barranquilla.org\/wp-content\/uploads\/2020\/07\/\u201cLos-j\u00f3venes-est\u00e1n-cada-vez-m\u00e1s-expuestos-a-la-tecnolog\u00eda-y-los-padres-deben-hacer-un-mayor-seguimiento\u201dEulises-Dom\u00ednguez-Psic\u00f3logo-\u2013-Universidad-del-Norte.jpg","keywords":["2020"],"articleSection":["2020","Bienestar Estudiantil"],"inLanguage":"de","potentialAction":[{"@type":"CommentAction","name":"Comment","target":["https:\/\/ds-barranquilla.org\/los-jovenes-estan-cada-vez-mas-expuestos-a-la-tecnologia-y-los-padres-deben-hacer-un-mayor-seguimiento-eulises-dominguez-psicologo-universidad-del-norte\/#respond"]}]},{"@type":"WebPage","@id":"https:\/\/ds-barranquilla.org\/los-jovenes-estan-cada-vez-mas-expuestos-a-la-tecnologia-y-los-padres-deben-hacer-un-mayor-seguimiento-eulises-dominguez-psicologo-universidad-del-norte\/","url":"https:\/\/ds-barranquilla.org\/los-jovenes-estan-cada-vez-mas-expuestos-a-la-tecnologia-y-los-padres-deben-hacer-un-mayor-seguimiento-eulises-dominguez-psicologo-universidad-del-norte\/","name":"\u201cLos j\u00f3venes est\u00e1n cada vez m\u00e1s expuestos a la tecnolog\u00eda y los padres deben hacer un mayor seguimiento\u201d: Eulises Dom\u00ednguez (Psic\u00f3logo \u2013 Universidad del Norte) - 2026","isPartOf":{"@id":"https:\/\/ds-barranquilla.org\/#website"},"primaryImageOfPage":{"@id":"https:\/\/ds-barranquilla.org\/los-jovenes-estan-cada-vez-mas-expuestos-a-la-tecnologia-y-los-padres-deben-hacer-un-mayor-seguimiento-eulises-dominguez-psicologo-universidad-del-norte\/#primaryimage"},"image":{"@id":"https:\/\/ds-barranquilla.org\/los-jovenes-estan-cada-vez-mas-expuestos-a-la-tecnologia-y-los-padres-deben-hacer-un-mayor-seguimiento-eulises-dominguez-psicologo-universidad-del-norte\/#primaryimage"},"thumbnailUrl":"https:\/\/ds-barranquilla.org\/wp-content\/uploads\/2020\/07\/\u201cLos-j\u00f3venes-est\u00e1n-cada-vez-m\u00e1s-expuestos-a-la-tecnolog\u00eda-y-los-padres-deben-hacer-un-mayor-seguimiento\u201dEulises-Dom\u00ednguez-Psic\u00f3logo-\u2013-Universidad-del-Norte.jpg","datePublished":"2020-01-23T14:57:56+00:00","dateModified":"2023-01-04T19:59:15+00:00","breadcrumb":{"@id":"https:\/\/ds-barranquilla.org\/los-jovenes-estan-cada-vez-mas-expuestos-a-la-tecnologia-y-los-padres-deben-hacer-un-mayor-seguimiento-eulises-dominguez-psicologo-universidad-del-norte\/#breadcrumb"},"inLanguage":"de","potentialAction":[{"@type":"ReadAction","target":["https:\/\/ds-barranquilla.org\/los-jovenes-estan-cada-vez-mas-expuestos-a-la-tecnologia-y-los-padres-deben-hacer-un-mayor-seguimiento-eulises-dominguez-psicologo-universidad-del-norte\/"]}]},{"@type":"ImageObject","inLanguage":"de","@id":"https:\/\/ds-barranquilla.org\/los-jovenes-estan-cada-vez-mas-expuestos-a-la-tecnologia-y-los-padres-deben-hacer-un-mayor-seguimiento-eulises-dominguez-psicologo-universidad-del-norte\/#primaryimage","url":"https:\/\/ds-barranquilla.org\/wp-content\/uploads\/2020\/07\/\u201cLos-j\u00f3venes-est\u00e1n-cada-vez-m\u00e1s-expuestos-a-la-tecnolog\u00eda-y-los-padres-deben-hacer-un-mayor-seguimiento\u201dEulises-Dom\u00ednguez-Psic\u00f3logo-\u2013-Universidad-del-Norte.jpg","contentUrl":"https:\/\/ds-barranquilla.org\/wp-content\/uploads\/2020\/07\/\u201cLos-j\u00f3venes-est\u00e1n-cada-vez-m\u00e1s-expuestos-a-la-tecnolog\u00eda-y-los-padres-deben-hacer-un-mayor-seguimiento\u201dEulises-Dom\u00ednguez-Psic\u00f3logo-\u2013-Universidad-del-Norte.jpg","width":539,"height":340},{"@type":"BreadcrumbList","@id":"https:\/\/ds-barranquilla.org\/los-jovenes-estan-cada-vez-mas-expuestos-a-la-tecnologia-y-los-padres-deben-hacer-un-mayor-seguimiento-eulises-dominguez-psicologo-universidad-del-norte\/#breadcrumb","itemListElement":[{"@type":"ListItem","position":1,"name":"Portada","item":"https:\/\/ds-barranquilla.org\/"},{"@type":"ListItem","position":2,"name":"\u201cLos j\u00f3venes est\u00e1n cada vez m\u00e1s expuestos a la tecnolog\u00eda y los padres deben hacer un mayor seguimiento\u201d: Eulises Dom\u00ednguez (Psic\u00f3logo \u2013 Universidad del Norte)"}]},{"@type":"WebSite","@id":"https:\/\/ds-barranquilla.org\/#website","url":"https:\/\/ds-barranquilla.org\/","name":"Colegio Alem\u00e1n - Los Mejores Colegios de Colombia - Colegio Triling\u00fce","description":"Colegio Alem\u00e1n  Barranquilla Colombia - Colegio Biling\u00fce - Triling\u00fce - El Mejor Colegio de Colombia","publisher":{"@id":"https:\/\/ds-barranquilla.org\/#organization"},"potentialAction":[{"@type":"SearchAction","target":{"@type":"EntryPoint","urlTemplate":"https:\/\/ds-barranquilla.org\/?s={search_term_string}"},"query-input":"required name=search_term_string"}],"inLanguage":"de"},{"@type":"Organization","@id":"https:\/\/ds-barranquilla.org\/#organization","name":"Colegio Alem\u00e1n Barranquilla","url":"https:\/\/ds-barranquilla.org\/","logo":{"@type":"ImageObject","inLanguage":"de","@id":"https:\/\/ds-barranquilla.org\/#\/schema\/logo\/image\/","url":"https:\/\/ds-barranquilla.org\/wp-content\/uploads\/2021\/05\/coleman_logo_2.png","contentUrl":"https:\/\/ds-barranquilla.org\/wp-content\/uploads\/2021\/05\/coleman_logo_2.png","width":418,"height":307,"caption":"Colegio Alem\u00e1n Barranquilla"},"image":{"@id":"https:\/\/ds-barranquilla.org\/#\/schema\/logo\/image\/"},"sameAs":["https:\/\/www.facebook.com\/ColegioAlemanBaq\/","https:\/\/x.com\/ColegioAlemanBq","https:\/\/www.instagram.com\/colegioalemanbaq\/","https:\/\/www.linkedin.com\/school\/deutsche-schule-barranquilla\/","https:\/\/www.youtube.com\/channel\/UCOOGZQCVs6aYRqIWvSN5agQ"]},{"@type":"Person","@id":"https:\/\/ds-barranquilla.org\/#\/schema\/person\/7bf8790ba89d3480e0551241ccdc8d36","name":"Comunicaciones Comunicaciones","image":{"@type":"ImageObject","inLanguage":"de","@id":"https:\/\/ds-barranquilla.org\/#\/schema\/person\/image\/","url":"https:\/\/secure.gravatar.com\/avatar\/a66ba9484a4338d81d6bea750e595038?s=96&d=mm&r=g","contentUrl":"https:\/\/secure.gravatar.com\/avatar\/a66ba9484a4338d81d6bea750e595038?s=96&d=mm&r=g","caption":"Comunicaciones Comunicaciones"}}]}},"_links":{"self":[{"href":"https:\/\/ds-barranquilla.org\/de\/wp-json\/wp\/v2\/posts\/5025"}],"collection":[{"href":"https:\/\/ds-barranquilla.org\/de\/wp-json\/wp\/v2\/posts"}],"about":[{"href":"https:\/\/ds-barranquilla.org\/de\/wp-json\/wp\/v2\/types\/post"}],"author":[{"embeddable":true,"href":"https:\/\/ds-barranquilla.org\/de\/wp-json\/wp\/v2\/users\/16"}],"replies":[{"embeddable":true,"href":"https:\/\/ds-barranquilla.org\/de\/wp-json\/wp\/v2\/comments?post=5025"}],"version-history":[{"count":1,"href":"https:\/\/ds-barranquilla.org\/de\/wp-json\/wp\/v2\/posts\/5025\/revisions"}],"predecessor-version":[{"id":5027,"href":"https:\/\/ds-barranquilla.org\/de\/wp-json\/wp\/v2\/posts\/5025\/revisions\/5027"}],"wp:featuredmedia":[{"embeddable":true,"href":"https:\/\/ds-barranquilla.org\/de\/wp-json\/wp\/v2\/media\/5026"}],"wp:attachment":[{"href":"https:\/\/ds-barranquilla.org\/de\/wp-json\/wp\/v2\/media?parent=5025"}],"wp:term":[{"taxonomy":"category","embeddable":true,"href":"https:\/\/ds-barranquilla.org\/de\/wp-json\/wp\/v2\/categories?post=5025"},{"taxonomy":"post_tag","embeddable":true,"href":"https:\/\/ds-barranquilla.org\/de\/wp-json\/wp\/v2\/tags?post=5025"}],"curies":[{"name":"wp","href":"https:\/\/api.w.org\/{rel}","templated":true}]}}