{"id":5063,"date":"2020-01-29T15:01:13","date_gmt":"2020-01-29T20:01:13","guid":{"rendered":"https:\/\/ds-barranquilla.org\/?p=5063"},"modified":"2023-01-04T14:39:53","modified_gmt":"2023-01-04T19:39:53","slug":"policia-nacional-y-fiscalia-dictaron-en-nuestro-colegio-charlas-sobre-temas-relacionados-con-la-convivencia","status":"publish","type":"post","link":"https:\/\/ds-barranquilla.org\/de\/policia-nacional-y-fiscalia-dictaron-en-nuestro-colegio-charlas-sobre-temas-relacionados-con-la-convivencia\/","title":{"rendered":"Polic\u00eda Nacional y Fiscal\u00eda dictaron en nuestro colegio charlas sobre temas relacionados con la convivencia"},"content":{"rendered":"<p>El \u00c1rea de Convivencia de nuestro colegio tiene entre sus frentes de trabajo el adelantar acciones de PREVENCI\u00d3N, seg\u00fan la Ley 1620, identificando o interviniendo sobre los factores que motivan la ocurrencia de sucesos o que puedan facilitar su repetici\u00f3n. Estas actividades est\u00e1n enfocadas en la intervenci\u00f3n de situaciones que amenazan el ejercicio de los Derechos Humanos, de modo que los episodios de vulneraci\u00f3n de los mismos no se afiancen en las din\u00e1micas relacionales entre los miembros de la comunidad escolar.<\/p>\n<p>Respondiendo a este trabajo institucional, la Polic\u00eda Nacional y la Fiscal\u00eda ofrecieron diferentes charlas dirigidas a los estudiantes de la Secci\u00f3n de Secundaria. La prevenci\u00f3n en el consumo de alcohol, cigarrillo convencional y electr\u00f3nico, y sustancias psicoactivas en menores de edad, as\u00ed como los riesgos y las implicaciones legales, fueron los temas abordados en la primera jornada por el Capit\u00e1n Fulbio Sosa, el Subintendente Jaime Heredia y el Patrullero Jos\u00e9 S\u00e1nchez, representantes de la Polic\u00eda Metropolitana de Barranquilla.<\/p>\n<p>Durante la segunda jornada \u2018J\u00f3venes en la Red\u2019, las implicaciones legales por el mal uso de las mismas y la responsabilidad penal adolescente, as\u00ed como: el ciberacoso, el acceso a contenidos inadecuados, la violencia, entre otros, fueron los temas tratados por el abogado penalista Pedro Arias y el psic\u00f3logo Jahir Corro, miembros del programa Futuro Colombia de la Fiscal\u00eda General de la Naci\u00f3n, y que desde hace 25 a\u00f1os viene trabajando en diferentes regiones del pa\u00eds para prevenir delitos en la poblaci\u00f3n infantil y adolescente.<\/p>","protected":false},"excerpt":{"rendered":"<p>El \u00c1rea de Convivencia de nuestro colegio tiene entre sus frentes de trabajo el adelantar acciones de PREVENCI\u00d3N, seg\u00fan la Ley 1620, identificando o interviniendo sobre<span class=\"excerpt-hellip\"> [\u2026]<\/span><\/p>","protected":false},"author":16,"featured_media":5065,"comment_status":"open","ping_status":"open","sticky":false,"template":"","format":"standard","meta":{"_exactmetrics_skip_tracking":false,"_exactmetrics_sitenote_active":false,"_exactmetrics_sitenote_note":"","_exactmetrics_sitenote_category":0,"_joinchat":[],"footnotes":""},"categories":[680,696,705],"tags":[471,449,443],"class_list":["post-5063","post","type-post","status-publish","format-standard","has-post-thumbnail","hentry","category-680","category-bienestar-estudiantil","category-orientacion-psicoeducativa","tag-471","tag-individuos-y-sociedades","tag-secundaria"],"yoast_head":"<!-- This site is optimized with the Yoast SEO plugin v23.3 - https:\/\/yoast.com\/wordpress\/plugins\/seo\/ -->\n<title>Polic\u00eda Nacional y Fiscal\u00eda dictaron en nuestro colegio charlas sobre temas relacionados con la convivencia - 2026<\/title>\n<meta name=\"robots\" content=\"noindex, follow, max-snippet:-1, max-image-preview:large, max-video-preview:-1\" \/>\n<meta property=\"og:locale\" content=\"de_DE\" \/>\n<meta property=\"og:type\" content=\"article\" \/>\n<meta property=\"og:title\" content=\"Polic\u00eda Nacional y Fiscal\u00eda dictaron en nuestro colegio charlas sobre temas relacionados con la convivencia - 2026\" \/>\n<meta property=\"og:description\" content=\"El \u00c1rea de Convivencia de nuestro colegio tiene entre sus frentes de trabajo el adelantar acciones de PREVENCI\u00d3N, seg\u00fan la Ley 1620, identificando o interviniendo sobre [\u2026]\" \/>\n<meta property=\"og:url\" content=\"https:\/\/ds-barranquilla.org\/de\/policia-nacional-y-fiscalia-dictaron-en-nuestro-colegio-charlas-sobre-temas-relacionados-con-la-convivencia\/\" \/>\n<meta property=\"og:site_name\" content=\"Colegio Alem\u00e1n - Los Mejores Colegios de Colombia - Colegio Triling\u00fce\" \/>\n<meta property=\"article:publisher\" content=\"https:\/\/www.facebook.com\/ColegioAlemanBaq\/\" \/>\n<meta property=\"article:published_time\" content=\"2020-01-29T20:01:13+00:00\" \/>\n<meta property=\"article:modified_time\" content=\"2023-01-04T19:39:53+00:00\" \/>\n<meta property=\"og:image\" content=\"https:\/\/ds-barranquilla.org\/wp-content\/uploads\/2020\/07\/Polic\u00eda-Nacional-y-Fiscal\u00eda-dictaron-en-nuestro-colegio-charlas-sobre-temas-relacionados-con-la-convivencia.jpg\" \/>\n\t<meta property=\"og:image:width\" content=\"566\" \/>\n\t<meta property=\"og:image:height\" content=\"326\" \/>\n\t<meta property=\"og:image:type\" content=\"image\/jpeg\" \/>\n<meta name=\"author\" content=\"Comunicaciones Comunicaciones\" \/>\n<meta name=\"twitter:card\" content=\"summary_large_image\" \/>\n<meta name=\"twitter:creator\" content=\"@ColegioAlemanBq\" \/>\n<meta name=\"twitter:site\" content=\"@ColegioAlemanBq\" \/>\n<meta name=\"twitter:label1\" content=\"Verfasst von\" \/>\n\t<meta name=\"twitter:data1\" content=\"Comunicaciones Comunicaciones\" \/>\n\t<meta name=\"twitter:label2\" content=\"Gesch\u00e4tzte Lesezeit\" \/>\n\t<meta name=\"twitter:data2\" content=\"1\u00a0Minute\" \/>\n<script type=\"application\/ld+json\" class=\"yoast-schema-graph\">{\"@context\":\"https:\/\/schema.org\",\"@graph\":[{\"@type\":\"Article\",\"@id\":\"https:\/\/ds-barranquilla.org\/de\/policia-nacional-y-fiscalia-dictaron-en-nuestro-colegio-charlas-sobre-temas-relacionados-con-la-convivencia\/#article\",\"isPartOf\":{\"@id\":\"https:\/\/ds-barranquilla.org\/de\/policia-nacional-y-fiscalia-dictaron-en-nuestro-colegio-charlas-sobre-temas-relacionados-con-la-convivencia\/\"},\"author\":{\"name\":\"Comunicaciones Comunicaciones\",\"@id\":\"https:\/\/ds-barranquilla.org\/#\/schema\/person\/7bf8790ba89d3480e0551241ccdc8d36\"},\"headline\":\"Polic\u00eda Nacional y Fiscal\u00eda dictaron en nuestro colegio charlas sobre temas relacionados con la convivencia\",\"datePublished\":\"2020-01-29T20:01:13+00:00\",\"dateModified\":\"2023-01-04T19:39:53+00:00\",\"mainEntityOfPage\":{\"@id\":\"https:\/\/ds-barranquilla.org\/de\/policia-nacional-y-fiscalia-dictaron-en-nuestro-colegio-charlas-sobre-temas-relacionados-con-la-convivencia\/\"},\"wordCount\":281,\"commentCount\":0,\"publisher\":{\"@id\":\"https:\/\/ds-barranquilla.org\/#organization\"},\"image\":{\"@id\":\"https:\/\/ds-barranquilla.org\/de\/policia-nacional-y-fiscalia-dictaron-en-nuestro-colegio-charlas-sobre-temas-relacionados-con-la-convivencia\/#primaryimage\"},\"thumbnailUrl\":\"https:\/\/ds-barranquilla.org\/wp-content\/uploads\/2020\/07\/Polic\u00eda-Nacional-y-Fiscal\u00eda-dictaron-en-nuestro-colegio-charlas-sobre-temas-relacionados-con-la-convivencia.jpg\",\"keywords\":[\"2020\",\"Individuos y Sociedades\",\"secundaria\"],\"articleSection\":[\"2020\",\"Bienestar Estudiantil\",\"Orientaci\u00f3n Psicoeducativa\"],\"inLanguage\":\"de\",\"potentialAction\":[{\"@type\":\"CommentAction\",\"name\":\"Comment\",\"target\":[\"https:\/\/ds-barranquilla.org\/de\/policia-nacional-y-fiscalia-dictaron-en-nuestro-colegio-charlas-sobre-temas-relacionados-con-la-convivencia\/#respond\"]}]},{\"@type\":\"WebPage\",\"@id\":\"https:\/\/ds-barranquilla.org\/de\/policia-nacional-y-fiscalia-dictaron-en-nuestro-colegio-charlas-sobre-temas-relacionados-con-la-convivencia\/\",\"url\":\"https:\/\/ds-barranquilla.org\/de\/policia-nacional-y-fiscalia-dictaron-en-nuestro-colegio-charlas-sobre-temas-relacionados-con-la-convivencia\/\",\"name\":\"Polic\u00eda Nacional y Fiscal\u00eda dictaron en nuestro colegio charlas sobre temas relacionados con la convivencia - 2026\",\"isPartOf\":{\"@id\":\"https:\/\/ds-barranquilla.org\/#website\"},\"primaryImageOfPage\":{\"@id\":\"https:\/\/ds-barranquilla.org\/de\/policia-nacional-y-fiscalia-dictaron-en-nuestro-colegio-charlas-sobre-temas-relacionados-con-la-convivencia\/#primaryimage\"},\"image\":{\"@id\":\"https:\/\/ds-barranquilla.org\/de\/policia-nacional-y-fiscalia-dictaron-en-nuestro-colegio-charlas-sobre-temas-relacionados-con-la-convivencia\/#primaryimage\"},\"thumbnailUrl\":\"https:\/\/ds-barranquilla.org\/wp-content\/uploads\/2020\/07\/Polic\u00eda-Nacional-y-Fiscal\u00eda-dictaron-en-nuestro-colegio-charlas-sobre-temas-relacionados-con-la-convivencia.jpg\",\"datePublished\":\"2020-01-29T20:01:13+00:00\",\"dateModified\":\"2023-01-04T19:39:53+00:00\",\"breadcrumb\":{\"@id\":\"https:\/\/ds-barranquilla.org\/de\/policia-nacional-y-fiscalia-dictaron-en-nuestro-colegio-charlas-sobre-temas-relacionados-con-la-convivencia\/#breadcrumb\"},\"inLanguage\":\"de\",\"potentialAction\":[{\"@type\":\"ReadAction\",\"target\":[\"https:\/\/ds-barranquilla.org\/de\/policia-nacional-y-fiscalia-dictaron-en-nuestro-colegio-charlas-sobre-temas-relacionados-con-la-convivencia\/\"]}]},{\"@type\":\"ImageObject\",\"inLanguage\":\"de\",\"@id\":\"https:\/\/ds-barranquilla.org\/de\/policia-nacional-y-fiscalia-dictaron-en-nuestro-colegio-charlas-sobre-temas-relacionados-con-la-convivencia\/#primaryimage\",\"url\":\"https:\/\/ds-barranquilla.org\/wp-content\/uploads\/2020\/07\/Polic\u00eda-Nacional-y-Fiscal\u00eda-dictaron-en-nuestro-colegio-charlas-sobre-temas-relacionados-con-la-convivencia.jpg\",\"contentUrl\":\"https:\/\/ds-barranquilla.org\/wp-content\/uploads\/2020\/07\/Polic\u00eda-Nacional-y-Fiscal\u00eda-dictaron-en-nuestro-colegio-charlas-sobre-temas-relacionados-con-la-convivencia.jpg\",\"width\":566,\"height\":326},{\"@type\":\"BreadcrumbList\",\"@id\":\"https:\/\/ds-barranquilla.org\/de\/policia-nacional-y-fiscalia-dictaron-en-nuestro-colegio-charlas-sobre-temas-relacionados-con-la-convivencia\/#breadcrumb\",\"itemListElement\":[{\"@type\":\"ListItem\",\"position\":1,\"name\":\"Portada\",\"item\":\"https:\/\/ds-barranquilla.org\/\"},{\"@type\":\"ListItem\",\"position\":2,\"name\":\"Polic\u00eda Nacional y Fiscal\u00eda dictaron en nuestro colegio charlas sobre temas relacionados con la convivencia\"}]},{\"@type\":\"WebSite\",\"@id\":\"https:\/\/ds-barranquilla.org\/#website\",\"url\":\"https:\/\/ds-barranquilla.org\/\",\"name\":\"Colegio Alem\u00e1n - Los Mejores Colegios de Colombia - Colegio Triling\u00fce\",\"description\":\"Colegio Alem\u00e1n  Barranquilla Colombia - Colegio Biling\u00fce - Triling\u00fce - El Mejor Colegio de Colombia\",\"publisher\":{\"@id\":\"https:\/\/ds-barranquilla.org\/#organization\"},\"potentialAction\":[{\"@type\":\"SearchAction\",\"target\":{\"@type\":\"EntryPoint\",\"urlTemplate\":\"https:\/\/ds-barranquilla.org\/?s={search_term_string}\"},\"query-input\":\"required name=search_term_string\"}],\"inLanguage\":\"de\"},{\"@type\":\"Organization\",\"@id\":\"https:\/\/ds-barranquilla.org\/#organization\",\"name\":\"Colegio Alem\u00e1n Barranquilla\",\"url\":\"https:\/\/ds-barranquilla.org\/\",\"logo\":{\"@type\":\"ImageObject\",\"inLanguage\":\"de\",\"@id\":\"https:\/\/ds-barranquilla.org\/#\/schema\/logo\/image\/\",\"url\":\"https:\/\/ds-barranquilla.org\/wp-content\/uploads\/2021\/05\/coleman_logo_2.png\",\"contentUrl\":\"https:\/\/ds-barranquilla.org\/wp-content\/uploads\/2021\/05\/coleman_logo_2.png\",\"width\":418,\"height\":307,\"caption\":\"Colegio Alem\u00e1n Barranquilla\"},\"image\":{\"@id\":\"https:\/\/ds-barranquilla.org\/#\/schema\/logo\/image\/\"},\"sameAs\":[\"https:\/\/www.facebook.com\/ColegioAlemanBaq\/\",\"https:\/\/x.com\/ColegioAlemanBq\",\"https:\/\/www.instagram.com\/colegioalemanbaq\/\",\"https:\/\/www.linkedin.com\/school\/deutsche-schule-barranquilla\/\",\"https:\/\/www.youtube.com\/channel\/UCOOGZQCVs6aYRqIWvSN5agQ\"]},{\"@type\":\"Person\",\"@id\":\"https:\/\/ds-barranquilla.org\/#\/schema\/person\/7bf8790ba89d3480e0551241ccdc8d36\",\"name\":\"Comunicaciones Comunicaciones\",\"image\":{\"@type\":\"ImageObject\",\"inLanguage\":\"de\",\"@id\":\"https:\/\/ds-barranquilla.org\/#\/schema\/person\/image\/\",\"url\":\"https:\/\/secure.gravatar.com\/avatar\/a66ba9484a4338d81d6bea750e595038?s=96&d=mm&r=g\",\"contentUrl\":\"https:\/\/secure.gravatar.com\/avatar\/a66ba9484a4338d81d6bea750e595038?s=96&d=mm&r=g\",\"caption\":\"Comunicaciones Comunicaciones\"}}]}<\/script>\n<!-- \/ Yoast SEO plugin. -->","yoast_head_json":{"title":"Polic\u00eda Nacional y Fiscal\u00eda dictaron en nuestro colegio charlas sobre temas relacionados con la convivencia - 2026","robots":{"index":"noindex","follow":"follow","max-snippet":"max-snippet:-1","max-image-preview":"max-image-preview:large","max-video-preview":"max-video-preview:-1"},"og_locale":"de_DE","og_type":"article","og_title":"Polic\u00eda Nacional y Fiscal\u00eda dictaron en nuestro colegio charlas sobre temas relacionados con la convivencia - 2026","og_description":"El \u00c1rea de Convivencia de nuestro colegio tiene entre sus frentes de trabajo el adelantar acciones de PREVENCI\u00d3N, seg\u00fan la Ley 1620, identificando o interviniendo sobre [\u2026]","og_url":"https:\/\/ds-barranquilla.org\/de\/policia-nacional-y-fiscalia-dictaron-en-nuestro-colegio-charlas-sobre-temas-relacionados-con-la-convivencia\/","og_site_name":"Colegio Alem\u00e1n - Los Mejores Colegios de Colombia - Colegio Triling\u00fce","article_publisher":"https:\/\/www.facebook.com\/ColegioAlemanBaq\/","article_published_time":"2020-01-29T20:01:13+00:00","article_modified_time":"2023-01-04T19:39:53+00:00","og_image":[{"width":566,"height":326,"url":"https:\/\/ds-barranquilla.org\/wp-content\/uploads\/2020\/07\/Polic\u00eda-Nacional-y-Fiscal\u00eda-dictaron-en-nuestro-colegio-charlas-sobre-temas-relacionados-con-la-convivencia.jpg","type":"image\/jpeg"}],"author":"Comunicaciones Comunicaciones","twitter_card":"summary_large_image","twitter_creator":"@ColegioAlemanBq","twitter_site":"@ColegioAlemanBq","twitter_misc":{"Verfasst von":"Comunicaciones Comunicaciones","Gesch\u00e4tzte Lesezeit":"1\u00a0Minute"},"schema":{"@context":"https:\/\/schema.org","@graph":[{"@type":"Article","@id":"https:\/\/ds-barranquilla.org\/de\/policia-nacional-y-fiscalia-dictaron-en-nuestro-colegio-charlas-sobre-temas-relacionados-con-la-convivencia\/#article","isPartOf":{"@id":"https:\/\/ds-barranquilla.org\/de\/policia-nacional-y-fiscalia-dictaron-en-nuestro-colegio-charlas-sobre-temas-relacionados-con-la-convivencia\/"},"author":{"name":"Comunicaciones Comunicaciones","@id":"https:\/\/ds-barranquilla.org\/#\/schema\/person\/7bf8790ba89d3480e0551241ccdc8d36"},"headline":"Polic\u00eda Nacional y Fiscal\u00eda dictaron en nuestro colegio charlas sobre temas relacionados con la convivencia","datePublished":"2020-01-29T20:01:13+00:00","dateModified":"2023-01-04T19:39:53+00:00","mainEntityOfPage":{"@id":"https:\/\/ds-barranquilla.org\/de\/policia-nacional-y-fiscalia-dictaron-en-nuestro-colegio-charlas-sobre-temas-relacionados-con-la-convivencia\/"},"wordCount":281,"commentCount":0,"publisher":{"@id":"https:\/\/ds-barranquilla.org\/#organization"},"image":{"@id":"https:\/\/ds-barranquilla.org\/de\/policia-nacional-y-fiscalia-dictaron-en-nuestro-colegio-charlas-sobre-temas-relacionados-con-la-convivencia\/#primaryimage"},"thumbnailUrl":"https:\/\/ds-barranquilla.org\/wp-content\/uploads\/2020\/07\/Polic\u00eda-Nacional-y-Fiscal\u00eda-dictaron-en-nuestro-colegio-charlas-sobre-temas-relacionados-con-la-convivencia.jpg","keywords":["2020","Individuos y Sociedades","secundaria"],"articleSection":["2020","Bienestar Estudiantil","Orientaci\u00f3n Psicoeducativa"],"inLanguage":"de","potentialAction":[{"@type":"CommentAction","name":"Comment","target":["https:\/\/ds-barranquilla.org\/de\/policia-nacional-y-fiscalia-dictaron-en-nuestro-colegio-charlas-sobre-temas-relacionados-con-la-convivencia\/#respond"]}]},{"@type":"WebPage","@id":"https:\/\/ds-barranquilla.org\/de\/policia-nacional-y-fiscalia-dictaron-en-nuestro-colegio-charlas-sobre-temas-relacionados-con-la-convivencia\/","url":"https:\/\/ds-barranquilla.org\/de\/policia-nacional-y-fiscalia-dictaron-en-nuestro-colegio-charlas-sobre-temas-relacionados-con-la-convivencia\/","name":"Polic\u00eda Nacional y Fiscal\u00eda dictaron en nuestro colegio charlas sobre temas relacionados con la convivencia - 2026","isPartOf":{"@id":"https:\/\/ds-barranquilla.org\/#website"},"primaryImageOfPage":{"@id":"https:\/\/ds-barranquilla.org\/de\/policia-nacional-y-fiscalia-dictaron-en-nuestro-colegio-charlas-sobre-temas-relacionados-con-la-convivencia\/#primaryimage"},"image":{"@id":"https:\/\/ds-barranquilla.org\/de\/policia-nacional-y-fiscalia-dictaron-en-nuestro-colegio-charlas-sobre-temas-relacionados-con-la-convivencia\/#primaryimage"},"thumbnailUrl":"https:\/\/ds-barranquilla.org\/wp-content\/uploads\/2020\/07\/Polic\u00eda-Nacional-y-Fiscal\u00eda-dictaron-en-nuestro-colegio-charlas-sobre-temas-relacionados-con-la-convivencia.jpg","datePublished":"2020-01-29T20:01:13+00:00","dateModified":"2023-01-04T19:39:53+00:00","breadcrumb":{"@id":"https:\/\/ds-barranquilla.org\/de\/policia-nacional-y-fiscalia-dictaron-en-nuestro-colegio-charlas-sobre-temas-relacionados-con-la-convivencia\/#breadcrumb"},"inLanguage":"de","potentialAction":[{"@type":"ReadAction","target":["https:\/\/ds-barranquilla.org\/de\/policia-nacional-y-fiscalia-dictaron-en-nuestro-colegio-charlas-sobre-temas-relacionados-con-la-convivencia\/"]}]},{"@type":"ImageObject","inLanguage":"de","@id":"https:\/\/ds-barranquilla.org\/de\/policia-nacional-y-fiscalia-dictaron-en-nuestro-colegio-charlas-sobre-temas-relacionados-con-la-convivencia\/#primaryimage","url":"https:\/\/ds-barranquilla.org\/wp-content\/uploads\/2020\/07\/Polic\u00eda-Nacional-y-Fiscal\u00eda-dictaron-en-nuestro-colegio-charlas-sobre-temas-relacionados-con-la-convivencia.jpg","contentUrl":"https:\/\/ds-barranquilla.org\/wp-content\/uploads\/2020\/07\/Polic\u00eda-Nacional-y-Fiscal\u00eda-dictaron-en-nuestro-colegio-charlas-sobre-temas-relacionados-con-la-convivencia.jpg","width":566,"height":326},{"@type":"BreadcrumbList","@id":"https:\/\/ds-barranquilla.org\/de\/policia-nacional-y-fiscalia-dictaron-en-nuestro-colegio-charlas-sobre-temas-relacionados-con-la-convivencia\/#breadcrumb","itemListElement":[{"@type":"ListItem","position":1,"name":"Portada","item":"https:\/\/ds-barranquilla.org\/"},{"@type":"ListItem","position":2,"name":"Polic\u00eda Nacional y Fiscal\u00eda dictaron en nuestro colegio charlas sobre temas relacionados con la convivencia"}]},{"@type":"WebSite","@id":"https:\/\/ds-barranquilla.org\/#website","url":"https:\/\/ds-barranquilla.org\/","name":"Colegio Alem\u00e1n - Los Mejores Colegios de Colombia - Colegio Triling\u00fce","description":"Colegio Alem\u00e1n  Barranquilla Colombia - Colegio Biling\u00fce - Triling\u00fce - El Mejor Colegio de Colombia","publisher":{"@id":"https:\/\/ds-barranquilla.org\/#organization"},"potentialAction":[{"@type":"SearchAction","target":{"@type":"EntryPoint","urlTemplate":"https:\/\/ds-barranquilla.org\/?s={search_term_string}"},"query-input":"required name=search_term_string"}],"inLanguage":"de"},{"@type":"Organization","@id":"https:\/\/ds-barranquilla.org\/#organization","name":"Colegio Alem\u00e1n Barranquilla","url":"https:\/\/ds-barranquilla.org\/","logo":{"@type":"ImageObject","inLanguage":"de","@id":"https:\/\/ds-barranquilla.org\/#\/schema\/logo\/image\/","url":"https:\/\/ds-barranquilla.org\/wp-content\/uploads\/2021\/05\/coleman_logo_2.png","contentUrl":"https:\/\/ds-barranquilla.org\/wp-content\/uploads\/2021\/05\/coleman_logo_2.png","width":418,"height":307,"caption":"Colegio Alem\u00e1n Barranquilla"},"image":{"@id":"https:\/\/ds-barranquilla.org\/#\/schema\/logo\/image\/"},"sameAs":["https:\/\/www.facebook.com\/ColegioAlemanBaq\/","https:\/\/x.com\/ColegioAlemanBq","https:\/\/www.instagram.com\/colegioalemanbaq\/","https:\/\/www.linkedin.com\/school\/deutsche-schule-barranquilla\/","https:\/\/www.youtube.com\/channel\/UCOOGZQCVs6aYRqIWvSN5agQ"]},{"@type":"Person","@id":"https:\/\/ds-barranquilla.org\/#\/schema\/person\/7bf8790ba89d3480e0551241ccdc8d36","name":"Comunicaciones Comunicaciones","image":{"@type":"ImageObject","inLanguage":"de","@id":"https:\/\/ds-barranquilla.org\/#\/schema\/person\/image\/","url":"https:\/\/secure.gravatar.com\/avatar\/a66ba9484a4338d81d6bea750e595038?s=96&d=mm&r=g","contentUrl":"https:\/\/secure.gravatar.com\/avatar\/a66ba9484a4338d81d6bea750e595038?s=96&d=mm&r=g","caption":"Comunicaciones Comunicaciones"}}]}},"_links":{"self":[{"href":"https:\/\/ds-barranquilla.org\/de\/wp-json\/wp\/v2\/posts\/5063"}],"collection":[{"href":"https:\/\/ds-barranquilla.org\/de\/wp-json\/wp\/v2\/posts"}],"about":[{"href":"https:\/\/ds-barranquilla.org\/de\/wp-json\/wp\/v2\/types\/post"}],"author":[{"embeddable":true,"href":"https:\/\/ds-barranquilla.org\/de\/wp-json\/wp\/v2\/users\/16"}],"replies":[{"embeddable":true,"href":"https:\/\/ds-barranquilla.org\/de\/wp-json\/wp\/v2\/comments?post=5063"}],"version-history":[{"count":1,"href":"https:\/\/ds-barranquilla.org\/de\/wp-json\/wp\/v2\/posts\/5063\/revisions"}],"predecessor-version":[{"id":5066,"href":"https:\/\/ds-barranquilla.org\/de\/wp-json\/wp\/v2\/posts\/5063\/revisions\/5066"}],"wp:featuredmedia":[{"embeddable":true,"href":"https:\/\/ds-barranquilla.org\/de\/wp-json\/wp\/v2\/media\/5065"}],"wp:attachment":[{"href":"https:\/\/ds-barranquilla.org\/de\/wp-json\/wp\/v2\/media?parent=5063"}],"wp:term":[{"taxonomy":"category","embeddable":true,"href":"https:\/\/ds-barranquilla.org\/de\/wp-json\/wp\/v2\/categories?post=5063"},{"taxonomy":"post_tag","embeddable":true,"href":"https:\/\/ds-barranquilla.org\/de\/wp-json\/wp\/v2\/tags?post=5063"}],"curies":[{"name":"wp","href":"https:\/\/api.w.org\/{rel}","templated":true}]}}