{"id":5067,"date":"2020-01-31T15:11:39","date_gmt":"2020-01-31T20:11:39","guid":{"rendered":"https:\/\/ds-barranquilla.org\/?p=5067"},"modified":"2023-01-04T14:39:19","modified_gmt":"2023-01-04T19:39:19","slug":"profesora-de-biologia-de-nuestro-colegio-fue-becada-por-colciencias-para-hacer-doctorado-en-ciencias-biomedicas-en-la-universidad-del-norte","status":"publish","type":"post","link":"https:\/\/ds-barranquilla.org\/de\/profesora-de-biologia-de-nuestro-colegio-fue-becada-por-colciencias-para-hacer-doctorado-en-ciencias-biomedicas-en-la-universidad-del-norte\/","title":{"rendered":"Profesora de Biolog\u00eda de nuestro colegio fue becada por Colciencias para hacer doctorado en Ciencias Bi\u00f3medicas en la Universidad del Norte"},"content":{"rendered":"<p><span class=\"TextRun  BCX0 SCXW10923549\" lang=\"ES-CO\" xml:lang=\"ES-CO\" data-contrast=\"none\"><span class=\"NormalTextRun  BCX0 SCXW10923549\">creado<\/span><\/span><span class=\"TextRun  BCX0 SCXW10923549\" lang=\"ES-CO\" xml:lang=\"ES-CO\" data-contrast=\"none\"><span class=\"NormalTextRun  BCX0 SCXW10923549\">\u00a0por Jos\u00e9 R\u00edos Mercado<\/span><\/span><\/p>\n<p><span data-contrast=\"none\">La profesora de Ciencias Naturales y Biolog\u00eda Experimental IB de nuestro colegio,\u00a0<\/span><span data-contrast=\"none\">Lilybeth<\/span><span data-contrast=\"none\">\u00a0Mart\u00ednez, fue becada por Colciencias para hacer un doctorado en Ciencias Biom\u00e9dicas en la Universidad del Norte. La licenciada en Biolog\u00eda y Qu\u00edmica de la Universidad del Atl\u00e1ntico y que ten\u00eda m\u00e1s de cuatro a\u00f1os de estar vinculada a nuestra instituci\u00f3n, expres\u00f3 su satisfacci\u00f3n por este logro que asumir\u00e1 en los pr\u00f3ximos d\u00edas en nuestra ciudad y que incluye una pasant\u00eda en el exterior en el 2022.<\/span><span data-ccp-props=\"{&quot;201341983&quot;:0,&quot;335559739&quot;:180,&quot;335559740&quot;:240}\">\u00a0<\/span><\/p>\n<p><span data-contrast=\"none\">\u201cAl momento de graduarme de la maestr\u00eda en Gen\u00e9tica en la Universidad Sim\u00f3n Bol\u00edvar, mi tutor me propone que env\u00ede dos propuestas de investigaci\u00f3n a Colciencias. Una relacionada con la identificaci\u00f3n de\u00a0<\/span><span data-contrast=\"none\">microARN\u2019s<\/span><span data-contrast=\"none\">\u00a0diferenciales en el plasma de pacientes con nefritis\u00a0<\/span><span data-contrast=\"none\">l\u00fapica<\/span><span data-contrast=\"none\">\u00a0clase II y otra acerca de un estudio de\u00a0<\/span><span data-contrast=\"none\">ancestralidad<\/span><span data-contrast=\"none\">\u00a0relacionada con el c\u00e1ncer de pr\u00f3stata en los hombres de Barranquilla y su \u00c1rea Metropolitana\u201d, expres\u00f3 la licenciada en Biolog\u00eda y Qu\u00edmica.<\/span><span data-ccp-props=\"{&quot;201341983&quot;:0,&quot;335559739&quot;:180,&quot;335559740&quot;:240}\">\u00a0<\/span><\/p>\n<p><span data-contrast=\"none\">Lilybeth<\/span><span data-contrast=\"none\">\u00a0Mart\u00ednez indic\u00f3 que lo vivido en el colegio ha sido muy significativo para su crecimiento profesional y personal por lo aprendido de otros colegas como Iv\u00e1n\u00a0<\/span><span data-contrast=\"none\">Donofrio<\/span><span data-contrast=\"none\">, Isabel Boh\u00f3rquez, Franz von\u00a0<\/span><span data-contrast=\"none\">Gingelheim<\/span><span data-contrast=\"none\">\u00a0-quien fue el que le ense\u00f1\u00f3 todo acerca de la pr\u00e1ctica experimental IB- y Janeth Mantilla. Para ella, el manejo de sensores, la profundizaci\u00f3n de las clases, la actitud de los estudiantes y la amabilidad de los colegas, son los aspectos que m\u00e1s le gustaron.<\/span><span data-ccp-props=\"{&quot;201341983&quot;:0,&quot;335559739&quot;:180,&quot;335559740&quot;:240}\">\u00a0<\/span><\/p>\n<p><span data-contrast=\"none\">Para ella la coordinaci\u00f3n del PRAE (Proyecto Ambiental Escolar) durante tres a\u00f1os fue otro de los ejercicios laborales que m\u00e1s la llen\u00f3 de satisfacci\u00f3n por gestiones ejecutadas como: la inauguraci\u00f3n del\u00a0<\/span><span data-contrast=\"none\">Ecoparque<\/span><span data-contrast=\"none\">\u00a0\u2018Alexander von Humboldt\u2019, la\u00a0<\/span><span data-contrast=\"none\">Plasti<\/span><span data-contrast=\"none\">-Conciencia, entre otras. Finalmente, manifest\u00f3 que dentro de sus planes futuros est\u00e1n: seguir capacit\u00e1ndose, hablar el ingl\u00e9s, ejercer la docencia universitaria, fundar un grupo de investigaci\u00f3n y escribir art\u00edculos para revistas cient\u00edficas.<\/span><span data-ccp-props=\"{&quot;201341983&quot;:0,&quot;335559739&quot;:180,&quot;335559740&quot;:240}\">\u00a0<\/span><\/p>","protected":false},"excerpt":{"rendered":"<p>creado\u00a0por Jos\u00e9 R\u00edos Mercado La profesora de Ciencias Naturales y Biolog\u00eda Experimental IB de nuestro colegio,\u00a0Lilybeth\u00a0Mart\u00ednez, fue becada por Colciencias para hacer un doctorado en Ciencias<span class=\"excerpt-hellip\"> [\u2026]<\/span><\/p>","protected":false},"author":16,"featured_media":5068,"comment_status":"open","ping_status":"open","sticky":false,"template":"","format":"standard","meta":{"_exactmetrics_skip_tracking":false,"_exactmetrics_sitenote_active":false,"_exactmetrics_sitenote_note":"","_exactmetrics_sitenote_category":0,"_joinchat":[],"footnotes":""},"categories":[680,686,694],"tags":[471,491,450],"class_list":["post-5067","post","type-post","status-publish","format-standard","has-post-thumbnail","hentry","category-680","category-area-de-ciencias","category-bachillerato-internacional","tag-471","tag-biologia","tag-profesores"],"yoast_head":"<!-- This site is optimized with the Yoast SEO plugin v23.3 - https:\/\/yoast.com\/wordpress\/plugins\/seo\/ -->\n<title>Profesora de Biolog\u00eda de nuestro colegio fue becada por Colciencias para hacer doctorado en Ciencias Bi\u00f3medicas en la Universidad del Norte - 2026<\/title>\n<meta name=\"robots\" content=\"noindex, follow, max-snippet:-1, max-image-preview:large, max-video-preview:-1\" \/>\n<meta property=\"og:locale\" content=\"de_DE\" \/>\n<meta property=\"og:type\" content=\"article\" \/>\n<meta property=\"og:title\" content=\"Profesora de Biolog\u00eda de nuestro colegio fue becada por Colciencias para hacer doctorado en Ciencias Bi\u00f3medicas en la Universidad del Norte - 2026\" \/>\n<meta property=\"og:description\" content=\"creado\u00a0por Jos\u00e9 R\u00edos Mercado La profesora de Ciencias Naturales y Biolog\u00eda Experimental IB de nuestro colegio,\u00a0Lilybeth\u00a0Mart\u00ednez, fue becada por Colciencias para hacer un doctorado en Ciencias [\u2026]\" \/>\n<meta property=\"og:url\" content=\"https:\/\/ds-barranquilla.org\/de\/profesora-de-biologia-de-nuestro-colegio-fue-becada-por-colciencias-para-hacer-doctorado-en-ciencias-biomedicas-en-la-universidad-del-norte\/\" \/>\n<meta property=\"og:site_name\" content=\"Colegio Alem\u00e1n - Los Mejores Colegios de Colombia - Colegio Triling\u00fce\" \/>\n<meta property=\"article:publisher\" content=\"https:\/\/www.facebook.com\/ColegioAlemanBaq\/\" \/>\n<meta property=\"article:published_time\" content=\"2020-01-31T20:11:39+00:00\" \/>\n<meta property=\"article:modified_time\" content=\"2023-01-04T19:39:19+00:00\" \/>\n<meta property=\"og:image\" content=\"https:\/\/ds-barranquilla.org\/wp-content\/uploads\/2020\/07\/Profesora-de-Biolog\u00eda-de-nuestro-colegio-fue-becada-por-Colciencias-para-hacer-doctorado-en-Ciencias-Bi\u00f3medicas-en-la-Universidad-del-Norte.jpg\" \/>\n\t<meta property=\"og:image:width\" content=\"584\" \/>\n\t<meta property=\"og:image:height\" content=\"251\" \/>\n\t<meta property=\"og:image:type\" content=\"image\/jpeg\" \/>\n<meta name=\"author\" content=\"Comunicaciones Comunicaciones\" \/>\n<meta name=\"twitter:card\" content=\"summary_large_image\" \/>\n<meta name=\"twitter:creator\" content=\"@ColegioAlemanBq\" \/>\n<meta name=\"twitter:site\" content=\"@ColegioAlemanBq\" \/>\n<meta name=\"twitter:label1\" content=\"Verfasst von\" \/>\n\t<meta name=\"twitter:data1\" content=\"Comunicaciones Comunicaciones\" \/>\n\t<meta name=\"twitter:label2\" content=\"Gesch\u00e4tzte Lesezeit\" \/>\n\t<meta name=\"twitter:data2\" content=\"2\u00a0Minuten\" \/>\n<script type=\"application\/ld+json\" class=\"yoast-schema-graph\">{\"@context\":\"https:\/\/schema.org\",\"@graph\":[{\"@type\":\"Article\",\"@id\":\"https:\/\/ds-barranquilla.org\/de\/profesora-de-biologia-de-nuestro-colegio-fue-becada-por-colciencias-para-hacer-doctorado-en-ciencias-biomedicas-en-la-universidad-del-norte\/#article\",\"isPartOf\":{\"@id\":\"https:\/\/ds-barranquilla.org\/de\/profesora-de-biologia-de-nuestro-colegio-fue-becada-por-colciencias-para-hacer-doctorado-en-ciencias-biomedicas-en-la-universidad-del-norte\/\"},\"author\":{\"name\":\"Comunicaciones Comunicaciones\",\"@id\":\"https:\/\/ds-barranquilla.org\/#\/schema\/person\/7bf8790ba89d3480e0551241ccdc8d36\"},\"headline\":\"Profesora de Biolog\u00eda de nuestro colegio fue becada por Colciencias para hacer doctorado en Ciencias Bi\u00f3medicas en la Universidad del Norte\",\"datePublished\":\"2020-01-31T20:11:39+00:00\",\"dateModified\":\"2023-01-04T19:39:19+00:00\",\"mainEntityOfPage\":{\"@id\":\"https:\/\/ds-barranquilla.org\/de\/profesora-de-biologia-de-nuestro-colegio-fue-becada-por-colciencias-para-hacer-doctorado-en-ciencias-biomedicas-en-la-universidad-del-norte\/\"},\"wordCount\":373,\"commentCount\":0,\"publisher\":{\"@id\":\"https:\/\/ds-barranquilla.org\/#organization\"},\"image\":{\"@id\":\"https:\/\/ds-barranquilla.org\/de\/profesora-de-biologia-de-nuestro-colegio-fue-becada-por-colciencias-para-hacer-doctorado-en-ciencias-biomedicas-en-la-universidad-del-norte\/#primaryimage\"},\"thumbnailUrl\":\"https:\/\/ds-barranquilla.org\/wp-content\/uploads\/2020\/07\/Profesora-de-Biolog\u00eda-de-nuestro-colegio-fue-becada-por-Colciencias-para-hacer-doctorado-en-Ciencias-Bi\u00f3medicas-en-la-Universidad-del-Norte.jpg\",\"keywords\":[\"2020\",\"Biolog\u00eda\",\"Profesores\"],\"articleSection\":[\"2020\",\"\u00c1rea de Ciencias\",\"Bachillerato Internacional\"],\"inLanguage\":\"de\",\"potentialAction\":[{\"@type\":\"CommentAction\",\"name\":\"Comment\",\"target\":[\"https:\/\/ds-barranquilla.org\/de\/profesora-de-biologia-de-nuestro-colegio-fue-becada-por-colciencias-para-hacer-doctorado-en-ciencias-biomedicas-en-la-universidad-del-norte\/#respond\"]}]},{\"@type\":\"WebPage\",\"@id\":\"https:\/\/ds-barranquilla.org\/de\/profesora-de-biologia-de-nuestro-colegio-fue-becada-por-colciencias-para-hacer-doctorado-en-ciencias-biomedicas-en-la-universidad-del-norte\/\",\"url\":\"https:\/\/ds-barranquilla.org\/de\/profesora-de-biologia-de-nuestro-colegio-fue-becada-por-colciencias-para-hacer-doctorado-en-ciencias-biomedicas-en-la-universidad-del-norte\/\",\"name\":\"Profesora de Biolog\u00eda de nuestro colegio fue becada por Colciencias para hacer doctorado en Ciencias Bi\u00f3medicas en la Universidad del Norte - 2026\",\"isPartOf\":{\"@id\":\"https:\/\/ds-barranquilla.org\/#website\"},\"primaryImageOfPage\":{\"@id\":\"https:\/\/ds-barranquilla.org\/de\/profesora-de-biologia-de-nuestro-colegio-fue-becada-por-colciencias-para-hacer-doctorado-en-ciencias-biomedicas-en-la-universidad-del-norte\/#primaryimage\"},\"image\":{\"@id\":\"https:\/\/ds-barranquilla.org\/de\/profesora-de-biologia-de-nuestro-colegio-fue-becada-por-colciencias-para-hacer-doctorado-en-ciencias-biomedicas-en-la-universidad-del-norte\/#primaryimage\"},\"thumbnailUrl\":\"https:\/\/ds-barranquilla.org\/wp-content\/uploads\/2020\/07\/Profesora-de-Biolog\u00eda-de-nuestro-colegio-fue-becada-por-Colciencias-para-hacer-doctorado-en-Ciencias-Bi\u00f3medicas-en-la-Universidad-del-Norte.jpg\",\"datePublished\":\"2020-01-31T20:11:39+00:00\",\"dateModified\":\"2023-01-04T19:39:19+00:00\",\"breadcrumb\":{\"@id\":\"https:\/\/ds-barranquilla.org\/de\/profesora-de-biologia-de-nuestro-colegio-fue-becada-por-colciencias-para-hacer-doctorado-en-ciencias-biomedicas-en-la-universidad-del-norte\/#breadcrumb\"},\"inLanguage\":\"de\",\"potentialAction\":[{\"@type\":\"ReadAction\",\"target\":[\"https:\/\/ds-barranquilla.org\/de\/profesora-de-biologia-de-nuestro-colegio-fue-becada-por-colciencias-para-hacer-doctorado-en-ciencias-biomedicas-en-la-universidad-del-norte\/\"]}]},{\"@type\":\"ImageObject\",\"inLanguage\":\"de\",\"@id\":\"https:\/\/ds-barranquilla.org\/de\/profesora-de-biologia-de-nuestro-colegio-fue-becada-por-colciencias-para-hacer-doctorado-en-ciencias-biomedicas-en-la-universidad-del-norte\/#primaryimage\",\"url\":\"https:\/\/ds-barranquilla.org\/wp-content\/uploads\/2020\/07\/Profesora-de-Biolog\u00eda-de-nuestro-colegio-fue-becada-por-Colciencias-para-hacer-doctorado-en-Ciencias-Bi\u00f3medicas-en-la-Universidad-del-Norte.jpg\",\"contentUrl\":\"https:\/\/ds-barranquilla.org\/wp-content\/uploads\/2020\/07\/Profesora-de-Biolog\u00eda-de-nuestro-colegio-fue-becada-por-Colciencias-para-hacer-doctorado-en-Ciencias-Bi\u00f3medicas-en-la-Universidad-del-Norte.jpg\",\"width\":584,\"height\":251},{\"@type\":\"BreadcrumbList\",\"@id\":\"https:\/\/ds-barranquilla.org\/de\/profesora-de-biologia-de-nuestro-colegio-fue-becada-por-colciencias-para-hacer-doctorado-en-ciencias-biomedicas-en-la-universidad-del-norte\/#breadcrumb\",\"itemListElement\":[{\"@type\":\"ListItem\",\"position\":1,\"name\":\"Portada\",\"item\":\"https:\/\/ds-barranquilla.org\/\"},{\"@type\":\"ListItem\",\"position\":2,\"name\":\"Profesora de Biolog\u00eda de nuestro colegio fue becada por Colciencias para hacer doctorado en Ciencias Bi\u00f3medicas en la Universidad del Norte\"}]},{\"@type\":\"WebSite\",\"@id\":\"https:\/\/ds-barranquilla.org\/#website\",\"url\":\"https:\/\/ds-barranquilla.org\/\",\"name\":\"Colegio Alem\u00e1n - Los Mejores Colegios de Colombia - Colegio Triling\u00fce\",\"description\":\"Colegio Alem\u00e1n  Barranquilla Colombia - Colegio Biling\u00fce - Triling\u00fce - El Mejor Colegio de Colombia\",\"publisher\":{\"@id\":\"https:\/\/ds-barranquilla.org\/#organization\"},\"potentialAction\":[{\"@type\":\"SearchAction\",\"target\":{\"@type\":\"EntryPoint\",\"urlTemplate\":\"https:\/\/ds-barranquilla.org\/?s={search_term_string}\"},\"query-input\":\"required name=search_term_string\"}],\"inLanguage\":\"de\"},{\"@type\":\"Organization\",\"@id\":\"https:\/\/ds-barranquilla.org\/#organization\",\"name\":\"Colegio Alem\u00e1n Barranquilla\",\"url\":\"https:\/\/ds-barranquilla.org\/\",\"logo\":{\"@type\":\"ImageObject\",\"inLanguage\":\"de\",\"@id\":\"https:\/\/ds-barranquilla.org\/#\/schema\/logo\/image\/\",\"url\":\"https:\/\/ds-barranquilla.org\/wp-content\/uploads\/2021\/05\/coleman_logo_2.png\",\"contentUrl\":\"https:\/\/ds-barranquilla.org\/wp-content\/uploads\/2021\/05\/coleman_logo_2.png\",\"width\":418,\"height\":307,\"caption\":\"Colegio Alem\u00e1n Barranquilla\"},\"image\":{\"@id\":\"https:\/\/ds-barranquilla.org\/#\/schema\/logo\/image\/\"},\"sameAs\":[\"https:\/\/www.facebook.com\/ColegioAlemanBaq\/\",\"https:\/\/x.com\/ColegioAlemanBq\",\"https:\/\/www.instagram.com\/colegioalemanbaq\/\",\"https:\/\/www.linkedin.com\/school\/deutsche-schule-barranquilla\/\",\"https:\/\/www.youtube.com\/channel\/UCOOGZQCVs6aYRqIWvSN5agQ\"]},{\"@type\":\"Person\",\"@id\":\"https:\/\/ds-barranquilla.org\/#\/schema\/person\/7bf8790ba89d3480e0551241ccdc8d36\",\"name\":\"Comunicaciones Comunicaciones\",\"image\":{\"@type\":\"ImageObject\",\"inLanguage\":\"de\",\"@id\":\"https:\/\/ds-barranquilla.org\/#\/schema\/person\/image\/\",\"url\":\"https:\/\/secure.gravatar.com\/avatar\/a66ba9484a4338d81d6bea750e595038?s=96&d=mm&r=g\",\"contentUrl\":\"https:\/\/secure.gravatar.com\/avatar\/a66ba9484a4338d81d6bea750e595038?s=96&d=mm&r=g\",\"caption\":\"Comunicaciones Comunicaciones\"}}]}<\/script>\n<!-- \/ Yoast SEO plugin. -->","yoast_head_json":{"title":"Profesora de Biolog\u00eda de nuestro colegio fue becada por Colciencias para hacer doctorado en Ciencias Bi\u00f3medicas en la Universidad del Norte - 2026","robots":{"index":"noindex","follow":"follow","max-snippet":"max-snippet:-1","max-image-preview":"max-image-preview:large","max-video-preview":"max-video-preview:-1"},"og_locale":"de_DE","og_type":"article","og_title":"Profesora de Biolog\u00eda de nuestro colegio fue becada por Colciencias para hacer doctorado en Ciencias Bi\u00f3medicas en la Universidad del Norte - 2026","og_description":"creado\u00a0por Jos\u00e9 R\u00edos Mercado La profesora de Ciencias Naturales y Biolog\u00eda Experimental IB de nuestro colegio,\u00a0Lilybeth\u00a0Mart\u00ednez, fue becada por Colciencias para hacer un doctorado en Ciencias [\u2026]","og_url":"https:\/\/ds-barranquilla.org\/de\/profesora-de-biologia-de-nuestro-colegio-fue-becada-por-colciencias-para-hacer-doctorado-en-ciencias-biomedicas-en-la-universidad-del-norte\/","og_site_name":"Colegio Alem\u00e1n - Los Mejores Colegios de Colombia - Colegio Triling\u00fce","article_publisher":"https:\/\/www.facebook.com\/ColegioAlemanBaq\/","article_published_time":"2020-01-31T20:11:39+00:00","article_modified_time":"2023-01-04T19:39:19+00:00","og_image":[{"width":584,"height":251,"url":"https:\/\/ds-barranquilla.org\/wp-content\/uploads\/2020\/07\/Profesora-de-Biolog\u00eda-de-nuestro-colegio-fue-becada-por-Colciencias-para-hacer-doctorado-en-Ciencias-Bi\u00f3medicas-en-la-Universidad-del-Norte.jpg","type":"image\/jpeg"}],"author":"Comunicaciones Comunicaciones","twitter_card":"summary_large_image","twitter_creator":"@ColegioAlemanBq","twitter_site":"@ColegioAlemanBq","twitter_misc":{"Verfasst von":"Comunicaciones Comunicaciones","Gesch\u00e4tzte Lesezeit":"2\u00a0Minuten"},"schema":{"@context":"https:\/\/schema.org","@graph":[{"@type":"Article","@id":"https:\/\/ds-barranquilla.org\/de\/profesora-de-biologia-de-nuestro-colegio-fue-becada-por-colciencias-para-hacer-doctorado-en-ciencias-biomedicas-en-la-universidad-del-norte\/#article","isPartOf":{"@id":"https:\/\/ds-barranquilla.org\/de\/profesora-de-biologia-de-nuestro-colegio-fue-becada-por-colciencias-para-hacer-doctorado-en-ciencias-biomedicas-en-la-universidad-del-norte\/"},"author":{"name":"Comunicaciones Comunicaciones","@id":"https:\/\/ds-barranquilla.org\/#\/schema\/person\/7bf8790ba89d3480e0551241ccdc8d36"},"headline":"Profesora de Biolog\u00eda de nuestro colegio fue becada por Colciencias para hacer doctorado en Ciencias Bi\u00f3medicas en la Universidad del Norte","datePublished":"2020-01-31T20:11:39+00:00","dateModified":"2023-01-04T19:39:19+00:00","mainEntityOfPage":{"@id":"https:\/\/ds-barranquilla.org\/de\/profesora-de-biologia-de-nuestro-colegio-fue-becada-por-colciencias-para-hacer-doctorado-en-ciencias-biomedicas-en-la-universidad-del-norte\/"},"wordCount":373,"commentCount":0,"publisher":{"@id":"https:\/\/ds-barranquilla.org\/#organization"},"image":{"@id":"https:\/\/ds-barranquilla.org\/de\/profesora-de-biologia-de-nuestro-colegio-fue-becada-por-colciencias-para-hacer-doctorado-en-ciencias-biomedicas-en-la-universidad-del-norte\/#primaryimage"},"thumbnailUrl":"https:\/\/ds-barranquilla.org\/wp-content\/uploads\/2020\/07\/Profesora-de-Biolog\u00eda-de-nuestro-colegio-fue-becada-por-Colciencias-para-hacer-doctorado-en-Ciencias-Bi\u00f3medicas-en-la-Universidad-del-Norte.jpg","keywords":["2020","Biolog\u00eda","Profesores"],"articleSection":["2020","\u00c1rea de Ciencias","Bachillerato Internacional"],"inLanguage":"de","potentialAction":[{"@type":"CommentAction","name":"Comment","target":["https:\/\/ds-barranquilla.org\/de\/profesora-de-biologia-de-nuestro-colegio-fue-becada-por-colciencias-para-hacer-doctorado-en-ciencias-biomedicas-en-la-universidad-del-norte\/#respond"]}]},{"@type":"WebPage","@id":"https:\/\/ds-barranquilla.org\/de\/profesora-de-biologia-de-nuestro-colegio-fue-becada-por-colciencias-para-hacer-doctorado-en-ciencias-biomedicas-en-la-universidad-del-norte\/","url":"https:\/\/ds-barranquilla.org\/de\/profesora-de-biologia-de-nuestro-colegio-fue-becada-por-colciencias-para-hacer-doctorado-en-ciencias-biomedicas-en-la-universidad-del-norte\/","name":"Profesora de Biolog\u00eda de nuestro colegio fue becada por Colciencias para hacer doctorado en Ciencias Bi\u00f3medicas en la Universidad del Norte - 2026","isPartOf":{"@id":"https:\/\/ds-barranquilla.org\/#website"},"primaryImageOfPage":{"@id":"https:\/\/ds-barranquilla.org\/de\/profesora-de-biologia-de-nuestro-colegio-fue-becada-por-colciencias-para-hacer-doctorado-en-ciencias-biomedicas-en-la-universidad-del-norte\/#primaryimage"},"image":{"@id":"https:\/\/ds-barranquilla.org\/de\/profesora-de-biologia-de-nuestro-colegio-fue-becada-por-colciencias-para-hacer-doctorado-en-ciencias-biomedicas-en-la-universidad-del-norte\/#primaryimage"},"thumbnailUrl":"https:\/\/ds-barranquilla.org\/wp-content\/uploads\/2020\/07\/Profesora-de-Biolog\u00eda-de-nuestro-colegio-fue-becada-por-Colciencias-para-hacer-doctorado-en-Ciencias-Bi\u00f3medicas-en-la-Universidad-del-Norte.jpg","datePublished":"2020-01-31T20:11:39+00:00","dateModified":"2023-01-04T19:39:19+00:00","breadcrumb":{"@id":"https:\/\/ds-barranquilla.org\/de\/profesora-de-biologia-de-nuestro-colegio-fue-becada-por-colciencias-para-hacer-doctorado-en-ciencias-biomedicas-en-la-universidad-del-norte\/#breadcrumb"},"inLanguage":"de","potentialAction":[{"@type":"ReadAction","target":["https:\/\/ds-barranquilla.org\/de\/profesora-de-biologia-de-nuestro-colegio-fue-becada-por-colciencias-para-hacer-doctorado-en-ciencias-biomedicas-en-la-universidad-del-norte\/"]}]},{"@type":"ImageObject","inLanguage":"de","@id":"https:\/\/ds-barranquilla.org\/de\/profesora-de-biologia-de-nuestro-colegio-fue-becada-por-colciencias-para-hacer-doctorado-en-ciencias-biomedicas-en-la-universidad-del-norte\/#primaryimage","url":"https:\/\/ds-barranquilla.org\/wp-content\/uploads\/2020\/07\/Profesora-de-Biolog\u00eda-de-nuestro-colegio-fue-becada-por-Colciencias-para-hacer-doctorado-en-Ciencias-Bi\u00f3medicas-en-la-Universidad-del-Norte.jpg","contentUrl":"https:\/\/ds-barranquilla.org\/wp-content\/uploads\/2020\/07\/Profesora-de-Biolog\u00eda-de-nuestro-colegio-fue-becada-por-Colciencias-para-hacer-doctorado-en-Ciencias-Bi\u00f3medicas-en-la-Universidad-del-Norte.jpg","width":584,"height":251},{"@type":"BreadcrumbList","@id":"https:\/\/ds-barranquilla.org\/de\/profesora-de-biologia-de-nuestro-colegio-fue-becada-por-colciencias-para-hacer-doctorado-en-ciencias-biomedicas-en-la-universidad-del-norte\/#breadcrumb","itemListElement":[{"@type":"ListItem","position":1,"name":"Portada","item":"https:\/\/ds-barranquilla.org\/"},{"@type":"ListItem","position":2,"name":"Profesora de Biolog\u00eda de nuestro colegio fue becada por Colciencias para hacer doctorado en Ciencias Bi\u00f3medicas en la Universidad del Norte"}]},{"@type":"WebSite","@id":"https:\/\/ds-barranquilla.org\/#website","url":"https:\/\/ds-barranquilla.org\/","name":"Colegio Alem\u00e1n - Los Mejores Colegios de Colombia - Colegio Triling\u00fce","description":"Colegio Alem\u00e1n  Barranquilla Colombia - Colegio Biling\u00fce - Triling\u00fce - El Mejor Colegio de Colombia","publisher":{"@id":"https:\/\/ds-barranquilla.org\/#organization"},"potentialAction":[{"@type":"SearchAction","target":{"@type":"EntryPoint","urlTemplate":"https:\/\/ds-barranquilla.org\/?s={search_term_string}"},"query-input":"required name=search_term_string"}],"inLanguage":"de"},{"@type":"Organization","@id":"https:\/\/ds-barranquilla.org\/#organization","name":"Colegio Alem\u00e1n Barranquilla","url":"https:\/\/ds-barranquilla.org\/","logo":{"@type":"ImageObject","inLanguage":"de","@id":"https:\/\/ds-barranquilla.org\/#\/schema\/logo\/image\/","url":"https:\/\/ds-barranquilla.org\/wp-content\/uploads\/2021\/05\/coleman_logo_2.png","contentUrl":"https:\/\/ds-barranquilla.org\/wp-content\/uploads\/2021\/05\/coleman_logo_2.png","width":418,"height":307,"caption":"Colegio Alem\u00e1n Barranquilla"},"image":{"@id":"https:\/\/ds-barranquilla.org\/#\/schema\/logo\/image\/"},"sameAs":["https:\/\/www.facebook.com\/ColegioAlemanBaq\/","https:\/\/x.com\/ColegioAlemanBq","https:\/\/www.instagram.com\/colegioalemanbaq\/","https:\/\/www.linkedin.com\/school\/deutsche-schule-barranquilla\/","https:\/\/www.youtube.com\/channel\/UCOOGZQCVs6aYRqIWvSN5agQ"]},{"@type":"Person","@id":"https:\/\/ds-barranquilla.org\/#\/schema\/person\/7bf8790ba89d3480e0551241ccdc8d36","name":"Comunicaciones Comunicaciones","image":{"@type":"ImageObject","inLanguage":"de","@id":"https:\/\/ds-barranquilla.org\/#\/schema\/person\/image\/","url":"https:\/\/secure.gravatar.com\/avatar\/a66ba9484a4338d81d6bea750e595038?s=96&d=mm&r=g","contentUrl":"https:\/\/secure.gravatar.com\/avatar\/a66ba9484a4338d81d6bea750e595038?s=96&d=mm&r=g","caption":"Comunicaciones Comunicaciones"}}]}},"_links":{"self":[{"href":"https:\/\/ds-barranquilla.org\/de\/wp-json\/wp\/v2\/posts\/5067"}],"collection":[{"href":"https:\/\/ds-barranquilla.org\/de\/wp-json\/wp\/v2\/posts"}],"about":[{"href":"https:\/\/ds-barranquilla.org\/de\/wp-json\/wp\/v2\/types\/post"}],"author":[{"embeddable":true,"href":"https:\/\/ds-barranquilla.org\/de\/wp-json\/wp\/v2\/users\/16"}],"replies":[{"embeddable":true,"href":"https:\/\/ds-barranquilla.org\/de\/wp-json\/wp\/v2\/comments?post=5067"}],"version-history":[{"count":1,"href":"https:\/\/ds-barranquilla.org\/de\/wp-json\/wp\/v2\/posts\/5067\/revisions"}],"predecessor-version":[{"id":5069,"href":"https:\/\/ds-barranquilla.org\/de\/wp-json\/wp\/v2\/posts\/5067\/revisions\/5069"}],"wp:featuredmedia":[{"embeddable":true,"href":"https:\/\/ds-barranquilla.org\/de\/wp-json\/wp\/v2\/media\/5068"}],"wp:attachment":[{"href":"https:\/\/ds-barranquilla.org\/de\/wp-json\/wp\/v2\/media?parent=5067"}],"wp:term":[{"taxonomy":"category","embeddable":true,"href":"https:\/\/ds-barranquilla.org\/de\/wp-json\/wp\/v2\/categories?post=5067"},{"taxonomy":"post_tag","embeddable":true,"href":"https:\/\/ds-barranquilla.org\/de\/wp-json\/wp\/v2\/tags?post=5067"}],"curies":[{"name":"wp","href":"https:\/\/api.w.org\/{rel}","templated":true}]}}