{"id":5133,"date":"2020-02-07T17:07:25","date_gmt":"2020-02-07T22:07:25","guid":{"rendered":"https:\/\/ds-barranquilla.org\/?p=5133"},"modified":"2023-01-04T14:37:44","modified_gmt":"2023-01-04T19:37:44","slug":"nuestra-comunidad-vibro-con-la-guacherna-infantil","status":"publish","type":"post","link":"https:\/\/ds-barranquilla.org\/de\/nuestra-comunidad-vibro-con-la-guacherna-infantil\/","title":{"rendered":"Nuestra comunidad vibr\u00f3 con La Guacherna Infantil"},"content":{"rendered":"<p><span class=\"TextRun SCXW181731106 BCX0\" lang=\"ES-CO\" xml:lang=\"ES-CO\" data-contrast=\"none\"><span class=\"NormalTextRun SCXW181731106 BCX0\">\u202f<\/span><\/span><span class=\"TextRun SCXW181731106 BCX0\" lang=\"ES-CO\" xml:lang=\"ES-CO\" data-contrast=\"none\"><span class=\"NormalTextRun SCXW181731106 BCX0\">creado<\/span><\/span><span class=\"TextRun SCXW181731106 BCX0\" lang=\"ES-CO\" xml:lang=\"ES-CO\" data-contrast=\"none\"><span class=\"NormalTextRun SCXW181731106 BCX0\">\u00a0por Jos\u00e9 R\u00edos Mercado<\/span><\/span><\/p>\n<p>Los padres de familia acudieron desde bien temprano al parqueadero de nuestro colegio para no perderse uno de los eventos m\u00e1s importantes del Carnaval: La Guacherna Infantil. El colorido espect\u00e1culo, que arranc\u00f3 a las 8:30 am., fue el espacio donde los peque\u00f1os de Kindergarten y las Klassen 1 y 2, no s\u00f3lo desfilaron con sus disfraces, sino que bailaron y gozaron cada uno de los ritmos interpretados por los grupos musicales que los acompa\u00f1aron.<\/p>\n<p>Junto a ellos tambi\u00e9n desfilaron por el rumb\u00f3dromo los Reyes Infantiles del Carnaval de Barranquilla 2020: Miranda Torres e Isaac Rodr\u00edguez, quienes junto a los Reyes de la Secundaria de nuestra instituci\u00f3n, contagiaron al p\u00fablico asistente al son de las tamboras y los millos.El recorrido termin\u00f3 en la plataforma de la Administraci\u00f3n, donde los ni\u00f1os aprovecharon la ocasi\u00f3n para tomarse fotos con los soberanos de la fiesta barranquillera.<\/p>\n<p>El cantante de San Marcos (Sucre), Juan Pi\u00f1a, fue el encargado de cerrar con broche de oro el evento al interpretar grandes \u00e9xitos como \u2018La luna de Barranquilla\u2019, \u2018La Tumbacatre\u2019, entre otros. La Guacherna Infantil es otra de las actividades enmarcadas en el proyecto \u2018Cultura y Carnaval\u2019 de nuestro colegio.<\/p>\n<p>&gt;&gt;&gt; M\u00e1s fotos<\/p>","protected":false},"excerpt":{"rendered":"<p>\u202fcreado\u00a0por Jos\u00e9 R\u00edos Mercado Los padres de familia acudieron desde bien temprano al parqueadero de nuestro colegio para no perderse uno de los eventos m\u00e1s importantes<span class=\"excerpt-hellip\"> [\u2026]<\/span><\/p>","protected":false},"author":16,"featured_media":5134,"comment_status":"open","ping_status":"open","sticky":false,"template":"","format":"standard","meta":{"_exactmetrics_skip_tracking":false,"_exactmetrics_sitenote_active":false,"_exactmetrics_sitenote_note":"","_exactmetrics_sitenote_category":0,"_joinchat":[],"footnotes":""},"categories":[680,690,677],"tags":[471,459,483,431],"class_list":["post-5133","post","type-post","status-publish","format-standard","has-post-thumbnail","hentry","category-680","category-area-de-lengua-y-literatura","category-kindergarten","tag-471","tag-kindergarten","tag-muisca","tag-primaria"],"yoast_head":"<!-- This site is optimized with the Yoast SEO plugin v23.3 - https:\/\/yoast.com\/wordpress\/plugins\/seo\/ -->\n<title>Nuestra comunidad vibr\u00f3 con La Guacherna Infantil - 2026<\/title>\n<meta name=\"robots\" content=\"noindex, follow, max-snippet:-1, max-image-preview:large, max-video-preview:-1\" \/>\n<meta property=\"og:locale\" content=\"de_DE\" \/>\n<meta property=\"og:type\" content=\"article\" \/>\n<meta property=\"og:title\" content=\"Nuestra comunidad vibr\u00f3 con La Guacherna Infantil - 2026\" \/>\n<meta property=\"og:description\" content=\"\u202fcreado\u00a0por Jos\u00e9 R\u00edos Mercado Los padres de familia acudieron desde bien temprano al parqueadero de nuestro colegio para no perderse uno de los eventos m\u00e1s importantes [\u2026]\" \/>\n<meta property=\"og:url\" content=\"https:\/\/ds-barranquilla.org\/de\/nuestra-comunidad-vibro-con-la-guacherna-infantil\/\" \/>\n<meta property=\"og:site_name\" content=\"Colegio Alem\u00e1n - Los Mejores Colegios de Colombia - Colegio Triling\u00fce\" \/>\n<meta property=\"article:publisher\" content=\"https:\/\/www.facebook.com\/ColegioAlemanBaq\/\" \/>\n<meta property=\"article:published_time\" content=\"2020-02-07T22:07:25+00:00\" \/>\n<meta property=\"article:modified_time\" content=\"2023-01-04T19:37:44+00:00\" \/>\n<meta property=\"og:image\" content=\"https:\/\/ds-barranquilla.org\/wp-content\/uploads\/2020\/07\/Nuestra-comunidad-vibr\u00f3-con-La-Guacherna-Infantil.jpg\" \/>\n\t<meta property=\"og:image:width\" content=\"597\" \/>\n\t<meta property=\"og:image:height\" content=\"275\" \/>\n\t<meta property=\"og:image:type\" content=\"image\/jpeg\" \/>\n<meta name=\"author\" content=\"Comunicaciones Comunicaciones\" \/>\n<meta name=\"twitter:card\" content=\"summary_large_image\" \/>\n<meta name=\"twitter:creator\" content=\"@ColegioAlemanBq\" \/>\n<meta name=\"twitter:site\" content=\"@ColegioAlemanBq\" \/>\n<meta name=\"twitter:label1\" content=\"Verfasst von\" \/>\n\t<meta name=\"twitter:data1\" content=\"Comunicaciones Comunicaciones\" \/>\n\t<meta name=\"twitter:label2\" content=\"Gesch\u00e4tzte Lesezeit\" \/>\n\t<meta name=\"twitter:data2\" content=\"1\u00a0Minute\" \/>\n<script type=\"application\/ld+json\" class=\"yoast-schema-graph\">{\"@context\":\"https:\/\/schema.org\",\"@graph\":[{\"@type\":\"Article\",\"@id\":\"https:\/\/ds-barranquilla.org\/de\/nuestra-comunidad-vibro-con-la-guacherna-infantil\/#article\",\"isPartOf\":{\"@id\":\"https:\/\/ds-barranquilla.org\/de\/nuestra-comunidad-vibro-con-la-guacherna-infantil\/\"},\"author\":{\"name\":\"Comunicaciones Comunicaciones\",\"@id\":\"https:\/\/ds-barranquilla.org\/#\/schema\/person\/7bf8790ba89d3480e0551241ccdc8d36\"},\"headline\":\"Nuestra comunidad vibr\u00f3 con La Guacherna Infantil\",\"datePublished\":\"2020-02-07T22:07:25+00:00\",\"dateModified\":\"2023-01-04T19:37:44+00:00\",\"mainEntityOfPage\":{\"@id\":\"https:\/\/ds-barranquilla.org\/de\/nuestra-comunidad-vibro-con-la-guacherna-infantil\/\"},\"wordCount\":222,\"commentCount\":0,\"publisher\":{\"@id\":\"https:\/\/ds-barranquilla.org\/#organization\"},\"image\":{\"@id\":\"https:\/\/ds-barranquilla.org\/de\/nuestra-comunidad-vibro-con-la-guacherna-infantil\/#primaryimage\"},\"thumbnailUrl\":\"https:\/\/ds-barranquilla.org\/wp-content\/uploads\/2020\/07\/Nuestra-comunidad-vibr\u00f3-con-La-Guacherna-Infantil.jpg\",\"keywords\":[\"2020\",\"Kindergarten\",\"Muisca\",\"Primaria\"],\"articleSection\":[\"2020\",\"\u00c1rea de Lengua y Literatura\",\"Kindergarten\"],\"inLanguage\":\"de\",\"potentialAction\":[{\"@type\":\"CommentAction\",\"name\":\"Comment\",\"target\":[\"https:\/\/ds-barranquilla.org\/de\/nuestra-comunidad-vibro-con-la-guacherna-infantil\/#respond\"]}]},{\"@type\":\"WebPage\",\"@id\":\"https:\/\/ds-barranquilla.org\/de\/nuestra-comunidad-vibro-con-la-guacherna-infantil\/\",\"url\":\"https:\/\/ds-barranquilla.org\/de\/nuestra-comunidad-vibro-con-la-guacherna-infantil\/\",\"name\":\"Nuestra comunidad vibr\u00f3 con La Guacherna Infantil - 2026\",\"isPartOf\":{\"@id\":\"https:\/\/ds-barranquilla.org\/#website\"},\"primaryImageOfPage\":{\"@id\":\"https:\/\/ds-barranquilla.org\/de\/nuestra-comunidad-vibro-con-la-guacherna-infantil\/#primaryimage\"},\"image\":{\"@id\":\"https:\/\/ds-barranquilla.org\/de\/nuestra-comunidad-vibro-con-la-guacherna-infantil\/#primaryimage\"},\"thumbnailUrl\":\"https:\/\/ds-barranquilla.org\/wp-content\/uploads\/2020\/07\/Nuestra-comunidad-vibr\u00f3-con-La-Guacherna-Infantil.jpg\",\"datePublished\":\"2020-02-07T22:07:25+00:00\",\"dateModified\":\"2023-01-04T19:37:44+00:00\",\"breadcrumb\":{\"@id\":\"https:\/\/ds-barranquilla.org\/de\/nuestra-comunidad-vibro-con-la-guacherna-infantil\/#breadcrumb\"},\"inLanguage\":\"de\",\"potentialAction\":[{\"@type\":\"ReadAction\",\"target\":[\"https:\/\/ds-barranquilla.org\/de\/nuestra-comunidad-vibro-con-la-guacherna-infantil\/\"]}]},{\"@type\":\"ImageObject\",\"inLanguage\":\"de\",\"@id\":\"https:\/\/ds-barranquilla.org\/de\/nuestra-comunidad-vibro-con-la-guacherna-infantil\/#primaryimage\",\"url\":\"https:\/\/ds-barranquilla.org\/wp-content\/uploads\/2020\/07\/Nuestra-comunidad-vibr\u00f3-con-La-Guacherna-Infantil.jpg\",\"contentUrl\":\"https:\/\/ds-barranquilla.org\/wp-content\/uploads\/2020\/07\/Nuestra-comunidad-vibr\u00f3-con-La-Guacherna-Infantil.jpg\",\"width\":597,\"height\":275},{\"@type\":\"BreadcrumbList\",\"@id\":\"https:\/\/ds-barranquilla.org\/de\/nuestra-comunidad-vibro-con-la-guacherna-infantil\/#breadcrumb\",\"itemListElement\":[{\"@type\":\"ListItem\",\"position\":1,\"name\":\"Portada\",\"item\":\"https:\/\/ds-barranquilla.org\/\"},{\"@type\":\"ListItem\",\"position\":2,\"name\":\"Nuestra comunidad vibr\u00f3 con La Guacherna Infantil\"}]},{\"@type\":\"WebSite\",\"@id\":\"https:\/\/ds-barranquilla.org\/#website\",\"url\":\"https:\/\/ds-barranquilla.org\/\",\"name\":\"Colegio Alem\u00e1n - Los Mejores Colegios de Colombia - Colegio Triling\u00fce\",\"description\":\"Colegio Alem\u00e1n  Barranquilla Colombia - Colegio Biling\u00fce - Triling\u00fce - El Mejor Colegio de Colombia\",\"publisher\":{\"@id\":\"https:\/\/ds-barranquilla.org\/#organization\"},\"potentialAction\":[{\"@type\":\"SearchAction\",\"target\":{\"@type\":\"EntryPoint\",\"urlTemplate\":\"https:\/\/ds-barranquilla.org\/?s={search_term_string}\"},\"query-input\":\"required name=search_term_string\"}],\"inLanguage\":\"de\"},{\"@type\":\"Organization\",\"@id\":\"https:\/\/ds-barranquilla.org\/#organization\",\"name\":\"Colegio Alem\u00e1n Barranquilla\",\"url\":\"https:\/\/ds-barranquilla.org\/\",\"logo\":{\"@type\":\"ImageObject\",\"inLanguage\":\"de\",\"@id\":\"https:\/\/ds-barranquilla.org\/#\/schema\/logo\/image\/\",\"url\":\"https:\/\/ds-barranquilla.org\/wp-content\/uploads\/2021\/05\/coleman_logo_2.png\",\"contentUrl\":\"https:\/\/ds-barranquilla.org\/wp-content\/uploads\/2021\/05\/coleman_logo_2.png\",\"width\":418,\"height\":307,\"caption\":\"Colegio Alem\u00e1n Barranquilla\"},\"image\":{\"@id\":\"https:\/\/ds-barranquilla.org\/#\/schema\/logo\/image\/\"},\"sameAs\":[\"https:\/\/www.facebook.com\/ColegioAlemanBaq\/\",\"https:\/\/x.com\/ColegioAlemanBq\",\"https:\/\/www.instagram.com\/colegioalemanbaq\/\",\"https:\/\/www.linkedin.com\/school\/deutsche-schule-barranquilla\/\",\"https:\/\/www.youtube.com\/channel\/UCOOGZQCVs6aYRqIWvSN5agQ\"]},{\"@type\":\"Person\",\"@id\":\"https:\/\/ds-barranquilla.org\/#\/schema\/person\/7bf8790ba89d3480e0551241ccdc8d36\",\"name\":\"Comunicaciones Comunicaciones\",\"image\":{\"@type\":\"ImageObject\",\"inLanguage\":\"de\",\"@id\":\"https:\/\/ds-barranquilla.org\/#\/schema\/person\/image\/\",\"url\":\"https:\/\/secure.gravatar.com\/avatar\/a66ba9484a4338d81d6bea750e595038?s=96&d=mm&r=g\",\"contentUrl\":\"https:\/\/secure.gravatar.com\/avatar\/a66ba9484a4338d81d6bea750e595038?s=96&d=mm&r=g\",\"caption\":\"Comunicaciones Comunicaciones\"}}]}<\/script>\n<!-- \/ Yoast SEO plugin. -->","yoast_head_json":{"title":"Nuestra comunidad vibr\u00f3 con La Guacherna Infantil - 2026","robots":{"index":"noindex","follow":"follow","max-snippet":"max-snippet:-1","max-image-preview":"max-image-preview:large","max-video-preview":"max-video-preview:-1"},"og_locale":"de_DE","og_type":"article","og_title":"Nuestra comunidad vibr\u00f3 con La Guacherna Infantil - 2026","og_description":"\u202fcreado\u00a0por Jos\u00e9 R\u00edos Mercado Los padres de familia acudieron desde bien temprano al parqueadero de nuestro colegio para no perderse uno de los eventos m\u00e1s importantes [\u2026]","og_url":"https:\/\/ds-barranquilla.org\/de\/nuestra-comunidad-vibro-con-la-guacherna-infantil\/","og_site_name":"Colegio Alem\u00e1n - Los Mejores Colegios de Colombia - Colegio Triling\u00fce","article_publisher":"https:\/\/www.facebook.com\/ColegioAlemanBaq\/","article_published_time":"2020-02-07T22:07:25+00:00","article_modified_time":"2023-01-04T19:37:44+00:00","og_image":[{"width":597,"height":275,"url":"https:\/\/ds-barranquilla.org\/wp-content\/uploads\/2020\/07\/Nuestra-comunidad-vibr\u00f3-con-La-Guacherna-Infantil.jpg","type":"image\/jpeg"}],"author":"Comunicaciones Comunicaciones","twitter_card":"summary_large_image","twitter_creator":"@ColegioAlemanBq","twitter_site":"@ColegioAlemanBq","twitter_misc":{"Verfasst von":"Comunicaciones Comunicaciones","Gesch\u00e4tzte Lesezeit":"1\u00a0Minute"},"schema":{"@context":"https:\/\/schema.org","@graph":[{"@type":"Article","@id":"https:\/\/ds-barranquilla.org\/de\/nuestra-comunidad-vibro-con-la-guacherna-infantil\/#article","isPartOf":{"@id":"https:\/\/ds-barranquilla.org\/de\/nuestra-comunidad-vibro-con-la-guacherna-infantil\/"},"author":{"name":"Comunicaciones Comunicaciones","@id":"https:\/\/ds-barranquilla.org\/#\/schema\/person\/7bf8790ba89d3480e0551241ccdc8d36"},"headline":"Nuestra comunidad vibr\u00f3 con La Guacherna Infantil","datePublished":"2020-02-07T22:07:25+00:00","dateModified":"2023-01-04T19:37:44+00:00","mainEntityOfPage":{"@id":"https:\/\/ds-barranquilla.org\/de\/nuestra-comunidad-vibro-con-la-guacherna-infantil\/"},"wordCount":222,"commentCount":0,"publisher":{"@id":"https:\/\/ds-barranquilla.org\/#organization"},"image":{"@id":"https:\/\/ds-barranquilla.org\/de\/nuestra-comunidad-vibro-con-la-guacherna-infantil\/#primaryimage"},"thumbnailUrl":"https:\/\/ds-barranquilla.org\/wp-content\/uploads\/2020\/07\/Nuestra-comunidad-vibr\u00f3-con-La-Guacherna-Infantil.jpg","keywords":["2020","Kindergarten","Muisca","Primaria"],"articleSection":["2020","\u00c1rea de Lengua y Literatura","Kindergarten"],"inLanguage":"de","potentialAction":[{"@type":"CommentAction","name":"Comment","target":["https:\/\/ds-barranquilla.org\/de\/nuestra-comunidad-vibro-con-la-guacherna-infantil\/#respond"]}]},{"@type":"WebPage","@id":"https:\/\/ds-barranquilla.org\/de\/nuestra-comunidad-vibro-con-la-guacherna-infantil\/","url":"https:\/\/ds-barranquilla.org\/de\/nuestra-comunidad-vibro-con-la-guacherna-infantil\/","name":"Nuestra comunidad vibr\u00f3 con La Guacherna Infantil - 2026","isPartOf":{"@id":"https:\/\/ds-barranquilla.org\/#website"},"primaryImageOfPage":{"@id":"https:\/\/ds-barranquilla.org\/de\/nuestra-comunidad-vibro-con-la-guacherna-infantil\/#primaryimage"},"image":{"@id":"https:\/\/ds-barranquilla.org\/de\/nuestra-comunidad-vibro-con-la-guacherna-infantil\/#primaryimage"},"thumbnailUrl":"https:\/\/ds-barranquilla.org\/wp-content\/uploads\/2020\/07\/Nuestra-comunidad-vibr\u00f3-con-La-Guacherna-Infantil.jpg","datePublished":"2020-02-07T22:07:25+00:00","dateModified":"2023-01-04T19:37:44+00:00","breadcrumb":{"@id":"https:\/\/ds-barranquilla.org\/de\/nuestra-comunidad-vibro-con-la-guacherna-infantil\/#breadcrumb"},"inLanguage":"de","potentialAction":[{"@type":"ReadAction","target":["https:\/\/ds-barranquilla.org\/de\/nuestra-comunidad-vibro-con-la-guacherna-infantil\/"]}]},{"@type":"ImageObject","inLanguage":"de","@id":"https:\/\/ds-barranquilla.org\/de\/nuestra-comunidad-vibro-con-la-guacherna-infantil\/#primaryimage","url":"https:\/\/ds-barranquilla.org\/wp-content\/uploads\/2020\/07\/Nuestra-comunidad-vibr\u00f3-con-La-Guacherna-Infantil.jpg","contentUrl":"https:\/\/ds-barranquilla.org\/wp-content\/uploads\/2020\/07\/Nuestra-comunidad-vibr\u00f3-con-La-Guacherna-Infantil.jpg","width":597,"height":275},{"@type":"BreadcrumbList","@id":"https:\/\/ds-barranquilla.org\/de\/nuestra-comunidad-vibro-con-la-guacherna-infantil\/#breadcrumb","itemListElement":[{"@type":"ListItem","position":1,"name":"Portada","item":"https:\/\/ds-barranquilla.org\/"},{"@type":"ListItem","position":2,"name":"Nuestra comunidad vibr\u00f3 con La Guacherna Infantil"}]},{"@type":"WebSite","@id":"https:\/\/ds-barranquilla.org\/#website","url":"https:\/\/ds-barranquilla.org\/","name":"Colegio Alem\u00e1n - Los Mejores Colegios de Colombia - Colegio Triling\u00fce","description":"Colegio Alem\u00e1n  Barranquilla Colombia - Colegio Biling\u00fce - Triling\u00fce - El Mejor Colegio de Colombia","publisher":{"@id":"https:\/\/ds-barranquilla.org\/#organization"},"potentialAction":[{"@type":"SearchAction","target":{"@type":"EntryPoint","urlTemplate":"https:\/\/ds-barranquilla.org\/?s={search_term_string}"},"query-input":"required name=search_term_string"}],"inLanguage":"de"},{"@type":"Organization","@id":"https:\/\/ds-barranquilla.org\/#organization","name":"Colegio Alem\u00e1n Barranquilla","url":"https:\/\/ds-barranquilla.org\/","logo":{"@type":"ImageObject","inLanguage":"de","@id":"https:\/\/ds-barranquilla.org\/#\/schema\/logo\/image\/","url":"https:\/\/ds-barranquilla.org\/wp-content\/uploads\/2021\/05\/coleman_logo_2.png","contentUrl":"https:\/\/ds-barranquilla.org\/wp-content\/uploads\/2021\/05\/coleman_logo_2.png","width":418,"height":307,"caption":"Colegio Alem\u00e1n Barranquilla"},"image":{"@id":"https:\/\/ds-barranquilla.org\/#\/schema\/logo\/image\/"},"sameAs":["https:\/\/www.facebook.com\/ColegioAlemanBaq\/","https:\/\/x.com\/ColegioAlemanBq","https:\/\/www.instagram.com\/colegioalemanbaq\/","https:\/\/www.linkedin.com\/school\/deutsche-schule-barranquilla\/","https:\/\/www.youtube.com\/channel\/UCOOGZQCVs6aYRqIWvSN5agQ"]},{"@type":"Person","@id":"https:\/\/ds-barranquilla.org\/#\/schema\/person\/7bf8790ba89d3480e0551241ccdc8d36","name":"Comunicaciones Comunicaciones","image":{"@type":"ImageObject","inLanguage":"de","@id":"https:\/\/ds-barranquilla.org\/#\/schema\/person\/image\/","url":"https:\/\/secure.gravatar.com\/avatar\/a66ba9484a4338d81d6bea750e595038?s=96&d=mm&r=g","contentUrl":"https:\/\/secure.gravatar.com\/avatar\/a66ba9484a4338d81d6bea750e595038?s=96&d=mm&r=g","caption":"Comunicaciones Comunicaciones"}}]}},"_links":{"self":[{"href":"https:\/\/ds-barranquilla.org\/de\/wp-json\/wp\/v2\/posts\/5133"}],"collection":[{"href":"https:\/\/ds-barranquilla.org\/de\/wp-json\/wp\/v2\/posts"}],"about":[{"href":"https:\/\/ds-barranquilla.org\/de\/wp-json\/wp\/v2\/types\/post"}],"author":[{"embeddable":true,"href":"https:\/\/ds-barranquilla.org\/de\/wp-json\/wp\/v2\/users\/16"}],"replies":[{"embeddable":true,"href":"https:\/\/ds-barranquilla.org\/de\/wp-json\/wp\/v2\/comments?post=5133"}],"version-history":[{"count":1,"href":"https:\/\/ds-barranquilla.org\/de\/wp-json\/wp\/v2\/posts\/5133\/revisions"}],"predecessor-version":[{"id":5135,"href":"https:\/\/ds-barranquilla.org\/de\/wp-json\/wp\/v2\/posts\/5133\/revisions\/5135"}],"wp:featuredmedia":[{"embeddable":true,"href":"https:\/\/ds-barranquilla.org\/de\/wp-json\/wp\/v2\/media\/5134"}],"wp:attachment":[{"href":"https:\/\/ds-barranquilla.org\/de\/wp-json\/wp\/v2\/media?parent=5133"}],"wp:term":[{"taxonomy":"category","embeddable":true,"href":"https:\/\/ds-barranquilla.org\/de\/wp-json\/wp\/v2\/categories?post=5133"},{"taxonomy":"post_tag","embeddable":true,"href":"https:\/\/ds-barranquilla.org\/de\/wp-json\/wp\/v2\/tags?post=5133"}],"curies":[{"name":"wp","href":"https:\/\/api.w.org\/{rel}","templated":true}]}}