{"id":5277,"date":"2020-04-09T10:51:21","date_gmt":"2020-04-09T15:51:21","guid":{"rendered":"https:\/\/ds-barranquilla.org\/?p=5277"},"modified":"2023-01-04T14:33:15","modified_gmt":"2023-01-04T19:33:15","slug":"nuestra-comunidad-escolar-vivio-la-pascua-en-sus-hogares","status":"publish","type":"post","link":"https:\/\/ds-barranquilla.org\/de\/nuestra-comunidad-escolar-vivio-la-pascua-en-sus-hogares\/","title":{"rendered":"Nuestra comunidad escolar vivi\u00f3 la Pascua en sus hogares"},"content":{"rendered":"<p><span class=\"TextRun  BCX0 SCXW220839226\" lang=\"ES-CO\" xml:lang=\"ES-CO\" data-contrast=\"none\"><span class=\"NormalTextRun  BCX0 SCXW220839226\">\u202f<\/span><\/span><span class=\"TextRun  BCX0 SCXW220839226\" lang=\"ES-CO\" xml:lang=\"ES-CO\" data-contrast=\"none\"><span class=\"NormalTextRun  BCX0 SCXW220839226\">creado<\/span><\/span><span class=\"TextRun  BCX0 SCXW220839226\" lang=\"ES-CO\" xml:lang=\"ES-CO\" data-contrast=\"none\"><span class=\"NormalTextRun  BCX0 SCXW220839226\">\u00a0por Jos\u00e9 R\u00edos Mercado\u00a0<\/span><\/span><\/p>\n<p><span data-contrast=\"none\">La \u00e9poca de Pascua siempre ha sido muy especial en el Colegio Alem\u00e1n de Barranquilla pues conmemora la celebraci\u00f3n\u202fque se lleva a cabo anualmente en Alemania a la llegada de la primavera.\u202fPor eso para este a\u00f1o, queriendo seguir con esta tradici\u00f3n,\u202fse\u202fdesarrollaron varias actividades culturales para que desde casa la comunidad escolar compartiera en familia, dej\u00e1ndose contagiar de esta manera por el esp\u00edritu de esta fiesta.<\/span><span data-ccp-props=\"{&quot;201341983&quot;:0,&quot;335559739&quot;:180,&quot;335559740&quot;:240}\">\u00a0<\/span><\/p>\n<p><span data-contrast=\"none\">La elaboraci\u00f3n de artesan\u00edas, la lectura de poemas y textos, las manualidades, la pintura de cuadros,\u202fla\u202fconsulta de p\u00e1ginas en la web y la\u202fobservaci\u00f3n de videos, fueron las\u202factividades\u202frealizadas por nuestros estudiantes en sus hogares\u202fpara\u202fconocer m\u00e1s sobre esta celebraci\u00f3n\u202fque tiene una gran importancia para la Familia\u202fColegio Alem\u00e1n.<\/span><span data-ccp-props=\"{&quot;201341983&quot;:0,&quot;335559739&quot;:180,&quot;335559740&quot;:240}\">\u00a0<\/span><\/p>\n<p><span data-contrast=\"none\">Adicionalmente, a trav\u00e9s de nuestras redes sociales, se program\u00f3 una actividad con\u202fnuestra profesora de\u00a0<\/span><span data-contrast=\"none\">Prek\u00ednder<\/span><span data-contrast=\"none\">\u00a0y Extracurriculares de Cocina, Diana Gaviria, quien nos comparti\u00f3 su receta\u202fde\u00a0<\/span><span data-contrast=\"none\">brownies<\/span><span data-contrast=\"none\">\u202fpara que en\u00a0<\/span><span data-contrast=\"none\">el hogar grandes y peque\u00f1os<\/span><span data-contrast=\"none\">\u00a0los pudieran elaborar.<\/span><span data-ccp-props=\"{&quot;201341983&quot;:0,&quot;335559739&quot;:180,&quot;335559740&quot;:240}\">\u00a0<\/span><\/p>\n<p><span data-ccp-props=\"{&quot;201341983&quot;:0,&quot;335559739&quot;:160,&quot;335559740&quot;:259}\">\u00a0<\/span><\/p>","protected":false},"excerpt":{"rendered":"<p>\u202fcreado\u00a0por Jos\u00e9 R\u00edos Mercado\u00a0 La \u00e9poca de Pascua siempre ha sido muy especial en el Colegio Alem\u00e1n de Barranquilla pues conmemora la celebraci\u00f3n\u202fque se lleva a<span class=\"excerpt-hellip\"> [\u2026]<\/span><\/p>","protected":false},"author":16,"featured_media":5278,"comment_status":"open","ping_status":"open","sticky":false,"template":"","format":"standard","meta":{"_exactmetrics_skip_tracking":false,"_exactmetrics_sitenote_active":false,"_exactmetrics_sitenote_note":"","_exactmetrics_sitenote_category":0,"_joinchat":[],"footnotes":""},"categories":[680,673,674],"tags":[471,432,459,431,450,443],"class_list":["post-5277","post","type-post","status-publish","format-standard","has-post-thumbnail","hentry","category-680","category-area-de-aleman","category-lengua-y-cultura-alemana","tag-471","tag-aleman","tag-kindergarten","tag-primaria","tag-profesores","tag-secundaria"],"yoast_head":"<!-- This site is optimized with the Yoast SEO plugin v23.3 - https:\/\/yoast.com\/wordpress\/plugins\/seo\/ -->\n<title>Nuestra comunidad escolar vivi\u00f3 la Pascua en sus hogares - 2026<\/title>\n<meta name=\"robots\" content=\"noindex, follow, max-snippet:-1, max-image-preview:large, max-video-preview:-1\" \/>\n<meta property=\"og:locale\" content=\"de_DE\" \/>\n<meta property=\"og:type\" content=\"article\" \/>\n<meta property=\"og:title\" content=\"Nuestra comunidad escolar vivi\u00f3 la Pascua en sus hogares - 2026\" \/>\n<meta property=\"og:description\" content=\"\u202fcreado\u00a0por Jos\u00e9 R\u00edos Mercado\u00a0 La \u00e9poca de Pascua siempre ha sido muy especial en el Colegio Alem\u00e1n de Barranquilla pues conmemora la celebraci\u00f3n\u202fque se lleva a [\u2026]\" \/>\n<meta property=\"og:url\" content=\"https:\/\/ds-barranquilla.org\/de\/nuestra-comunidad-escolar-vivio-la-pascua-en-sus-hogares\/\" \/>\n<meta property=\"og:site_name\" content=\"Colegio Alem\u00e1n - Los Mejores Colegios de Colombia - Colegio Triling\u00fce\" \/>\n<meta property=\"article:publisher\" content=\"https:\/\/www.facebook.com\/ColegioAlemanBaq\/\" \/>\n<meta property=\"article:published_time\" content=\"2020-04-09T15:51:21+00:00\" \/>\n<meta property=\"article:modified_time\" content=\"2023-01-04T19:33:15+00:00\" \/>\n<meta property=\"og:image\" content=\"https:\/\/ds-barranquilla.org\/wp-content\/uploads\/2020\/07\/Nuestra-comunidad-escolar-vivi\u00f3-la-Pascua-en-sus-hogares.jpg\" \/>\n\t<meta property=\"og:image:width\" content=\"466\" \/>\n\t<meta property=\"og:image:height\" content=\"207\" \/>\n\t<meta property=\"og:image:type\" content=\"image\/jpeg\" \/>\n<meta name=\"author\" content=\"Comunicaciones Comunicaciones\" \/>\n<meta name=\"twitter:card\" content=\"summary_large_image\" \/>\n<meta name=\"twitter:creator\" content=\"@ColegioAlemanBq\" \/>\n<meta name=\"twitter:site\" content=\"@ColegioAlemanBq\" \/>\n<meta name=\"twitter:label1\" content=\"Verfasst von\" \/>\n\t<meta name=\"twitter:data1\" content=\"Comunicaciones Comunicaciones\" \/>\n\t<meta name=\"twitter:label2\" content=\"Gesch\u00e4tzte Lesezeit\" \/>\n\t<meta name=\"twitter:data2\" content=\"1\u00a0Minute\" \/>\n<script type=\"application\/ld+json\" class=\"yoast-schema-graph\">{\"@context\":\"https:\/\/schema.org\",\"@graph\":[{\"@type\":\"Article\",\"@id\":\"https:\/\/ds-barranquilla.org\/de\/nuestra-comunidad-escolar-vivio-la-pascua-en-sus-hogares\/#article\",\"isPartOf\":{\"@id\":\"https:\/\/ds-barranquilla.org\/de\/nuestra-comunidad-escolar-vivio-la-pascua-en-sus-hogares\/\"},\"author\":{\"name\":\"Comunicaciones Comunicaciones\",\"@id\":\"https:\/\/ds-barranquilla.org\/#\/schema\/person\/7bf8790ba89d3480e0551241ccdc8d36\"},\"headline\":\"Nuestra comunidad escolar vivi\u00f3 la Pascua en sus hogares\",\"datePublished\":\"2020-04-09T15:51:21+00:00\",\"dateModified\":\"2023-01-04T19:33:15+00:00\",\"mainEntityOfPage\":{\"@id\":\"https:\/\/ds-barranquilla.org\/de\/nuestra-comunidad-escolar-vivio-la-pascua-en-sus-hogares\/\"},\"wordCount\":194,\"commentCount\":0,\"publisher\":{\"@id\":\"https:\/\/ds-barranquilla.org\/#organization\"},\"image\":{\"@id\":\"https:\/\/ds-barranquilla.org\/de\/nuestra-comunidad-escolar-vivio-la-pascua-en-sus-hogares\/#primaryimage\"},\"thumbnailUrl\":\"https:\/\/ds-barranquilla.org\/wp-content\/uploads\/2020\/07\/Nuestra-comunidad-escolar-vivi\u00f3-la-Pascua-en-sus-hogares.jpg\",\"keywords\":[\"2020\",\"Alem\u00e1n\",\"Kindergarten\",\"Primaria\",\"Profesores\",\"secundaria\"],\"articleSection\":[\"2020\",\"\u00c1rea de Alem\u00e1n\",\"Lengua y Cultura Alemana\"],\"inLanguage\":\"de\",\"potentialAction\":[{\"@type\":\"CommentAction\",\"name\":\"Comment\",\"target\":[\"https:\/\/ds-barranquilla.org\/de\/nuestra-comunidad-escolar-vivio-la-pascua-en-sus-hogares\/#respond\"]}]},{\"@type\":\"WebPage\",\"@id\":\"https:\/\/ds-barranquilla.org\/de\/nuestra-comunidad-escolar-vivio-la-pascua-en-sus-hogares\/\",\"url\":\"https:\/\/ds-barranquilla.org\/de\/nuestra-comunidad-escolar-vivio-la-pascua-en-sus-hogares\/\",\"name\":\"Nuestra comunidad escolar vivi\u00f3 la Pascua en sus hogares - 2026\",\"isPartOf\":{\"@id\":\"https:\/\/ds-barranquilla.org\/#website\"},\"primaryImageOfPage\":{\"@id\":\"https:\/\/ds-barranquilla.org\/de\/nuestra-comunidad-escolar-vivio-la-pascua-en-sus-hogares\/#primaryimage\"},\"image\":{\"@id\":\"https:\/\/ds-barranquilla.org\/de\/nuestra-comunidad-escolar-vivio-la-pascua-en-sus-hogares\/#primaryimage\"},\"thumbnailUrl\":\"https:\/\/ds-barranquilla.org\/wp-content\/uploads\/2020\/07\/Nuestra-comunidad-escolar-vivi\u00f3-la-Pascua-en-sus-hogares.jpg\",\"datePublished\":\"2020-04-09T15:51:21+00:00\",\"dateModified\":\"2023-01-04T19:33:15+00:00\",\"breadcrumb\":{\"@id\":\"https:\/\/ds-barranquilla.org\/de\/nuestra-comunidad-escolar-vivio-la-pascua-en-sus-hogares\/#breadcrumb\"},\"inLanguage\":\"de\",\"potentialAction\":[{\"@type\":\"ReadAction\",\"target\":[\"https:\/\/ds-barranquilla.org\/de\/nuestra-comunidad-escolar-vivio-la-pascua-en-sus-hogares\/\"]}]},{\"@type\":\"ImageObject\",\"inLanguage\":\"de\",\"@id\":\"https:\/\/ds-barranquilla.org\/de\/nuestra-comunidad-escolar-vivio-la-pascua-en-sus-hogares\/#primaryimage\",\"url\":\"https:\/\/ds-barranquilla.org\/wp-content\/uploads\/2020\/07\/Nuestra-comunidad-escolar-vivi\u00f3-la-Pascua-en-sus-hogares.jpg\",\"contentUrl\":\"https:\/\/ds-barranquilla.org\/wp-content\/uploads\/2020\/07\/Nuestra-comunidad-escolar-vivi\u00f3-la-Pascua-en-sus-hogares.jpg\",\"width\":466,\"height\":207},{\"@type\":\"BreadcrumbList\",\"@id\":\"https:\/\/ds-barranquilla.org\/de\/nuestra-comunidad-escolar-vivio-la-pascua-en-sus-hogares\/#breadcrumb\",\"itemListElement\":[{\"@type\":\"ListItem\",\"position\":1,\"name\":\"Portada\",\"item\":\"https:\/\/ds-barranquilla.org\/\"},{\"@type\":\"ListItem\",\"position\":2,\"name\":\"Nuestra comunidad escolar vivi\u00f3 la Pascua en sus hogares\"}]},{\"@type\":\"WebSite\",\"@id\":\"https:\/\/ds-barranquilla.org\/#website\",\"url\":\"https:\/\/ds-barranquilla.org\/\",\"name\":\"Colegio Alem\u00e1n - Los Mejores Colegios de Colombia - Colegio Triling\u00fce\",\"description\":\"Colegio Alem\u00e1n  Barranquilla Colombia - Colegio Biling\u00fce - Triling\u00fce - El Mejor Colegio de Colombia\",\"publisher\":{\"@id\":\"https:\/\/ds-barranquilla.org\/#organization\"},\"potentialAction\":[{\"@type\":\"SearchAction\",\"target\":{\"@type\":\"EntryPoint\",\"urlTemplate\":\"https:\/\/ds-barranquilla.org\/?s={search_term_string}\"},\"query-input\":\"required name=search_term_string\"}],\"inLanguage\":\"de\"},{\"@type\":\"Organization\",\"@id\":\"https:\/\/ds-barranquilla.org\/#organization\",\"name\":\"Colegio Alem\u00e1n Barranquilla\",\"url\":\"https:\/\/ds-barranquilla.org\/\",\"logo\":{\"@type\":\"ImageObject\",\"inLanguage\":\"de\",\"@id\":\"https:\/\/ds-barranquilla.org\/#\/schema\/logo\/image\/\",\"url\":\"https:\/\/ds-barranquilla.org\/wp-content\/uploads\/2021\/05\/coleman_logo_2.png\",\"contentUrl\":\"https:\/\/ds-barranquilla.org\/wp-content\/uploads\/2021\/05\/coleman_logo_2.png\",\"width\":418,\"height\":307,\"caption\":\"Colegio Alem\u00e1n Barranquilla\"},\"image\":{\"@id\":\"https:\/\/ds-barranquilla.org\/#\/schema\/logo\/image\/\"},\"sameAs\":[\"https:\/\/www.facebook.com\/ColegioAlemanBaq\/\",\"https:\/\/x.com\/ColegioAlemanBq\",\"https:\/\/www.instagram.com\/colegioalemanbaq\/\",\"https:\/\/www.linkedin.com\/school\/deutsche-schule-barranquilla\/\",\"https:\/\/www.youtube.com\/channel\/UCOOGZQCVs6aYRqIWvSN5agQ\"]},{\"@type\":\"Person\",\"@id\":\"https:\/\/ds-barranquilla.org\/#\/schema\/person\/7bf8790ba89d3480e0551241ccdc8d36\",\"name\":\"Comunicaciones Comunicaciones\",\"image\":{\"@type\":\"ImageObject\",\"inLanguage\":\"de\",\"@id\":\"https:\/\/ds-barranquilla.org\/#\/schema\/person\/image\/\",\"url\":\"https:\/\/secure.gravatar.com\/avatar\/a66ba9484a4338d81d6bea750e595038?s=96&d=mm&r=g\",\"contentUrl\":\"https:\/\/secure.gravatar.com\/avatar\/a66ba9484a4338d81d6bea750e595038?s=96&d=mm&r=g\",\"caption\":\"Comunicaciones Comunicaciones\"}}]}<\/script>\n<!-- \/ Yoast SEO plugin. -->","yoast_head_json":{"title":"Nuestra comunidad escolar vivi\u00f3 la Pascua en sus hogares - 2026","robots":{"index":"noindex","follow":"follow","max-snippet":"max-snippet:-1","max-image-preview":"max-image-preview:large","max-video-preview":"max-video-preview:-1"},"og_locale":"de_DE","og_type":"article","og_title":"Nuestra comunidad escolar vivi\u00f3 la Pascua en sus hogares - 2026","og_description":"\u202fcreado\u00a0por Jos\u00e9 R\u00edos Mercado\u00a0 La \u00e9poca de Pascua siempre ha sido muy especial en el Colegio Alem\u00e1n de Barranquilla pues conmemora la celebraci\u00f3n\u202fque se lleva a [\u2026]","og_url":"https:\/\/ds-barranquilla.org\/de\/nuestra-comunidad-escolar-vivio-la-pascua-en-sus-hogares\/","og_site_name":"Colegio Alem\u00e1n - Los Mejores Colegios de Colombia - Colegio Triling\u00fce","article_publisher":"https:\/\/www.facebook.com\/ColegioAlemanBaq\/","article_published_time":"2020-04-09T15:51:21+00:00","article_modified_time":"2023-01-04T19:33:15+00:00","og_image":[{"width":466,"height":207,"url":"https:\/\/ds-barranquilla.org\/wp-content\/uploads\/2020\/07\/Nuestra-comunidad-escolar-vivi\u00f3-la-Pascua-en-sus-hogares.jpg","type":"image\/jpeg"}],"author":"Comunicaciones Comunicaciones","twitter_card":"summary_large_image","twitter_creator":"@ColegioAlemanBq","twitter_site":"@ColegioAlemanBq","twitter_misc":{"Verfasst von":"Comunicaciones Comunicaciones","Gesch\u00e4tzte Lesezeit":"1\u00a0Minute"},"schema":{"@context":"https:\/\/schema.org","@graph":[{"@type":"Article","@id":"https:\/\/ds-barranquilla.org\/de\/nuestra-comunidad-escolar-vivio-la-pascua-en-sus-hogares\/#article","isPartOf":{"@id":"https:\/\/ds-barranquilla.org\/de\/nuestra-comunidad-escolar-vivio-la-pascua-en-sus-hogares\/"},"author":{"name":"Comunicaciones Comunicaciones","@id":"https:\/\/ds-barranquilla.org\/#\/schema\/person\/7bf8790ba89d3480e0551241ccdc8d36"},"headline":"Nuestra comunidad escolar vivi\u00f3 la Pascua en sus hogares","datePublished":"2020-04-09T15:51:21+00:00","dateModified":"2023-01-04T19:33:15+00:00","mainEntityOfPage":{"@id":"https:\/\/ds-barranquilla.org\/de\/nuestra-comunidad-escolar-vivio-la-pascua-en-sus-hogares\/"},"wordCount":194,"commentCount":0,"publisher":{"@id":"https:\/\/ds-barranquilla.org\/#organization"},"image":{"@id":"https:\/\/ds-barranquilla.org\/de\/nuestra-comunidad-escolar-vivio-la-pascua-en-sus-hogares\/#primaryimage"},"thumbnailUrl":"https:\/\/ds-barranquilla.org\/wp-content\/uploads\/2020\/07\/Nuestra-comunidad-escolar-vivi\u00f3-la-Pascua-en-sus-hogares.jpg","keywords":["2020","Alem\u00e1n","Kindergarten","Primaria","Profesores","secundaria"],"articleSection":["2020","\u00c1rea de Alem\u00e1n","Lengua y Cultura Alemana"],"inLanguage":"de","potentialAction":[{"@type":"CommentAction","name":"Comment","target":["https:\/\/ds-barranquilla.org\/de\/nuestra-comunidad-escolar-vivio-la-pascua-en-sus-hogares\/#respond"]}]},{"@type":"WebPage","@id":"https:\/\/ds-barranquilla.org\/de\/nuestra-comunidad-escolar-vivio-la-pascua-en-sus-hogares\/","url":"https:\/\/ds-barranquilla.org\/de\/nuestra-comunidad-escolar-vivio-la-pascua-en-sus-hogares\/","name":"Nuestra comunidad escolar vivi\u00f3 la Pascua en sus hogares - 2026","isPartOf":{"@id":"https:\/\/ds-barranquilla.org\/#website"},"primaryImageOfPage":{"@id":"https:\/\/ds-barranquilla.org\/de\/nuestra-comunidad-escolar-vivio-la-pascua-en-sus-hogares\/#primaryimage"},"image":{"@id":"https:\/\/ds-barranquilla.org\/de\/nuestra-comunidad-escolar-vivio-la-pascua-en-sus-hogares\/#primaryimage"},"thumbnailUrl":"https:\/\/ds-barranquilla.org\/wp-content\/uploads\/2020\/07\/Nuestra-comunidad-escolar-vivi\u00f3-la-Pascua-en-sus-hogares.jpg","datePublished":"2020-04-09T15:51:21+00:00","dateModified":"2023-01-04T19:33:15+00:00","breadcrumb":{"@id":"https:\/\/ds-barranquilla.org\/de\/nuestra-comunidad-escolar-vivio-la-pascua-en-sus-hogares\/#breadcrumb"},"inLanguage":"de","potentialAction":[{"@type":"ReadAction","target":["https:\/\/ds-barranquilla.org\/de\/nuestra-comunidad-escolar-vivio-la-pascua-en-sus-hogares\/"]}]},{"@type":"ImageObject","inLanguage":"de","@id":"https:\/\/ds-barranquilla.org\/de\/nuestra-comunidad-escolar-vivio-la-pascua-en-sus-hogares\/#primaryimage","url":"https:\/\/ds-barranquilla.org\/wp-content\/uploads\/2020\/07\/Nuestra-comunidad-escolar-vivi\u00f3-la-Pascua-en-sus-hogares.jpg","contentUrl":"https:\/\/ds-barranquilla.org\/wp-content\/uploads\/2020\/07\/Nuestra-comunidad-escolar-vivi\u00f3-la-Pascua-en-sus-hogares.jpg","width":466,"height":207},{"@type":"BreadcrumbList","@id":"https:\/\/ds-barranquilla.org\/de\/nuestra-comunidad-escolar-vivio-la-pascua-en-sus-hogares\/#breadcrumb","itemListElement":[{"@type":"ListItem","position":1,"name":"Portada","item":"https:\/\/ds-barranquilla.org\/"},{"@type":"ListItem","position":2,"name":"Nuestra comunidad escolar vivi\u00f3 la Pascua en sus hogares"}]},{"@type":"WebSite","@id":"https:\/\/ds-barranquilla.org\/#website","url":"https:\/\/ds-barranquilla.org\/","name":"Colegio Alem\u00e1n - Los Mejores Colegios de Colombia - Colegio Triling\u00fce","description":"Colegio Alem\u00e1n  Barranquilla Colombia - Colegio Biling\u00fce - Triling\u00fce - El Mejor Colegio de Colombia","publisher":{"@id":"https:\/\/ds-barranquilla.org\/#organization"},"potentialAction":[{"@type":"SearchAction","target":{"@type":"EntryPoint","urlTemplate":"https:\/\/ds-barranquilla.org\/?s={search_term_string}"},"query-input":"required name=search_term_string"}],"inLanguage":"de"},{"@type":"Organization","@id":"https:\/\/ds-barranquilla.org\/#organization","name":"Colegio Alem\u00e1n Barranquilla","url":"https:\/\/ds-barranquilla.org\/","logo":{"@type":"ImageObject","inLanguage":"de","@id":"https:\/\/ds-barranquilla.org\/#\/schema\/logo\/image\/","url":"https:\/\/ds-barranquilla.org\/wp-content\/uploads\/2021\/05\/coleman_logo_2.png","contentUrl":"https:\/\/ds-barranquilla.org\/wp-content\/uploads\/2021\/05\/coleman_logo_2.png","width":418,"height":307,"caption":"Colegio Alem\u00e1n Barranquilla"},"image":{"@id":"https:\/\/ds-barranquilla.org\/#\/schema\/logo\/image\/"},"sameAs":["https:\/\/www.facebook.com\/ColegioAlemanBaq\/","https:\/\/x.com\/ColegioAlemanBq","https:\/\/www.instagram.com\/colegioalemanbaq\/","https:\/\/www.linkedin.com\/school\/deutsche-schule-barranquilla\/","https:\/\/www.youtube.com\/channel\/UCOOGZQCVs6aYRqIWvSN5agQ"]},{"@type":"Person","@id":"https:\/\/ds-barranquilla.org\/#\/schema\/person\/7bf8790ba89d3480e0551241ccdc8d36","name":"Comunicaciones Comunicaciones","image":{"@type":"ImageObject","inLanguage":"de","@id":"https:\/\/ds-barranquilla.org\/#\/schema\/person\/image\/","url":"https:\/\/secure.gravatar.com\/avatar\/a66ba9484a4338d81d6bea750e595038?s=96&d=mm&r=g","contentUrl":"https:\/\/secure.gravatar.com\/avatar\/a66ba9484a4338d81d6bea750e595038?s=96&d=mm&r=g","caption":"Comunicaciones Comunicaciones"}}]}},"_links":{"self":[{"href":"https:\/\/ds-barranquilla.org\/de\/wp-json\/wp\/v2\/posts\/5277"}],"collection":[{"href":"https:\/\/ds-barranquilla.org\/de\/wp-json\/wp\/v2\/posts"}],"about":[{"href":"https:\/\/ds-barranquilla.org\/de\/wp-json\/wp\/v2\/types\/post"}],"author":[{"embeddable":true,"href":"https:\/\/ds-barranquilla.org\/de\/wp-json\/wp\/v2\/users\/16"}],"replies":[{"embeddable":true,"href":"https:\/\/ds-barranquilla.org\/de\/wp-json\/wp\/v2\/comments?post=5277"}],"version-history":[{"count":1,"href":"https:\/\/ds-barranquilla.org\/de\/wp-json\/wp\/v2\/posts\/5277\/revisions"}],"predecessor-version":[{"id":5280,"href":"https:\/\/ds-barranquilla.org\/de\/wp-json\/wp\/v2\/posts\/5277\/revisions\/5280"}],"wp:featuredmedia":[{"embeddable":true,"href":"https:\/\/ds-barranquilla.org\/de\/wp-json\/wp\/v2\/media\/5278"}],"wp:attachment":[{"href":"https:\/\/ds-barranquilla.org\/de\/wp-json\/wp\/v2\/media?parent=5277"}],"wp:term":[{"taxonomy":"category","embeddable":true,"href":"https:\/\/ds-barranquilla.org\/de\/wp-json\/wp\/v2\/categories?post=5277"},{"taxonomy":"post_tag","embeddable":true,"href":"https:\/\/ds-barranquilla.org\/de\/wp-json\/wp\/v2\/tags?post=5277"}],"curies":[{"name":"wp","href":"https:\/\/api.w.org\/{rel}","templated":true}]}}