{"id":5310,"date":"2020-04-28T14:16:30","date_gmt":"2020-04-28T19:16:30","guid":{"rendered":"https:\/\/ds-barranquilla.org\/?p=5310"},"modified":"2023-01-04T14:23:11","modified_gmt":"2023-01-04T19:23:11","slug":"el-area-de-ciencias-destaca-la-rapida-adaptacion-de-nuestros-estudiantes-al-aprendizaje-en-linea-durante-la-cuarentena","status":"publish","type":"post","link":"https:\/\/ds-barranquilla.org\/de\/el-area-de-ciencias-destaca-la-rapida-adaptacion-de-nuestros-estudiantes-al-aprendizaje-en-linea-durante-la-cuarentena\/","title":{"rendered":"El \u00c1rea de Ciencias destaca la r\u00e1pida adaptaci\u00f3n de nuestros estudiantes al aprendizaje en l\u00ednea durante la cuarentena"},"content":{"rendered":"<p><span class=\"TextRun  BCX0 SCXW214829377\" lang=\"ES-CO\" xml:lang=\"ES-CO\" data-contrast=\"none\"><span class=\"NormalTextRun  BCX0 SCXW214829377\">\u202f<\/span><\/span><span class=\"TextRun  BCX0 SCXW214829377\" lang=\"ES-CO\" xml:lang=\"ES-CO\" data-contrast=\"none\"><span class=\"NormalTextRun  BCX0 SCXW214829377\">creado<\/span><\/span><span class=\"TextRun  BCX0 SCXW214829377\" lang=\"ES-CO\" xml:lang=\"ES-CO\" data-contrast=\"none\"><span class=\"NormalTextRun  BCX0 SCXW214829377\">\u00a0por Jos\u00e9 R\u00edos Mercado<\/span><\/span><\/p>\n<p><span data-contrast=\"none\">Para el \u00c1rea de Ciencias el Aula Virtual se ha constituido en una valiosa herramienta para poder llevar a cabo los encuentros sincr\u00f3nicos y asincr\u00f3nicos con los estudiantes durante el per\u00edodo de aislamiento. A partir de las indicaciones estructuradas por el \u00e1rea cada profesor organiza su material en presentaciones en\u00a0<\/span><span data-contrast=\"none\">Power<\/span><span data-contrast=\"none\">\u00a0Point y\u00a0<\/span><span data-contrast=\"none\">Genially<\/span><span data-contrast=\"none\">\u00a0para poder orientar el proceso de ense\u00f1anza-aprendizaje compartiendo su escritorio e interviniendo en los momentos de una hora de clase.<\/span><span data-ccp-props=\"{&quot;201341983&quot;:0,&quot;335559739&quot;:180,&quot;335559740&quot;:240}\">\u00a0<\/span><\/p>\n<p><span data-contrast=\"none\">\u201cPara propiciar nuevos conocimientos los docentes nos estamos apoyando en actividades interactivas y la reproducci\u00f3n de videos de YouTube, en los cuales se est\u00e1n utilizando otras herramientas como:\u00a0<\/span><span data-contrast=\"none\">Kahoot<\/span><span data-contrast=\"none\">!,\u00a0<\/span><span data-contrast=\"none\">PhET<\/span><span data-contrast=\"none\">\u00a0<\/span><span data-contrast=\"none\">Interactive<\/span><span data-contrast=\"none\">\u00a0<\/span><span data-contrast=\"none\">Simulations<\/span><span data-contrast=\"none\">\u00a0y SCORM \u2013\u00a0<\/span><span data-contrast=\"none\">Hotpotatoes<\/span><span data-contrast=\"none\">, \u00e9ste \u00faltimo usado en la secci\u00f3n de Primaria. Estas herramientas obedecen a las necesidades de los alumnos de acuerdo a la\u00a0<\/span><span data-contrast=\"none\">Klasse<\/span><span data-contrast=\"none\">\u00a0en la que est\u00e1n\u201d, expres\u00f3 la Coordinadora del \u00c1rea de Ciencias,\u00a0<\/span><span data-contrast=\"none\">Yohanna<\/span><span data-contrast=\"none\">\u00a0Garc\u00eda.<\/span><span data-ccp-props=\"{&quot;201341983&quot;:0,&quot;335559739&quot;:180,&quot;335559740&quot;:240}\">\u00a0<\/span><\/p>\n<p><span data-contrast=\"none\">La licenciada en Biolog\u00eda y Qu\u00edmica indic\u00f3 que la evaluaci\u00f3n del proceso de ense\u00f1anza-aprendizaje se hace en l\u00ednea a trav\u00e9s de la herramienta\u00a0<\/span><span data-contrast=\"none\">Forms<\/span><span data-contrast=\"none\">\u00a0y del cuestionario existente en el Aula Virtual. Ella precis\u00f3 que incluso se generan espacios\u00a0<\/span><span data-contrast=\"none\">de interacci\u00f3n profesor-estudiante compartiendo escritorio donde el docente formula preguntas orientadoras a las que el alumno debe dar respuesta en el momento sincr\u00f3nico.<\/span><span data-ccp-props=\"{&quot;201341983&quot;:0,&quot;335559739&quot;:180,&quot;335559740&quot;:240}\">\u00a0<\/span><\/p>\n<p><span data-contrast=\"none\">\u201cQuiero destacar el f\u00e1cil acoplamiento y la adaptaci\u00f3n que han tenido tanto los estudiantes como los profesores ante esta nueva oferta educativa como lo es el aprendizaje en l\u00ednea. Otros aspectos tambi\u00e9n para resaltar son: el compromiso y la disposici\u00f3n de los docentes en cuanto a la organizaci\u00f3n, estructuraci\u00f3n y ejecuci\u00f3n de sus clases en cada encuentro sincr\u00f3nico programado, y por supuesto, la apertura de los alumnos frente a las actividades\u201d, manifest\u00f3\u00a0<\/span><span data-contrast=\"none\">Yohanna<\/span><span data-contrast=\"none\">\u00a0Garc\u00eda.<\/span><span data-ccp-props=\"{&quot;201341983&quot;:0,&quot;335559739&quot;:180,&quot;335559740&quot;:240}\">\u00a0<\/span><\/p>\n<p><span data-contrast=\"none\">El apoyo brindado por los padres de familia es otro de los puntos que destaca la Coordinadora del \u00c1rea de Ciencias, puesto que ha fortalecido este trabajo en equipo. Para ella, el desarrollo de habilidades tecnol\u00f3gicas as\u00ed como la promoci\u00f3n del aprendizaje aut\u00f3nomo e independiente, son aspectos de los que se han beneficiado nuestros estudiantes -clasificados de acuerdo a su rango de edad como \u2018nativos digitales\u2019- durante la cuarentena que afrontan actualmente.<\/span><span data-ccp-props=\"{&quot;201341983&quot;:0,&quot;335559739&quot;:180,&quot;335559740&quot;:240}\">\u00a0<\/span><\/p>\n<p><span data-ccp-props=\"{&quot;201341983&quot;:0,&quot;335559739&quot;:160,&quot;335559740&quot;:259}\">\u00a0<\/span><\/p>","protected":false},"excerpt":{"rendered":"<p>\u202fcreado\u00a0por Jos\u00e9 R\u00edos Mercado Para el \u00c1rea de Ciencias el Aula Virtual se ha constituido en una valiosa herramienta para poder llevar a cabo los encuentros<span class=\"excerpt-hellip\"> [\u2026]<\/span><\/p>","protected":false},"author":16,"featured_media":5311,"comment_status":"open","ping_status":"open","sticky":false,"template":"","format":"standard","meta":{"_exactmetrics_skip_tracking":false,"_exactmetrics_sitenote_active":false,"_exactmetrics_sitenote_note":"","_exactmetrics_sitenote_category":0,"_joinchat":[],"footnotes":""},"categories":[680,686],"tags":[471,446,431,450],"class_list":["post-5310","post","type-post","status-publish","format-standard","has-post-thumbnail","hentry","category-680","category-area-de-ciencias","tag-471","tag-ciencias","tag-primaria","tag-profesores"],"yoast_head":"<!-- This site is optimized with the Yoast SEO plugin v23.3 - https:\/\/yoast.com\/wordpress\/plugins\/seo\/ -->\n<title>El \u00c1rea de Ciencias destaca la r\u00e1pida adaptaci\u00f3n de nuestros estudiantes al aprendizaje en l\u00ednea durante la cuarentena - 2026<\/title>\n<meta name=\"robots\" content=\"noindex, follow, max-snippet:-1, max-image-preview:large, max-video-preview:-1\" \/>\n<meta property=\"og:locale\" content=\"de_DE\" \/>\n<meta property=\"og:type\" content=\"article\" \/>\n<meta property=\"og:title\" content=\"El \u00c1rea de Ciencias destaca la r\u00e1pida adaptaci\u00f3n de nuestros estudiantes al aprendizaje en l\u00ednea durante la cuarentena - 2026\" \/>\n<meta property=\"og:description\" content=\"\u202fcreado\u00a0por Jos\u00e9 R\u00edos Mercado Para el \u00c1rea de Ciencias el Aula Virtual se ha constituido en una valiosa herramienta para poder llevar a cabo los encuentros [\u2026]\" \/>\n<meta property=\"og:url\" content=\"https:\/\/ds-barranquilla.org\/de\/el-area-de-ciencias-destaca-la-rapida-adaptacion-de-nuestros-estudiantes-al-aprendizaje-en-linea-durante-la-cuarentena\/\" \/>\n<meta property=\"og:site_name\" content=\"Colegio Alem\u00e1n - Los Mejores Colegios de Colombia - Colegio Triling\u00fce\" \/>\n<meta property=\"article:publisher\" content=\"https:\/\/www.facebook.com\/ColegioAlemanBaq\/\" \/>\n<meta property=\"article:published_time\" content=\"2020-04-28T19:16:30+00:00\" \/>\n<meta property=\"article:modified_time\" content=\"2023-01-04T19:23:11+00:00\" \/>\n<meta property=\"og:image\" content=\"https:\/\/ds-barranquilla.org\/wp-content\/uploads\/2020\/07\/El-\u00c1rea-de-Ciencias-destaca-la-r\u00e1pida-adaptaci\u00f3n-de-nuestros-estudiantes-al-aprendizaje-en-l\u00ednea-durante-la-cuarentena.jpg\" \/>\n\t<meta property=\"og:image:width\" content=\"603\" \/>\n\t<meta property=\"og:image:height\" content=\"262\" \/>\n\t<meta property=\"og:image:type\" content=\"image\/jpeg\" \/>\n<meta name=\"author\" content=\"Comunicaciones Comunicaciones\" \/>\n<meta name=\"twitter:card\" content=\"summary_large_image\" \/>\n<meta name=\"twitter:creator\" content=\"@ColegioAlemanBq\" \/>\n<meta name=\"twitter:site\" content=\"@ColegioAlemanBq\" \/>\n<meta name=\"twitter:label1\" content=\"Verfasst von\" \/>\n\t<meta name=\"twitter:data1\" content=\"Comunicaciones Comunicaciones\" \/>\n\t<meta name=\"twitter:label2\" content=\"Gesch\u00e4tzte Lesezeit\" \/>\n\t<meta name=\"twitter:data2\" content=\"2\u00a0Minuten\" \/>\n<script type=\"application\/ld+json\" class=\"yoast-schema-graph\">{\"@context\":\"https:\/\/schema.org\",\"@graph\":[{\"@type\":\"Article\",\"@id\":\"https:\/\/ds-barranquilla.org\/de\/el-area-de-ciencias-destaca-la-rapida-adaptacion-de-nuestros-estudiantes-al-aprendizaje-en-linea-durante-la-cuarentena\/#article\",\"isPartOf\":{\"@id\":\"https:\/\/ds-barranquilla.org\/de\/el-area-de-ciencias-destaca-la-rapida-adaptacion-de-nuestros-estudiantes-al-aprendizaje-en-linea-durante-la-cuarentena\/\"},\"author\":{\"name\":\"Comunicaciones Comunicaciones\",\"@id\":\"https:\/\/ds-barranquilla.org\/#\/schema\/person\/7bf8790ba89d3480e0551241ccdc8d36\"},\"headline\":\"El \u00c1rea de Ciencias destaca la r\u00e1pida adaptaci\u00f3n de nuestros estudiantes al aprendizaje en l\u00ednea durante la cuarentena\",\"datePublished\":\"2020-04-28T19:16:30+00:00\",\"dateModified\":\"2023-01-04T19:23:11+00:00\",\"mainEntityOfPage\":{\"@id\":\"https:\/\/ds-barranquilla.org\/de\/el-area-de-ciencias-destaca-la-rapida-adaptacion-de-nuestros-estudiantes-al-aprendizaje-en-linea-durante-la-cuarentena\/\"},\"wordCount\":410,\"commentCount\":0,\"publisher\":{\"@id\":\"https:\/\/ds-barranquilla.org\/#organization\"},\"image\":{\"@id\":\"https:\/\/ds-barranquilla.org\/de\/el-area-de-ciencias-destaca-la-rapida-adaptacion-de-nuestros-estudiantes-al-aprendizaje-en-linea-durante-la-cuarentena\/#primaryimage\"},\"thumbnailUrl\":\"https:\/\/ds-barranquilla.org\/wp-content\/uploads\/2020\/07\/El-\u00c1rea-de-Ciencias-destaca-la-r\u00e1pida-adaptaci\u00f3n-de-nuestros-estudiantes-al-aprendizaje-en-l\u00ednea-durante-la-cuarentena.jpg\",\"keywords\":[\"2020\",\"Ciencias\",\"Primaria\",\"Profesores\"],\"articleSection\":[\"2020\",\"\u00c1rea de Ciencias\"],\"inLanguage\":\"de\",\"potentialAction\":[{\"@type\":\"CommentAction\",\"name\":\"Comment\",\"target\":[\"https:\/\/ds-barranquilla.org\/de\/el-area-de-ciencias-destaca-la-rapida-adaptacion-de-nuestros-estudiantes-al-aprendizaje-en-linea-durante-la-cuarentena\/#respond\"]}]},{\"@type\":\"WebPage\",\"@id\":\"https:\/\/ds-barranquilla.org\/de\/el-area-de-ciencias-destaca-la-rapida-adaptacion-de-nuestros-estudiantes-al-aprendizaje-en-linea-durante-la-cuarentena\/\",\"url\":\"https:\/\/ds-barranquilla.org\/de\/el-area-de-ciencias-destaca-la-rapida-adaptacion-de-nuestros-estudiantes-al-aprendizaje-en-linea-durante-la-cuarentena\/\",\"name\":\"El \u00c1rea de Ciencias destaca la r\u00e1pida adaptaci\u00f3n de nuestros estudiantes al aprendizaje en l\u00ednea durante la cuarentena - 2026\",\"isPartOf\":{\"@id\":\"https:\/\/ds-barranquilla.org\/#website\"},\"primaryImageOfPage\":{\"@id\":\"https:\/\/ds-barranquilla.org\/de\/el-area-de-ciencias-destaca-la-rapida-adaptacion-de-nuestros-estudiantes-al-aprendizaje-en-linea-durante-la-cuarentena\/#primaryimage\"},\"image\":{\"@id\":\"https:\/\/ds-barranquilla.org\/de\/el-area-de-ciencias-destaca-la-rapida-adaptacion-de-nuestros-estudiantes-al-aprendizaje-en-linea-durante-la-cuarentena\/#primaryimage\"},\"thumbnailUrl\":\"https:\/\/ds-barranquilla.org\/wp-content\/uploads\/2020\/07\/El-\u00c1rea-de-Ciencias-destaca-la-r\u00e1pida-adaptaci\u00f3n-de-nuestros-estudiantes-al-aprendizaje-en-l\u00ednea-durante-la-cuarentena.jpg\",\"datePublished\":\"2020-04-28T19:16:30+00:00\",\"dateModified\":\"2023-01-04T19:23:11+00:00\",\"breadcrumb\":{\"@id\":\"https:\/\/ds-barranquilla.org\/de\/el-area-de-ciencias-destaca-la-rapida-adaptacion-de-nuestros-estudiantes-al-aprendizaje-en-linea-durante-la-cuarentena\/#breadcrumb\"},\"inLanguage\":\"de\",\"potentialAction\":[{\"@type\":\"ReadAction\",\"target\":[\"https:\/\/ds-barranquilla.org\/de\/el-area-de-ciencias-destaca-la-rapida-adaptacion-de-nuestros-estudiantes-al-aprendizaje-en-linea-durante-la-cuarentena\/\"]}]},{\"@type\":\"ImageObject\",\"inLanguage\":\"de\",\"@id\":\"https:\/\/ds-barranquilla.org\/de\/el-area-de-ciencias-destaca-la-rapida-adaptacion-de-nuestros-estudiantes-al-aprendizaje-en-linea-durante-la-cuarentena\/#primaryimage\",\"url\":\"https:\/\/ds-barranquilla.org\/wp-content\/uploads\/2020\/07\/El-\u00c1rea-de-Ciencias-destaca-la-r\u00e1pida-adaptaci\u00f3n-de-nuestros-estudiantes-al-aprendizaje-en-l\u00ednea-durante-la-cuarentena.jpg\",\"contentUrl\":\"https:\/\/ds-barranquilla.org\/wp-content\/uploads\/2020\/07\/El-\u00c1rea-de-Ciencias-destaca-la-r\u00e1pida-adaptaci\u00f3n-de-nuestros-estudiantes-al-aprendizaje-en-l\u00ednea-durante-la-cuarentena.jpg\",\"width\":603,\"height\":262},{\"@type\":\"BreadcrumbList\",\"@id\":\"https:\/\/ds-barranquilla.org\/de\/el-area-de-ciencias-destaca-la-rapida-adaptacion-de-nuestros-estudiantes-al-aprendizaje-en-linea-durante-la-cuarentena\/#breadcrumb\",\"itemListElement\":[{\"@type\":\"ListItem\",\"position\":1,\"name\":\"Portada\",\"item\":\"https:\/\/ds-barranquilla.org\/\"},{\"@type\":\"ListItem\",\"position\":2,\"name\":\"El \u00c1rea de Ciencias destaca la r\u00e1pida adaptaci\u00f3n de nuestros estudiantes al aprendizaje en l\u00ednea durante la cuarentena\"}]},{\"@type\":\"WebSite\",\"@id\":\"https:\/\/ds-barranquilla.org\/#website\",\"url\":\"https:\/\/ds-barranquilla.org\/\",\"name\":\"Colegio Alem\u00e1n - Los Mejores Colegios de Colombia - Colegio Triling\u00fce\",\"description\":\"Colegio Alem\u00e1n  Barranquilla Colombia - Colegio Biling\u00fce - Triling\u00fce - El Mejor Colegio de Colombia\",\"publisher\":{\"@id\":\"https:\/\/ds-barranquilla.org\/#organization\"},\"potentialAction\":[{\"@type\":\"SearchAction\",\"target\":{\"@type\":\"EntryPoint\",\"urlTemplate\":\"https:\/\/ds-barranquilla.org\/?s={search_term_string}\"},\"query-input\":\"required name=search_term_string\"}],\"inLanguage\":\"de\"},{\"@type\":\"Organization\",\"@id\":\"https:\/\/ds-barranquilla.org\/#organization\",\"name\":\"Colegio Alem\u00e1n Barranquilla\",\"url\":\"https:\/\/ds-barranquilla.org\/\",\"logo\":{\"@type\":\"ImageObject\",\"inLanguage\":\"de\",\"@id\":\"https:\/\/ds-barranquilla.org\/#\/schema\/logo\/image\/\",\"url\":\"https:\/\/ds-barranquilla.org\/wp-content\/uploads\/2021\/05\/coleman_logo_2.png\",\"contentUrl\":\"https:\/\/ds-barranquilla.org\/wp-content\/uploads\/2021\/05\/coleman_logo_2.png\",\"width\":418,\"height\":307,\"caption\":\"Colegio Alem\u00e1n Barranquilla\"},\"image\":{\"@id\":\"https:\/\/ds-barranquilla.org\/#\/schema\/logo\/image\/\"},\"sameAs\":[\"https:\/\/www.facebook.com\/ColegioAlemanBaq\/\",\"https:\/\/x.com\/ColegioAlemanBq\",\"https:\/\/www.instagram.com\/colegioalemanbaq\/\",\"https:\/\/www.linkedin.com\/school\/deutsche-schule-barranquilla\/\",\"https:\/\/www.youtube.com\/channel\/UCOOGZQCVs6aYRqIWvSN5agQ\"]},{\"@type\":\"Person\",\"@id\":\"https:\/\/ds-barranquilla.org\/#\/schema\/person\/7bf8790ba89d3480e0551241ccdc8d36\",\"name\":\"Comunicaciones Comunicaciones\",\"image\":{\"@type\":\"ImageObject\",\"inLanguage\":\"de\",\"@id\":\"https:\/\/ds-barranquilla.org\/#\/schema\/person\/image\/\",\"url\":\"https:\/\/secure.gravatar.com\/avatar\/a66ba9484a4338d81d6bea750e595038?s=96&d=mm&r=g\",\"contentUrl\":\"https:\/\/secure.gravatar.com\/avatar\/a66ba9484a4338d81d6bea750e595038?s=96&d=mm&r=g\",\"caption\":\"Comunicaciones Comunicaciones\"}}]}<\/script>\n<!-- \/ Yoast SEO plugin. -->","yoast_head_json":{"title":"El \u00c1rea de Ciencias destaca la r\u00e1pida adaptaci\u00f3n de nuestros estudiantes al aprendizaje en l\u00ednea durante la cuarentena - 2026","robots":{"index":"noindex","follow":"follow","max-snippet":"max-snippet:-1","max-image-preview":"max-image-preview:large","max-video-preview":"max-video-preview:-1"},"og_locale":"de_DE","og_type":"article","og_title":"El \u00c1rea de Ciencias destaca la r\u00e1pida adaptaci\u00f3n de nuestros estudiantes al aprendizaje en l\u00ednea durante la cuarentena - 2026","og_description":"\u202fcreado\u00a0por Jos\u00e9 R\u00edos Mercado Para el \u00c1rea de Ciencias el Aula Virtual se ha constituido en una valiosa herramienta para poder llevar a cabo los encuentros [\u2026]","og_url":"https:\/\/ds-barranquilla.org\/de\/el-area-de-ciencias-destaca-la-rapida-adaptacion-de-nuestros-estudiantes-al-aprendizaje-en-linea-durante-la-cuarentena\/","og_site_name":"Colegio Alem\u00e1n - Los Mejores Colegios de Colombia - Colegio Triling\u00fce","article_publisher":"https:\/\/www.facebook.com\/ColegioAlemanBaq\/","article_published_time":"2020-04-28T19:16:30+00:00","article_modified_time":"2023-01-04T19:23:11+00:00","og_image":[{"width":603,"height":262,"url":"https:\/\/ds-barranquilla.org\/wp-content\/uploads\/2020\/07\/El-\u00c1rea-de-Ciencias-destaca-la-r\u00e1pida-adaptaci\u00f3n-de-nuestros-estudiantes-al-aprendizaje-en-l\u00ednea-durante-la-cuarentena.jpg","type":"image\/jpeg"}],"author":"Comunicaciones Comunicaciones","twitter_card":"summary_large_image","twitter_creator":"@ColegioAlemanBq","twitter_site":"@ColegioAlemanBq","twitter_misc":{"Verfasst von":"Comunicaciones Comunicaciones","Gesch\u00e4tzte Lesezeit":"2\u00a0Minuten"},"schema":{"@context":"https:\/\/schema.org","@graph":[{"@type":"Article","@id":"https:\/\/ds-barranquilla.org\/de\/el-area-de-ciencias-destaca-la-rapida-adaptacion-de-nuestros-estudiantes-al-aprendizaje-en-linea-durante-la-cuarentena\/#article","isPartOf":{"@id":"https:\/\/ds-barranquilla.org\/de\/el-area-de-ciencias-destaca-la-rapida-adaptacion-de-nuestros-estudiantes-al-aprendizaje-en-linea-durante-la-cuarentena\/"},"author":{"name":"Comunicaciones Comunicaciones","@id":"https:\/\/ds-barranquilla.org\/#\/schema\/person\/7bf8790ba89d3480e0551241ccdc8d36"},"headline":"El \u00c1rea de Ciencias destaca la r\u00e1pida adaptaci\u00f3n de nuestros estudiantes al aprendizaje en l\u00ednea durante la cuarentena","datePublished":"2020-04-28T19:16:30+00:00","dateModified":"2023-01-04T19:23:11+00:00","mainEntityOfPage":{"@id":"https:\/\/ds-barranquilla.org\/de\/el-area-de-ciencias-destaca-la-rapida-adaptacion-de-nuestros-estudiantes-al-aprendizaje-en-linea-durante-la-cuarentena\/"},"wordCount":410,"commentCount":0,"publisher":{"@id":"https:\/\/ds-barranquilla.org\/#organization"},"image":{"@id":"https:\/\/ds-barranquilla.org\/de\/el-area-de-ciencias-destaca-la-rapida-adaptacion-de-nuestros-estudiantes-al-aprendizaje-en-linea-durante-la-cuarentena\/#primaryimage"},"thumbnailUrl":"https:\/\/ds-barranquilla.org\/wp-content\/uploads\/2020\/07\/El-\u00c1rea-de-Ciencias-destaca-la-r\u00e1pida-adaptaci\u00f3n-de-nuestros-estudiantes-al-aprendizaje-en-l\u00ednea-durante-la-cuarentena.jpg","keywords":["2020","Ciencias","Primaria","Profesores"],"articleSection":["2020","\u00c1rea de Ciencias"],"inLanguage":"de","potentialAction":[{"@type":"CommentAction","name":"Comment","target":["https:\/\/ds-barranquilla.org\/de\/el-area-de-ciencias-destaca-la-rapida-adaptacion-de-nuestros-estudiantes-al-aprendizaje-en-linea-durante-la-cuarentena\/#respond"]}]},{"@type":"WebPage","@id":"https:\/\/ds-barranquilla.org\/de\/el-area-de-ciencias-destaca-la-rapida-adaptacion-de-nuestros-estudiantes-al-aprendizaje-en-linea-durante-la-cuarentena\/","url":"https:\/\/ds-barranquilla.org\/de\/el-area-de-ciencias-destaca-la-rapida-adaptacion-de-nuestros-estudiantes-al-aprendizaje-en-linea-durante-la-cuarentena\/","name":"El \u00c1rea de Ciencias destaca la r\u00e1pida adaptaci\u00f3n de nuestros estudiantes al aprendizaje en l\u00ednea durante la cuarentena - 2026","isPartOf":{"@id":"https:\/\/ds-barranquilla.org\/#website"},"primaryImageOfPage":{"@id":"https:\/\/ds-barranquilla.org\/de\/el-area-de-ciencias-destaca-la-rapida-adaptacion-de-nuestros-estudiantes-al-aprendizaje-en-linea-durante-la-cuarentena\/#primaryimage"},"image":{"@id":"https:\/\/ds-barranquilla.org\/de\/el-area-de-ciencias-destaca-la-rapida-adaptacion-de-nuestros-estudiantes-al-aprendizaje-en-linea-durante-la-cuarentena\/#primaryimage"},"thumbnailUrl":"https:\/\/ds-barranquilla.org\/wp-content\/uploads\/2020\/07\/El-\u00c1rea-de-Ciencias-destaca-la-r\u00e1pida-adaptaci\u00f3n-de-nuestros-estudiantes-al-aprendizaje-en-l\u00ednea-durante-la-cuarentena.jpg","datePublished":"2020-04-28T19:16:30+00:00","dateModified":"2023-01-04T19:23:11+00:00","breadcrumb":{"@id":"https:\/\/ds-barranquilla.org\/de\/el-area-de-ciencias-destaca-la-rapida-adaptacion-de-nuestros-estudiantes-al-aprendizaje-en-linea-durante-la-cuarentena\/#breadcrumb"},"inLanguage":"de","potentialAction":[{"@type":"ReadAction","target":["https:\/\/ds-barranquilla.org\/de\/el-area-de-ciencias-destaca-la-rapida-adaptacion-de-nuestros-estudiantes-al-aprendizaje-en-linea-durante-la-cuarentena\/"]}]},{"@type":"ImageObject","inLanguage":"de","@id":"https:\/\/ds-barranquilla.org\/de\/el-area-de-ciencias-destaca-la-rapida-adaptacion-de-nuestros-estudiantes-al-aprendizaje-en-linea-durante-la-cuarentena\/#primaryimage","url":"https:\/\/ds-barranquilla.org\/wp-content\/uploads\/2020\/07\/El-\u00c1rea-de-Ciencias-destaca-la-r\u00e1pida-adaptaci\u00f3n-de-nuestros-estudiantes-al-aprendizaje-en-l\u00ednea-durante-la-cuarentena.jpg","contentUrl":"https:\/\/ds-barranquilla.org\/wp-content\/uploads\/2020\/07\/El-\u00c1rea-de-Ciencias-destaca-la-r\u00e1pida-adaptaci\u00f3n-de-nuestros-estudiantes-al-aprendizaje-en-l\u00ednea-durante-la-cuarentena.jpg","width":603,"height":262},{"@type":"BreadcrumbList","@id":"https:\/\/ds-barranquilla.org\/de\/el-area-de-ciencias-destaca-la-rapida-adaptacion-de-nuestros-estudiantes-al-aprendizaje-en-linea-durante-la-cuarentena\/#breadcrumb","itemListElement":[{"@type":"ListItem","position":1,"name":"Portada","item":"https:\/\/ds-barranquilla.org\/"},{"@type":"ListItem","position":2,"name":"El \u00c1rea de Ciencias destaca la r\u00e1pida adaptaci\u00f3n de nuestros estudiantes al aprendizaje en l\u00ednea durante la cuarentena"}]},{"@type":"WebSite","@id":"https:\/\/ds-barranquilla.org\/#website","url":"https:\/\/ds-barranquilla.org\/","name":"Colegio Alem\u00e1n - Los Mejores Colegios de Colombia - Colegio Triling\u00fce","description":"Colegio Alem\u00e1n  Barranquilla Colombia - Colegio Biling\u00fce - Triling\u00fce - El Mejor Colegio de Colombia","publisher":{"@id":"https:\/\/ds-barranquilla.org\/#organization"},"potentialAction":[{"@type":"SearchAction","target":{"@type":"EntryPoint","urlTemplate":"https:\/\/ds-barranquilla.org\/?s={search_term_string}"},"query-input":"required name=search_term_string"}],"inLanguage":"de"},{"@type":"Organization","@id":"https:\/\/ds-barranquilla.org\/#organization","name":"Colegio Alem\u00e1n Barranquilla","url":"https:\/\/ds-barranquilla.org\/","logo":{"@type":"ImageObject","inLanguage":"de","@id":"https:\/\/ds-barranquilla.org\/#\/schema\/logo\/image\/","url":"https:\/\/ds-barranquilla.org\/wp-content\/uploads\/2021\/05\/coleman_logo_2.png","contentUrl":"https:\/\/ds-barranquilla.org\/wp-content\/uploads\/2021\/05\/coleman_logo_2.png","width":418,"height":307,"caption":"Colegio Alem\u00e1n Barranquilla"},"image":{"@id":"https:\/\/ds-barranquilla.org\/#\/schema\/logo\/image\/"},"sameAs":["https:\/\/www.facebook.com\/ColegioAlemanBaq\/","https:\/\/x.com\/ColegioAlemanBq","https:\/\/www.instagram.com\/colegioalemanbaq\/","https:\/\/www.linkedin.com\/school\/deutsche-schule-barranquilla\/","https:\/\/www.youtube.com\/channel\/UCOOGZQCVs6aYRqIWvSN5agQ"]},{"@type":"Person","@id":"https:\/\/ds-barranquilla.org\/#\/schema\/person\/7bf8790ba89d3480e0551241ccdc8d36","name":"Comunicaciones Comunicaciones","image":{"@type":"ImageObject","inLanguage":"de","@id":"https:\/\/ds-barranquilla.org\/#\/schema\/person\/image\/","url":"https:\/\/secure.gravatar.com\/avatar\/a66ba9484a4338d81d6bea750e595038?s=96&d=mm&r=g","contentUrl":"https:\/\/secure.gravatar.com\/avatar\/a66ba9484a4338d81d6bea750e595038?s=96&d=mm&r=g","caption":"Comunicaciones Comunicaciones"}}]}},"_links":{"self":[{"href":"https:\/\/ds-barranquilla.org\/de\/wp-json\/wp\/v2\/posts\/5310"}],"collection":[{"href":"https:\/\/ds-barranquilla.org\/de\/wp-json\/wp\/v2\/posts"}],"about":[{"href":"https:\/\/ds-barranquilla.org\/de\/wp-json\/wp\/v2\/types\/post"}],"author":[{"embeddable":true,"href":"https:\/\/ds-barranquilla.org\/de\/wp-json\/wp\/v2\/users\/16"}],"replies":[{"embeddable":true,"href":"https:\/\/ds-barranquilla.org\/de\/wp-json\/wp\/v2\/comments?post=5310"}],"version-history":[{"count":1,"href":"https:\/\/ds-barranquilla.org\/de\/wp-json\/wp\/v2\/posts\/5310\/revisions"}],"predecessor-version":[{"id":5312,"href":"https:\/\/ds-barranquilla.org\/de\/wp-json\/wp\/v2\/posts\/5310\/revisions\/5312"}],"wp:featuredmedia":[{"embeddable":true,"href":"https:\/\/ds-barranquilla.org\/de\/wp-json\/wp\/v2\/media\/5311"}],"wp:attachment":[{"href":"https:\/\/ds-barranquilla.org\/de\/wp-json\/wp\/v2\/media?parent=5310"}],"wp:term":[{"taxonomy":"category","embeddable":true,"href":"https:\/\/ds-barranquilla.org\/de\/wp-json\/wp\/v2\/categories?post=5310"},{"taxonomy":"post_tag","embeddable":true,"href":"https:\/\/ds-barranquilla.org\/de\/wp-json\/wp\/v2\/tags?post=5310"}],"curies":[{"name":"wp","href":"https:\/\/api.w.org\/{rel}","templated":true}]}}