{"id":5342,"date":"2020-05-07T16:37:31","date_gmt":"2020-05-07T21:37:31","guid":{"rendered":"https:\/\/ds-barranquilla.org\/?p=5342"},"modified":"2023-01-04T14:21:49","modified_gmt":"2023-01-04T19:21:49","slug":"nuestro-colegio-organizo-la-semana-del-buen-trato","status":"publish","type":"post","link":"https:\/\/ds-barranquilla.org\/de\/nuestro-colegio-organizo-la-semana-del-buen-trato\/","title":{"rendered":"Nuestro colegio organiz\u00f3 la \u2018Semana del Buen Trato\u2019"},"content":{"rendered":"<p>creado por Jos\u00e9 R\u00edos Mercado<\/p>\n<p>Zu Ehren des internationalen Tages gegen Mobbing und Cyberbullying am 2. Mai hat unser Bereich f\u00fcr Bildungspsychologische Beratung (OPE) die \"Woche des guten Umgangs\" ins Leben gerufen. In dieser vergeben unsere Lehrkr\u00e4fte den Sch\u00fclerinnen und Sch\u00fclern verschiedene Materialien, die sie zum Nachdenken und Reflektieren \u00fcber das Thema Mobbing anregen sollen. In verschiedenen Online-Sitzungen wird zudem ein besonderes Augenmerk auf die Themen Selbstf\u00fcrsorge, Respekt, Solidarit\u00e4t und Toleranz gelegt und in den Kontext des aktuell geltenden weltweiten Gesundheitsnotstands ger\u00fcckt.<\/p>\n<p>Mobbing ist ein ernstes Thema, das die gesamte Gesellschaft betrifft. Aus diesem Grund besch\u00e4ftigt sich unsere Schule im Rahmen des \u201eWir sind DsBaq-Werteprogramms\u201c weiterhin mit verschiedenen Strategien und Aktivit\u00e4ten, die zur F\u00f6rderung der Integrit\u00e4t, sowie weiterer im IB-Programm beschriebenen Kerneigenschaften, beitragen. Eine direkte Kommunikation, der gute Umgang miteinander und der gegenseitige Respekt sind daf\u00fcr von entscheidender Bedeutung.<\/p>\n<p>Ganz zur Freude unseres Bereichs f\u00fcr Bildungspsychologische Beratung m\u00f6chten wir besonders das gro\u00dfe Engagement unserer Sch\u00fclerinnen und Sch\u00fcler betonen, dass sich auch in ihren erstellten Lernprodukten widerspiegelt. Das entsprechende Material wurde von den Lehrkr\u00e4ften mit allen Sch\u00fclerinnen und Sch\u00fclern - von den J\u00fcngsten in der Kinderkrippe bis zum Abiturjahrgang 2020 - geteilt.<\/p>\n<p>Unsere Psychologinnen m\u00f6chten zudem die au\u00dferordentliche Bereitschaft und Arbeit unserer Lehrkr\u00e4fte hervorheben, die sich der Kampagne angeschlossen haben und neben den schulischen Leistungen auch einen Fokus auf die Entwicklung der eigenen Pers\u00f6nlichkeit legen.<\/p>\n<p>Ein gro\u00dfes Dankesch\u00f6n an alle, die Teil dieser Kampagne waren! Ein herzliches Dankesch\u00f6n an die 'Familie Deutsche Schule Barranquilla'!<\/p>","protected":false},"excerpt":{"rendered":"<p>creado por Jos\u00e9 R\u00edos Mercado En conmemoraci\u00f3n del D\u00eda mundial contra el Bullying y el Cyberbullying (2 de mayo),\u202fel Departamento de Orientaci\u00f3n Psicoeducativa (OPE) organiz\u00f3 la<span class=\"excerpt-hellip\"> [\u2026]<\/span><\/p>","protected":false},"author":16,"featured_media":5343,"comment_status":"open","ping_status":"open","sticky":false,"template":"","format":"standard","meta":{"_exactmetrics_skip_tracking":false,"_exactmetrics_sitenote_active":false,"_exactmetrics_sitenote_note":"","_exactmetrics_sitenote_category":0,"_joinchat":[],"footnotes":""},"categories":[680,696,705],"tags":[471],"class_list":["post-5342","post","type-post","status-publish","format-standard","has-post-thumbnail","hentry","category-680","category-bienestar-estudiantil","category-orientacion-psicoeducativa","tag-471"],"yoast_head":"<!-- This site is optimized with the Yoast SEO plugin v23.3 - https:\/\/yoast.com\/wordpress\/plugins\/seo\/ -->\n<title>Nuestro colegio organiz\u00f3 la \u2018Semana del Buen Trato\u2019 - 2026<\/title>\n<meta name=\"robots\" content=\"noindex, follow, max-snippet:-1, max-image-preview:large, max-video-preview:-1\" \/>\n<meta property=\"og:locale\" content=\"de_DE\" \/>\n<meta property=\"og:type\" content=\"article\" \/>\n<meta property=\"og:title\" content=\"Nuestro colegio organiz\u00f3 la \u2018Semana del Buen Trato\u2019 - 2026\" \/>\n<meta property=\"og:description\" content=\"creado por Jos\u00e9 R\u00edos Mercado En conmemoraci\u00f3n del D\u00eda mundial contra el Bullying y el Cyberbullying (2 de mayo),\u202fel Departamento de Orientaci\u00f3n Psicoeducativa (OPE) organiz\u00f3 la [\u2026]\" \/>\n<meta property=\"og:url\" content=\"https:\/\/ds-barranquilla.org\/de\/nuestro-colegio-organizo-la-semana-del-buen-trato\/\" \/>\n<meta property=\"og:site_name\" content=\"Colegio Alem\u00e1n - Los Mejores Colegios de Colombia - Colegio Triling\u00fce\" \/>\n<meta property=\"article:publisher\" content=\"https:\/\/www.facebook.com\/ColegioAlemanBaq\/\" \/>\n<meta property=\"article:published_time\" content=\"2020-05-07T21:37:31+00:00\" \/>\n<meta property=\"article:modified_time\" content=\"2023-01-04T19:21:49+00:00\" \/>\n<meta property=\"og:image\" content=\"https:\/\/ds-barranquilla.org\/wp-content\/uploads\/2020\/07\/Nuestro-colegio-organiz\u00f3-la-\u2018Semana-del-Buen-Trato\u2019.jpg\" \/>\n\t<meta property=\"og:image:width\" content=\"596\" \/>\n\t<meta property=\"og:image:height\" content=\"262\" \/>\n\t<meta property=\"og:image:type\" content=\"image\/jpeg\" \/>\n<meta name=\"author\" content=\"Comunicaciones Comunicaciones\" \/>\n<meta name=\"twitter:card\" content=\"summary_large_image\" \/>\n<meta name=\"twitter:creator\" content=\"@ColegioAlemanBq\" \/>\n<meta name=\"twitter:site\" content=\"@ColegioAlemanBq\" \/>\n<meta name=\"twitter:label1\" content=\"Verfasst von\" \/>\n\t<meta name=\"twitter:data1\" content=\"Comunicaciones Comunicaciones\" \/>\n\t<meta name=\"twitter:label2\" content=\"Gesch\u00e4tzte Lesezeit\" \/>\n\t<meta name=\"twitter:data2\" content=\"2\u00a0Minuten\" \/>\n<script type=\"application\/ld+json\" class=\"yoast-schema-graph\">{\"@context\":\"https:\/\/schema.org\",\"@graph\":[{\"@type\":\"Article\",\"@id\":\"https:\/\/ds-barranquilla.org\/de\/nuestro-colegio-organizo-la-semana-del-buen-trato\/#article\",\"isPartOf\":{\"@id\":\"https:\/\/ds-barranquilla.org\/de\/nuestro-colegio-organizo-la-semana-del-buen-trato\/\"},\"author\":{\"name\":\"Comunicaciones Comunicaciones\",\"@id\":\"https:\/\/ds-barranquilla.org\/#\/schema\/person\/7bf8790ba89d3480e0551241ccdc8d36\"},\"headline\":\"Nuestro colegio organiz\u00f3 la \u2018Semana del Buen Trato\u2019\",\"datePublished\":\"2020-05-07T21:37:31+00:00\",\"dateModified\":\"2023-01-04T19:21:49+00:00\",\"mainEntityOfPage\":{\"@id\":\"https:\/\/ds-barranquilla.org\/de\/nuestro-colegio-organizo-la-semana-del-buen-trato\/\"},\"wordCount\":256,\"commentCount\":0,\"publisher\":{\"@id\":\"https:\/\/ds-barranquilla.org\/#organization\"},\"image\":{\"@id\":\"https:\/\/ds-barranquilla.org\/de\/nuestro-colegio-organizo-la-semana-del-buen-trato\/#primaryimage\"},\"thumbnailUrl\":\"https:\/\/ds-barranquilla.org\/wp-content\/uploads\/2020\/07\/Nuestro-colegio-organiz\u00f3-la-\u2018Semana-del-Buen-Trato\u2019.jpg\",\"keywords\":[\"2020\"],\"articleSection\":[\"2020\",\"Bienestar Estudiantil\",\"Orientaci\u00f3n Psicoeducativa\"],\"inLanguage\":\"de\",\"potentialAction\":[{\"@type\":\"CommentAction\",\"name\":\"Comment\",\"target\":[\"https:\/\/ds-barranquilla.org\/de\/nuestro-colegio-organizo-la-semana-del-buen-trato\/#respond\"]}]},{\"@type\":\"WebPage\",\"@id\":\"https:\/\/ds-barranquilla.org\/de\/nuestro-colegio-organizo-la-semana-del-buen-trato\/\",\"url\":\"https:\/\/ds-barranquilla.org\/de\/nuestro-colegio-organizo-la-semana-del-buen-trato\/\",\"name\":\"Nuestro colegio organiz\u00f3 la \u2018Semana del Buen Trato\u2019 - 2026\",\"isPartOf\":{\"@id\":\"https:\/\/ds-barranquilla.org\/#website\"},\"primaryImageOfPage\":{\"@id\":\"https:\/\/ds-barranquilla.org\/de\/nuestro-colegio-organizo-la-semana-del-buen-trato\/#primaryimage\"},\"image\":{\"@id\":\"https:\/\/ds-barranquilla.org\/de\/nuestro-colegio-organizo-la-semana-del-buen-trato\/#primaryimage\"},\"thumbnailUrl\":\"https:\/\/ds-barranquilla.org\/wp-content\/uploads\/2020\/07\/Nuestro-colegio-organiz\u00f3-la-\u2018Semana-del-Buen-Trato\u2019.jpg\",\"datePublished\":\"2020-05-07T21:37:31+00:00\",\"dateModified\":\"2023-01-04T19:21:49+00:00\",\"breadcrumb\":{\"@id\":\"https:\/\/ds-barranquilla.org\/de\/nuestro-colegio-organizo-la-semana-del-buen-trato\/#breadcrumb\"},\"inLanguage\":\"de\",\"potentialAction\":[{\"@type\":\"ReadAction\",\"target\":[\"https:\/\/ds-barranquilla.org\/de\/nuestro-colegio-organizo-la-semana-del-buen-trato\/\"]}]},{\"@type\":\"ImageObject\",\"inLanguage\":\"de\",\"@id\":\"https:\/\/ds-barranquilla.org\/de\/nuestro-colegio-organizo-la-semana-del-buen-trato\/#primaryimage\",\"url\":\"https:\/\/ds-barranquilla.org\/wp-content\/uploads\/2020\/07\/Nuestro-colegio-organiz\u00f3-la-\u2018Semana-del-Buen-Trato\u2019.jpg\",\"contentUrl\":\"https:\/\/ds-barranquilla.org\/wp-content\/uploads\/2020\/07\/Nuestro-colegio-organiz\u00f3-la-\u2018Semana-del-Buen-Trato\u2019.jpg\",\"width\":596,\"height\":262},{\"@type\":\"BreadcrumbList\",\"@id\":\"https:\/\/ds-barranquilla.org\/de\/nuestro-colegio-organizo-la-semana-del-buen-trato\/#breadcrumb\",\"itemListElement\":[{\"@type\":\"ListItem\",\"position\":1,\"name\":\"Portada\",\"item\":\"https:\/\/ds-barranquilla.org\/\"},{\"@type\":\"ListItem\",\"position\":2,\"name\":\"Nuestro colegio organiz\u00f3 la \u2018Semana del Buen Trato\u2019\"}]},{\"@type\":\"WebSite\",\"@id\":\"https:\/\/ds-barranquilla.org\/#website\",\"url\":\"https:\/\/ds-barranquilla.org\/\",\"name\":\"Colegio Alem\u00e1n - Los Mejores Colegios de Colombia - Colegio Triling\u00fce\",\"description\":\"Colegio Alem\u00e1n  Barranquilla Colombia - Colegio Biling\u00fce - Triling\u00fce - El Mejor Colegio de Colombia\",\"publisher\":{\"@id\":\"https:\/\/ds-barranquilla.org\/#organization\"},\"potentialAction\":[{\"@type\":\"SearchAction\",\"target\":{\"@type\":\"EntryPoint\",\"urlTemplate\":\"https:\/\/ds-barranquilla.org\/?s={search_term_string}\"},\"query-input\":\"required name=search_term_string\"}],\"inLanguage\":\"de\"},{\"@type\":\"Organization\",\"@id\":\"https:\/\/ds-barranquilla.org\/#organization\",\"name\":\"Colegio Alem\u00e1n Barranquilla\",\"url\":\"https:\/\/ds-barranquilla.org\/\",\"logo\":{\"@type\":\"ImageObject\",\"inLanguage\":\"de\",\"@id\":\"https:\/\/ds-barranquilla.org\/#\/schema\/logo\/image\/\",\"url\":\"https:\/\/ds-barranquilla.org\/wp-content\/uploads\/2021\/05\/coleman_logo_2.png\",\"contentUrl\":\"https:\/\/ds-barranquilla.org\/wp-content\/uploads\/2021\/05\/coleman_logo_2.png\",\"width\":418,\"height\":307,\"caption\":\"Colegio Alem\u00e1n Barranquilla\"},\"image\":{\"@id\":\"https:\/\/ds-barranquilla.org\/#\/schema\/logo\/image\/\"},\"sameAs\":[\"https:\/\/www.facebook.com\/ColegioAlemanBaq\/\",\"https:\/\/x.com\/ColegioAlemanBq\",\"https:\/\/www.instagram.com\/colegioalemanbaq\/\",\"https:\/\/www.linkedin.com\/school\/deutsche-schule-barranquilla\/\",\"https:\/\/www.youtube.com\/channel\/UCOOGZQCVs6aYRqIWvSN5agQ\"]},{\"@type\":\"Person\",\"@id\":\"https:\/\/ds-barranquilla.org\/#\/schema\/person\/7bf8790ba89d3480e0551241ccdc8d36\",\"name\":\"Comunicaciones Comunicaciones\",\"image\":{\"@type\":\"ImageObject\",\"inLanguage\":\"de\",\"@id\":\"https:\/\/ds-barranquilla.org\/#\/schema\/person\/image\/\",\"url\":\"https:\/\/secure.gravatar.com\/avatar\/a66ba9484a4338d81d6bea750e595038?s=96&d=mm&r=g\",\"contentUrl\":\"https:\/\/secure.gravatar.com\/avatar\/a66ba9484a4338d81d6bea750e595038?s=96&d=mm&r=g\",\"caption\":\"Comunicaciones Comunicaciones\"}}]}<\/script>\n<!-- \/ Yoast SEO plugin. -->","yoast_head_json":{"title":"Nuestro colegio organiz\u00f3 la \u2018Semana del Buen Trato\u2019 - 2026","robots":{"index":"noindex","follow":"follow","max-snippet":"max-snippet:-1","max-image-preview":"max-image-preview:large","max-video-preview":"max-video-preview:-1"},"og_locale":"de_DE","og_type":"article","og_title":"Nuestro colegio organiz\u00f3 la \u2018Semana del Buen Trato\u2019 - 2026","og_description":"creado por Jos\u00e9 R\u00edos Mercado En conmemoraci\u00f3n del D\u00eda mundial contra el Bullying y el Cyberbullying (2 de mayo),\u202fel Departamento de Orientaci\u00f3n Psicoeducativa (OPE) organiz\u00f3 la [\u2026]","og_url":"https:\/\/ds-barranquilla.org\/de\/nuestro-colegio-organizo-la-semana-del-buen-trato\/","og_site_name":"Colegio Alem\u00e1n - Los Mejores Colegios de Colombia - Colegio Triling\u00fce","article_publisher":"https:\/\/www.facebook.com\/ColegioAlemanBaq\/","article_published_time":"2020-05-07T21:37:31+00:00","article_modified_time":"2023-01-04T19:21:49+00:00","og_image":[{"width":596,"height":262,"url":"https:\/\/ds-barranquilla.org\/wp-content\/uploads\/2020\/07\/Nuestro-colegio-organiz\u00f3-la-\u2018Semana-del-Buen-Trato\u2019.jpg","type":"image\/jpeg"}],"author":"Comunicaciones Comunicaciones","twitter_card":"summary_large_image","twitter_creator":"@ColegioAlemanBq","twitter_site":"@ColegioAlemanBq","twitter_misc":{"Verfasst von":"Comunicaciones Comunicaciones","Gesch\u00e4tzte Lesezeit":"2\u00a0Minuten"},"schema":{"@context":"https:\/\/schema.org","@graph":[{"@type":"Article","@id":"https:\/\/ds-barranquilla.org\/de\/nuestro-colegio-organizo-la-semana-del-buen-trato\/#article","isPartOf":{"@id":"https:\/\/ds-barranquilla.org\/de\/nuestro-colegio-organizo-la-semana-del-buen-trato\/"},"author":{"name":"Comunicaciones Comunicaciones","@id":"https:\/\/ds-barranquilla.org\/#\/schema\/person\/7bf8790ba89d3480e0551241ccdc8d36"},"headline":"Nuestro colegio organiz\u00f3 la \u2018Semana del Buen Trato\u2019","datePublished":"2020-05-07T21:37:31+00:00","dateModified":"2023-01-04T19:21:49+00:00","mainEntityOfPage":{"@id":"https:\/\/ds-barranquilla.org\/de\/nuestro-colegio-organizo-la-semana-del-buen-trato\/"},"wordCount":256,"commentCount":0,"publisher":{"@id":"https:\/\/ds-barranquilla.org\/#organization"},"image":{"@id":"https:\/\/ds-barranquilla.org\/de\/nuestro-colegio-organizo-la-semana-del-buen-trato\/#primaryimage"},"thumbnailUrl":"https:\/\/ds-barranquilla.org\/wp-content\/uploads\/2020\/07\/Nuestro-colegio-organiz\u00f3-la-\u2018Semana-del-Buen-Trato\u2019.jpg","keywords":["2020"],"articleSection":["2020","Bienestar Estudiantil","Orientaci\u00f3n Psicoeducativa"],"inLanguage":"de","potentialAction":[{"@type":"CommentAction","name":"Comment","target":["https:\/\/ds-barranquilla.org\/de\/nuestro-colegio-organizo-la-semana-del-buen-trato\/#respond"]}]},{"@type":"WebPage","@id":"https:\/\/ds-barranquilla.org\/de\/nuestro-colegio-organizo-la-semana-del-buen-trato\/","url":"https:\/\/ds-barranquilla.org\/de\/nuestro-colegio-organizo-la-semana-del-buen-trato\/","name":"Nuestro colegio organiz\u00f3 la \u2018Semana del Buen Trato\u2019 - 2026","isPartOf":{"@id":"https:\/\/ds-barranquilla.org\/#website"},"primaryImageOfPage":{"@id":"https:\/\/ds-barranquilla.org\/de\/nuestro-colegio-organizo-la-semana-del-buen-trato\/#primaryimage"},"image":{"@id":"https:\/\/ds-barranquilla.org\/de\/nuestro-colegio-organizo-la-semana-del-buen-trato\/#primaryimage"},"thumbnailUrl":"https:\/\/ds-barranquilla.org\/wp-content\/uploads\/2020\/07\/Nuestro-colegio-organiz\u00f3-la-\u2018Semana-del-Buen-Trato\u2019.jpg","datePublished":"2020-05-07T21:37:31+00:00","dateModified":"2023-01-04T19:21:49+00:00","breadcrumb":{"@id":"https:\/\/ds-barranquilla.org\/de\/nuestro-colegio-organizo-la-semana-del-buen-trato\/#breadcrumb"},"inLanguage":"de","potentialAction":[{"@type":"ReadAction","target":["https:\/\/ds-barranquilla.org\/de\/nuestro-colegio-organizo-la-semana-del-buen-trato\/"]}]},{"@type":"ImageObject","inLanguage":"de","@id":"https:\/\/ds-barranquilla.org\/de\/nuestro-colegio-organizo-la-semana-del-buen-trato\/#primaryimage","url":"https:\/\/ds-barranquilla.org\/wp-content\/uploads\/2020\/07\/Nuestro-colegio-organiz\u00f3-la-\u2018Semana-del-Buen-Trato\u2019.jpg","contentUrl":"https:\/\/ds-barranquilla.org\/wp-content\/uploads\/2020\/07\/Nuestro-colegio-organiz\u00f3-la-\u2018Semana-del-Buen-Trato\u2019.jpg","width":596,"height":262},{"@type":"BreadcrumbList","@id":"https:\/\/ds-barranquilla.org\/de\/nuestro-colegio-organizo-la-semana-del-buen-trato\/#breadcrumb","itemListElement":[{"@type":"ListItem","position":1,"name":"Portada","item":"https:\/\/ds-barranquilla.org\/"},{"@type":"ListItem","position":2,"name":"Nuestro colegio organiz\u00f3 la \u2018Semana del Buen Trato\u2019"}]},{"@type":"WebSite","@id":"https:\/\/ds-barranquilla.org\/#website","url":"https:\/\/ds-barranquilla.org\/","name":"Colegio Alem\u00e1n - Los Mejores Colegios de Colombia - Colegio Triling\u00fce","description":"Colegio Alem\u00e1n  Barranquilla Colombia - Colegio Biling\u00fce - Triling\u00fce - El Mejor Colegio de Colombia","publisher":{"@id":"https:\/\/ds-barranquilla.org\/#organization"},"potentialAction":[{"@type":"SearchAction","target":{"@type":"EntryPoint","urlTemplate":"https:\/\/ds-barranquilla.org\/?s={search_term_string}"},"query-input":"required name=search_term_string"}],"inLanguage":"de"},{"@type":"Organization","@id":"https:\/\/ds-barranquilla.org\/#organization","name":"Colegio Alem\u00e1n Barranquilla","url":"https:\/\/ds-barranquilla.org\/","logo":{"@type":"ImageObject","inLanguage":"de","@id":"https:\/\/ds-barranquilla.org\/#\/schema\/logo\/image\/","url":"https:\/\/ds-barranquilla.org\/wp-content\/uploads\/2021\/05\/coleman_logo_2.png","contentUrl":"https:\/\/ds-barranquilla.org\/wp-content\/uploads\/2021\/05\/coleman_logo_2.png","width":418,"height":307,"caption":"Colegio Alem\u00e1n Barranquilla"},"image":{"@id":"https:\/\/ds-barranquilla.org\/#\/schema\/logo\/image\/"},"sameAs":["https:\/\/www.facebook.com\/ColegioAlemanBaq\/","https:\/\/x.com\/ColegioAlemanBq","https:\/\/www.instagram.com\/colegioalemanbaq\/","https:\/\/www.linkedin.com\/school\/deutsche-schule-barranquilla\/","https:\/\/www.youtube.com\/channel\/UCOOGZQCVs6aYRqIWvSN5agQ"]},{"@type":"Person","@id":"https:\/\/ds-barranquilla.org\/#\/schema\/person\/7bf8790ba89d3480e0551241ccdc8d36","name":"Comunicaciones Comunicaciones","image":{"@type":"ImageObject","inLanguage":"de","@id":"https:\/\/ds-barranquilla.org\/#\/schema\/person\/image\/","url":"https:\/\/secure.gravatar.com\/avatar\/a66ba9484a4338d81d6bea750e595038?s=96&d=mm&r=g","contentUrl":"https:\/\/secure.gravatar.com\/avatar\/a66ba9484a4338d81d6bea750e595038?s=96&d=mm&r=g","caption":"Comunicaciones Comunicaciones"}}]}},"_links":{"self":[{"href":"https:\/\/ds-barranquilla.org\/de\/wp-json\/wp\/v2\/posts\/5342"}],"collection":[{"href":"https:\/\/ds-barranquilla.org\/de\/wp-json\/wp\/v2\/posts"}],"about":[{"href":"https:\/\/ds-barranquilla.org\/de\/wp-json\/wp\/v2\/types\/post"}],"author":[{"embeddable":true,"href":"https:\/\/ds-barranquilla.org\/de\/wp-json\/wp\/v2\/users\/16"}],"replies":[{"embeddable":true,"href":"https:\/\/ds-barranquilla.org\/de\/wp-json\/wp\/v2\/comments?post=5342"}],"version-history":[{"count":2,"href":"https:\/\/ds-barranquilla.org\/de\/wp-json\/wp\/v2\/posts\/5342\/revisions"}],"predecessor-version":[{"id":14929,"href":"https:\/\/ds-barranquilla.org\/de\/wp-json\/wp\/v2\/posts\/5342\/revisions\/14929"}],"wp:featuredmedia":[{"embeddable":true,"href":"https:\/\/ds-barranquilla.org\/de\/wp-json\/wp\/v2\/media\/5343"}],"wp:attachment":[{"href":"https:\/\/ds-barranquilla.org\/de\/wp-json\/wp\/v2\/media?parent=5342"}],"wp:term":[{"taxonomy":"category","embeddable":true,"href":"https:\/\/ds-barranquilla.org\/de\/wp-json\/wp\/v2\/categories?post=5342"},{"taxonomy":"post_tag","embeddable":true,"href":"https:\/\/ds-barranquilla.org\/de\/wp-json\/wp\/v2\/tags?post=5342"}],"curies":[{"name":"wp","href":"https:\/\/api.w.org\/{rel}","templated":true}]}}