{"id":5346,"date":"2020-05-08T09:13:10","date_gmt":"2020-05-08T14:13:10","guid":{"rendered":"https:\/\/ds-barranquilla.org\/?p=5346"},"modified":"2023-01-04T14:21:32","modified_gmt":"2023-01-04T19:21:32","slug":"la-lengua-en-tiempos-de-crisis-construyendo-paz-a-traves-de-las-palabras","status":"publish","type":"post","link":"https:\/\/ds-barranquilla.org\/de\/la-lengua-en-tiempos-de-crisis-construyendo-paz-a-traves-de-las-palabras\/","title":{"rendered":"Sprache in Krisenzeiten: Frieden durch Worte schaffen"},"content":{"rendered":"<p><span class=\"TextRun SCXW266445853 BCX0\" lang=\"ES-CO\" xml:lang=\"ES-CO\" data-contrast=\"none\"><span class=\"NormalTextRun SCXW266445853 BCX0\">creado<\/span><\/span><span class=\"TextRun SCXW266445853 BCX0\" lang=\"ES-CO\" xml:lang=\"ES-CO\" data-contrast=\"none\"><span class=\"NormalTextRun SCXW266445853 BCX0\">\u00a0por Jos\u00e9 R\u00edos Mercado<\/span><\/span><\/p>\n<h2><span style=\"color: #7b1839;\">Sprache in Krisenzeiten: Frieden durch Worte schaffen<\/span><\/h2>\n<p><span data-contrast=\"none\">Jedes Jahr im April schenken wir der Kraft der Worte und des sprachlichen Ausdrucks besondere Aufmerksamkeit und organisieren verschiedene Veranstaltungen mit Bezug zur Sprache. Zu diesen geh\u00f6ren auch der Internationale Tag des Buches sowie die damit verbundene besondere Wertsch\u00e4tzung unserer Bibliothekarin.<\/span><span data-ccp-props=\"{&quot;201341983&quot;:0,&quot;335559739&quot;:180,&quot;335559740&quot;:240}\">\u00a0<\/span><\/p>\n<p><span data-contrast=\"none\">Im Rahmen dieses besonderen Monats orientieren wir uns auch an der Empfehlung der UNESCO, die in diesem Jahr das Motto \"Worte des Friedens\" vorgeschlagen hat. Mit Blick auf die schwierige globale Situation und die damit verbundenen Einschnitte in unser aller Alltag \u00a0beschloss der Bereich f\u00fcr Sprache und Literatur unserer Schule, diesen Vorschlag anzunehmen und als \"Sprache in Krisenzeiten: Frieden durch Worte schaffen\" an die aktuelle Lage anzupassen.<\/span><span data-ccp-props=\"{&quot;201341983&quot;:0,&quot;335559739&quot;:180,&quot;335559740&quot;:240}\">\u00a0<\/span><\/p>\n<p><span data-contrast=\"none\">Die Arbeit aller Lehrkr\u00e4fte in diesem Bereich war f\u00fcr die Erreichung der Ziele und Organisation der Veranstaltungen von grundlegender Bedeutung. Auch die gro\u00dfe Motivation und Kreativit\u00e4t unserer Sch\u00fclerinnen und Sch\u00fcler, die eigene Projekte realisiert und vorgestellt haben, muss besonders hervorgehoben werden.<\/span><span data-ccp-props=\"{&quot;201341983&quot;:0,&quot;335559739&quot;:180,&quot;335559740&quot;:240}\">\u00a0<\/span><\/p>\n<p><span data-contrast=\"none\">Wir sagen daher \u201eherzlichen Gl\u00fcckwunsch\u201c an alle, die zur Verwirklichung dieser Initiative beigetragen haben!<\/span><span data-ccp-props=\"{&quot;201341983&quot;:0,&quot;335559739&quot;:180,&quot;335559740&quot;:240}\">\u00a0<\/span><\/p>\n<p><span data-ccp-props=\"{&quot;201341983&quot;:0,&quot;335559739&quot;:160,&quot;335559740&quot;:259}\">\u00a0<\/span><\/p>","protected":false},"excerpt":{"rendered":"<p>Jedes Jahr im April schenken wir der Kraft der Worte und des sprachlichen Ausdrucks besondere Aufmerksamkeit und organisieren verschiedene Veranstaltungen mit Bezug zur Sprache. Zu diesen geh\u00f6ren auch der Internationale Tag des Buches sowie die damit verbundene besondere Wertsch\u00e4tzung unserer Bibliothekarin.\u00a0<\/p>","protected":false},"author":16,"featured_media":5358,"comment_status":"open","ping_status":"open","sticky":false,"template":"","format":"standard","meta":{"_exactmetrics_skip_tracking":false,"_exactmetrics_sitenote_active":false,"_exactmetrics_sitenote_note":"","_exactmetrics_sitenote_category":0,"_joinchat":[],"footnotes":""},"categories":[680,690],"tags":[],"class_list":["post-5346","post","type-post","status-publish","format-standard","has-post-thumbnail","hentry","category-680","category-area-de-lengua-y-literatura"],"yoast_head":"<!-- This site is optimized with the Yoast SEO plugin v23.3 - https:\/\/yoast.com\/wordpress\/plugins\/seo\/ -->\n<title>La lengua en tiempos de crisis: construyendo paz a trav\u00e9s de las palabras - 2026<\/title>\n<meta name=\"robots\" content=\"noindex, follow, max-snippet:-1, max-image-preview:large, max-video-preview:-1\" \/>\n<meta property=\"og:locale\" content=\"de_DE\" \/>\n<meta property=\"og:type\" content=\"article\" \/>\n<meta property=\"og:title\" content=\"La lengua en tiempos de crisis: construyendo paz a trav\u00e9s de las palabras - 2026\" \/>\n<meta property=\"og:description\" content=\"Cada a\u00f1o, cuando llega el mes de abril, en nuestro colegio le rendimos tributo a la palabra a trav\u00e9s de la manifestaci\u00f3n de las lenguas. En esta fiesta tambi\u00e9n incluimos el D\u00eda Internacional del Libro y el reconocimiento al bibliotecario, tres fechas muy importantes que coinciden en este mes, y que las celebramos con diferentes actividades.\u00a0\" \/>\n<meta property=\"og:url\" content=\"https:\/\/ds-barranquilla.org\/de\/la-lengua-en-tiempos-de-crisis-construyendo-paz-a-traves-de-las-palabras\/\" \/>\n<meta property=\"og:site_name\" content=\"Colegio Alem\u00e1n - Los Mejores Colegios de Colombia - Colegio Triling\u00fce\" \/>\n<meta property=\"article:publisher\" content=\"https:\/\/www.facebook.com\/ColegioAlemanBaq\/\" \/>\n<meta property=\"article:published_time\" content=\"2020-05-08T14:13:10+00:00\" \/>\n<meta property=\"article:modified_time\" content=\"2023-01-04T19:21:32+00:00\" \/>\n<meta property=\"og:image\" content=\"https:\/\/ds-barranquilla.org\/wp-content\/uploads\/2020\/07\/La-lengua-en-tiempos-de-crisis-construyendo-paz-a-trav\u00e9s-de-las-palabras-1.jpg\" \/>\n\t<meta property=\"og:image:width\" content=\"534\" \/>\n\t<meta property=\"og:image:height\" content=\"240\" \/>\n\t<meta property=\"og:image:type\" content=\"image\/jpeg\" \/>\n<meta name=\"author\" content=\"Comunicaciones Comunicaciones\" \/>\n<meta name=\"twitter:card\" content=\"summary_large_image\" \/>\n<meta name=\"twitter:creator\" content=\"@ColegioAlemanBq\" \/>\n<meta name=\"twitter:site\" content=\"@ColegioAlemanBq\" \/>\n<meta name=\"twitter:label1\" content=\"Verfasst von\" \/>\n\t<meta name=\"twitter:data1\" content=\"Comunicaciones Comunicaciones\" \/>\n\t<meta name=\"twitter:label2\" content=\"Gesch\u00e4tzte Lesezeit\" \/>\n\t<meta name=\"twitter:data2\" content=\"1\u00a0Minute\" \/>\n<script type=\"application\/ld+json\" class=\"yoast-schema-graph\">{\"@context\":\"https:\/\/schema.org\",\"@graph\":[{\"@type\":\"Article\",\"@id\":\"https:\/\/ds-barranquilla.org\/la-lengua-en-tiempos-de-crisis-construyendo-paz-a-traves-de-las-palabras\/#article\",\"isPartOf\":{\"@id\":\"https:\/\/ds-barranquilla.org\/la-lengua-en-tiempos-de-crisis-construyendo-paz-a-traves-de-las-palabras\/\"},\"author\":{\"name\":\"Comunicaciones Comunicaciones\",\"@id\":\"https:\/\/ds-barranquilla.org\/#\/schema\/person\/7bf8790ba89d3480e0551241ccdc8d36\"},\"headline\":\"La lengua en tiempos de crisis: construyendo paz a trav\u00e9s de las palabras\",\"datePublished\":\"2020-05-08T14:13:10+00:00\",\"dateModified\":\"2023-01-04T19:21:32+00:00\",\"mainEntityOfPage\":{\"@id\":\"https:\/\/ds-barranquilla.org\/la-lengua-en-tiempos-de-crisis-construyendo-paz-a-traves-de-las-palabras\/\"},\"wordCount\":224,\"commentCount\":0,\"publisher\":{\"@id\":\"https:\/\/ds-barranquilla.org\/#organization\"},\"image\":{\"@id\":\"https:\/\/ds-barranquilla.org\/la-lengua-en-tiempos-de-crisis-construyendo-paz-a-traves-de-las-palabras\/#primaryimage\"},\"thumbnailUrl\":\"https:\/\/ds-barranquilla.org\/wp-content\/uploads\/2020\/07\/La-lengua-en-tiempos-de-crisis-construyendo-paz-a-trav\u00e9s-de-las-palabras-1.jpg\",\"articleSection\":[\"2020\",\"\u00c1rea de Lengua y Literatura\"],\"inLanguage\":\"de\",\"potentialAction\":[{\"@type\":\"CommentAction\",\"name\":\"Comment\",\"target\":[\"https:\/\/ds-barranquilla.org\/la-lengua-en-tiempos-de-crisis-construyendo-paz-a-traves-de-las-palabras\/#respond\"]}]},{\"@type\":\"WebPage\",\"@id\":\"https:\/\/ds-barranquilla.org\/la-lengua-en-tiempos-de-crisis-construyendo-paz-a-traves-de-las-palabras\/\",\"url\":\"https:\/\/ds-barranquilla.org\/la-lengua-en-tiempos-de-crisis-construyendo-paz-a-traves-de-las-palabras\/\",\"name\":\"La lengua en tiempos de crisis: construyendo paz a trav\u00e9s de las palabras - 2026\",\"isPartOf\":{\"@id\":\"https:\/\/ds-barranquilla.org\/#website\"},\"primaryImageOfPage\":{\"@id\":\"https:\/\/ds-barranquilla.org\/la-lengua-en-tiempos-de-crisis-construyendo-paz-a-traves-de-las-palabras\/#primaryimage\"},\"image\":{\"@id\":\"https:\/\/ds-barranquilla.org\/la-lengua-en-tiempos-de-crisis-construyendo-paz-a-traves-de-las-palabras\/#primaryimage\"},\"thumbnailUrl\":\"https:\/\/ds-barranquilla.org\/wp-content\/uploads\/2020\/07\/La-lengua-en-tiempos-de-crisis-construyendo-paz-a-trav\u00e9s-de-las-palabras-1.jpg\",\"datePublished\":\"2020-05-08T14:13:10+00:00\",\"dateModified\":\"2023-01-04T19:21:32+00:00\",\"breadcrumb\":{\"@id\":\"https:\/\/ds-barranquilla.org\/la-lengua-en-tiempos-de-crisis-construyendo-paz-a-traves-de-las-palabras\/#breadcrumb\"},\"inLanguage\":\"de\",\"potentialAction\":[{\"@type\":\"ReadAction\",\"target\":[\"https:\/\/ds-barranquilla.org\/la-lengua-en-tiempos-de-crisis-construyendo-paz-a-traves-de-las-palabras\/\"]}]},{\"@type\":\"ImageObject\",\"inLanguage\":\"de\",\"@id\":\"https:\/\/ds-barranquilla.org\/la-lengua-en-tiempos-de-crisis-construyendo-paz-a-traves-de-las-palabras\/#primaryimage\",\"url\":\"https:\/\/ds-barranquilla.org\/wp-content\/uploads\/2020\/07\/La-lengua-en-tiempos-de-crisis-construyendo-paz-a-trav\u00e9s-de-las-palabras-1.jpg\",\"contentUrl\":\"https:\/\/ds-barranquilla.org\/wp-content\/uploads\/2020\/07\/La-lengua-en-tiempos-de-crisis-construyendo-paz-a-trav\u00e9s-de-las-palabras-1.jpg\",\"width\":534,\"height\":240},{\"@type\":\"BreadcrumbList\",\"@id\":\"https:\/\/ds-barranquilla.org\/la-lengua-en-tiempos-de-crisis-construyendo-paz-a-traves-de-las-palabras\/#breadcrumb\",\"itemListElement\":[{\"@type\":\"ListItem\",\"position\":1,\"name\":\"Portada\",\"item\":\"https:\/\/ds-barranquilla.org\/\"},{\"@type\":\"ListItem\",\"position\":2,\"name\":\"La lengua en tiempos de crisis: construyendo paz a trav\u00e9s de las palabras\"}]},{\"@type\":\"WebSite\",\"@id\":\"https:\/\/ds-barranquilla.org\/#website\",\"url\":\"https:\/\/ds-barranquilla.org\/\",\"name\":\"Colegio Alem\u00e1n - Los Mejores Colegios de Colombia - Colegio Triling\u00fce\",\"description\":\"Colegio Alem\u00e1n  Barranquilla Colombia - Colegio Biling\u00fce - Triling\u00fce - El Mejor Colegio de Colombia\",\"publisher\":{\"@id\":\"https:\/\/ds-barranquilla.org\/#organization\"},\"potentialAction\":[{\"@type\":\"SearchAction\",\"target\":{\"@type\":\"EntryPoint\",\"urlTemplate\":\"https:\/\/ds-barranquilla.org\/?s={search_term_string}\"},\"query-input\":\"required name=search_term_string\"}],\"inLanguage\":\"de\"},{\"@type\":\"Organization\",\"@id\":\"https:\/\/ds-barranquilla.org\/#organization\",\"name\":\"Colegio Alem\u00e1n Barranquilla\",\"url\":\"https:\/\/ds-barranquilla.org\/\",\"logo\":{\"@type\":\"ImageObject\",\"inLanguage\":\"de\",\"@id\":\"https:\/\/ds-barranquilla.org\/#\/schema\/logo\/image\/\",\"url\":\"https:\/\/ds-barranquilla.org\/wp-content\/uploads\/2021\/05\/coleman_logo_2.png\",\"contentUrl\":\"https:\/\/ds-barranquilla.org\/wp-content\/uploads\/2021\/05\/coleman_logo_2.png\",\"width\":418,\"height\":307,\"caption\":\"Colegio Alem\u00e1n Barranquilla\"},\"image\":{\"@id\":\"https:\/\/ds-barranquilla.org\/#\/schema\/logo\/image\/\"},\"sameAs\":[\"https:\/\/www.facebook.com\/ColegioAlemanBaq\/\",\"https:\/\/x.com\/ColegioAlemanBq\",\"https:\/\/www.instagram.com\/colegioalemanbaq\/\",\"https:\/\/www.linkedin.com\/school\/deutsche-schule-barranquilla\/\",\"https:\/\/www.youtube.com\/channel\/UCOOGZQCVs6aYRqIWvSN5agQ\"]},{\"@type\":\"Person\",\"@id\":\"https:\/\/ds-barranquilla.org\/#\/schema\/person\/7bf8790ba89d3480e0551241ccdc8d36\",\"name\":\"Comunicaciones Comunicaciones\",\"image\":{\"@type\":\"ImageObject\",\"inLanguage\":\"de\",\"@id\":\"https:\/\/ds-barranquilla.org\/#\/schema\/person\/image\/\",\"url\":\"https:\/\/secure.gravatar.com\/avatar\/a66ba9484a4338d81d6bea750e595038?s=96&d=mm&r=g\",\"contentUrl\":\"https:\/\/secure.gravatar.com\/avatar\/a66ba9484a4338d81d6bea750e595038?s=96&d=mm&r=g\",\"caption\":\"Comunicaciones Comunicaciones\"}}]}<\/script>\n<!-- \/ Yoast SEO plugin. -->","yoast_head_json":{"title":"La lengua en tiempos de crisis: construyendo paz a trav\u00e9s de las palabras - 2026","robots":{"index":"noindex","follow":"follow","max-snippet":"max-snippet:-1","max-image-preview":"max-image-preview:large","max-video-preview":"max-video-preview:-1"},"og_locale":"de_DE","og_type":"article","og_title":"La lengua en tiempos de crisis: construyendo paz a trav\u00e9s de las palabras - 2026","og_description":"Cada a\u00f1o, cuando llega el mes de abril, en nuestro colegio le rendimos tributo a la palabra a trav\u00e9s de la manifestaci\u00f3n de las lenguas. En esta fiesta tambi\u00e9n incluimos el D\u00eda Internacional del Libro y el reconocimiento al bibliotecario, tres fechas muy importantes que coinciden en este mes, y que las celebramos con diferentes actividades.\u00a0","og_url":"https:\/\/ds-barranquilla.org\/de\/la-lengua-en-tiempos-de-crisis-construyendo-paz-a-traves-de-las-palabras\/","og_site_name":"Colegio Alem\u00e1n - Los Mejores Colegios de Colombia - Colegio Triling\u00fce","article_publisher":"https:\/\/www.facebook.com\/ColegioAlemanBaq\/","article_published_time":"2020-05-08T14:13:10+00:00","article_modified_time":"2023-01-04T19:21:32+00:00","og_image":[{"width":534,"height":240,"url":"https:\/\/ds-barranquilla.org\/wp-content\/uploads\/2020\/07\/La-lengua-en-tiempos-de-crisis-construyendo-paz-a-trav\u00e9s-de-las-palabras-1.jpg","type":"image\/jpeg"}],"author":"Comunicaciones Comunicaciones","twitter_card":"summary_large_image","twitter_creator":"@ColegioAlemanBq","twitter_site":"@ColegioAlemanBq","twitter_misc":{"Verfasst von":"Comunicaciones Comunicaciones","Gesch\u00e4tzte Lesezeit":"1\u00a0Minute"},"schema":{"@context":"https:\/\/schema.org","@graph":[{"@type":"Article","@id":"https:\/\/ds-barranquilla.org\/la-lengua-en-tiempos-de-crisis-construyendo-paz-a-traves-de-las-palabras\/#article","isPartOf":{"@id":"https:\/\/ds-barranquilla.org\/la-lengua-en-tiempos-de-crisis-construyendo-paz-a-traves-de-las-palabras\/"},"author":{"name":"Comunicaciones Comunicaciones","@id":"https:\/\/ds-barranquilla.org\/#\/schema\/person\/7bf8790ba89d3480e0551241ccdc8d36"},"headline":"La lengua en tiempos de crisis: construyendo paz a trav\u00e9s de las palabras","datePublished":"2020-05-08T14:13:10+00:00","dateModified":"2023-01-04T19:21:32+00:00","mainEntityOfPage":{"@id":"https:\/\/ds-barranquilla.org\/la-lengua-en-tiempos-de-crisis-construyendo-paz-a-traves-de-las-palabras\/"},"wordCount":224,"commentCount":0,"publisher":{"@id":"https:\/\/ds-barranquilla.org\/#organization"},"image":{"@id":"https:\/\/ds-barranquilla.org\/la-lengua-en-tiempos-de-crisis-construyendo-paz-a-traves-de-las-palabras\/#primaryimage"},"thumbnailUrl":"https:\/\/ds-barranquilla.org\/wp-content\/uploads\/2020\/07\/La-lengua-en-tiempos-de-crisis-construyendo-paz-a-trav\u00e9s-de-las-palabras-1.jpg","articleSection":["2020","\u00c1rea de Lengua y Literatura"],"inLanguage":"de","potentialAction":[{"@type":"CommentAction","name":"Comment","target":["https:\/\/ds-barranquilla.org\/la-lengua-en-tiempos-de-crisis-construyendo-paz-a-traves-de-las-palabras\/#respond"]}]},{"@type":"WebPage","@id":"https:\/\/ds-barranquilla.org\/la-lengua-en-tiempos-de-crisis-construyendo-paz-a-traves-de-las-palabras\/","url":"https:\/\/ds-barranquilla.org\/la-lengua-en-tiempos-de-crisis-construyendo-paz-a-traves-de-las-palabras\/","name":"La lengua en tiempos de crisis: construyendo paz a trav\u00e9s de las palabras - 2026","isPartOf":{"@id":"https:\/\/ds-barranquilla.org\/#website"},"primaryImageOfPage":{"@id":"https:\/\/ds-barranquilla.org\/la-lengua-en-tiempos-de-crisis-construyendo-paz-a-traves-de-las-palabras\/#primaryimage"},"image":{"@id":"https:\/\/ds-barranquilla.org\/la-lengua-en-tiempos-de-crisis-construyendo-paz-a-traves-de-las-palabras\/#primaryimage"},"thumbnailUrl":"https:\/\/ds-barranquilla.org\/wp-content\/uploads\/2020\/07\/La-lengua-en-tiempos-de-crisis-construyendo-paz-a-trav\u00e9s-de-las-palabras-1.jpg","datePublished":"2020-05-08T14:13:10+00:00","dateModified":"2023-01-04T19:21:32+00:00","breadcrumb":{"@id":"https:\/\/ds-barranquilla.org\/la-lengua-en-tiempos-de-crisis-construyendo-paz-a-traves-de-las-palabras\/#breadcrumb"},"inLanguage":"de","potentialAction":[{"@type":"ReadAction","target":["https:\/\/ds-barranquilla.org\/la-lengua-en-tiempos-de-crisis-construyendo-paz-a-traves-de-las-palabras\/"]}]},{"@type":"ImageObject","inLanguage":"de","@id":"https:\/\/ds-barranquilla.org\/la-lengua-en-tiempos-de-crisis-construyendo-paz-a-traves-de-las-palabras\/#primaryimage","url":"https:\/\/ds-barranquilla.org\/wp-content\/uploads\/2020\/07\/La-lengua-en-tiempos-de-crisis-construyendo-paz-a-trav\u00e9s-de-las-palabras-1.jpg","contentUrl":"https:\/\/ds-barranquilla.org\/wp-content\/uploads\/2020\/07\/La-lengua-en-tiempos-de-crisis-construyendo-paz-a-trav\u00e9s-de-las-palabras-1.jpg","width":534,"height":240},{"@type":"BreadcrumbList","@id":"https:\/\/ds-barranquilla.org\/la-lengua-en-tiempos-de-crisis-construyendo-paz-a-traves-de-las-palabras\/#breadcrumb","itemListElement":[{"@type":"ListItem","position":1,"name":"Portada","item":"https:\/\/ds-barranquilla.org\/"},{"@type":"ListItem","position":2,"name":"La lengua en tiempos de crisis: construyendo paz a trav\u00e9s de las palabras"}]},{"@type":"WebSite","@id":"https:\/\/ds-barranquilla.org\/#website","url":"https:\/\/ds-barranquilla.org\/","name":"Colegio Alem\u00e1n - Los Mejores Colegios de Colombia - Colegio Triling\u00fce","description":"Colegio Alem\u00e1n  Barranquilla Colombia - Colegio Biling\u00fce - Triling\u00fce - El Mejor Colegio de Colombia","publisher":{"@id":"https:\/\/ds-barranquilla.org\/#organization"},"potentialAction":[{"@type":"SearchAction","target":{"@type":"EntryPoint","urlTemplate":"https:\/\/ds-barranquilla.org\/?s={search_term_string}"},"query-input":"required name=search_term_string"}],"inLanguage":"de"},{"@type":"Organization","@id":"https:\/\/ds-barranquilla.org\/#organization","name":"Colegio Alem\u00e1n Barranquilla","url":"https:\/\/ds-barranquilla.org\/","logo":{"@type":"ImageObject","inLanguage":"de","@id":"https:\/\/ds-barranquilla.org\/#\/schema\/logo\/image\/","url":"https:\/\/ds-barranquilla.org\/wp-content\/uploads\/2021\/05\/coleman_logo_2.png","contentUrl":"https:\/\/ds-barranquilla.org\/wp-content\/uploads\/2021\/05\/coleman_logo_2.png","width":418,"height":307,"caption":"Colegio Alem\u00e1n Barranquilla"},"image":{"@id":"https:\/\/ds-barranquilla.org\/#\/schema\/logo\/image\/"},"sameAs":["https:\/\/www.facebook.com\/ColegioAlemanBaq\/","https:\/\/x.com\/ColegioAlemanBq","https:\/\/www.instagram.com\/colegioalemanbaq\/","https:\/\/www.linkedin.com\/school\/deutsche-schule-barranquilla\/","https:\/\/www.youtube.com\/channel\/UCOOGZQCVs6aYRqIWvSN5agQ"]},{"@type":"Person","@id":"https:\/\/ds-barranquilla.org\/#\/schema\/person\/7bf8790ba89d3480e0551241ccdc8d36","name":"Comunicaciones Comunicaciones","image":{"@type":"ImageObject","inLanguage":"de","@id":"https:\/\/ds-barranquilla.org\/#\/schema\/person\/image\/","url":"https:\/\/secure.gravatar.com\/avatar\/a66ba9484a4338d81d6bea750e595038?s=96&d=mm&r=g","contentUrl":"https:\/\/secure.gravatar.com\/avatar\/a66ba9484a4338d81d6bea750e595038?s=96&d=mm&r=g","caption":"Comunicaciones Comunicaciones"}}]}},"_links":{"self":[{"href":"https:\/\/ds-barranquilla.org\/de\/wp-json\/wp\/v2\/posts\/5346"}],"collection":[{"href":"https:\/\/ds-barranquilla.org\/de\/wp-json\/wp\/v2\/posts"}],"about":[{"href":"https:\/\/ds-barranquilla.org\/de\/wp-json\/wp\/v2\/types\/post"}],"author":[{"embeddable":true,"href":"https:\/\/ds-barranquilla.org\/de\/wp-json\/wp\/v2\/users\/16"}],"replies":[{"embeddable":true,"href":"https:\/\/ds-barranquilla.org\/de\/wp-json\/wp\/v2\/comments?post=5346"}],"version-history":[{"count":4,"href":"https:\/\/ds-barranquilla.org\/de\/wp-json\/wp\/v2\/posts\/5346\/revisions"}],"predecessor-version":[{"id":6325,"href":"https:\/\/ds-barranquilla.org\/de\/wp-json\/wp\/v2\/posts\/5346\/revisions\/6325"}],"wp:featuredmedia":[{"embeddable":true,"href":"https:\/\/ds-barranquilla.org\/de\/wp-json\/wp\/v2\/media\/5358"}],"wp:attachment":[{"href":"https:\/\/ds-barranquilla.org\/de\/wp-json\/wp\/v2\/media?parent=5346"}],"wp:term":[{"taxonomy":"category","embeddable":true,"href":"https:\/\/ds-barranquilla.org\/de\/wp-json\/wp\/v2\/categories?post=5346"},{"taxonomy":"post_tag","embeddable":true,"href":"https:\/\/ds-barranquilla.org\/de\/wp-json\/wp\/v2\/tags?post=5346"}],"curies":[{"name":"wp","href":"https:\/\/api.w.org\/{rel}","templated":true}]}}