{"id":5360,"date":"2020-05-11T09:14:33","date_gmt":"2020-05-11T14:14:33","guid":{"rendered":"https:\/\/ds-barranquilla.org\/?p=5360"},"modified":"2023-01-04T14:20:55","modified_gmt":"2023-01-04T19:20:55","slug":"profesor-de-musica-de-nuestro-colegio-creo-la-app-sinfonica-virtual","status":"publish","type":"post","link":"https:\/\/ds-barranquilla.org\/de\/profesor-de-musica-de-nuestro-colegio-creo-la-app-sinfonica-virtual\/","title":{"rendered":"Profesor de M\u00fasica de nuestro colegio cre\u00f3 la App Sinf\u00f3nica Virtual"},"content":{"rendered":"<p><span class=\"TextRun SCXW254295972 BCX0\" lang=\"ES-CO\" xml:lang=\"ES-CO\" data-contrast=\"none\"><span class=\"NormalTextRun SCXW254295972 BCX0\">\u202f<\/span><\/span><span class=\"TextRun SCXW254295972 BCX0\" lang=\"ES-CO\" xml:lang=\"ES-CO\" data-contrast=\"none\"><span class=\"NormalTextRun SCXW254295972 BCX0\">creado<\/span><\/span><span class=\"TextRun SCXW254295972 BCX0\" lang=\"ES-CO\" xml:lang=\"ES-CO\" data-contrast=\"none\"><span class=\"NormalTextRun SCXW254295972 BCX0\">\u00a0por Jos\u00e9 R\u00edos Mercado<\/span><\/span><\/p>\n<p>Mit dem Ziel, den Mitgliedern des Jugendsinfonieorchesters unserer Schule auch in Zeiten der Quarant\u00e4ne von zu Hause aus gemeinsam zu musizieren und zu \u00fcben, hat der Lehrer unserer Musik AG (f\u00fcr die Instrumente Bass, Euphonium, Klarinette und Posaune), Gonzalo Ucr\u00f3s, eine eigene Sinfonie-App entwickelt. In dieser finden die Sch\u00fclerinnen und Sch\u00fcler die musikalischen St\u00fccke, die sie bereits aufgef\u00fchrt oder ge\u00fcbt haben und erhalten eine digitale Hilfe beim Spielen durch verschiedene Animationen und Tutorials.<\/p>\n<p>\"Die Entwicklung dieses technologischen Hilfsmittels geht im Wesentlichen auf den Lockdown zur\u00fcck, der uns allen durch die Pandemie auferlegt wurde. Dadurch konnten wir nicht wie gewohnt mit den Proben fortfahren, so wie wir es eigentlich geplant hatten. Das gro\u00dfe Interesse unserer Sch\u00fclerinnen und Sch\u00fcler, weiterhin Musik zu machen und zu Hause weiter zu \u00fcben, veranlasste mich dazu, dieses Projekt in Angriff zu nehmen und in meinem Aufnahmestudio mit Hilfe einer Musikaufnahme-Software durchzuf\u00fchren\", erkl\u00e4rt Gonzalo Ucr\u00f3s.<\/p>\n<p>Der erste Schritt in diesem Prozess war die Digitalisierung des gesamten Repertoires des Orchesters und Umwandlung in animierte und interaktive Partituren, schildert der Lehrer. Dadurch konnte es den Sch\u00fclerinnen und Sch\u00fclern erm\u00f6glichen werden, die Lieder zu Hause zu \u00fcben. Sp\u00e4ter begann Ucr\u00f3s dann, sich einige Tutorials im Zusammenhang mit der Erstellung und Programmierung von Apps anzuschauen, an Online-Kursen teilzunehmen und einige befreundete Programmierer um Rat zu bitten, um seine Idee zu verwirklichen.<\/p>\n<p>\"Durch die App schaffen wir es die Gruppenprobe zu ersetzen. Der Nutzer kann sein Instrument eingeben und anh\u00f6ren und hat zus\u00e4tzlich dazu einen Zugang zu einer interaktiven Partitur, die ihn beim Spielen anleitet. Wenn der Nutzer dann seinen Teil Part ge\u00fcbt hat, kann er die anderen Instrumente des Orchesters dazu holen und gemeinsam mit ihnen Proben, so dass er spielt, w\u00e4hrend die anderen Instrumente spielen\", erkl\u00e4rt die Leiterin der Violine-AG Lina De Luque.<\/p>\n<p>Neben der virtuellen Sinfonie-App, die exklusiv f\u00fcr die Mitglieder des Jugendsinfonieorchesters der Deutschen Schule Barranquilla bestimmt ist, hat Gonzalo Ucr\u00f3s noch eine weitere App mit dem Namen Musiensamble entworfen. Er wendet sich damit explizit an regionale K\u00fcnstlerinnen und K\u00fcnstler traditioneller kolumbianischer Musik sowie an alle, die in diese Musikstile einsteigen wollen.<\/p>","protected":false},"excerpt":{"rendered":"<p>\u202fcreado\u00a0por Jos\u00e9 R\u00edos Mercado Con el objetivo de que los integrantes de la Orquesta Sinf\u00f3nica Juvenil de nuestro colegio pudieran seguir haciendo m\u00fasica y practicaran el<span class=\"excerpt-hellip\"> [\u2026]<\/span><\/p>","protected":false},"author":16,"featured_media":5361,"comment_status":"open","ping_status":"open","sticky":false,"template":"","format":"standard","meta":{"_exactmetrics_skip_tracking":false,"_exactmetrics_sitenote_active":false,"_exactmetrics_sitenote_note":"","_exactmetrics_sitenote_category":0,"_joinchat":[],"footnotes":""},"categories":[680,685,706],"tags":[471,437,450],"class_list":["post-5360","post","type-post","status-publish","format-standard","has-post-thumbnail","hentry","category-680","category-area-de-artes-visuales-e-interpretativas","category-orquesta-sinfonica-juvenil","tag-471","tag-musica","tag-profesores"],"yoast_head":"<!-- This site is optimized with the Yoast SEO plugin v23.3 - https:\/\/yoast.com\/wordpress\/plugins\/seo\/ -->\n<title>Profesor de M\u00fasica de nuestro colegio cre\u00f3 la App Sinf\u00f3nica Virtual - 2026<\/title>\n<meta name=\"robots\" content=\"noindex, follow, max-snippet:-1, max-image-preview:large, max-video-preview:-1\" \/>\n<meta property=\"og:locale\" content=\"de_DE\" \/>\n<meta property=\"og:type\" content=\"article\" \/>\n<meta property=\"og:title\" content=\"Profesor de M\u00fasica de nuestro colegio cre\u00f3 la App Sinf\u00f3nica Virtual - 2026\" \/>\n<meta property=\"og:description\" content=\"\u202fcreado\u00a0por Jos\u00e9 R\u00edos Mercado Con el objetivo de que los integrantes de la Orquesta Sinf\u00f3nica Juvenil de nuestro colegio pudieran seguir haciendo m\u00fasica y practicaran el [\u2026]\" \/>\n<meta property=\"og:url\" content=\"https:\/\/ds-barranquilla.org\/de\/profesor-de-musica-de-nuestro-colegio-creo-la-app-sinfonica-virtual\/\" \/>\n<meta property=\"og:site_name\" content=\"Colegio Alem\u00e1n - Los Mejores Colegios de Colombia - Colegio Triling\u00fce\" \/>\n<meta property=\"article:publisher\" content=\"https:\/\/www.facebook.com\/ColegioAlemanBaq\/\" \/>\n<meta property=\"article:published_time\" content=\"2020-05-11T14:14:33+00:00\" \/>\n<meta property=\"article:modified_time\" content=\"2023-01-04T19:20:55+00:00\" \/>\n<meta property=\"og:image\" content=\"https:\/\/ds-barranquilla.org\/wp-content\/uploads\/2020\/07\/Profesor-de-M\u00fasica-de-nuestro-colegio-cre\u00f3-la-App-Sinf\u00f3nica-Virtual.jpg\" \/>\n\t<meta property=\"og:image:width\" content=\"568\" \/>\n\t<meta property=\"og:image:height\" content=\"254\" \/>\n\t<meta property=\"og:image:type\" content=\"image\/jpeg\" \/>\n<meta name=\"author\" content=\"Comunicaciones Comunicaciones\" \/>\n<meta name=\"twitter:card\" content=\"summary_large_image\" \/>\n<meta name=\"twitter:creator\" content=\"@ColegioAlemanBq\" \/>\n<meta name=\"twitter:site\" content=\"@ColegioAlemanBq\" \/>\n<meta name=\"twitter:label1\" content=\"Verfasst von\" \/>\n\t<meta name=\"twitter:data1\" content=\"Comunicaciones Comunicaciones\" \/>\n\t<meta name=\"twitter:label2\" content=\"Gesch\u00e4tzte Lesezeit\" \/>\n\t<meta name=\"twitter:data2\" content=\"2\u00a0Minuten\" \/>\n<script type=\"application\/ld+json\" class=\"yoast-schema-graph\">{\"@context\":\"https:\/\/schema.org\",\"@graph\":[{\"@type\":\"Article\",\"@id\":\"https:\/\/ds-barranquilla.org\/de\/profesor-de-musica-de-nuestro-colegio-creo-la-app-sinfonica-virtual\/#article\",\"isPartOf\":{\"@id\":\"https:\/\/ds-barranquilla.org\/de\/profesor-de-musica-de-nuestro-colegio-creo-la-app-sinfonica-virtual\/\"},\"author\":{\"name\":\"Comunicaciones Comunicaciones\",\"@id\":\"https:\/\/ds-barranquilla.org\/#\/schema\/person\/7bf8790ba89d3480e0551241ccdc8d36\"},\"headline\":\"Profesor de M\u00fasica de nuestro colegio cre\u00f3 la App Sinf\u00f3nica Virtual\",\"datePublished\":\"2020-05-11T14:14:33+00:00\",\"dateModified\":\"2023-01-04T19:20:55+00:00\",\"mainEntityOfPage\":{\"@id\":\"https:\/\/ds-barranquilla.org\/de\/profesor-de-musica-de-nuestro-colegio-creo-la-app-sinfonica-virtual\/\"},\"wordCount\":418,\"commentCount\":0,\"publisher\":{\"@id\":\"https:\/\/ds-barranquilla.org\/#organization\"},\"image\":{\"@id\":\"https:\/\/ds-barranquilla.org\/de\/profesor-de-musica-de-nuestro-colegio-creo-la-app-sinfonica-virtual\/#primaryimage\"},\"thumbnailUrl\":\"https:\/\/ds-barranquilla.org\/wp-content\/uploads\/2020\/07\/Profesor-de-M\u00fasica-de-nuestro-colegio-cre\u00f3-la-App-Sinf\u00f3nica-Virtual.jpg\",\"keywords\":[\"2020\",\"M\u00fasica\",\"Profesores\"],\"articleSection\":[\"2020\",\"\u00c1rea de Artes Visuales e Interpretativas\",\"Orquesta Sinf\u00f3nica Juvenil\"],\"inLanguage\":\"de\",\"potentialAction\":[{\"@type\":\"CommentAction\",\"name\":\"Comment\",\"target\":[\"https:\/\/ds-barranquilla.org\/de\/profesor-de-musica-de-nuestro-colegio-creo-la-app-sinfonica-virtual\/#respond\"]}]},{\"@type\":\"WebPage\",\"@id\":\"https:\/\/ds-barranquilla.org\/de\/profesor-de-musica-de-nuestro-colegio-creo-la-app-sinfonica-virtual\/\",\"url\":\"https:\/\/ds-barranquilla.org\/de\/profesor-de-musica-de-nuestro-colegio-creo-la-app-sinfonica-virtual\/\",\"name\":\"Profesor de M\u00fasica de nuestro colegio cre\u00f3 la App Sinf\u00f3nica Virtual - 2026\",\"isPartOf\":{\"@id\":\"https:\/\/ds-barranquilla.org\/#website\"},\"primaryImageOfPage\":{\"@id\":\"https:\/\/ds-barranquilla.org\/de\/profesor-de-musica-de-nuestro-colegio-creo-la-app-sinfonica-virtual\/#primaryimage\"},\"image\":{\"@id\":\"https:\/\/ds-barranquilla.org\/de\/profesor-de-musica-de-nuestro-colegio-creo-la-app-sinfonica-virtual\/#primaryimage\"},\"thumbnailUrl\":\"https:\/\/ds-barranquilla.org\/wp-content\/uploads\/2020\/07\/Profesor-de-M\u00fasica-de-nuestro-colegio-cre\u00f3-la-App-Sinf\u00f3nica-Virtual.jpg\",\"datePublished\":\"2020-05-11T14:14:33+00:00\",\"dateModified\":\"2023-01-04T19:20:55+00:00\",\"breadcrumb\":{\"@id\":\"https:\/\/ds-barranquilla.org\/de\/profesor-de-musica-de-nuestro-colegio-creo-la-app-sinfonica-virtual\/#breadcrumb\"},\"inLanguage\":\"de\",\"potentialAction\":[{\"@type\":\"ReadAction\",\"target\":[\"https:\/\/ds-barranquilla.org\/de\/profesor-de-musica-de-nuestro-colegio-creo-la-app-sinfonica-virtual\/\"]}]},{\"@type\":\"ImageObject\",\"inLanguage\":\"de\",\"@id\":\"https:\/\/ds-barranquilla.org\/de\/profesor-de-musica-de-nuestro-colegio-creo-la-app-sinfonica-virtual\/#primaryimage\",\"url\":\"https:\/\/ds-barranquilla.org\/wp-content\/uploads\/2020\/07\/Profesor-de-M\u00fasica-de-nuestro-colegio-cre\u00f3-la-App-Sinf\u00f3nica-Virtual.jpg\",\"contentUrl\":\"https:\/\/ds-barranquilla.org\/wp-content\/uploads\/2020\/07\/Profesor-de-M\u00fasica-de-nuestro-colegio-cre\u00f3-la-App-Sinf\u00f3nica-Virtual.jpg\",\"width\":568,\"height\":254},{\"@type\":\"BreadcrumbList\",\"@id\":\"https:\/\/ds-barranquilla.org\/de\/profesor-de-musica-de-nuestro-colegio-creo-la-app-sinfonica-virtual\/#breadcrumb\",\"itemListElement\":[{\"@type\":\"ListItem\",\"position\":1,\"name\":\"Portada\",\"item\":\"https:\/\/ds-barranquilla.org\/\"},{\"@type\":\"ListItem\",\"position\":2,\"name\":\"Profesor de M\u00fasica de nuestro colegio cre\u00f3 la App Sinf\u00f3nica Virtual\"}]},{\"@type\":\"WebSite\",\"@id\":\"https:\/\/ds-barranquilla.org\/#website\",\"url\":\"https:\/\/ds-barranquilla.org\/\",\"name\":\"Colegio Alem\u00e1n - Los Mejores Colegios de Colombia - Colegio Triling\u00fce\",\"description\":\"Colegio Alem\u00e1n  Barranquilla Colombia - Colegio Biling\u00fce - Triling\u00fce - El Mejor Colegio de Colombia\",\"publisher\":{\"@id\":\"https:\/\/ds-barranquilla.org\/#organization\"},\"potentialAction\":[{\"@type\":\"SearchAction\",\"target\":{\"@type\":\"EntryPoint\",\"urlTemplate\":\"https:\/\/ds-barranquilla.org\/?s={search_term_string}\"},\"query-input\":\"required name=search_term_string\"}],\"inLanguage\":\"de\"},{\"@type\":\"Organization\",\"@id\":\"https:\/\/ds-barranquilla.org\/#organization\",\"name\":\"Colegio Alem\u00e1n Barranquilla\",\"url\":\"https:\/\/ds-barranquilla.org\/\",\"logo\":{\"@type\":\"ImageObject\",\"inLanguage\":\"de\",\"@id\":\"https:\/\/ds-barranquilla.org\/#\/schema\/logo\/image\/\",\"url\":\"https:\/\/ds-barranquilla.org\/wp-content\/uploads\/2021\/05\/coleman_logo_2.png\",\"contentUrl\":\"https:\/\/ds-barranquilla.org\/wp-content\/uploads\/2021\/05\/coleman_logo_2.png\",\"width\":418,\"height\":307,\"caption\":\"Colegio Alem\u00e1n Barranquilla\"},\"image\":{\"@id\":\"https:\/\/ds-barranquilla.org\/#\/schema\/logo\/image\/\"},\"sameAs\":[\"https:\/\/www.facebook.com\/ColegioAlemanBaq\/\",\"https:\/\/x.com\/ColegioAlemanBq\",\"https:\/\/www.instagram.com\/colegioalemanbaq\/\",\"https:\/\/www.linkedin.com\/school\/deutsche-schule-barranquilla\/\",\"https:\/\/www.youtube.com\/channel\/UCOOGZQCVs6aYRqIWvSN5agQ\"]},{\"@type\":\"Person\",\"@id\":\"https:\/\/ds-barranquilla.org\/#\/schema\/person\/7bf8790ba89d3480e0551241ccdc8d36\",\"name\":\"Comunicaciones Comunicaciones\",\"image\":{\"@type\":\"ImageObject\",\"inLanguage\":\"de\",\"@id\":\"https:\/\/ds-barranquilla.org\/#\/schema\/person\/image\/\",\"url\":\"https:\/\/secure.gravatar.com\/avatar\/a66ba9484a4338d81d6bea750e595038?s=96&d=mm&r=g\",\"contentUrl\":\"https:\/\/secure.gravatar.com\/avatar\/a66ba9484a4338d81d6bea750e595038?s=96&d=mm&r=g\",\"caption\":\"Comunicaciones Comunicaciones\"}}]}<\/script>\n<!-- \/ Yoast SEO plugin. -->","yoast_head_json":{"title":"Profesor de M\u00fasica de nuestro colegio cre\u00f3 la App Sinf\u00f3nica Virtual - 2026","robots":{"index":"noindex","follow":"follow","max-snippet":"max-snippet:-1","max-image-preview":"max-image-preview:large","max-video-preview":"max-video-preview:-1"},"og_locale":"de_DE","og_type":"article","og_title":"Profesor de M\u00fasica de nuestro colegio cre\u00f3 la App Sinf\u00f3nica Virtual - 2026","og_description":"\u202fcreado\u00a0por Jos\u00e9 R\u00edos Mercado Con el objetivo de que los integrantes de la Orquesta Sinf\u00f3nica Juvenil de nuestro colegio pudieran seguir haciendo m\u00fasica y practicaran el [\u2026]","og_url":"https:\/\/ds-barranquilla.org\/de\/profesor-de-musica-de-nuestro-colegio-creo-la-app-sinfonica-virtual\/","og_site_name":"Colegio Alem\u00e1n - Los Mejores Colegios de Colombia - Colegio Triling\u00fce","article_publisher":"https:\/\/www.facebook.com\/ColegioAlemanBaq\/","article_published_time":"2020-05-11T14:14:33+00:00","article_modified_time":"2023-01-04T19:20:55+00:00","og_image":[{"width":568,"height":254,"url":"https:\/\/ds-barranquilla.org\/wp-content\/uploads\/2020\/07\/Profesor-de-M\u00fasica-de-nuestro-colegio-cre\u00f3-la-App-Sinf\u00f3nica-Virtual.jpg","type":"image\/jpeg"}],"author":"Comunicaciones Comunicaciones","twitter_card":"summary_large_image","twitter_creator":"@ColegioAlemanBq","twitter_site":"@ColegioAlemanBq","twitter_misc":{"Verfasst von":"Comunicaciones Comunicaciones","Gesch\u00e4tzte Lesezeit":"2\u00a0Minuten"},"schema":{"@context":"https:\/\/schema.org","@graph":[{"@type":"Article","@id":"https:\/\/ds-barranquilla.org\/de\/profesor-de-musica-de-nuestro-colegio-creo-la-app-sinfonica-virtual\/#article","isPartOf":{"@id":"https:\/\/ds-barranquilla.org\/de\/profesor-de-musica-de-nuestro-colegio-creo-la-app-sinfonica-virtual\/"},"author":{"name":"Comunicaciones Comunicaciones","@id":"https:\/\/ds-barranquilla.org\/#\/schema\/person\/7bf8790ba89d3480e0551241ccdc8d36"},"headline":"Profesor de M\u00fasica de nuestro colegio cre\u00f3 la App Sinf\u00f3nica Virtual","datePublished":"2020-05-11T14:14:33+00:00","dateModified":"2023-01-04T19:20:55+00:00","mainEntityOfPage":{"@id":"https:\/\/ds-barranquilla.org\/de\/profesor-de-musica-de-nuestro-colegio-creo-la-app-sinfonica-virtual\/"},"wordCount":418,"commentCount":0,"publisher":{"@id":"https:\/\/ds-barranquilla.org\/#organization"},"image":{"@id":"https:\/\/ds-barranquilla.org\/de\/profesor-de-musica-de-nuestro-colegio-creo-la-app-sinfonica-virtual\/#primaryimage"},"thumbnailUrl":"https:\/\/ds-barranquilla.org\/wp-content\/uploads\/2020\/07\/Profesor-de-M\u00fasica-de-nuestro-colegio-cre\u00f3-la-App-Sinf\u00f3nica-Virtual.jpg","keywords":["2020","M\u00fasica","Profesores"],"articleSection":["2020","\u00c1rea de Artes Visuales e Interpretativas","Orquesta Sinf\u00f3nica Juvenil"],"inLanguage":"de","potentialAction":[{"@type":"CommentAction","name":"Comment","target":["https:\/\/ds-barranquilla.org\/de\/profesor-de-musica-de-nuestro-colegio-creo-la-app-sinfonica-virtual\/#respond"]}]},{"@type":"WebPage","@id":"https:\/\/ds-barranquilla.org\/de\/profesor-de-musica-de-nuestro-colegio-creo-la-app-sinfonica-virtual\/","url":"https:\/\/ds-barranquilla.org\/de\/profesor-de-musica-de-nuestro-colegio-creo-la-app-sinfonica-virtual\/","name":"Profesor de M\u00fasica de nuestro colegio cre\u00f3 la App Sinf\u00f3nica Virtual - 2026","isPartOf":{"@id":"https:\/\/ds-barranquilla.org\/#website"},"primaryImageOfPage":{"@id":"https:\/\/ds-barranquilla.org\/de\/profesor-de-musica-de-nuestro-colegio-creo-la-app-sinfonica-virtual\/#primaryimage"},"image":{"@id":"https:\/\/ds-barranquilla.org\/de\/profesor-de-musica-de-nuestro-colegio-creo-la-app-sinfonica-virtual\/#primaryimage"},"thumbnailUrl":"https:\/\/ds-barranquilla.org\/wp-content\/uploads\/2020\/07\/Profesor-de-M\u00fasica-de-nuestro-colegio-cre\u00f3-la-App-Sinf\u00f3nica-Virtual.jpg","datePublished":"2020-05-11T14:14:33+00:00","dateModified":"2023-01-04T19:20:55+00:00","breadcrumb":{"@id":"https:\/\/ds-barranquilla.org\/de\/profesor-de-musica-de-nuestro-colegio-creo-la-app-sinfonica-virtual\/#breadcrumb"},"inLanguage":"de","potentialAction":[{"@type":"ReadAction","target":["https:\/\/ds-barranquilla.org\/de\/profesor-de-musica-de-nuestro-colegio-creo-la-app-sinfonica-virtual\/"]}]},{"@type":"ImageObject","inLanguage":"de","@id":"https:\/\/ds-barranquilla.org\/de\/profesor-de-musica-de-nuestro-colegio-creo-la-app-sinfonica-virtual\/#primaryimage","url":"https:\/\/ds-barranquilla.org\/wp-content\/uploads\/2020\/07\/Profesor-de-M\u00fasica-de-nuestro-colegio-cre\u00f3-la-App-Sinf\u00f3nica-Virtual.jpg","contentUrl":"https:\/\/ds-barranquilla.org\/wp-content\/uploads\/2020\/07\/Profesor-de-M\u00fasica-de-nuestro-colegio-cre\u00f3-la-App-Sinf\u00f3nica-Virtual.jpg","width":568,"height":254},{"@type":"BreadcrumbList","@id":"https:\/\/ds-barranquilla.org\/de\/profesor-de-musica-de-nuestro-colegio-creo-la-app-sinfonica-virtual\/#breadcrumb","itemListElement":[{"@type":"ListItem","position":1,"name":"Portada","item":"https:\/\/ds-barranquilla.org\/"},{"@type":"ListItem","position":2,"name":"Profesor de M\u00fasica de nuestro colegio cre\u00f3 la App Sinf\u00f3nica Virtual"}]},{"@type":"WebSite","@id":"https:\/\/ds-barranquilla.org\/#website","url":"https:\/\/ds-barranquilla.org\/","name":"Colegio Alem\u00e1n - Los Mejores Colegios de Colombia - Colegio Triling\u00fce","description":"Colegio Alem\u00e1n  Barranquilla Colombia - Colegio Biling\u00fce - Triling\u00fce - El Mejor Colegio de Colombia","publisher":{"@id":"https:\/\/ds-barranquilla.org\/#organization"},"potentialAction":[{"@type":"SearchAction","target":{"@type":"EntryPoint","urlTemplate":"https:\/\/ds-barranquilla.org\/?s={search_term_string}"},"query-input":"required name=search_term_string"}],"inLanguage":"de"},{"@type":"Organization","@id":"https:\/\/ds-barranquilla.org\/#organization","name":"Colegio Alem\u00e1n Barranquilla","url":"https:\/\/ds-barranquilla.org\/","logo":{"@type":"ImageObject","inLanguage":"de","@id":"https:\/\/ds-barranquilla.org\/#\/schema\/logo\/image\/","url":"https:\/\/ds-barranquilla.org\/wp-content\/uploads\/2021\/05\/coleman_logo_2.png","contentUrl":"https:\/\/ds-barranquilla.org\/wp-content\/uploads\/2021\/05\/coleman_logo_2.png","width":418,"height":307,"caption":"Colegio Alem\u00e1n Barranquilla"},"image":{"@id":"https:\/\/ds-barranquilla.org\/#\/schema\/logo\/image\/"},"sameAs":["https:\/\/www.facebook.com\/ColegioAlemanBaq\/","https:\/\/x.com\/ColegioAlemanBq","https:\/\/www.instagram.com\/colegioalemanbaq\/","https:\/\/www.linkedin.com\/school\/deutsche-schule-barranquilla\/","https:\/\/www.youtube.com\/channel\/UCOOGZQCVs6aYRqIWvSN5agQ"]},{"@type":"Person","@id":"https:\/\/ds-barranquilla.org\/#\/schema\/person\/7bf8790ba89d3480e0551241ccdc8d36","name":"Comunicaciones Comunicaciones","image":{"@type":"ImageObject","inLanguage":"de","@id":"https:\/\/ds-barranquilla.org\/#\/schema\/person\/image\/","url":"https:\/\/secure.gravatar.com\/avatar\/a66ba9484a4338d81d6bea750e595038?s=96&d=mm&r=g","contentUrl":"https:\/\/secure.gravatar.com\/avatar\/a66ba9484a4338d81d6bea750e595038?s=96&d=mm&r=g","caption":"Comunicaciones Comunicaciones"}}]}},"_links":{"self":[{"href":"https:\/\/ds-barranquilla.org\/de\/wp-json\/wp\/v2\/posts\/5360"}],"collection":[{"href":"https:\/\/ds-barranquilla.org\/de\/wp-json\/wp\/v2\/posts"}],"about":[{"href":"https:\/\/ds-barranquilla.org\/de\/wp-json\/wp\/v2\/types\/post"}],"author":[{"embeddable":true,"href":"https:\/\/ds-barranquilla.org\/de\/wp-json\/wp\/v2\/users\/16"}],"replies":[{"embeddable":true,"href":"https:\/\/ds-barranquilla.org\/de\/wp-json\/wp\/v2\/comments?post=5360"}],"version-history":[{"count":1,"href":"https:\/\/ds-barranquilla.org\/de\/wp-json\/wp\/v2\/posts\/5360\/revisions"}],"predecessor-version":[{"id":5362,"href":"https:\/\/ds-barranquilla.org\/de\/wp-json\/wp\/v2\/posts\/5360\/revisions\/5362"}],"wp:featuredmedia":[{"embeddable":true,"href":"https:\/\/ds-barranquilla.org\/de\/wp-json\/wp\/v2\/media\/5361"}],"wp:attachment":[{"href":"https:\/\/ds-barranquilla.org\/de\/wp-json\/wp\/v2\/media?parent=5360"}],"wp:term":[{"taxonomy":"category","embeddable":true,"href":"https:\/\/ds-barranquilla.org\/de\/wp-json\/wp\/v2\/categories?post=5360"},{"taxonomy":"post_tag","embeddable":true,"href":"https:\/\/ds-barranquilla.org\/de\/wp-json\/wp\/v2\/tags?post=5360"}],"curies":[{"name":"wp","href":"https:\/\/api.w.org\/{rel}","templated":true}]}}