{"id":5363,"date":"2020-05-12T09:58:40","date_gmt":"2020-05-12T14:58:40","guid":{"rendered":"https:\/\/ds-barranquilla.org\/?p=5363"},"modified":"2022-12-07T11:42:47","modified_gmt":"2022-12-07T16:42:47","slug":"patria-de-fernando-aramburu-fue-la-ultima-obra-literaria-analizada-por-el-club-de-lectura","status":"publish","type":"post","link":"https:\/\/ds-barranquilla.org\/de\/patria-de-fernando-aramburu-fue-la-ultima-obra-literaria-analizada-por-el-club-de-lectura\/","title":{"rendered":"Unser\u00a0Leseclub\u00a0nimmt das Buch\u00a0\u2018Patria\u2019\u00a0von Fernando Aramburu\u00a0genauer\u00a0unter die Lupe"},"content":{"rendered":"<h3>Unser\u00a0Leseclub\u00a0nimmt das Buch\u00a0\u2018Patria\u2019\u00a0von Fernando Aramburu\u00a0genauer\u00a0unter die Lupe<\/h3>\n<p>&nbsp;<\/p>\n<p>Geschrieben von: Jos\u00e9 R\u00edos Mercado. Der Buchclub der Deutschen Schule Barranquilla geht in die n\u00e4chste Runde und hat sich dieses Mal mit dem Werk \u201ePatria\u201c des spanischen Schriftstellers Fernando\u00a0Aramburu befasst. Inhaltlich geht es bei diesem historischen Roman um die Geschehnisse im Baskenland, die sich in den Jahren 1961-2011 aufgrund verschiedener Aktivit\u00e4ten der Separatistengruppe ETA ereigneten.<\/p>\n<p>Gemeinsam mit unserer Lesef\u00f6rderin, Luz Estela\u00a0Fajardo, wurden die Darstellungen im Buch\u00a0von allen interessierten TeilnehmerInnen\u00a0kritisch diskutiert.\u00a0Der\u00a0Leseclub\u00a0bietet Eltern und ehemaligen Sch\u00fclerInnen immer einen besonderen Raum, um sich gemeinsam\u00a0anhand\u00a0der Analyse und Diskussion\u00a0verschiedener literarischer Werke weiterzubilden und geistig zu fordern.\u00a0<\/p>\n<p>Neben dem Lesen steht insbesondere auch der Austausch untereinander im Vordergrund. Zudem ist es f\u00fcr sie eine gro\u00dfartige M\u00f6glichkeit, enger in Kontakt mit unserer Schule und der hier gelebten deutschen Kultur zu treten. Aufgrund der gegenw\u00e4rtigen Umst\u00e4nde (Coronavirus-Pandemie) wurde dieses Treffen unseres Leseclubs\u00a0auf virtuelle Weise\u00a0durchgef\u00fchrt.<\/p>","protected":false},"excerpt":{"rendered":"<p>Erstellt\u00a0von Jos\u00e9 R\u00edos Mercado<\/p>\n<p>Con el objetivo de seguir\u00a0brind\u00e1ndole\u00a0a nuestros padres de familia\u202fy exalumnos espacios de formaci\u00f3n y crecimiento intelectual, nuestro colegio realiz\u00f3 una edici\u00f3n m\u00e1s del Club de Lectura, una iniciativa a trav\u00e9s de la cual ellos pueden analizar y conversar sobre diferentes obras literarias. En esta oportunidad la actividad se desarroll\u00f3 de forma virtual por causa de\u202fla cuarentena.\u00a0<\/p>","protected":false},"author":16,"featured_media":5364,"comment_status":"open","ping_status":"open","sticky":false,"template":"","format":"standard","meta":{"_exactmetrics_skip_tracking":false,"_exactmetrics_sitenote_active":false,"_exactmetrics_sitenote_note":"","_exactmetrics_sitenote_category":0,"_joinchat":[],"footnotes":""},"categories":[680,695],"tags":[471,477],"class_list":["post-5363","post","type-post","status-publish","format-standard","has-post-thumbnail","hentry","category-680","category-biblioteca","tag-471","tag-blibioteca"],"yoast_head":"<!-- This site is optimized with the Yoast SEO plugin v23.3 - https:\/\/yoast.com\/wordpress\/plugins\/seo\/ -->\n<title>\u2018Patria\u2019 de Fernando Aramburu, fue la \u00faltima obra literaria analizada por el Club de Lectura - 2026<\/title>\n<meta name=\"robots\" content=\"noindex, follow, max-snippet:-1, max-image-preview:large, max-video-preview:-1\" \/>\n<meta property=\"og:locale\" content=\"de_DE\" \/>\n<meta property=\"og:type\" content=\"article\" \/>\n<meta property=\"og:title\" content=\"\u2018Patria\u2019 de Fernando Aramburu, fue la \u00faltima obra literaria analizada por el Club de Lectura - 2026\" \/>\n<meta property=\"og:description\" content=\"Erstellt\u00a0von Jos\u00e9 R\u00edos Mercado  Con el objetivo de seguir\u00a0brind\u00e1ndole\u00a0a nuestros padres de familia\u202fy exalumnos espacios de formaci\u00f3n y crecimiento intelectual, nuestro colegio realiz\u00f3 una edici\u00f3n m\u00e1s del Club de Lectura, una iniciativa a trav\u00e9s de la cual ellos pueden analizar y conversar sobre diferentes obras literarias. En esta oportunidad la actividad se desarroll\u00f3 de forma virtual por causa de\u202fla cuarentena.\u00a0\" \/>\n<meta property=\"og:url\" content=\"https:\/\/ds-barranquilla.org\/de\/patria-de-fernando-aramburu-fue-la-ultima-obra-literaria-analizada-por-el-club-de-lectura\/\" \/>\n<meta property=\"og:site_name\" content=\"Colegio Alem\u00e1n - Los Mejores Colegios de Colombia - Colegio Triling\u00fce\" \/>\n<meta property=\"article:publisher\" content=\"https:\/\/www.facebook.com\/ColegioAlemanBaq\/\" \/>\n<meta property=\"article:published_time\" content=\"2020-05-12T14:58:40+00:00\" \/>\n<meta property=\"article:modified_time\" content=\"2022-12-07T16:42:47+00:00\" \/>\n<meta property=\"og:image\" content=\"https:\/\/ds-barranquilla.org\/wp-content\/uploads\/2020\/07\/\u2018Patria\u2019-de-Fernando-Aramburu-fue-la-\u00faltima-obra-literaria-analizada-por-el-Club-de-Lectura.jpg\" \/>\n\t<meta property=\"og:image:width\" content=\"553\" \/>\n\t<meta property=\"og:image:height\" content=\"252\" \/>\n\t<meta property=\"og:image:type\" content=\"image\/jpeg\" \/>\n<meta name=\"author\" content=\"Comunicaciones Comunicaciones\" \/>\n<meta name=\"twitter:card\" content=\"summary_large_image\" \/>\n<meta name=\"twitter:creator\" content=\"@ColegioAlemanBq\" \/>\n<meta name=\"twitter:site\" content=\"@ColegioAlemanBq\" \/>\n<meta name=\"twitter:label1\" content=\"Verfasst von\" \/>\n\t<meta name=\"twitter:data1\" content=\"Comunicaciones Comunicaciones\" \/>\n\t<meta name=\"twitter:label2\" content=\"Gesch\u00e4tzte Lesezeit\" \/>\n\t<meta name=\"twitter:data2\" content=\"1\u00a0Minute\" \/>\n<script type=\"application\/ld+json\" class=\"yoast-schema-graph\">{\"@context\":\"https:\/\/schema.org\",\"@graph\":[{\"@type\":\"Article\",\"@id\":\"https:\/\/ds-barranquilla.org\/de\/patria-de-fernando-aramburu-fue-la-ultima-obra-literaria-analizada-por-el-club-de-lectura\/#article\",\"isPartOf\":{\"@id\":\"https:\/\/ds-barranquilla.org\/de\/patria-de-fernando-aramburu-fue-la-ultima-obra-literaria-analizada-por-el-club-de-lectura\/\"},\"author\":{\"name\":\"Comunicaciones Comunicaciones\",\"@id\":\"https:\/\/ds-barranquilla.org\/#\/schema\/person\/7bf8790ba89d3480e0551241ccdc8d36\"},\"headline\":\"\u2018Patria\u2019 de Fernando Aramburu, fue la \u00faltima obra literaria analizada por el Club de Lectura\",\"datePublished\":\"2020-05-12T14:58:40+00:00\",\"dateModified\":\"2022-12-07T16:42:47+00:00\",\"mainEntityOfPage\":{\"@id\":\"https:\/\/ds-barranquilla.org\/de\/patria-de-fernando-aramburu-fue-la-ultima-obra-literaria-analizada-por-el-club-de-lectura\/\"},\"wordCount\":202,\"commentCount\":0,\"publisher\":{\"@id\":\"https:\/\/ds-barranquilla.org\/#organization\"},\"image\":{\"@id\":\"https:\/\/ds-barranquilla.org\/de\/patria-de-fernando-aramburu-fue-la-ultima-obra-literaria-analizada-por-el-club-de-lectura\/#primaryimage\"},\"thumbnailUrl\":\"https:\/\/ds-barranquilla.org\/wp-content\/uploads\/2020\/07\/\u2018Patria\u2019-de-Fernando-Aramburu-fue-la-\u00faltima-obra-literaria-analizada-por-el-Club-de-Lectura.jpg\",\"keywords\":[\"2020\",\"Blibioteca\"],\"articleSection\":[\"2020\",\"Biblioteca\"],\"inLanguage\":\"de\",\"potentialAction\":[{\"@type\":\"CommentAction\",\"name\":\"Comment\",\"target\":[\"https:\/\/ds-barranquilla.org\/de\/patria-de-fernando-aramburu-fue-la-ultima-obra-literaria-analizada-por-el-club-de-lectura\/#respond\"]}]},{\"@type\":\"WebPage\",\"@id\":\"https:\/\/ds-barranquilla.org\/de\/patria-de-fernando-aramburu-fue-la-ultima-obra-literaria-analizada-por-el-club-de-lectura\/\",\"url\":\"https:\/\/ds-barranquilla.org\/de\/patria-de-fernando-aramburu-fue-la-ultima-obra-literaria-analizada-por-el-club-de-lectura\/\",\"name\":\"\u2018Patria\u2019 de Fernando Aramburu, fue la \u00faltima obra literaria analizada por el Club de Lectura - 2026\",\"isPartOf\":{\"@id\":\"https:\/\/ds-barranquilla.org\/#website\"},\"primaryImageOfPage\":{\"@id\":\"https:\/\/ds-barranquilla.org\/de\/patria-de-fernando-aramburu-fue-la-ultima-obra-literaria-analizada-por-el-club-de-lectura\/#primaryimage\"},\"image\":{\"@id\":\"https:\/\/ds-barranquilla.org\/de\/patria-de-fernando-aramburu-fue-la-ultima-obra-literaria-analizada-por-el-club-de-lectura\/#primaryimage\"},\"thumbnailUrl\":\"https:\/\/ds-barranquilla.org\/wp-content\/uploads\/2020\/07\/\u2018Patria\u2019-de-Fernando-Aramburu-fue-la-\u00faltima-obra-literaria-analizada-por-el-Club-de-Lectura.jpg\",\"datePublished\":\"2020-05-12T14:58:40+00:00\",\"dateModified\":\"2022-12-07T16:42:47+00:00\",\"breadcrumb\":{\"@id\":\"https:\/\/ds-barranquilla.org\/de\/patria-de-fernando-aramburu-fue-la-ultima-obra-literaria-analizada-por-el-club-de-lectura\/#breadcrumb\"},\"inLanguage\":\"de\",\"potentialAction\":[{\"@type\":\"ReadAction\",\"target\":[\"https:\/\/ds-barranquilla.org\/de\/patria-de-fernando-aramburu-fue-la-ultima-obra-literaria-analizada-por-el-club-de-lectura\/\"]}]},{\"@type\":\"ImageObject\",\"inLanguage\":\"de\",\"@id\":\"https:\/\/ds-barranquilla.org\/de\/patria-de-fernando-aramburu-fue-la-ultima-obra-literaria-analizada-por-el-club-de-lectura\/#primaryimage\",\"url\":\"https:\/\/ds-barranquilla.org\/wp-content\/uploads\/2020\/07\/\u2018Patria\u2019-de-Fernando-Aramburu-fue-la-\u00faltima-obra-literaria-analizada-por-el-Club-de-Lectura.jpg\",\"contentUrl\":\"https:\/\/ds-barranquilla.org\/wp-content\/uploads\/2020\/07\/\u2018Patria\u2019-de-Fernando-Aramburu-fue-la-\u00faltima-obra-literaria-analizada-por-el-Club-de-Lectura.jpg\",\"width\":553,\"height\":252},{\"@type\":\"BreadcrumbList\",\"@id\":\"https:\/\/ds-barranquilla.org\/de\/patria-de-fernando-aramburu-fue-la-ultima-obra-literaria-analizada-por-el-club-de-lectura\/#breadcrumb\",\"itemListElement\":[{\"@type\":\"ListItem\",\"position\":1,\"name\":\"Portada\",\"item\":\"https:\/\/ds-barranquilla.org\/\"},{\"@type\":\"ListItem\",\"position\":2,\"name\":\"\u2018Patria\u2019 de Fernando Aramburu, fue la \u00faltima obra literaria analizada por el Club de Lectura\"}]},{\"@type\":\"WebSite\",\"@id\":\"https:\/\/ds-barranquilla.org\/#website\",\"url\":\"https:\/\/ds-barranquilla.org\/\",\"name\":\"Colegio Alem\u00e1n - Los Mejores Colegios de Colombia - Colegio Triling\u00fce\",\"description\":\"Colegio Alem\u00e1n  Barranquilla Colombia - Colegio Biling\u00fce - Triling\u00fce - El Mejor Colegio de Colombia\",\"publisher\":{\"@id\":\"https:\/\/ds-barranquilla.org\/#organization\"},\"potentialAction\":[{\"@type\":\"SearchAction\",\"target\":{\"@type\":\"EntryPoint\",\"urlTemplate\":\"https:\/\/ds-barranquilla.org\/?s={search_term_string}\"},\"query-input\":\"required name=search_term_string\"}],\"inLanguage\":\"de\"},{\"@type\":\"Organization\",\"@id\":\"https:\/\/ds-barranquilla.org\/#organization\",\"name\":\"Colegio Alem\u00e1n Barranquilla\",\"url\":\"https:\/\/ds-barranquilla.org\/\",\"logo\":{\"@type\":\"ImageObject\",\"inLanguage\":\"de\",\"@id\":\"https:\/\/ds-barranquilla.org\/#\/schema\/logo\/image\/\",\"url\":\"https:\/\/ds-barranquilla.org\/wp-content\/uploads\/2021\/05\/coleman_logo_2.png\",\"contentUrl\":\"https:\/\/ds-barranquilla.org\/wp-content\/uploads\/2021\/05\/coleman_logo_2.png\",\"width\":418,\"height\":307,\"caption\":\"Colegio Alem\u00e1n Barranquilla\"},\"image\":{\"@id\":\"https:\/\/ds-barranquilla.org\/#\/schema\/logo\/image\/\"},\"sameAs\":[\"https:\/\/www.facebook.com\/ColegioAlemanBaq\/\",\"https:\/\/x.com\/ColegioAlemanBq\",\"https:\/\/www.instagram.com\/colegioalemanbaq\/\",\"https:\/\/www.linkedin.com\/school\/deutsche-schule-barranquilla\/\",\"https:\/\/www.youtube.com\/channel\/UCOOGZQCVs6aYRqIWvSN5agQ\"]},{\"@type\":\"Person\",\"@id\":\"https:\/\/ds-barranquilla.org\/#\/schema\/person\/7bf8790ba89d3480e0551241ccdc8d36\",\"name\":\"Comunicaciones Comunicaciones\",\"image\":{\"@type\":\"ImageObject\",\"inLanguage\":\"de\",\"@id\":\"https:\/\/ds-barranquilla.org\/#\/schema\/person\/image\/\",\"url\":\"https:\/\/secure.gravatar.com\/avatar\/a66ba9484a4338d81d6bea750e595038?s=96&d=mm&r=g\",\"contentUrl\":\"https:\/\/secure.gravatar.com\/avatar\/a66ba9484a4338d81d6bea750e595038?s=96&d=mm&r=g\",\"caption\":\"Comunicaciones Comunicaciones\"}}]}<\/script>\n<!-- \/ Yoast SEO plugin. -->","yoast_head_json":{"title":"\u2018Patria\u2019 de Fernando Aramburu, fue la \u00faltima obra literaria analizada por el Club de Lectura - 2026","robots":{"index":"noindex","follow":"follow","max-snippet":"max-snippet:-1","max-image-preview":"max-image-preview:large","max-video-preview":"max-video-preview:-1"},"og_locale":"de_DE","og_type":"article","og_title":"\u2018Patria\u2019 de Fernando Aramburu, fue la \u00faltima obra literaria analizada por el Club de Lectura - 2026","og_description":"Erstellt\u00a0von Jos\u00e9 R\u00edos Mercado  Con el objetivo de seguir\u00a0brind\u00e1ndole\u00a0a nuestros padres de familia\u202fy exalumnos espacios de formaci\u00f3n y crecimiento intelectual, nuestro colegio realiz\u00f3 una edici\u00f3n m\u00e1s del Club de Lectura, una iniciativa a trav\u00e9s de la cual ellos pueden analizar y conversar sobre diferentes obras literarias. En esta oportunidad la actividad se desarroll\u00f3 de forma virtual por causa de\u202fla cuarentena.\u00a0","og_url":"https:\/\/ds-barranquilla.org\/de\/patria-de-fernando-aramburu-fue-la-ultima-obra-literaria-analizada-por-el-club-de-lectura\/","og_site_name":"Colegio Alem\u00e1n - Los Mejores Colegios de Colombia - Colegio Triling\u00fce","article_publisher":"https:\/\/www.facebook.com\/ColegioAlemanBaq\/","article_published_time":"2020-05-12T14:58:40+00:00","article_modified_time":"2022-12-07T16:42:47+00:00","og_image":[{"width":553,"height":252,"url":"https:\/\/ds-barranquilla.org\/wp-content\/uploads\/2020\/07\/\u2018Patria\u2019-de-Fernando-Aramburu-fue-la-\u00faltima-obra-literaria-analizada-por-el-Club-de-Lectura.jpg","type":"image\/jpeg"}],"author":"Comunicaciones Comunicaciones","twitter_card":"summary_large_image","twitter_creator":"@ColegioAlemanBq","twitter_site":"@ColegioAlemanBq","twitter_misc":{"Verfasst von":"Comunicaciones Comunicaciones","Gesch\u00e4tzte Lesezeit":"1\u00a0Minute"},"schema":{"@context":"https:\/\/schema.org","@graph":[{"@type":"Article","@id":"https:\/\/ds-barranquilla.org\/de\/patria-de-fernando-aramburu-fue-la-ultima-obra-literaria-analizada-por-el-club-de-lectura\/#article","isPartOf":{"@id":"https:\/\/ds-barranquilla.org\/de\/patria-de-fernando-aramburu-fue-la-ultima-obra-literaria-analizada-por-el-club-de-lectura\/"},"author":{"name":"Comunicaciones Comunicaciones","@id":"https:\/\/ds-barranquilla.org\/#\/schema\/person\/7bf8790ba89d3480e0551241ccdc8d36"},"headline":"\u2018Patria\u2019 de Fernando Aramburu, fue la \u00faltima obra literaria analizada por el Club de Lectura","datePublished":"2020-05-12T14:58:40+00:00","dateModified":"2022-12-07T16:42:47+00:00","mainEntityOfPage":{"@id":"https:\/\/ds-barranquilla.org\/de\/patria-de-fernando-aramburu-fue-la-ultima-obra-literaria-analizada-por-el-club-de-lectura\/"},"wordCount":202,"commentCount":0,"publisher":{"@id":"https:\/\/ds-barranquilla.org\/#organization"},"image":{"@id":"https:\/\/ds-barranquilla.org\/de\/patria-de-fernando-aramburu-fue-la-ultima-obra-literaria-analizada-por-el-club-de-lectura\/#primaryimage"},"thumbnailUrl":"https:\/\/ds-barranquilla.org\/wp-content\/uploads\/2020\/07\/\u2018Patria\u2019-de-Fernando-Aramburu-fue-la-\u00faltima-obra-literaria-analizada-por-el-Club-de-Lectura.jpg","keywords":["2020","Blibioteca"],"articleSection":["2020","Biblioteca"],"inLanguage":"de","potentialAction":[{"@type":"CommentAction","name":"Comment","target":["https:\/\/ds-barranquilla.org\/de\/patria-de-fernando-aramburu-fue-la-ultima-obra-literaria-analizada-por-el-club-de-lectura\/#respond"]}]},{"@type":"WebPage","@id":"https:\/\/ds-barranquilla.org\/de\/patria-de-fernando-aramburu-fue-la-ultima-obra-literaria-analizada-por-el-club-de-lectura\/","url":"https:\/\/ds-barranquilla.org\/de\/patria-de-fernando-aramburu-fue-la-ultima-obra-literaria-analizada-por-el-club-de-lectura\/","name":"\u2018Patria\u2019 de Fernando Aramburu, fue la \u00faltima obra literaria analizada por el Club de Lectura - 2026","isPartOf":{"@id":"https:\/\/ds-barranquilla.org\/#website"},"primaryImageOfPage":{"@id":"https:\/\/ds-barranquilla.org\/de\/patria-de-fernando-aramburu-fue-la-ultima-obra-literaria-analizada-por-el-club-de-lectura\/#primaryimage"},"image":{"@id":"https:\/\/ds-barranquilla.org\/de\/patria-de-fernando-aramburu-fue-la-ultima-obra-literaria-analizada-por-el-club-de-lectura\/#primaryimage"},"thumbnailUrl":"https:\/\/ds-barranquilla.org\/wp-content\/uploads\/2020\/07\/\u2018Patria\u2019-de-Fernando-Aramburu-fue-la-\u00faltima-obra-literaria-analizada-por-el-Club-de-Lectura.jpg","datePublished":"2020-05-12T14:58:40+00:00","dateModified":"2022-12-07T16:42:47+00:00","breadcrumb":{"@id":"https:\/\/ds-barranquilla.org\/de\/patria-de-fernando-aramburu-fue-la-ultima-obra-literaria-analizada-por-el-club-de-lectura\/#breadcrumb"},"inLanguage":"de","potentialAction":[{"@type":"ReadAction","target":["https:\/\/ds-barranquilla.org\/de\/patria-de-fernando-aramburu-fue-la-ultima-obra-literaria-analizada-por-el-club-de-lectura\/"]}]},{"@type":"ImageObject","inLanguage":"de","@id":"https:\/\/ds-barranquilla.org\/de\/patria-de-fernando-aramburu-fue-la-ultima-obra-literaria-analizada-por-el-club-de-lectura\/#primaryimage","url":"https:\/\/ds-barranquilla.org\/wp-content\/uploads\/2020\/07\/\u2018Patria\u2019-de-Fernando-Aramburu-fue-la-\u00faltima-obra-literaria-analizada-por-el-Club-de-Lectura.jpg","contentUrl":"https:\/\/ds-barranquilla.org\/wp-content\/uploads\/2020\/07\/\u2018Patria\u2019-de-Fernando-Aramburu-fue-la-\u00faltima-obra-literaria-analizada-por-el-Club-de-Lectura.jpg","width":553,"height":252},{"@type":"BreadcrumbList","@id":"https:\/\/ds-barranquilla.org\/de\/patria-de-fernando-aramburu-fue-la-ultima-obra-literaria-analizada-por-el-club-de-lectura\/#breadcrumb","itemListElement":[{"@type":"ListItem","position":1,"name":"Portada","item":"https:\/\/ds-barranquilla.org\/"},{"@type":"ListItem","position":2,"name":"\u2018Patria\u2019 de Fernando Aramburu, fue la \u00faltima obra literaria analizada por el Club de Lectura"}]},{"@type":"WebSite","@id":"https:\/\/ds-barranquilla.org\/#website","url":"https:\/\/ds-barranquilla.org\/","name":"Colegio Alem\u00e1n - Los Mejores Colegios de Colombia - Colegio Triling\u00fce","description":"Colegio Alem\u00e1n  Barranquilla Colombia - Colegio Biling\u00fce - Triling\u00fce - El Mejor Colegio de Colombia","publisher":{"@id":"https:\/\/ds-barranquilla.org\/#organization"},"potentialAction":[{"@type":"SearchAction","target":{"@type":"EntryPoint","urlTemplate":"https:\/\/ds-barranquilla.org\/?s={search_term_string}"},"query-input":"required name=search_term_string"}],"inLanguage":"de"},{"@type":"Organization","@id":"https:\/\/ds-barranquilla.org\/#organization","name":"Colegio Alem\u00e1n Barranquilla","url":"https:\/\/ds-barranquilla.org\/","logo":{"@type":"ImageObject","inLanguage":"de","@id":"https:\/\/ds-barranquilla.org\/#\/schema\/logo\/image\/","url":"https:\/\/ds-barranquilla.org\/wp-content\/uploads\/2021\/05\/coleman_logo_2.png","contentUrl":"https:\/\/ds-barranquilla.org\/wp-content\/uploads\/2021\/05\/coleman_logo_2.png","width":418,"height":307,"caption":"Colegio Alem\u00e1n Barranquilla"},"image":{"@id":"https:\/\/ds-barranquilla.org\/#\/schema\/logo\/image\/"},"sameAs":["https:\/\/www.facebook.com\/ColegioAlemanBaq\/","https:\/\/x.com\/ColegioAlemanBq","https:\/\/www.instagram.com\/colegioalemanbaq\/","https:\/\/www.linkedin.com\/school\/deutsche-schule-barranquilla\/","https:\/\/www.youtube.com\/channel\/UCOOGZQCVs6aYRqIWvSN5agQ"]},{"@type":"Person","@id":"https:\/\/ds-barranquilla.org\/#\/schema\/person\/7bf8790ba89d3480e0551241ccdc8d36","name":"Comunicaciones Comunicaciones","image":{"@type":"ImageObject","inLanguage":"de","@id":"https:\/\/ds-barranquilla.org\/#\/schema\/person\/image\/","url":"https:\/\/secure.gravatar.com\/avatar\/a66ba9484a4338d81d6bea750e595038?s=96&d=mm&r=g","contentUrl":"https:\/\/secure.gravatar.com\/avatar\/a66ba9484a4338d81d6bea750e595038?s=96&d=mm&r=g","caption":"Comunicaciones Comunicaciones"}}]}},"_links":{"self":[{"href":"https:\/\/ds-barranquilla.org\/de\/wp-json\/wp\/v2\/posts\/5363"}],"collection":[{"href":"https:\/\/ds-barranquilla.org\/de\/wp-json\/wp\/v2\/posts"}],"about":[{"href":"https:\/\/ds-barranquilla.org\/de\/wp-json\/wp\/v2\/types\/post"}],"author":[{"embeddable":true,"href":"https:\/\/ds-barranquilla.org\/de\/wp-json\/wp\/v2\/users\/16"}],"replies":[{"embeddable":true,"href":"https:\/\/ds-barranquilla.org\/de\/wp-json\/wp\/v2\/comments?post=5363"}],"version-history":[{"count":10,"href":"https:\/\/ds-barranquilla.org\/de\/wp-json\/wp\/v2\/posts\/5363\/revisions"}],"predecessor-version":[{"id":14928,"href":"https:\/\/ds-barranquilla.org\/de\/wp-json\/wp\/v2\/posts\/5363\/revisions\/14928"}],"wp:featuredmedia":[{"embeddable":true,"href":"https:\/\/ds-barranquilla.org\/de\/wp-json\/wp\/v2\/media\/5364"}],"wp:attachment":[{"href":"https:\/\/ds-barranquilla.org\/de\/wp-json\/wp\/v2\/media?parent=5363"}],"wp:term":[{"taxonomy":"category","embeddable":true,"href":"https:\/\/ds-barranquilla.org\/de\/wp-json\/wp\/v2\/categories?post=5363"},{"taxonomy":"post_tag","embeddable":true,"href":"https:\/\/ds-barranquilla.org\/de\/wp-json\/wp\/v2\/tags?post=5363"}],"curies":[{"name":"wp","href":"https:\/\/api.w.org\/{rel}","templated":true}]}}