{"id":5568,"date":"2019-01-25T14:34:30","date_gmt":"2019-01-25T19:34:30","guid":{"rendered":"https:\/\/ds-barranquilla.org\/?p=5568"},"modified":"2023-01-04T14:27:26","modified_gmt":"2023-01-04T19:27:26","slug":"articulo-arthur-corredor-carreiro-pires-oficina-de-comunicaciones-colegio-aleman-de-barranquilla","status":"publish","type":"post","link":"https:\/\/ds-barranquilla.org\/de\/articulo-arthur-corredor-carreiro-pires-oficina-de-comunicaciones-colegio-aleman-de-barranquilla\/","title":{"rendered":"Art\u00edculo \u2013 Arthur Corredor Carreiro-Pires   Oficina de Comunicaciones   Colegio Alem\u00e1n de Barranquilla"},"content":{"rendered":"<p><b><span data-contrast=\"auto\">25\u201c<\/span><\/b><b><span data-contrast=\"auto\">Me gust\u00f3 mucho ir al colegio en bicicleta\u201d<\/span><\/b><b><span data-contrast=\"auto\">: Arthur Corredor<\/span><\/b><b><span data-contrast=\"auto\">\u00a0<\/span><\/b><b><span data-contrast=\"auto\">Carreiro-Pires (Estudiante de K<\/span><\/b><b><span data-contrast=\"auto\">\u00ed<\/span><\/b><b><span data-contrast=\"auto\">nder<\/span><\/b><b><span data-contrast=\"auto\">)<\/span><\/b><span data-ccp-props=\"{&quot;201341983&quot;:0,&quot;335551550&quot;:2,&quot;335551620&quot;:2,&quot;335559739&quot;:0,&quot;335559740&quot;:240}\">\u00a0<\/span><\/p>\n<p><span data-ccp-props=\"{&quot;201341983&quot;:0,&quot;335551550&quot;:2,&quot;335551620&quot;:2,&quot;335559739&quot;:0,&quot;335559740&quot;:240}\">\u00a0<\/span><\/p>\n<p><span data-contrast=\"none\">\u202fCreado por Jos\u00e9 R\u00edos |\u202f25.01.2019<\/span><span data-ccp-props=\"{&quot;201341983&quot;:0,&quot;335559739&quot;:160,&quot;335559740&quot;:240}\">\u00a0<\/span><\/p>\n<p><span data-contrast=\"auto\">A sus cinco a\u00f1os de edad Arthur Corredor Carreiro-Pires ya tuvo la oportunidad de participar de un intercambio acad\u00e9mico en el exterior. Por razones laborales su familia tuvo que trasladarse a Brasil por un mes y a trav\u00e9s de la gesti\u00f3n realizada por el Colegio Alem\u00e1n de Barranquilla donde el ni\u00f1o cursa K<\/span><span data-contrast=\"auto\">\u00ed<\/span><span data-contrast=\"auto\">nder, Arthur pudo permanecer\u00a0<\/span><span data-contrast=\"auto\">durante\u00a0<\/span><span data-contrast=\"auto\">noviembre del a\u00f1o pasado\u00a0<\/span><span data-contrast=\"auto\">en el Colegio Alem\u00e1n de R\u00edo de Janeiro<\/span><span data-contrast=\"auto\">.<\/span><span data-ccp-props=\"{&quot;201341983&quot;:0,&quot;335551550&quot;:6,&quot;335551620&quot;:6,&quot;335559739&quot;:0,&quot;335559740&quot;:240}\">\u00a0<\/span><\/p>\n<p><span data-ccp-props=\"{&quot;201341983&quot;:0,&quot;335551550&quot;:6,&quot;335551620&quot;:6,&quot;335559739&quot;:0,&quot;335559740&quot;:240}\">\u00a0<\/span><\/p>\n<p><span data-contrast=\"auto\">\u201cEl colegio donde estuvo mi hijo es uno de los mejores de la ciudad por la ense\u00f1anza de los idiomas. Esta experiencia fue magn\u00edfica tanto para \u00e9l como para nosotros porque nos permiti\u00f3 abrir la mente y entender que el Alem\u00e1n est\u00e1 en todas partes. La acogida tanto de los profesores como de sus amiguitos fue muy buena<\/span><span data-contrast=\"auto\">, lo que permiti\u00f3 que Arthur pudiera desarrollar tambi\u00e9n su portugu\u00e9s\u201d, expres\u00f3 su mam\u00e1<\/span><span data-contrast=\"auto\">\u00a0Aline Carreiro-Pires.<\/span><span data-ccp-props=\"{&quot;201341983&quot;:0,&quot;335551550&quot;:6,&quot;335551620&quot;:6,&quot;335559739&quot;:0,&quot;335559740&quot;:240}\">\u00a0<\/span><\/p>\n<p><span data-ccp-props=\"{&quot;201341983&quot;:0,&quot;335551550&quot;:6,&quot;335551620&quot;:6,&quot;335559739&quot;:0,&quot;335559740&quot;:240}\">\u00a0<\/span><\/p>\n<p><span data-contrast=\"auto\">Aline<\/span><span data-contrast=\"auto\">\u00a0Carreiro-Pires<\/span><span data-contrast=\"auto\">\u00a0<\/span><span data-contrast=\"auto\">indic\u00f3 que su hijo se destac\u00f3 por su sociabilidad y por sus capacidades deportiva y motora.\u00a0<\/span><span data-contrast=\"auto\">Por su parte, Andr\u00e9s Corredor, pap\u00e1 de Arthur, precis\u00f3 que su hijo por su buen nivel de Alem\u00e1n estuvo compartiendo aula de clases con hijos de ciudadanos alemanes.\u00a0<\/span><span data-ccp-props=\"{&quot;201341983&quot;:0,&quot;335551550&quot;:6,&quot;335551620&quot;:6,&quot;335559739&quot;:0,&quot;335559740&quot;:240}\">\u00a0<\/span><\/p>\n<p><span data-ccp-props=\"{&quot;201341983&quot;:0,&quot;335551550&quot;:6,&quot;335551620&quot;:6,&quot;335559739&quot;:0,&quot;335559740&quot;:240}\">\u00a0<\/span><\/p>\n<p><span data-contrast=\"auto\">\u201cArthur fue muy bien calificado a nivel de desempe\u00f1o escolar constituy\u00e9ndose esto en una experiencia gratificante tanto para \u00e9l como para nosotros que estamos en este proceso.\u00a0<\/span><span data-contrast=\"auto\">Tambi\u00e9n agradeci\u00f3 el apoyo brindado por el Colegio Alem\u00e1n de Barranquilla para\u00a0<\/span><span data-contrast=\"auto\">que\u00a0<\/span><span data-contrast=\"auto\">se pudiera realizar este intercambio<\/span><span data-contrast=\"auto\">\u201d, manifest\u00f3<\/span><span data-contrast=\"auto\">\u00a0Andr\u00e9s<\/span><span data-contrast=\"auto\">\u00a0Corredor<\/span><span data-contrast=\"auto\">.<\/span><span data-ccp-props=\"{&quot;201341983&quot;:0,&quot;335551550&quot;:6,&quot;335551620&quot;:6,&quot;335559739&quot;:0,&quot;335559740&quot;:240}\">\u00a0<\/span><\/p>\n<p><span data-ccp-props=\"{&quot;201341983&quot;:0,&quot;335551550&quot;:6,&quot;335551620&quot;:6,&quot;335559739&quot;:0,&quot;335559740&quot;:240}\">\u00a0<\/span><\/p>\n<p><span data-contrast=\"auto\">Los padres de Arthur mencionaron que una de las cosas que m\u00e1s disfrut\u00f3 su hijo durante su permanencia en Brasil era desplazarse en bicicleta junto a su pap\u00e1 para ir al colegio.\u00a0<\/span><span data-ccp-props=\"{&quot;201341983&quot;:0,&quot;335551550&quot;:6,&quot;335551620&quot;:6,&quot;335559739&quot;:0,&quot;335559740&quot;:240}\">\u00a0<\/span><\/p>","protected":false},"excerpt":{"rendered":"<p>25\u201cMe gust\u00f3 mucho ir al colegio en bicicleta\u201d: Arthur Corredor\u00a0Carreiro-Pires (Estudiante de K\u00ednder)\u00a0 \u00a0 \u202fCreado por Jos\u00e9 R\u00edos |\u202f25.01.2019\u00a0 A sus cinco a\u00f1os de edad Arthur<span class=\"excerpt-hellip\"> [\u2026]<\/span><\/p>","protected":false},"author":16,"featured_media":5569,"comment_status":"open","ping_status":"open","sticky":false,"template":"","format":"standard","meta":{"_exactmetrics_skip_tracking":false,"_exactmetrics_sitenote_active":false,"_exactmetrics_sitenote_note":"","_exactmetrics_sitenote_category":0,"_joinchat":[],"footnotes":""},"categories":[678,677,704],"tags":[439,432,476,459],"class_list":["post-5568","post","type-post","status-publish","format-standard","has-post-thumbnail","hentry","category-678","category-kindergarten","category-oficina-de-relaciones-internacionales","tag-439","tag-aleman","tag-intercambio","tag-kindergarten"],"yoast_head":"<!-- This site is optimized with the Yoast SEO plugin v23.3 - https:\/\/yoast.com\/wordpress\/plugins\/seo\/ -->\n<title>Art\u00edculo \u2013 Arthur Corredor Carreiro-Pires  Oficina de Comunicaciones  Colegio Alem\u00e1n de Barranquilla - 2026<\/title>\n<meta name=\"robots\" content=\"noindex, follow, max-snippet:-1, max-image-preview:large, max-video-preview:-1\" \/>\n<meta property=\"og:locale\" content=\"de_DE\" \/>\n<meta property=\"og:type\" content=\"article\" \/>\n<meta property=\"og:title\" content=\"Art\u00edculo \u2013 Arthur Corredor Carreiro-Pires  Oficina de Comunicaciones  Colegio Alem\u00e1n de Barranquilla - 2026\" \/>\n<meta property=\"og:description\" content=\"25\u201cMe gust\u00f3 mucho ir al colegio en bicicleta\u201d: Arthur Corredor\u00a0Carreiro-Pires (Estudiante de K\u00ednder)\u00a0 \u00a0 \u202fCreado por Jos\u00e9 R\u00edos |\u202f25.01.2019\u00a0 A sus cinco a\u00f1os de edad Arthur [\u2026]\" \/>\n<meta property=\"og:url\" content=\"https:\/\/ds-barranquilla.org\/de\/articulo-arthur-corredor-carreiro-pires-oficina-de-comunicaciones-colegio-aleman-de-barranquilla\/\" \/>\n<meta property=\"og:site_name\" content=\"Colegio Alem\u00e1n - Los Mejores Colegios de Colombia - Colegio Triling\u00fce\" \/>\n<meta property=\"article:publisher\" content=\"https:\/\/www.facebook.com\/ColegioAlemanBaq\/\" \/>\n<meta property=\"article:published_time\" content=\"2019-01-25T19:34:30+00:00\" \/>\n<meta property=\"article:modified_time\" content=\"2023-01-04T19:27:26+00:00\" \/>\n<meta property=\"og:image\" content=\"https:\/\/ds-barranquilla.org\/wp-content\/uploads\/2020\/08\/Art\u00edculo-\u2013-Arthur-Corredor-Carreiro-Pires.jpg\" \/>\n\t<meta property=\"og:image:width\" content=\"529\" \/>\n\t<meta property=\"og:image:height\" content=\"208\" \/>\n\t<meta property=\"og:image:type\" content=\"image\/jpeg\" \/>\n<meta name=\"author\" content=\"Comunicaciones Comunicaciones\" \/>\n<meta name=\"twitter:card\" content=\"summary_large_image\" \/>\n<meta name=\"twitter:creator\" content=\"@ColegioAlemanBq\" \/>\n<meta name=\"twitter:site\" content=\"@ColegioAlemanBq\" \/>\n<meta name=\"twitter:label1\" content=\"Verfasst von\" \/>\n\t<meta name=\"twitter:data1\" content=\"Comunicaciones Comunicaciones\" \/>\n\t<meta name=\"twitter:label2\" content=\"Gesch\u00e4tzte Lesezeit\" \/>\n\t<meta name=\"twitter:data2\" content=\"2\u00a0Minuten\" \/>\n<script type=\"application\/ld+json\" class=\"yoast-schema-graph\">{\"@context\":\"https:\/\/schema.org\",\"@graph\":[{\"@type\":\"Article\",\"@id\":\"https:\/\/ds-barranquilla.org\/de\/articulo-arthur-corredor-carreiro-pires-oficina-de-comunicaciones-colegio-aleman-de-barranquilla\/#article\",\"isPartOf\":{\"@id\":\"https:\/\/ds-barranquilla.org\/de\/articulo-arthur-corredor-carreiro-pires-oficina-de-comunicaciones-colegio-aleman-de-barranquilla\/\"},\"author\":{\"name\":\"Comunicaciones Comunicaciones\",\"@id\":\"https:\/\/ds-barranquilla.org\/#\/schema\/person\/7bf8790ba89d3480e0551241ccdc8d36\"},\"headline\":\"Art\u00edculo \u2013 Arthur Corredor Carreiro-Pires Oficina de Comunicaciones Colegio Alem\u00e1n de Barranquilla\",\"datePublished\":\"2019-01-25T19:34:30+00:00\",\"dateModified\":\"2023-01-04T19:27:26+00:00\",\"mainEntityOfPage\":{\"@id\":\"https:\/\/ds-barranquilla.org\/de\/articulo-arthur-corredor-carreiro-pires-oficina-de-comunicaciones-colegio-aleman-de-barranquilla\/\"},\"wordCount\":324,\"commentCount\":0,\"publisher\":{\"@id\":\"https:\/\/ds-barranquilla.org\/#organization\"},\"image\":{\"@id\":\"https:\/\/ds-barranquilla.org\/de\/articulo-arthur-corredor-carreiro-pires-oficina-de-comunicaciones-colegio-aleman-de-barranquilla\/#primaryimage\"},\"thumbnailUrl\":\"https:\/\/ds-barranquilla.org\/wp-content\/uploads\/2020\/08\/Art\u00edculo-\u2013-Arthur-Corredor-Carreiro-Pires.jpg\",\"keywords\":[\"2018\",\"Alem\u00e1n\",\"Intercambio\",\"Kindergarten\"],\"articleSection\":[\"2018\",\"Kindergarten\",\"Oficina de Relaciones Internacionales\"],\"inLanguage\":\"de\",\"potentialAction\":[{\"@type\":\"CommentAction\",\"name\":\"Comment\",\"target\":[\"https:\/\/ds-barranquilla.org\/de\/articulo-arthur-corredor-carreiro-pires-oficina-de-comunicaciones-colegio-aleman-de-barranquilla\/#respond\"]}]},{\"@type\":\"WebPage\",\"@id\":\"https:\/\/ds-barranquilla.org\/de\/articulo-arthur-corredor-carreiro-pires-oficina-de-comunicaciones-colegio-aleman-de-barranquilla\/\",\"url\":\"https:\/\/ds-barranquilla.org\/de\/articulo-arthur-corredor-carreiro-pires-oficina-de-comunicaciones-colegio-aleman-de-barranquilla\/\",\"name\":\"Art\u00edculo \u2013 Arthur Corredor Carreiro-Pires Oficina de Comunicaciones Colegio Alem\u00e1n de Barranquilla - 2026\",\"isPartOf\":{\"@id\":\"https:\/\/ds-barranquilla.org\/#website\"},\"primaryImageOfPage\":{\"@id\":\"https:\/\/ds-barranquilla.org\/de\/articulo-arthur-corredor-carreiro-pires-oficina-de-comunicaciones-colegio-aleman-de-barranquilla\/#primaryimage\"},\"image\":{\"@id\":\"https:\/\/ds-barranquilla.org\/de\/articulo-arthur-corredor-carreiro-pires-oficina-de-comunicaciones-colegio-aleman-de-barranquilla\/#primaryimage\"},\"thumbnailUrl\":\"https:\/\/ds-barranquilla.org\/wp-content\/uploads\/2020\/08\/Art\u00edculo-\u2013-Arthur-Corredor-Carreiro-Pires.jpg\",\"datePublished\":\"2019-01-25T19:34:30+00:00\",\"dateModified\":\"2023-01-04T19:27:26+00:00\",\"breadcrumb\":{\"@id\":\"https:\/\/ds-barranquilla.org\/de\/articulo-arthur-corredor-carreiro-pires-oficina-de-comunicaciones-colegio-aleman-de-barranquilla\/#breadcrumb\"},\"inLanguage\":\"de\",\"potentialAction\":[{\"@type\":\"ReadAction\",\"target\":[\"https:\/\/ds-barranquilla.org\/de\/articulo-arthur-corredor-carreiro-pires-oficina-de-comunicaciones-colegio-aleman-de-barranquilla\/\"]}]},{\"@type\":\"ImageObject\",\"inLanguage\":\"de\",\"@id\":\"https:\/\/ds-barranquilla.org\/de\/articulo-arthur-corredor-carreiro-pires-oficina-de-comunicaciones-colegio-aleman-de-barranquilla\/#primaryimage\",\"url\":\"https:\/\/ds-barranquilla.org\/wp-content\/uploads\/2020\/08\/Art\u00edculo-\u2013-Arthur-Corredor-Carreiro-Pires.jpg\",\"contentUrl\":\"https:\/\/ds-barranquilla.org\/wp-content\/uploads\/2020\/08\/Art\u00edculo-\u2013-Arthur-Corredor-Carreiro-Pires.jpg\",\"width\":529,\"height\":208},{\"@type\":\"BreadcrumbList\",\"@id\":\"https:\/\/ds-barranquilla.org\/de\/articulo-arthur-corredor-carreiro-pires-oficina-de-comunicaciones-colegio-aleman-de-barranquilla\/#breadcrumb\",\"itemListElement\":[{\"@type\":\"ListItem\",\"position\":1,\"name\":\"Portada\",\"item\":\"https:\/\/ds-barranquilla.org\/\"},{\"@type\":\"ListItem\",\"position\":2,\"name\":\"Art\u00edculo \u2013 Arthur Corredor Carreiro-Pires Oficina de Comunicaciones Colegio Alem\u00e1n de Barranquilla\"}]},{\"@type\":\"WebSite\",\"@id\":\"https:\/\/ds-barranquilla.org\/#website\",\"url\":\"https:\/\/ds-barranquilla.org\/\",\"name\":\"Colegio Alem\u00e1n - Los Mejores Colegios de Colombia - Colegio Triling\u00fce\",\"description\":\"Colegio Alem\u00e1n  Barranquilla Colombia - Colegio Biling\u00fce - Triling\u00fce - El Mejor Colegio de Colombia\",\"publisher\":{\"@id\":\"https:\/\/ds-barranquilla.org\/#organization\"},\"potentialAction\":[{\"@type\":\"SearchAction\",\"target\":{\"@type\":\"EntryPoint\",\"urlTemplate\":\"https:\/\/ds-barranquilla.org\/?s={search_term_string}\"},\"query-input\":\"required name=search_term_string\"}],\"inLanguage\":\"de\"},{\"@type\":\"Organization\",\"@id\":\"https:\/\/ds-barranquilla.org\/#organization\",\"name\":\"Colegio Alem\u00e1n Barranquilla\",\"url\":\"https:\/\/ds-barranquilla.org\/\",\"logo\":{\"@type\":\"ImageObject\",\"inLanguage\":\"de\",\"@id\":\"https:\/\/ds-barranquilla.org\/#\/schema\/logo\/image\/\",\"url\":\"https:\/\/ds-barranquilla.org\/wp-content\/uploads\/2021\/05\/coleman_logo_2.png\",\"contentUrl\":\"https:\/\/ds-barranquilla.org\/wp-content\/uploads\/2021\/05\/coleman_logo_2.png\",\"width\":418,\"height\":307,\"caption\":\"Colegio Alem\u00e1n Barranquilla\"},\"image\":{\"@id\":\"https:\/\/ds-barranquilla.org\/#\/schema\/logo\/image\/\"},\"sameAs\":[\"https:\/\/www.facebook.com\/ColegioAlemanBaq\/\",\"https:\/\/x.com\/ColegioAlemanBq\",\"https:\/\/www.instagram.com\/colegioalemanbaq\/\",\"https:\/\/www.linkedin.com\/school\/deutsche-schule-barranquilla\/\",\"https:\/\/www.youtube.com\/channel\/UCOOGZQCVs6aYRqIWvSN5agQ\"]},{\"@type\":\"Person\",\"@id\":\"https:\/\/ds-barranquilla.org\/#\/schema\/person\/7bf8790ba89d3480e0551241ccdc8d36\",\"name\":\"Comunicaciones Comunicaciones\",\"image\":{\"@type\":\"ImageObject\",\"inLanguage\":\"de\",\"@id\":\"https:\/\/ds-barranquilla.org\/#\/schema\/person\/image\/\",\"url\":\"https:\/\/secure.gravatar.com\/avatar\/a66ba9484a4338d81d6bea750e595038?s=96&d=mm&r=g\",\"contentUrl\":\"https:\/\/secure.gravatar.com\/avatar\/a66ba9484a4338d81d6bea750e595038?s=96&d=mm&r=g\",\"caption\":\"Comunicaciones Comunicaciones\"}}]}<\/script>\n<!-- \/ Yoast SEO plugin. -->","yoast_head_json":{"title":"Art\u00edculo \u2013 Arthur Corredor Carreiro-Pires  Oficina de Comunicaciones  Colegio Alem\u00e1n de Barranquilla - 2026","robots":{"index":"noindex","follow":"follow","max-snippet":"max-snippet:-1","max-image-preview":"max-image-preview:large","max-video-preview":"max-video-preview:-1"},"og_locale":"de_DE","og_type":"article","og_title":"Art\u00edculo \u2013 Arthur Corredor Carreiro-Pires  Oficina de Comunicaciones  Colegio Alem\u00e1n de Barranquilla - 2026","og_description":"25\u201cMe gust\u00f3 mucho ir al colegio en bicicleta\u201d: Arthur Corredor\u00a0Carreiro-Pires (Estudiante de K\u00ednder)\u00a0 \u00a0 \u202fCreado por Jos\u00e9 R\u00edos |\u202f25.01.2019\u00a0 A sus cinco a\u00f1os de edad Arthur [\u2026]","og_url":"https:\/\/ds-barranquilla.org\/de\/articulo-arthur-corredor-carreiro-pires-oficina-de-comunicaciones-colegio-aleman-de-barranquilla\/","og_site_name":"Colegio Alem\u00e1n - Los Mejores Colegios de Colombia - Colegio Triling\u00fce","article_publisher":"https:\/\/www.facebook.com\/ColegioAlemanBaq\/","article_published_time":"2019-01-25T19:34:30+00:00","article_modified_time":"2023-01-04T19:27:26+00:00","og_image":[{"width":529,"height":208,"url":"https:\/\/ds-barranquilla.org\/wp-content\/uploads\/2020\/08\/Art\u00edculo-\u2013-Arthur-Corredor-Carreiro-Pires.jpg","type":"image\/jpeg"}],"author":"Comunicaciones Comunicaciones","twitter_card":"summary_large_image","twitter_creator":"@ColegioAlemanBq","twitter_site":"@ColegioAlemanBq","twitter_misc":{"Verfasst von":"Comunicaciones Comunicaciones","Gesch\u00e4tzte Lesezeit":"2\u00a0Minuten"},"schema":{"@context":"https:\/\/schema.org","@graph":[{"@type":"Article","@id":"https:\/\/ds-barranquilla.org\/de\/articulo-arthur-corredor-carreiro-pires-oficina-de-comunicaciones-colegio-aleman-de-barranquilla\/#article","isPartOf":{"@id":"https:\/\/ds-barranquilla.org\/de\/articulo-arthur-corredor-carreiro-pires-oficina-de-comunicaciones-colegio-aleman-de-barranquilla\/"},"author":{"name":"Comunicaciones Comunicaciones","@id":"https:\/\/ds-barranquilla.org\/#\/schema\/person\/7bf8790ba89d3480e0551241ccdc8d36"},"headline":"Art\u00edculo \u2013 Arthur Corredor Carreiro-Pires Oficina de Comunicaciones Colegio Alem\u00e1n de Barranquilla","datePublished":"2019-01-25T19:34:30+00:00","dateModified":"2023-01-04T19:27:26+00:00","mainEntityOfPage":{"@id":"https:\/\/ds-barranquilla.org\/de\/articulo-arthur-corredor-carreiro-pires-oficina-de-comunicaciones-colegio-aleman-de-barranquilla\/"},"wordCount":324,"commentCount":0,"publisher":{"@id":"https:\/\/ds-barranquilla.org\/#organization"},"image":{"@id":"https:\/\/ds-barranquilla.org\/de\/articulo-arthur-corredor-carreiro-pires-oficina-de-comunicaciones-colegio-aleman-de-barranquilla\/#primaryimage"},"thumbnailUrl":"https:\/\/ds-barranquilla.org\/wp-content\/uploads\/2020\/08\/Art\u00edculo-\u2013-Arthur-Corredor-Carreiro-Pires.jpg","keywords":["2018","Alem\u00e1n","Intercambio","Kindergarten"],"articleSection":["2018","Kindergarten","Oficina de Relaciones Internacionales"],"inLanguage":"de","potentialAction":[{"@type":"CommentAction","name":"Comment","target":["https:\/\/ds-barranquilla.org\/de\/articulo-arthur-corredor-carreiro-pires-oficina-de-comunicaciones-colegio-aleman-de-barranquilla\/#respond"]}]},{"@type":"WebPage","@id":"https:\/\/ds-barranquilla.org\/de\/articulo-arthur-corredor-carreiro-pires-oficina-de-comunicaciones-colegio-aleman-de-barranquilla\/","url":"https:\/\/ds-barranquilla.org\/de\/articulo-arthur-corredor-carreiro-pires-oficina-de-comunicaciones-colegio-aleman-de-barranquilla\/","name":"Art\u00edculo \u2013 Arthur Corredor Carreiro-Pires Oficina de Comunicaciones Colegio Alem\u00e1n de Barranquilla - 2026","isPartOf":{"@id":"https:\/\/ds-barranquilla.org\/#website"},"primaryImageOfPage":{"@id":"https:\/\/ds-barranquilla.org\/de\/articulo-arthur-corredor-carreiro-pires-oficina-de-comunicaciones-colegio-aleman-de-barranquilla\/#primaryimage"},"image":{"@id":"https:\/\/ds-barranquilla.org\/de\/articulo-arthur-corredor-carreiro-pires-oficina-de-comunicaciones-colegio-aleman-de-barranquilla\/#primaryimage"},"thumbnailUrl":"https:\/\/ds-barranquilla.org\/wp-content\/uploads\/2020\/08\/Art\u00edculo-\u2013-Arthur-Corredor-Carreiro-Pires.jpg","datePublished":"2019-01-25T19:34:30+00:00","dateModified":"2023-01-04T19:27:26+00:00","breadcrumb":{"@id":"https:\/\/ds-barranquilla.org\/de\/articulo-arthur-corredor-carreiro-pires-oficina-de-comunicaciones-colegio-aleman-de-barranquilla\/#breadcrumb"},"inLanguage":"de","potentialAction":[{"@type":"ReadAction","target":["https:\/\/ds-barranquilla.org\/de\/articulo-arthur-corredor-carreiro-pires-oficina-de-comunicaciones-colegio-aleman-de-barranquilla\/"]}]},{"@type":"ImageObject","inLanguage":"de","@id":"https:\/\/ds-barranquilla.org\/de\/articulo-arthur-corredor-carreiro-pires-oficina-de-comunicaciones-colegio-aleman-de-barranquilla\/#primaryimage","url":"https:\/\/ds-barranquilla.org\/wp-content\/uploads\/2020\/08\/Art\u00edculo-\u2013-Arthur-Corredor-Carreiro-Pires.jpg","contentUrl":"https:\/\/ds-barranquilla.org\/wp-content\/uploads\/2020\/08\/Art\u00edculo-\u2013-Arthur-Corredor-Carreiro-Pires.jpg","width":529,"height":208},{"@type":"BreadcrumbList","@id":"https:\/\/ds-barranquilla.org\/de\/articulo-arthur-corredor-carreiro-pires-oficina-de-comunicaciones-colegio-aleman-de-barranquilla\/#breadcrumb","itemListElement":[{"@type":"ListItem","position":1,"name":"Portada","item":"https:\/\/ds-barranquilla.org\/"},{"@type":"ListItem","position":2,"name":"Art\u00edculo \u2013 Arthur Corredor Carreiro-Pires Oficina de Comunicaciones Colegio Alem\u00e1n de Barranquilla"}]},{"@type":"WebSite","@id":"https:\/\/ds-barranquilla.org\/#website","url":"https:\/\/ds-barranquilla.org\/","name":"Colegio Alem\u00e1n - Los Mejores Colegios de Colombia - Colegio Triling\u00fce","description":"Colegio Alem\u00e1n  Barranquilla Colombia - Colegio Biling\u00fce - Triling\u00fce - El Mejor Colegio de Colombia","publisher":{"@id":"https:\/\/ds-barranquilla.org\/#organization"},"potentialAction":[{"@type":"SearchAction","target":{"@type":"EntryPoint","urlTemplate":"https:\/\/ds-barranquilla.org\/?s={search_term_string}"},"query-input":"required name=search_term_string"}],"inLanguage":"de"},{"@type":"Organization","@id":"https:\/\/ds-barranquilla.org\/#organization","name":"Colegio Alem\u00e1n Barranquilla","url":"https:\/\/ds-barranquilla.org\/","logo":{"@type":"ImageObject","inLanguage":"de","@id":"https:\/\/ds-barranquilla.org\/#\/schema\/logo\/image\/","url":"https:\/\/ds-barranquilla.org\/wp-content\/uploads\/2021\/05\/coleman_logo_2.png","contentUrl":"https:\/\/ds-barranquilla.org\/wp-content\/uploads\/2021\/05\/coleman_logo_2.png","width":418,"height":307,"caption":"Colegio Alem\u00e1n Barranquilla"},"image":{"@id":"https:\/\/ds-barranquilla.org\/#\/schema\/logo\/image\/"},"sameAs":["https:\/\/www.facebook.com\/ColegioAlemanBaq\/","https:\/\/x.com\/ColegioAlemanBq","https:\/\/www.instagram.com\/colegioalemanbaq\/","https:\/\/www.linkedin.com\/school\/deutsche-schule-barranquilla\/","https:\/\/www.youtube.com\/channel\/UCOOGZQCVs6aYRqIWvSN5agQ"]},{"@type":"Person","@id":"https:\/\/ds-barranquilla.org\/#\/schema\/person\/7bf8790ba89d3480e0551241ccdc8d36","name":"Comunicaciones Comunicaciones","image":{"@type":"ImageObject","inLanguage":"de","@id":"https:\/\/ds-barranquilla.org\/#\/schema\/person\/image\/","url":"https:\/\/secure.gravatar.com\/avatar\/a66ba9484a4338d81d6bea750e595038?s=96&d=mm&r=g","contentUrl":"https:\/\/secure.gravatar.com\/avatar\/a66ba9484a4338d81d6bea750e595038?s=96&d=mm&r=g","caption":"Comunicaciones Comunicaciones"}}]}},"_links":{"self":[{"href":"https:\/\/ds-barranquilla.org\/de\/wp-json\/wp\/v2\/posts\/5568"}],"collection":[{"href":"https:\/\/ds-barranquilla.org\/de\/wp-json\/wp\/v2\/posts"}],"about":[{"href":"https:\/\/ds-barranquilla.org\/de\/wp-json\/wp\/v2\/types\/post"}],"author":[{"embeddable":true,"href":"https:\/\/ds-barranquilla.org\/de\/wp-json\/wp\/v2\/users\/16"}],"replies":[{"embeddable":true,"href":"https:\/\/ds-barranquilla.org\/de\/wp-json\/wp\/v2\/comments?post=5568"}],"version-history":[{"count":2,"href":"https:\/\/ds-barranquilla.org\/de\/wp-json\/wp\/v2\/posts\/5568\/revisions"}],"predecessor-version":[{"id":5577,"href":"https:\/\/ds-barranquilla.org\/de\/wp-json\/wp\/v2\/posts\/5568\/revisions\/5577"}],"wp:featuredmedia":[{"embeddable":true,"href":"https:\/\/ds-barranquilla.org\/de\/wp-json\/wp\/v2\/media\/5569"}],"wp:attachment":[{"href":"https:\/\/ds-barranquilla.org\/de\/wp-json\/wp\/v2\/media?parent=5568"}],"wp:term":[{"taxonomy":"category","embeddable":true,"href":"https:\/\/ds-barranquilla.org\/de\/wp-json\/wp\/v2\/categories?post=5568"},{"taxonomy":"post_tag","embeddable":true,"href":"https:\/\/ds-barranquilla.org\/de\/wp-json\/wp\/v2\/tags?post=5568"}],"curies":[{"name":"wp","href":"https:\/\/api.w.org\/{rel}","templated":true}]}}