{"id":5571,"date":"2019-01-29T14:36:03","date_gmt":"2019-01-29T19:36:03","guid":{"rendered":"https:\/\/ds-barranquilla.org\/?p=5571"},"modified":"2022-12-21T08:46:24","modified_gmt":"2022-12-21T13:46:24","slug":"articulo-escuela-de-familias-oficina-de-comunicaciones-colegio-aleman-de-barranquilla","status":"publish","type":"post","link":"https:\/\/ds-barranquilla.org\/de\/articulo-escuela-de-familias-oficina-de-comunicaciones-colegio-aleman-de-barranquilla\/","title":{"rendered":"Art\u00edculo \u2013 Escuela de Familias   Oficina de Comunicaciones   Colegio Alem\u00e1n de Barranquilla"},"content":{"rendered":"<p><b><span data-contrast=\"auto\">\"<\/span><\/b><b><span data-contrast=\"auto\">El contacto de los ni\u00f1os con las redes sociales genera muchos<\/span><\/b><b><span data-contrast=\"auto\">\u00a0<\/span><\/b><b><span data-contrast=\"auto\">riesgos para ellos<\/span><\/b><b><span data-contrast=\"auto\">\u201d<\/span><\/b><b><span data-contrast=\"auto\">:\u00a0<\/span><\/b><b><span data-contrast=\"auto\">Eulises Dom\u00ednguez Merlano<\/span><\/b><span data-ccp-props=\"{&quot;201341983&quot;:0,&quot;335551550&quot;:2,&quot;335551620&quot;:2,&quot;335559739&quot;:0,&quot;335559740&quot;:240}\">\u00a0<\/span><\/p>\n<p><b><span data-contrast=\"auto\">(<\/span><\/b><b><span data-contrast=\"auto\">Psic\u00f3logo \u2013 Universidad del Norte<\/span><\/b><b><span data-contrast=\"auto\">)<\/span><\/b><span data-ccp-props=\"{&quot;201341983&quot;:0,&quot;335551550&quot;:2,&quot;335551620&quot;:2,&quot;335559739&quot;:0,&quot;335559740&quot;:240}\">\u00a0<\/span><\/p>\n<p><span data-ccp-props=\"{&quot;201341983&quot;:0,&quot;335551550&quot;:2,&quot;335551620&quot;:2,&quot;335559739&quot;:0,&quot;335559740&quot;:240}\">\u00a0<\/span><\/p>\n<p><span data-contrast=\"none\">\u202fCreado por Jos\u00e9 R\u00edos Mercado |\u202f29.01.2019<\/span><span data-ccp-props=\"{&quot;201341983&quot;:0,&quot;335559739&quot;:160,&quot;335559740&quot;:240}\">\u00a0<\/span><\/p>\n<p><span data-contrast=\"auto\">En el marco de la charla \u2018Uso de redes sociales y\u00a0<\/span><span data-contrast=\"auto\">otras<\/span><span data-contrast=\"auto\">\u00a0tecnolog\u00edas\u2019 el psic\u00f3logo de la Universidad del Norte, Eulises Dom\u00ednguez,<\/span><span data-contrast=\"auto\">\u00a0expres\u00f3 que los ni\u00f1os cada vez m\u00e1s est\u00e1n perdiendo la capacidad de entrar en contacto f\u00edsico con los dem\u00e1s por causa de la tecnolog\u00eda.\u00a0<\/span><span data-contrast=\"auto\">Eulises\u00a0<\/span><span data-contrast=\"auto\">Dom\u00ednguez indic\u00f3 tambi\u00e9n que son muchos los riesgos a los que se exponen\u00a0<\/span><span data-contrast=\"auto\">los menores\u00a0<\/span><span data-contrast=\"auto\">por su contacto con las redes sociales.<\/span><span data-ccp-props=\"{&quot;201341983&quot;:0,&quot;335551550&quot;:6,&quot;335551620&quot;:6,&quot;335559739&quot;:0,&quot;335559740&quot;:240}\">\u00a0<\/span><\/p>\n<p><span data-ccp-props=\"{&quot;201341983&quot;:0,&quot;335551550&quot;:6,&quot;335551620&quot;:6,&quot;335559739&quot;:0,&quot;335559740&quot;:240}\">\u00a0<\/span><\/p>\n<p><span data-contrast=\"auto\">\"<\/span><span data-contrast=\"auto\">Pornograf\u00eda, violencia, contacto con ped\u00f3filos, adicci\u00f3n, amistades peligrosas, informaci\u00f3n inadecuada, entre otros, son esos riesgos a los que est\u00e1n expuestos nuestros hijos.\u00a0<\/span><span data-contrast=\"auto\">De ah\u00ed la importancia de mantener el contacto visual con ellos<\/span><span data-contrast=\"auto\">\u00a0<\/span><span data-contrast=\"auto\">para poder identificar a tiempo cualquier situaci\u00f3n que pueda afectarlos\u201d, precis\u00f3 el psic\u00f3logo.<\/span><span data-ccp-props=\"{&quot;201341983&quot;:0,&quot;335551550&quot;:6,&quot;335551620&quot;:6,&quot;335559739&quot;:0,&quot;335559740&quot;:240}\">\u00a0<\/span><\/p>\n<p><span data-ccp-props=\"{&quot;201341983&quot;:0,&quot;335551550&quot;:6,&quot;335551620&quot;:6,&quot;335559739&quot;:0,&quot;335559740&quot;:240}\">\u00a0<\/span><\/p>\n<p><span data-contrast=\"auto\">Eulises Dom\u00ednguez manifest\u00f3 que cuando los padres le quitan la tecnolog\u00eda a sus hijos, se genera el s\u00edndrome de abstinencia, el cual determina el grado de dependencia de los\u00a0<\/span><span data-contrast=\"auto\">ni\u00f1os<\/span><span data-contrast=\"auto\">\u00a0<\/span><span data-contrast=\"auto\">a\u00a0<\/span><span data-contrast=\"auto\">\u00e9<\/span><span data-contrast=\"auto\">sta. As\u00ed mismo, se\u00f1al\u00f3 que la adicci\u00f3n est\u00e1 relacionada con las caracter\u00edsticas de la personalidad.<\/span><span data-ccp-props=\"{&quot;201341983&quot;:0,&quot;335551550&quot;:6,&quot;335551620&quot;:6,&quot;335559739&quot;:0,&quot;335559740&quot;:240}\">\u00a0<\/span><\/p>\n<p><span data-ccp-props=\"{&quot;201341983&quot;:0,&quot;335551550&quot;:6,&quot;335551620&quot;:6,&quot;335559739&quot;:0,&quot;335559740&quot;:240}\">\u00a0<\/span><\/p>\n<p><span data-contrast=\"auto\">\"<\/span><span data-contrast=\"auto\">Los casos de abuso sexual entre\u00a0<\/span><span data-contrast=\"auto\">menores<\/span><span data-contrast=\"auto\">\u00a0son m\u00e1s frecuentes debido a la sobreexposici\u00f3n de pornograf\u00eda. Es muy f\u00e1cil para nosotros como padres controlar la tecnolog\u00eda de nuestros hijos, pero lo dif\u00edcil es fortalecer la comunicaci\u00f3n con ellos; ah\u00ed debemos concentrar nuestros esfuerzos<\/span><span data-contrast=\"auto\">\u201d, dijo\u00a0<\/span><span data-contrast=\"auto\">Eulises\u00a0<\/span><span data-contrast=\"auto\">Dom\u00ednguez<\/span><span data-contrast=\"auto\">.<\/span><span data-ccp-props=\"{&quot;201341983&quot;:0,&quot;335551550&quot;:6,&quot;335551620&quot;:6,&quot;335559739&quot;:0,&quot;335559740&quot;:240}\">\u00a0<\/span><\/p>\n<p><span data-ccp-props=\"{&quot;201341983&quot;:0,&quot;335551550&quot;:6,&quot;335551620&quot;:6,&quot;335559739&quot;:0,&quot;335559740&quot;:240}\">\u00a0<\/span><\/p>\n<p><span data-contrast=\"auto\">Finalmente, el psic\u00f3logo<\/span><span data-contrast=\"auto\">\u00a0tambi\u00e9n se refiri\u00f3 al Proceso Grooming (seducci\u00f3n en la red), a trav\u00e9s del cual el agresor le habla al ni\u00f1o como\u00a0<\/span><span data-contrast=\"auto\">\u00e9<\/span><span data-contrast=\"auto\">ste quiere que le hablen<\/span><span data-contrast=\"auto\">, situaci\u00f3n que termina con el enamoramiento del menor y la exposici\u00f3n de\u00a0<\/span><span data-contrast=\"auto\">\u00e9<\/span><span data-contrast=\"auto\">ste\u00a0<\/span><span data-contrast=\"auto\">a todo tipo de vulneraciones. Esta charla est\u00e1 enmarcada dentro de la iniciativa Escuela de\u00a0<\/span><span data-contrast=\"auto\">Familias\u00a0<\/span><span data-contrast=\"auto\">organizada por el Consejo de Padres del Colegio Alem\u00e1n de Barranquilla.<\/span><span data-ccp-props=\"{&quot;201341983&quot;:0,&quot;335551550&quot;:6,&quot;335551620&quot;:6,&quot;335559739&quot;:0,&quot;335559740&quot;:240}\">\u00a0<\/span><\/p>\n<p><span data-ccp-props=\"{&quot;201341983&quot;:0,&quot;335551550&quot;:6,&quot;335551620&quot;:6,&quot;335559739&quot;:0,&quot;335559740&quot;:240}\">\u00a0<\/span><\/p>","protected":false},"excerpt":{"rendered":"<p>\u201cEl contacto de los ni\u00f1os con las redes sociales genera muchos\u00a0riesgos para ellos\u201d:\u00a0Eulises Dom\u00ednguez Merlano\u00a0 (Psic\u00f3logo \u2013 Universidad del Norte)\u00a0 \u00a0 \u202fCreado por Jos\u00e9 R\u00edos Mercado<span class=\"excerpt-hellip\"> [\u2026]<\/span><\/p>","protected":false},"author":16,"featured_media":5572,"comment_status":"open","ping_status":"open","sticky":false,"template":"","format":"standard","meta":{"_exactmetrics_skip_tracking":false,"_exactmetrics_sitenote_active":false,"_exactmetrics_sitenote_note":"","_exactmetrics_sitenote_category":0,"_joinchat":[],"footnotes":""},"categories":[679,699,705],"tags":[468,488],"class_list":["post-5571","post","type-post","status-publish","format-standard","has-post-thumbnail","hentry","category-679","category-consejo-de-padres","category-orientacion-psicoeducativa","tag-468","tag-asociacion-de-padres"],"yoast_head":"<!-- This site is optimized with the Yoast SEO plugin v23.3 - https:\/\/yoast.com\/wordpress\/plugins\/seo\/ -->\n<title>Art\u00edculo \u2013 Escuela de Familias  Oficina de Comunicaciones  Colegio Alem\u00e1n de Barranquilla - 2026<\/title>\n<meta name=\"robots\" content=\"noindex, follow, max-snippet:-1, max-image-preview:large, max-video-preview:-1\" \/>\n<meta property=\"og:locale\" content=\"de_DE\" \/>\n<meta property=\"og:type\" content=\"article\" \/>\n<meta property=\"og:title\" content=\"Art\u00edculo \u2013 Escuela de Familias  Oficina de Comunicaciones  Colegio Alem\u00e1n de Barranquilla - 2026\" \/>\n<meta property=\"og:description\" content=\"\u201cEl contacto de los ni\u00f1os con las redes sociales genera muchos\u00a0riesgos para ellos\u201d:\u00a0Eulises Dom\u00ednguez Merlano\u00a0 (Psic\u00f3logo \u2013 Universidad del Norte)\u00a0 \u00a0 \u202fCreado por Jos\u00e9 R\u00edos Mercado [\u2026]\" \/>\n<meta property=\"og:url\" content=\"https:\/\/ds-barranquilla.org\/de\/articulo-escuela-de-familias-oficina-de-comunicaciones-colegio-aleman-de-barranquilla\/\" \/>\n<meta property=\"og:site_name\" content=\"Colegio Alem\u00e1n - Los Mejores Colegios de Colombia - Colegio Triling\u00fce\" \/>\n<meta property=\"article:publisher\" content=\"https:\/\/www.facebook.com\/ColegioAlemanBaq\/\" \/>\n<meta property=\"article:published_time\" content=\"2019-01-29T19:36:03+00:00\" \/>\n<meta property=\"article:modified_time\" content=\"2022-12-21T13:46:24+00:00\" \/>\n<meta property=\"og:image\" content=\"https:\/\/ds-barranquilla.org\/wp-content\/uploads\/2020\/08\/Art\u00edculo-\u2013-Escuela-de-Familias.jpg\" \/>\n\t<meta property=\"og:image:width\" content=\"580\" \/>\n\t<meta property=\"og:image:height\" content=\"314\" \/>\n\t<meta property=\"og:image:type\" content=\"image\/jpeg\" \/>\n<meta name=\"author\" content=\"Comunicaciones Comunicaciones\" \/>\n<meta name=\"twitter:card\" content=\"summary_large_image\" \/>\n<meta name=\"twitter:creator\" content=\"@ColegioAlemanBq\" \/>\n<meta name=\"twitter:site\" content=\"@ColegioAlemanBq\" \/>\n<meta name=\"twitter:label1\" content=\"Verfasst von\" \/>\n\t<meta name=\"twitter:data1\" content=\"Comunicaciones Comunicaciones\" \/>\n\t<meta name=\"twitter:label2\" content=\"Gesch\u00e4tzte Lesezeit\" \/>\n\t<meta name=\"twitter:data2\" content=\"2\u00a0Minuten\" \/>\n<script type=\"application\/ld+json\" class=\"yoast-schema-graph\">{\"@context\":\"https:\/\/schema.org\",\"@graph\":[{\"@type\":\"Article\",\"@id\":\"https:\/\/ds-barranquilla.org\/articulo-escuela-de-familias-oficina-de-comunicaciones-colegio-aleman-de-barranquilla\/#article\",\"isPartOf\":{\"@id\":\"https:\/\/ds-barranquilla.org\/articulo-escuela-de-familias-oficina-de-comunicaciones-colegio-aleman-de-barranquilla\/\"},\"author\":{\"name\":\"Comunicaciones Comunicaciones\",\"@id\":\"https:\/\/ds-barranquilla.org\/#\/schema\/person\/7bf8790ba89d3480e0551241ccdc8d36\"},\"headline\":\"Art\u00edculo \u2013 Escuela de Familias Oficina de Comunicaciones Colegio Alem\u00e1n de Barranquilla\",\"datePublished\":\"2019-01-29T19:36:03+00:00\",\"dateModified\":\"2022-12-21T13:46:24+00:00\",\"mainEntityOfPage\":{\"@id\":\"https:\/\/ds-barranquilla.org\/articulo-escuela-de-familias-oficina-de-comunicaciones-colegio-aleman-de-barranquilla\/\"},\"wordCount\":360,\"commentCount\":0,\"publisher\":{\"@id\":\"https:\/\/ds-barranquilla.org\/#organization\"},\"image\":{\"@id\":\"https:\/\/ds-barranquilla.org\/articulo-escuela-de-familias-oficina-de-comunicaciones-colegio-aleman-de-barranquilla\/#primaryimage\"},\"thumbnailUrl\":\"https:\/\/ds-barranquilla.org\/wp-content\/uploads\/2020\/08\/Art\u00edculo-\u2013-Escuela-de-Familias.jpg\",\"keywords\":[\"2019\",\"Asociaci\u00f3n de padres\"],\"articleSection\":[\"2019\",\"Consejo de Padres\",\"Orientaci\u00f3n Psicoeducativa\"],\"inLanguage\":\"de\",\"potentialAction\":[{\"@type\":\"CommentAction\",\"name\":\"Comment\",\"target\":[\"https:\/\/ds-barranquilla.org\/articulo-escuela-de-familias-oficina-de-comunicaciones-colegio-aleman-de-barranquilla\/#respond\"]}]},{\"@type\":\"WebPage\",\"@id\":\"https:\/\/ds-barranquilla.org\/articulo-escuela-de-familias-oficina-de-comunicaciones-colegio-aleman-de-barranquilla\/\",\"url\":\"https:\/\/ds-barranquilla.org\/articulo-escuela-de-familias-oficina-de-comunicaciones-colegio-aleman-de-barranquilla\/\",\"name\":\"Art\u00edculo \u2013 Escuela de Familias Oficina de Comunicaciones Colegio Alem\u00e1n de Barranquilla - 2026\",\"isPartOf\":{\"@id\":\"https:\/\/ds-barranquilla.org\/#website\"},\"primaryImageOfPage\":{\"@id\":\"https:\/\/ds-barranquilla.org\/articulo-escuela-de-familias-oficina-de-comunicaciones-colegio-aleman-de-barranquilla\/#primaryimage\"},\"image\":{\"@id\":\"https:\/\/ds-barranquilla.org\/articulo-escuela-de-familias-oficina-de-comunicaciones-colegio-aleman-de-barranquilla\/#primaryimage\"},\"thumbnailUrl\":\"https:\/\/ds-barranquilla.org\/wp-content\/uploads\/2020\/08\/Art\u00edculo-\u2013-Escuela-de-Familias.jpg\",\"datePublished\":\"2019-01-29T19:36:03+00:00\",\"dateModified\":\"2022-12-21T13:46:24+00:00\",\"breadcrumb\":{\"@id\":\"https:\/\/ds-barranquilla.org\/articulo-escuela-de-familias-oficina-de-comunicaciones-colegio-aleman-de-barranquilla\/#breadcrumb\"},\"inLanguage\":\"de\",\"potentialAction\":[{\"@type\":\"ReadAction\",\"target\":[\"https:\/\/ds-barranquilla.org\/articulo-escuela-de-familias-oficina-de-comunicaciones-colegio-aleman-de-barranquilla\/\"]}]},{\"@type\":\"ImageObject\",\"inLanguage\":\"de\",\"@id\":\"https:\/\/ds-barranquilla.org\/articulo-escuela-de-familias-oficina-de-comunicaciones-colegio-aleman-de-barranquilla\/#primaryimage\",\"url\":\"https:\/\/ds-barranquilla.org\/wp-content\/uploads\/2020\/08\/Art\u00edculo-\u2013-Escuela-de-Familias.jpg\",\"contentUrl\":\"https:\/\/ds-barranquilla.org\/wp-content\/uploads\/2020\/08\/Art\u00edculo-\u2013-Escuela-de-Familias.jpg\",\"width\":580,\"height\":314},{\"@type\":\"BreadcrumbList\",\"@id\":\"https:\/\/ds-barranquilla.org\/articulo-escuela-de-familias-oficina-de-comunicaciones-colegio-aleman-de-barranquilla\/#breadcrumb\",\"itemListElement\":[{\"@type\":\"ListItem\",\"position\":1,\"name\":\"Portada\",\"item\":\"https:\/\/ds-barranquilla.org\/\"},{\"@type\":\"ListItem\",\"position\":2,\"name\":\"Art\u00edculo \u2013 Escuela de Familias Oficina de Comunicaciones Colegio Alem\u00e1n de Barranquilla\"}]},{\"@type\":\"WebSite\",\"@id\":\"https:\/\/ds-barranquilla.org\/#website\",\"url\":\"https:\/\/ds-barranquilla.org\/\",\"name\":\"Colegio Alem\u00e1n - Los Mejores Colegios de Colombia - Colegio Triling\u00fce\",\"description\":\"Colegio Alem\u00e1n  Barranquilla Colombia - Colegio Biling\u00fce - Triling\u00fce - El Mejor Colegio de Colombia\",\"publisher\":{\"@id\":\"https:\/\/ds-barranquilla.org\/#organization\"},\"potentialAction\":[{\"@type\":\"SearchAction\",\"target\":{\"@type\":\"EntryPoint\",\"urlTemplate\":\"https:\/\/ds-barranquilla.org\/?s={search_term_string}\"},\"query-input\":\"required name=search_term_string\"}],\"inLanguage\":\"de\"},{\"@type\":\"Organization\",\"@id\":\"https:\/\/ds-barranquilla.org\/#organization\",\"name\":\"Colegio Alem\u00e1n Barranquilla\",\"url\":\"https:\/\/ds-barranquilla.org\/\",\"logo\":{\"@type\":\"ImageObject\",\"inLanguage\":\"de\",\"@id\":\"https:\/\/ds-barranquilla.org\/#\/schema\/logo\/image\/\",\"url\":\"https:\/\/ds-barranquilla.org\/wp-content\/uploads\/2021\/05\/coleman_logo_2.png\",\"contentUrl\":\"https:\/\/ds-barranquilla.org\/wp-content\/uploads\/2021\/05\/coleman_logo_2.png\",\"width\":418,\"height\":307,\"caption\":\"Colegio Alem\u00e1n Barranquilla\"},\"image\":{\"@id\":\"https:\/\/ds-barranquilla.org\/#\/schema\/logo\/image\/\"},\"sameAs\":[\"https:\/\/www.facebook.com\/ColegioAlemanBaq\/\",\"https:\/\/x.com\/ColegioAlemanBq\",\"https:\/\/www.instagram.com\/colegioalemanbaq\/\",\"https:\/\/www.linkedin.com\/school\/deutsche-schule-barranquilla\/\",\"https:\/\/www.youtube.com\/channel\/UCOOGZQCVs6aYRqIWvSN5agQ\"]},{\"@type\":\"Person\",\"@id\":\"https:\/\/ds-barranquilla.org\/#\/schema\/person\/7bf8790ba89d3480e0551241ccdc8d36\",\"name\":\"Comunicaciones Comunicaciones\",\"image\":{\"@type\":\"ImageObject\",\"inLanguage\":\"de\",\"@id\":\"https:\/\/ds-barranquilla.org\/#\/schema\/person\/image\/\",\"url\":\"https:\/\/secure.gravatar.com\/avatar\/a66ba9484a4338d81d6bea750e595038?s=96&d=mm&r=g\",\"contentUrl\":\"https:\/\/secure.gravatar.com\/avatar\/a66ba9484a4338d81d6bea750e595038?s=96&d=mm&r=g\",\"caption\":\"Comunicaciones Comunicaciones\"}}]}<\/script>\n<!-- \/ Yoast SEO plugin. -->","yoast_head_json":{"title":"Art\u00edculo \u2013 Escuela de Familias  Oficina de Comunicaciones  Colegio Alem\u00e1n de Barranquilla - 2026","robots":{"index":"noindex","follow":"follow","max-snippet":"max-snippet:-1","max-image-preview":"max-image-preview:large","max-video-preview":"max-video-preview:-1"},"og_locale":"de_DE","og_type":"article","og_title":"Art\u00edculo \u2013 Escuela de Familias  Oficina de Comunicaciones  Colegio Alem\u00e1n de Barranquilla - 2026","og_description":"\u201cEl contacto de los ni\u00f1os con las redes sociales genera muchos\u00a0riesgos para ellos\u201d:\u00a0Eulises Dom\u00ednguez Merlano\u00a0 (Psic\u00f3logo \u2013 Universidad del Norte)\u00a0 \u00a0 \u202fCreado por Jos\u00e9 R\u00edos Mercado [\u2026]","og_url":"https:\/\/ds-barranquilla.org\/de\/articulo-escuela-de-familias-oficina-de-comunicaciones-colegio-aleman-de-barranquilla\/","og_site_name":"Colegio Alem\u00e1n - Los Mejores Colegios de Colombia - Colegio Triling\u00fce","article_publisher":"https:\/\/www.facebook.com\/ColegioAlemanBaq\/","article_published_time":"2019-01-29T19:36:03+00:00","article_modified_time":"2022-12-21T13:46:24+00:00","og_image":[{"width":580,"height":314,"url":"https:\/\/ds-barranquilla.org\/wp-content\/uploads\/2020\/08\/Art\u00edculo-\u2013-Escuela-de-Familias.jpg","type":"image\/jpeg"}],"author":"Comunicaciones Comunicaciones","twitter_card":"summary_large_image","twitter_creator":"@ColegioAlemanBq","twitter_site":"@ColegioAlemanBq","twitter_misc":{"Verfasst von":"Comunicaciones Comunicaciones","Gesch\u00e4tzte Lesezeit":"2\u00a0Minuten"},"schema":{"@context":"https:\/\/schema.org","@graph":[{"@type":"Article","@id":"https:\/\/ds-barranquilla.org\/articulo-escuela-de-familias-oficina-de-comunicaciones-colegio-aleman-de-barranquilla\/#article","isPartOf":{"@id":"https:\/\/ds-barranquilla.org\/articulo-escuela-de-familias-oficina-de-comunicaciones-colegio-aleman-de-barranquilla\/"},"author":{"name":"Comunicaciones Comunicaciones","@id":"https:\/\/ds-barranquilla.org\/#\/schema\/person\/7bf8790ba89d3480e0551241ccdc8d36"},"headline":"Art\u00edculo \u2013 Escuela de Familias Oficina de Comunicaciones Colegio Alem\u00e1n de Barranquilla","datePublished":"2019-01-29T19:36:03+00:00","dateModified":"2022-12-21T13:46:24+00:00","mainEntityOfPage":{"@id":"https:\/\/ds-barranquilla.org\/articulo-escuela-de-familias-oficina-de-comunicaciones-colegio-aleman-de-barranquilla\/"},"wordCount":360,"commentCount":0,"publisher":{"@id":"https:\/\/ds-barranquilla.org\/#organization"},"image":{"@id":"https:\/\/ds-barranquilla.org\/articulo-escuela-de-familias-oficina-de-comunicaciones-colegio-aleman-de-barranquilla\/#primaryimage"},"thumbnailUrl":"https:\/\/ds-barranquilla.org\/wp-content\/uploads\/2020\/08\/Art\u00edculo-\u2013-Escuela-de-Familias.jpg","keywords":["2019","Asociaci\u00f3n de padres"],"articleSection":["2019","Consejo de Padres","Orientaci\u00f3n Psicoeducativa"],"inLanguage":"de","potentialAction":[{"@type":"CommentAction","name":"Comment","target":["https:\/\/ds-barranquilla.org\/articulo-escuela-de-familias-oficina-de-comunicaciones-colegio-aleman-de-barranquilla\/#respond"]}]},{"@type":"WebPage","@id":"https:\/\/ds-barranquilla.org\/articulo-escuela-de-familias-oficina-de-comunicaciones-colegio-aleman-de-barranquilla\/","url":"https:\/\/ds-barranquilla.org\/articulo-escuela-de-familias-oficina-de-comunicaciones-colegio-aleman-de-barranquilla\/","name":"Art\u00edculo \u2013 Escuela de Familias Oficina de Comunicaciones Colegio Alem\u00e1n de Barranquilla - 2026","isPartOf":{"@id":"https:\/\/ds-barranquilla.org\/#website"},"primaryImageOfPage":{"@id":"https:\/\/ds-barranquilla.org\/articulo-escuela-de-familias-oficina-de-comunicaciones-colegio-aleman-de-barranquilla\/#primaryimage"},"image":{"@id":"https:\/\/ds-barranquilla.org\/articulo-escuela-de-familias-oficina-de-comunicaciones-colegio-aleman-de-barranquilla\/#primaryimage"},"thumbnailUrl":"https:\/\/ds-barranquilla.org\/wp-content\/uploads\/2020\/08\/Art\u00edculo-\u2013-Escuela-de-Familias.jpg","datePublished":"2019-01-29T19:36:03+00:00","dateModified":"2022-12-21T13:46:24+00:00","breadcrumb":{"@id":"https:\/\/ds-barranquilla.org\/articulo-escuela-de-familias-oficina-de-comunicaciones-colegio-aleman-de-barranquilla\/#breadcrumb"},"inLanguage":"de","potentialAction":[{"@type":"ReadAction","target":["https:\/\/ds-barranquilla.org\/articulo-escuela-de-familias-oficina-de-comunicaciones-colegio-aleman-de-barranquilla\/"]}]},{"@type":"ImageObject","inLanguage":"de","@id":"https:\/\/ds-barranquilla.org\/articulo-escuela-de-familias-oficina-de-comunicaciones-colegio-aleman-de-barranquilla\/#primaryimage","url":"https:\/\/ds-barranquilla.org\/wp-content\/uploads\/2020\/08\/Art\u00edculo-\u2013-Escuela-de-Familias.jpg","contentUrl":"https:\/\/ds-barranquilla.org\/wp-content\/uploads\/2020\/08\/Art\u00edculo-\u2013-Escuela-de-Familias.jpg","width":580,"height":314},{"@type":"BreadcrumbList","@id":"https:\/\/ds-barranquilla.org\/articulo-escuela-de-familias-oficina-de-comunicaciones-colegio-aleman-de-barranquilla\/#breadcrumb","itemListElement":[{"@type":"ListItem","position":1,"name":"Portada","item":"https:\/\/ds-barranquilla.org\/"},{"@type":"ListItem","position":2,"name":"Art\u00edculo \u2013 Escuela de Familias Oficina de Comunicaciones Colegio Alem\u00e1n de Barranquilla"}]},{"@type":"WebSite","@id":"https:\/\/ds-barranquilla.org\/#website","url":"https:\/\/ds-barranquilla.org\/","name":"Colegio Alem\u00e1n - Los Mejores Colegios de Colombia - Colegio Triling\u00fce","description":"Colegio Alem\u00e1n  Barranquilla Colombia - Colegio Biling\u00fce - Triling\u00fce - El Mejor Colegio de Colombia","publisher":{"@id":"https:\/\/ds-barranquilla.org\/#organization"},"potentialAction":[{"@type":"SearchAction","target":{"@type":"EntryPoint","urlTemplate":"https:\/\/ds-barranquilla.org\/?s={search_term_string}"},"query-input":"required name=search_term_string"}],"inLanguage":"de"},{"@type":"Organization","@id":"https:\/\/ds-barranquilla.org\/#organization","name":"Colegio Alem\u00e1n Barranquilla","url":"https:\/\/ds-barranquilla.org\/","logo":{"@type":"ImageObject","inLanguage":"de","@id":"https:\/\/ds-barranquilla.org\/#\/schema\/logo\/image\/","url":"https:\/\/ds-barranquilla.org\/wp-content\/uploads\/2021\/05\/coleman_logo_2.png","contentUrl":"https:\/\/ds-barranquilla.org\/wp-content\/uploads\/2021\/05\/coleman_logo_2.png","width":418,"height":307,"caption":"Colegio Alem\u00e1n Barranquilla"},"image":{"@id":"https:\/\/ds-barranquilla.org\/#\/schema\/logo\/image\/"},"sameAs":["https:\/\/www.facebook.com\/ColegioAlemanBaq\/","https:\/\/x.com\/ColegioAlemanBq","https:\/\/www.instagram.com\/colegioalemanbaq\/","https:\/\/www.linkedin.com\/school\/deutsche-schule-barranquilla\/","https:\/\/www.youtube.com\/channel\/UCOOGZQCVs6aYRqIWvSN5agQ"]},{"@type":"Person","@id":"https:\/\/ds-barranquilla.org\/#\/schema\/person\/7bf8790ba89d3480e0551241ccdc8d36","name":"Comunicaciones Comunicaciones","image":{"@type":"ImageObject","inLanguage":"de","@id":"https:\/\/ds-barranquilla.org\/#\/schema\/person\/image\/","url":"https:\/\/secure.gravatar.com\/avatar\/a66ba9484a4338d81d6bea750e595038?s=96&d=mm&r=g","contentUrl":"https:\/\/secure.gravatar.com\/avatar\/a66ba9484a4338d81d6bea750e595038?s=96&d=mm&r=g","caption":"Comunicaciones Comunicaciones"}}]}},"_links":{"self":[{"href":"https:\/\/ds-barranquilla.org\/de\/wp-json\/wp\/v2\/posts\/5571"}],"collection":[{"href":"https:\/\/ds-barranquilla.org\/de\/wp-json\/wp\/v2\/posts"}],"about":[{"href":"https:\/\/ds-barranquilla.org\/de\/wp-json\/wp\/v2\/types\/post"}],"author":[{"embeddable":true,"href":"https:\/\/ds-barranquilla.org\/de\/wp-json\/wp\/v2\/users\/16"}],"replies":[{"embeddable":true,"href":"https:\/\/ds-barranquilla.org\/de\/wp-json\/wp\/v2\/comments?post=5571"}],"version-history":[{"count":1,"href":"https:\/\/ds-barranquilla.org\/de\/wp-json\/wp\/v2\/posts\/5571\/revisions"}],"predecessor-version":[{"id":5573,"href":"https:\/\/ds-barranquilla.org\/de\/wp-json\/wp\/v2\/posts\/5571\/revisions\/5573"}],"wp:featuredmedia":[{"embeddable":true,"href":"https:\/\/ds-barranquilla.org\/de\/wp-json\/wp\/v2\/media\/5572"}],"wp:attachment":[{"href":"https:\/\/ds-barranquilla.org\/de\/wp-json\/wp\/v2\/media?parent=5571"}],"wp:term":[{"taxonomy":"category","embeddable":true,"href":"https:\/\/ds-barranquilla.org\/de\/wp-json\/wp\/v2\/categories?post=5571"},{"taxonomy":"post_tag","embeddable":true,"href":"https:\/\/ds-barranquilla.org\/de\/wp-json\/wp\/v2\/tags?post=5571"}],"curies":[{"name":"wp","href":"https:\/\/api.w.org\/{rel}","templated":true}]}}