{"id":5578,"date":"2019-02-08T14:47:45","date_gmt":"2019-02-08T19:47:45","guid":{"rendered":"https:\/\/ds-barranquilla.org\/?p=5578"},"modified":"2022-12-21T11:26:40","modified_gmt":"2022-12-21T16:26:40","slug":"la-gente-de-barranquilla-ha-sido-muy-amable-con-nosotros-estudiantes-alemanes-de-intercambio","status":"publish","type":"post","link":"https:\/\/ds-barranquilla.org\/de\/la-gente-de-barranquilla-ha-sido-muy-amable-con-nosotros-estudiantes-alemanes-de-intercambio\/","title":{"rendered":"\u201cLa gente de Barranquilla ha sido muy amable con nosotros\u201d: estudiantes alemanes de Intercambio"},"content":{"rendered":"<p><span class=\"TextRun SCXW106309332 BCX0\" lang=\"ES-CO\" xml:lang=\"ES-CO\" data-contrast=\"none\"><span class=\"NormalTextRun SCXW106309332 BCX0\">creado<\/span><\/span><span class=\"TextRun SCXW106309332 BCX0\" lang=\"ES-CO\" xml:lang=\"ES-CO\" data-contrast=\"none\"><span class=\"NormalTextRun SCXW106309332 BCX0\">\u00a0por Jos\u00e9 R\u00edos Mercado |\u202f<\/span><\/span><span class=\"TextRun SCXW106309332 BCX0\" lang=\"ES-CO\" xml:lang=\"ES-CO\" data-contrast=\"none\"><span class=\"NormalTextRun SCXW106309332 BCX0\">08.02.2019<\/span><\/span><span class=\"EOP SCXW106309332 BCX0\" data-ccp-props=\"{&quot;201341983&quot;:0,&quot;335559739&quot;:160,&quot;335559740&quot;:240}\">\u00a0<\/span><\/p>\n<p><span data-contrast=\"none\">Para los cuatro estudiantes alemanes de la\u00a0<\/span><span data-contrast=\"none\">Klasse<\/span><span data-contrast=\"none\">\u00a010 que llegaron a Barranquilla para un intercambio acad\u00e9mico en el Colegio Alem\u00e1n, la experiencia ha sido extraordinaria. La posibilidad de conocer un pa\u00eds con costumbres muy diferentes a las de ellos, les ha permitido crecer desde todo punto de vista.<\/span><span data-ccp-props=\"{&quot;201341983&quot;:0,&quot;335559739&quot;:180,&quot;335559740&quot;:240}\">\u00a0<\/span><\/p>\n<p><span data-contrast=\"none\">\u201cSiempre estuvo dentro de mis planes ser un estudiante de intercambio. Poder estar en Barranquilla y disfrutar de su clima y de la amabilidad de su gente, es lo que m\u00e1s me ha gustado\u201d, expres\u00f3 Lynn\u00a0<\/span><span data-contrast=\"none\">Gossmann<\/span><span data-contrast=\"none\">, estudiante de 16 a\u00f1os (<\/span><span data-contrast=\"none\">Minden<\/span><span data-contrast=\"none\">).<\/span><span data-ccp-props=\"{&quot;201341983&quot;:0,&quot;335559739&quot;:180,&quot;335559740&quot;:240}\">\u00a0<\/span><\/p>\n<p><span data-contrast=\"none\">Por su parte,\u00a0<\/span><span data-contrast=\"none\">Marissa<\/span><span data-contrast=\"none\">\u00a0Garc\u00eda-Rubio, estudiante de 15 a\u00f1os (<\/span><span data-contrast=\"none\">Erbach<\/span><span data-contrast=\"none\">), indic\u00f3 que lo del intercambio siempre le pareci\u00f3 interesante y sus padres la respaldaron desde el mismo momento en que ella les coment\u00f3 su deseo.<\/span><span data-ccp-props=\"{&quot;201341983&quot;:0,&quot;335559739&quot;:180,&quot;335559740&quot;:240}\">\u00a0<\/span><\/p>\n<p><span data-contrast=\"none\">\u201cEstoy muy alegre con la forma como me han recibido en Barranquilla, puesto que me ha permitido poder interactuar mejor y conocer a otras personas\u201d, manifest\u00f3 Christopher\u00a0<\/span><span data-contrast=\"none\">Gross<\/span><span data-contrast=\"none\">, estudiante de 15 a\u00f1os (<\/span><span data-contrast=\"none\">Fulda<\/span><span data-contrast=\"none\">).<\/span><span data-ccp-props=\"{&quot;201341983&quot;:0,&quot;335559739&quot;:180,&quot;335559740&quot;:240}\">\u00a0<\/span><\/p>\n<p><span data-contrast=\"none\">Finalmente, Lorena De la Rosa, estudiante de 15 a\u00f1os (Bremen), dijo que aprovech\u00f3 esta experiencia para practicar su espa\u00f1ol y conocer muchos lugares de la capital del Atl\u00e1ntico.<\/span><span data-ccp-props=\"{&quot;201341983&quot;:0,&quot;335559739&quot;:180,&quot;335559740&quot;:240}\">\u00a0<\/span><\/p>","protected":false},"excerpt":{"rendered":"<p>creado\u00a0por Jos\u00e9 R\u00edos Mercado |\u202f08.02.2019\u00a0 Para los cuatro estudiantes alemanes de la\u00a0Klasse\u00a010 que llegaron a Barranquilla para un intercambio acad\u00e9mico en el Colegio Alem\u00e1n, la experiencia<span class=\"excerpt-hellip\"> [\u2026]<\/span><\/p>","protected":false},"author":16,"featured_media":5580,"comment_status":"open","ping_status":"open","sticky":false,"template":"","format":"standard","meta":{"_exactmetrics_skip_tracking":false,"_exactmetrics_sitenote_active":false,"_exactmetrics_sitenote_note":"","_exactmetrics_sitenote_category":0,"_joinchat":[],"footnotes":""},"categories":[679,704,710],"tags":[],"class_list":["post-5578","post","type-post","status-publish","format-standard","has-post-thumbnail","hentry","category-679","category-oficina-de-relaciones-internacionales","category-secundaria"],"yoast_head":"<!-- This site is optimized with the Yoast SEO plugin v23.3 - https:\/\/yoast.com\/wordpress\/plugins\/seo\/ -->\n<title>\u201cLa gente de Barranquilla ha sido muy amable con nosotros\u201d: estudiantes alemanes de Intercambio - 2026<\/title>\n<meta name=\"robots\" content=\"noindex, follow, max-snippet:-1, max-image-preview:large, max-video-preview:-1\" \/>\n<meta property=\"og:locale\" content=\"de_DE\" \/>\n<meta property=\"og:type\" content=\"article\" \/>\n<meta property=\"og:title\" content=\"\u201cLa gente de Barranquilla ha sido muy amable con nosotros\u201d: estudiantes alemanes de Intercambio - 2026\" \/>\n<meta property=\"og:description\" content=\"creado\u00a0por Jos\u00e9 R\u00edos Mercado |\u202f08.02.2019\u00a0 Para los cuatro estudiantes alemanes de la\u00a0Klasse\u00a010 que llegaron a Barranquilla para un intercambio acad\u00e9mico en el Colegio Alem\u00e1n, la experiencia [\u2026]\" \/>\n<meta property=\"og:url\" content=\"https:\/\/ds-barranquilla.org\/de\/la-gente-de-barranquilla-ha-sido-muy-amable-con-nosotros-estudiantes-alemanes-de-intercambio\/\" \/>\n<meta property=\"og:site_name\" content=\"Colegio Alem\u00e1n - Los Mejores Colegios de Colombia - Colegio Triling\u00fce\" \/>\n<meta property=\"article:publisher\" content=\"https:\/\/www.facebook.com\/ColegioAlemanBaq\/\" \/>\n<meta property=\"article:published_time\" content=\"2019-02-08T19:47:45+00:00\" \/>\n<meta property=\"article:modified_time\" content=\"2022-12-21T16:26:40+00:00\" \/>\n<meta property=\"og:image\" content=\"https:\/\/ds-barranquilla.org\/wp-content\/uploads\/2020\/08\/La-gente-de-Barranquilla-ha-sido-muy-amable-con-nosotros.jpg\" \/>\n\t<meta property=\"og:image:width\" content=\"538\" \/>\n\t<meta property=\"og:image:height\" content=\"277\" \/>\n\t<meta property=\"og:image:type\" content=\"image\/jpeg\" \/>\n<meta name=\"author\" content=\"Comunicaciones Comunicaciones\" \/>\n<meta name=\"twitter:card\" content=\"summary_large_image\" \/>\n<meta name=\"twitter:creator\" content=\"@ColegioAlemanBq\" \/>\n<meta name=\"twitter:site\" content=\"@ColegioAlemanBq\" \/>\n<meta name=\"twitter:label1\" content=\"Verfasst von\" \/>\n\t<meta name=\"twitter:data1\" content=\"Comunicaciones Comunicaciones\" \/>\n\t<meta name=\"twitter:label2\" content=\"Gesch\u00e4tzte Lesezeit\" \/>\n\t<meta name=\"twitter:data2\" content=\"1\u00a0Minute\" \/>\n<script type=\"application\/ld+json\" class=\"yoast-schema-graph\">{\"@context\":\"https:\/\/schema.org\",\"@graph\":[{\"@type\":\"Article\",\"@id\":\"https:\/\/ds-barranquilla.org\/la-gente-de-barranquilla-ha-sido-muy-amable-con-nosotros-estudiantes-alemanes-de-intercambio\/#article\",\"isPartOf\":{\"@id\":\"https:\/\/ds-barranquilla.org\/la-gente-de-barranquilla-ha-sido-muy-amable-con-nosotros-estudiantes-alemanes-de-intercambio\/\"},\"author\":{\"name\":\"Comunicaciones Comunicaciones\",\"@id\":\"https:\/\/ds-barranquilla.org\/#\/schema\/person\/7bf8790ba89d3480e0551241ccdc8d36\"},\"headline\":\"\u201cLa gente de Barranquilla ha sido muy amable con nosotros\u201d: estudiantes alemanes de Intercambio\",\"datePublished\":\"2019-02-08T19:47:45+00:00\",\"dateModified\":\"2022-12-21T16:26:40+00:00\",\"mainEntityOfPage\":{\"@id\":\"https:\/\/ds-barranquilla.org\/la-gente-de-barranquilla-ha-sido-muy-amable-con-nosotros-estudiantes-alemanes-de-intercambio\/\"},\"wordCount\":213,\"commentCount\":0,\"publisher\":{\"@id\":\"https:\/\/ds-barranquilla.org\/#organization\"},\"image\":{\"@id\":\"https:\/\/ds-barranquilla.org\/la-gente-de-barranquilla-ha-sido-muy-amable-con-nosotros-estudiantes-alemanes-de-intercambio\/#primaryimage\"},\"thumbnailUrl\":\"https:\/\/ds-barranquilla.org\/wp-content\/uploads\/2020\/08\/La-gente-de-Barranquilla-ha-sido-muy-amable-con-nosotros.jpg\",\"articleSection\":[\"2019\",\"Oficina de Relaciones Internacionales\",\"Secundaria\"],\"inLanguage\":\"de\",\"potentialAction\":[{\"@type\":\"CommentAction\",\"name\":\"Comment\",\"target\":[\"https:\/\/ds-barranquilla.org\/la-gente-de-barranquilla-ha-sido-muy-amable-con-nosotros-estudiantes-alemanes-de-intercambio\/#respond\"]}]},{\"@type\":\"WebPage\",\"@id\":\"https:\/\/ds-barranquilla.org\/la-gente-de-barranquilla-ha-sido-muy-amable-con-nosotros-estudiantes-alemanes-de-intercambio\/\",\"url\":\"https:\/\/ds-barranquilla.org\/la-gente-de-barranquilla-ha-sido-muy-amable-con-nosotros-estudiantes-alemanes-de-intercambio\/\",\"name\":\"\u201cLa gente de Barranquilla ha sido muy amable con nosotros\u201d: estudiantes alemanes de Intercambio - 2026\",\"isPartOf\":{\"@id\":\"https:\/\/ds-barranquilla.org\/#website\"},\"primaryImageOfPage\":{\"@id\":\"https:\/\/ds-barranquilla.org\/la-gente-de-barranquilla-ha-sido-muy-amable-con-nosotros-estudiantes-alemanes-de-intercambio\/#primaryimage\"},\"image\":{\"@id\":\"https:\/\/ds-barranquilla.org\/la-gente-de-barranquilla-ha-sido-muy-amable-con-nosotros-estudiantes-alemanes-de-intercambio\/#primaryimage\"},\"thumbnailUrl\":\"https:\/\/ds-barranquilla.org\/wp-content\/uploads\/2020\/08\/La-gente-de-Barranquilla-ha-sido-muy-amable-con-nosotros.jpg\",\"datePublished\":\"2019-02-08T19:47:45+00:00\",\"dateModified\":\"2022-12-21T16:26:40+00:00\",\"breadcrumb\":{\"@id\":\"https:\/\/ds-barranquilla.org\/la-gente-de-barranquilla-ha-sido-muy-amable-con-nosotros-estudiantes-alemanes-de-intercambio\/#breadcrumb\"},\"inLanguage\":\"de\",\"potentialAction\":[{\"@type\":\"ReadAction\",\"target\":[\"https:\/\/ds-barranquilla.org\/la-gente-de-barranquilla-ha-sido-muy-amable-con-nosotros-estudiantes-alemanes-de-intercambio\/\"]}]},{\"@type\":\"ImageObject\",\"inLanguage\":\"de\",\"@id\":\"https:\/\/ds-barranquilla.org\/la-gente-de-barranquilla-ha-sido-muy-amable-con-nosotros-estudiantes-alemanes-de-intercambio\/#primaryimage\",\"url\":\"https:\/\/ds-barranquilla.org\/wp-content\/uploads\/2020\/08\/La-gente-de-Barranquilla-ha-sido-muy-amable-con-nosotros.jpg\",\"contentUrl\":\"https:\/\/ds-barranquilla.org\/wp-content\/uploads\/2020\/08\/La-gente-de-Barranquilla-ha-sido-muy-amable-con-nosotros.jpg\",\"width\":538,\"height\":277},{\"@type\":\"BreadcrumbList\",\"@id\":\"https:\/\/ds-barranquilla.org\/la-gente-de-barranquilla-ha-sido-muy-amable-con-nosotros-estudiantes-alemanes-de-intercambio\/#breadcrumb\",\"itemListElement\":[{\"@type\":\"ListItem\",\"position\":1,\"name\":\"Portada\",\"item\":\"https:\/\/ds-barranquilla.org\/\"},{\"@type\":\"ListItem\",\"position\":2,\"name\":\"\u201cLa gente de Barranquilla ha sido muy amable con nosotros\u201d: estudiantes alemanes de Intercambio\"}]},{\"@type\":\"WebSite\",\"@id\":\"https:\/\/ds-barranquilla.org\/#website\",\"url\":\"https:\/\/ds-barranquilla.org\/\",\"name\":\"Colegio Alem\u00e1n - Los Mejores Colegios de Colombia - Colegio Triling\u00fce\",\"description\":\"Colegio Alem\u00e1n  Barranquilla Colombia - Colegio Biling\u00fce - Triling\u00fce - El Mejor Colegio de Colombia\",\"publisher\":{\"@id\":\"https:\/\/ds-barranquilla.org\/#organization\"},\"potentialAction\":[{\"@type\":\"SearchAction\",\"target\":{\"@type\":\"EntryPoint\",\"urlTemplate\":\"https:\/\/ds-barranquilla.org\/?s={search_term_string}\"},\"query-input\":\"required name=search_term_string\"}],\"inLanguage\":\"de\"},{\"@type\":\"Organization\",\"@id\":\"https:\/\/ds-barranquilla.org\/#organization\",\"name\":\"Colegio Alem\u00e1n Barranquilla\",\"url\":\"https:\/\/ds-barranquilla.org\/\",\"logo\":{\"@type\":\"ImageObject\",\"inLanguage\":\"de\",\"@id\":\"https:\/\/ds-barranquilla.org\/#\/schema\/logo\/image\/\",\"url\":\"https:\/\/ds-barranquilla.org\/wp-content\/uploads\/2021\/05\/coleman_logo_2.png\",\"contentUrl\":\"https:\/\/ds-barranquilla.org\/wp-content\/uploads\/2021\/05\/coleman_logo_2.png\",\"width\":418,\"height\":307,\"caption\":\"Colegio Alem\u00e1n Barranquilla\"},\"image\":{\"@id\":\"https:\/\/ds-barranquilla.org\/#\/schema\/logo\/image\/\"},\"sameAs\":[\"https:\/\/www.facebook.com\/ColegioAlemanBaq\/\",\"https:\/\/x.com\/ColegioAlemanBq\",\"https:\/\/www.instagram.com\/colegioalemanbaq\/\",\"https:\/\/www.linkedin.com\/school\/deutsche-schule-barranquilla\/\",\"https:\/\/www.youtube.com\/channel\/UCOOGZQCVs6aYRqIWvSN5agQ\"]},{\"@type\":\"Person\",\"@id\":\"https:\/\/ds-barranquilla.org\/#\/schema\/person\/7bf8790ba89d3480e0551241ccdc8d36\",\"name\":\"Comunicaciones Comunicaciones\",\"image\":{\"@type\":\"ImageObject\",\"inLanguage\":\"de\",\"@id\":\"https:\/\/ds-barranquilla.org\/#\/schema\/person\/image\/\",\"url\":\"https:\/\/secure.gravatar.com\/avatar\/a66ba9484a4338d81d6bea750e595038?s=96&d=mm&r=g\",\"contentUrl\":\"https:\/\/secure.gravatar.com\/avatar\/a66ba9484a4338d81d6bea750e595038?s=96&d=mm&r=g\",\"caption\":\"Comunicaciones Comunicaciones\"}}]}<\/script>\n<!-- \/ Yoast SEO plugin. -->","yoast_head_json":{"title":"\u201cLa gente de Barranquilla ha sido muy amable con nosotros\u201d: estudiantes alemanes de Intercambio - 2026","robots":{"index":"noindex","follow":"follow","max-snippet":"max-snippet:-1","max-image-preview":"max-image-preview:large","max-video-preview":"max-video-preview:-1"},"og_locale":"de_DE","og_type":"article","og_title":"\u201cLa gente de Barranquilla ha sido muy amable con nosotros\u201d: estudiantes alemanes de Intercambio - 2026","og_description":"creado\u00a0por Jos\u00e9 R\u00edos Mercado |\u202f08.02.2019\u00a0 Para los cuatro estudiantes alemanes de la\u00a0Klasse\u00a010 que llegaron a Barranquilla para un intercambio acad\u00e9mico en el Colegio Alem\u00e1n, la experiencia [\u2026]","og_url":"https:\/\/ds-barranquilla.org\/de\/la-gente-de-barranquilla-ha-sido-muy-amable-con-nosotros-estudiantes-alemanes-de-intercambio\/","og_site_name":"Colegio Alem\u00e1n - Los Mejores Colegios de Colombia - Colegio Triling\u00fce","article_publisher":"https:\/\/www.facebook.com\/ColegioAlemanBaq\/","article_published_time":"2019-02-08T19:47:45+00:00","article_modified_time":"2022-12-21T16:26:40+00:00","og_image":[{"width":538,"height":277,"url":"https:\/\/ds-barranquilla.org\/wp-content\/uploads\/2020\/08\/La-gente-de-Barranquilla-ha-sido-muy-amable-con-nosotros.jpg","type":"image\/jpeg"}],"author":"Comunicaciones Comunicaciones","twitter_card":"summary_large_image","twitter_creator":"@ColegioAlemanBq","twitter_site":"@ColegioAlemanBq","twitter_misc":{"Verfasst von":"Comunicaciones Comunicaciones","Gesch\u00e4tzte Lesezeit":"1\u00a0Minute"},"schema":{"@context":"https:\/\/schema.org","@graph":[{"@type":"Article","@id":"https:\/\/ds-barranquilla.org\/la-gente-de-barranquilla-ha-sido-muy-amable-con-nosotros-estudiantes-alemanes-de-intercambio\/#article","isPartOf":{"@id":"https:\/\/ds-barranquilla.org\/la-gente-de-barranquilla-ha-sido-muy-amable-con-nosotros-estudiantes-alemanes-de-intercambio\/"},"author":{"name":"Comunicaciones Comunicaciones","@id":"https:\/\/ds-barranquilla.org\/#\/schema\/person\/7bf8790ba89d3480e0551241ccdc8d36"},"headline":"\u201cLa gente de Barranquilla ha sido muy amable con nosotros\u201d: estudiantes alemanes de Intercambio","datePublished":"2019-02-08T19:47:45+00:00","dateModified":"2022-12-21T16:26:40+00:00","mainEntityOfPage":{"@id":"https:\/\/ds-barranquilla.org\/la-gente-de-barranquilla-ha-sido-muy-amable-con-nosotros-estudiantes-alemanes-de-intercambio\/"},"wordCount":213,"commentCount":0,"publisher":{"@id":"https:\/\/ds-barranquilla.org\/#organization"},"image":{"@id":"https:\/\/ds-barranquilla.org\/la-gente-de-barranquilla-ha-sido-muy-amable-con-nosotros-estudiantes-alemanes-de-intercambio\/#primaryimage"},"thumbnailUrl":"https:\/\/ds-barranquilla.org\/wp-content\/uploads\/2020\/08\/La-gente-de-Barranquilla-ha-sido-muy-amable-con-nosotros.jpg","articleSection":["2019","Oficina de Relaciones Internacionales","Secundaria"],"inLanguage":"de","potentialAction":[{"@type":"CommentAction","name":"Comment","target":["https:\/\/ds-barranquilla.org\/la-gente-de-barranquilla-ha-sido-muy-amable-con-nosotros-estudiantes-alemanes-de-intercambio\/#respond"]}]},{"@type":"WebPage","@id":"https:\/\/ds-barranquilla.org\/la-gente-de-barranquilla-ha-sido-muy-amable-con-nosotros-estudiantes-alemanes-de-intercambio\/","url":"https:\/\/ds-barranquilla.org\/la-gente-de-barranquilla-ha-sido-muy-amable-con-nosotros-estudiantes-alemanes-de-intercambio\/","name":"\u201cLa gente de Barranquilla ha sido muy amable con nosotros\u201d: estudiantes alemanes de Intercambio - 2026","isPartOf":{"@id":"https:\/\/ds-barranquilla.org\/#website"},"primaryImageOfPage":{"@id":"https:\/\/ds-barranquilla.org\/la-gente-de-barranquilla-ha-sido-muy-amable-con-nosotros-estudiantes-alemanes-de-intercambio\/#primaryimage"},"image":{"@id":"https:\/\/ds-barranquilla.org\/la-gente-de-barranquilla-ha-sido-muy-amable-con-nosotros-estudiantes-alemanes-de-intercambio\/#primaryimage"},"thumbnailUrl":"https:\/\/ds-barranquilla.org\/wp-content\/uploads\/2020\/08\/La-gente-de-Barranquilla-ha-sido-muy-amable-con-nosotros.jpg","datePublished":"2019-02-08T19:47:45+00:00","dateModified":"2022-12-21T16:26:40+00:00","breadcrumb":{"@id":"https:\/\/ds-barranquilla.org\/la-gente-de-barranquilla-ha-sido-muy-amable-con-nosotros-estudiantes-alemanes-de-intercambio\/#breadcrumb"},"inLanguage":"de","potentialAction":[{"@type":"ReadAction","target":["https:\/\/ds-barranquilla.org\/la-gente-de-barranquilla-ha-sido-muy-amable-con-nosotros-estudiantes-alemanes-de-intercambio\/"]}]},{"@type":"ImageObject","inLanguage":"de","@id":"https:\/\/ds-barranquilla.org\/la-gente-de-barranquilla-ha-sido-muy-amable-con-nosotros-estudiantes-alemanes-de-intercambio\/#primaryimage","url":"https:\/\/ds-barranquilla.org\/wp-content\/uploads\/2020\/08\/La-gente-de-Barranquilla-ha-sido-muy-amable-con-nosotros.jpg","contentUrl":"https:\/\/ds-barranquilla.org\/wp-content\/uploads\/2020\/08\/La-gente-de-Barranquilla-ha-sido-muy-amable-con-nosotros.jpg","width":538,"height":277},{"@type":"BreadcrumbList","@id":"https:\/\/ds-barranquilla.org\/la-gente-de-barranquilla-ha-sido-muy-amable-con-nosotros-estudiantes-alemanes-de-intercambio\/#breadcrumb","itemListElement":[{"@type":"ListItem","position":1,"name":"Portada","item":"https:\/\/ds-barranquilla.org\/"},{"@type":"ListItem","position":2,"name":"\u201cLa gente de Barranquilla ha sido muy amable con nosotros\u201d: estudiantes alemanes de Intercambio"}]},{"@type":"WebSite","@id":"https:\/\/ds-barranquilla.org\/#website","url":"https:\/\/ds-barranquilla.org\/","name":"Colegio Alem\u00e1n - Los Mejores Colegios de Colombia - Colegio Triling\u00fce","description":"Colegio Alem\u00e1n  Barranquilla Colombia - Colegio Biling\u00fce - Triling\u00fce - El Mejor Colegio de Colombia","publisher":{"@id":"https:\/\/ds-barranquilla.org\/#organization"},"potentialAction":[{"@type":"SearchAction","target":{"@type":"EntryPoint","urlTemplate":"https:\/\/ds-barranquilla.org\/?s={search_term_string}"},"query-input":"required name=search_term_string"}],"inLanguage":"de"},{"@type":"Organization","@id":"https:\/\/ds-barranquilla.org\/#organization","name":"Colegio Alem\u00e1n Barranquilla","url":"https:\/\/ds-barranquilla.org\/","logo":{"@type":"ImageObject","inLanguage":"de","@id":"https:\/\/ds-barranquilla.org\/#\/schema\/logo\/image\/","url":"https:\/\/ds-barranquilla.org\/wp-content\/uploads\/2021\/05\/coleman_logo_2.png","contentUrl":"https:\/\/ds-barranquilla.org\/wp-content\/uploads\/2021\/05\/coleman_logo_2.png","width":418,"height":307,"caption":"Colegio Alem\u00e1n Barranquilla"},"image":{"@id":"https:\/\/ds-barranquilla.org\/#\/schema\/logo\/image\/"},"sameAs":["https:\/\/www.facebook.com\/ColegioAlemanBaq\/","https:\/\/x.com\/ColegioAlemanBq","https:\/\/www.instagram.com\/colegioalemanbaq\/","https:\/\/www.linkedin.com\/school\/deutsche-schule-barranquilla\/","https:\/\/www.youtube.com\/channel\/UCOOGZQCVs6aYRqIWvSN5agQ"]},{"@type":"Person","@id":"https:\/\/ds-barranquilla.org\/#\/schema\/person\/7bf8790ba89d3480e0551241ccdc8d36","name":"Comunicaciones Comunicaciones","image":{"@type":"ImageObject","inLanguage":"de","@id":"https:\/\/ds-barranquilla.org\/#\/schema\/person\/image\/","url":"https:\/\/secure.gravatar.com\/avatar\/a66ba9484a4338d81d6bea750e595038?s=96&d=mm&r=g","contentUrl":"https:\/\/secure.gravatar.com\/avatar\/a66ba9484a4338d81d6bea750e595038?s=96&d=mm&r=g","caption":"Comunicaciones Comunicaciones"}}]}},"_links":{"self":[{"href":"https:\/\/ds-barranquilla.org\/de\/wp-json\/wp\/v2\/posts\/5578"}],"collection":[{"href":"https:\/\/ds-barranquilla.org\/de\/wp-json\/wp\/v2\/posts"}],"about":[{"href":"https:\/\/ds-barranquilla.org\/de\/wp-json\/wp\/v2\/types\/post"}],"author":[{"embeddable":true,"href":"https:\/\/ds-barranquilla.org\/de\/wp-json\/wp\/v2\/users\/16"}],"replies":[{"embeddable":true,"href":"https:\/\/ds-barranquilla.org\/de\/wp-json\/wp\/v2\/comments?post=5578"}],"version-history":[{"count":1,"href":"https:\/\/ds-barranquilla.org\/de\/wp-json\/wp\/v2\/posts\/5578\/revisions"}],"predecessor-version":[{"id":5581,"href":"https:\/\/ds-barranquilla.org\/de\/wp-json\/wp\/v2\/posts\/5578\/revisions\/5581"}],"wp:featuredmedia":[{"embeddable":true,"href":"https:\/\/ds-barranquilla.org\/de\/wp-json\/wp\/v2\/media\/5580"}],"wp:attachment":[{"href":"https:\/\/ds-barranquilla.org\/de\/wp-json\/wp\/v2\/media?parent=5578"}],"wp:term":[{"taxonomy":"category","embeddable":true,"href":"https:\/\/ds-barranquilla.org\/de\/wp-json\/wp\/v2\/categories?post=5578"},{"taxonomy":"post_tag","embeddable":true,"href":"https:\/\/ds-barranquilla.org\/de\/wp-json\/wp\/v2\/tags?post=5578"}],"curies":[{"name":"wp","href":"https:\/\/api.w.org\/{rel}","templated":true}]}}