{"id":5582,"date":"2019-02-11T15:21:11","date_gmt":"2019-02-11T20:21:11","guid":{"rendered":"https:\/\/ds-barranquilla.org\/?p=5582"},"modified":"2023-01-04T13:38:46","modified_gmt":"2023-01-04T18:38:46","slug":"carlos-sulbaran-nos-enorgullece-con-la-distincion-andres-bello","status":"publish","type":"post","link":"https:\/\/ds-barranquilla.org\/de\/carlos-sulbaran-nos-enorgullece-con-la-distincion-andres-bello\/","title":{"rendered":"Carlos Sulbar\u00e1n nos enorgullece con la distinci\u00f3n Andr\u00e9s Bello"},"content":{"rendered":"<p><span data-ccp-props=\"{&quot;201341983&quot;:0,&quot;335559739&quot;:160,&quot;335559740&quot;:240}\">\u00a0<\/span><\/p>\n<p><span data-contrast=\"none\">Mientras disfruta sus vacaciones en Roma,\u202f<\/span><b><span data-contrast=\"none\">Carlos\u00a0<\/span><\/b><b><span data-contrast=\"none\">Sulbar\u00e1n<\/span><\/b><b><span data-contrast=\"none\">\u00a0<\/span><\/b><b><span data-contrast=\"none\">Fandi\u00f1o<\/span><\/b><b><span data-contrast=\"none\">,\u202f<\/span><\/b><span data-contrast=\"none\">nuestro exalumno de la Promoci\u00f3n 2018, nos cuenta para nuestro bolet\u00edn informativo\u202f<\/span><b><i><span data-contrast=\"none\">La Iguana Alemana<\/span><\/i><\/b><span data-contrast=\"none\">\u202fsobre su preparaci\u00f3n para obtener el Mejor Puntaje Saber 11 de Barranquilla en Calendario B y sobre su vida en Alemania.\u202f<\/span><span data-ccp-props=\"{&quot;201341983&quot;:0,&quot;335559739&quot;:180,&quot;335559740&quot;:240}\">\u00a0<\/span><\/p>\n<p><i><span data-contrast=\"none\">\u201cCarlos\u00a0<\/span><\/i><i><span data-contrast=\"none\">Sulbar\u00e1n<\/span><\/i><i><span data-contrast=\"none\">\u00a0<\/span><\/i><i><span data-contrast=\"none\">Fandi\u00f1o<\/span><\/i><i><span data-contrast=\"none\">\u00a0se caracteriz\u00f3 por alcanzar metas que midieran sus reales capacidades de autogesti\u00f3n. Siempre tuvo una destacada participaci\u00f3n en cuanto\u00a0<\/span><\/i><i><span data-contrast=\"none\">espacio le tocase actuar, especialmente en las Olimpiadas Matem\u00e1ticas Regionales y Nacionales, dejando en alto el nombre de la instituci\u00f3n. Buen compa\u00f1ero y amigo. Engalana el Cuadro de Honor por haber obtenido 424 puntos en la Prueba Saber 11, consolid\u00e1ndose no solo como el Mejor Puntaje Saber 11 de la Promoci\u00f3n 2018, sino tambi\u00e9n de Barranquilla en Calendario B. \u00a1Merecidas felicitaciones!\u201d.<\/span><\/i><span data-ccp-props=\"{&quot;201341983&quot;:0,&quot;335559739&quot;:180,&quot;335559740&quot;:240}\">\u00a0<\/span><\/p>\n<p><span data-contrast=\"none\">Las anteriores palabras no son nuestras, son las que escogieron sus antiguos profesores para el Cuadro de Honor 2018, meses antes de que Carlos obtuviera la &#8220;Distinci\u00f3n Andr\u00e9s Bello&#8221;, categor\u00eda Departamental, que el Ministerio de Educaci\u00f3n Nacional con ere a los estudiantes sobresalientes en el Examen de Estado de la Educaci\u00f3n Media &#8211; ICFES SABER 11. Este reci\u00e9n egresado destacado y representante ideal de los atributos del Bachillerato Internacional construye ahora su futuro profesional en la TU (<\/span><span data-contrast=\"none\">Technische<\/span><span data-contrast=\"none\">\u00a0<\/span><span data-contrast=\"none\">Universit\u00e4t<\/span><span data-contrast=\"none\">) de Berl\u00edn, a la que entr\u00f3 con honores. \u00bfCu\u00e1les son las claves de su \u00e9xito?<\/span><span data-ccp-props=\"{&quot;201341983&quot;:0,&quot;335559739&quot;:180,&quot;335559740&quot;:240}\">\u00a0<\/span><\/p>\n<p><b><span data-contrast=\"none\">La Iguana Alemana: Carlos, sabemos por muy buena fuente que estabas seguro de que te iba a ir bien en las pruebas ICFES SABER 11. \u00bfDe d\u00f3nde ven\u00eda esa seguridad?<\/span><\/b><br \/>\n<b><span data-contrast=\"none\">Carlos\u00a0<\/span><\/b><b><span data-contrast=\"none\">Sulbar\u00e1n<\/span><\/b><b><span data-contrast=\"none\">:<\/span><\/b><span data-contrast=\"none\">\u202fesa seguridad me la dio el hecho de que sab\u00eda que me iba a graduar de un muy buen colegio, con excelentes profesores y a que, desde peque\u00f1o, me ense\u00f1aron que siempre pod\u00eda dar m\u00e1s de m\u00ed mismo para alcanzar el saber. La seguridad tambi\u00e9n vino de las ganas de dejar el nombre del colegio en alto. Eso lo aprend\u00ed muy bien en las competencias de matem\u00e1ticas; en mi familia me ense\u00f1aron que no me representaba a m\u00ed mismo, sino al colegio, y siempre quer\u00eda compensar al colegio por la beca con la que me respald\u00f3 durante todos mis estudios y lo logr\u00e9. Este premio es un agradecimiento para mi familia por su respaldo, para los profesores por su dedicaci\u00f3n y para el colegio por creer en m\u00ed.<\/span><span data-ccp-props=\"{&quot;201341983&quot;:0,&quot;335559739&quot;:180,&quot;335559740&quot;:240}\">\u00a0<\/span><\/p>\n<p><b><span data-contrast=\"none\">L.I.A.: \u00bfEsperabas el premio que ganaste?<\/span><\/b><br \/>\n<b><span data-contrast=\"none\">C.S.:<\/span><\/b><span data-contrast=\"none\">\u202fsab\u00eda que me iba a ir bien, pero aspiraba a un mejor resultado, aunque me sorprend\u00ed de ser el mejor de Barranquilla en calendario B, porque compet\u00ed contra los mejores colegios de la ciudad. Ahora solo estoy feliz por haber logrado la distinci\u00f3n.<\/span><span data-ccp-props=\"{&quot;201341983&quot;:0,&quot;335559739&quot;:180,&quot;335559740&quot;:240}\">\u00a0<\/span><\/p>\n<p><b><span data-contrast=\"none\">L.I.A.: \u00bfC\u00f3mo te preparaste para ese examen?<\/span><\/b><br \/>\n<b><span data-contrast=\"none\">C.S.:<\/span><\/b><span data-contrast=\"none\">\u202fno fue una preparaci\u00f3n espec\u00edfica para la fecha; lo \u00fanico que recuerdo ese d\u00eda es que estaba bastante ansioso, y por consejo de mi familia, antes de presentar la prueba, hice deporte; me levantaron muy temprano y nos fuimos a un parque a caminar para quemar la ansiedad que ten\u00eda, creo que eso me ayud\u00f3 mucho.<\/span><span data-ccp-props=\"{&quot;201341983&quot;:0,&quot;335559739&quot;:180,&quot;335559740&quot;:240}\">\u00a0<\/span><\/p>\n<p><b><span data-contrast=\"none\">L.I.A.: \u00bfQu\u00e9 fue lo m\u00e1s dif\u00edcil a la hora de presentar estas pruebas?<\/span><\/b><br \/>\n<b><span data-contrast=\"none\">C.S.:<\/span><\/b><span data-contrast=\"none\">\u202fLo que me pareci\u00f3 m\u00e1s dif\u00edcil de controlar en todas las sesiones es la ansiedad que da cuando ves que todos tus compa\u00f1eros est\u00e1n saliendo primero que t\u00fa. En todos los simulacros y en la prueba principal siempre fui uno de los \u00faltimos en salir, pero necesitaba tomarme mi tiempo para responder a consciencia.<\/span><span data-ccp-props=\"{&quot;201341983&quot;:0,&quot;335559739&quot;:180,&quot;335559740&quot;:240}\">\u00a0<\/span><\/p>\n<p><b><span data-contrast=\"none\">L.I.A.: \u00bfQu\u00e9 les aconsejas a tus excompa\u00f1eros que hoy est\u00e1n en K12 para presentar una buena prueba?<\/span><\/b><br \/>\n<b><span data-contrast=\"none\">C.S.:\u202f<\/span><\/b><span data-contrast=\"none\">a los que van a presentar la prueba les aconsejo manejar el tiempo y no desesperarse cuando\u00a0<\/span><span data-contrast=\"none\">vean<\/span><span data-contrast=\"none\">\u00a0salir a los dem\u00e1s, porque eso les quita la concentraci\u00f3n, es importante que se apoyen y que no piensen en qui\u00e9n sale primero, sino responder todo con plena consciencia.<\/span><span data-ccp-props=\"{&quot;201341983&quot;:0,&quot;335559739&quot;:180,&quot;335559740&quot;:240}\">\u00a0<\/span><\/p>\n<p><b><span data-contrast=\"none\">L.I.A.: \u00bfC\u00f3mo te va en Alemania; c\u00f3mo ha sido el cambio de vida?<\/span><\/b><br \/>\n<b><span data-contrast=\"none\">C.S.:\u202f<\/span><\/b><span data-contrast=\"none\">en Alemania me va bien. Obviamente extra\u00f1o a mi familia, mi casa y mis amigos, pero ac\u00e1 estoy creando nuevos v\u00ednculos y teniendo nuevas experiencias; ahora me toca organizar todo, valerme por m\u00ed mismo y tomar decisiones de gastos que antes eran de mis padres; en todo este proceso he valorado mucho la autonom\u00eda que aprend\u00ed en el colegio y los valores que me inculcaron en mi casa.<\/span><span data-ccp-props=\"{&quot;201341983&quot;:0,&quot;335559739&quot;:180,&quot;335559740&quot;:240}\">\u00a0<\/span><\/p>\n<p><b><span data-contrast=\"none\">L.I.A.: tambi\u00e9n sabemos que entraste con honores a la TU (<\/span><\/b><b><span data-contrast=\"none\">Technische<\/span><\/b><b><span data-contrast=\"none\">\u00a0<\/span><\/b><b><span data-contrast=\"none\">Universit\u00e4t<\/span><\/b><b><span data-contrast=\"none\">) de Berl\u00edn. Cu\u00e9ntanos un poco sobre eso.<\/span><\/b><br \/>\n<b><span data-contrast=\"none\">C.S.:<\/span><\/b><span data-contrast=\"none\">\u202fla verdad, fue todo un r\u00e9cord para m\u00ed graduarme en junio y entrar en agosto del a\u00f1o pasado a la\u00a0<\/span><span data-contrast=\"none\">Studienkolleg<\/span><span data-contrast=\"none\">; aspiro a estudiar ingenier\u00eda civil. Entrar con honores fue un orgullo, ya que obtuve uno de los puntajes m\u00e1s altos (97 sobre 100) y compet\u00ed con aspirantes de muchos pa\u00edses que tienen un excelente nivel educativo. Estar aqu\u00ed no ha sido f\u00e1cil porque estudio con j\u00f3venes muy preparados, pero poco a poco trabajo para mejorar cada d\u00eda.<\/span><span data-ccp-props=\"{&quot;201341983&quot;:0,&quot;335559739&quot;:180,&quot;335559740&quot;:240}\">\u00a0<\/span><\/p>\n<p><b><span data-contrast=\"none\">L.I.A.: \u00bfQuieres quedarte en Europa o planeas regresar?<\/span><\/b><br \/>\n<b><span data-contrast=\"none\">C.S.:<\/span><\/b><span data-contrast=\"none\">\u202fpor ahora mi meta es graduarme de mi carrera aqu\u00ed en Europa y, aunque la calidad de vida aqu\u00ed es muy estable, es muy pronto para decir si me quedo definitivamente o si regreso a trabajar por mi ciudad, algo que tambi\u00e9n me gustar\u00eda mucho. Por lo pronto estoy disfrutando el proceso y luego veremos qu\u00e9 me regala el futuro.<\/span><span data-ccp-props=\"{&quot;201341983&quot;:0,&quot;335559739&quot;:180,&quot;335559740&quot;:240}\">\u00a0<\/span><\/p>\n<p><span data-contrast=\"none\">Desde el Colegio Alem\u00e1n de Barranquilla felicitamos a este egresado destacado por sus reconocimientos y a su familia (Carlos es hijo de\u00a0<\/span><span data-contrast=\"none\">Heidy<\/span><span data-contrast=\"none\">\u00a0<\/span><span data-contrast=\"none\">Fandi\u00f1o<\/span><span data-contrast=\"none\">, nuestra Jefe de \u00e1rea de Lengua y Literatura).<\/span><span data-ccp-props=\"{&quot;201341983&quot;:0,&quot;335559739&quot;:180,&quot;335559740&quot;:240}\">\u00a0<\/span><\/p>\n<p><span data-contrast=\"none\">\u00a1Le deseamos mucho \u00e9xito en Berl\u00edn!<\/span><span data-ccp-props=\"{&quot;201341983&quot;:0,&quot;335559739&quot;:180,&quot;335559740&quot;:240}\">\u00a0<\/span><\/p>","protected":false},"excerpt":{"rendered":"<p>\u00a0 Mientras disfruta sus vacaciones en Roma,\u202fCarlos\u00a0Sulbar\u00e1n\u00a0Fandi\u00f1o,\u202fnuestro exalumno de la Promoci\u00f3n 2018, nos cuenta para nuestro bolet\u00edn informativo\u202fLa Iguana Alemana\u202fsobre su preparaci\u00f3n para obtener el Mejor<span class=\"excerpt-hellip\"> [\u2026]<\/span><\/p>","protected":false},"author":16,"featured_media":5583,"comment_status":"open","ping_status":"open","sticky":false,"template":"","format":"standard","meta":{"_exactmetrics_skip_tracking":false,"_exactmetrics_sitenote_active":false,"_exactmetrics_sitenote_note":"","_exactmetrics_sitenote_category":0,"_joinchat":[],"footnotes":""},"categories":[679,684],"tags":[712],"class_list":["post-5582","post","type-post","status-publish","format-standard","has-post-thumbnail","hentry","category-679","category-alumni","tag-entrevista"],"yoast_head":"<!-- This site is optimized with the Yoast SEO plugin v23.3 - https:\/\/yoast.com\/wordpress\/plugins\/seo\/ -->\n<title>Carlos Sulbar\u00e1n nos enorgullece con la distinci\u00f3n Andr\u00e9s Bello - 2026<\/title>\n<meta name=\"robots\" content=\"noindex, follow, max-snippet:-1, max-image-preview:large, max-video-preview:-1\" \/>\n<meta property=\"og:locale\" content=\"de_DE\" \/>\n<meta property=\"og:type\" content=\"article\" \/>\n<meta property=\"og:title\" content=\"Carlos Sulbar\u00e1n nos enorgullece con la distinci\u00f3n Andr\u00e9s Bello - 2026\" \/>\n<meta property=\"og:description\" content=\"\u00a0 Mientras disfruta sus vacaciones en Roma,\u202fCarlos\u00a0Sulbar\u00e1n\u00a0Fandi\u00f1o,\u202fnuestro exalumno de la Promoci\u00f3n 2018, nos cuenta para nuestro bolet\u00edn informativo\u202fLa Iguana Alemana\u202fsobre su preparaci\u00f3n para obtener el Mejor [\u2026]\" \/>\n<meta property=\"og:url\" content=\"https:\/\/ds-barranquilla.org\/de\/carlos-sulbaran-nos-enorgullece-con-la-distincion-andres-bello\/\" \/>\n<meta property=\"og:site_name\" content=\"Colegio Alem\u00e1n - Los Mejores Colegios de Colombia - Colegio Triling\u00fce\" \/>\n<meta property=\"article:publisher\" content=\"https:\/\/www.facebook.com\/ColegioAlemanBaq\/\" \/>\n<meta property=\"article:published_time\" content=\"2019-02-11T20:21:11+00:00\" \/>\n<meta property=\"article:modified_time\" content=\"2023-01-04T18:38:46+00:00\" \/>\n<meta property=\"og:image\" content=\"https:\/\/ds-barranquilla.org\/wp-content\/uploads\/2020\/08\/Carlos-Sulbar\u00e1n-nos-enorgullece-con-la-distinci\u00f3n-Andr\u00e9s-Bello.jpg\" \/>\n\t<meta property=\"og:image:width\" content=\"537\" \/>\n\t<meta property=\"og:image:height\" content=\"236\" \/>\n\t<meta property=\"og:image:type\" content=\"image\/jpeg\" \/>\n<meta name=\"author\" content=\"Comunicaciones Comunicaciones\" \/>\n<meta name=\"twitter:card\" content=\"summary_large_image\" \/>\n<meta name=\"twitter:creator\" content=\"@ColegioAlemanBq\" \/>\n<meta name=\"twitter:site\" content=\"@ColegioAlemanBq\" \/>\n<meta name=\"twitter:label1\" content=\"Verfasst von\" \/>\n\t<meta name=\"twitter:data1\" content=\"Comunicaciones Comunicaciones\" \/>\n\t<meta name=\"twitter:label2\" content=\"Gesch\u00e4tzte Lesezeit\" \/>\n\t<meta name=\"twitter:data2\" content=\"5\u00a0Minuten\" \/>\n<script type=\"application\/ld+json\" class=\"yoast-schema-graph\">{\"@context\":\"https:\/\/schema.org\",\"@graph\":[{\"@type\":\"Article\",\"@id\":\"https:\/\/ds-barranquilla.org\/carlos-sulbaran-nos-enorgullece-con-la-distincion-andres-bello\/#article\",\"isPartOf\":{\"@id\":\"https:\/\/ds-barranquilla.org\/carlos-sulbaran-nos-enorgullece-con-la-distincion-andres-bello\/\"},\"author\":{\"name\":\"Comunicaciones Comunicaciones\",\"@id\":\"https:\/\/ds-barranquilla.org\/#\/schema\/person\/7bf8790ba89d3480e0551241ccdc8d36\"},\"headline\":\"Carlos Sulbar\u00e1n nos enorgullece con la distinci\u00f3n Andr\u00e9s Bello\",\"datePublished\":\"2019-02-11T20:21:11+00:00\",\"dateModified\":\"2023-01-04T18:38:46+00:00\",\"mainEntityOfPage\":{\"@id\":\"https:\/\/ds-barranquilla.org\/carlos-sulbaran-nos-enorgullece-con-la-distincion-andres-bello\/\"},\"wordCount\":1015,\"commentCount\":0,\"publisher\":{\"@id\":\"https:\/\/ds-barranquilla.org\/#organization\"},\"image\":{\"@id\":\"https:\/\/ds-barranquilla.org\/carlos-sulbaran-nos-enorgullece-con-la-distincion-andres-bello\/#primaryimage\"},\"thumbnailUrl\":\"https:\/\/ds-barranquilla.org\/wp-content\/uploads\/2020\/08\/Carlos-Sulbar\u00e1n-nos-enorgullece-con-la-distinci\u00f3n-Andr\u00e9s-Bello.jpg\",\"keywords\":[\"Entrevista\"],\"articleSection\":[\"2019\",\"Alumni\"],\"inLanguage\":\"de\",\"potentialAction\":[{\"@type\":\"CommentAction\",\"name\":\"Comment\",\"target\":[\"https:\/\/ds-barranquilla.org\/carlos-sulbaran-nos-enorgullece-con-la-distincion-andres-bello\/#respond\"]}]},{\"@type\":\"WebPage\",\"@id\":\"https:\/\/ds-barranquilla.org\/carlos-sulbaran-nos-enorgullece-con-la-distincion-andres-bello\/\",\"url\":\"https:\/\/ds-barranquilla.org\/carlos-sulbaran-nos-enorgullece-con-la-distincion-andres-bello\/\",\"name\":\"Carlos Sulbar\u00e1n nos enorgullece con la distinci\u00f3n Andr\u00e9s Bello - 2026\",\"isPartOf\":{\"@id\":\"https:\/\/ds-barranquilla.org\/#website\"},\"primaryImageOfPage\":{\"@id\":\"https:\/\/ds-barranquilla.org\/carlos-sulbaran-nos-enorgullece-con-la-distincion-andres-bello\/#primaryimage\"},\"image\":{\"@id\":\"https:\/\/ds-barranquilla.org\/carlos-sulbaran-nos-enorgullece-con-la-distincion-andres-bello\/#primaryimage\"},\"thumbnailUrl\":\"https:\/\/ds-barranquilla.org\/wp-content\/uploads\/2020\/08\/Carlos-Sulbar\u00e1n-nos-enorgullece-con-la-distinci\u00f3n-Andr\u00e9s-Bello.jpg\",\"datePublished\":\"2019-02-11T20:21:11+00:00\",\"dateModified\":\"2023-01-04T18:38:46+00:00\",\"breadcrumb\":{\"@id\":\"https:\/\/ds-barranquilla.org\/carlos-sulbaran-nos-enorgullece-con-la-distincion-andres-bello\/#breadcrumb\"},\"inLanguage\":\"de\",\"potentialAction\":[{\"@type\":\"ReadAction\",\"target\":[\"https:\/\/ds-barranquilla.org\/carlos-sulbaran-nos-enorgullece-con-la-distincion-andres-bello\/\"]}]},{\"@type\":\"ImageObject\",\"inLanguage\":\"de\",\"@id\":\"https:\/\/ds-barranquilla.org\/carlos-sulbaran-nos-enorgullece-con-la-distincion-andres-bello\/#primaryimage\",\"url\":\"https:\/\/ds-barranquilla.org\/wp-content\/uploads\/2020\/08\/Carlos-Sulbar\u00e1n-nos-enorgullece-con-la-distinci\u00f3n-Andr\u00e9s-Bello.jpg\",\"contentUrl\":\"https:\/\/ds-barranquilla.org\/wp-content\/uploads\/2020\/08\/Carlos-Sulbar\u00e1n-nos-enorgullece-con-la-distinci\u00f3n-Andr\u00e9s-Bello.jpg\",\"width\":537,\"height\":236},{\"@type\":\"BreadcrumbList\",\"@id\":\"https:\/\/ds-barranquilla.org\/carlos-sulbaran-nos-enorgullece-con-la-distincion-andres-bello\/#breadcrumb\",\"itemListElement\":[{\"@type\":\"ListItem\",\"position\":1,\"name\":\"Portada\",\"item\":\"https:\/\/ds-barranquilla.org\/\"},{\"@type\":\"ListItem\",\"position\":2,\"name\":\"Carlos Sulbar\u00e1n nos enorgullece con la distinci\u00f3n Andr\u00e9s Bello\"}]},{\"@type\":\"WebSite\",\"@id\":\"https:\/\/ds-barranquilla.org\/#website\",\"url\":\"https:\/\/ds-barranquilla.org\/\",\"name\":\"Colegio Alem\u00e1n - Los Mejores Colegios de Colombia - Colegio Triling\u00fce\",\"description\":\"Colegio Alem\u00e1n  Barranquilla Colombia - Colegio Biling\u00fce - Triling\u00fce - El Mejor Colegio de Colombia\",\"publisher\":{\"@id\":\"https:\/\/ds-barranquilla.org\/#organization\"},\"potentialAction\":[{\"@type\":\"SearchAction\",\"target\":{\"@type\":\"EntryPoint\",\"urlTemplate\":\"https:\/\/ds-barranquilla.org\/?s={search_term_string}\"},\"query-input\":\"required name=search_term_string\"}],\"inLanguage\":\"de\"},{\"@type\":\"Organization\",\"@id\":\"https:\/\/ds-barranquilla.org\/#organization\",\"name\":\"Colegio Alem\u00e1n Barranquilla\",\"url\":\"https:\/\/ds-barranquilla.org\/\",\"logo\":{\"@type\":\"ImageObject\",\"inLanguage\":\"de\",\"@id\":\"https:\/\/ds-barranquilla.org\/#\/schema\/logo\/image\/\",\"url\":\"https:\/\/ds-barranquilla.org\/wp-content\/uploads\/2021\/05\/coleman_logo_2.png\",\"contentUrl\":\"https:\/\/ds-barranquilla.org\/wp-content\/uploads\/2021\/05\/coleman_logo_2.png\",\"width\":418,\"height\":307,\"caption\":\"Colegio Alem\u00e1n Barranquilla\"},\"image\":{\"@id\":\"https:\/\/ds-barranquilla.org\/#\/schema\/logo\/image\/\"},\"sameAs\":[\"https:\/\/www.facebook.com\/ColegioAlemanBaq\/\",\"https:\/\/x.com\/ColegioAlemanBq\",\"https:\/\/www.instagram.com\/colegioalemanbaq\/\",\"https:\/\/www.linkedin.com\/school\/deutsche-schule-barranquilla\/\",\"https:\/\/www.youtube.com\/channel\/UCOOGZQCVs6aYRqIWvSN5agQ\"]},{\"@type\":\"Person\",\"@id\":\"https:\/\/ds-barranquilla.org\/#\/schema\/person\/7bf8790ba89d3480e0551241ccdc8d36\",\"name\":\"Comunicaciones Comunicaciones\",\"image\":{\"@type\":\"ImageObject\",\"inLanguage\":\"de\",\"@id\":\"https:\/\/ds-barranquilla.org\/#\/schema\/person\/image\/\",\"url\":\"https:\/\/secure.gravatar.com\/avatar\/a66ba9484a4338d81d6bea750e595038?s=96&d=mm&r=g\",\"contentUrl\":\"https:\/\/secure.gravatar.com\/avatar\/a66ba9484a4338d81d6bea750e595038?s=96&d=mm&r=g\",\"caption\":\"Comunicaciones Comunicaciones\"}}]}<\/script>\n<!-- \/ Yoast SEO plugin. -->","yoast_head_json":{"title":"Carlos Sulbar\u00e1n nos enorgullece con la distinci\u00f3n Andr\u00e9s Bello - 2026","robots":{"index":"noindex","follow":"follow","max-snippet":"max-snippet:-1","max-image-preview":"max-image-preview:large","max-video-preview":"max-video-preview:-1"},"og_locale":"de_DE","og_type":"article","og_title":"Carlos Sulbar\u00e1n nos enorgullece con la distinci\u00f3n Andr\u00e9s Bello - 2026","og_description":"\u00a0 Mientras disfruta sus vacaciones en Roma,\u202fCarlos\u00a0Sulbar\u00e1n\u00a0Fandi\u00f1o,\u202fnuestro exalumno de la Promoci\u00f3n 2018, nos cuenta para nuestro bolet\u00edn informativo\u202fLa Iguana Alemana\u202fsobre su preparaci\u00f3n para obtener el Mejor [\u2026]","og_url":"https:\/\/ds-barranquilla.org\/de\/carlos-sulbaran-nos-enorgullece-con-la-distincion-andres-bello\/","og_site_name":"Colegio Alem\u00e1n - Los Mejores Colegios de Colombia - Colegio Triling\u00fce","article_publisher":"https:\/\/www.facebook.com\/ColegioAlemanBaq\/","article_published_time":"2019-02-11T20:21:11+00:00","article_modified_time":"2023-01-04T18:38:46+00:00","og_image":[{"width":537,"height":236,"url":"https:\/\/ds-barranquilla.org\/wp-content\/uploads\/2020\/08\/Carlos-Sulbar\u00e1n-nos-enorgullece-con-la-distinci\u00f3n-Andr\u00e9s-Bello.jpg","type":"image\/jpeg"}],"author":"Comunicaciones Comunicaciones","twitter_card":"summary_large_image","twitter_creator":"@ColegioAlemanBq","twitter_site":"@ColegioAlemanBq","twitter_misc":{"Verfasst von":"Comunicaciones Comunicaciones","Gesch\u00e4tzte Lesezeit":"5\u00a0Minuten"},"schema":{"@context":"https:\/\/schema.org","@graph":[{"@type":"Article","@id":"https:\/\/ds-barranquilla.org\/carlos-sulbaran-nos-enorgullece-con-la-distincion-andres-bello\/#article","isPartOf":{"@id":"https:\/\/ds-barranquilla.org\/carlos-sulbaran-nos-enorgullece-con-la-distincion-andres-bello\/"},"author":{"name":"Comunicaciones Comunicaciones","@id":"https:\/\/ds-barranquilla.org\/#\/schema\/person\/7bf8790ba89d3480e0551241ccdc8d36"},"headline":"Carlos Sulbar\u00e1n nos enorgullece con la distinci\u00f3n Andr\u00e9s Bello","datePublished":"2019-02-11T20:21:11+00:00","dateModified":"2023-01-04T18:38:46+00:00","mainEntityOfPage":{"@id":"https:\/\/ds-barranquilla.org\/carlos-sulbaran-nos-enorgullece-con-la-distincion-andres-bello\/"},"wordCount":1015,"commentCount":0,"publisher":{"@id":"https:\/\/ds-barranquilla.org\/#organization"},"image":{"@id":"https:\/\/ds-barranquilla.org\/carlos-sulbaran-nos-enorgullece-con-la-distincion-andres-bello\/#primaryimage"},"thumbnailUrl":"https:\/\/ds-barranquilla.org\/wp-content\/uploads\/2020\/08\/Carlos-Sulbar\u00e1n-nos-enorgullece-con-la-distinci\u00f3n-Andr\u00e9s-Bello.jpg","keywords":["Entrevista"],"articleSection":["2019","Alumni"],"inLanguage":"de","potentialAction":[{"@type":"CommentAction","name":"Comment","target":["https:\/\/ds-barranquilla.org\/carlos-sulbaran-nos-enorgullece-con-la-distincion-andres-bello\/#respond"]}]},{"@type":"WebPage","@id":"https:\/\/ds-barranquilla.org\/carlos-sulbaran-nos-enorgullece-con-la-distincion-andres-bello\/","url":"https:\/\/ds-barranquilla.org\/carlos-sulbaran-nos-enorgullece-con-la-distincion-andres-bello\/","name":"Carlos Sulbar\u00e1n nos enorgullece con la distinci\u00f3n Andr\u00e9s Bello - 2026","isPartOf":{"@id":"https:\/\/ds-barranquilla.org\/#website"},"primaryImageOfPage":{"@id":"https:\/\/ds-barranquilla.org\/carlos-sulbaran-nos-enorgullece-con-la-distincion-andres-bello\/#primaryimage"},"image":{"@id":"https:\/\/ds-barranquilla.org\/carlos-sulbaran-nos-enorgullece-con-la-distincion-andres-bello\/#primaryimage"},"thumbnailUrl":"https:\/\/ds-barranquilla.org\/wp-content\/uploads\/2020\/08\/Carlos-Sulbar\u00e1n-nos-enorgullece-con-la-distinci\u00f3n-Andr\u00e9s-Bello.jpg","datePublished":"2019-02-11T20:21:11+00:00","dateModified":"2023-01-04T18:38:46+00:00","breadcrumb":{"@id":"https:\/\/ds-barranquilla.org\/carlos-sulbaran-nos-enorgullece-con-la-distincion-andres-bello\/#breadcrumb"},"inLanguage":"de","potentialAction":[{"@type":"ReadAction","target":["https:\/\/ds-barranquilla.org\/carlos-sulbaran-nos-enorgullece-con-la-distincion-andres-bello\/"]}]},{"@type":"ImageObject","inLanguage":"de","@id":"https:\/\/ds-barranquilla.org\/carlos-sulbaran-nos-enorgullece-con-la-distincion-andres-bello\/#primaryimage","url":"https:\/\/ds-barranquilla.org\/wp-content\/uploads\/2020\/08\/Carlos-Sulbar\u00e1n-nos-enorgullece-con-la-distinci\u00f3n-Andr\u00e9s-Bello.jpg","contentUrl":"https:\/\/ds-barranquilla.org\/wp-content\/uploads\/2020\/08\/Carlos-Sulbar\u00e1n-nos-enorgullece-con-la-distinci\u00f3n-Andr\u00e9s-Bello.jpg","width":537,"height":236},{"@type":"BreadcrumbList","@id":"https:\/\/ds-barranquilla.org\/carlos-sulbaran-nos-enorgullece-con-la-distincion-andres-bello\/#breadcrumb","itemListElement":[{"@type":"ListItem","position":1,"name":"Portada","item":"https:\/\/ds-barranquilla.org\/"},{"@type":"ListItem","position":2,"name":"Carlos Sulbar\u00e1n nos enorgullece con la distinci\u00f3n Andr\u00e9s Bello"}]},{"@type":"WebSite","@id":"https:\/\/ds-barranquilla.org\/#website","url":"https:\/\/ds-barranquilla.org\/","name":"Colegio Alem\u00e1n - Los Mejores Colegios de Colombia - Colegio Triling\u00fce","description":"Colegio Alem\u00e1n  Barranquilla Colombia - Colegio Biling\u00fce - Triling\u00fce - El Mejor Colegio de Colombia","publisher":{"@id":"https:\/\/ds-barranquilla.org\/#organization"},"potentialAction":[{"@type":"SearchAction","target":{"@type":"EntryPoint","urlTemplate":"https:\/\/ds-barranquilla.org\/?s={search_term_string}"},"query-input":"required name=search_term_string"}],"inLanguage":"de"},{"@type":"Organization","@id":"https:\/\/ds-barranquilla.org\/#organization","name":"Colegio Alem\u00e1n Barranquilla","url":"https:\/\/ds-barranquilla.org\/","logo":{"@type":"ImageObject","inLanguage":"de","@id":"https:\/\/ds-barranquilla.org\/#\/schema\/logo\/image\/","url":"https:\/\/ds-barranquilla.org\/wp-content\/uploads\/2021\/05\/coleman_logo_2.png","contentUrl":"https:\/\/ds-barranquilla.org\/wp-content\/uploads\/2021\/05\/coleman_logo_2.png","width":418,"height":307,"caption":"Colegio Alem\u00e1n Barranquilla"},"image":{"@id":"https:\/\/ds-barranquilla.org\/#\/schema\/logo\/image\/"},"sameAs":["https:\/\/www.facebook.com\/ColegioAlemanBaq\/","https:\/\/x.com\/ColegioAlemanBq","https:\/\/www.instagram.com\/colegioalemanbaq\/","https:\/\/www.linkedin.com\/school\/deutsche-schule-barranquilla\/","https:\/\/www.youtube.com\/channel\/UCOOGZQCVs6aYRqIWvSN5agQ"]},{"@type":"Person","@id":"https:\/\/ds-barranquilla.org\/#\/schema\/person\/7bf8790ba89d3480e0551241ccdc8d36","name":"Comunicaciones Comunicaciones","image":{"@type":"ImageObject","inLanguage":"de","@id":"https:\/\/ds-barranquilla.org\/#\/schema\/person\/image\/","url":"https:\/\/secure.gravatar.com\/avatar\/a66ba9484a4338d81d6bea750e595038?s=96&d=mm&r=g","contentUrl":"https:\/\/secure.gravatar.com\/avatar\/a66ba9484a4338d81d6bea750e595038?s=96&d=mm&r=g","caption":"Comunicaciones Comunicaciones"}}]}},"_links":{"self":[{"href":"https:\/\/ds-barranquilla.org\/de\/wp-json\/wp\/v2\/posts\/5582"}],"collection":[{"href":"https:\/\/ds-barranquilla.org\/de\/wp-json\/wp\/v2\/posts"}],"about":[{"href":"https:\/\/ds-barranquilla.org\/de\/wp-json\/wp\/v2\/types\/post"}],"author":[{"embeddable":true,"href":"https:\/\/ds-barranquilla.org\/de\/wp-json\/wp\/v2\/users\/16"}],"replies":[{"embeddable":true,"href":"https:\/\/ds-barranquilla.org\/de\/wp-json\/wp\/v2\/comments?post=5582"}],"version-history":[{"count":1,"href":"https:\/\/ds-barranquilla.org\/de\/wp-json\/wp\/v2\/posts\/5582\/revisions"}],"predecessor-version":[{"id":5584,"href":"https:\/\/ds-barranquilla.org\/de\/wp-json\/wp\/v2\/posts\/5582\/revisions\/5584"}],"wp:featuredmedia":[{"embeddable":true,"href":"https:\/\/ds-barranquilla.org\/de\/wp-json\/wp\/v2\/media\/5583"}],"wp:attachment":[{"href":"https:\/\/ds-barranquilla.org\/de\/wp-json\/wp\/v2\/media?parent=5582"}],"wp:term":[{"taxonomy":"category","embeddable":true,"href":"https:\/\/ds-barranquilla.org\/de\/wp-json\/wp\/v2\/categories?post=5582"},{"taxonomy":"post_tag","embeddable":true,"href":"https:\/\/ds-barranquilla.org\/de\/wp-json\/wp\/v2\/tags?post=5582"}],"curies":[{"name":"wp","href":"https:\/\/api.w.org\/{rel}","templated":true}]}}