{"id":5604,"date":"2019-02-21T16:08:23","date_gmt":"2019-02-21T21:08:23","guid":{"rendered":"https:\/\/ds-barranquilla.org\/?p=5604"},"modified":"2022-12-21T11:25:12","modified_gmt":"2022-12-21T16:25:12","slug":"ultraman-el-sueno-que-hizo-realidad-nuestro-exalumno-tito-crissien","status":"publish","type":"post","link":"https:\/\/ds-barranquilla.org\/de\/ultraman-el-sueno-que-hizo-realidad-nuestro-exalumno-tito-crissien\/","title":{"rendered":"Ultraman: el sue\u00f1o que hizo realidad nuestro exalumno Tito Crissien"},"content":{"rendered":"<p><span data-contrast=\"none\">creado<\/span><span data-contrast=\"none\">\u00a0por Jos\u00e9 R\u00edos Mercado |\u202f21.02.2019<\/span><span data-ccp-props=\"{&quot;201341983&quot;:0,&quot;335559739&quot;:160,&quot;335559740&quot;:240}\">\u00a0<\/span><\/p>\n<p><span data-contrast=\"none\">Para nuestro exalumno de la Promoci\u00f3n 1992 y aficionado a los deportes de larga distancia y resistencia, Tito\u00a0<\/span><span data-contrast=\"none\">Crissien<\/span><span data-contrast=\"none\">, la invitaci\u00f3n a participar en\u00a0<\/span><span data-contrast=\"none\">Ultraman<\/span><span data-contrast=\"none\">\u00a02019 lo llen\u00f3 de mucha alegr\u00eda porque es un reconocimiento a sus seis (6) a\u00f1os de trabajo y esfuerzo como atleta.\u00a0<\/span><span data-contrast=\"none\">Crissien<\/span><span data-contrast=\"none\">\u00a0indic\u00f3 que el haber participado en el circuito de\u00a0<\/span><span data-contrast=\"none\">Ironman<\/span><span data-contrast=\"none\">\u00a0lo motiv\u00f3 a inscribirse en esta exigente prueba, de la que solo pueden hacer parte 50 deportistas.<\/span><span data-ccp-props=\"{&quot;201341983&quot;:0,&quot;335559739&quot;:180,&quot;335559740&quot;:240}\">\u00a0<\/span><\/p>\n<p><span data-contrast=\"none\">\u201cTuve la fortuna de ser invitado y los organizadores de\u00a0<\/span><span data-contrast=\"none\">Ultraman<\/span><span data-contrast=\"none\">\u00a0consideraron que ten\u00eda la disciplina, la paciencia y la fortaleza para poder soportar los tres d\u00edas que dura la carrera, que tiene una distancia total de 517 kil\u00f3metros. El primer d\u00eda fueron 10 kil\u00f3metros de nataci\u00f3n y 147 kil\u00f3metros de ciclismo, el segundo d\u00eda fueron 276 kil\u00f3metros de ciclismo y el tercer d\u00eda fueron 84 kil\u00f3metros de atletismo -el equivalente a dos maratones-\u201d, expres\u00f3 el administrador de empresas.<\/span><span data-ccp-props=\"{&quot;201341983&quot;:0,&quot;335559739&quot;:180,&quot;335559740&quot;:240}\">\u00a0<\/span><\/p>\n<p><span data-contrast=\"none\">Tito\u00a0<\/span><span data-contrast=\"none\">Crissien<\/span><span data-contrast=\"none\">\u00a0precis\u00f3 que sus expectativas cuando compite por primera vez en una prueba son: concluirla, terminar bien f\u00edsicamente y lograr un buen tiempo. Por otra parte, manifest\u00f3 que adem\u00e1s de ser su familia su principal proyecto en la vida, dirigir desde hace 14 a\u00f1os una instituci\u00f3n con m\u00e1s de 13 mil estudiantes como lo es la Universidad de la Costa lo enorgullece y m\u00e1s en este momento, cuando est\u00e1 a pocas semanas de lograr la acreditaci\u00f3n institucional.<\/span><span data-ccp-props=\"{&quot;201341983&quot;:0,&quot;335559739&quot;:180,&quot;335559740&quot;:240}\">\u00a0<\/span><\/p>\n<p><span data-contrast=\"none\">\u201cMuchas cosas han ocurrido luego de graduarme como bachiller. Estudi\u00e9 Administraci\u00f3n de Empresas en el Colegio de Estudios Superiores de Administraci\u00f3n (Cesa) en Bogot\u00e1 y posteriormente hice un MBA en la Universidad de Miami. Al regresar a Barranquilla trabaj\u00e9 como Secretario de Planeaci\u00f3n en la Alcald\u00eda Distrital y despu\u00e9s fui Director de Planeaci\u00f3n de la Universidad de la Costa\u201d, se\u00f1al\u00f3 el administrador de empresas.<\/span><span data-ccp-props=\"{&quot;201341983&quot;:0,&quot;335559739&quot;:180,&quot;335559740&quot;:240}\">\u00a0<\/span><\/p>\n<p><span data-contrast=\"none\">Para Tito\u00a0<\/span><span data-contrast=\"none\">Crissien<\/span><span data-contrast=\"none\">\u00a0la capacidad de an\u00e1lisis y el pensamiento cr\u00edtico desarrollados durante su paso por el colegio fueron decisivos en cada uno de los proyectos emprendidos tanto acad\u00e9mica- como laboralmente. El tiempo permanecido all\u00ed y la formaci\u00f3n recibida le han permitido valorar mucho m\u00e1s lo espiritual y lo emocional.<\/span><span data-ccp-props=\"{&quot;201341983&quot;:0,&quot;335559739&quot;:180,&quot;335559740&quot;:240}\">\u00a0<\/span><\/p>\n<p>&nbsp;<\/p>","protected":false},"excerpt":{"rendered":"<p>creado\u00a0por Jos\u00e9 R\u00edos Mercado |\u202f21.02.2019\u00a0 Para nuestro exalumno de la Promoci\u00f3n 1992 y aficionado a los deportes de larga distancia y resistencia, Tito\u00a0Crissien, la invitaci\u00f3n a<span class=\"excerpt-hellip\"> [\u2026]<\/span><\/p>","protected":false},"author":16,"featured_media":5605,"comment_status":"open","ping_status":"open","sticky":false,"template":"","format":"standard","meta":{"_exactmetrics_skip_tracking":false,"_exactmetrics_sitenote_active":false,"_exactmetrics_sitenote_note":"","_exactmetrics_sitenote_category":0,"_joinchat":[],"footnotes":""},"categories":[679,684],"tags":[712],"class_list":["post-5604","post","type-post","status-publish","format-standard","has-post-thumbnail","hentry","category-679","category-alumni","tag-entrevista"],"yoast_head":"<!-- This site is optimized with the Yoast SEO plugin v23.3 - https:\/\/yoast.com\/wordpress\/plugins\/seo\/ -->\n<title>Ultraman: el sue\u00f1o que hizo realidad nuestro exalumno Tito Crissien - 2026<\/title>\n<meta name=\"robots\" content=\"noindex, follow, max-snippet:-1, max-image-preview:large, max-video-preview:-1\" \/>\n<meta property=\"og:locale\" content=\"de_DE\" \/>\n<meta property=\"og:type\" content=\"article\" \/>\n<meta property=\"og:title\" content=\"Ultraman: el sue\u00f1o que hizo realidad nuestro exalumno Tito Crissien - 2026\" \/>\n<meta property=\"og:description\" content=\"creado\u00a0por Jos\u00e9 R\u00edos Mercado |\u202f21.02.2019\u00a0 Para nuestro exalumno de la Promoci\u00f3n 1992 y aficionado a los deportes de larga distancia y resistencia, Tito\u00a0Crissien, la invitaci\u00f3n a [\u2026]\" \/>\n<meta property=\"og:url\" content=\"https:\/\/ds-barranquilla.org\/de\/ultraman-el-sueno-que-hizo-realidad-nuestro-exalumno-tito-crissien\/\" \/>\n<meta property=\"og:site_name\" content=\"Colegio Alem\u00e1n - Los Mejores Colegios de Colombia - Colegio Triling\u00fce\" \/>\n<meta property=\"article:publisher\" content=\"https:\/\/www.facebook.com\/ColegioAlemanBaq\/\" \/>\n<meta property=\"article:published_time\" content=\"2019-02-21T21:08:23+00:00\" \/>\n<meta property=\"article:modified_time\" content=\"2022-12-21T16:25:12+00:00\" \/>\n<meta property=\"og:image\" content=\"https:\/\/ds-barranquilla.org\/wp-content\/uploads\/2020\/08\/Ultraman-el-sue\u00f1o-que-hizo-realidad-nuestro-exalumno-Tito-Crissien.jpg\" \/>\n\t<meta property=\"og:image:width\" content=\"568\" \/>\n\t<meta property=\"og:image:height\" content=\"255\" \/>\n\t<meta property=\"og:image:type\" content=\"image\/jpeg\" \/>\n<meta name=\"author\" content=\"Comunicaciones Comunicaciones\" \/>\n<meta name=\"twitter:card\" content=\"summary_large_image\" \/>\n<meta name=\"twitter:creator\" content=\"@ColegioAlemanBq\" \/>\n<meta name=\"twitter:site\" content=\"@ColegioAlemanBq\" \/>\n<meta name=\"twitter:label1\" content=\"Verfasst von\" \/>\n\t<meta name=\"twitter:data1\" content=\"Comunicaciones Comunicaciones\" \/>\n\t<meta name=\"twitter:label2\" content=\"Gesch\u00e4tzte Lesezeit\" \/>\n\t<meta name=\"twitter:data2\" content=\"2\u00a0Minuten\" \/>\n<script type=\"application\/ld+json\" class=\"yoast-schema-graph\">{\"@context\":\"https:\/\/schema.org\",\"@graph\":[{\"@type\":\"Article\",\"@id\":\"https:\/\/ds-barranquilla.org\/ultraman-el-sueno-que-hizo-realidad-nuestro-exalumno-tito-crissien\/#article\",\"isPartOf\":{\"@id\":\"https:\/\/ds-barranquilla.org\/ultraman-el-sueno-que-hizo-realidad-nuestro-exalumno-tito-crissien\/\"},\"author\":{\"name\":\"Comunicaciones Comunicaciones\",\"@id\":\"https:\/\/ds-barranquilla.org\/#\/schema\/person\/7bf8790ba89d3480e0551241ccdc8d36\"},\"headline\":\"Ultraman: el sue\u00f1o que hizo realidad nuestro exalumno Tito Crissien\",\"datePublished\":\"2019-02-21T21:08:23+00:00\",\"dateModified\":\"2022-12-21T16:25:12+00:00\",\"mainEntityOfPage\":{\"@id\":\"https:\/\/ds-barranquilla.org\/ultraman-el-sueno-que-hizo-realidad-nuestro-exalumno-tito-crissien\/\"},\"wordCount\":386,\"commentCount\":0,\"publisher\":{\"@id\":\"https:\/\/ds-barranquilla.org\/#organization\"},\"image\":{\"@id\":\"https:\/\/ds-barranquilla.org\/ultraman-el-sueno-que-hizo-realidad-nuestro-exalumno-tito-crissien\/#primaryimage\"},\"thumbnailUrl\":\"https:\/\/ds-barranquilla.org\/wp-content\/uploads\/2020\/08\/Ultraman-el-sue\u00f1o-que-hizo-realidad-nuestro-exalumno-Tito-Crissien.jpg\",\"keywords\":[\"Entrevista\"],\"articleSection\":[\"2019\",\"Alumni\"],\"inLanguage\":\"de\",\"potentialAction\":[{\"@type\":\"CommentAction\",\"name\":\"Comment\",\"target\":[\"https:\/\/ds-barranquilla.org\/ultraman-el-sueno-que-hizo-realidad-nuestro-exalumno-tito-crissien\/#respond\"]}]},{\"@type\":\"WebPage\",\"@id\":\"https:\/\/ds-barranquilla.org\/ultraman-el-sueno-que-hizo-realidad-nuestro-exalumno-tito-crissien\/\",\"url\":\"https:\/\/ds-barranquilla.org\/ultraman-el-sueno-que-hizo-realidad-nuestro-exalumno-tito-crissien\/\",\"name\":\"Ultraman: el sue\u00f1o que hizo realidad nuestro exalumno Tito Crissien - 2026\",\"isPartOf\":{\"@id\":\"https:\/\/ds-barranquilla.org\/#website\"},\"primaryImageOfPage\":{\"@id\":\"https:\/\/ds-barranquilla.org\/ultraman-el-sueno-que-hizo-realidad-nuestro-exalumno-tito-crissien\/#primaryimage\"},\"image\":{\"@id\":\"https:\/\/ds-barranquilla.org\/ultraman-el-sueno-que-hizo-realidad-nuestro-exalumno-tito-crissien\/#primaryimage\"},\"thumbnailUrl\":\"https:\/\/ds-barranquilla.org\/wp-content\/uploads\/2020\/08\/Ultraman-el-sue\u00f1o-que-hizo-realidad-nuestro-exalumno-Tito-Crissien.jpg\",\"datePublished\":\"2019-02-21T21:08:23+00:00\",\"dateModified\":\"2022-12-21T16:25:12+00:00\",\"breadcrumb\":{\"@id\":\"https:\/\/ds-barranquilla.org\/ultraman-el-sueno-que-hizo-realidad-nuestro-exalumno-tito-crissien\/#breadcrumb\"},\"inLanguage\":\"de\",\"potentialAction\":[{\"@type\":\"ReadAction\",\"target\":[\"https:\/\/ds-barranquilla.org\/ultraman-el-sueno-que-hizo-realidad-nuestro-exalumno-tito-crissien\/\"]}]},{\"@type\":\"ImageObject\",\"inLanguage\":\"de\",\"@id\":\"https:\/\/ds-barranquilla.org\/ultraman-el-sueno-que-hizo-realidad-nuestro-exalumno-tito-crissien\/#primaryimage\",\"url\":\"https:\/\/ds-barranquilla.org\/wp-content\/uploads\/2020\/08\/Ultraman-el-sue\u00f1o-que-hizo-realidad-nuestro-exalumno-Tito-Crissien.jpg\",\"contentUrl\":\"https:\/\/ds-barranquilla.org\/wp-content\/uploads\/2020\/08\/Ultraman-el-sue\u00f1o-que-hizo-realidad-nuestro-exalumno-Tito-Crissien.jpg\",\"width\":568,\"height\":255},{\"@type\":\"BreadcrumbList\",\"@id\":\"https:\/\/ds-barranquilla.org\/ultraman-el-sueno-que-hizo-realidad-nuestro-exalumno-tito-crissien\/#breadcrumb\",\"itemListElement\":[{\"@type\":\"ListItem\",\"position\":1,\"name\":\"Portada\",\"item\":\"https:\/\/ds-barranquilla.org\/\"},{\"@type\":\"ListItem\",\"position\":2,\"name\":\"Ultraman: el sue\u00f1o que hizo realidad nuestro exalumno Tito Crissien\"}]},{\"@type\":\"WebSite\",\"@id\":\"https:\/\/ds-barranquilla.org\/#website\",\"url\":\"https:\/\/ds-barranquilla.org\/\",\"name\":\"Colegio Alem\u00e1n - Los Mejores Colegios de Colombia - Colegio Triling\u00fce\",\"description\":\"Colegio Alem\u00e1n  Barranquilla Colombia - Colegio Biling\u00fce - Triling\u00fce - El Mejor Colegio de Colombia\",\"publisher\":{\"@id\":\"https:\/\/ds-barranquilla.org\/#organization\"},\"potentialAction\":[{\"@type\":\"SearchAction\",\"target\":{\"@type\":\"EntryPoint\",\"urlTemplate\":\"https:\/\/ds-barranquilla.org\/?s={search_term_string}\"},\"query-input\":\"required name=search_term_string\"}],\"inLanguage\":\"de\"},{\"@type\":\"Organization\",\"@id\":\"https:\/\/ds-barranquilla.org\/#organization\",\"name\":\"Colegio Alem\u00e1n Barranquilla\",\"url\":\"https:\/\/ds-barranquilla.org\/\",\"logo\":{\"@type\":\"ImageObject\",\"inLanguage\":\"de\",\"@id\":\"https:\/\/ds-barranquilla.org\/#\/schema\/logo\/image\/\",\"url\":\"https:\/\/ds-barranquilla.org\/wp-content\/uploads\/2021\/05\/coleman_logo_2.png\",\"contentUrl\":\"https:\/\/ds-barranquilla.org\/wp-content\/uploads\/2021\/05\/coleman_logo_2.png\",\"width\":418,\"height\":307,\"caption\":\"Colegio Alem\u00e1n Barranquilla\"},\"image\":{\"@id\":\"https:\/\/ds-barranquilla.org\/#\/schema\/logo\/image\/\"},\"sameAs\":[\"https:\/\/www.facebook.com\/ColegioAlemanBaq\/\",\"https:\/\/x.com\/ColegioAlemanBq\",\"https:\/\/www.instagram.com\/colegioalemanbaq\/\",\"https:\/\/www.linkedin.com\/school\/deutsche-schule-barranquilla\/\",\"https:\/\/www.youtube.com\/channel\/UCOOGZQCVs6aYRqIWvSN5agQ\"]},{\"@type\":\"Person\",\"@id\":\"https:\/\/ds-barranquilla.org\/#\/schema\/person\/7bf8790ba89d3480e0551241ccdc8d36\",\"name\":\"Comunicaciones Comunicaciones\",\"image\":{\"@type\":\"ImageObject\",\"inLanguage\":\"de\",\"@id\":\"https:\/\/ds-barranquilla.org\/#\/schema\/person\/image\/\",\"url\":\"https:\/\/secure.gravatar.com\/avatar\/a66ba9484a4338d81d6bea750e595038?s=96&d=mm&r=g\",\"contentUrl\":\"https:\/\/secure.gravatar.com\/avatar\/a66ba9484a4338d81d6bea750e595038?s=96&d=mm&r=g\",\"caption\":\"Comunicaciones Comunicaciones\"}}]}<\/script>\n<!-- \/ Yoast SEO plugin. -->","yoast_head_json":{"title":"Ultraman: el sue\u00f1o que hizo realidad nuestro exalumno Tito Crissien - 2026","robots":{"index":"noindex","follow":"follow","max-snippet":"max-snippet:-1","max-image-preview":"max-image-preview:large","max-video-preview":"max-video-preview:-1"},"og_locale":"de_DE","og_type":"article","og_title":"Ultraman: el sue\u00f1o que hizo realidad nuestro exalumno Tito Crissien - 2026","og_description":"creado\u00a0por Jos\u00e9 R\u00edos Mercado |\u202f21.02.2019\u00a0 Para nuestro exalumno de la Promoci\u00f3n 1992 y aficionado a los deportes de larga distancia y resistencia, Tito\u00a0Crissien, la invitaci\u00f3n a [\u2026]","og_url":"https:\/\/ds-barranquilla.org\/de\/ultraman-el-sueno-que-hizo-realidad-nuestro-exalumno-tito-crissien\/","og_site_name":"Colegio Alem\u00e1n - Los Mejores Colegios de Colombia - Colegio Triling\u00fce","article_publisher":"https:\/\/www.facebook.com\/ColegioAlemanBaq\/","article_published_time":"2019-02-21T21:08:23+00:00","article_modified_time":"2022-12-21T16:25:12+00:00","og_image":[{"width":568,"height":255,"url":"https:\/\/ds-barranquilla.org\/wp-content\/uploads\/2020\/08\/Ultraman-el-sue\u00f1o-que-hizo-realidad-nuestro-exalumno-Tito-Crissien.jpg","type":"image\/jpeg"}],"author":"Comunicaciones Comunicaciones","twitter_card":"summary_large_image","twitter_creator":"@ColegioAlemanBq","twitter_site":"@ColegioAlemanBq","twitter_misc":{"Verfasst von":"Comunicaciones Comunicaciones","Gesch\u00e4tzte Lesezeit":"2\u00a0Minuten"},"schema":{"@context":"https:\/\/schema.org","@graph":[{"@type":"Article","@id":"https:\/\/ds-barranquilla.org\/ultraman-el-sueno-que-hizo-realidad-nuestro-exalumno-tito-crissien\/#article","isPartOf":{"@id":"https:\/\/ds-barranquilla.org\/ultraman-el-sueno-que-hizo-realidad-nuestro-exalumno-tito-crissien\/"},"author":{"name":"Comunicaciones Comunicaciones","@id":"https:\/\/ds-barranquilla.org\/#\/schema\/person\/7bf8790ba89d3480e0551241ccdc8d36"},"headline":"Ultraman: el sue\u00f1o que hizo realidad nuestro exalumno Tito Crissien","datePublished":"2019-02-21T21:08:23+00:00","dateModified":"2022-12-21T16:25:12+00:00","mainEntityOfPage":{"@id":"https:\/\/ds-barranquilla.org\/ultraman-el-sueno-que-hizo-realidad-nuestro-exalumno-tito-crissien\/"},"wordCount":386,"commentCount":0,"publisher":{"@id":"https:\/\/ds-barranquilla.org\/#organization"},"image":{"@id":"https:\/\/ds-barranquilla.org\/ultraman-el-sueno-que-hizo-realidad-nuestro-exalumno-tito-crissien\/#primaryimage"},"thumbnailUrl":"https:\/\/ds-barranquilla.org\/wp-content\/uploads\/2020\/08\/Ultraman-el-sue\u00f1o-que-hizo-realidad-nuestro-exalumno-Tito-Crissien.jpg","keywords":["Entrevista"],"articleSection":["2019","Alumni"],"inLanguage":"de","potentialAction":[{"@type":"CommentAction","name":"Comment","target":["https:\/\/ds-barranquilla.org\/ultraman-el-sueno-que-hizo-realidad-nuestro-exalumno-tito-crissien\/#respond"]}]},{"@type":"WebPage","@id":"https:\/\/ds-barranquilla.org\/ultraman-el-sueno-que-hizo-realidad-nuestro-exalumno-tito-crissien\/","url":"https:\/\/ds-barranquilla.org\/ultraman-el-sueno-que-hizo-realidad-nuestro-exalumno-tito-crissien\/","name":"Ultraman: el sue\u00f1o que hizo realidad nuestro exalumno Tito Crissien - 2026","isPartOf":{"@id":"https:\/\/ds-barranquilla.org\/#website"},"primaryImageOfPage":{"@id":"https:\/\/ds-barranquilla.org\/ultraman-el-sueno-que-hizo-realidad-nuestro-exalumno-tito-crissien\/#primaryimage"},"image":{"@id":"https:\/\/ds-barranquilla.org\/ultraman-el-sueno-que-hizo-realidad-nuestro-exalumno-tito-crissien\/#primaryimage"},"thumbnailUrl":"https:\/\/ds-barranquilla.org\/wp-content\/uploads\/2020\/08\/Ultraman-el-sue\u00f1o-que-hizo-realidad-nuestro-exalumno-Tito-Crissien.jpg","datePublished":"2019-02-21T21:08:23+00:00","dateModified":"2022-12-21T16:25:12+00:00","breadcrumb":{"@id":"https:\/\/ds-barranquilla.org\/ultraman-el-sueno-que-hizo-realidad-nuestro-exalumno-tito-crissien\/#breadcrumb"},"inLanguage":"de","potentialAction":[{"@type":"ReadAction","target":["https:\/\/ds-barranquilla.org\/ultraman-el-sueno-que-hizo-realidad-nuestro-exalumno-tito-crissien\/"]}]},{"@type":"ImageObject","inLanguage":"de","@id":"https:\/\/ds-barranquilla.org\/ultraman-el-sueno-que-hizo-realidad-nuestro-exalumno-tito-crissien\/#primaryimage","url":"https:\/\/ds-barranquilla.org\/wp-content\/uploads\/2020\/08\/Ultraman-el-sue\u00f1o-que-hizo-realidad-nuestro-exalumno-Tito-Crissien.jpg","contentUrl":"https:\/\/ds-barranquilla.org\/wp-content\/uploads\/2020\/08\/Ultraman-el-sue\u00f1o-que-hizo-realidad-nuestro-exalumno-Tito-Crissien.jpg","width":568,"height":255},{"@type":"BreadcrumbList","@id":"https:\/\/ds-barranquilla.org\/ultraman-el-sueno-que-hizo-realidad-nuestro-exalumno-tito-crissien\/#breadcrumb","itemListElement":[{"@type":"ListItem","position":1,"name":"Portada","item":"https:\/\/ds-barranquilla.org\/"},{"@type":"ListItem","position":2,"name":"Ultraman: el sue\u00f1o que hizo realidad nuestro exalumno Tito Crissien"}]},{"@type":"WebSite","@id":"https:\/\/ds-barranquilla.org\/#website","url":"https:\/\/ds-barranquilla.org\/","name":"Colegio Alem\u00e1n - Los Mejores Colegios de Colombia - Colegio Triling\u00fce","description":"Colegio Alem\u00e1n  Barranquilla Colombia - Colegio Biling\u00fce - Triling\u00fce - El Mejor Colegio de Colombia","publisher":{"@id":"https:\/\/ds-barranquilla.org\/#organization"},"potentialAction":[{"@type":"SearchAction","target":{"@type":"EntryPoint","urlTemplate":"https:\/\/ds-barranquilla.org\/?s={search_term_string}"},"query-input":"required name=search_term_string"}],"inLanguage":"de"},{"@type":"Organization","@id":"https:\/\/ds-barranquilla.org\/#organization","name":"Colegio Alem\u00e1n Barranquilla","url":"https:\/\/ds-barranquilla.org\/","logo":{"@type":"ImageObject","inLanguage":"de","@id":"https:\/\/ds-barranquilla.org\/#\/schema\/logo\/image\/","url":"https:\/\/ds-barranquilla.org\/wp-content\/uploads\/2021\/05\/coleman_logo_2.png","contentUrl":"https:\/\/ds-barranquilla.org\/wp-content\/uploads\/2021\/05\/coleman_logo_2.png","width":418,"height":307,"caption":"Colegio Alem\u00e1n Barranquilla"},"image":{"@id":"https:\/\/ds-barranquilla.org\/#\/schema\/logo\/image\/"},"sameAs":["https:\/\/www.facebook.com\/ColegioAlemanBaq\/","https:\/\/x.com\/ColegioAlemanBq","https:\/\/www.instagram.com\/colegioalemanbaq\/","https:\/\/www.linkedin.com\/school\/deutsche-schule-barranquilla\/","https:\/\/www.youtube.com\/channel\/UCOOGZQCVs6aYRqIWvSN5agQ"]},{"@type":"Person","@id":"https:\/\/ds-barranquilla.org\/#\/schema\/person\/7bf8790ba89d3480e0551241ccdc8d36","name":"Comunicaciones Comunicaciones","image":{"@type":"ImageObject","inLanguage":"de","@id":"https:\/\/ds-barranquilla.org\/#\/schema\/person\/image\/","url":"https:\/\/secure.gravatar.com\/avatar\/a66ba9484a4338d81d6bea750e595038?s=96&d=mm&r=g","contentUrl":"https:\/\/secure.gravatar.com\/avatar\/a66ba9484a4338d81d6bea750e595038?s=96&d=mm&r=g","caption":"Comunicaciones Comunicaciones"}}]}},"_links":{"self":[{"href":"https:\/\/ds-barranquilla.org\/de\/wp-json\/wp\/v2\/posts\/5604"}],"collection":[{"href":"https:\/\/ds-barranquilla.org\/de\/wp-json\/wp\/v2\/posts"}],"about":[{"href":"https:\/\/ds-barranquilla.org\/de\/wp-json\/wp\/v2\/types\/post"}],"author":[{"embeddable":true,"href":"https:\/\/ds-barranquilla.org\/de\/wp-json\/wp\/v2\/users\/16"}],"replies":[{"embeddable":true,"href":"https:\/\/ds-barranquilla.org\/de\/wp-json\/wp\/v2\/comments?post=5604"}],"version-history":[{"count":1,"href":"https:\/\/ds-barranquilla.org\/de\/wp-json\/wp\/v2\/posts\/5604\/revisions"}],"predecessor-version":[{"id":5606,"href":"https:\/\/ds-barranquilla.org\/de\/wp-json\/wp\/v2\/posts\/5604\/revisions\/5606"}],"wp:featuredmedia":[{"embeddable":true,"href":"https:\/\/ds-barranquilla.org\/de\/wp-json\/wp\/v2\/media\/5605"}],"wp:attachment":[{"href":"https:\/\/ds-barranquilla.org\/de\/wp-json\/wp\/v2\/media?parent=5604"}],"wp:term":[{"taxonomy":"category","embeddable":true,"href":"https:\/\/ds-barranquilla.org\/de\/wp-json\/wp\/v2\/categories?post=5604"},{"taxonomy":"post_tag","embeddable":true,"href":"https:\/\/ds-barranquilla.org\/de\/wp-json\/wp\/v2\/tags?post=5604"}],"curies":[{"name":"wp","href":"https:\/\/api.w.org\/{rel}","templated":true}]}}