{"id":5607,"date":"2019-02-22T16:22:24","date_gmt":"2019-02-22T21:22:24","guid":{"rendered":"https:\/\/ds-barranquilla.org\/?p=5607"},"modified":"2023-01-04T13:25:35","modified_gmt":"2023-01-04T18:25:35","slug":"casa-cultural-la-perla-ultimo-destino-de-las-salidas-pedagogicas-de-nuestro-colegio","status":"publish","type":"post","link":"https:\/\/ds-barranquilla.org\/de\/casa-cultural-la-perla-ultimo-destino-de-las-salidas-pedagogicas-de-nuestro-colegio\/","title":{"rendered":"Casa Cultural \u2018La Perla\u2019, \u00faltimo destino de las salidas pedag\u00f3gicas de nuestro colegio"},"content":{"rendered":"<p><span class=\"TextRun SCXW8608836 BCX0\" lang=\"ES-CO\" xml:lang=\"ES-CO\" data-contrast=\"none\"><span class=\"NormalTextRun SCXW8608836 BCX0\">creado<\/span><\/span><span class=\"TextRun SCXW8608836 BCX0\" lang=\"ES-CO\" xml:lang=\"ES-CO\" data-contrast=\"none\"><span class=\"NormalTextRun SCXW8608836 BCX0\">\u00a0por Jos\u00e9 R\u00edos Mercado |\u202f22.02.2019<\/span><\/span><\/p>\n<p><span data-contrast=\"none\">En el marco del proyecto que viene desarrollando nuestro colegio desde el atelier relacionado\u202fcon el conocimiento y cultura de nuestra ciudad, los ni\u00f1os del Parvulario,\u00a0<\/span><span data-contrast=\"none\">Prek\u00ednder<\/span><span data-contrast=\"none\">\u00a0y K\u00ednder realizaron los d\u00edas 18, 19 y 20 de febrero una salida pedag\u00f3gica a la Casa Cultural \u2018La Perla\u2019, donde identificaron elementos valiosos de la arquitectura de este inmueble localizado en el barrio Prado y tambi\u00e9n pudieron observar elementos de nuestra memoria literaria coste\u00f1a conservada en el museo.<\/span><span data-ccp-props=\"{&quot;201341983&quot;:0,&quot;335559739&quot;:180,&quot;335559740&quot;:240}\">\u00a0<\/span><\/p>\n<p><span data-contrast=\"none\">\u201cNuestra propuesta educativa inspirada en la filosof\u00eda Reggio Emilia se refiere a que los ni\u00f1os son ciudadanos competentes y que tienen que tener identidad con el lugar donde est\u00e1n y valorar su cultura. A ellos hay que formarlos en este sentido para que se preocupen por su entorno y propongan cosas; nosotros como profesores los escuchamos todo el tiempo y de acuerdo a lo que hablan, podemos direccionarlos hacia sus intereses\u201d, indic\u00f3 Iveth Guti\u00e9rrez, directora del Kindergarten.<\/span><span data-ccp-props=\"{&quot;201341983&quot;:0,&quot;335559739&quot;:180,&quot;335559740&quot;:240}\">\u00a0<\/span><\/p>\n<p><span data-contrast=\"none\">Iveth Guti\u00e9rrez precis\u00f3 que este trabajo toma varios meses y se realiza a trav\u00e9s del acercamiento de los ni\u00f1os con diferentes libros -a esta din\u00e1mica se le\u00a0<\/span><span data-contrast=\"none\">demonina<\/span><span data-contrast=\"none\">\u00a0\u2018provocaci\u00f3n\u2019-. Una vez se tiene informaci\u00f3n m\u00e1s concreta de lo que a ellos les gusta o lo que quieren conocer, se programa la salida pedag\u00f3gica a un lugar espec\u00edfico.<\/span><span data-ccp-props=\"{&quot;201341983&quot;:0,&quot;335559739&quot;:180,&quot;335559740&quot;:240}\">\u00a0<\/span><\/p>\n<p><span data-contrast=\"none\">\u201cEstas salidas tienen una log\u00edstica y una planificaci\u00f3n, puesto que nosotros como organizadores adem\u00e1s de definir la ruta de desplazamiento tambi\u00e9n debemos conocer detalladamente el lugar. Una vez en el sitio nos dividimos en grupos para que todos los ni\u00f1os puedan disfrutar de la actividad\u201d, expres\u00f3 la psic\u00f3loga.<\/span><span data-ccp-props=\"{&quot;201341983&quot;:0,&quot;335559739&quot;:180,&quot;335559740&quot;:240}\">\u00a0<\/span><\/p>\n<p><span data-contrast=\"none\">Las preguntas formuladas por los ni\u00f1os en estas salidas son respondidas por ellos mismos a trav\u00e9s de la indagaci\u00f3n realizada por los profesores acompa\u00f1antes; de esta forma, se puede determinar que ellos tienen muchos aprendizajes previos que pueden sustentar esas hip\u00f3tesis que ten\u00edan. El Estadio Metropolitano, el Malec\u00f3n, la Casa del Carnaval, la Catedral y la Plaza de la Paz son los otros lugares que han sido visitados por los ni\u00f1os de nuestro colegio en los \u00faltimos tres a\u00f1os.<\/span><span data-ccp-props=\"{&quot;201341983&quot;:0,&quot;335559739&quot;:180,&quot;335559740&quot;:240}\">\u00a0<\/span><\/p>","protected":false},"excerpt":{"rendered":"<p>creado\u00a0por Jos\u00e9 R\u00edos Mercado |\u202f22.02.2019 En el marco del proyecto que viene desarrollando nuestro colegio desde el atelier relacionado\u202fcon el conocimiento y cultura de nuestra ciudad,<span class=\"excerpt-hellip\"> [\u2026]<\/span><\/p>","protected":false},"author":16,"featured_media":5608,"comment_status":"open","ping_status":"open","sticky":false,"template":"","format":"standard","meta":{"_exactmetrics_skip_tracking":false,"_exactmetrics_sitenote_active":false,"_exactmetrics_sitenote_note":"","_exactmetrics_sitenote_category":0,"_joinchat":[],"footnotes":""},"categories":[679,677],"tags":[468,433,459,486],"class_list":["post-5607","post","type-post","status-publish","format-standard","has-post-thumbnail","hentry","category-679","category-kindergarten","tag-468","tag-artes","tag-kindergarten","tag-lengua-y-literatura"],"yoast_head":"<!-- This site is optimized with the Yoast SEO plugin v23.3 - https:\/\/yoast.com\/wordpress\/plugins\/seo\/ -->\n<title>Casa Cultural \u2018La Perla\u2019, \u00faltimo destino de las salidas pedag\u00f3gicas de nuestro colegio - 2026<\/title>\n<meta name=\"robots\" content=\"noindex, follow, max-snippet:-1, max-image-preview:large, max-video-preview:-1\" \/>\n<meta property=\"og:locale\" content=\"de_DE\" \/>\n<meta property=\"og:type\" content=\"article\" \/>\n<meta property=\"og:title\" content=\"Casa Cultural \u2018La Perla\u2019, \u00faltimo destino de las salidas pedag\u00f3gicas de nuestro colegio - 2026\" \/>\n<meta property=\"og:description\" content=\"creado\u00a0por Jos\u00e9 R\u00edos Mercado |\u202f22.02.2019 En el marco del proyecto que viene desarrollando nuestro colegio desde el atelier relacionado\u202fcon el conocimiento y cultura de nuestra ciudad, [\u2026]\" \/>\n<meta property=\"og:url\" content=\"https:\/\/ds-barranquilla.org\/de\/casa-cultural-la-perla-ultimo-destino-de-las-salidas-pedagogicas-de-nuestro-colegio\/\" \/>\n<meta property=\"og:site_name\" content=\"Colegio Alem\u00e1n - Los Mejores Colegios de Colombia - Colegio Triling\u00fce\" \/>\n<meta property=\"article:publisher\" content=\"https:\/\/www.facebook.com\/ColegioAlemanBaq\/\" \/>\n<meta property=\"article:published_time\" content=\"2019-02-22T21:22:24+00:00\" \/>\n<meta property=\"article:modified_time\" content=\"2023-01-04T18:25:35+00:00\" \/>\n<meta property=\"og:image\" content=\"https:\/\/ds-barranquilla.org\/wp-content\/uploads\/2020\/08\/Casa-Cultural-\u2018La-Perla\u2019-\u00faltimo-destino-de-las-salidas-pedag\u00f3gicas-de-nuestro-colegio.jpg\" \/>\n\t<meta property=\"og:image:width\" content=\"547\" \/>\n\t<meta property=\"og:image:height\" content=\"238\" \/>\n\t<meta property=\"og:image:type\" content=\"image\/jpeg\" \/>\n<meta name=\"author\" content=\"Comunicaciones Comunicaciones\" \/>\n<meta name=\"twitter:card\" content=\"summary_large_image\" \/>\n<meta name=\"twitter:creator\" content=\"@ColegioAlemanBq\" \/>\n<meta name=\"twitter:site\" content=\"@ColegioAlemanBq\" \/>\n<meta name=\"twitter:label1\" content=\"Verfasst von\" \/>\n\t<meta name=\"twitter:data1\" content=\"Comunicaciones Comunicaciones\" \/>\n\t<meta name=\"twitter:label2\" content=\"Gesch\u00e4tzte Lesezeit\" \/>\n\t<meta name=\"twitter:data2\" content=\"2\u00a0Minuten\" \/>\n<script type=\"application\/ld+json\" class=\"yoast-schema-graph\">{\"@context\":\"https:\/\/schema.org\",\"@graph\":[{\"@type\":\"Article\",\"@id\":\"https:\/\/ds-barranquilla.org\/de\/casa-cultural-la-perla-ultimo-destino-de-las-salidas-pedagogicas-de-nuestro-colegio\/#article\",\"isPartOf\":{\"@id\":\"https:\/\/ds-barranquilla.org\/de\/casa-cultural-la-perla-ultimo-destino-de-las-salidas-pedagogicas-de-nuestro-colegio\/\"},\"author\":{\"name\":\"Comunicaciones Comunicaciones\",\"@id\":\"https:\/\/ds-barranquilla.org\/#\/schema\/person\/7bf8790ba89d3480e0551241ccdc8d36\"},\"headline\":\"Casa Cultural \u2018La Perla\u2019, \u00faltimo destino de las salidas pedag\u00f3gicas de nuestro colegio\",\"datePublished\":\"2019-02-22T21:22:24+00:00\",\"dateModified\":\"2023-01-04T18:25:35+00:00\",\"mainEntityOfPage\":{\"@id\":\"https:\/\/ds-barranquilla.org\/de\/casa-cultural-la-perla-ultimo-destino-de-las-salidas-pedagogicas-de-nuestro-colegio\/\"},\"wordCount\":390,\"commentCount\":0,\"publisher\":{\"@id\":\"https:\/\/ds-barranquilla.org\/#organization\"},\"image\":{\"@id\":\"https:\/\/ds-barranquilla.org\/de\/casa-cultural-la-perla-ultimo-destino-de-las-salidas-pedagogicas-de-nuestro-colegio\/#primaryimage\"},\"thumbnailUrl\":\"https:\/\/ds-barranquilla.org\/wp-content\/uploads\/2020\/08\/Casa-Cultural-\u2018La-Perla\u2019-\u00faltimo-destino-de-las-salidas-pedag\u00f3gicas-de-nuestro-colegio.jpg\",\"keywords\":[\"2019\",\"Artes\",\"Kindergarten\",\"Lengua y literatura\"],\"articleSection\":[\"2019\",\"Kindergarten\"],\"inLanguage\":\"de\",\"potentialAction\":[{\"@type\":\"CommentAction\",\"name\":\"Comment\",\"target\":[\"https:\/\/ds-barranquilla.org\/de\/casa-cultural-la-perla-ultimo-destino-de-las-salidas-pedagogicas-de-nuestro-colegio\/#respond\"]}]},{\"@type\":\"WebPage\",\"@id\":\"https:\/\/ds-barranquilla.org\/de\/casa-cultural-la-perla-ultimo-destino-de-las-salidas-pedagogicas-de-nuestro-colegio\/\",\"url\":\"https:\/\/ds-barranquilla.org\/de\/casa-cultural-la-perla-ultimo-destino-de-las-salidas-pedagogicas-de-nuestro-colegio\/\",\"name\":\"Casa Cultural \u2018La Perla\u2019, \u00faltimo destino de las salidas pedag\u00f3gicas de nuestro colegio - 2026\",\"isPartOf\":{\"@id\":\"https:\/\/ds-barranquilla.org\/#website\"},\"primaryImageOfPage\":{\"@id\":\"https:\/\/ds-barranquilla.org\/de\/casa-cultural-la-perla-ultimo-destino-de-las-salidas-pedagogicas-de-nuestro-colegio\/#primaryimage\"},\"image\":{\"@id\":\"https:\/\/ds-barranquilla.org\/de\/casa-cultural-la-perla-ultimo-destino-de-las-salidas-pedagogicas-de-nuestro-colegio\/#primaryimage\"},\"thumbnailUrl\":\"https:\/\/ds-barranquilla.org\/wp-content\/uploads\/2020\/08\/Casa-Cultural-\u2018La-Perla\u2019-\u00faltimo-destino-de-las-salidas-pedag\u00f3gicas-de-nuestro-colegio.jpg\",\"datePublished\":\"2019-02-22T21:22:24+00:00\",\"dateModified\":\"2023-01-04T18:25:35+00:00\",\"breadcrumb\":{\"@id\":\"https:\/\/ds-barranquilla.org\/de\/casa-cultural-la-perla-ultimo-destino-de-las-salidas-pedagogicas-de-nuestro-colegio\/#breadcrumb\"},\"inLanguage\":\"de\",\"potentialAction\":[{\"@type\":\"ReadAction\",\"target\":[\"https:\/\/ds-barranquilla.org\/de\/casa-cultural-la-perla-ultimo-destino-de-las-salidas-pedagogicas-de-nuestro-colegio\/\"]}]},{\"@type\":\"ImageObject\",\"inLanguage\":\"de\",\"@id\":\"https:\/\/ds-barranquilla.org\/de\/casa-cultural-la-perla-ultimo-destino-de-las-salidas-pedagogicas-de-nuestro-colegio\/#primaryimage\",\"url\":\"https:\/\/ds-barranquilla.org\/wp-content\/uploads\/2020\/08\/Casa-Cultural-\u2018La-Perla\u2019-\u00faltimo-destino-de-las-salidas-pedag\u00f3gicas-de-nuestro-colegio.jpg\",\"contentUrl\":\"https:\/\/ds-barranquilla.org\/wp-content\/uploads\/2020\/08\/Casa-Cultural-\u2018La-Perla\u2019-\u00faltimo-destino-de-las-salidas-pedag\u00f3gicas-de-nuestro-colegio.jpg\",\"width\":547,\"height\":238},{\"@type\":\"BreadcrumbList\",\"@id\":\"https:\/\/ds-barranquilla.org\/de\/casa-cultural-la-perla-ultimo-destino-de-las-salidas-pedagogicas-de-nuestro-colegio\/#breadcrumb\",\"itemListElement\":[{\"@type\":\"ListItem\",\"position\":1,\"name\":\"Portada\",\"item\":\"https:\/\/ds-barranquilla.org\/\"},{\"@type\":\"ListItem\",\"position\":2,\"name\":\"Casa Cultural \u2018La Perla\u2019, \u00faltimo destino de las salidas pedag\u00f3gicas de nuestro colegio\"}]},{\"@type\":\"WebSite\",\"@id\":\"https:\/\/ds-barranquilla.org\/#website\",\"url\":\"https:\/\/ds-barranquilla.org\/\",\"name\":\"Colegio Alem\u00e1n - Los Mejores Colegios de Colombia - Colegio Triling\u00fce\",\"description\":\"Colegio Alem\u00e1n  Barranquilla Colombia - Colegio Biling\u00fce - Triling\u00fce - El Mejor Colegio de Colombia\",\"publisher\":{\"@id\":\"https:\/\/ds-barranquilla.org\/#organization\"},\"potentialAction\":[{\"@type\":\"SearchAction\",\"target\":{\"@type\":\"EntryPoint\",\"urlTemplate\":\"https:\/\/ds-barranquilla.org\/?s={search_term_string}\"},\"query-input\":\"required name=search_term_string\"}],\"inLanguage\":\"de\"},{\"@type\":\"Organization\",\"@id\":\"https:\/\/ds-barranquilla.org\/#organization\",\"name\":\"Colegio Alem\u00e1n Barranquilla\",\"url\":\"https:\/\/ds-barranquilla.org\/\",\"logo\":{\"@type\":\"ImageObject\",\"inLanguage\":\"de\",\"@id\":\"https:\/\/ds-barranquilla.org\/#\/schema\/logo\/image\/\",\"url\":\"https:\/\/ds-barranquilla.org\/wp-content\/uploads\/2021\/05\/coleman_logo_2.png\",\"contentUrl\":\"https:\/\/ds-barranquilla.org\/wp-content\/uploads\/2021\/05\/coleman_logo_2.png\",\"width\":418,\"height\":307,\"caption\":\"Colegio Alem\u00e1n Barranquilla\"},\"image\":{\"@id\":\"https:\/\/ds-barranquilla.org\/#\/schema\/logo\/image\/\"},\"sameAs\":[\"https:\/\/www.facebook.com\/ColegioAlemanBaq\/\",\"https:\/\/x.com\/ColegioAlemanBq\",\"https:\/\/www.instagram.com\/colegioalemanbaq\/\",\"https:\/\/www.linkedin.com\/school\/deutsche-schule-barranquilla\/\",\"https:\/\/www.youtube.com\/channel\/UCOOGZQCVs6aYRqIWvSN5agQ\"]},{\"@type\":\"Person\",\"@id\":\"https:\/\/ds-barranquilla.org\/#\/schema\/person\/7bf8790ba89d3480e0551241ccdc8d36\",\"name\":\"Comunicaciones Comunicaciones\",\"image\":{\"@type\":\"ImageObject\",\"inLanguage\":\"de\",\"@id\":\"https:\/\/ds-barranquilla.org\/#\/schema\/person\/image\/\",\"url\":\"https:\/\/secure.gravatar.com\/avatar\/a66ba9484a4338d81d6bea750e595038?s=96&d=mm&r=g\",\"contentUrl\":\"https:\/\/secure.gravatar.com\/avatar\/a66ba9484a4338d81d6bea750e595038?s=96&d=mm&r=g\",\"caption\":\"Comunicaciones Comunicaciones\"}}]}<\/script>\n<!-- \/ Yoast SEO plugin. -->","yoast_head_json":{"title":"Casa Cultural \u2018La Perla\u2019, \u00faltimo destino de las salidas pedag\u00f3gicas de nuestro colegio - 2026","robots":{"index":"noindex","follow":"follow","max-snippet":"max-snippet:-1","max-image-preview":"max-image-preview:large","max-video-preview":"max-video-preview:-1"},"og_locale":"de_DE","og_type":"article","og_title":"Casa Cultural \u2018La Perla\u2019, \u00faltimo destino de las salidas pedag\u00f3gicas de nuestro colegio - 2026","og_description":"creado\u00a0por Jos\u00e9 R\u00edos Mercado |\u202f22.02.2019 En el marco del proyecto que viene desarrollando nuestro colegio desde el atelier relacionado\u202fcon el conocimiento y cultura de nuestra ciudad, [\u2026]","og_url":"https:\/\/ds-barranquilla.org\/de\/casa-cultural-la-perla-ultimo-destino-de-las-salidas-pedagogicas-de-nuestro-colegio\/","og_site_name":"Colegio Alem\u00e1n - Los Mejores Colegios de Colombia - Colegio Triling\u00fce","article_publisher":"https:\/\/www.facebook.com\/ColegioAlemanBaq\/","article_published_time":"2019-02-22T21:22:24+00:00","article_modified_time":"2023-01-04T18:25:35+00:00","og_image":[{"width":547,"height":238,"url":"https:\/\/ds-barranquilla.org\/wp-content\/uploads\/2020\/08\/Casa-Cultural-\u2018La-Perla\u2019-\u00faltimo-destino-de-las-salidas-pedag\u00f3gicas-de-nuestro-colegio.jpg","type":"image\/jpeg"}],"author":"Comunicaciones Comunicaciones","twitter_card":"summary_large_image","twitter_creator":"@ColegioAlemanBq","twitter_site":"@ColegioAlemanBq","twitter_misc":{"Verfasst von":"Comunicaciones Comunicaciones","Gesch\u00e4tzte Lesezeit":"2\u00a0Minuten"},"schema":{"@context":"https:\/\/schema.org","@graph":[{"@type":"Article","@id":"https:\/\/ds-barranquilla.org\/de\/casa-cultural-la-perla-ultimo-destino-de-las-salidas-pedagogicas-de-nuestro-colegio\/#article","isPartOf":{"@id":"https:\/\/ds-barranquilla.org\/de\/casa-cultural-la-perla-ultimo-destino-de-las-salidas-pedagogicas-de-nuestro-colegio\/"},"author":{"name":"Comunicaciones Comunicaciones","@id":"https:\/\/ds-barranquilla.org\/#\/schema\/person\/7bf8790ba89d3480e0551241ccdc8d36"},"headline":"Casa Cultural \u2018La Perla\u2019, \u00faltimo destino de las salidas pedag\u00f3gicas de nuestro colegio","datePublished":"2019-02-22T21:22:24+00:00","dateModified":"2023-01-04T18:25:35+00:00","mainEntityOfPage":{"@id":"https:\/\/ds-barranquilla.org\/de\/casa-cultural-la-perla-ultimo-destino-de-las-salidas-pedagogicas-de-nuestro-colegio\/"},"wordCount":390,"commentCount":0,"publisher":{"@id":"https:\/\/ds-barranquilla.org\/#organization"},"image":{"@id":"https:\/\/ds-barranquilla.org\/de\/casa-cultural-la-perla-ultimo-destino-de-las-salidas-pedagogicas-de-nuestro-colegio\/#primaryimage"},"thumbnailUrl":"https:\/\/ds-barranquilla.org\/wp-content\/uploads\/2020\/08\/Casa-Cultural-\u2018La-Perla\u2019-\u00faltimo-destino-de-las-salidas-pedag\u00f3gicas-de-nuestro-colegio.jpg","keywords":["2019","Artes","Kindergarten","Lengua y literatura"],"articleSection":["2019","Kindergarten"],"inLanguage":"de","potentialAction":[{"@type":"CommentAction","name":"Comment","target":["https:\/\/ds-barranquilla.org\/de\/casa-cultural-la-perla-ultimo-destino-de-las-salidas-pedagogicas-de-nuestro-colegio\/#respond"]}]},{"@type":"WebPage","@id":"https:\/\/ds-barranquilla.org\/de\/casa-cultural-la-perla-ultimo-destino-de-las-salidas-pedagogicas-de-nuestro-colegio\/","url":"https:\/\/ds-barranquilla.org\/de\/casa-cultural-la-perla-ultimo-destino-de-las-salidas-pedagogicas-de-nuestro-colegio\/","name":"Casa Cultural \u2018La Perla\u2019, \u00faltimo destino de las salidas pedag\u00f3gicas de nuestro colegio - 2026","isPartOf":{"@id":"https:\/\/ds-barranquilla.org\/#website"},"primaryImageOfPage":{"@id":"https:\/\/ds-barranquilla.org\/de\/casa-cultural-la-perla-ultimo-destino-de-las-salidas-pedagogicas-de-nuestro-colegio\/#primaryimage"},"image":{"@id":"https:\/\/ds-barranquilla.org\/de\/casa-cultural-la-perla-ultimo-destino-de-las-salidas-pedagogicas-de-nuestro-colegio\/#primaryimage"},"thumbnailUrl":"https:\/\/ds-barranquilla.org\/wp-content\/uploads\/2020\/08\/Casa-Cultural-\u2018La-Perla\u2019-\u00faltimo-destino-de-las-salidas-pedag\u00f3gicas-de-nuestro-colegio.jpg","datePublished":"2019-02-22T21:22:24+00:00","dateModified":"2023-01-04T18:25:35+00:00","breadcrumb":{"@id":"https:\/\/ds-barranquilla.org\/de\/casa-cultural-la-perla-ultimo-destino-de-las-salidas-pedagogicas-de-nuestro-colegio\/#breadcrumb"},"inLanguage":"de","potentialAction":[{"@type":"ReadAction","target":["https:\/\/ds-barranquilla.org\/de\/casa-cultural-la-perla-ultimo-destino-de-las-salidas-pedagogicas-de-nuestro-colegio\/"]}]},{"@type":"ImageObject","inLanguage":"de","@id":"https:\/\/ds-barranquilla.org\/de\/casa-cultural-la-perla-ultimo-destino-de-las-salidas-pedagogicas-de-nuestro-colegio\/#primaryimage","url":"https:\/\/ds-barranquilla.org\/wp-content\/uploads\/2020\/08\/Casa-Cultural-\u2018La-Perla\u2019-\u00faltimo-destino-de-las-salidas-pedag\u00f3gicas-de-nuestro-colegio.jpg","contentUrl":"https:\/\/ds-barranquilla.org\/wp-content\/uploads\/2020\/08\/Casa-Cultural-\u2018La-Perla\u2019-\u00faltimo-destino-de-las-salidas-pedag\u00f3gicas-de-nuestro-colegio.jpg","width":547,"height":238},{"@type":"BreadcrumbList","@id":"https:\/\/ds-barranquilla.org\/de\/casa-cultural-la-perla-ultimo-destino-de-las-salidas-pedagogicas-de-nuestro-colegio\/#breadcrumb","itemListElement":[{"@type":"ListItem","position":1,"name":"Portada","item":"https:\/\/ds-barranquilla.org\/"},{"@type":"ListItem","position":2,"name":"Casa Cultural \u2018La Perla\u2019, \u00faltimo destino de las salidas pedag\u00f3gicas de nuestro colegio"}]},{"@type":"WebSite","@id":"https:\/\/ds-barranquilla.org\/#website","url":"https:\/\/ds-barranquilla.org\/","name":"Colegio Alem\u00e1n - Los Mejores Colegios de Colombia - Colegio Triling\u00fce","description":"Colegio Alem\u00e1n  Barranquilla Colombia - Colegio Biling\u00fce - Triling\u00fce - El Mejor Colegio de Colombia","publisher":{"@id":"https:\/\/ds-barranquilla.org\/#organization"},"potentialAction":[{"@type":"SearchAction","target":{"@type":"EntryPoint","urlTemplate":"https:\/\/ds-barranquilla.org\/?s={search_term_string}"},"query-input":"required name=search_term_string"}],"inLanguage":"de"},{"@type":"Organization","@id":"https:\/\/ds-barranquilla.org\/#organization","name":"Colegio Alem\u00e1n Barranquilla","url":"https:\/\/ds-barranquilla.org\/","logo":{"@type":"ImageObject","inLanguage":"de","@id":"https:\/\/ds-barranquilla.org\/#\/schema\/logo\/image\/","url":"https:\/\/ds-barranquilla.org\/wp-content\/uploads\/2021\/05\/coleman_logo_2.png","contentUrl":"https:\/\/ds-barranquilla.org\/wp-content\/uploads\/2021\/05\/coleman_logo_2.png","width":418,"height":307,"caption":"Colegio Alem\u00e1n Barranquilla"},"image":{"@id":"https:\/\/ds-barranquilla.org\/#\/schema\/logo\/image\/"},"sameAs":["https:\/\/www.facebook.com\/ColegioAlemanBaq\/","https:\/\/x.com\/ColegioAlemanBq","https:\/\/www.instagram.com\/colegioalemanbaq\/","https:\/\/www.linkedin.com\/school\/deutsche-schule-barranquilla\/","https:\/\/www.youtube.com\/channel\/UCOOGZQCVs6aYRqIWvSN5agQ"]},{"@type":"Person","@id":"https:\/\/ds-barranquilla.org\/#\/schema\/person\/7bf8790ba89d3480e0551241ccdc8d36","name":"Comunicaciones Comunicaciones","image":{"@type":"ImageObject","inLanguage":"de","@id":"https:\/\/ds-barranquilla.org\/#\/schema\/person\/image\/","url":"https:\/\/secure.gravatar.com\/avatar\/a66ba9484a4338d81d6bea750e595038?s=96&d=mm&r=g","contentUrl":"https:\/\/secure.gravatar.com\/avatar\/a66ba9484a4338d81d6bea750e595038?s=96&d=mm&r=g","caption":"Comunicaciones Comunicaciones"}}]}},"_links":{"self":[{"href":"https:\/\/ds-barranquilla.org\/de\/wp-json\/wp\/v2\/posts\/5607"}],"collection":[{"href":"https:\/\/ds-barranquilla.org\/de\/wp-json\/wp\/v2\/posts"}],"about":[{"href":"https:\/\/ds-barranquilla.org\/de\/wp-json\/wp\/v2\/types\/post"}],"author":[{"embeddable":true,"href":"https:\/\/ds-barranquilla.org\/de\/wp-json\/wp\/v2\/users\/16"}],"replies":[{"embeddable":true,"href":"https:\/\/ds-barranquilla.org\/de\/wp-json\/wp\/v2\/comments?post=5607"}],"version-history":[{"count":1,"href":"https:\/\/ds-barranquilla.org\/de\/wp-json\/wp\/v2\/posts\/5607\/revisions"}],"predecessor-version":[{"id":5609,"href":"https:\/\/ds-barranquilla.org\/de\/wp-json\/wp\/v2\/posts\/5607\/revisions\/5609"}],"wp:featuredmedia":[{"embeddable":true,"href":"https:\/\/ds-barranquilla.org\/de\/wp-json\/wp\/v2\/media\/5608"}],"wp:attachment":[{"href":"https:\/\/ds-barranquilla.org\/de\/wp-json\/wp\/v2\/media?parent=5607"}],"wp:term":[{"taxonomy":"category","embeddable":true,"href":"https:\/\/ds-barranquilla.org\/de\/wp-json\/wp\/v2\/categories?post=5607"},{"taxonomy":"post_tag","embeddable":true,"href":"https:\/\/ds-barranquilla.org\/de\/wp-json\/wp\/v2\/tags?post=5607"}],"curies":[{"name":"wp","href":"https:\/\/api.w.org\/{rel}","templated":true}]}}