{"id":5619,"date":"2019-02-26T05:10:25","date_gmt":"2019-02-26T10:10:25","guid":{"rendered":"https:\/\/ds-barranquilla.org\/?p=5619"},"modified":"2023-01-04T13:24:30","modified_gmt":"2023-01-04T18:24:30","slug":"si-mentimos-no-podemos-hablar-de-etica-y-valores-edison-serje-roget-teologo-universidad-lateranense-de-roma","status":"publish","type":"post","link":"https:\/\/ds-barranquilla.org\/de\/si-mentimos-no-podemos-hablar-de-etica-y-valores-edison-serje-roget-teologo-universidad-lateranense-de-roma\/","title":{"rendered":"\u201cSi mentimos no podemos hablar de \u00e9tica y valores\u201d: Edison Serje Roget (Te\u00f3logo \u2013 Universidad Lateranense de Roma)"},"content":{"rendered":"<p><span class=\"TextRun SCXW147310965 BCX0\" lang=\"ES-CO\" xml:lang=\"ES-CO\" data-contrast=\"none\"><span class=\"NormalTextRun SCXW147310965 BCX0\">\u202f<\/span><\/span><span class=\"TextRun SCXW147310965 BCX0\" lang=\"ES-CO\" xml:lang=\"ES-CO\" data-contrast=\"none\"><span class=\"NormalTextRun SCXW147310965 BCX0\">creado<\/span><\/span><span class=\"TextRun SCXW147310965 BCX0\" lang=\"ES-CO\" xml:lang=\"ES-CO\" data-contrast=\"none\"><span class=\"NormalTextRun SCXW147310965 BCX0\">\u00a0por Jos\u00e9 R\u00edos Mercado |\u202f26.02.2019<\/span><\/span><span class=\"EOP SCXW147310965 BCX0\" data-ccp-props=\"{&quot;201341983&quot;:0,&quot;335559739&quot;:160,&quot;335559740&quot;:240}\">\u00a0<\/span><\/p>\n<p><span data-contrast=\"none\">Durante la charla \u2018Valores, \u00e9tica y excelencia\u2019 el te\u00f3logo de la Universidad Lateranense de Roma, Edison\u00a0<\/span><span data-contrast=\"none\">Serje<\/span><span data-contrast=\"none\">, invit\u00f3 a los asistentes a dar ejemplo a sus hijos como forma de vida. Edison\u00a0<\/span><span data-contrast=\"none\">Serje<\/span><span data-contrast=\"none\">\u00a0indic\u00f3 que cuando los padres de familia mienten delante de ellos, no son coherentes en este sentido y por el contrario, fomentan en los ni\u00f1os esta censurable conducta en sus relaciones interpersonales.<\/span><span data-ccp-props=\"{&quot;201341983&quot;:0,&quot;335559739&quot;:180,&quot;335559740&quot;:240}\">\u00a0<\/span><\/p>\n<p><span data-contrast=\"none\">\u201cAl mentir no podemos hablar de \u00e9tica y valores; la salud del ser humano se est\u00e1 viendo afectada, puesto que se acostumbr\u00f3 a mentir todo el tiempo como consecuencia de la emoci\u00f3n social. Hoy en d\u00eda no mostramos nuestras emociones por causa de los prejuicios y eso lo ven nuestros hijos, quienes m\u00e1s adelante ocultar\u00e1n cosas si se acostumbran a mentir\u201d, expres\u00f3 el te\u00f3logo.<\/span><span data-ccp-props=\"{&quot;201341983&quot;:0,&quot;335559739&quot;:180,&quot;335559740&quot;:240}\">\u00a0<\/span><\/p>\n<p><span data-contrast=\"none\">Edison\u00a0<\/span><span data-contrast=\"none\">Serje<\/span><span data-contrast=\"none\">\u00a0precis\u00f3 que en el rango de edad comprendido entre los 0 y 7 a\u00f1os, los ni\u00f1os son como \u2018esponjas\u2019 que \u2018absorben\u2019 toda la informaci\u00f3n que reciben. As\u00ed mismo, manifest\u00f3 que es importante que los seres humanos muestren en todo momento lo que son en realidad a trav\u00e9s de sus emociones, puesto que\u00a0<\/span><span data-contrast=\"none\">\u00e9sto<\/span><span data-contrast=\"none\">\u00a0<\/span><span data-contrast=\"none\">le<\/span><span data-contrast=\"none\">\u00a0permite a sus hijos conocer la realidad y ser m\u00e1s fuertes.<\/span><span data-ccp-props=\"{&quot;201341983&quot;:0,&quot;335559739&quot;:180,&quot;335559740&quot;:240}\">\u00a0<\/span><\/p>\n<p><span data-contrast=\"none\">\u201cEl 97% de la serotonina -neurotransmisor conocido como \u2018la hormona de la felicidad\u2019- es producida en el est\u00f3mago, de ah\u00ed que nuestras emociones son el mejor aderezo que pueden tener los alimentos que consumimos. Es por eso que hay que darle mayor prioridad a las emociones que a otras cosas, ya que tienen un impacto directo en nuestra alimentaci\u00f3n\u201d, se\u00f1al\u00f3 el te\u00f3logo.<\/span><span data-ccp-props=\"{&quot;201341983&quot;:0,&quot;335559739&quot;:180,&quot;335559740&quot;:240}\">\u00a0<\/span><\/p>\n<p><span data-contrast=\"none\">Finalmente, Edison\u00a0<\/span><span data-contrast=\"none\">Serje<\/span><span data-contrast=\"none\">\u00a0asegur\u00f3 que la mejor v\u00eda para alcanzar la excelencia es mostrar todo lo que somos. Tambi\u00e9n dijo que hay que darle buenos ejemplos a nuestros hijos en la casa para que tengan relaciones de calidad y de esta forma, podamos garantizarles una buena salud y longevidad.<\/span><span data-ccp-props=\"{&quot;201341983&quot;:0,&quot;335559739&quot;:180,&quot;335559740&quot;:240}\">\u00a0<\/span><\/p>","protected":false},"excerpt":{"rendered":"<p>\u202fcreado\u00a0por Jos\u00e9 R\u00edos Mercado |\u202f26.02.2019\u00a0 Durante la charla \u2018Valores, \u00e9tica y excelencia\u2019 el te\u00f3logo de la Universidad Lateranense de Roma, Edison\u00a0Serje, invit\u00f3 a los asistentes a<span class=\"excerpt-hellip\"> [\u2026]<\/span><\/p>","protected":false},"author":16,"featured_media":5620,"comment_status":"open","ping_status":"open","sticky":false,"template":"","format":"standard","meta":{"_exactmetrics_skip_tracking":false,"_exactmetrics_sitenote_active":false,"_exactmetrics_sitenote_note":"","_exactmetrics_sitenote_category":0,"_joinchat":[],"footnotes":""},"categories":[679,707],"tags":[468,449],"class_list":["post-5619","post","type-post","status-publish","format-standard","has-post-thumbnail","hentry","category-679","category-otras-noticias","tag-468","tag-individuos-y-sociedades"],"yoast_head":"<!-- This site is optimized with the Yoast SEO plugin v23.3 - https:\/\/yoast.com\/wordpress\/plugins\/seo\/ -->\n<title>\u201cSi mentimos no podemos hablar de \u00e9tica y valores\u201d: Edison Serje Roget (Te\u00f3logo \u2013 Universidad Lateranense de Roma) - 2026<\/title>\n<meta name=\"robots\" content=\"noindex, follow, max-snippet:-1, max-image-preview:large, max-video-preview:-1\" \/>\n<meta property=\"og:locale\" content=\"de_DE\" \/>\n<meta property=\"og:type\" content=\"article\" \/>\n<meta property=\"og:title\" content=\"\u201cSi mentimos no podemos hablar de \u00e9tica y valores\u201d: Edison Serje Roget (Te\u00f3logo \u2013 Universidad Lateranense de Roma) - 2026\" \/>\n<meta property=\"og:description\" content=\"\u202fcreado\u00a0por Jos\u00e9 R\u00edos Mercado |\u202f26.02.2019\u00a0 Durante la charla \u2018Valores, \u00e9tica y excelencia\u2019 el te\u00f3logo de la Universidad Lateranense de Roma, Edison\u00a0Serje, invit\u00f3 a los asistentes a [\u2026]\" \/>\n<meta property=\"og:url\" content=\"https:\/\/ds-barranquilla.org\/de\/si-mentimos-no-podemos-hablar-de-etica-y-valores-edison-serje-roget-teologo-universidad-lateranense-de-roma\/\" \/>\n<meta property=\"og:site_name\" content=\"Colegio Alem\u00e1n - Los Mejores Colegios de Colombia - Colegio Triling\u00fce\" \/>\n<meta property=\"article:publisher\" content=\"https:\/\/www.facebook.com\/ColegioAlemanBaq\/\" \/>\n<meta property=\"article:published_time\" content=\"2019-02-26T10:10:25+00:00\" \/>\n<meta property=\"article:modified_time\" content=\"2023-01-04T18:24:30+00:00\" \/>\n<meta property=\"og:image\" content=\"https:\/\/ds-barranquilla.org\/wp-content\/uploads\/2020\/08\/\u201cSi-mentimos-no-podemos-hablar-de-\u00e9tica-y-valores\u201d-Edison-Serje-Roget-Te\u00f3logo-\u2013-Universidad-Lateranense-de-Roma.jpg\" \/>\n\t<meta property=\"og:image:width\" content=\"563\" \/>\n\t<meta property=\"og:image:height\" content=\"378\" \/>\n\t<meta property=\"og:image:type\" content=\"image\/jpeg\" \/>\n<meta name=\"author\" content=\"Comunicaciones Comunicaciones\" \/>\n<meta name=\"twitter:card\" content=\"summary_large_image\" \/>\n<meta name=\"twitter:creator\" content=\"@ColegioAlemanBq\" \/>\n<meta name=\"twitter:site\" content=\"@ColegioAlemanBq\" \/>\n<meta name=\"twitter:label1\" content=\"Verfasst von\" \/>\n\t<meta name=\"twitter:data1\" content=\"Comunicaciones Comunicaciones\" \/>\n\t<meta name=\"twitter:label2\" content=\"Gesch\u00e4tzte Lesezeit\" \/>\n\t<meta name=\"twitter:data2\" content=\"2\u00a0Minuten\" \/>\n<script type=\"application\/ld+json\" class=\"yoast-schema-graph\">{\"@context\":\"https:\/\/schema.org\",\"@graph\":[{\"@type\":\"Article\",\"@id\":\"https:\/\/ds-barranquilla.org\/de\/si-mentimos-no-podemos-hablar-de-etica-y-valores-edison-serje-roget-teologo-universidad-lateranense-de-roma\/#article\",\"isPartOf\":{\"@id\":\"https:\/\/ds-barranquilla.org\/de\/si-mentimos-no-podemos-hablar-de-etica-y-valores-edison-serje-roget-teologo-universidad-lateranense-de-roma\/\"},\"author\":{\"name\":\"Comunicaciones Comunicaciones\",\"@id\":\"https:\/\/ds-barranquilla.org\/#\/schema\/person\/7bf8790ba89d3480e0551241ccdc8d36\"},\"headline\":\"\u201cSi mentimos no podemos hablar de \u00e9tica y valores\u201d: Edison Serje Roget (Te\u00f3logo \u2013 Universidad Lateranense de Roma)\",\"datePublished\":\"2019-02-26T10:10:25+00:00\",\"dateModified\":\"2023-01-04T18:24:30+00:00\",\"mainEntityOfPage\":{\"@id\":\"https:\/\/ds-barranquilla.org\/de\/si-mentimos-no-podemos-hablar-de-etica-y-valores-edison-serje-roget-teologo-universidad-lateranense-de-roma\/\"},\"wordCount\":347,\"commentCount\":0,\"publisher\":{\"@id\":\"https:\/\/ds-barranquilla.org\/#organization\"},\"image\":{\"@id\":\"https:\/\/ds-barranquilla.org\/de\/si-mentimos-no-podemos-hablar-de-etica-y-valores-edison-serje-roget-teologo-universidad-lateranense-de-roma\/#primaryimage\"},\"thumbnailUrl\":\"https:\/\/ds-barranquilla.org\/wp-content\/uploads\/2020\/08\/\u201cSi-mentimos-no-podemos-hablar-de-\u00e9tica-y-valores\u201d-Edison-Serje-Roget-Te\u00f3logo-\u2013-Universidad-Lateranense-de-Roma.jpg\",\"keywords\":[\"2019\",\"Individuos y Sociedades\"],\"articleSection\":[\"2019\",\"Otras noticias\"],\"inLanguage\":\"de\",\"potentialAction\":[{\"@type\":\"CommentAction\",\"name\":\"Comment\",\"target\":[\"https:\/\/ds-barranquilla.org\/de\/si-mentimos-no-podemos-hablar-de-etica-y-valores-edison-serje-roget-teologo-universidad-lateranense-de-roma\/#respond\"]}]},{\"@type\":\"WebPage\",\"@id\":\"https:\/\/ds-barranquilla.org\/de\/si-mentimos-no-podemos-hablar-de-etica-y-valores-edison-serje-roget-teologo-universidad-lateranense-de-roma\/\",\"url\":\"https:\/\/ds-barranquilla.org\/de\/si-mentimos-no-podemos-hablar-de-etica-y-valores-edison-serje-roget-teologo-universidad-lateranense-de-roma\/\",\"name\":\"\u201cSi mentimos no podemos hablar de \u00e9tica y valores\u201d: Edison Serje Roget (Te\u00f3logo \u2013 Universidad Lateranense de Roma) - 2026\",\"isPartOf\":{\"@id\":\"https:\/\/ds-barranquilla.org\/#website\"},\"primaryImageOfPage\":{\"@id\":\"https:\/\/ds-barranquilla.org\/de\/si-mentimos-no-podemos-hablar-de-etica-y-valores-edison-serje-roget-teologo-universidad-lateranense-de-roma\/#primaryimage\"},\"image\":{\"@id\":\"https:\/\/ds-barranquilla.org\/de\/si-mentimos-no-podemos-hablar-de-etica-y-valores-edison-serje-roget-teologo-universidad-lateranense-de-roma\/#primaryimage\"},\"thumbnailUrl\":\"https:\/\/ds-barranquilla.org\/wp-content\/uploads\/2020\/08\/\u201cSi-mentimos-no-podemos-hablar-de-\u00e9tica-y-valores\u201d-Edison-Serje-Roget-Te\u00f3logo-\u2013-Universidad-Lateranense-de-Roma.jpg\",\"datePublished\":\"2019-02-26T10:10:25+00:00\",\"dateModified\":\"2023-01-04T18:24:30+00:00\",\"breadcrumb\":{\"@id\":\"https:\/\/ds-barranquilla.org\/de\/si-mentimos-no-podemos-hablar-de-etica-y-valores-edison-serje-roget-teologo-universidad-lateranense-de-roma\/#breadcrumb\"},\"inLanguage\":\"de\",\"potentialAction\":[{\"@type\":\"ReadAction\",\"target\":[\"https:\/\/ds-barranquilla.org\/de\/si-mentimos-no-podemos-hablar-de-etica-y-valores-edison-serje-roget-teologo-universidad-lateranense-de-roma\/\"]}]},{\"@type\":\"ImageObject\",\"inLanguage\":\"de\",\"@id\":\"https:\/\/ds-barranquilla.org\/de\/si-mentimos-no-podemos-hablar-de-etica-y-valores-edison-serje-roget-teologo-universidad-lateranense-de-roma\/#primaryimage\",\"url\":\"https:\/\/ds-barranquilla.org\/wp-content\/uploads\/2020\/08\/\u201cSi-mentimos-no-podemos-hablar-de-\u00e9tica-y-valores\u201d-Edison-Serje-Roget-Te\u00f3logo-\u2013-Universidad-Lateranense-de-Roma.jpg\",\"contentUrl\":\"https:\/\/ds-barranquilla.org\/wp-content\/uploads\/2020\/08\/\u201cSi-mentimos-no-podemos-hablar-de-\u00e9tica-y-valores\u201d-Edison-Serje-Roget-Te\u00f3logo-\u2013-Universidad-Lateranense-de-Roma.jpg\",\"width\":563,\"height\":378},{\"@type\":\"BreadcrumbList\",\"@id\":\"https:\/\/ds-barranquilla.org\/de\/si-mentimos-no-podemos-hablar-de-etica-y-valores-edison-serje-roget-teologo-universidad-lateranense-de-roma\/#breadcrumb\",\"itemListElement\":[{\"@type\":\"ListItem\",\"position\":1,\"name\":\"Portada\",\"item\":\"https:\/\/ds-barranquilla.org\/\"},{\"@type\":\"ListItem\",\"position\":2,\"name\":\"\u201cSi mentimos no podemos hablar de \u00e9tica y valores\u201d: Edison Serje Roget (Te\u00f3logo \u2013 Universidad Lateranense de Roma)\"}]},{\"@type\":\"WebSite\",\"@id\":\"https:\/\/ds-barranquilla.org\/#website\",\"url\":\"https:\/\/ds-barranquilla.org\/\",\"name\":\"Colegio Alem\u00e1n - Los Mejores Colegios de Colombia - Colegio Triling\u00fce\",\"description\":\"Colegio Alem\u00e1n  Barranquilla Colombia - Colegio Biling\u00fce - Triling\u00fce - El Mejor Colegio de Colombia\",\"publisher\":{\"@id\":\"https:\/\/ds-barranquilla.org\/#organization\"},\"potentialAction\":[{\"@type\":\"SearchAction\",\"target\":{\"@type\":\"EntryPoint\",\"urlTemplate\":\"https:\/\/ds-barranquilla.org\/?s={search_term_string}\"},\"query-input\":\"required name=search_term_string\"}],\"inLanguage\":\"de\"},{\"@type\":\"Organization\",\"@id\":\"https:\/\/ds-barranquilla.org\/#organization\",\"name\":\"Colegio Alem\u00e1n Barranquilla\",\"url\":\"https:\/\/ds-barranquilla.org\/\",\"logo\":{\"@type\":\"ImageObject\",\"inLanguage\":\"de\",\"@id\":\"https:\/\/ds-barranquilla.org\/#\/schema\/logo\/image\/\",\"url\":\"https:\/\/ds-barranquilla.org\/wp-content\/uploads\/2021\/05\/coleman_logo_2.png\",\"contentUrl\":\"https:\/\/ds-barranquilla.org\/wp-content\/uploads\/2021\/05\/coleman_logo_2.png\",\"width\":418,\"height\":307,\"caption\":\"Colegio Alem\u00e1n Barranquilla\"},\"image\":{\"@id\":\"https:\/\/ds-barranquilla.org\/#\/schema\/logo\/image\/\"},\"sameAs\":[\"https:\/\/www.facebook.com\/ColegioAlemanBaq\/\",\"https:\/\/x.com\/ColegioAlemanBq\",\"https:\/\/www.instagram.com\/colegioalemanbaq\/\",\"https:\/\/www.linkedin.com\/school\/deutsche-schule-barranquilla\/\",\"https:\/\/www.youtube.com\/channel\/UCOOGZQCVs6aYRqIWvSN5agQ\"]},{\"@type\":\"Person\",\"@id\":\"https:\/\/ds-barranquilla.org\/#\/schema\/person\/7bf8790ba89d3480e0551241ccdc8d36\",\"name\":\"Comunicaciones Comunicaciones\",\"image\":{\"@type\":\"ImageObject\",\"inLanguage\":\"de\",\"@id\":\"https:\/\/ds-barranquilla.org\/#\/schema\/person\/image\/\",\"url\":\"https:\/\/secure.gravatar.com\/avatar\/a66ba9484a4338d81d6bea750e595038?s=96&d=mm&r=g\",\"contentUrl\":\"https:\/\/secure.gravatar.com\/avatar\/a66ba9484a4338d81d6bea750e595038?s=96&d=mm&r=g\",\"caption\":\"Comunicaciones Comunicaciones\"}}]}<\/script>\n<!-- \/ Yoast SEO plugin. -->","yoast_head_json":{"title":"\u201cSi mentimos no podemos hablar de \u00e9tica y valores\u201d: Edison Serje Roget (Te\u00f3logo \u2013 Universidad Lateranense de Roma) - 2026","robots":{"index":"noindex","follow":"follow","max-snippet":"max-snippet:-1","max-image-preview":"max-image-preview:large","max-video-preview":"max-video-preview:-1"},"og_locale":"de_DE","og_type":"article","og_title":"\u201cSi mentimos no podemos hablar de \u00e9tica y valores\u201d: Edison Serje Roget (Te\u00f3logo \u2013 Universidad Lateranense de Roma) - 2026","og_description":"\u202fcreado\u00a0por Jos\u00e9 R\u00edos Mercado |\u202f26.02.2019\u00a0 Durante la charla \u2018Valores, \u00e9tica y excelencia\u2019 el te\u00f3logo de la Universidad Lateranense de Roma, Edison\u00a0Serje, invit\u00f3 a los asistentes a [\u2026]","og_url":"https:\/\/ds-barranquilla.org\/de\/si-mentimos-no-podemos-hablar-de-etica-y-valores-edison-serje-roget-teologo-universidad-lateranense-de-roma\/","og_site_name":"Colegio Alem\u00e1n - Los Mejores Colegios de Colombia - Colegio Triling\u00fce","article_publisher":"https:\/\/www.facebook.com\/ColegioAlemanBaq\/","article_published_time":"2019-02-26T10:10:25+00:00","article_modified_time":"2023-01-04T18:24:30+00:00","og_image":[{"width":563,"height":378,"url":"https:\/\/ds-barranquilla.org\/wp-content\/uploads\/2020\/08\/\u201cSi-mentimos-no-podemos-hablar-de-\u00e9tica-y-valores\u201d-Edison-Serje-Roget-Te\u00f3logo-\u2013-Universidad-Lateranense-de-Roma.jpg","type":"image\/jpeg"}],"author":"Comunicaciones Comunicaciones","twitter_card":"summary_large_image","twitter_creator":"@ColegioAlemanBq","twitter_site":"@ColegioAlemanBq","twitter_misc":{"Verfasst von":"Comunicaciones Comunicaciones","Gesch\u00e4tzte Lesezeit":"2\u00a0Minuten"},"schema":{"@context":"https:\/\/schema.org","@graph":[{"@type":"Article","@id":"https:\/\/ds-barranquilla.org\/de\/si-mentimos-no-podemos-hablar-de-etica-y-valores-edison-serje-roget-teologo-universidad-lateranense-de-roma\/#article","isPartOf":{"@id":"https:\/\/ds-barranquilla.org\/de\/si-mentimos-no-podemos-hablar-de-etica-y-valores-edison-serje-roget-teologo-universidad-lateranense-de-roma\/"},"author":{"name":"Comunicaciones Comunicaciones","@id":"https:\/\/ds-barranquilla.org\/#\/schema\/person\/7bf8790ba89d3480e0551241ccdc8d36"},"headline":"\u201cSi mentimos no podemos hablar de \u00e9tica y valores\u201d: Edison Serje Roget (Te\u00f3logo \u2013 Universidad Lateranense de Roma)","datePublished":"2019-02-26T10:10:25+00:00","dateModified":"2023-01-04T18:24:30+00:00","mainEntityOfPage":{"@id":"https:\/\/ds-barranquilla.org\/de\/si-mentimos-no-podemos-hablar-de-etica-y-valores-edison-serje-roget-teologo-universidad-lateranense-de-roma\/"},"wordCount":347,"commentCount":0,"publisher":{"@id":"https:\/\/ds-barranquilla.org\/#organization"},"image":{"@id":"https:\/\/ds-barranquilla.org\/de\/si-mentimos-no-podemos-hablar-de-etica-y-valores-edison-serje-roget-teologo-universidad-lateranense-de-roma\/#primaryimage"},"thumbnailUrl":"https:\/\/ds-barranquilla.org\/wp-content\/uploads\/2020\/08\/\u201cSi-mentimos-no-podemos-hablar-de-\u00e9tica-y-valores\u201d-Edison-Serje-Roget-Te\u00f3logo-\u2013-Universidad-Lateranense-de-Roma.jpg","keywords":["2019","Individuos y Sociedades"],"articleSection":["2019","Otras noticias"],"inLanguage":"de","potentialAction":[{"@type":"CommentAction","name":"Comment","target":["https:\/\/ds-barranquilla.org\/de\/si-mentimos-no-podemos-hablar-de-etica-y-valores-edison-serje-roget-teologo-universidad-lateranense-de-roma\/#respond"]}]},{"@type":"WebPage","@id":"https:\/\/ds-barranquilla.org\/de\/si-mentimos-no-podemos-hablar-de-etica-y-valores-edison-serje-roget-teologo-universidad-lateranense-de-roma\/","url":"https:\/\/ds-barranquilla.org\/de\/si-mentimos-no-podemos-hablar-de-etica-y-valores-edison-serje-roget-teologo-universidad-lateranense-de-roma\/","name":"\u201cSi mentimos no podemos hablar de \u00e9tica y valores\u201d: Edison Serje Roget (Te\u00f3logo \u2013 Universidad Lateranense de Roma) - 2026","isPartOf":{"@id":"https:\/\/ds-barranquilla.org\/#website"},"primaryImageOfPage":{"@id":"https:\/\/ds-barranquilla.org\/de\/si-mentimos-no-podemos-hablar-de-etica-y-valores-edison-serje-roget-teologo-universidad-lateranense-de-roma\/#primaryimage"},"image":{"@id":"https:\/\/ds-barranquilla.org\/de\/si-mentimos-no-podemos-hablar-de-etica-y-valores-edison-serje-roget-teologo-universidad-lateranense-de-roma\/#primaryimage"},"thumbnailUrl":"https:\/\/ds-barranquilla.org\/wp-content\/uploads\/2020\/08\/\u201cSi-mentimos-no-podemos-hablar-de-\u00e9tica-y-valores\u201d-Edison-Serje-Roget-Te\u00f3logo-\u2013-Universidad-Lateranense-de-Roma.jpg","datePublished":"2019-02-26T10:10:25+00:00","dateModified":"2023-01-04T18:24:30+00:00","breadcrumb":{"@id":"https:\/\/ds-barranquilla.org\/de\/si-mentimos-no-podemos-hablar-de-etica-y-valores-edison-serje-roget-teologo-universidad-lateranense-de-roma\/#breadcrumb"},"inLanguage":"de","potentialAction":[{"@type":"ReadAction","target":["https:\/\/ds-barranquilla.org\/de\/si-mentimos-no-podemos-hablar-de-etica-y-valores-edison-serje-roget-teologo-universidad-lateranense-de-roma\/"]}]},{"@type":"ImageObject","inLanguage":"de","@id":"https:\/\/ds-barranquilla.org\/de\/si-mentimos-no-podemos-hablar-de-etica-y-valores-edison-serje-roget-teologo-universidad-lateranense-de-roma\/#primaryimage","url":"https:\/\/ds-barranquilla.org\/wp-content\/uploads\/2020\/08\/\u201cSi-mentimos-no-podemos-hablar-de-\u00e9tica-y-valores\u201d-Edison-Serje-Roget-Te\u00f3logo-\u2013-Universidad-Lateranense-de-Roma.jpg","contentUrl":"https:\/\/ds-barranquilla.org\/wp-content\/uploads\/2020\/08\/\u201cSi-mentimos-no-podemos-hablar-de-\u00e9tica-y-valores\u201d-Edison-Serje-Roget-Te\u00f3logo-\u2013-Universidad-Lateranense-de-Roma.jpg","width":563,"height":378},{"@type":"BreadcrumbList","@id":"https:\/\/ds-barranquilla.org\/de\/si-mentimos-no-podemos-hablar-de-etica-y-valores-edison-serje-roget-teologo-universidad-lateranense-de-roma\/#breadcrumb","itemListElement":[{"@type":"ListItem","position":1,"name":"Portada","item":"https:\/\/ds-barranquilla.org\/"},{"@type":"ListItem","position":2,"name":"\u201cSi mentimos no podemos hablar de \u00e9tica y valores\u201d: Edison Serje Roget (Te\u00f3logo \u2013 Universidad Lateranense de Roma)"}]},{"@type":"WebSite","@id":"https:\/\/ds-barranquilla.org\/#website","url":"https:\/\/ds-barranquilla.org\/","name":"Colegio Alem\u00e1n - Los Mejores Colegios de Colombia - Colegio Triling\u00fce","description":"Colegio Alem\u00e1n  Barranquilla Colombia - Colegio Biling\u00fce - Triling\u00fce - El Mejor Colegio de Colombia","publisher":{"@id":"https:\/\/ds-barranquilla.org\/#organization"},"potentialAction":[{"@type":"SearchAction","target":{"@type":"EntryPoint","urlTemplate":"https:\/\/ds-barranquilla.org\/?s={search_term_string}"},"query-input":"required name=search_term_string"}],"inLanguage":"de"},{"@type":"Organization","@id":"https:\/\/ds-barranquilla.org\/#organization","name":"Colegio Alem\u00e1n Barranquilla","url":"https:\/\/ds-barranquilla.org\/","logo":{"@type":"ImageObject","inLanguage":"de","@id":"https:\/\/ds-barranquilla.org\/#\/schema\/logo\/image\/","url":"https:\/\/ds-barranquilla.org\/wp-content\/uploads\/2021\/05\/coleman_logo_2.png","contentUrl":"https:\/\/ds-barranquilla.org\/wp-content\/uploads\/2021\/05\/coleman_logo_2.png","width":418,"height":307,"caption":"Colegio Alem\u00e1n Barranquilla"},"image":{"@id":"https:\/\/ds-barranquilla.org\/#\/schema\/logo\/image\/"},"sameAs":["https:\/\/www.facebook.com\/ColegioAlemanBaq\/","https:\/\/x.com\/ColegioAlemanBq","https:\/\/www.instagram.com\/colegioalemanbaq\/","https:\/\/www.linkedin.com\/school\/deutsche-schule-barranquilla\/","https:\/\/www.youtube.com\/channel\/UCOOGZQCVs6aYRqIWvSN5agQ"]},{"@type":"Person","@id":"https:\/\/ds-barranquilla.org\/#\/schema\/person\/7bf8790ba89d3480e0551241ccdc8d36","name":"Comunicaciones Comunicaciones","image":{"@type":"ImageObject","inLanguage":"de","@id":"https:\/\/ds-barranquilla.org\/#\/schema\/person\/image\/","url":"https:\/\/secure.gravatar.com\/avatar\/a66ba9484a4338d81d6bea750e595038?s=96&d=mm&r=g","contentUrl":"https:\/\/secure.gravatar.com\/avatar\/a66ba9484a4338d81d6bea750e595038?s=96&d=mm&r=g","caption":"Comunicaciones Comunicaciones"}}]}},"_links":{"self":[{"href":"https:\/\/ds-barranquilla.org\/de\/wp-json\/wp\/v2\/posts\/5619"}],"collection":[{"href":"https:\/\/ds-barranquilla.org\/de\/wp-json\/wp\/v2\/posts"}],"about":[{"href":"https:\/\/ds-barranquilla.org\/de\/wp-json\/wp\/v2\/types\/post"}],"author":[{"embeddable":true,"href":"https:\/\/ds-barranquilla.org\/de\/wp-json\/wp\/v2\/users\/16"}],"replies":[{"embeddable":true,"href":"https:\/\/ds-barranquilla.org\/de\/wp-json\/wp\/v2\/comments?post=5619"}],"version-history":[{"count":1,"href":"https:\/\/ds-barranquilla.org\/de\/wp-json\/wp\/v2\/posts\/5619\/revisions"}],"predecessor-version":[{"id":5621,"href":"https:\/\/ds-barranquilla.org\/de\/wp-json\/wp\/v2\/posts\/5619\/revisions\/5621"}],"wp:featuredmedia":[{"embeddable":true,"href":"https:\/\/ds-barranquilla.org\/de\/wp-json\/wp\/v2\/media\/5620"}],"wp:attachment":[{"href":"https:\/\/ds-barranquilla.org\/de\/wp-json\/wp\/v2\/media?parent=5619"}],"wp:term":[{"taxonomy":"category","embeddable":true,"href":"https:\/\/ds-barranquilla.org\/de\/wp-json\/wp\/v2\/categories?post=5619"},{"taxonomy":"post_tag","embeddable":true,"href":"https:\/\/ds-barranquilla.org\/de\/wp-json\/wp\/v2\/tags?post=5619"}],"curies":[{"name":"wp","href":"https:\/\/api.w.org\/{rel}","templated":true}]}}