{"id":5628,"date":"2019-02-28T05:27:15","date_gmt":"2019-02-28T10:27:15","guid":{"rendered":"https:\/\/ds-barranquilla.org\/?p=5628"},"modified":"2023-01-04T13:38:54","modified_gmt":"2023-01-04T18:38:54","slug":"annamaria-pino-emprendedora-por-vocacion","status":"publish","type":"post","link":"https:\/\/ds-barranquilla.org\/de\/annamaria-pino-emprendedora-por-vocacion\/","title":{"rendered":"Annamaria Pino, emprendedora por vocaci\u00f3n"},"content":{"rendered":"<p style=\"text-align: center;\"><b><span data-contrast=\"auto\">Art\u00edculo<\/span><\/b><b><span data-contrast=\"auto\">\u00a0<\/span><\/b><b><span data-contrast=\"auto\">\u2013\u00a0<\/span><\/b><b><span data-contrast=\"auto\">An<\/span><\/b><b><span data-contrast=\"auto\">namaria<\/span><\/b><b><span data-contrast=\"auto\">\u00a0<\/span><\/b><b><span data-contrast=\"auto\">Pino<\/span><\/b><span data-ccp-props=\"{&quot;201341983&quot;:0,&quot;335551550&quot;:2,&quot;335551620&quot;:2,&quot;335559739&quot;:0,&quot;335559740&quot;:240}\">\u00a0<\/span><\/p>\n<p style=\"text-align: center;\"><b><span data-contrast=\"auto\">Oficina de Comunicaciones<\/span><\/b><span data-ccp-props=\"{&quot;201341983&quot;:0,&quot;335551550&quot;:2,&quot;335551620&quot;:2,&quot;335559739&quot;:0,&quot;335559740&quot;:240}\">\u00a0<\/span><\/p>\n<p style=\"text-align: center;\"><b><span data-contrast=\"auto\">Deutsche Schule Barranquilla<\/span><\/b><span data-ccp-props=\"{&quot;201341983&quot;:0,&quot;335551550&quot;:2,&quot;335551620&quot;:2,&quot;335559739&quot;:0,&quot;335559740&quot;:240}\">\u00a0<\/span><\/p>\n<p><span class=\"TextRun SCXW44587436 BCX0\" lang=\"ES-CO\" xml:lang=\"ES-CO\" data-contrast=\"none\"><span class=\"NormalTextRun SCXW44587436 BCX0\">creado<\/span><\/span><span class=\"TextRun SCXW44587436 BCX0\" lang=\"ES-CO\" xml:lang=\"ES-CO\" data-contrast=\"none\"><span class=\"NormalTextRun SCXW44587436 BCX0\">\u00a0por Jos\u00e9 R\u00edos Mercado |\u202f28.02.2019<\/span><\/span><span class=\"EOP SCXW44587436 BCX0\" data-ccp-props=\"{&quot;201341983&quot;:0,&quot;335559739&quot;:160,&quot;335559740&quot;:240}\">\u00a0<\/span><\/p>\n<p><span data-contrast=\"auto\">La primera vez que a nuestra exalumna d<\/span><span data-contrast=\"auto\">e la Promoci\u00f3n\u00a0<\/span><span data-contrast=\"auto\">2004, An<\/span><span data-contrast=\"auto\">namaria<\/span><span data-contrast=\"auto\">\u00a0Pino, le llam\u00f3 la atenci\u00f3n el tema del emprendimiento se remonta a\u00f1os atr\u00e1s cuando cursaba su maestr\u00eda<\/span><span data-contrast=\"auto\">\u00a0<\/span><span data-contrast=\"auto\">en Mercadeo y Creatividad,<\/span><span data-contrast=\"auto\">\u00a0y ten\u00eda que desarrollar un p<\/span><span data-contrast=\"auto\">lan de mercadeo<\/span><span data-contrast=\"auto\">. Durante su visita a una feria de emprendimiento qued\u00f3 impactada con\u00a0<\/span><span data-contrast=\"auto\">el proyecto de\u00a0<\/span><span data-contrast=\"auto\">unos muffins de vegetales y fue as\u00ed como decidi\u00f3 presentarle su\u00a0<\/span><span data-contrast=\"auto\">iniciativa<\/span><span data-contrast=\"auto\">\u00a0al due\u00f1o del negocio.<\/span><span data-ccp-props=\"{&quot;201341983&quot;:0,&quot;335551550&quot;:6,&quot;335551620&quot;:6,&quot;335559739&quot;:0,&quot;335559740&quot;:240}\">\u00a0<\/span><\/p>\n<p><span data-ccp-props=\"{&quot;201341983&quot;:0,&quot;335551550&quot;:6,&quot;335551620&quot;:6,&quot;335559739&quot;:0,&quot;335559740&quot;:240}\">\u00a0<\/span><\/p>\n<p><span data-contrast=\"auto\">\"<\/span><span data-contrast=\"auto\">En un empredimiento las cosas que t\u00fa haces por muy peque\u00f1as que parezcan tienen un gran impacto; eso fue lo que realmente me motiv\u00f3 a enamorarme de esta industria.\u00a0<\/span><span data-contrast=\"auto\">S<\/span><span data-contrast=\"auto\">iguiendo esa l\u00ednea fund\u00e9 junto con otra persona el Genoves Hostal en Cartagena y luego\u00a0<\/span><span data-contrast=\"auto\">me vincul\u00e9 a Aflore, una\u00a0<\/span><span data-contrast=\"auto\">empresa<\/span><span data-contrast=\"auto\">\u00a0que promueve la inclusi\u00f3n financiera<\/span><span data-contrast=\"auto\">\u00a0a trav\u00e9s de la tecnolog\u00eda<\/span><span data-contrast=\"auto\">\u201d,<\/span><span data-contrast=\"auto\">\u00a0expres\u00f3<\/span><span data-contrast=\"auto\">\u00a0<\/span><span data-contrast=\"auto\">la profesional en Finanzas y Relaciones Internacionales.<\/span><span data-ccp-props=\"{&quot;201341983&quot;:0,&quot;335551550&quot;:6,&quot;335551620&quot;:6,&quot;335559739&quot;:0,&quot;335559740&quot;:240}\">\u00a0<\/span><\/p>\n<p><span data-ccp-props=\"{&quot;201341983&quot;:0,&quot;335551550&quot;:6,&quot;335551620&quot;:6,&quot;335559739&quot;:0,&quot;335559740&quot;:240}\">\u00a0<\/span><\/p>\n<p><span data-contrast=\"auto\">An<\/span><span data-contrast=\"auto\">namaria<\/span><span data-contrast=\"auto\">\u00a0Pino indic\u00f3 que\u00a0<\/span><span data-contrast=\"auto\">ambas experiencias, a las que califica como \u201csus dos beb\u00e9s\u201d, son motivo de orgullo tanto a nivel profesional como personal<\/span><span data-contrast=\"auto\">, por cuanto\u00a0<\/span><span data-contrast=\"auto\">hizo parte de su creaci\u00f3n y crecimiento.\u00a0<\/span><span data-contrast=\"auto\">As\u00ed mismo, manifest\u00f3 que la experiencia adquirida en ambos proyectos le ha permitido convertirse en asesora en operaciones de otras entidades como: Corporaci\u00f3n Ventures, Google<\/span><span data-contrast=\"auto\">\u00a0y\u00a0<\/span><span data-contrast=\"auto\">el Programa Mundial de Alimentos<\/span><span data-contrast=\"auto\">.<\/span><span data-ccp-props=\"{&quot;201341983&quot;:0,&quot;335551550&quot;:6,&quot;335551620&quot;:6,&quot;335559739&quot;:0,&quot;335559740&quot;:240}\">\u00a0<\/span><\/p>\n<p><span data-ccp-props=\"{&quot;201341983&quot;:0,&quot;335551550&quot;:6,&quot;335551620&quot;:6,&quot;335559739&quot;:0,&quot;335559740&quot;:240}\">\u00a0<\/span><\/p>\n<p><span data-contrast=\"auto\">\"<\/span><span data-contrast=\"auto\">Mi metas profesionales son las de seguir creando y escalando muchas m\u00e1s empresas que tengan un impacto positivo en la sociedad. De igual forma, quiero continuar apoyando otros emprendimientos a trav\u00e9s de las buenas pr\u00e1cticas, las herramientas y las metodolog\u00edas que he\u00a0<\/span><span data-contrast=\"auto\">creado, sin olvidar las fallas y\u00a0<\/span><span data-contrast=\"auto\">los\u00a0<\/span><span data-contrast=\"auto\">errores cometidos en alg\u00fan momento como emprendedora<\/span><span data-contrast=\"auto\">\u201d,\u00a0<\/span><span data-contrast=\"auto\">precis\u00f3 la profesional en Finanzas y Relaciones Internacionales<\/span><span data-contrast=\"auto\">.<\/span><span data-ccp-props=\"{&quot;201341983&quot;:0,&quot;335551550&quot;:6,&quot;335551620&quot;:6,&quot;335559739&quot;:0,&quot;335559740&quot;:240}\">\u00a0<\/span><\/p>\n<p><span data-ccp-props=\"{&quot;201341983&quot;:0,&quot;335551550&quot;:6,&quot;335551620&quot;:6,&quot;335559739&quot;:0,&quot;335559740&quot;:240}\">\u00a0<\/span><\/p>\n<p><span data-ccp-props=\"{&quot;201341983&quot;:0,&quot;335551550&quot;:6,&quot;335551620&quot;:6,&quot;335559739&quot;:0,&quot;335559740&quot;:240}\">\u00a0<\/span><\/p>\n<p><span data-contrast=\"auto\">An<\/span><span data-contrast=\"auto\">namaria<\/span><span data-contrast=\"auto\">\u00a0Pino<\/span><span data-contrast=\"auto\">\u00a0recuerda como si fuera ayer su paso por el colegio, especialmente por la educaci\u00f3n recibida, puesto que considera que\u00a0<\/span><span data-contrast=\"auto\">sus\u00a0<\/span><span data-contrast=\"auto\">profesores lo hac\u00edan con mucha pasi\u00f3n y cari\u00f1o. El intercambio\u00a0<\/span><span data-contrast=\"auto\">a Alemania<\/span><span data-contrast=\"auto\">\u00a0es otr<\/span><span data-contrast=\"auto\">a<\/span><span data-contrast=\"auto\">\u00a0de l<\/span><span data-contrast=\"auto\">a<\/span><span data-contrast=\"auto\">s imborrables\u00a0<\/span><span data-contrast=\"auto\">experiencias<\/span><span data-contrast=\"auto\">\u00a0<\/span><span data-contrast=\"auto\">que le dej\u00f3 su \u00e9poca como estudiante, porque adem\u00e1s de\u00a0<\/span><span data-contrast=\"auto\">haber sido<\/span><span data-contrast=\"auto\">\u00a0divertida, la catalog\u00f3 como retadora al enfrentar una vida, un colegio, una cultura y un idioma diferente.<\/span><span data-ccp-props=\"{&quot;201341983&quot;:0,&quot;335551550&quot;:6,&quot;335551620&quot;:6,&quot;335559739&quot;:0,&quot;335559740&quot;:240}\">\u00a0<\/span><\/p>","protected":false},"excerpt":{"rendered":"<p>Art\u00edculo\u00a0\u2013\u00a0Annamaria\u00a0Pino\u00a0 Oficina de Comunicaciones\u00a0 Colegio Alem\u00e1n de Barranquilla\u00a0 creado\u00a0por Jos\u00e9 R\u00edos Mercado |\u202f28.02.2019\u00a0 La primera vez que a nuestra exalumna de la Promoci\u00f3n\u00a02004, Annamaria\u00a0Pino, le llam\u00f3<span class=\"excerpt-hellip\"> [\u2026]<\/span><\/p>","protected":false},"author":16,"featured_media":5629,"comment_status":"open","ping_status":"open","sticky":false,"template":"","format":"standard","meta":{"_exactmetrics_skip_tracking":false,"_exactmetrics_sitenote_active":false,"_exactmetrics_sitenote_note":"","_exactmetrics_sitenote_category":0,"_joinchat":[],"footnotes":""},"categories":[679,684],"tags":[712],"class_list":["post-5628","post","type-post","status-publish","format-standard","has-post-thumbnail","hentry","category-679","category-alumni","tag-entrevista"],"yoast_head":"<!-- This site is optimized with the Yoast SEO plugin v23.3 - https:\/\/yoast.com\/wordpress\/plugins\/seo\/ -->\n<title>Annamaria Pino, emprendedora por vocaci\u00f3n - 2026<\/title>\n<meta name=\"robots\" content=\"noindex, follow, max-snippet:-1, max-image-preview:large, max-video-preview:-1\" \/>\n<meta property=\"og:locale\" content=\"de_DE\" \/>\n<meta property=\"og:type\" content=\"article\" \/>\n<meta property=\"og:title\" content=\"Annamaria Pino, emprendedora por vocaci\u00f3n - 2026\" \/>\n<meta property=\"og:description\" content=\"Art\u00edculo\u00a0\u2013\u00a0Annamaria\u00a0Pino\u00a0 Oficina de Comunicaciones\u00a0 Colegio Alem\u00e1n de Barranquilla\u00a0 creado\u00a0por Jos\u00e9 R\u00edos Mercado |\u202f28.02.2019\u00a0 La primera vez que a nuestra exalumna de la Promoci\u00f3n\u00a02004, Annamaria\u00a0Pino, le llam\u00f3 [\u2026]\" \/>\n<meta property=\"og:url\" content=\"https:\/\/ds-barranquilla.org\/de\/annamaria-pino-emprendedora-por-vocacion\/\" \/>\n<meta property=\"og:site_name\" content=\"Colegio Alem\u00e1n - Los Mejores Colegios de Colombia - Colegio Triling\u00fce\" \/>\n<meta property=\"article:publisher\" content=\"https:\/\/www.facebook.com\/ColegioAlemanBaq\/\" \/>\n<meta property=\"article:published_time\" content=\"2019-02-28T10:27:15+00:00\" \/>\n<meta property=\"article:modified_time\" content=\"2023-01-04T18:38:54+00:00\" \/>\n<meta property=\"og:image\" content=\"https:\/\/ds-barranquilla.org\/wp-content\/uploads\/2020\/08\/Annamaria-Pino-emprendedora-por-vocaci\u00f3n.jpg\" \/>\n\t<meta property=\"og:image:width\" content=\"498\" \/>\n\t<meta property=\"og:image:height\" content=\"260\" \/>\n\t<meta property=\"og:image:type\" content=\"image\/jpeg\" \/>\n<meta name=\"author\" content=\"Comunicaciones Comunicaciones\" \/>\n<meta name=\"twitter:card\" content=\"summary_large_image\" \/>\n<meta name=\"twitter:creator\" content=\"@ColegioAlemanBq\" \/>\n<meta name=\"twitter:site\" content=\"@ColegioAlemanBq\" \/>\n<meta name=\"twitter:label1\" content=\"Verfasst von\" \/>\n\t<meta name=\"twitter:data1\" content=\"Comunicaciones Comunicaciones\" \/>\n\t<meta name=\"twitter:label2\" content=\"Gesch\u00e4tzte Lesezeit\" \/>\n\t<meta name=\"twitter:data2\" content=\"2\u00a0Minuten\" \/>\n<script type=\"application\/ld+json\" class=\"yoast-schema-graph\">{\"@context\":\"https:\/\/schema.org\",\"@graph\":[{\"@type\":\"Article\",\"@id\":\"https:\/\/ds-barranquilla.org\/de\/annamaria-pino-emprendedora-por-vocacion\/#article\",\"isPartOf\":{\"@id\":\"https:\/\/ds-barranquilla.org\/de\/annamaria-pino-emprendedora-por-vocacion\/\"},\"author\":{\"name\":\"Comunicaciones Comunicaciones\",\"@id\":\"https:\/\/ds-barranquilla.org\/#\/schema\/person\/7bf8790ba89d3480e0551241ccdc8d36\"},\"headline\":\"Annamaria Pino, emprendedora por vocaci\u00f3n\",\"datePublished\":\"2019-02-28T10:27:15+00:00\",\"dateModified\":\"2023-01-04T18:38:54+00:00\",\"mainEntityOfPage\":{\"@id\":\"https:\/\/ds-barranquilla.org\/de\/annamaria-pino-emprendedora-por-vocacion\/\"},\"wordCount\":394,\"commentCount\":0,\"publisher\":{\"@id\":\"https:\/\/ds-barranquilla.org\/#organization\"},\"image\":{\"@id\":\"https:\/\/ds-barranquilla.org\/de\/annamaria-pino-emprendedora-por-vocacion\/#primaryimage\"},\"thumbnailUrl\":\"https:\/\/ds-barranquilla.org\/wp-content\/uploads\/2020\/08\/Annamaria-Pino-emprendedora-por-vocaci\u00f3n.jpg\",\"keywords\":[\"Entrevista\"],\"articleSection\":[\"2019\",\"Alumni\"],\"inLanguage\":\"de\",\"potentialAction\":[{\"@type\":\"CommentAction\",\"name\":\"Comment\",\"target\":[\"https:\/\/ds-barranquilla.org\/de\/annamaria-pino-emprendedora-por-vocacion\/#respond\"]}]},{\"@type\":\"WebPage\",\"@id\":\"https:\/\/ds-barranquilla.org\/de\/annamaria-pino-emprendedora-por-vocacion\/\",\"url\":\"https:\/\/ds-barranquilla.org\/de\/annamaria-pino-emprendedora-por-vocacion\/\",\"name\":\"Annamaria Pino, emprendedora por vocaci\u00f3n - 2026\",\"isPartOf\":{\"@id\":\"https:\/\/ds-barranquilla.org\/#website\"},\"primaryImageOfPage\":{\"@id\":\"https:\/\/ds-barranquilla.org\/de\/annamaria-pino-emprendedora-por-vocacion\/#primaryimage\"},\"image\":{\"@id\":\"https:\/\/ds-barranquilla.org\/de\/annamaria-pino-emprendedora-por-vocacion\/#primaryimage\"},\"thumbnailUrl\":\"https:\/\/ds-barranquilla.org\/wp-content\/uploads\/2020\/08\/Annamaria-Pino-emprendedora-por-vocaci\u00f3n.jpg\",\"datePublished\":\"2019-02-28T10:27:15+00:00\",\"dateModified\":\"2023-01-04T18:38:54+00:00\",\"breadcrumb\":{\"@id\":\"https:\/\/ds-barranquilla.org\/de\/annamaria-pino-emprendedora-por-vocacion\/#breadcrumb\"},\"inLanguage\":\"de\",\"potentialAction\":[{\"@type\":\"ReadAction\",\"target\":[\"https:\/\/ds-barranquilla.org\/de\/annamaria-pino-emprendedora-por-vocacion\/\"]}]},{\"@type\":\"ImageObject\",\"inLanguage\":\"de\",\"@id\":\"https:\/\/ds-barranquilla.org\/de\/annamaria-pino-emprendedora-por-vocacion\/#primaryimage\",\"url\":\"https:\/\/ds-barranquilla.org\/wp-content\/uploads\/2020\/08\/Annamaria-Pino-emprendedora-por-vocaci\u00f3n.jpg\",\"contentUrl\":\"https:\/\/ds-barranquilla.org\/wp-content\/uploads\/2020\/08\/Annamaria-Pino-emprendedora-por-vocaci\u00f3n.jpg\",\"width\":498,\"height\":260},{\"@type\":\"BreadcrumbList\",\"@id\":\"https:\/\/ds-barranquilla.org\/de\/annamaria-pino-emprendedora-por-vocacion\/#breadcrumb\",\"itemListElement\":[{\"@type\":\"ListItem\",\"position\":1,\"name\":\"Portada\",\"item\":\"https:\/\/ds-barranquilla.org\/\"},{\"@type\":\"ListItem\",\"position\":2,\"name\":\"Annamaria Pino, emprendedora por vocaci\u00f3n\"}]},{\"@type\":\"WebSite\",\"@id\":\"https:\/\/ds-barranquilla.org\/#website\",\"url\":\"https:\/\/ds-barranquilla.org\/\",\"name\":\"Colegio Alem\u00e1n - Los Mejores Colegios de Colombia - Colegio Triling\u00fce\",\"description\":\"Colegio Alem\u00e1n  Barranquilla Colombia - Colegio Biling\u00fce - Triling\u00fce - El Mejor Colegio de Colombia\",\"publisher\":{\"@id\":\"https:\/\/ds-barranquilla.org\/#organization\"},\"potentialAction\":[{\"@type\":\"SearchAction\",\"target\":{\"@type\":\"EntryPoint\",\"urlTemplate\":\"https:\/\/ds-barranquilla.org\/?s={search_term_string}\"},\"query-input\":\"required name=search_term_string\"}],\"inLanguage\":\"de\"},{\"@type\":\"Organization\",\"@id\":\"https:\/\/ds-barranquilla.org\/#organization\",\"name\":\"Colegio Alem\u00e1n Barranquilla\",\"url\":\"https:\/\/ds-barranquilla.org\/\",\"logo\":{\"@type\":\"ImageObject\",\"inLanguage\":\"de\",\"@id\":\"https:\/\/ds-barranquilla.org\/#\/schema\/logo\/image\/\",\"url\":\"https:\/\/ds-barranquilla.org\/wp-content\/uploads\/2021\/05\/coleman_logo_2.png\",\"contentUrl\":\"https:\/\/ds-barranquilla.org\/wp-content\/uploads\/2021\/05\/coleman_logo_2.png\",\"width\":418,\"height\":307,\"caption\":\"Colegio Alem\u00e1n Barranquilla\"},\"image\":{\"@id\":\"https:\/\/ds-barranquilla.org\/#\/schema\/logo\/image\/\"},\"sameAs\":[\"https:\/\/www.facebook.com\/ColegioAlemanBaq\/\",\"https:\/\/x.com\/ColegioAlemanBq\",\"https:\/\/www.instagram.com\/colegioalemanbaq\/\",\"https:\/\/www.linkedin.com\/school\/deutsche-schule-barranquilla\/\",\"https:\/\/www.youtube.com\/channel\/UCOOGZQCVs6aYRqIWvSN5agQ\"]},{\"@type\":\"Person\",\"@id\":\"https:\/\/ds-barranquilla.org\/#\/schema\/person\/7bf8790ba89d3480e0551241ccdc8d36\",\"name\":\"Comunicaciones Comunicaciones\",\"image\":{\"@type\":\"ImageObject\",\"inLanguage\":\"de\",\"@id\":\"https:\/\/ds-barranquilla.org\/#\/schema\/person\/image\/\",\"url\":\"https:\/\/secure.gravatar.com\/avatar\/a66ba9484a4338d81d6bea750e595038?s=96&d=mm&r=g\",\"contentUrl\":\"https:\/\/secure.gravatar.com\/avatar\/a66ba9484a4338d81d6bea750e595038?s=96&d=mm&r=g\",\"caption\":\"Comunicaciones Comunicaciones\"}}]}<\/script>\n<!-- \/ Yoast SEO plugin. -->","yoast_head_json":{"title":"Annamaria Pino, emprendedora por vocaci\u00f3n - 2026","robots":{"index":"noindex","follow":"follow","max-snippet":"max-snippet:-1","max-image-preview":"max-image-preview:large","max-video-preview":"max-video-preview:-1"},"og_locale":"de_DE","og_type":"article","og_title":"Annamaria Pino, emprendedora por vocaci\u00f3n - 2026","og_description":"Art\u00edculo\u00a0\u2013\u00a0Annamaria\u00a0Pino\u00a0 Oficina de Comunicaciones\u00a0 Colegio Alem\u00e1n de Barranquilla\u00a0 creado\u00a0por Jos\u00e9 R\u00edos Mercado |\u202f28.02.2019\u00a0 La primera vez que a nuestra exalumna de la Promoci\u00f3n\u00a02004, Annamaria\u00a0Pino, le llam\u00f3 [\u2026]","og_url":"https:\/\/ds-barranquilla.org\/de\/annamaria-pino-emprendedora-por-vocacion\/","og_site_name":"Colegio Alem\u00e1n - Los Mejores Colegios de Colombia - Colegio Triling\u00fce","article_publisher":"https:\/\/www.facebook.com\/ColegioAlemanBaq\/","article_published_time":"2019-02-28T10:27:15+00:00","article_modified_time":"2023-01-04T18:38:54+00:00","og_image":[{"width":498,"height":260,"url":"https:\/\/ds-barranquilla.org\/wp-content\/uploads\/2020\/08\/Annamaria-Pino-emprendedora-por-vocaci\u00f3n.jpg","type":"image\/jpeg"}],"author":"Comunicaciones Comunicaciones","twitter_card":"summary_large_image","twitter_creator":"@ColegioAlemanBq","twitter_site":"@ColegioAlemanBq","twitter_misc":{"Verfasst von":"Comunicaciones Comunicaciones","Gesch\u00e4tzte Lesezeit":"2\u00a0Minuten"},"schema":{"@context":"https:\/\/schema.org","@graph":[{"@type":"Article","@id":"https:\/\/ds-barranquilla.org\/de\/annamaria-pino-emprendedora-por-vocacion\/#article","isPartOf":{"@id":"https:\/\/ds-barranquilla.org\/de\/annamaria-pino-emprendedora-por-vocacion\/"},"author":{"name":"Comunicaciones Comunicaciones","@id":"https:\/\/ds-barranquilla.org\/#\/schema\/person\/7bf8790ba89d3480e0551241ccdc8d36"},"headline":"Annamaria Pino, emprendedora por vocaci\u00f3n","datePublished":"2019-02-28T10:27:15+00:00","dateModified":"2023-01-04T18:38:54+00:00","mainEntityOfPage":{"@id":"https:\/\/ds-barranquilla.org\/de\/annamaria-pino-emprendedora-por-vocacion\/"},"wordCount":394,"commentCount":0,"publisher":{"@id":"https:\/\/ds-barranquilla.org\/#organization"},"image":{"@id":"https:\/\/ds-barranquilla.org\/de\/annamaria-pino-emprendedora-por-vocacion\/#primaryimage"},"thumbnailUrl":"https:\/\/ds-barranquilla.org\/wp-content\/uploads\/2020\/08\/Annamaria-Pino-emprendedora-por-vocaci\u00f3n.jpg","keywords":["Entrevista"],"articleSection":["2019","Alumni"],"inLanguage":"de","potentialAction":[{"@type":"CommentAction","name":"Comment","target":["https:\/\/ds-barranquilla.org\/de\/annamaria-pino-emprendedora-por-vocacion\/#respond"]}]},{"@type":"WebPage","@id":"https:\/\/ds-barranquilla.org\/de\/annamaria-pino-emprendedora-por-vocacion\/","url":"https:\/\/ds-barranquilla.org\/de\/annamaria-pino-emprendedora-por-vocacion\/","name":"Annamaria Pino, emprendedora por vocaci\u00f3n - 2026","isPartOf":{"@id":"https:\/\/ds-barranquilla.org\/#website"},"primaryImageOfPage":{"@id":"https:\/\/ds-barranquilla.org\/de\/annamaria-pino-emprendedora-por-vocacion\/#primaryimage"},"image":{"@id":"https:\/\/ds-barranquilla.org\/de\/annamaria-pino-emprendedora-por-vocacion\/#primaryimage"},"thumbnailUrl":"https:\/\/ds-barranquilla.org\/wp-content\/uploads\/2020\/08\/Annamaria-Pino-emprendedora-por-vocaci\u00f3n.jpg","datePublished":"2019-02-28T10:27:15+00:00","dateModified":"2023-01-04T18:38:54+00:00","breadcrumb":{"@id":"https:\/\/ds-barranquilla.org\/de\/annamaria-pino-emprendedora-por-vocacion\/#breadcrumb"},"inLanguage":"de","potentialAction":[{"@type":"ReadAction","target":["https:\/\/ds-barranquilla.org\/de\/annamaria-pino-emprendedora-por-vocacion\/"]}]},{"@type":"ImageObject","inLanguage":"de","@id":"https:\/\/ds-barranquilla.org\/de\/annamaria-pino-emprendedora-por-vocacion\/#primaryimage","url":"https:\/\/ds-barranquilla.org\/wp-content\/uploads\/2020\/08\/Annamaria-Pino-emprendedora-por-vocaci\u00f3n.jpg","contentUrl":"https:\/\/ds-barranquilla.org\/wp-content\/uploads\/2020\/08\/Annamaria-Pino-emprendedora-por-vocaci\u00f3n.jpg","width":498,"height":260},{"@type":"BreadcrumbList","@id":"https:\/\/ds-barranquilla.org\/de\/annamaria-pino-emprendedora-por-vocacion\/#breadcrumb","itemListElement":[{"@type":"ListItem","position":1,"name":"Portada","item":"https:\/\/ds-barranquilla.org\/"},{"@type":"ListItem","position":2,"name":"Annamaria Pino, emprendedora por vocaci\u00f3n"}]},{"@type":"WebSite","@id":"https:\/\/ds-barranquilla.org\/#website","url":"https:\/\/ds-barranquilla.org\/","name":"Colegio Alem\u00e1n - Los Mejores Colegios de Colombia - Colegio Triling\u00fce","description":"Colegio Alem\u00e1n  Barranquilla Colombia - Colegio Biling\u00fce - Triling\u00fce - El Mejor Colegio de Colombia","publisher":{"@id":"https:\/\/ds-barranquilla.org\/#organization"},"potentialAction":[{"@type":"SearchAction","target":{"@type":"EntryPoint","urlTemplate":"https:\/\/ds-barranquilla.org\/?s={search_term_string}"},"query-input":"required name=search_term_string"}],"inLanguage":"de"},{"@type":"Organization","@id":"https:\/\/ds-barranquilla.org\/#organization","name":"Colegio Alem\u00e1n Barranquilla","url":"https:\/\/ds-barranquilla.org\/","logo":{"@type":"ImageObject","inLanguage":"de","@id":"https:\/\/ds-barranquilla.org\/#\/schema\/logo\/image\/","url":"https:\/\/ds-barranquilla.org\/wp-content\/uploads\/2021\/05\/coleman_logo_2.png","contentUrl":"https:\/\/ds-barranquilla.org\/wp-content\/uploads\/2021\/05\/coleman_logo_2.png","width":418,"height":307,"caption":"Colegio Alem\u00e1n Barranquilla"},"image":{"@id":"https:\/\/ds-barranquilla.org\/#\/schema\/logo\/image\/"},"sameAs":["https:\/\/www.facebook.com\/ColegioAlemanBaq\/","https:\/\/x.com\/ColegioAlemanBq","https:\/\/www.instagram.com\/colegioalemanbaq\/","https:\/\/www.linkedin.com\/school\/deutsche-schule-barranquilla\/","https:\/\/www.youtube.com\/channel\/UCOOGZQCVs6aYRqIWvSN5agQ"]},{"@type":"Person","@id":"https:\/\/ds-barranquilla.org\/#\/schema\/person\/7bf8790ba89d3480e0551241ccdc8d36","name":"Comunicaciones Comunicaciones","image":{"@type":"ImageObject","inLanguage":"de","@id":"https:\/\/ds-barranquilla.org\/#\/schema\/person\/image\/","url":"https:\/\/secure.gravatar.com\/avatar\/a66ba9484a4338d81d6bea750e595038?s=96&d=mm&r=g","contentUrl":"https:\/\/secure.gravatar.com\/avatar\/a66ba9484a4338d81d6bea750e595038?s=96&d=mm&r=g","caption":"Comunicaciones Comunicaciones"}}]}},"_links":{"self":[{"href":"https:\/\/ds-barranquilla.org\/de\/wp-json\/wp\/v2\/posts\/5628"}],"collection":[{"href":"https:\/\/ds-barranquilla.org\/de\/wp-json\/wp\/v2\/posts"}],"about":[{"href":"https:\/\/ds-barranquilla.org\/de\/wp-json\/wp\/v2\/types\/post"}],"author":[{"embeddable":true,"href":"https:\/\/ds-barranquilla.org\/de\/wp-json\/wp\/v2\/users\/16"}],"replies":[{"embeddable":true,"href":"https:\/\/ds-barranquilla.org\/de\/wp-json\/wp\/v2\/comments?post=5628"}],"version-history":[{"count":1,"href":"https:\/\/ds-barranquilla.org\/de\/wp-json\/wp\/v2\/posts\/5628\/revisions"}],"predecessor-version":[{"id":5630,"href":"https:\/\/ds-barranquilla.org\/de\/wp-json\/wp\/v2\/posts\/5628\/revisions\/5630"}],"wp:featuredmedia":[{"embeddable":true,"href":"https:\/\/ds-barranquilla.org\/de\/wp-json\/wp\/v2\/media\/5629"}],"wp:attachment":[{"href":"https:\/\/ds-barranquilla.org\/de\/wp-json\/wp\/v2\/media?parent=5628"}],"wp:term":[{"taxonomy":"category","embeddable":true,"href":"https:\/\/ds-barranquilla.org\/de\/wp-json\/wp\/v2\/categories?post=5628"},{"taxonomy":"post_tag","embeddable":true,"href":"https:\/\/ds-barranquilla.org\/de\/wp-json\/wp\/v2\/tags?post=5628"}],"curies":[{"name":"wp","href":"https:\/\/api.w.org\/{rel}","templated":true}]}}