{"id":5631,"date":"2019-02-28T05:31:27","date_gmt":"2019-02-28T10:31:27","guid":{"rendered":"https:\/\/ds-barranquilla.org\/?p=5631"},"modified":"2022-12-07T11:43:44","modified_gmt":"2022-12-07T16:43:44","slug":"el-club-de-lectura-para-padres-de-familia-arranco-en-su-version-2019","status":"publish","type":"post","link":"https:\/\/ds-barranquilla.org\/de\/el-club-de-lectura-para-padres-de-familia-arranco-en-su-version-2019\/","title":{"rendered":"El Club de Lectura para Padres de Familia arranc\u00f3 en su versi\u00f3n 2019"},"content":{"rendered":"<p style=\"text-align: center;\"><b><span data-contrast=\"auto\">Art\u00edculo<\/span><\/b><b><span data-contrast=\"auto\">\u00a0<\/span><\/b><b><span data-contrast=\"auto\">\u2013\u00a0<\/span><\/b><b><span data-contrast=\"auto\">Leseclub<\/span><\/b><span data-ccp-props=\"{&quot;201341983&quot;:0,&quot;335551550&quot;:2,&quot;335551620&quot;:2,&quot;335559739&quot;:0,&quot;335559740&quot;:240}\">\u00a0<\/span><\/p>\n<p style=\"text-align: center;\"><b><span data-contrast=\"auto\">Oficina de Comunicaciones<\/span><\/b><span data-ccp-props=\"{&quot;201341983&quot;:0,&quot;335551550&quot;:2,&quot;335551620&quot;:2,&quot;335559739&quot;:0,&quot;335559740&quot;:240}\">\u00a0<\/span><\/p>\n<p style=\"text-align: center;\"><b><span data-contrast=\"auto\">Deutsche Schule Barranquilla<\/span><\/b><span data-ccp-props=\"{&quot;201341983&quot;:0,&quot;335551550&quot;:2,&quot;335551620&quot;:2,&quot;335559739&quot;:0,&quot;335559740&quot;:240}\">\u00a0<\/span><\/p>\n<p><span data-contrast=\"auto\">Un grupo de\u00a0<\/span><span data-contrast=\"auto\">padres de familia llegaron puntualmente\u00a0<\/span><span data-contrast=\"auto\">a la biblioteca de nuestro colegio para cumplir su cita con el\u00a0<\/span><span data-contrast=\"auto\">Leseclub<\/span><span data-contrast=\"auto\">. En esta\u00a0<\/span><span data-contrast=\"auto\">oportunidad los asistentes analizaron el libro \u2018El\u00a0<\/span><span data-contrast=\"auto\">T<\/span><span data-contrast=\"auto\">iempo entre\u00a0<\/span><span data-contrast=\"auto\">C<\/span><span data-contrast=\"auto\">osturas\u2019 de la escritora espa\u00f1ola Mar\u00eda Due\u00f1as.<\/span><span data-ccp-props=\"{&quot;201341983&quot;:0,&quot;335551550&quot;:6,&quot;335551620&quot;:6,&quot;335559739&quot;:0,&quot;335559740&quot;:240}\">\u00a0<\/span><\/p>\n<p><span data-ccp-props=\"{&quot;201341983&quot;:0,&quot;335551550&quot;:6,&quot;335551620&quot;:6,&quot;335559739&quot;:0,&quot;335559740&quot;:240}\">\u00a0<\/span><\/p>\n<p><span data-contrast=\"auto\">\"<\/span><span data-contrast=\"auto\">Con\u00a0<\/span><span data-contrast=\"auto\">la actividad<\/span><span data-contrast=\"auto\">\u00a0arrancamos el a\u00f1o pasado y este espacio nos ha permitido encontrarnos con los padres de familia<\/span><span data-contrast=\"auto\">\u00a0para hablar de\u00a0<\/span><span data-contrast=\"auto\">libros<\/span><span data-contrast=\"auto\">. Esa conversaci\u00f3n fluye\u00a0<\/span><span data-contrast=\"auto\">alrededor de\u00a0<\/span><span data-contrast=\"auto\">todos los temas\u00a0<\/span><span data-contrast=\"auto\">abordados por el autor<\/span><span data-contrast=\"auto\">\u00a0<\/span><span data-contrast=\"auto\">constituy\u00e9ndose en una experiencia maravillosa<\/span><span data-contrast=\"auto\">\u201d,\u00a0<\/span><span data-contrast=\"auto\">expres\u00f3<\/span><span data-contrast=\"auto\">\u00a0<\/span><span data-contrast=\"auto\">Luz Estela Fajardo, promotora de lectura.<\/span><span data-ccp-props=\"{&quot;201341983&quot;:0,&quot;335551550&quot;:6,&quot;335551620&quot;:6,&quot;335559739&quot;:0,&quot;335559740&quot;:240}\">\u00a0<\/span><\/p>\n<p><span data-ccp-props=\"{&quot;201341983&quot;:0,&quot;335551550&quot;:6,&quot;335551620&quot;:6,&quot;335559739&quot;:0,&quot;335559740&quot;:240}\">\u00a0<\/span><\/p>\n<p><span data-contrast=\"auto\">Luz Estela Fajardo indic\u00f3 que las obras que\u00a0<\/span><span data-contrast=\"auto\">han\u00a0<\/span><span data-contrast=\"auto\">analiza<\/span><span data-contrast=\"auto\">do hasta el momento son:<\/span><span data-contrast=\"auto\">\u00a0\u2018En\u00a0<\/span><span data-contrast=\"auto\">D<\/span><span data-contrast=\"auto\">iciembre llegaban las\u00a0<\/span><span data-contrast=\"auto\">B<\/span><span data-contrast=\"auto\">risas\u2019 de Marvel Moreno,<\/span><span data-contrast=\"auto\">\u00a0\u2018Madres del\u00a0<\/span><span data-contrast=\"auto\">T<\/span><span data-contrast=\"auto\">ri\u00e1ngulo rosa\u2019 de Claudia Martelo, y \u2018La\u00a0<\/span><span data-contrast=\"auto\">N<\/span><span data-contrast=\"auto\">i\u00f1a alemana\u2019 de Armando Correa.<\/span><span data-contrast=\"auto\">\u00a0As\u00ed mismo<\/span><span data-contrast=\"auto\">,<\/span><span data-contrast=\"auto\">\u00a0precis\u00f3 que los encuentros cada vez son m\u00e1s largos por cuanto cada vez\u00a0<\/span><span data-contrast=\"auto\">hay\u00a0<\/span><span data-contrast=\"auto\">m\u00e1s de qu\u00e9 conversar.<\/span><span data-ccp-props=\"{&quot;201341983&quot;:0,&quot;335551550&quot;:6,&quot;335551620&quot;:6,&quot;335559739&quot;:0,&quot;335559740&quot;:240}\">\u00a0<\/span><\/p>\n<p><span data-ccp-props=\"{&quot;201341983&quot;:0,&quot;335551550&quot;:6,&quot;335551620&quot;:6,&quot;335559739&quot;:0,&quot;335559740&quot;:240}\">\u00a0<\/span><\/p>\n<p><span data-contrast=\"auto\">\u201cEs\u00a0<\/span><span data-contrast=\"auto\">de las oportunidades m\u00e1s bonitas que nos brinda el colegio para tener un espacio con la academia y la cultura, pero tambi\u00e9n para compartir con otros padres\u00a0<\/span><span data-contrast=\"auto\">a trav\u00e9s de la lectura<\/span><span data-contrast=\"auto\">.<\/span><span data-contrast=\"auto\">\u00a0Los aprendizajes son muchos porque cuando te enfrentas a un texto<\/span><span data-contrast=\"auto\">,<\/span><span data-contrast=\"auto\">\u00a0adem\u00e1s de hacer una revisi\u00f3n literaria<\/span><span data-contrast=\"auto\">,<\/span><span data-contrast=\"auto\">\u00a0tambi\u00e9n tienes la posibilidad de compartir puntos de vista\u201d,<\/span><span data-contrast=\"auto\">\u00a0<\/span><span data-contrast=\"auto\">manifest\u00f3 Adela Su\u00e1rez, madre de familia de nuestro colegio.<\/span><span data-ccp-props=\"{&quot;201341983&quot;:0,&quot;335551550&quot;:6,&quot;335551620&quot;:6,&quot;335559739&quot;:0,&quot;335559740&quot;:240}\">\u00a0<\/span><\/p>\n<p><span data-ccp-props=\"{&quot;201341983&quot;:0,&quot;335551550&quot;:6,&quot;335551620&quot;:6,&quot;335559739&quot;:0,&quot;335559740&quot;:240}\">\u00a0<\/span><\/p>\n<p><span data-contrast=\"auto\">La pr\u00f3xima obra que va a analizar el Club de Lectura es \u2018La\u00a0<\/span><span data-contrast=\"auto\">L<\/span><span data-contrast=\"auto\">uz dif\u00edcil\u2019 del escritor colombiano Tom\u00e1s Gonz\u00e1lez.<\/span><span data-ccp-props=\"{&quot;201341983&quot;:0,&quot;335551550&quot;:6,&quot;335551620&quot;:6,&quot;335559739&quot;:0,&quot;335559740&quot;:240}\">\u00a0<\/span><\/p>\n<p><span data-ccp-props=\"{&quot;201341983&quot;:0,&quot;335551550&quot;:6,&quot;335551620&quot;:6,&quot;335559739&quot;:0,&quot;335559740&quot;:240}\">\u00a0<\/span><\/p>","protected":false},"excerpt":{"rendered":"<p>Art\u00edculo\u00a0\u2013\u00a0Club de Lectura\u00a0 Oficina de Comunicaciones\u00a0 Colegio Alem\u00e1n de Barranquilla\u00a0 Un grupo de\u00a0padres de familia llegaron puntualmente\u00a0a la biblioteca de nuestro colegio para cumplir su cita<span class=\"excerpt-hellip\"> [\u2026]<\/span><\/p>","protected":false},"author":16,"featured_media":5632,"comment_status":"open","ping_status":"open","sticky":false,"template":"","format":"standard","meta":{"_exactmetrics_skip_tracking":false,"_exactmetrics_sitenote_active":false,"_exactmetrics_sitenote_note":"","_exactmetrics_sitenote_category":0,"_joinchat":[],"footnotes":""},"categories":[679,695],"tags":[468,473,486],"class_list":["post-5631","post","type-post","status-publish","format-standard","has-post-thumbnail","hentry","category-679","category-biblioteca","tag-468","tag-biblioteca","tag-lengua-y-literatura"],"yoast_head":"<!-- This site is optimized with the Yoast SEO plugin v23.3 - https:\/\/yoast.com\/wordpress\/plugins\/seo\/ -->\n<title>El Club de Lectura para Padres de Familia arranc\u00f3 en su versi\u00f3n 2019 - 2026<\/title>\n<meta name=\"robots\" content=\"noindex, follow, max-snippet:-1, max-image-preview:large, max-video-preview:-1\" \/>\n<meta property=\"og:locale\" content=\"de_DE\" \/>\n<meta property=\"og:type\" content=\"article\" \/>\n<meta property=\"og:title\" content=\"El Club de Lectura para Padres de Familia arranc\u00f3 en su versi\u00f3n 2019 - 2026\" \/>\n<meta property=\"og:description\" content=\"Art\u00edculo\u00a0\u2013\u00a0Club de Lectura\u00a0 Oficina de Comunicaciones\u00a0 Colegio Alem\u00e1n de Barranquilla\u00a0 Un grupo de\u00a0padres de familia llegaron puntualmente\u00a0a la biblioteca de nuestro colegio para cumplir su cita [\u2026]\" \/>\n<meta property=\"og:url\" content=\"https:\/\/ds-barranquilla.org\/de\/el-club-de-lectura-para-padres-de-familia-arranco-en-su-version-2019\/\" \/>\n<meta property=\"og:site_name\" content=\"Colegio Alem\u00e1n - Los Mejores Colegios de Colombia - Colegio Triling\u00fce\" \/>\n<meta property=\"article:publisher\" content=\"https:\/\/www.facebook.com\/ColegioAlemanBaq\/\" \/>\n<meta property=\"article:published_time\" content=\"2019-02-28T10:31:27+00:00\" \/>\n<meta property=\"article:modified_time\" content=\"2022-12-07T16:43:44+00:00\" \/>\n<meta property=\"og:image\" content=\"https:\/\/ds-barranquilla.org\/wp-content\/uploads\/2020\/08\/El-Club-de-Lectura-para-Padres-de-Familia-arranc\u00f3-en-su-versi\u00f3n-2019.jpg\" \/>\n\t<meta property=\"og:image:width\" content=\"543\" \/>\n\t<meta property=\"og:image:height\" content=\"315\" \/>\n\t<meta property=\"og:image:type\" content=\"image\/jpeg\" \/>\n<meta name=\"author\" content=\"Comunicaciones Comunicaciones\" \/>\n<meta name=\"twitter:card\" content=\"summary_large_image\" \/>\n<meta name=\"twitter:creator\" content=\"@ColegioAlemanBq\" \/>\n<meta name=\"twitter:site\" content=\"@ColegioAlemanBq\" \/>\n<meta name=\"twitter:label1\" content=\"Verfasst von\" \/>\n\t<meta name=\"twitter:data1\" content=\"Comunicaciones Comunicaciones\" \/>\n\t<meta name=\"twitter:label2\" content=\"Gesch\u00e4tzte Lesezeit\" \/>\n\t<meta name=\"twitter:data2\" content=\"1\u00a0Minute\" \/>\n<script type=\"application\/ld+json\" class=\"yoast-schema-graph\">{\"@context\":\"https:\/\/schema.org\",\"@graph\":[{\"@type\":\"Article\",\"@id\":\"https:\/\/ds-barranquilla.org\/de\/el-club-de-lectura-para-padres-de-familia-arranco-en-su-version-2019\/#article\",\"isPartOf\":{\"@id\":\"https:\/\/ds-barranquilla.org\/de\/el-club-de-lectura-para-padres-de-familia-arranco-en-su-version-2019\/\"},\"author\":{\"name\":\"Comunicaciones Comunicaciones\",\"@id\":\"https:\/\/ds-barranquilla.org\/#\/schema\/person\/7bf8790ba89d3480e0551241ccdc8d36\"},\"headline\":\"El Club de Lectura para Padres de Familia arranc\u00f3 en su versi\u00f3n 2019\",\"datePublished\":\"2019-02-28T10:31:27+00:00\",\"dateModified\":\"2022-12-07T16:43:44+00:00\",\"mainEntityOfPage\":{\"@id\":\"https:\/\/ds-barranquilla.org\/de\/el-club-de-lectura-para-padres-de-familia-arranco-en-su-version-2019\/\"},\"wordCount\":287,\"commentCount\":0,\"publisher\":{\"@id\":\"https:\/\/ds-barranquilla.org\/#organization\"},\"image\":{\"@id\":\"https:\/\/ds-barranquilla.org\/de\/el-club-de-lectura-para-padres-de-familia-arranco-en-su-version-2019\/#primaryimage\"},\"thumbnailUrl\":\"https:\/\/ds-barranquilla.org\/wp-content\/uploads\/2020\/08\/El-Club-de-Lectura-para-Padres-de-Familia-arranc\u00f3-en-su-versi\u00f3n-2019.jpg\",\"keywords\":[\"2019\",\"Biblioteca\",\"Lengua y literatura\"],\"articleSection\":[\"2019\",\"Biblioteca\"],\"inLanguage\":\"de\",\"potentialAction\":[{\"@type\":\"CommentAction\",\"name\":\"Comment\",\"target\":[\"https:\/\/ds-barranquilla.org\/de\/el-club-de-lectura-para-padres-de-familia-arranco-en-su-version-2019\/#respond\"]}]},{\"@type\":\"WebPage\",\"@id\":\"https:\/\/ds-barranquilla.org\/de\/el-club-de-lectura-para-padres-de-familia-arranco-en-su-version-2019\/\",\"url\":\"https:\/\/ds-barranquilla.org\/de\/el-club-de-lectura-para-padres-de-familia-arranco-en-su-version-2019\/\",\"name\":\"El Club de Lectura para Padres de Familia arranc\u00f3 en su versi\u00f3n 2019 - 2026\",\"isPartOf\":{\"@id\":\"https:\/\/ds-barranquilla.org\/#website\"},\"primaryImageOfPage\":{\"@id\":\"https:\/\/ds-barranquilla.org\/de\/el-club-de-lectura-para-padres-de-familia-arranco-en-su-version-2019\/#primaryimage\"},\"image\":{\"@id\":\"https:\/\/ds-barranquilla.org\/de\/el-club-de-lectura-para-padres-de-familia-arranco-en-su-version-2019\/#primaryimage\"},\"thumbnailUrl\":\"https:\/\/ds-barranquilla.org\/wp-content\/uploads\/2020\/08\/El-Club-de-Lectura-para-Padres-de-Familia-arranc\u00f3-en-su-versi\u00f3n-2019.jpg\",\"datePublished\":\"2019-02-28T10:31:27+00:00\",\"dateModified\":\"2022-12-07T16:43:44+00:00\",\"breadcrumb\":{\"@id\":\"https:\/\/ds-barranquilla.org\/de\/el-club-de-lectura-para-padres-de-familia-arranco-en-su-version-2019\/#breadcrumb\"},\"inLanguage\":\"de\",\"potentialAction\":[{\"@type\":\"ReadAction\",\"target\":[\"https:\/\/ds-barranquilla.org\/de\/el-club-de-lectura-para-padres-de-familia-arranco-en-su-version-2019\/\"]}]},{\"@type\":\"ImageObject\",\"inLanguage\":\"de\",\"@id\":\"https:\/\/ds-barranquilla.org\/de\/el-club-de-lectura-para-padres-de-familia-arranco-en-su-version-2019\/#primaryimage\",\"url\":\"https:\/\/ds-barranquilla.org\/wp-content\/uploads\/2020\/08\/El-Club-de-Lectura-para-Padres-de-Familia-arranc\u00f3-en-su-versi\u00f3n-2019.jpg\",\"contentUrl\":\"https:\/\/ds-barranquilla.org\/wp-content\/uploads\/2020\/08\/El-Club-de-Lectura-para-Padres-de-Familia-arranc\u00f3-en-su-versi\u00f3n-2019.jpg\",\"width\":543,\"height\":315},{\"@type\":\"BreadcrumbList\",\"@id\":\"https:\/\/ds-barranquilla.org\/de\/el-club-de-lectura-para-padres-de-familia-arranco-en-su-version-2019\/#breadcrumb\",\"itemListElement\":[{\"@type\":\"ListItem\",\"position\":1,\"name\":\"Portada\",\"item\":\"https:\/\/ds-barranquilla.org\/\"},{\"@type\":\"ListItem\",\"position\":2,\"name\":\"El Club de Lectura para Padres de Familia arranc\u00f3 en su versi\u00f3n 2019\"}]},{\"@type\":\"WebSite\",\"@id\":\"https:\/\/ds-barranquilla.org\/#website\",\"url\":\"https:\/\/ds-barranquilla.org\/\",\"name\":\"Colegio Alem\u00e1n - Los Mejores Colegios de Colombia - Colegio Triling\u00fce\",\"description\":\"Colegio Alem\u00e1n  Barranquilla Colombia - Colegio Biling\u00fce - Triling\u00fce - El Mejor Colegio de Colombia\",\"publisher\":{\"@id\":\"https:\/\/ds-barranquilla.org\/#organization\"},\"potentialAction\":[{\"@type\":\"SearchAction\",\"target\":{\"@type\":\"EntryPoint\",\"urlTemplate\":\"https:\/\/ds-barranquilla.org\/?s={search_term_string}\"},\"query-input\":\"required name=search_term_string\"}],\"inLanguage\":\"de\"},{\"@type\":\"Organization\",\"@id\":\"https:\/\/ds-barranquilla.org\/#organization\",\"name\":\"Colegio Alem\u00e1n Barranquilla\",\"url\":\"https:\/\/ds-barranquilla.org\/\",\"logo\":{\"@type\":\"ImageObject\",\"inLanguage\":\"de\",\"@id\":\"https:\/\/ds-barranquilla.org\/#\/schema\/logo\/image\/\",\"url\":\"https:\/\/ds-barranquilla.org\/wp-content\/uploads\/2021\/05\/coleman_logo_2.png\",\"contentUrl\":\"https:\/\/ds-barranquilla.org\/wp-content\/uploads\/2021\/05\/coleman_logo_2.png\",\"width\":418,\"height\":307,\"caption\":\"Colegio Alem\u00e1n Barranquilla\"},\"image\":{\"@id\":\"https:\/\/ds-barranquilla.org\/#\/schema\/logo\/image\/\"},\"sameAs\":[\"https:\/\/www.facebook.com\/ColegioAlemanBaq\/\",\"https:\/\/x.com\/ColegioAlemanBq\",\"https:\/\/www.instagram.com\/colegioalemanbaq\/\",\"https:\/\/www.linkedin.com\/school\/deutsche-schule-barranquilla\/\",\"https:\/\/www.youtube.com\/channel\/UCOOGZQCVs6aYRqIWvSN5agQ\"]},{\"@type\":\"Person\",\"@id\":\"https:\/\/ds-barranquilla.org\/#\/schema\/person\/7bf8790ba89d3480e0551241ccdc8d36\",\"name\":\"Comunicaciones Comunicaciones\",\"image\":{\"@type\":\"ImageObject\",\"inLanguage\":\"de\",\"@id\":\"https:\/\/ds-barranquilla.org\/#\/schema\/person\/image\/\",\"url\":\"https:\/\/secure.gravatar.com\/avatar\/a66ba9484a4338d81d6bea750e595038?s=96&d=mm&r=g\",\"contentUrl\":\"https:\/\/secure.gravatar.com\/avatar\/a66ba9484a4338d81d6bea750e595038?s=96&d=mm&r=g\",\"caption\":\"Comunicaciones Comunicaciones\"}}]}<\/script>\n<!-- \/ Yoast SEO plugin. -->","yoast_head_json":{"title":"El Club de Lectura para Padres de Familia arranc\u00f3 en su versi\u00f3n 2019 - 2026","robots":{"index":"noindex","follow":"follow","max-snippet":"max-snippet:-1","max-image-preview":"max-image-preview:large","max-video-preview":"max-video-preview:-1"},"og_locale":"de_DE","og_type":"article","og_title":"El Club de Lectura para Padres de Familia arranc\u00f3 en su versi\u00f3n 2019 - 2026","og_description":"Art\u00edculo\u00a0\u2013\u00a0Club de Lectura\u00a0 Oficina de Comunicaciones\u00a0 Colegio Alem\u00e1n de Barranquilla\u00a0 Un grupo de\u00a0padres de familia llegaron puntualmente\u00a0a la biblioteca de nuestro colegio para cumplir su cita [\u2026]","og_url":"https:\/\/ds-barranquilla.org\/de\/el-club-de-lectura-para-padres-de-familia-arranco-en-su-version-2019\/","og_site_name":"Colegio Alem\u00e1n - Los Mejores Colegios de Colombia - Colegio Triling\u00fce","article_publisher":"https:\/\/www.facebook.com\/ColegioAlemanBaq\/","article_published_time":"2019-02-28T10:31:27+00:00","article_modified_time":"2022-12-07T16:43:44+00:00","og_image":[{"width":543,"height":315,"url":"https:\/\/ds-barranquilla.org\/wp-content\/uploads\/2020\/08\/El-Club-de-Lectura-para-Padres-de-Familia-arranc\u00f3-en-su-versi\u00f3n-2019.jpg","type":"image\/jpeg"}],"author":"Comunicaciones Comunicaciones","twitter_card":"summary_large_image","twitter_creator":"@ColegioAlemanBq","twitter_site":"@ColegioAlemanBq","twitter_misc":{"Verfasst von":"Comunicaciones Comunicaciones","Gesch\u00e4tzte Lesezeit":"1\u00a0Minute"},"schema":{"@context":"https:\/\/schema.org","@graph":[{"@type":"Article","@id":"https:\/\/ds-barranquilla.org\/de\/el-club-de-lectura-para-padres-de-familia-arranco-en-su-version-2019\/#article","isPartOf":{"@id":"https:\/\/ds-barranquilla.org\/de\/el-club-de-lectura-para-padres-de-familia-arranco-en-su-version-2019\/"},"author":{"name":"Comunicaciones Comunicaciones","@id":"https:\/\/ds-barranquilla.org\/#\/schema\/person\/7bf8790ba89d3480e0551241ccdc8d36"},"headline":"El Club de Lectura para Padres de Familia arranc\u00f3 en su versi\u00f3n 2019","datePublished":"2019-02-28T10:31:27+00:00","dateModified":"2022-12-07T16:43:44+00:00","mainEntityOfPage":{"@id":"https:\/\/ds-barranquilla.org\/de\/el-club-de-lectura-para-padres-de-familia-arranco-en-su-version-2019\/"},"wordCount":287,"commentCount":0,"publisher":{"@id":"https:\/\/ds-barranquilla.org\/#organization"},"image":{"@id":"https:\/\/ds-barranquilla.org\/de\/el-club-de-lectura-para-padres-de-familia-arranco-en-su-version-2019\/#primaryimage"},"thumbnailUrl":"https:\/\/ds-barranquilla.org\/wp-content\/uploads\/2020\/08\/El-Club-de-Lectura-para-Padres-de-Familia-arranc\u00f3-en-su-versi\u00f3n-2019.jpg","keywords":["2019","Biblioteca","Lengua y literatura"],"articleSection":["2019","Biblioteca"],"inLanguage":"de","potentialAction":[{"@type":"CommentAction","name":"Comment","target":["https:\/\/ds-barranquilla.org\/de\/el-club-de-lectura-para-padres-de-familia-arranco-en-su-version-2019\/#respond"]}]},{"@type":"WebPage","@id":"https:\/\/ds-barranquilla.org\/de\/el-club-de-lectura-para-padres-de-familia-arranco-en-su-version-2019\/","url":"https:\/\/ds-barranquilla.org\/de\/el-club-de-lectura-para-padres-de-familia-arranco-en-su-version-2019\/","name":"El Club de Lectura para Padres de Familia arranc\u00f3 en su versi\u00f3n 2019 - 2026","isPartOf":{"@id":"https:\/\/ds-barranquilla.org\/#website"},"primaryImageOfPage":{"@id":"https:\/\/ds-barranquilla.org\/de\/el-club-de-lectura-para-padres-de-familia-arranco-en-su-version-2019\/#primaryimage"},"image":{"@id":"https:\/\/ds-barranquilla.org\/de\/el-club-de-lectura-para-padres-de-familia-arranco-en-su-version-2019\/#primaryimage"},"thumbnailUrl":"https:\/\/ds-barranquilla.org\/wp-content\/uploads\/2020\/08\/El-Club-de-Lectura-para-Padres-de-Familia-arranc\u00f3-en-su-versi\u00f3n-2019.jpg","datePublished":"2019-02-28T10:31:27+00:00","dateModified":"2022-12-07T16:43:44+00:00","breadcrumb":{"@id":"https:\/\/ds-barranquilla.org\/de\/el-club-de-lectura-para-padres-de-familia-arranco-en-su-version-2019\/#breadcrumb"},"inLanguage":"de","potentialAction":[{"@type":"ReadAction","target":["https:\/\/ds-barranquilla.org\/de\/el-club-de-lectura-para-padres-de-familia-arranco-en-su-version-2019\/"]}]},{"@type":"ImageObject","inLanguage":"de","@id":"https:\/\/ds-barranquilla.org\/de\/el-club-de-lectura-para-padres-de-familia-arranco-en-su-version-2019\/#primaryimage","url":"https:\/\/ds-barranquilla.org\/wp-content\/uploads\/2020\/08\/El-Club-de-Lectura-para-Padres-de-Familia-arranc\u00f3-en-su-versi\u00f3n-2019.jpg","contentUrl":"https:\/\/ds-barranquilla.org\/wp-content\/uploads\/2020\/08\/El-Club-de-Lectura-para-Padres-de-Familia-arranc\u00f3-en-su-versi\u00f3n-2019.jpg","width":543,"height":315},{"@type":"BreadcrumbList","@id":"https:\/\/ds-barranquilla.org\/de\/el-club-de-lectura-para-padres-de-familia-arranco-en-su-version-2019\/#breadcrumb","itemListElement":[{"@type":"ListItem","position":1,"name":"Portada","item":"https:\/\/ds-barranquilla.org\/"},{"@type":"ListItem","position":2,"name":"El Club de Lectura para Padres de Familia arranc\u00f3 en su versi\u00f3n 2019"}]},{"@type":"WebSite","@id":"https:\/\/ds-barranquilla.org\/#website","url":"https:\/\/ds-barranquilla.org\/","name":"Colegio Alem\u00e1n - Los Mejores Colegios de Colombia - Colegio Triling\u00fce","description":"Colegio Alem\u00e1n  Barranquilla Colombia - Colegio Biling\u00fce - Triling\u00fce - El Mejor Colegio de Colombia","publisher":{"@id":"https:\/\/ds-barranquilla.org\/#organization"},"potentialAction":[{"@type":"SearchAction","target":{"@type":"EntryPoint","urlTemplate":"https:\/\/ds-barranquilla.org\/?s={search_term_string}"},"query-input":"required name=search_term_string"}],"inLanguage":"de"},{"@type":"Organization","@id":"https:\/\/ds-barranquilla.org\/#organization","name":"Colegio Alem\u00e1n Barranquilla","url":"https:\/\/ds-barranquilla.org\/","logo":{"@type":"ImageObject","inLanguage":"de","@id":"https:\/\/ds-barranquilla.org\/#\/schema\/logo\/image\/","url":"https:\/\/ds-barranquilla.org\/wp-content\/uploads\/2021\/05\/coleman_logo_2.png","contentUrl":"https:\/\/ds-barranquilla.org\/wp-content\/uploads\/2021\/05\/coleman_logo_2.png","width":418,"height":307,"caption":"Colegio Alem\u00e1n Barranquilla"},"image":{"@id":"https:\/\/ds-barranquilla.org\/#\/schema\/logo\/image\/"},"sameAs":["https:\/\/www.facebook.com\/ColegioAlemanBaq\/","https:\/\/x.com\/ColegioAlemanBq","https:\/\/www.instagram.com\/colegioalemanbaq\/","https:\/\/www.linkedin.com\/school\/deutsche-schule-barranquilla\/","https:\/\/www.youtube.com\/channel\/UCOOGZQCVs6aYRqIWvSN5agQ"]},{"@type":"Person","@id":"https:\/\/ds-barranquilla.org\/#\/schema\/person\/7bf8790ba89d3480e0551241ccdc8d36","name":"Comunicaciones Comunicaciones","image":{"@type":"ImageObject","inLanguage":"de","@id":"https:\/\/ds-barranquilla.org\/#\/schema\/person\/image\/","url":"https:\/\/secure.gravatar.com\/avatar\/a66ba9484a4338d81d6bea750e595038?s=96&d=mm&r=g","contentUrl":"https:\/\/secure.gravatar.com\/avatar\/a66ba9484a4338d81d6bea750e595038?s=96&d=mm&r=g","caption":"Comunicaciones Comunicaciones"}}]}},"_links":{"self":[{"href":"https:\/\/ds-barranquilla.org\/de\/wp-json\/wp\/v2\/posts\/5631"}],"collection":[{"href":"https:\/\/ds-barranquilla.org\/de\/wp-json\/wp\/v2\/posts"}],"about":[{"href":"https:\/\/ds-barranquilla.org\/de\/wp-json\/wp\/v2\/types\/post"}],"author":[{"embeddable":true,"href":"https:\/\/ds-barranquilla.org\/de\/wp-json\/wp\/v2\/users\/16"}],"replies":[{"embeddable":true,"href":"https:\/\/ds-barranquilla.org\/de\/wp-json\/wp\/v2\/comments?post=5631"}],"version-history":[{"count":1,"href":"https:\/\/ds-barranquilla.org\/de\/wp-json\/wp\/v2\/posts\/5631\/revisions"}],"predecessor-version":[{"id":5633,"href":"https:\/\/ds-barranquilla.org\/de\/wp-json\/wp\/v2\/posts\/5631\/revisions\/5633"}],"wp:featuredmedia":[{"embeddable":true,"href":"https:\/\/ds-barranquilla.org\/de\/wp-json\/wp\/v2\/media\/5632"}],"wp:attachment":[{"href":"https:\/\/ds-barranquilla.org\/de\/wp-json\/wp\/v2\/media?parent=5631"}],"wp:term":[{"taxonomy":"category","embeddable":true,"href":"https:\/\/ds-barranquilla.org\/de\/wp-json\/wp\/v2\/categories?post=5631"},{"taxonomy":"post_tag","embeddable":true,"href":"https:\/\/ds-barranquilla.org\/de\/wp-json\/wp\/v2\/tags?post=5631"}],"curies":[{"name":"wp","href":"https:\/\/api.w.org\/{rel}","templated":true}]}}