{"id":5634,"date":"2019-03-01T05:35:24","date_gmt":"2019-03-01T10:35:24","guid":{"rendered":"https:\/\/ds-barranquilla.org\/?p=5634"},"modified":"2023-01-04T13:19:24","modified_gmt":"2023-01-04T18:19:24","slug":"cultura-y-carnaval-prendio-la-fiesta-en-nuestro-colegio","status":"publish","type":"post","link":"https:\/\/ds-barranquilla.org\/de\/cultura-y-carnaval-prendio-la-fiesta-en-nuestro-colegio\/","title":{"rendered":"\u2018Cultura y Carnaval\u2019 prendi\u00f3 la fiesta en nuestro colegio"},"content":{"rendered":"<p><span class=\"TextRun SCXW120062410 BCX0\" lang=\"ES-CO\" xml:lang=\"ES-CO\" data-contrast=\"none\"><span class=\"NormalTextRun SCXW120062410 BCX0\">\u202f<\/span><\/span><span class=\"TextRun SCXW120062410 BCX0\" lang=\"ES-CO\" xml:lang=\"ES-CO\" data-contrast=\"none\"><span class=\"NormalTextRun SCXW120062410 BCX0\">creado<\/span><\/span><span class=\"TextRun SCXW120062410 BCX0\" lang=\"ES-CO\" xml:lang=\"ES-CO\" data-contrast=\"none\"><span class=\"NormalTextRun SCXW120062410 BCX0\">\u00a0por Jos\u00e9 R\u00edos Mercado |\u202f01.03.2019<\/span><\/span><span class=\"EOP SCXW120062410 BCX0\" data-ccp-props=\"{&quot;201341983&quot;:0,&quot;335559739&quot;:160,&quot;335559740&quot;:240}\">\u00a0<\/span><\/p>\n<p><span data-contrast=\"none\">La gran fiesta enmarcada en el proyecto \u2018Cultura y Carnaval\u2019 contagi\u00f3 a cada uno de los asistentes que se dieron cita en la media torta de nuestro colegio para apreciar cada uno de los bailes preparados por los miembros de la comunidad estudiantil. A las 8:00 am arranc\u00f3 el espect\u00e1culo, en el que tambi\u00e9n participaron los reyes y las reinas de los diferentes grados de nuestra instituci\u00f3n, as\u00ed como de los profesores y del personal administrativo.<\/span><span data-ccp-props=\"{&quot;201341983&quot;:0,&quot;335559739&quot;:180,&quot;335559740&quot;:240}\">\u00a0<\/span><\/p>\n<p><span data-contrast=\"none\">\u2018Las Marimondas el\u00e9ctricas\u2019 de la\u00a0<\/span><span data-contrast=\"none\">Klasse<\/span><span data-contrast=\"none\">\u00a02 fueron los encargados de abrir el evento y transmitir su alegr\u00eda al p\u00fablico asistente. Otros grupos como: \u2018Joselito Carnaval\u2019 (<\/span><span data-contrast=\"none\">Klasse<\/span><span data-contrast=\"none\">\u00a03), \u2018El Gusanito\u2019 (<\/span><span data-contrast=\"none\">Klasse<\/span><span data-contrast=\"none\">\u00a04), \u2018Comparsa ABI 2019\u2019 (<\/span><span data-contrast=\"none\">Klasse<\/span><span data-contrast=\"none\">\u00a012), \u2018De Sol a\u00a0<\/span><span data-contrast=\"none\">Sombra\u2019 (<\/span><span data-contrast=\"none\">Klasse<\/span><span data-contrast=\"none\">\u00a05) y \u2018Guacherna de Colores\u2019 (<\/span><span data-contrast=\"none\">Klasse<\/span><span data-contrast=\"none\">\u00a06), fueron el deleite de los asistentes por sus llamativos bailes y avivaron a\u00fan m\u00e1s el esp\u00edritu\u00a0<\/span><span data-contrast=\"none\">carnavalero<\/span><span data-contrast=\"none\">\u00a0en el escenario.<\/span><span data-ccp-props=\"{&quot;201341983&quot;:0,&quot;335559739&quot;:180,&quot;335559740&quot;:240}\">\u00a0<\/span><\/p>\n<p><span data-contrast=\"none\">En la medida que la programaci\u00f3n avanzaba la temperatura sub\u00eda y esto impuls\u00f3 a \u2018La Cambamba\u2019 (<\/span><span data-contrast=\"none\">Klasse<\/span><span data-contrast=\"none\">\u00a07), \u2018Los\u00a0<\/span><span data-contrast=\"none\">Cumbiamberos<\/span><span data-contrast=\"none\">\u2019 (<\/span><span data-contrast=\"none\">Klasse<\/span><span data-contrast=\"none\">\u00a08), \u2018Rumb\u00f3n\u00a0<\/span><span data-contrast=\"none\">carnavalero<\/span><span data-contrast=\"none\">\u00a0(<\/span><span data-contrast=\"none\">Klasse<\/span><span data-contrast=\"none\">\u00a09), \u2018Marimonda y\u00a0<\/span><span data-contrast=\"none\">Gozadera<\/span><span data-contrast=\"none\">\u2019 (<\/span><span data-contrast=\"none\">Klasse<\/span><span data-contrast=\"none\">\u00a010) y \u2018Comparsa del Grupo 11\u2019 (<\/span><span data-contrast=\"none\">Klasse<\/span><span data-contrast=\"none\">\u00a011) a entregar lo mejor de s\u00ed y demostrar sus habilidades en la media torta.<\/span><span data-ccp-props=\"{&quot;201341983&quot;:0,&quot;335559739&quot;:180,&quot;335559740&quot;:240}\">\u00a0<\/span><\/p>\n<p><span data-contrast=\"none\">Finalmente, \u2018La Comparsa Bicultural\u2019, inspirada en las melod\u00edas del Carnaval de Alemania y Barranquilla, fue la encargada de cerrar el animado evento que culmin\u00f3 a las 11:30 de la ma\u00f1ana.<\/span><span data-ccp-props=\"{&quot;201341983&quot;:0,&quot;335559739&quot;:180,&quot;335559740&quot;:240}\">\u00a0<\/span><\/p>","protected":false},"excerpt":{"rendered":"<p>\u202fcreado\u00a0por Jos\u00e9 R\u00edos Mercado |\u202f01.03.2019\u00a0 La gran fiesta enmarcada en el proyecto \u2018Cultura y Carnaval\u2019 contagi\u00f3 a cada uno de los asistentes que se dieron cita<span class=\"excerpt-hellip\"> [\u2026]<\/span><\/p>","protected":false},"author":16,"featured_media":5635,"comment_status":"open","ping_status":"open","sticky":false,"template":"","format":"standard","meta":{"_exactmetrics_skip_tracking":false,"_exactmetrics_sitenote_active":false,"_exactmetrics_sitenote_note":"","_exactmetrics_sitenote_category":0,"_joinchat":[],"footnotes":""},"categories":[679,690,676,710],"tags":[468,432,459,437,431,443],"class_list":["post-5634","post","type-post","status-publish","format-standard","has-post-thumbnail","hentry","category-679","category-area-de-lengua-y-literatura","category-primaria","category-secundaria","tag-468","tag-aleman","tag-kindergarten","tag-musica","tag-primaria","tag-secundaria"],"yoast_head":"<!-- This site is optimized with the Yoast SEO plugin v23.3 - https:\/\/yoast.com\/wordpress\/plugins\/seo\/ -->\n<title>\u2018Cultura y Carnaval\u2019 prendi\u00f3 la fiesta en nuestro colegio - 2026<\/title>\n<meta name=\"robots\" content=\"noindex, follow, max-snippet:-1, max-image-preview:large, max-video-preview:-1\" \/>\n<meta property=\"og:locale\" content=\"de_DE\" \/>\n<meta property=\"og:type\" content=\"article\" \/>\n<meta property=\"og:title\" content=\"\u2018Cultura y Carnaval\u2019 prendi\u00f3 la fiesta en nuestro colegio - 2026\" \/>\n<meta property=\"og:description\" content=\"\u202fcreado\u00a0por Jos\u00e9 R\u00edos Mercado |\u202f01.03.2019\u00a0 La gran fiesta enmarcada en el proyecto \u2018Cultura y Carnaval\u2019 contagi\u00f3 a cada uno de los asistentes que se dieron cita [\u2026]\" \/>\n<meta property=\"og:url\" content=\"https:\/\/ds-barranquilla.org\/de\/cultura-y-carnaval-prendio-la-fiesta-en-nuestro-colegio\/\" \/>\n<meta property=\"og:site_name\" content=\"Colegio Alem\u00e1n - Los Mejores Colegios de Colombia - Colegio Triling\u00fce\" \/>\n<meta property=\"article:publisher\" content=\"https:\/\/www.facebook.com\/ColegioAlemanBaq\/\" \/>\n<meta property=\"article:published_time\" content=\"2019-03-01T10:35:24+00:00\" \/>\n<meta property=\"article:modified_time\" content=\"2023-01-04T18:19:24+00:00\" \/>\n<meta property=\"og:image\" content=\"https:\/\/ds-barranquilla.org\/wp-content\/uploads\/2020\/08\/\u2018Cultura-y-Carnaval\u2019-prendi\u00f3-la-fiesta-en-nuestro-colegio.jpg\" \/>\n\t<meta property=\"og:image:width\" content=\"583\" \/>\n\t<meta property=\"og:image:height\" content=\"412\" \/>\n\t<meta property=\"og:image:type\" content=\"image\/jpeg\" \/>\n<meta name=\"author\" content=\"Comunicaciones Comunicaciones\" \/>\n<meta name=\"twitter:card\" content=\"summary_large_image\" \/>\n<meta name=\"twitter:creator\" content=\"@ColegioAlemanBq\" \/>\n<meta name=\"twitter:site\" content=\"@ColegioAlemanBq\" \/>\n<meta name=\"twitter:label1\" content=\"Verfasst von\" \/>\n\t<meta name=\"twitter:data1\" content=\"Comunicaciones Comunicaciones\" \/>\n\t<meta name=\"twitter:label2\" content=\"Gesch\u00e4tzte Lesezeit\" \/>\n\t<meta name=\"twitter:data2\" content=\"1\u00a0Minute\" \/>\n<script type=\"application\/ld+json\" class=\"yoast-schema-graph\">{\"@context\":\"https:\/\/schema.org\",\"@graph\":[{\"@type\":\"Article\",\"@id\":\"https:\/\/ds-barranquilla.org\/de\/cultura-y-carnaval-prendio-la-fiesta-en-nuestro-colegio\/#article\",\"isPartOf\":{\"@id\":\"https:\/\/ds-barranquilla.org\/de\/cultura-y-carnaval-prendio-la-fiesta-en-nuestro-colegio\/\"},\"author\":{\"name\":\"Comunicaciones Comunicaciones\",\"@id\":\"https:\/\/ds-barranquilla.org\/#\/schema\/person\/7bf8790ba89d3480e0551241ccdc8d36\"},\"headline\":\"\u2018Cultura y Carnaval\u2019 prendi\u00f3 la fiesta en nuestro colegio\",\"datePublished\":\"2019-03-01T10:35:24+00:00\",\"dateModified\":\"2023-01-04T18:19:24+00:00\",\"mainEntityOfPage\":{\"@id\":\"https:\/\/ds-barranquilla.org\/de\/cultura-y-carnaval-prendio-la-fiesta-en-nuestro-colegio\/\"},\"wordCount\":241,\"commentCount\":0,\"publisher\":{\"@id\":\"https:\/\/ds-barranquilla.org\/#organization\"},\"image\":{\"@id\":\"https:\/\/ds-barranquilla.org\/de\/cultura-y-carnaval-prendio-la-fiesta-en-nuestro-colegio\/#primaryimage\"},\"thumbnailUrl\":\"https:\/\/ds-barranquilla.org\/wp-content\/uploads\/2020\/08\/\u2018Cultura-y-Carnaval\u2019-prendi\u00f3-la-fiesta-en-nuestro-colegio.jpg\",\"keywords\":[\"2019\",\"Alem\u00e1n\",\"Kindergarten\",\"M\u00fasica\",\"Primaria\",\"secundaria\"],\"articleSection\":[\"2019\",\"\u00c1rea de Lengua y Literatura\",\"Primaria\",\"Secundaria\"],\"inLanguage\":\"de\",\"potentialAction\":[{\"@type\":\"CommentAction\",\"name\":\"Comment\",\"target\":[\"https:\/\/ds-barranquilla.org\/de\/cultura-y-carnaval-prendio-la-fiesta-en-nuestro-colegio\/#respond\"]}]},{\"@type\":\"WebPage\",\"@id\":\"https:\/\/ds-barranquilla.org\/de\/cultura-y-carnaval-prendio-la-fiesta-en-nuestro-colegio\/\",\"url\":\"https:\/\/ds-barranquilla.org\/de\/cultura-y-carnaval-prendio-la-fiesta-en-nuestro-colegio\/\",\"name\":\"\u2018Cultura y Carnaval\u2019 prendi\u00f3 la fiesta en nuestro colegio - 2026\",\"isPartOf\":{\"@id\":\"https:\/\/ds-barranquilla.org\/#website\"},\"primaryImageOfPage\":{\"@id\":\"https:\/\/ds-barranquilla.org\/de\/cultura-y-carnaval-prendio-la-fiesta-en-nuestro-colegio\/#primaryimage\"},\"image\":{\"@id\":\"https:\/\/ds-barranquilla.org\/de\/cultura-y-carnaval-prendio-la-fiesta-en-nuestro-colegio\/#primaryimage\"},\"thumbnailUrl\":\"https:\/\/ds-barranquilla.org\/wp-content\/uploads\/2020\/08\/\u2018Cultura-y-Carnaval\u2019-prendi\u00f3-la-fiesta-en-nuestro-colegio.jpg\",\"datePublished\":\"2019-03-01T10:35:24+00:00\",\"dateModified\":\"2023-01-04T18:19:24+00:00\",\"breadcrumb\":{\"@id\":\"https:\/\/ds-barranquilla.org\/de\/cultura-y-carnaval-prendio-la-fiesta-en-nuestro-colegio\/#breadcrumb\"},\"inLanguage\":\"de\",\"potentialAction\":[{\"@type\":\"ReadAction\",\"target\":[\"https:\/\/ds-barranquilla.org\/de\/cultura-y-carnaval-prendio-la-fiesta-en-nuestro-colegio\/\"]}]},{\"@type\":\"ImageObject\",\"inLanguage\":\"de\",\"@id\":\"https:\/\/ds-barranquilla.org\/de\/cultura-y-carnaval-prendio-la-fiesta-en-nuestro-colegio\/#primaryimage\",\"url\":\"https:\/\/ds-barranquilla.org\/wp-content\/uploads\/2020\/08\/\u2018Cultura-y-Carnaval\u2019-prendi\u00f3-la-fiesta-en-nuestro-colegio.jpg\",\"contentUrl\":\"https:\/\/ds-barranquilla.org\/wp-content\/uploads\/2020\/08\/\u2018Cultura-y-Carnaval\u2019-prendi\u00f3-la-fiesta-en-nuestro-colegio.jpg\",\"width\":583,\"height\":412},{\"@type\":\"BreadcrumbList\",\"@id\":\"https:\/\/ds-barranquilla.org\/de\/cultura-y-carnaval-prendio-la-fiesta-en-nuestro-colegio\/#breadcrumb\",\"itemListElement\":[{\"@type\":\"ListItem\",\"position\":1,\"name\":\"Portada\",\"item\":\"https:\/\/ds-barranquilla.org\/\"},{\"@type\":\"ListItem\",\"position\":2,\"name\":\"\u2018Cultura y Carnaval\u2019 prendi\u00f3 la fiesta en nuestro colegio\"}]},{\"@type\":\"WebSite\",\"@id\":\"https:\/\/ds-barranquilla.org\/#website\",\"url\":\"https:\/\/ds-barranquilla.org\/\",\"name\":\"Colegio Alem\u00e1n - Los Mejores Colegios de Colombia - Colegio Triling\u00fce\",\"description\":\"Colegio Alem\u00e1n  Barranquilla Colombia - Colegio Biling\u00fce - Triling\u00fce - El Mejor Colegio de Colombia\",\"publisher\":{\"@id\":\"https:\/\/ds-barranquilla.org\/#organization\"},\"potentialAction\":[{\"@type\":\"SearchAction\",\"target\":{\"@type\":\"EntryPoint\",\"urlTemplate\":\"https:\/\/ds-barranquilla.org\/?s={search_term_string}\"},\"query-input\":\"required name=search_term_string\"}],\"inLanguage\":\"de\"},{\"@type\":\"Organization\",\"@id\":\"https:\/\/ds-barranquilla.org\/#organization\",\"name\":\"Colegio Alem\u00e1n Barranquilla\",\"url\":\"https:\/\/ds-barranquilla.org\/\",\"logo\":{\"@type\":\"ImageObject\",\"inLanguage\":\"de\",\"@id\":\"https:\/\/ds-barranquilla.org\/#\/schema\/logo\/image\/\",\"url\":\"https:\/\/ds-barranquilla.org\/wp-content\/uploads\/2021\/05\/coleman_logo_2.png\",\"contentUrl\":\"https:\/\/ds-barranquilla.org\/wp-content\/uploads\/2021\/05\/coleman_logo_2.png\",\"width\":418,\"height\":307,\"caption\":\"Colegio Alem\u00e1n Barranquilla\"},\"image\":{\"@id\":\"https:\/\/ds-barranquilla.org\/#\/schema\/logo\/image\/\"},\"sameAs\":[\"https:\/\/www.facebook.com\/ColegioAlemanBaq\/\",\"https:\/\/x.com\/ColegioAlemanBq\",\"https:\/\/www.instagram.com\/colegioalemanbaq\/\",\"https:\/\/www.linkedin.com\/school\/deutsche-schule-barranquilla\/\",\"https:\/\/www.youtube.com\/channel\/UCOOGZQCVs6aYRqIWvSN5agQ\"]},{\"@type\":\"Person\",\"@id\":\"https:\/\/ds-barranquilla.org\/#\/schema\/person\/7bf8790ba89d3480e0551241ccdc8d36\",\"name\":\"Comunicaciones Comunicaciones\",\"image\":{\"@type\":\"ImageObject\",\"inLanguage\":\"de\",\"@id\":\"https:\/\/ds-barranquilla.org\/#\/schema\/person\/image\/\",\"url\":\"https:\/\/secure.gravatar.com\/avatar\/a66ba9484a4338d81d6bea750e595038?s=96&d=mm&r=g\",\"contentUrl\":\"https:\/\/secure.gravatar.com\/avatar\/a66ba9484a4338d81d6bea750e595038?s=96&d=mm&r=g\",\"caption\":\"Comunicaciones Comunicaciones\"}}]}<\/script>\n<!-- \/ Yoast SEO plugin. -->","yoast_head_json":{"title":"\u2018Cultura y Carnaval\u2019 prendi\u00f3 la fiesta en nuestro colegio - 2026","robots":{"index":"noindex","follow":"follow","max-snippet":"max-snippet:-1","max-image-preview":"max-image-preview:large","max-video-preview":"max-video-preview:-1"},"og_locale":"de_DE","og_type":"article","og_title":"\u2018Cultura y Carnaval\u2019 prendi\u00f3 la fiesta en nuestro colegio - 2026","og_description":"\u202fcreado\u00a0por Jos\u00e9 R\u00edos Mercado |\u202f01.03.2019\u00a0 La gran fiesta enmarcada en el proyecto \u2018Cultura y Carnaval\u2019 contagi\u00f3 a cada uno de los asistentes que se dieron cita [\u2026]","og_url":"https:\/\/ds-barranquilla.org\/de\/cultura-y-carnaval-prendio-la-fiesta-en-nuestro-colegio\/","og_site_name":"Colegio Alem\u00e1n - Los Mejores Colegios de Colombia - Colegio Triling\u00fce","article_publisher":"https:\/\/www.facebook.com\/ColegioAlemanBaq\/","article_published_time":"2019-03-01T10:35:24+00:00","article_modified_time":"2023-01-04T18:19:24+00:00","og_image":[{"width":583,"height":412,"url":"https:\/\/ds-barranquilla.org\/wp-content\/uploads\/2020\/08\/\u2018Cultura-y-Carnaval\u2019-prendi\u00f3-la-fiesta-en-nuestro-colegio.jpg","type":"image\/jpeg"}],"author":"Comunicaciones Comunicaciones","twitter_card":"summary_large_image","twitter_creator":"@ColegioAlemanBq","twitter_site":"@ColegioAlemanBq","twitter_misc":{"Verfasst von":"Comunicaciones Comunicaciones","Gesch\u00e4tzte Lesezeit":"1\u00a0Minute"},"schema":{"@context":"https:\/\/schema.org","@graph":[{"@type":"Article","@id":"https:\/\/ds-barranquilla.org\/de\/cultura-y-carnaval-prendio-la-fiesta-en-nuestro-colegio\/#article","isPartOf":{"@id":"https:\/\/ds-barranquilla.org\/de\/cultura-y-carnaval-prendio-la-fiesta-en-nuestro-colegio\/"},"author":{"name":"Comunicaciones Comunicaciones","@id":"https:\/\/ds-barranquilla.org\/#\/schema\/person\/7bf8790ba89d3480e0551241ccdc8d36"},"headline":"\u2018Cultura y Carnaval\u2019 prendi\u00f3 la fiesta en nuestro colegio","datePublished":"2019-03-01T10:35:24+00:00","dateModified":"2023-01-04T18:19:24+00:00","mainEntityOfPage":{"@id":"https:\/\/ds-barranquilla.org\/de\/cultura-y-carnaval-prendio-la-fiesta-en-nuestro-colegio\/"},"wordCount":241,"commentCount":0,"publisher":{"@id":"https:\/\/ds-barranquilla.org\/#organization"},"image":{"@id":"https:\/\/ds-barranquilla.org\/de\/cultura-y-carnaval-prendio-la-fiesta-en-nuestro-colegio\/#primaryimage"},"thumbnailUrl":"https:\/\/ds-barranquilla.org\/wp-content\/uploads\/2020\/08\/\u2018Cultura-y-Carnaval\u2019-prendi\u00f3-la-fiesta-en-nuestro-colegio.jpg","keywords":["2019","Alem\u00e1n","Kindergarten","M\u00fasica","Primaria","secundaria"],"articleSection":["2019","\u00c1rea de Lengua y Literatura","Primaria","Secundaria"],"inLanguage":"de","potentialAction":[{"@type":"CommentAction","name":"Comment","target":["https:\/\/ds-barranquilla.org\/de\/cultura-y-carnaval-prendio-la-fiesta-en-nuestro-colegio\/#respond"]}]},{"@type":"WebPage","@id":"https:\/\/ds-barranquilla.org\/de\/cultura-y-carnaval-prendio-la-fiesta-en-nuestro-colegio\/","url":"https:\/\/ds-barranquilla.org\/de\/cultura-y-carnaval-prendio-la-fiesta-en-nuestro-colegio\/","name":"\u2018Cultura y Carnaval\u2019 prendi\u00f3 la fiesta en nuestro colegio - 2026","isPartOf":{"@id":"https:\/\/ds-barranquilla.org\/#website"},"primaryImageOfPage":{"@id":"https:\/\/ds-barranquilla.org\/de\/cultura-y-carnaval-prendio-la-fiesta-en-nuestro-colegio\/#primaryimage"},"image":{"@id":"https:\/\/ds-barranquilla.org\/de\/cultura-y-carnaval-prendio-la-fiesta-en-nuestro-colegio\/#primaryimage"},"thumbnailUrl":"https:\/\/ds-barranquilla.org\/wp-content\/uploads\/2020\/08\/\u2018Cultura-y-Carnaval\u2019-prendi\u00f3-la-fiesta-en-nuestro-colegio.jpg","datePublished":"2019-03-01T10:35:24+00:00","dateModified":"2023-01-04T18:19:24+00:00","breadcrumb":{"@id":"https:\/\/ds-barranquilla.org\/de\/cultura-y-carnaval-prendio-la-fiesta-en-nuestro-colegio\/#breadcrumb"},"inLanguage":"de","potentialAction":[{"@type":"ReadAction","target":["https:\/\/ds-barranquilla.org\/de\/cultura-y-carnaval-prendio-la-fiesta-en-nuestro-colegio\/"]}]},{"@type":"ImageObject","inLanguage":"de","@id":"https:\/\/ds-barranquilla.org\/de\/cultura-y-carnaval-prendio-la-fiesta-en-nuestro-colegio\/#primaryimage","url":"https:\/\/ds-barranquilla.org\/wp-content\/uploads\/2020\/08\/\u2018Cultura-y-Carnaval\u2019-prendi\u00f3-la-fiesta-en-nuestro-colegio.jpg","contentUrl":"https:\/\/ds-barranquilla.org\/wp-content\/uploads\/2020\/08\/\u2018Cultura-y-Carnaval\u2019-prendi\u00f3-la-fiesta-en-nuestro-colegio.jpg","width":583,"height":412},{"@type":"BreadcrumbList","@id":"https:\/\/ds-barranquilla.org\/de\/cultura-y-carnaval-prendio-la-fiesta-en-nuestro-colegio\/#breadcrumb","itemListElement":[{"@type":"ListItem","position":1,"name":"Portada","item":"https:\/\/ds-barranquilla.org\/"},{"@type":"ListItem","position":2,"name":"\u2018Cultura y Carnaval\u2019 prendi\u00f3 la fiesta en nuestro colegio"}]},{"@type":"WebSite","@id":"https:\/\/ds-barranquilla.org\/#website","url":"https:\/\/ds-barranquilla.org\/","name":"Colegio Alem\u00e1n - Los Mejores Colegios de Colombia - Colegio Triling\u00fce","description":"Colegio Alem\u00e1n  Barranquilla Colombia - Colegio Biling\u00fce - Triling\u00fce - El Mejor Colegio de Colombia","publisher":{"@id":"https:\/\/ds-barranquilla.org\/#organization"},"potentialAction":[{"@type":"SearchAction","target":{"@type":"EntryPoint","urlTemplate":"https:\/\/ds-barranquilla.org\/?s={search_term_string}"},"query-input":"required name=search_term_string"}],"inLanguage":"de"},{"@type":"Organization","@id":"https:\/\/ds-barranquilla.org\/#organization","name":"Colegio Alem\u00e1n Barranquilla","url":"https:\/\/ds-barranquilla.org\/","logo":{"@type":"ImageObject","inLanguage":"de","@id":"https:\/\/ds-barranquilla.org\/#\/schema\/logo\/image\/","url":"https:\/\/ds-barranquilla.org\/wp-content\/uploads\/2021\/05\/coleman_logo_2.png","contentUrl":"https:\/\/ds-barranquilla.org\/wp-content\/uploads\/2021\/05\/coleman_logo_2.png","width":418,"height":307,"caption":"Colegio Alem\u00e1n Barranquilla"},"image":{"@id":"https:\/\/ds-barranquilla.org\/#\/schema\/logo\/image\/"},"sameAs":["https:\/\/www.facebook.com\/ColegioAlemanBaq\/","https:\/\/x.com\/ColegioAlemanBq","https:\/\/www.instagram.com\/colegioalemanbaq\/","https:\/\/www.linkedin.com\/school\/deutsche-schule-barranquilla\/","https:\/\/www.youtube.com\/channel\/UCOOGZQCVs6aYRqIWvSN5agQ"]},{"@type":"Person","@id":"https:\/\/ds-barranquilla.org\/#\/schema\/person\/7bf8790ba89d3480e0551241ccdc8d36","name":"Comunicaciones Comunicaciones","image":{"@type":"ImageObject","inLanguage":"de","@id":"https:\/\/ds-barranquilla.org\/#\/schema\/person\/image\/","url":"https:\/\/secure.gravatar.com\/avatar\/a66ba9484a4338d81d6bea750e595038?s=96&d=mm&r=g","contentUrl":"https:\/\/secure.gravatar.com\/avatar\/a66ba9484a4338d81d6bea750e595038?s=96&d=mm&r=g","caption":"Comunicaciones Comunicaciones"}}]}},"_links":{"self":[{"href":"https:\/\/ds-barranquilla.org\/de\/wp-json\/wp\/v2\/posts\/5634"}],"collection":[{"href":"https:\/\/ds-barranquilla.org\/de\/wp-json\/wp\/v2\/posts"}],"about":[{"href":"https:\/\/ds-barranquilla.org\/de\/wp-json\/wp\/v2\/types\/post"}],"author":[{"embeddable":true,"href":"https:\/\/ds-barranquilla.org\/de\/wp-json\/wp\/v2\/users\/16"}],"replies":[{"embeddable":true,"href":"https:\/\/ds-barranquilla.org\/de\/wp-json\/wp\/v2\/comments?post=5634"}],"version-history":[{"count":1,"href":"https:\/\/ds-barranquilla.org\/de\/wp-json\/wp\/v2\/posts\/5634\/revisions"}],"predecessor-version":[{"id":5636,"href":"https:\/\/ds-barranquilla.org\/de\/wp-json\/wp\/v2\/posts\/5634\/revisions\/5636"}],"wp:featuredmedia":[{"embeddable":true,"href":"https:\/\/ds-barranquilla.org\/de\/wp-json\/wp\/v2\/media\/5635"}],"wp:attachment":[{"href":"https:\/\/ds-barranquilla.org\/de\/wp-json\/wp\/v2\/media?parent=5634"}],"wp:term":[{"taxonomy":"category","embeddable":true,"href":"https:\/\/ds-barranquilla.org\/de\/wp-json\/wp\/v2\/categories?post=5634"},{"taxonomy":"post_tag","embeddable":true,"href":"https:\/\/ds-barranquilla.org\/de\/wp-json\/wp\/v2\/tags?post=5634"}],"curies":[{"name":"wp","href":"https:\/\/api.w.org\/{rel}","templated":true}]}}