{"id":5650,"date":"2019-03-21T05:58:34","date_gmt":"2019-03-21T10:58:34","guid":{"rendered":"https:\/\/ds-barranquilla.org\/?p=5650"},"modified":"2022-12-21T08:46:55","modified_gmt":"2022-12-21T13:46:55","slug":"escuela-de-familias-oficina-de-comunicaciones-colegio-aleman-de-barranquilla","status":"publish","type":"post","link":"https:\/\/ds-barranquilla.org\/de\/escuela-de-familias-oficina-de-comunicaciones-colegio-aleman-de-barranquilla\/","title":{"rendered":"Escuela de Familias   Oficina de Comunicaciones   Colegio Alem\u00e1n de Barranquilla"},"content":{"rendered":"<p><b><span data-contrast=\"auto\">\"<\/span><\/b><b><span data-contrast=\"auto\">Hay mitos en torno a<\/span><\/b><b><span data-contrast=\"auto\">\u00a0la separaci\u00f3n<\/span><\/b><b><span data-contrast=\"auto\">\u00a0que no ayudan a los hijos a<\/span><\/b><b><span data-contrast=\"auto\">\u00a0<\/span><\/b><b><span data-contrast=\"auto\">afrontar esta situaci\u00f3n<\/span><\/b><b><span data-contrast=\"auto\">\u201d<\/span><\/b><b><span data-contrast=\"auto\">:<\/span><\/b><b><span data-contrast=\"auto\">\u00a0<\/span><\/b><b><span data-contrast=\"auto\">Claudia Id\u00e1rraga<\/span><\/b><b><span data-contrast=\"auto\">\u00a0<\/span><\/b><b><span data-contrast=\"auto\">Cabrera\u00a0<\/span><\/b><b><span data-contrast=\"auto\">(<\/span><\/b><b><span data-contrast=\"auto\">Psic\u00f3loga<\/span><\/b><b><span data-contrast=\"auto\">\u00a0\u2013 Universidad<\/span><\/b><b><span data-contrast=\"auto\">\u00a0de la Costa<\/span><\/b><b><span data-contrast=\"auto\">)<\/span><\/b><span data-ccp-props=\"{&quot;201341983&quot;:0,&quot;335551550&quot;:2,&quot;335551620&quot;:2,&quot;335559739&quot;:0,&quot;335559740&quot;:240}\">\u00a0<\/span><\/p>\n<p><span data-contrast=\"none\">creado<\/span><span data-contrast=\"none\">\u00a0por Jos\u00e9 R\u00edos Mercado |\u202f<\/span><span data-contrast=\"auto\">21.03.2019<\/span><span data-ccp-props=\"{&quot;201341983&quot;:0,&quot;335551550&quot;:6,&quot;335551620&quot;:6,&quot;335559739&quot;:0,&quot;335559740&quot;:240}\">\u00a0<\/span><\/p>\n<p><span data-ccp-props=\"{&quot;201341983&quot;:0,&quot;335551550&quot;:6,&quot;335551620&quot;:6,&quot;335559739&quot;:0,&quot;335559740&quot;:240}\">\u00a0<\/span><\/p>\n<p><span data-ccp-props=\"{&quot;201341983&quot;:0,&quot;335551550&quot;:6,&quot;335551620&quot;:6,&quot;335559739&quot;:0,&quot;335559740&quot;:240}\">\u00a0<\/span><\/p>\n<p><span data-contrast=\"auto\">Con ocasi\u00f3n de la\u00a0<\/span><span data-contrast=\"auto\">charla\u00a0<\/span><span data-contrast=\"auto\">\u2018<\/span><span data-contrast=\"auto\">Manejo de los hijos despu\u00e9s de la separaci\u00f3n<\/span><span data-contrast=\"auto\">\u2019\u00a0<\/span><span data-contrast=\"auto\">la psic\u00f3loga de la\u00a0<\/span><span data-contrast=\"auto\">Universida<\/span><span data-contrast=\"auto\">d de la Costa<\/span><span data-contrast=\"auto\">,\u00a0<\/span><span data-contrast=\"auto\">Claudia Id\u00e1rraga<\/span><span data-contrast=\"auto\">,\u00a0<\/span><span data-contrast=\"auto\">expres\u00f3 que hay varios mitos en torno al manejo de<\/span><span data-contrast=\"auto\">\u00a0este evento<\/span><span data-contrast=\"auto\">. Claudia Id\u00e1rraga indic\u00f3 que en la mayor\u00eda de casos\u00a0<\/span><span data-contrast=\"auto\">estos mitos no ayudan a los hi<\/span><span data-contrast=\"auto\">jos<\/span><span data-contrast=\"auto\">\u00a0a afrontar esta\u00a0<\/span><span data-contrast=\"auto\">situaci\u00f3n<\/span><span data-contrast=\"auto\">, puesto que\u00a0<\/span><span data-contrast=\"auto\">los padres asumen que\u00a0<\/span><span data-contrast=\"auto\">ellos\u00a0<\/span><span data-contrast=\"auto\">tienen la madurez suficiente, que no entienden lo que est\u00e1 pasando y que alguno de los progenitores puede llenar el vac\u00edo dejado por el otro.<\/span><span data-ccp-props=\"{&quot;201341983&quot;:0,&quot;335551550&quot;:6,&quot;335551620&quot;:6,&quot;335559739&quot;:0,&quot;335559740&quot;:240}\">\u00a0<\/span><\/p>\n<p><span data-ccp-props=\"{&quot;201341983&quot;:0,&quot;335551550&quot;:6,&quot;335551620&quot;:6,&quot;335559739&quot;:0,&quot;335559740&quot;:240}\">\u00a0<\/span><\/p>\n<p><span data-contrast=\"auto\">\"<\/span><span data-contrast=\"auto\">T<\/span><span data-contrast=\"auto\">odo ni\u00f1o espera\u00a0<\/span><span data-contrast=\"auto\">que\u00a0<\/span><span data-contrast=\"auto\">al llegar a la vida<\/span><span data-contrast=\"auto\">\u00a0<\/span><span data-contrast=\"auto\">si encuentra a sus padres juntos<\/span><span data-contrast=\"auto\">,\u00a0<\/span><span data-contrast=\"auto\">espera\u00a0<\/span><span data-contrast=\"auto\">que el desarrollo\u00a0<\/span><span data-contrast=\"auto\">de la vida sea de la misma forma. Un ni\u00f1o no espera que pap\u00e1 y mam\u00e1 se separen<\/span><span data-contrast=\"auto\">, un ni\u00f1o espera que puedan seguir juntos<\/span><span data-contrast=\"auto\">; es por eso que es vital la actitud de los p<\/span><span data-contrast=\"auto\">adres\u00a0<\/span><span data-contrast=\"auto\">frente a este evento<\/span><span data-contrast=\"auto\">, c\u00f3mo afrontarlo, c\u00f3mo asumirlo, qu\u00e9 actitudes tener en cuenta en el momento\u00a0<\/span><span data-contrast=\"auto\">wir\u00a0<\/span><span data-contrast=\"auto\">que ocurren este tipo de situaciones<\/span><span data-contrast=\"auto\">\u201d,\u00a0<\/span><span data-contrast=\"auto\">precis\u00f3 la psic\u00f3loga<\/span><span data-contrast=\"auto\">.<\/span><span data-ccp-props=\"{&quot;201341983&quot;:0,&quot;335551550&quot;:6,&quot;335551620&quot;:6,&quot;335559739&quot;:0,&quot;335559740&quot;:240}\">\u00a0<\/span><\/p>\n<p><span data-ccp-props=\"{&quot;201341983&quot;:0,&quot;335551550&quot;:6,&quot;335551620&quot;:6,&quot;335559739&quot;:0,&quot;335559740&quot;:240}\">\u00a0<\/span><\/p>\n<p><span data-contrast=\"auto\">Claudia Id\u00e1rraga manifest\u00f3 que la separaci\u00f3n\u00a0<\/span><span data-contrast=\"auto\">de los padres\u00a0<\/span><span data-contrast=\"auto\">genera movimientos, que en ocasiones conllevan a otras p\u00e9rdidas<\/span><span data-contrast=\"auto\">\u00a0como los cambios a nivel de casa, escuela y estilo de vida.\u00a0<\/span><span data-contrast=\"auto\">As\u00ed mismo<\/span><span data-contrast=\"auto\">, calific\u00f3 como compleja la forma como los ni\u00f1os\u00a0<\/span><span data-contrast=\"auto\">organizan mentalmente lo que est\u00e1 sucediendo.<\/span><span data-contrast=\"auto\">\u00a0<\/span><span data-ccp-props=\"{&quot;201341983&quot;:0,&quot;335551550&quot;:6,&quot;335551620&quot;:6,&quot;335559739&quot;:0,&quot;335559740&quot;:240}\">\u00a0<\/span><\/p>\n<p><span data-ccp-props=\"{&quot;201341983&quot;:0,&quot;335551550&quot;:6,&quot;335551620&quot;:6,&quot;335559739&quot;:0,&quot;335559740&quot;:240}\">\u00a0<\/span><\/p>\n<p><span data-contrast=\"auto\">\"<\/span><span data-contrast=\"auto\">De acuerdo a cada momento evolutivo la separaci\u00f3n se vive de una forma diferente; no es igual como lo enfrenta un ni\u00f1o de tres a\u00f1os a como lo enfrenta un adolescente, su desarrollo cognitivo, su desarrollo emocional es totalmente diferente. Mientras que para un ni\u00f1o de\u00a0<\/span><span data-contrast=\"auto\">tres\u00a0<\/span><span data-contrast=\"auto\">a\u00f1os la separaci\u00f3n\u00a0<\/span><span data-contrast=\"auto\">es vista como un<\/span><span data-contrast=\"auto\">a forma de<\/span><span data-contrast=\"auto\">\u00a0abandono<\/span><span data-contrast=\"auto\">,\u00a0<\/span><span data-contrast=\"auto\">el de ocho a\u00f1os\u00a0<\/span><span data-contrast=\"auto\">comprende su finalidad y\u00a0<\/span><span data-contrast=\"auto\">el de 12 a\u00f1os comprende psicol\u00f3gicamente los motivos de porqu\u00e9 pap\u00e1 y mam\u00e1 decidieron separarse<\/span><span data-contrast=\"auto\">\u201d,\u00a0<\/span><span data-contrast=\"auto\">se\u00f1al\u00f3<\/span><span data-contrast=\"auto\">\u00a0<\/span><span data-contrast=\"auto\">la psic\u00f3loga.<\/span><span data-ccp-props=\"{&quot;201341983&quot;:0,&quot;335551550&quot;:6,&quot;335551620&quot;:6,&quot;335559739&quot;:0,&quot;335559740&quot;:240}\">\u00a0<\/span><\/p>\n<p><span data-ccp-props=\"{&quot;201341983&quot;:0,&quot;335551550&quot;:6,&quot;335551620&quot;:6,&quot;335559739&quot;:0,&quot;335559740&quot;:240}\">\u00a0<\/span><\/p>\n<p><span data-contrast=\"auto\">Claudia Id\u00e1rraga\u00a0<\/span><span data-contrast=\"auto\">invit\u00f3 a los padres separados o en proceso de separaci\u00f3n a estar muy atentos al comportamiento de los hijos en el rango de edad de los 12 a los 14 a\u00f1os<\/span><span data-contrast=\"auto\">\u00a0porque pueden llegar a ser muy impulsivos<\/span><span data-contrast=\"auto\">\u00a0y es una etapa de riesgos. Finalmente, dijo que\u00a0<\/span><span data-contrast=\"auto\">hay algunas investigaciones que han mostrado que\u00a0<\/span><span data-contrast=\"auto\">las reacciones de los ni\u00f1os\u00a0<\/span><span data-contrast=\"auto\">frente a la separaci\u00f3n\u00a0<\/span><span data-contrast=\"auto\">no est\u00e1n\u00a0<\/span><span data-contrast=\"auto\">s\u00f3lo asociadas a<\/span><span data-contrast=\"auto\">\u00a0su edad y su sexo, sino con la percepci\u00f3n que ellos tienen\u00a0<\/span><span data-contrast=\"auto\">sobre c\u00f3mo los p<\/span><span data-contrast=\"auto\">rogenitores<\/span><span data-contrast=\"auto\">\u00a0afrontan este evento.<\/span><span data-ccp-props=\"{&quot;201341983&quot;:0,&quot;335551550&quot;:6,&quot;335551620&quot;:6,&quot;335559739&quot;:0,&quot;335559740&quot;:240}\">\u00a0<\/span><\/p>","protected":false},"excerpt":{"rendered":"<p>\u201cHay mitos en torno a\u00a0la separaci\u00f3n\u00a0que no ayudan a los hijos a\u00a0afrontar esta situaci\u00f3n\u201d:\u00a0Claudia Id\u00e1rraga\u00a0Cabrera\u00a0(Psic\u00f3loga\u00a0\u2013 Universidad\u00a0de la Costa)\u00a0 creado\u00a0por Jos\u00e9 R\u00edos Mercado |\u202f21.03.2019\u00a0 \u00a0 \u00a0 Con<span class=\"excerpt-hellip\"> [\u2026]<\/span><\/p>","protected":false},"author":16,"featured_media":5651,"comment_status":"open","ping_status":"open","sticky":false,"template":"","format":"standard","meta":{"_exactmetrics_skip_tracking":false,"_exactmetrics_sitenote_active":false,"_exactmetrics_sitenote_note":"","_exactmetrics_sitenote_category":0,"_joinchat":[],"footnotes":""},"categories":[679,699,705],"tags":[468,469],"class_list":["post-5650","post","type-post","status-publish","format-standard","has-post-thumbnail","hentry","category-679","category-consejo-de-padres","category-orientacion-psicoeducativa","tag-468","tag-consejo-de-padres"],"yoast_head":"<!-- This site is optimized with the Yoast SEO plugin v23.3 - https:\/\/yoast.com\/wordpress\/plugins\/seo\/ -->\n<title>Escuela de Familias  Oficina de Comunicaciones  Colegio Alem\u00e1n de Barranquilla - 2026<\/title>\n<meta name=\"robots\" content=\"noindex, follow, max-snippet:-1, max-image-preview:large, max-video-preview:-1\" \/>\n<meta property=\"og:locale\" content=\"de_DE\" \/>\n<meta property=\"og:type\" content=\"article\" \/>\n<meta property=\"og:title\" content=\"Escuela de Familias  Oficina de Comunicaciones  Colegio Alem\u00e1n de Barranquilla - 2026\" \/>\n<meta property=\"og:description\" content=\"\u201cHay mitos en torno a\u00a0la separaci\u00f3n\u00a0que no ayudan a los hijos a\u00a0afrontar esta situaci\u00f3n\u201d:\u00a0Claudia Id\u00e1rraga\u00a0Cabrera\u00a0(Psic\u00f3loga\u00a0\u2013 Universidad\u00a0de la Costa)\u00a0 creado\u00a0por Jos\u00e9 R\u00edos Mercado |\u202f21.03.2019\u00a0 \u00a0 \u00a0 Con [\u2026]\" \/>\n<meta property=\"og:url\" content=\"https:\/\/ds-barranquilla.org\/de\/escuela-de-familias-oficina-de-comunicaciones-colegio-aleman-de-barranquilla\/\" \/>\n<meta property=\"og:site_name\" content=\"Colegio Alem\u00e1n - Los Mejores Colegios de Colombia - Colegio Triling\u00fce\" \/>\n<meta property=\"article:publisher\" content=\"https:\/\/www.facebook.com\/ColegioAlemanBaq\/\" \/>\n<meta property=\"article:published_time\" content=\"2019-03-21T10:58:34+00:00\" \/>\n<meta property=\"article:modified_time\" content=\"2022-12-21T13:46:55+00:00\" \/>\n<meta property=\"og:image\" content=\"https:\/\/ds-barranquilla.org\/wp-content\/uploads\/2020\/08\/Escuela-de-Familias.jpg\" \/>\n\t<meta property=\"og:image:width\" content=\"524\" \/>\n\t<meta property=\"og:image:height\" content=\"319\" \/>\n\t<meta property=\"og:image:type\" content=\"image\/jpeg\" \/>\n<meta name=\"author\" content=\"Comunicaciones Comunicaciones\" \/>\n<meta name=\"twitter:card\" content=\"summary_large_image\" \/>\n<meta name=\"twitter:creator\" content=\"@ColegioAlemanBq\" \/>\n<meta name=\"twitter:site\" content=\"@ColegioAlemanBq\" \/>\n<meta name=\"twitter:label1\" content=\"Verfasst von\" \/>\n\t<meta name=\"twitter:data1\" content=\"Comunicaciones Comunicaciones\" \/>\n\t<meta name=\"twitter:label2\" content=\"Gesch\u00e4tzte Lesezeit\" \/>\n\t<meta name=\"twitter:data2\" content=\"2\u00a0Minuten\" \/>\n<script type=\"application\/ld+json\" class=\"yoast-schema-graph\">{\"@context\":\"https:\/\/schema.org\",\"@graph\":[{\"@type\":\"Article\",\"@id\":\"https:\/\/ds-barranquilla.org\/de\/escuela-de-familias-oficina-de-comunicaciones-colegio-aleman-de-barranquilla\/#article\",\"isPartOf\":{\"@id\":\"https:\/\/ds-barranquilla.org\/de\/escuela-de-familias-oficina-de-comunicaciones-colegio-aleman-de-barranquilla\/\"},\"author\":{\"name\":\"Comunicaciones Comunicaciones\",\"@id\":\"https:\/\/ds-barranquilla.org\/#\/schema\/person\/7bf8790ba89d3480e0551241ccdc8d36\"},\"headline\":\"Escuela de Familias Oficina de Comunicaciones Colegio Alem\u00e1n de Barranquilla\",\"datePublished\":\"2019-03-21T10:58:34+00:00\",\"dateModified\":\"2022-12-21T13:46:55+00:00\",\"mainEntityOfPage\":{\"@id\":\"https:\/\/ds-barranquilla.org\/de\/escuela-de-familias-oficina-de-comunicaciones-colegio-aleman-de-barranquilla\/\"},\"wordCount\":474,\"commentCount\":0,\"publisher\":{\"@id\":\"https:\/\/ds-barranquilla.org\/#organization\"},\"image\":{\"@id\":\"https:\/\/ds-barranquilla.org\/de\/escuela-de-familias-oficina-de-comunicaciones-colegio-aleman-de-barranquilla\/#primaryimage\"},\"thumbnailUrl\":\"https:\/\/ds-barranquilla.org\/wp-content\/uploads\/2020\/08\/Escuela-de-Familias.jpg\",\"keywords\":[\"2019\",\"Consejo de padres\"],\"articleSection\":[\"2019\",\"Consejo de Padres\",\"Orientaci\u00f3n Psicoeducativa\"],\"inLanguage\":\"de\",\"potentialAction\":[{\"@type\":\"CommentAction\",\"name\":\"Comment\",\"target\":[\"https:\/\/ds-barranquilla.org\/de\/escuela-de-familias-oficina-de-comunicaciones-colegio-aleman-de-barranquilla\/#respond\"]}]},{\"@type\":\"WebPage\",\"@id\":\"https:\/\/ds-barranquilla.org\/de\/escuela-de-familias-oficina-de-comunicaciones-colegio-aleman-de-barranquilla\/\",\"url\":\"https:\/\/ds-barranquilla.org\/de\/escuela-de-familias-oficina-de-comunicaciones-colegio-aleman-de-barranquilla\/\",\"name\":\"Escuela de Familias Oficina de Comunicaciones Colegio Alem\u00e1n de Barranquilla - 2026\",\"isPartOf\":{\"@id\":\"https:\/\/ds-barranquilla.org\/#website\"},\"primaryImageOfPage\":{\"@id\":\"https:\/\/ds-barranquilla.org\/de\/escuela-de-familias-oficina-de-comunicaciones-colegio-aleman-de-barranquilla\/#primaryimage\"},\"image\":{\"@id\":\"https:\/\/ds-barranquilla.org\/de\/escuela-de-familias-oficina-de-comunicaciones-colegio-aleman-de-barranquilla\/#primaryimage\"},\"thumbnailUrl\":\"https:\/\/ds-barranquilla.org\/wp-content\/uploads\/2020\/08\/Escuela-de-Familias.jpg\",\"datePublished\":\"2019-03-21T10:58:34+00:00\",\"dateModified\":\"2022-12-21T13:46:55+00:00\",\"breadcrumb\":{\"@id\":\"https:\/\/ds-barranquilla.org\/de\/escuela-de-familias-oficina-de-comunicaciones-colegio-aleman-de-barranquilla\/#breadcrumb\"},\"inLanguage\":\"de\",\"potentialAction\":[{\"@type\":\"ReadAction\",\"target\":[\"https:\/\/ds-barranquilla.org\/de\/escuela-de-familias-oficina-de-comunicaciones-colegio-aleman-de-barranquilla\/\"]}]},{\"@type\":\"ImageObject\",\"inLanguage\":\"de\",\"@id\":\"https:\/\/ds-barranquilla.org\/de\/escuela-de-familias-oficina-de-comunicaciones-colegio-aleman-de-barranquilla\/#primaryimage\",\"url\":\"https:\/\/ds-barranquilla.org\/wp-content\/uploads\/2020\/08\/Escuela-de-Familias.jpg\",\"contentUrl\":\"https:\/\/ds-barranquilla.org\/wp-content\/uploads\/2020\/08\/Escuela-de-Familias.jpg\",\"width\":524,\"height\":319},{\"@type\":\"BreadcrumbList\",\"@id\":\"https:\/\/ds-barranquilla.org\/de\/escuela-de-familias-oficina-de-comunicaciones-colegio-aleman-de-barranquilla\/#breadcrumb\",\"itemListElement\":[{\"@type\":\"ListItem\",\"position\":1,\"name\":\"Portada\",\"item\":\"https:\/\/ds-barranquilla.org\/\"},{\"@type\":\"ListItem\",\"position\":2,\"name\":\"Escuela de Familias Oficina de Comunicaciones Colegio Alem\u00e1n de Barranquilla\"}]},{\"@type\":\"WebSite\",\"@id\":\"https:\/\/ds-barranquilla.org\/#website\",\"url\":\"https:\/\/ds-barranquilla.org\/\",\"name\":\"Colegio Alem\u00e1n - Los Mejores Colegios de Colombia - Colegio Triling\u00fce\",\"description\":\"Colegio Alem\u00e1n  Barranquilla Colombia - Colegio Biling\u00fce - Triling\u00fce - El Mejor Colegio de Colombia\",\"publisher\":{\"@id\":\"https:\/\/ds-barranquilla.org\/#organization\"},\"potentialAction\":[{\"@type\":\"SearchAction\",\"target\":{\"@type\":\"EntryPoint\",\"urlTemplate\":\"https:\/\/ds-barranquilla.org\/?s={search_term_string}\"},\"query-input\":\"required name=search_term_string\"}],\"inLanguage\":\"de\"},{\"@type\":\"Organization\",\"@id\":\"https:\/\/ds-barranquilla.org\/#organization\",\"name\":\"Colegio Alem\u00e1n Barranquilla\",\"url\":\"https:\/\/ds-barranquilla.org\/\",\"logo\":{\"@type\":\"ImageObject\",\"inLanguage\":\"de\",\"@id\":\"https:\/\/ds-barranquilla.org\/#\/schema\/logo\/image\/\",\"url\":\"https:\/\/ds-barranquilla.org\/wp-content\/uploads\/2021\/05\/coleman_logo_2.png\",\"contentUrl\":\"https:\/\/ds-barranquilla.org\/wp-content\/uploads\/2021\/05\/coleman_logo_2.png\",\"width\":418,\"height\":307,\"caption\":\"Colegio Alem\u00e1n Barranquilla\"},\"image\":{\"@id\":\"https:\/\/ds-barranquilla.org\/#\/schema\/logo\/image\/\"},\"sameAs\":[\"https:\/\/www.facebook.com\/ColegioAlemanBaq\/\",\"https:\/\/x.com\/ColegioAlemanBq\",\"https:\/\/www.instagram.com\/colegioalemanbaq\/\",\"https:\/\/www.linkedin.com\/school\/deutsche-schule-barranquilla\/\",\"https:\/\/www.youtube.com\/channel\/UCOOGZQCVs6aYRqIWvSN5agQ\"]},{\"@type\":\"Person\",\"@id\":\"https:\/\/ds-barranquilla.org\/#\/schema\/person\/7bf8790ba89d3480e0551241ccdc8d36\",\"name\":\"Comunicaciones Comunicaciones\",\"image\":{\"@type\":\"ImageObject\",\"inLanguage\":\"de\",\"@id\":\"https:\/\/ds-barranquilla.org\/#\/schema\/person\/image\/\",\"url\":\"https:\/\/secure.gravatar.com\/avatar\/a66ba9484a4338d81d6bea750e595038?s=96&d=mm&r=g\",\"contentUrl\":\"https:\/\/secure.gravatar.com\/avatar\/a66ba9484a4338d81d6bea750e595038?s=96&d=mm&r=g\",\"caption\":\"Comunicaciones Comunicaciones\"}}]}<\/script>\n<!-- \/ Yoast SEO plugin. -->","yoast_head_json":{"title":"Escuela de Familias  Oficina de Comunicaciones  Colegio Alem\u00e1n de Barranquilla - 2026","robots":{"index":"noindex","follow":"follow","max-snippet":"max-snippet:-1","max-image-preview":"max-image-preview:large","max-video-preview":"max-video-preview:-1"},"og_locale":"de_DE","og_type":"article","og_title":"Escuela de Familias  Oficina de Comunicaciones  Colegio Alem\u00e1n de Barranquilla - 2026","og_description":"\u201cHay mitos en torno a\u00a0la separaci\u00f3n\u00a0que no ayudan a los hijos a\u00a0afrontar esta situaci\u00f3n\u201d:\u00a0Claudia Id\u00e1rraga\u00a0Cabrera\u00a0(Psic\u00f3loga\u00a0\u2013 Universidad\u00a0de la Costa)\u00a0 creado\u00a0por Jos\u00e9 R\u00edos Mercado |\u202f21.03.2019\u00a0 \u00a0 \u00a0 Con [\u2026]","og_url":"https:\/\/ds-barranquilla.org\/de\/escuela-de-familias-oficina-de-comunicaciones-colegio-aleman-de-barranquilla\/","og_site_name":"Colegio Alem\u00e1n - Los Mejores Colegios de Colombia - Colegio Triling\u00fce","article_publisher":"https:\/\/www.facebook.com\/ColegioAlemanBaq\/","article_published_time":"2019-03-21T10:58:34+00:00","article_modified_time":"2022-12-21T13:46:55+00:00","og_image":[{"width":524,"height":319,"url":"https:\/\/ds-barranquilla.org\/wp-content\/uploads\/2020\/08\/Escuela-de-Familias.jpg","type":"image\/jpeg"}],"author":"Comunicaciones Comunicaciones","twitter_card":"summary_large_image","twitter_creator":"@ColegioAlemanBq","twitter_site":"@ColegioAlemanBq","twitter_misc":{"Verfasst von":"Comunicaciones Comunicaciones","Gesch\u00e4tzte Lesezeit":"2\u00a0Minuten"},"schema":{"@context":"https:\/\/schema.org","@graph":[{"@type":"Article","@id":"https:\/\/ds-barranquilla.org\/de\/escuela-de-familias-oficina-de-comunicaciones-colegio-aleman-de-barranquilla\/#article","isPartOf":{"@id":"https:\/\/ds-barranquilla.org\/de\/escuela-de-familias-oficina-de-comunicaciones-colegio-aleman-de-barranquilla\/"},"author":{"name":"Comunicaciones Comunicaciones","@id":"https:\/\/ds-barranquilla.org\/#\/schema\/person\/7bf8790ba89d3480e0551241ccdc8d36"},"headline":"Escuela de Familias Oficina de Comunicaciones Colegio Alem\u00e1n de Barranquilla","datePublished":"2019-03-21T10:58:34+00:00","dateModified":"2022-12-21T13:46:55+00:00","mainEntityOfPage":{"@id":"https:\/\/ds-barranquilla.org\/de\/escuela-de-familias-oficina-de-comunicaciones-colegio-aleman-de-barranquilla\/"},"wordCount":474,"commentCount":0,"publisher":{"@id":"https:\/\/ds-barranquilla.org\/#organization"},"image":{"@id":"https:\/\/ds-barranquilla.org\/de\/escuela-de-familias-oficina-de-comunicaciones-colegio-aleman-de-barranquilla\/#primaryimage"},"thumbnailUrl":"https:\/\/ds-barranquilla.org\/wp-content\/uploads\/2020\/08\/Escuela-de-Familias.jpg","keywords":["2019","Consejo de padres"],"articleSection":["2019","Consejo de Padres","Orientaci\u00f3n Psicoeducativa"],"inLanguage":"de","potentialAction":[{"@type":"CommentAction","name":"Comment","target":["https:\/\/ds-barranquilla.org\/de\/escuela-de-familias-oficina-de-comunicaciones-colegio-aleman-de-barranquilla\/#respond"]}]},{"@type":"WebPage","@id":"https:\/\/ds-barranquilla.org\/de\/escuela-de-familias-oficina-de-comunicaciones-colegio-aleman-de-barranquilla\/","url":"https:\/\/ds-barranquilla.org\/de\/escuela-de-familias-oficina-de-comunicaciones-colegio-aleman-de-barranquilla\/","name":"Escuela de Familias Oficina de Comunicaciones Colegio Alem\u00e1n de Barranquilla - 2026","isPartOf":{"@id":"https:\/\/ds-barranquilla.org\/#website"},"primaryImageOfPage":{"@id":"https:\/\/ds-barranquilla.org\/de\/escuela-de-familias-oficina-de-comunicaciones-colegio-aleman-de-barranquilla\/#primaryimage"},"image":{"@id":"https:\/\/ds-barranquilla.org\/de\/escuela-de-familias-oficina-de-comunicaciones-colegio-aleman-de-barranquilla\/#primaryimage"},"thumbnailUrl":"https:\/\/ds-barranquilla.org\/wp-content\/uploads\/2020\/08\/Escuela-de-Familias.jpg","datePublished":"2019-03-21T10:58:34+00:00","dateModified":"2022-12-21T13:46:55+00:00","breadcrumb":{"@id":"https:\/\/ds-barranquilla.org\/de\/escuela-de-familias-oficina-de-comunicaciones-colegio-aleman-de-barranquilla\/#breadcrumb"},"inLanguage":"de","potentialAction":[{"@type":"ReadAction","target":["https:\/\/ds-barranquilla.org\/de\/escuela-de-familias-oficina-de-comunicaciones-colegio-aleman-de-barranquilla\/"]}]},{"@type":"ImageObject","inLanguage":"de","@id":"https:\/\/ds-barranquilla.org\/de\/escuela-de-familias-oficina-de-comunicaciones-colegio-aleman-de-barranquilla\/#primaryimage","url":"https:\/\/ds-barranquilla.org\/wp-content\/uploads\/2020\/08\/Escuela-de-Familias.jpg","contentUrl":"https:\/\/ds-barranquilla.org\/wp-content\/uploads\/2020\/08\/Escuela-de-Familias.jpg","width":524,"height":319},{"@type":"BreadcrumbList","@id":"https:\/\/ds-barranquilla.org\/de\/escuela-de-familias-oficina-de-comunicaciones-colegio-aleman-de-barranquilla\/#breadcrumb","itemListElement":[{"@type":"ListItem","position":1,"name":"Portada","item":"https:\/\/ds-barranquilla.org\/"},{"@type":"ListItem","position":2,"name":"Escuela de Familias Oficina de Comunicaciones Colegio Alem\u00e1n de Barranquilla"}]},{"@type":"WebSite","@id":"https:\/\/ds-barranquilla.org\/#website","url":"https:\/\/ds-barranquilla.org\/","name":"Colegio Alem\u00e1n - Los Mejores Colegios de Colombia - Colegio Triling\u00fce","description":"Colegio Alem\u00e1n  Barranquilla Colombia - Colegio Biling\u00fce - Triling\u00fce - El Mejor Colegio de Colombia","publisher":{"@id":"https:\/\/ds-barranquilla.org\/#organization"},"potentialAction":[{"@type":"SearchAction","target":{"@type":"EntryPoint","urlTemplate":"https:\/\/ds-barranquilla.org\/?s={search_term_string}"},"query-input":"required name=search_term_string"}],"inLanguage":"de"},{"@type":"Organization","@id":"https:\/\/ds-barranquilla.org\/#organization","name":"Colegio Alem\u00e1n Barranquilla","url":"https:\/\/ds-barranquilla.org\/","logo":{"@type":"ImageObject","inLanguage":"de","@id":"https:\/\/ds-barranquilla.org\/#\/schema\/logo\/image\/","url":"https:\/\/ds-barranquilla.org\/wp-content\/uploads\/2021\/05\/coleman_logo_2.png","contentUrl":"https:\/\/ds-barranquilla.org\/wp-content\/uploads\/2021\/05\/coleman_logo_2.png","width":418,"height":307,"caption":"Colegio Alem\u00e1n Barranquilla"},"image":{"@id":"https:\/\/ds-barranquilla.org\/#\/schema\/logo\/image\/"},"sameAs":["https:\/\/www.facebook.com\/ColegioAlemanBaq\/","https:\/\/x.com\/ColegioAlemanBq","https:\/\/www.instagram.com\/colegioalemanbaq\/","https:\/\/www.linkedin.com\/school\/deutsche-schule-barranquilla\/","https:\/\/www.youtube.com\/channel\/UCOOGZQCVs6aYRqIWvSN5agQ"]},{"@type":"Person","@id":"https:\/\/ds-barranquilla.org\/#\/schema\/person\/7bf8790ba89d3480e0551241ccdc8d36","name":"Comunicaciones Comunicaciones","image":{"@type":"ImageObject","inLanguage":"de","@id":"https:\/\/ds-barranquilla.org\/#\/schema\/person\/image\/","url":"https:\/\/secure.gravatar.com\/avatar\/a66ba9484a4338d81d6bea750e595038?s=96&d=mm&r=g","contentUrl":"https:\/\/secure.gravatar.com\/avatar\/a66ba9484a4338d81d6bea750e595038?s=96&d=mm&r=g","caption":"Comunicaciones Comunicaciones"}}]}},"_links":{"self":[{"href":"https:\/\/ds-barranquilla.org\/de\/wp-json\/wp\/v2\/posts\/5650"}],"collection":[{"href":"https:\/\/ds-barranquilla.org\/de\/wp-json\/wp\/v2\/posts"}],"about":[{"href":"https:\/\/ds-barranquilla.org\/de\/wp-json\/wp\/v2\/types\/post"}],"author":[{"embeddable":true,"href":"https:\/\/ds-barranquilla.org\/de\/wp-json\/wp\/v2\/users\/16"}],"replies":[{"embeddable":true,"href":"https:\/\/ds-barranquilla.org\/de\/wp-json\/wp\/v2\/comments?post=5650"}],"version-history":[{"count":1,"href":"https:\/\/ds-barranquilla.org\/de\/wp-json\/wp\/v2\/posts\/5650\/revisions"}],"predecessor-version":[{"id":5652,"href":"https:\/\/ds-barranquilla.org\/de\/wp-json\/wp\/v2\/posts\/5650\/revisions\/5652"}],"wp:featuredmedia":[{"embeddable":true,"href":"https:\/\/ds-barranquilla.org\/de\/wp-json\/wp\/v2\/media\/5651"}],"wp:attachment":[{"href":"https:\/\/ds-barranquilla.org\/de\/wp-json\/wp\/v2\/media?parent=5650"}],"wp:term":[{"taxonomy":"category","embeddable":true,"href":"https:\/\/ds-barranquilla.org\/de\/wp-json\/wp\/v2\/categories?post=5650"},{"taxonomy":"post_tag","embeddable":true,"href":"https:\/\/ds-barranquilla.org\/de\/wp-json\/wp\/v2\/tags?post=5650"}],"curies":[{"name":"wp","href":"https:\/\/api.w.org\/{rel}","templated":true}]}}