{"id":5656,"date":"2019-03-27T06:05:26","date_gmt":"2019-03-27T11:05:26","guid":{"rendered":"https:\/\/ds-barranquilla.org\/?p=5656"},"modified":"2023-01-04T15:24:12","modified_gmt":"2023-01-04T20:24:12","slug":"feria-de-universidades-oficina-de-comunicaciones-colegio-aleman-de-barranquilla","status":"publish","type":"post","link":"https:\/\/ds-barranquilla.org\/de\/feria-de-universidades-oficina-de-comunicaciones-colegio-aleman-de-barranquilla\/","title":{"rendered":"Feria de Universidades   Oficina de Comunicaciones   Colegio Alem\u00e1n de Barranquilla"},"content":{"rendered":"<p><span class=\"TextRun Highlight SCXW252569249 BCX0\" lang=\"ES-CO\" xml:lang=\"ES-CO\" data-contrast=\"none\"><span class=\"NormalTextRun SCXW252569249 BCX0\" data-ccp-parastyle=\"No Spacing\">creado<\/span><\/span><span class=\"TextRun Highlight SCXW252569249 BCX0\" lang=\"ES-CO\" xml:lang=\"ES-CO\" data-contrast=\"none\"><span class=\"NormalTextRun SCXW252569249 BCX0\" data-ccp-parastyle=\"No Spacing\">\u00a0por Jos\u00e9 R\u00edos Mercado |\u202f<\/span><\/span><span class=\"TextRun SCXW252569249 BCX0\" lang=\"ES-CO\" xml:lang=\"ES-CO\" data-contrast=\"auto\"><span class=\"NormalTextRun SCXW252569249 BCX0\" data-ccp-parastyle=\"No Spacing\">27.03.2019<\/span><\/span><span class=\"EOP SCXW252569249 BCX0\" data-ccp-props=\"{&quot;201341983&quot;:0,&quot;335551550&quot;:6,&quot;335551620&quot;:6,&quot;335559739&quot;:0,&quot;335559740&quot;:240}\">\u00a0<\/span><\/p>\n<p><b><span data-contrast=\"none\">La Feria de Universidades se realiz\u00f3 con \u00e9xito en nuestro colegio<\/span><\/b><span data-ccp-props=\"{&quot;201341983&quot;:0,&quot;335551550&quot;:2,&quot;335551620&quot;:2,&quot;335559739&quot;:0,&quot;335559740&quot;:240}\">\u00a0<\/span><\/p>\n<p><span data-ccp-props=\"{&quot;201341983&quot;:0,&quot;335551550&quot;:6,&quot;335551620&quot;:6,&quot;335559739&quot;:0,&quot;335559740&quot;:240}\">\u00a0<\/span><\/p>\n<p><span data-ccp-props=\"{&quot;201341983&quot;:0,&quot;335551550&quot;:6,&quot;335551620&quot;:6,&quot;335559739&quot;:0,&quot;335559740&quot;:240}\">\u00a0<\/span><\/p>\n<p><span data-contrast=\"none\">U<\/span><span data-contrast=\"none\">niversidades e instituciones preuniversitarias de Alemania<\/span><span data-contrast=\"none\">\u00a0se dieron cita en nuestro colegio para ofrecer una amplia oferta de oportunidades educativas en ese pa\u00eds.<\/span><span data-contrast=\"none\">\u00a0Estudiantes de las\u00a0<\/span><span data-contrast=\"none\">Klassen<\/span><span data-contrast=\"none\">\u00a010, 11 y 12 se acercaron junto a sus padres a los\u00a0<\/span><span data-contrast=\"none\">e<\/span><span data-contrast=\"none\">stands<\/span><span data-contrast=\"none\">\u00a0dispuestos en el foyer del auditorio para conocer en detalle la informaci\u00f3n entregada por estos centros de estudios.<\/span><span data-contrast=\"none\">\u00a0<\/span><span data-ccp-props=\"{&quot;201341983&quot;:0,&quot;335551550&quot;:6,&quot;335551620&quot;:6,&quot;335559739&quot;:160,&quot;335559740&quot;:240}\">\u00a0<\/span><\/p>\n<p><span data-ccp-props=\"{&quot;201341983&quot;:0,&quot;335551550&quot;:6,&quot;335551620&quot;:6,&quot;335559739&quot;:160,&quot;335559740&quot;:240}\">\u00a0<\/span><\/p>\n<p><span data-contrast=\"none\">\u201cYo siento que esta feria me ha abierto los ojos a un mundo nuevo porque siempre he querido estudiar en Alemania, pero no sab\u00eda los requisitos espec\u00edficos<\/span><span data-contrast=\"none\">\u00a0para estudiar en una universidad. La oferta acad\u00e9mica es muy diversa, puesto que he encontrado facultades diferentes en todos los puestos; la carrera que m\u00e1s me llama la atenci\u00f3n es Log\u00edstica con un enfoque operacional y la puedo cursar en la Universidad de Ciencias Aplicadas de\u00a0<\/span><span data-contrast=\"none\">W\u00fcrzburg-Schweinfurt<\/span><span data-contrast=\"none\">\u201d, expres\u00f3 Juan Pablo\u00a0<\/span><span data-contrast=\"none\">Maci\u00e1<\/span><span data-contrast=\"none\">, estudiante de la\u00a0<\/span><span data-contrast=\"none\">Klasse<\/span><span data-contrast=\"none\">\u00a011C<\/span><span data-contrast=\"none\">.<\/span><span data-ccp-props=\"{&quot;201341983&quot;:0,&quot;335551550&quot;:6,&quot;335551620&quot;:6,&quot;335559739&quot;:160,&quot;335559740&quot;:240}\">\u00a0<\/span><\/p>\n<p><span data-ccp-props=\"{&quot;201341983&quot;:0,&quot;335551550&quot;:6,&quot;335551620&quot;:6,&quot;335559739&quot;:160,&quot;335559740&quot;:240}\">\u00a0<\/span><\/p>\n<p><span data-contrast=\"none\">Los estudiantes\u00a0<\/span><span data-contrast=\"none\">de nuestro colegio\u00a0<\/span><span data-contrast=\"none\">interesados en estudiar en Alemania consideran que los bajos costos de la formaci\u00f3n y las becas para extranjeros que ofrecen algunas instituciones,<\/span><span data-contrast=\"none\">\u00a0son los puntos m\u00e1s atractivos de esta oferta acad\u00e9mica en el extranjero.<\/span><span data-contrast=\"none\">\u00a0As\u00ed mismo, manifestaron su inter\u00e9s de regresar a Colombia una vez concluyan sus estudios.<\/span><span data-ccp-props=\"{&quot;201341983&quot;:0,&quot;335551550&quot;:6,&quot;335551620&quot;:6,&quot;335559739&quot;:160,&quot;335559740&quot;:240}\">\u00a0<\/span><\/p>\n<p><span data-ccp-props=\"{&quot;201341983&quot;:0,&quot;335551550&quot;:6,&quot;335551620&quot;:6,&quot;335559739&quot;:160,&quot;335559740&quot;:240}\">\u00a0<\/span><\/p>\n<p><span data-contrast=\"none\">Este tipo de eventos les permite a los estudiantes hablar directamente con los representantes de\u00a0<\/span><span data-contrast=\"none\">los centros de estudios\u00a0<\/span><span data-contrast=\"none\">sobre\u00a0<\/span><span data-contrast=\"none\">estas\u00a0<\/span><span data-contrast=\"none\">posibilidades<\/span><span data-contrast=\"none\">, as\u00ed como del\u00a0<\/span><span data-contrast=\"none\">proceso de admisi\u00f3n, la vida en Alemania<\/span><span data-contrast=\"none\">, entre otros aspectos.<\/span><span data-contrast=\"none\">\u00a0<\/span><span data-contrast=\"none\">Las u<\/span><span data-contrast=\"none\">niversidades e instituciones\u00a0<\/span><span data-contrast=\"none\">que participaron de la actividad fueron:<\/span><span data-ccp-props=\"{&quot;201341983&quot;:0,&quot;335551550&quot;:6,&quot;335551620&quot;:6,&quot;335559739&quot;:160,&quot;335559740&quot;:240}\">\u00a0<\/span><\/p>\n<p><span data-ccp-props=\"{&quot;201341983&quot;:0,&quot;335559739&quot;:160,&quot;335559740&quot;:240}\">\u00a0<\/span><\/p>\n<ul>\n<li data-leveltext=\"\uf0b7\" data-font=\"Symbol\" data-listid=\"4\" aria-setsize=\"-1\" data-aria-posinset=\"1\" data-aria-level=\"1\"><span data-contrast=\"none\">Universidad de Ciencias Aplicadas\u00a0<\/span><span data-contrast=\"none\">de\u00a0<\/span><span data-contrast=\"none\">Kaiserslautern<\/span><span data-ccp-props=\"{&quot;134233279&quot;:true,&quot;201341983&quot;:0,&quot;335559739&quot;:160,&quot;335559740&quot;:240}\">\u00a0<\/span><\/li>\n<\/ul>\n<ul>\n<li data-leveltext=\"\uf0b7\" data-font=\"Symbol\" data-listid=\"4\" aria-setsize=\"-1\" data-aria-posinset=\"1\" data-aria-level=\"1\"><span data-contrast=\"none\">Universidad\u00a0<\/span><span data-contrast=\"none\">Justus-Liebig<\/span><span data-contrast=\"none\">\u00a0<\/span><span data-contrast=\"none\">Gie\u00dfen<\/span><span data-ccp-props=\"{&quot;134233279&quot;:true,&quot;201341983&quot;:0,&quot;335559739&quot;:160,&quot;335559740&quot;:240}\">\u00a0<\/span><\/li>\n<li data-leveltext=\"\uf0b7\" data-font=\"Symbol\" data-listid=\"4\" aria-setsize=\"-1\" data-aria-posinset=\"2\" data-aria-level=\"1\"><span data-contrast=\"none\">Universidad Polit\u00e9cnica\u00a0<\/span><span data-contrast=\"none\">de\u00a0<\/span><span data-contrast=\"none\">Wildau<\/span><span data-ccp-props=\"{&quot;134233279&quot;:true,&quot;201341983&quot;:0,&quot;335559739&quot;:160,&quot;335559740&quot;:240}\">\u00a0<\/span><\/li>\n<li data-leveltext=\"\uf0b7\" data-font=\"Symbol\" data-listid=\"4\" aria-setsize=\"-1\" data-aria-posinset=\"3\" data-aria-level=\"1\"><span data-contrast=\"none\">Universidad Martin-Luther\u00a0<\/span><span data-contrast=\"none\">de\u00a0<\/span><span data-contrast=\"none\">Halle-<\/span><span data-contrast=\"none\">Wittenberg<\/span><span data-ccp-props=\"{&quot;134233279&quot;:true,&quot;201341983&quot;:0,&quot;335559739&quot;:160,&quot;335559740&quot;:240}\">\u00a0<\/span><\/li>\n<li data-leveltext=\"\uf0b7\" data-font=\"Symbol\" data-listid=\"4\" aria-setsize=\"-1\" data-aria-posinset=\"4\" data-aria-level=\"1\"><span data-contrast=\"none\">Universidad Polit\u00e9cnica\u00a0<\/span><span data-contrast=\"none\">de\u00a0<\/span><span data-contrast=\"none\">K\u00f6ln<\/span><span data-ccp-props=\"{&quot;134233279&quot;:true,&quot;201341983&quot;:0,&quot;335559739&quot;:160,&quot;335559740&quot;:240}\">\u00a0<\/span><\/li>\n<li data-leveltext=\"\uf0b7\" data-font=\"Symbol\" data-listid=\"4\" aria-setsize=\"-1\" data-aria-posinset=\"5\" data-aria-level=\"1\"><span data-contrast=\"none\">Universidad de Ciencias Aplicadas\u00a0<\/span><span data-contrast=\"none\">de\u00a0<\/span><span data-contrast=\"none\">W\u00fcrzburg-Schweinfurt<\/span><span data-ccp-props=\"{&quot;134233279&quot;:true,&quot;201341983&quot;:0,&quot;335559739&quot;:160,&quot;335559740&quot;:240}\">\u00a0<\/span><\/li>\n<\/ul>\n<ul>\n<li data-leveltext=\"\uf0b7\" data-font=\"Symbol\" data-listid=\"4\" aria-setsize=\"-1\" data-aria-posinset=\"1\" data-aria-level=\"1\"><span data-contrast=\"none\">Universidad de Ciencias Aplicadas\u00a0<\/span><span data-contrast=\"none\">de\u00a0<\/span><span data-contrast=\"none\">Frankfurt<\/span><span data-ccp-props=\"{&quot;134233279&quot;:true,&quot;201341983&quot;:0,&quot;335559739&quot;:160,&quot;335559740&quot;:240}\">\u00a0<\/span><\/li>\n<li data-leveltext=\"\uf0b7\" data-font=\"Symbol\" data-listid=\"4\" aria-setsize=\"-1\" data-aria-posinset=\"2\" data-aria-level=\"1\"><span data-contrast=\"none\">Universidad y\u00a0<\/span><span data-contrast=\"none\">Studienkolleg<\/span><span data-contrast=\"none\">\u00a0de\u00a0<\/span><span data-contrast=\"none\">Marburg<\/span><span data-ccp-props=\"{&quot;134233279&quot;:true,&quot;201341983&quot;:0,&quot;335559739&quot;:160,&quot;335559740&quot;:240}\">\u00a0<\/span><\/li>\n<li data-leveltext=\"\uf0b7\" data-font=\"Symbol\" data-listid=\"4\" aria-setsize=\"-1\" data-aria-posinset=\"3\" data-aria-level=\"1\"><span data-contrast=\"none\">Universidad de Reutlingen\/ESB Business School<\/span><span data-ccp-props=\"{&quot;134233279&quot;:true,&quot;201341983&quot;:0,&quot;335559739&quot;:160,&quot;335559740&quot;:240}\">\u00a0<\/span><\/li>\n<li data-leveltext=\"\uf0b7\" data-font=\"Symbol\" data-listid=\"4\" aria-setsize=\"-1\" data-aria-posinset=\"4\" data-aria-level=\"1\"><span data-contrast=\"none\">BayBIDS Programa de apoyo financiero para estudiantes de colegios alemanes en el extranjero<\/span><span data-ccp-props=\"{&quot;134233279&quot;:true,&quot;201341983&quot;:0,&quot;335559739&quot;:160,&quot;335559740&quot;:240}\">\u00a0<\/span><\/li>\n<li data-leveltext=\"\uf0b7\" data-font=\"Symbol\" data-listid=\"4\" aria-setsize=\"-1\" data-aria-posinset=\"5\" data-aria-level=\"1\"><span data-contrast=\"none\">Universidad y\u00a0<\/span><span data-contrast=\"none\">Studienkolleg<\/span><span data-contrast=\"none\">\u00a0de\u00a0<\/span><span data-contrast=\"none\">Mainz<\/span><span data-ccp-props=\"{&quot;134233279&quot;:true,&quot;201341983&quot;:0,&quot;335559739&quot;:160,&quot;335559740&quot;:240}\">\u00a0<\/span><\/li>\n<\/ul>\n<ul>\n<li data-leveltext=\"\uf0b7\" data-font=\"Symbol\" data-listid=\"4\" aria-setsize=\"-1\" data-aria-posinset=\"1\" data-aria-level=\"1\"><span data-contrast=\"none\">Universidad de Ciencias Aplicadas\u00a0<\/span><span data-contrast=\"none\">de\u00a0<\/span><span data-contrast=\"none\">Westfahlen<\/span><span data-ccp-props=\"{&quot;134233279&quot;:true,&quot;201341983&quot;:0,&quot;335559739&quot;:160,&quot;335559740&quot;:240}\">\u00a0<\/span><\/li>\n<li data-leveltext=\"\uf0b7\" data-font=\"Symbol\" data-listid=\"4\" aria-setsize=\"-1\" data-aria-posinset=\"2\" data-aria-level=\"1\"><span data-contrast=\"none\">Universidad de Heidelberg<\/span><span data-ccp-props=\"{&quot;134233279&quot;:true,&quot;201341983&quot;:0,&quot;335559739&quot;:160,&quot;335559740&quot;:240}\">\u00a0<\/span><\/li>\n<\/ul>\n<p><span data-ccp-props=\"{&quot;201341983&quot;:0,&quot;335551550&quot;:6,&quot;335551620&quot;:6,&quot;335559739&quot;:0,&quot;335559740&quot;:240}\">\u00a0<\/span><\/p>\n<p><span data-contrast=\"none\">&#8212;&#8212;&#8212;-<\/span><span data-ccp-props=\"{&quot;201341983&quot;:0,&quot;335551550&quot;:6,&quot;335551620&quot;:6,&quot;335559739&quot;:0,&quot;335559740&quot;:240}\">\u00a0<\/span><\/p>","protected":false},"excerpt":{"rendered":"<p>creado\u00a0por Jos\u00e9 R\u00edos Mercado |\u202f27.03.2019\u00a0 La Feria de Universidades se realiz\u00f3 con \u00e9xito en nuestro colegio\u00a0 \u00a0 \u00a0 Universidades e instituciones preuniversitarias de Alemania\u00a0se dieron cita<span class=\"excerpt-hellip\"> [\u2026]<\/span><\/p>","protected":false},"author":16,"featured_media":5657,"comment_status":"open","ping_status":"open","sticky":false,"template":"","format":"standard","meta":{"_exactmetrics_skip_tracking":false,"_exactmetrics_sitenote_active":false,"_exactmetrics_sitenote_note":"","_exactmetrics_sitenote_category":0,"_joinchat":[],"footnotes":""},"categories":[679,673,674,704,710],"tags":[468,443],"class_list":["post-5656","post","type-post","status-publish","format-standard","has-post-thumbnail","hentry","category-679","category-area-de-aleman","category-lengua-y-cultura-alemana","category-oficina-de-relaciones-internacionales","category-secundaria","tag-468","tag-secundaria"],"yoast_head":"<!-- This site is optimized with the Yoast SEO plugin v23.3 - https:\/\/yoast.com\/wordpress\/plugins\/seo\/ -->\n<title>Feria de Universidades  Oficina de Comunicaciones  Colegio Alem\u00e1n de Barranquilla - 2026<\/title>\n<meta name=\"robots\" content=\"noindex, follow, max-snippet:-1, max-image-preview:large, max-video-preview:-1\" \/>\n<meta property=\"og:locale\" content=\"de_DE\" \/>\n<meta property=\"og:type\" content=\"article\" \/>\n<meta property=\"og:title\" content=\"Feria de Universidades  Oficina de Comunicaciones  Colegio Alem\u00e1n de Barranquilla - 2026\" \/>\n<meta property=\"og:description\" content=\"creado\u00a0por Jos\u00e9 R\u00edos Mercado |\u202f27.03.2019\u00a0 La Feria de Universidades se realiz\u00f3 con \u00e9xito en nuestro colegio\u00a0 \u00a0 \u00a0 Universidades e instituciones preuniversitarias de Alemania\u00a0se dieron cita [\u2026]\" \/>\n<meta property=\"og:url\" content=\"https:\/\/ds-barranquilla.org\/de\/feria-de-universidades-oficina-de-comunicaciones-colegio-aleman-de-barranquilla\/\" \/>\n<meta property=\"og:site_name\" content=\"Colegio Alem\u00e1n - Los Mejores Colegios de Colombia - Colegio Triling\u00fce\" \/>\n<meta property=\"article:publisher\" content=\"https:\/\/www.facebook.com\/ColegioAlemanBaq\/\" \/>\n<meta property=\"article:published_time\" content=\"2019-03-27T11:05:26+00:00\" \/>\n<meta property=\"article:modified_time\" content=\"2023-01-04T20:24:12+00:00\" \/>\n<meta property=\"og:image\" content=\"https:\/\/ds-barranquilla.org\/wp-content\/uploads\/2020\/08\/Feria-de-Universidades.jpg\" \/>\n\t<meta property=\"og:image:width\" content=\"531\" \/>\n\t<meta property=\"og:image:height\" content=\"184\" \/>\n\t<meta property=\"og:image:type\" content=\"image\/jpeg\" \/>\n<meta name=\"author\" content=\"Comunicaciones Comunicaciones\" \/>\n<meta name=\"twitter:card\" content=\"summary_large_image\" \/>\n<meta name=\"twitter:creator\" content=\"@ColegioAlemanBq\" \/>\n<meta name=\"twitter:site\" content=\"@ColegioAlemanBq\" \/>\n<meta name=\"twitter:label1\" content=\"Verfasst von\" \/>\n\t<meta name=\"twitter:data1\" content=\"Comunicaciones Comunicaciones\" \/>\n\t<meta name=\"twitter:label2\" content=\"Gesch\u00e4tzte Lesezeit\" \/>\n\t<meta name=\"twitter:data2\" content=\"2\u00a0Minuten\" \/>\n<script type=\"application\/ld+json\" class=\"yoast-schema-graph\">{\"@context\":\"https:\/\/schema.org\",\"@graph\":[{\"@type\":\"Article\",\"@id\":\"https:\/\/ds-barranquilla.org\/feria-de-universidades-oficina-de-comunicaciones-colegio-aleman-de-barranquilla\/#article\",\"isPartOf\":{\"@id\":\"https:\/\/ds-barranquilla.org\/feria-de-universidades-oficina-de-comunicaciones-colegio-aleman-de-barranquilla\/\"},\"author\":{\"name\":\"Comunicaciones Comunicaciones\",\"@id\":\"https:\/\/ds-barranquilla.org\/#\/schema\/person\/7bf8790ba89d3480e0551241ccdc8d36\"},\"headline\":\"Feria de Universidades Oficina de Comunicaciones Colegio Alem\u00e1n de Barranquilla\",\"datePublished\":\"2019-03-27T11:05:26+00:00\",\"dateModified\":\"2023-01-04T20:24:12+00:00\",\"mainEntityOfPage\":{\"@id\":\"https:\/\/ds-barranquilla.org\/feria-de-universidades-oficina-de-comunicaciones-colegio-aleman-de-barranquilla\/\"},\"wordCount\":359,\"commentCount\":0,\"publisher\":{\"@id\":\"https:\/\/ds-barranquilla.org\/#organization\"},\"image\":{\"@id\":\"https:\/\/ds-barranquilla.org\/feria-de-universidades-oficina-de-comunicaciones-colegio-aleman-de-barranquilla\/#primaryimage\"},\"thumbnailUrl\":\"https:\/\/ds-barranquilla.org\/wp-content\/uploads\/2020\/08\/Feria-de-Universidades.jpg\",\"keywords\":[\"2019\",\"secundaria\"],\"articleSection\":[\"2019\",\"\u00c1rea de Alem\u00e1n\",\"Lengua y Cultura Alemana\",\"Oficina de Relaciones Internacionales\",\"Secundaria\"],\"inLanguage\":\"de\",\"potentialAction\":[{\"@type\":\"CommentAction\",\"name\":\"Comment\",\"target\":[\"https:\/\/ds-barranquilla.org\/feria-de-universidades-oficina-de-comunicaciones-colegio-aleman-de-barranquilla\/#respond\"]}]},{\"@type\":\"WebPage\",\"@id\":\"https:\/\/ds-barranquilla.org\/feria-de-universidades-oficina-de-comunicaciones-colegio-aleman-de-barranquilla\/\",\"url\":\"https:\/\/ds-barranquilla.org\/feria-de-universidades-oficina-de-comunicaciones-colegio-aleman-de-barranquilla\/\",\"name\":\"Feria de Universidades Oficina de Comunicaciones Colegio Alem\u00e1n de Barranquilla - 2026\",\"isPartOf\":{\"@id\":\"https:\/\/ds-barranquilla.org\/#website\"},\"primaryImageOfPage\":{\"@id\":\"https:\/\/ds-barranquilla.org\/feria-de-universidades-oficina-de-comunicaciones-colegio-aleman-de-barranquilla\/#primaryimage\"},\"image\":{\"@id\":\"https:\/\/ds-barranquilla.org\/feria-de-universidades-oficina-de-comunicaciones-colegio-aleman-de-barranquilla\/#primaryimage\"},\"thumbnailUrl\":\"https:\/\/ds-barranquilla.org\/wp-content\/uploads\/2020\/08\/Feria-de-Universidades.jpg\",\"datePublished\":\"2019-03-27T11:05:26+00:00\",\"dateModified\":\"2023-01-04T20:24:12+00:00\",\"breadcrumb\":{\"@id\":\"https:\/\/ds-barranquilla.org\/feria-de-universidades-oficina-de-comunicaciones-colegio-aleman-de-barranquilla\/#breadcrumb\"},\"inLanguage\":\"de\",\"potentialAction\":[{\"@type\":\"ReadAction\",\"target\":[\"https:\/\/ds-barranquilla.org\/feria-de-universidades-oficina-de-comunicaciones-colegio-aleman-de-barranquilla\/\"]}]},{\"@type\":\"ImageObject\",\"inLanguage\":\"de\",\"@id\":\"https:\/\/ds-barranquilla.org\/feria-de-universidades-oficina-de-comunicaciones-colegio-aleman-de-barranquilla\/#primaryimage\",\"url\":\"https:\/\/ds-barranquilla.org\/wp-content\/uploads\/2020\/08\/Feria-de-Universidades.jpg\",\"contentUrl\":\"https:\/\/ds-barranquilla.org\/wp-content\/uploads\/2020\/08\/Feria-de-Universidades.jpg\",\"width\":531,\"height\":184},{\"@type\":\"BreadcrumbList\",\"@id\":\"https:\/\/ds-barranquilla.org\/feria-de-universidades-oficina-de-comunicaciones-colegio-aleman-de-barranquilla\/#breadcrumb\",\"itemListElement\":[{\"@type\":\"ListItem\",\"position\":1,\"name\":\"Portada\",\"item\":\"https:\/\/ds-barranquilla.org\/\"},{\"@type\":\"ListItem\",\"position\":2,\"name\":\"Feria de Universidades Oficina de Comunicaciones Colegio Alem\u00e1n de Barranquilla\"}]},{\"@type\":\"WebSite\",\"@id\":\"https:\/\/ds-barranquilla.org\/#website\",\"url\":\"https:\/\/ds-barranquilla.org\/\",\"name\":\"Colegio Alem\u00e1n - Los Mejores Colegios de Colombia - Colegio Triling\u00fce\",\"description\":\"Colegio Alem\u00e1n  Barranquilla Colombia - Colegio Biling\u00fce - Triling\u00fce - El Mejor Colegio de Colombia\",\"publisher\":{\"@id\":\"https:\/\/ds-barranquilla.org\/#organization\"},\"potentialAction\":[{\"@type\":\"SearchAction\",\"target\":{\"@type\":\"EntryPoint\",\"urlTemplate\":\"https:\/\/ds-barranquilla.org\/?s={search_term_string}\"},\"query-input\":\"required name=search_term_string\"}],\"inLanguage\":\"de\"},{\"@type\":\"Organization\",\"@id\":\"https:\/\/ds-barranquilla.org\/#organization\",\"name\":\"Colegio Alem\u00e1n Barranquilla\",\"url\":\"https:\/\/ds-barranquilla.org\/\",\"logo\":{\"@type\":\"ImageObject\",\"inLanguage\":\"de\",\"@id\":\"https:\/\/ds-barranquilla.org\/#\/schema\/logo\/image\/\",\"url\":\"https:\/\/ds-barranquilla.org\/wp-content\/uploads\/2021\/05\/coleman_logo_2.png\",\"contentUrl\":\"https:\/\/ds-barranquilla.org\/wp-content\/uploads\/2021\/05\/coleman_logo_2.png\",\"width\":418,\"height\":307,\"caption\":\"Colegio Alem\u00e1n Barranquilla\"},\"image\":{\"@id\":\"https:\/\/ds-barranquilla.org\/#\/schema\/logo\/image\/\"},\"sameAs\":[\"https:\/\/www.facebook.com\/ColegioAlemanBaq\/\",\"https:\/\/x.com\/ColegioAlemanBq\",\"https:\/\/www.instagram.com\/colegioalemanbaq\/\",\"https:\/\/www.linkedin.com\/school\/deutsche-schule-barranquilla\/\",\"https:\/\/www.youtube.com\/channel\/UCOOGZQCVs6aYRqIWvSN5agQ\"]},{\"@type\":\"Person\",\"@id\":\"https:\/\/ds-barranquilla.org\/#\/schema\/person\/7bf8790ba89d3480e0551241ccdc8d36\",\"name\":\"Comunicaciones Comunicaciones\",\"image\":{\"@type\":\"ImageObject\",\"inLanguage\":\"de\",\"@id\":\"https:\/\/ds-barranquilla.org\/#\/schema\/person\/image\/\",\"url\":\"https:\/\/secure.gravatar.com\/avatar\/a66ba9484a4338d81d6bea750e595038?s=96&d=mm&r=g\",\"contentUrl\":\"https:\/\/secure.gravatar.com\/avatar\/a66ba9484a4338d81d6bea750e595038?s=96&d=mm&r=g\",\"caption\":\"Comunicaciones Comunicaciones\"}}]}<\/script>\n<!-- \/ Yoast SEO plugin. -->","yoast_head_json":{"title":"Feria de Universidades  Oficina de Comunicaciones  Colegio Alem\u00e1n de Barranquilla - 2026","robots":{"index":"noindex","follow":"follow","max-snippet":"max-snippet:-1","max-image-preview":"max-image-preview:large","max-video-preview":"max-video-preview:-1"},"og_locale":"de_DE","og_type":"article","og_title":"Feria de Universidades  Oficina de Comunicaciones  Colegio Alem\u00e1n de Barranquilla - 2026","og_description":"creado\u00a0por Jos\u00e9 R\u00edos Mercado |\u202f27.03.2019\u00a0 La Feria de Universidades se realiz\u00f3 con \u00e9xito en nuestro colegio\u00a0 \u00a0 \u00a0 Universidades e instituciones preuniversitarias de Alemania\u00a0se dieron cita [\u2026]","og_url":"https:\/\/ds-barranquilla.org\/de\/feria-de-universidades-oficina-de-comunicaciones-colegio-aleman-de-barranquilla\/","og_site_name":"Colegio Alem\u00e1n - Los Mejores Colegios de Colombia - Colegio Triling\u00fce","article_publisher":"https:\/\/www.facebook.com\/ColegioAlemanBaq\/","article_published_time":"2019-03-27T11:05:26+00:00","article_modified_time":"2023-01-04T20:24:12+00:00","og_image":[{"width":531,"height":184,"url":"https:\/\/ds-barranquilla.org\/wp-content\/uploads\/2020\/08\/Feria-de-Universidades.jpg","type":"image\/jpeg"}],"author":"Comunicaciones Comunicaciones","twitter_card":"summary_large_image","twitter_creator":"@ColegioAlemanBq","twitter_site":"@ColegioAlemanBq","twitter_misc":{"Verfasst von":"Comunicaciones Comunicaciones","Gesch\u00e4tzte Lesezeit":"2\u00a0Minuten"},"schema":{"@context":"https:\/\/schema.org","@graph":[{"@type":"Article","@id":"https:\/\/ds-barranquilla.org\/feria-de-universidades-oficina-de-comunicaciones-colegio-aleman-de-barranquilla\/#article","isPartOf":{"@id":"https:\/\/ds-barranquilla.org\/feria-de-universidades-oficina-de-comunicaciones-colegio-aleman-de-barranquilla\/"},"author":{"name":"Comunicaciones Comunicaciones","@id":"https:\/\/ds-barranquilla.org\/#\/schema\/person\/7bf8790ba89d3480e0551241ccdc8d36"},"headline":"Feria de Universidades Oficina de Comunicaciones Colegio Alem\u00e1n de Barranquilla","datePublished":"2019-03-27T11:05:26+00:00","dateModified":"2023-01-04T20:24:12+00:00","mainEntityOfPage":{"@id":"https:\/\/ds-barranquilla.org\/feria-de-universidades-oficina-de-comunicaciones-colegio-aleman-de-barranquilla\/"},"wordCount":359,"commentCount":0,"publisher":{"@id":"https:\/\/ds-barranquilla.org\/#organization"},"image":{"@id":"https:\/\/ds-barranquilla.org\/feria-de-universidades-oficina-de-comunicaciones-colegio-aleman-de-barranquilla\/#primaryimage"},"thumbnailUrl":"https:\/\/ds-barranquilla.org\/wp-content\/uploads\/2020\/08\/Feria-de-Universidades.jpg","keywords":["2019","secundaria"],"articleSection":["2019","\u00c1rea de Alem\u00e1n","Lengua y Cultura Alemana","Oficina de Relaciones Internacionales","Secundaria"],"inLanguage":"de","potentialAction":[{"@type":"CommentAction","name":"Comment","target":["https:\/\/ds-barranquilla.org\/feria-de-universidades-oficina-de-comunicaciones-colegio-aleman-de-barranquilla\/#respond"]}]},{"@type":"WebPage","@id":"https:\/\/ds-barranquilla.org\/feria-de-universidades-oficina-de-comunicaciones-colegio-aleman-de-barranquilla\/","url":"https:\/\/ds-barranquilla.org\/feria-de-universidades-oficina-de-comunicaciones-colegio-aleman-de-barranquilla\/","name":"Feria de Universidades Oficina de Comunicaciones Colegio Alem\u00e1n de Barranquilla - 2026","isPartOf":{"@id":"https:\/\/ds-barranquilla.org\/#website"},"primaryImageOfPage":{"@id":"https:\/\/ds-barranquilla.org\/feria-de-universidades-oficina-de-comunicaciones-colegio-aleman-de-barranquilla\/#primaryimage"},"image":{"@id":"https:\/\/ds-barranquilla.org\/feria-de-universidades-oficina-de-comunicaciones-colegio-aleman-de-barranquilla\/#primaryimage"},"thumbnailUrl":"https:\/\/ds-barranquilla.org\/wp-content\/uploads\/2020\/08\/Feria-de-Universidades.jpg","datePublished":"2019-03-27T11:05:26+00:00","dateModified":"2023-01-04T20:24:12+00:00","breadcrumb":{"@id":"https:\/\/ds-barranquilla.org\/feria-de-universidades-oficina-de-comunicaciones-colegio-aleman-de-barranquilla\/#breadcrumb"},"inLanguage":"de","potentialAction":[{"@type":"ReadAction","target":["https:\/\/ds-barranquilla.org\/feria-de-universidades-oficina-de-comunicaciones-colegio-aleman-de-barranquilla\/"]}]},{"@type":"ImageObject","inLanguage":"de","@id":"https:\/\/ds-barranquilla.org\/feria-de-universidades-oficina-de-comunicaciones-colegio-aleman-de-barranquilla\/#primaryimage","url":"https:\/\/ds-barranquilla.org\/wp-content\/uploads\/2020\/08\/Feria-de-Universidades.jpg","contentUrl":"https:\/\/ds-barranquilla.org\/wp-content\/uploads\/2020\/08\/Feria-de-Universidades.jpg","width":531,"height":184},{"@type":"BreadcrumbList","@id":"https:\/\/ds-barranquilla.org\/feria-de-universidades-oficina-de-comunicaciones-colegio-aleman-de-barranquilla\/#breadcrumb","itemListElement":[{"@type":"ListItem","position":1,"name":"Portada","item":"https:\/\/ds-barranquilla.org\/"},{"@type":"ListItem","position":2,"name":"Feria de Universidades Oficina de Comunicaciones Colegio Alem\u00e1n de Barranquilla"}]},{"@type":"WebSite","@id":"https:\/\/ds-barranquilla.org\/#website","url":"https:\/\/ds-barranquilla.org\/","name":"Colegio Alem\u00e1n - Los Mejores Colegios de Colombia - Colegio Triling\u00fce","description":"Colegio Alem\u00e1n  Barranquilla Colombia - Colegio Biling\u00fce - Triling\u00fce - El Mejor Colegio de Colombia","publisher":{"@id":"https:\/\/ds-barranquilla.org\/#organization"},"potentialAction":[{"@type":"SearchAction","target":{"@type":"EntryPoint","urlTemplate":"https:\/\/ds-barranquilla.org\/?s={search_term_string}"},"query-input":"required name=search_term_string"}],"inLanguage":"de"},{"@type":"Organization","@id":"https:\/\/ds-barranquilla.org\/#organization","name":"Colegio Alem\u00e1n Barranquilla","url":"https:\/\/ds-barranquilla.org\/","logo":{"@type":"ImageObject","inLanguage":"de","@id":"https:\/\/ds-barranquilla.org\/#\/schema\/logo\/image\/","url":"https:\/\/ds-barranquilla.org\/wp-content\/uploads\/2021\/05\/coleman_logo_2.png","contentUrl":"https:\/\/ds-barranquilla.org\/wp-content\/uploads\/2021\/05\/coleman_logo_2.png","width":418,"height":307,"caption":"Colegio Alem\u00e1n Barranquilla"},"image":{"@id":"https:\/\/ds-barranquilla.org\/#\/schema\/logo\/image\/"},"sameAs":["https:\/\/www.facebook.com\/ColegioAlemanBaq\/","https:\/\/x.com\/ColegioAlemanBq","https:\/\/www.instagram.com\/colegioalemanbaq\/","https:\/\/www.linkedin.com\/school\/deutsche-schule-barranquilla\/","https:\/\/www.youtube.com\/channel\/UCOOGZQCVs6aYRqIWvSN5agQ"]},{"@type":"Person","@id":"https:\/\/ds-barranquilla.org\/#\/schema\/person\/7bf8790ba89d3480e0551241ccdc8d36","name":"Comunicaciones Comunicaciones","image":{"@type":"ImageObject","inLanguage":"de","@id":"https:\/\/ds-barranquilla.org\/#\/schema\/person\/image\/","url":"https:\/\/secure.gravatar.com\/avatar\/a66ba9484a4338d81d6bea750e595038?s=96&d=mm&r=g","contentUrl":"https:\/\/secure.gravatar.com\/avatar\/a66ba9484a4338d81d6bea750e595038?s=96&d=mm&r=g","caption":"Comunicaciones Comunicaciones"}}]}},"_links":{"self":[{"href":"https:\/\/ds-barranquilla.org\/de\/wp-json\/wp\/v2\/posts\/5656"}],"collection":[{"href":"https:\/\/ds-barranquilla.org\/de\/wp-json\/wp\/v2\/posts"}],"about":[{"href":"https:\/\/ds-barranquilla.org\/de\/wp-json\/wp\/v2\/types\/post"}],"author":[{"embeddable":true,"href":"https:\/\/ds-barranquilla.org\/de\/wp-json\/wp\/v2\/users\/16"}],"replies":[{"embeddable":true,"href":"https:\/\/ds-barranquilla.org\/de\/wp-json\/wp\/v2\/comments?post=5656"}],"version-history":[{"count":1,"href":"https:\/\/ds-barranquilla.org\/de\/wp-json\/wp\/v2\/posts\/5656\/revisions"}],"predecessor-version":[{"id":5658,"href":"https:\/\/ds-barranquilla.org\/de\/wp-json\/wp\/v2\/posts\/5656\/revisions\/5658"}],"wp:featuredmedia":[{"embeddable":true,"href":"https:\/\/ds-barranquilla.org\/de\/wp-json\/wp\/v2\/media\/5657"}],"wp:attachment":[{"href":"https:\/\/ds-barranquilla.org\/de\/wp-json\/wp\/v2\/media?parent=5656"}],"wp:term":[{"taxonomy":"category","embeddable":true,"href":"https:\/\/ds-barranquilla.org\/de\/wp-json\/wp\/v2\/categories?post=5656"},{"taxonomy":"post_tag","embeddable":true,"href":"https:\/\/ds-barranquilla.org\/de\/wp-json\/wp\/v2\/tags?post=5656"}],"curies":[{"name":"wp","href":"https:\/\/api.w.org\/{rel}","templated":true}]}}