{"id":5704,"date":"2019-05-03T07:07:42","date_gmt":"2019-05-03T12:07:42","guid":{"rendered":"https:\/\/ds-barranquilla.org\/?p=5704"},"modified":"2023-01-04T15:21:01","modified_gmt":"2023-01-04T20:21:01","slug":"dr-seuss-y-saint-patrick-dos-personajes-presentes-en-la-memoria-de-nuestro-colegio","status":"publish","type":"post","link":"https:\/\/ds-barranquilla.org\/de\/dr-seuss-y-saint-patrick-dos-personajes-presentes-en-la-memoria-de-nuestro-colegio\/","title":{"rendered":"Dr. Seuss y Saint Patrick: dos personajes presentes en la memoria de nuestro colegio"},"content":{"rendered":"<p><span data-contrast=\"none\">\u202f<\/span><span data-contrast=\"none\">creado<\/span><span data-contrast=\"none\">\u00a0por Jos\u00e9 R\u00edos Mercado |\u202f03.05.2019<\/span><span data-ccp-props=\"{&quot;201341983&quot;:0,&quot;335559739&quot;:160,&quot;335559740&quot;:240}\">\u00a0<\/span><\/p>\n<p><span data-ccp-props=\"{&quot;201341983&quot;:0,&quot;335559739&quot;:160,&quot;335559740&quot;:240}\">\u00a0<\/span><span data-contrast=\"none\">La posibilidad de que nuestros estudiantes y los profesores del \u00c1rea de Ingl\u00e9s puedan revivir cada a\u00f1o los personajes creados por el escritor estadounidense Theodor\u00a0<\/span><span data-contrast=\"none\">Seuss<\/span><span data-contrast=\"none\">\u00a0<\/span><span data-contrast=\"none\">Geisel<\/span><span data-contrast=\"none\">, cuyo pseud\u00f3nimo es Dr.\u00a0<\/span><span data-contrast=\"none\">Seuss<\/span><span data-contrast=\"none\">, despierta el inter\u00e9s de toda la comunidad estudiantil, que a trav\u00e9s de todo tipo de actividades recrea el universo m\u00e1gico plasmado por \u00e9l en sus diferentes obras literarias. El\u00a0<\/span><span data-contrast=\"none\">Grinch<\/span><span data-contrast=\"none\">, El\u00a0<\/span><span data-contrast=\"none\">Lorax<\/span><span data-contrast=\"none\">\u00a0y El Gato ensombrerado son algunos de los personajes que nuestros estudiantes representan en marzo (mes del natalicio del escritor) para honrar la memoria de Dr.\u00a0<\/span><span data-contrast=\"none\">Seuss<\/span><span data-contrast=\"none\">.<\/span><span data-ccp-props=\"{&quot;201341983&quot;:0,&quot;335559739&quot;:180,&quot;335559740&quot;:240}\">\u00a0<\/span><\/p>\n<p><span data-contrast=\"none\">Por otra parte, Saint Patrick es otro personaje muy ligado a nuestro colegio, puesto que en el mes de marzo (mes del fallecimiento del santo) se le rinde tributo a trav\u00e9s de diferentes actividades donde toda la comunidad estudiantil puede conocer la vida y el legado de este religioso irland\u00e9s.<\/span><span data-ccp-props=\"{&quot;201341983&quot;:0,&quot;335559739&quot;:180,&quot;335559740&quot;:240}\">\u00a0<\/span><\/p>","protected":false},"excerpt":{"rendered":"<p>\u202fcreado\u00a0por Jos\u00e9 R\u00edos Mercado |\u202f03.05.2019\u00a0 \u00a0La posibilidad de que nuestros estudiantes y los profesores del \u00c1rea de Ingl\u00e9s puedan revivir cada a\u00f1o los personajes creados por<span class=\"excerpt-hellip\"> [\u2026]<\/span><\/p>","protected":false},"author":16,"featured_media":5705,"comment_status":"open","ping_status":"open","sticky":false,"template":"","format":"standard","meta":{"_exactmetrics_skip_tracking":false,"_exactmetrics_sitenote_active":false,"_exactmetrics_sitenote_note":"","_exactmetrics_sitenote_category":0,"_joinchat":[],"footnotes":""},"categories":[679,689,676],"tags":[468,461],"class_list":["post-5704","post","type-post","status-publish","format-standard","has-post-thumbnail","hentry","category-679","category-area-de-ingles","category-primaria","tag-468","tag-ingles"],"yoast_head":"<!-- This site is optimized with the Yoast SEO plugin v23.3 - https:\/\/yoast.com\/wordpress\/plugins\/seo\/ -->\n<title>Dr. Seuss y Saint Patrick: dos personajes presentes en la memoria de nuestro colegio - 2026<\/title>\n<meta name=\"robots\" content=\"noindex, follow, max-snippet:-1, max-image-preview:large, max-video-preview:-1\" \/>\n<meta property=\"og:locale\" content=\"de_DE\" \/>\n<meta property=\"og:type\" content=\"article\" \/>\n<meta property=\"og:title\" content=\"Dr. Seuss y Saint Patrick: dos personajes presentes en la memoria de nuestro colegio - 2026\" \/>\n<meta property=\"og:description\" content=\"\u202fcreado\u00a0por Jos\u00e9 R\u00edos Mercado |\u202f03.05.2019\u00a0 \u00a0La posibilidad de que nuestros estudiantes y los profesores del \u00c1rea de Ingl\u00e9s puedan revivir cada a\u00f1o los personajes creados por [\u2026]\" \/>\n<meta property=\"og:url\" content=\"https:\/\/ds-barranquilla.org\/de\/dr-seuss-y-saint-patrick-dos-personajes-presentes-en-la-memoria-de-nuestro-colegio\/\" \/>\n<meta property=\"og:site_name\" content=\"Colegio Alem\u00e1n - Los Mejores Colegios de Colombia - Colegio Triling\u00fce\" \/>\n<meta property=\"article:publisher\" content=\"https:\/\/www.facebook.com\/ColegioAlemanBaq\/\" \/>\n<meta property=\"article:published_time\" content=\"2019-05-03T12:07:42+00:00\" \/>\n<meta property=\"article:modified_time\" content=\"2023-01-04T20:21:01+00:00\" \/>\n<meta property=\"og:image\" content=\"https:\/\/ds-barranquilla.org\/wp-content\/uploads\/2020\/08\/Dr.-Seuss-y-Saint-Patrick-dos-personajes-presentes-en-la-memoria-de-nuestro-colegio.jpg\" \/>\n\t<meta property=\"og:image:width\" content=\"546\" \/>\n\t<meta property=\"og:image:height\" content=\"264\" \/>\n\t<meta property=\"og:image:type\" content=\"image\/jpeg\" \/>\n<meta name=\"author\" content=\"Comunicaciones Comunicaciones\" \/>\n<meta name=\"twitter:card\" content=\"summary_large_image\" \/>\n<meta name=\"twitter:creator\" content=\"@ColegioAlemanBq\" \/>\n<meta name=\"twitter:site\" content=\"@ColegioAlemanBq\" \/>\n<meta name=\"twitter:label1\" content=\"Verfasst von\" \/>\n\t<meta name=\"twitter:data1\" content=\"Comunicaciones Comunicaciones\" \/>\n\t<meta name=\"twitter:label2\" content=\"Gesch\u00e4tzte Lesezeit\" \/>\n\t<meta name=\"twitter:data2\" content=\"1\u00a0Minute\" \/>\n<script type=\"application\/ld+json\" class=\"yoast-schema-graph\">{\"@context\":\"https:\/\/schema.org\",\"@graph\":[{\"@type\":\"Article\",\"@id\":\"https:\/\/ds-barranquilla.org\/de\/dr-seuss-y-saint-patrick-dos-personajes-presentes-en-la-memoria-de-nuestro-colegio\/#article\",\"isPartOf\":{\"@id\":\"https:\/\/ds-barranquilla.org\/de\/dr-seuss-y-saint-patrick-dos-personajes-presentes-en-la-memoria-de-nuestro-colegio\/\"},\"author\":{\"name\":\"Comunicaciones Comunicaciones\",\"@id\":\"https:\/\/ds-barranquilla.org\/#\/schema\/person\/7bf8790ba89d3480e0551241ccdc8d36\"},\"headline\":\"Dr. Seuss y Saint Patrick: dos personajes presentes en la memoria de nuestro colegio\",\"datePublished\":\"2019-05-03T12:07:42+00:00\",\"dateModified\":\"2023-01-04T20:21:01+00:00\",\"mainEntityOfPage\":{\"@id\":\"https:\/\/ds-barranquilla.org\/de\/dr-seuss-y-saint-patrick-dos-personajes-presentes-en-la-memoria-de-nuestro-colegio\/\"},\"wordCount\":169,\"commentCount\":0,\"publisher\":{\"@id\":\"https:\/\/ds-barranquilla.org\/#organization\"},\"image\":{\"@id\":\"https:\/\/ds-barranquilla.org\/de\/dr-seuss-y-saint-patrick-dos-personajes-presentes-en-la-memoria-de-nuestro-colegio\/#primaryimage\"},\"thumbnailUrl\":\"https:\/\/ds-barranquilla.org\/wp-content\/uploads\/2020\/08\/Dr.-Seuss-y-Saint-Patrick-dos-personajes-presentes-en-la-memoria-de-nuestro-colegio.jpg\",\"keywords\":[\"2019\",\"Ingl\u00e9s\"],\"articleSection\":[\"2019\",\"\u00c1rea de Ingl\u00e9s\",\"Primaria\"],\"inLanguage\":\"de\",\"potentialAction\":[{\"@type\":\"CommentAction\",\"name\":\"Comment\",\"target\":[\"https:\/\/ds-barranquilla.org\/de\/dr-seuss-y-saint-patrick-dos-personajes-presentes-en-la-memoria-de-nuestro-colegio\/#respond\"]}]},{\"@type\":\"WebPage\",\"@id\":\"https:\/\/ds-barranquilla.org\/de\/dr-seuss-y-saint-patrick-dos-personajes-presentes-en-la-memoria-de-nuestro-colegio\/\",\"url\":\"https:\/\/ds-barranquilla.org\/de\/dr-seuss-y-saint-patrick-dos-personajes-presentes-en-la-memoria-de-nuestro-colegio\/\",\"name\":\"Dr. Seuss y Saint Patrick: dos personajes presentes en la memoria de nuestro colegio - 2026\",\"isPartOf\":{\"@id\":\"https:\/\/ds-barranquilla.org\/#website\"},\"primaryImageOfPage\":{\"@id\":\"https:\/\/ds-barranquilla.org\/de\/dr-seuss-y-saint-patrick-dos-personajes-presentes-en-la-memoria-de-nuestro-colegio\/#primaryimage\"},\"image\":{\"@id\":\"https:\/\/ds-barranquilla.org\/de\/dr-seuss-y-saint-patrick-dos-personajes-presentes-en-la-memoria-de-nuestro-colegio\/#primaryimage\"},\"thumbnailUrl\":\"https:\/\/ds-barranquilla.org\/wp-content\/uploads\/2020\/08\/Dr.-Seuss-y-Saint-Patrick-dos-personajes-presentes-en-la-memoria-de-nuestro-colegio.jpg\",\"datePublished\":\"2019-05-03T12:07:42+00:00\",\"dateModified\":\"2023-01-04T20:21:01+00:00\",\"breadcrumb\":{\"@id\":\"https:\/\/ds-barranquilla.org\/de\/dr-seuss-y-saint-patrick-dos-personajes-presentes-en-la-memoria-de-nuestro-colegio\/#breadcrumb\"},\"inLanguage\":\"de\",\"potentialAction\":[{\"@type\":\"ReadAction\",\"target\":[\"https:\/\/ds-barranquilla.org\/de\/dr-seuss-y-saint-patrick-dos-personajes-presentes-en-la-memoria-de-nuestro-colegio\/\"]}]},{\"@type\":\"ImageObject\",\"inLanguage\":\"de\",\"@id\":\"https:\/\/ds-barranquilla.org\/de\/dr-seuss-y-saint-patrick-dos-personajes-presentes-en-la-memoria-de-nuestro-colegio\/#primaryimage\",\"url\":\"https:\/\/ds-barranquilla.org\/wp-content\/uploads\/2020\/08\/Dr.-Seuss-y-Saint-Patrick-dos-personajes-presentes-en-la-memoria-de-nuestro-colegio.jpg\",\"contentUrl\":\"https:\/\/ds-barranquilla.org\/wp-content\/uploads\/2020\/08\/Dr.-Seuss-y-Saint-Patrick-dos-personajes-presentes-en-la-memoria-de-nuestro-colegio.jpg\",\"width\":546,\"height\":264},{\"@type\":\"BreadcrumbList\",\"@id\":\"https:\/\/ds-barranquilla.org\/de\/dr-seuss-y-saint-patrick-dos-personajes-presentes-en-la-memoria-de-nuestro-colegio\/#breadcrumb\",\"itemListElement\":[{\"@type\":\"ListItem\",\"position\":1,\"name\":\"Portada\",\"item\":\"https:\/\/ds-barranquilla.org\/\"},{\"@type\":\"ListItem\",\"position\":2,\"name\":\"Dr. Seuss y Saint Patrick: dos personajes presentes en la memoria de nuestro colegio\"}]},{\"@type\":\"WebSite\",\"@id\":\"https:\/\/ds-barranquilla.org\/#website\",\"url\":\"https:\/\/ds-barranquilla.org\/\",\"name\":\"Colegio Alem\u00e1n - Los Mejores Colegios de Colombia - Colegio Triling\u00fce\",\"description\":\"Colegio Alem\u00e1n  Barranquilla Colombia - Colegio Biling\u00fce - Triling\u00fce - El Mejor Colegio de Colombia\",\"publisher\":{\"@id\":\"https:\/\/ds-barranquilla.org\/#organization\"},\"potentialAction\":[{\"@type\":\"SearchAction\",\"target\":{\"@type\":\"EntryPoint\",\"urlTemplate\":\"https:\/\/ds-barranquilla.org\/?s={search_term_string}\"},\"query-input\":\"required name=search_term_string\"}],\"inLanguage\":\"de\"},{\"@type\":\"Organization\",\"@id\":\"https:\/\/ds-barranquilla.org\/#organization\",\"name\":\"Colegio Alem\u00e1n Barranquilla\",\"url\":\"https:\/\/ds-barranquilla.org\/\",\"logo\":{\"@type\":\"ImageObject\",\"inLanguage\":\"de\",\"@id\":\"https:\/\/ds-barranquilla.org\/#\/schema\/logo\/image\/\",\"url\":\"https:\/\/ds-barranquilla.org\/wp-content\/uploads\/2021\/05\/coleman_logo_2.png\",\"contentUrl\":\"https:\/\/ds-barranquilla.org\/wp-content\/uploads\/2021\/05\/coleman_logo_2.png\",\"width\":418,\"height\":307,\"caption\":\"Colegio Alem\u00e1n Barranquilla\"},\"image\":{\"@id\":\"https:\/\/ds-barranquilla.org\/#\/schema\/logo\/image\/\"},\"sameAs\":[\"https:\/\/www.facebook.com\/ColegioAlemanBaq\/\",\"https:\/\/x.com\/ColegioAlemanBq\",\"https:\/\/www.instagram.com\/colegioalemanbaq\/\",\"https:\/\/www.linkedin.com\/school\/deutsche-schule-barranquilla\/\",\"https:\/\/www.youtube.com\/channel\/UCOOGZQCVs6aYRqIWvSN5agQ\"]},{\"@type\":\"Person\",\"@id\":\"https:\/\/ds-barranquilla.org\/#\/schema\/person\/7bf8790ba89d3480e0551241ccdc8d36\",\"name\":\"Comunicaciones Comunicaciones\",\"image\":{\"@type\":\"ImageObject\",\"inLanguage\":\"de\",\"@id\":\"https:\/\/ds-barranquilla.org\/#\/schema\/person\/image\/\",\"url\":\"https:\/\/secure.gravatar.com\/avatar\/a66ba9484a4338d81d6bea750e595038?s=96&d=mm&r=g\",\"contentUrl\":\"https:\/\/secure.gravatar.com\/avatar\/a66ba9484a4338d81d6bea750e595038?s=96&d=mm&r=g\",\"caption\":\"Comunicaciones Comunicaciones\"}}]}<\/script>\n<!-- \/ Yoast SEO plugin. -->","yoast_head_json":{"title":"Dr. Seuss y Saint Patrick: dos personajes presentes en la memoria de nuestro colegio - 2026","robots":{"index":"noindex","follow":"follow","max-snippet":"max-snippet:-1","max-image-preview":"max-image-preview:large","max-video-preview":"max-video-preview:-1"},"og_locale":"de_DE","og_type":"article","og_title":"Dr. Seuss y Saint Patrick: dos personajes presentes en la memoria de nuestro colegio - 2026","og_description":"\u202fcreado\u00a0por Jos\u00e9 R\u00edos Mercado |\u202f03.05.2019\u00a0 \u00a0La posibilidad de que nuestros estudiantes y los profesores del \u00c1rea de Ingl\u00e9s puedan revivir cada a\u00f1o los personajes creados por [\u2026]","og_url":"https:\/\/ds-barranquilla.org\/de\/dr-seuss-y-saint-patrick-dos-personajes-presentes-en-la-memoria-de-nuestro-colegio\/","og_site_name":"Colegio Alem\u00e1n - Los Mejores Colegios de Colombia - Colegio Triling\u00fce","article_publisher":"https:\/\/www.facebook.com\/ColegioAlemanBaq\/","article_published_time":"2019-05-03T12:07:42+00:00","article_modified_time":"2023-01-04T20:21:01+00:00","og_image":[{"width":546,"height":264,"url":"https:\/\/ds-barranquilla.org\/wp-content\/uploads\/2020\/08\/Dr.-Seuss-y-Saint-Patrick-dos-personajes-presentes-en-la-memoria-de-nuestro-colegio.jpg","type":"image\/jpeg"}],"author":"Comunicaciones Comunicaciones","twitter_card":"summary_large_image","twitter_creator":"@ColegioAlemanBq","twitter_site":"@ColegioAlemanBq","twitter_misc":{"Verfasst von":"Comunicaciones Comunicaciones","Gesch\u00e4tzte Lesezeit":"1\u00a0Minute"},"schema":{"@context":"https:\/\/schema.org","@graph":[{"@type":"Article","@id":"https:\/\/ds-barranquilla.org\/de\/dr-seuss-y-saint-patrick-dos-personajes-presentes-en-la-memoria-de-nuestro-colegio\/#article","isPartOf":{"@id":"https:\/\/ds-barranquilla.org\/de\/dr-seuss-y-saint-patrick-dos-personajes-presentes-en-la-memoria-de-nuestro-colegio\/"},"author":{"name":"Comunicaciones Comunicaciones","@id":"https:\/\/ds-barranquilla.org\/#\/schema\/person\/7bf8790ba89d3480e0551241ccdc8d36"},"headline":"Dr. Seuss y Saint Patrick: dos personajes presentes en la memoria de nuestro colegio","datePublished":"2019-05-03T12:07:42+00:00","dateModified":"2023-01-04T20:21:01+00:00","mainEntityOfPage":{"@id":"https:\/\/ds-barranquilla.org\/de\/dr-seuss-y-saint-patrick-dos-personajes-presentes-en-la-memoria-de-nuestro-colegio\/"},"wordCount":169,"commentCount":0,"publisher":{"@id":"https:\/\/ds-barranquilla.org\/#organization"},"image":{"@id":"https:\/\/ds-barranquilla.org\/de\/dr-seuss-y-saint-patrick-dos-personajes-presentes-en-la-memoria-de-nuestro-colegio\/#primaryimage"},"thumbnailUrl":"https:\/\/ds-barranquilla.org\/wp-content\/uploads\/2020\/08\/Dr.-Seuss-y-Saint-Patrick-dos-personajes-presentes-en-la-memoria-de-nuestro-colegio.jpg","keywords":["2019","Ingl\u00e9s"],"articleSection":["2019","\u00c1rea de Ingl\u00e9s","Primaria"],"inLanguage":"de","potentialAction":[{"@type":"CommentAction","name":"Comment","target":["https:\/\/ds-barranquilla.org\/de\/dr-seuss-y-saint-patrick-dos-personajes-presentes-en-la-memoria-de-nuestro-colegio\/#respond"]}]},{"@type":"WebPage","@id":"https:\/\/ds-barranquilla.org\/de\/dr-seuss-y-saint-patrick-dos-personajes-presentes-en-la-memoria-de-nuestro-colegio\/","url":"https:\/\/ds-barranquilla.org\/de\/dr-seuss-y-saint-patrick-dos-personajes-presentes-en-la-memoria-de-nuestro-colegio\/","name":"Dr. Seuss y Saint Patrick: dos personajes presentes en la memoria de nuestro colegio - 2026","isPartOf":{"@id":"https:\/\/ds-barranquilla.org\/#website"},"primaryImageOfPage":{"@id":"https:\/\/ds-barranquilla.org\/de\/dr-seuss-y-saint-patrick-dos-personajes-presentes-en-la-memoria-de-nuestro-colegio\/#primaryimage"},"image":{"@id":"https:\/\/ds-barranquilla.org\/de\/dr-seuss-y-saint-patrick-dos-personajes-presentes-en-la-memoria-de-nuestro-colegio\/#primaryimage"},"thumbnailUrl":"https:\/\/ds-barranquilla.org\/wp-content\/uploads\/2020\/08\/Dr.-Seuss-y-Saint-Patrick-dos-personajes-presentes-en-la-memoria-de-nuestro-colegio.jpg","datePublished":"2019-05-03T12:07:42+00:00","dateModified":"2023-01-04T20:21:01+00:00","breadcrumb":{"@id":"https:\/\/ds-barranquilla.org\/de\/dr-seuss-y-saint-patrick-dos-personajes-presentes-en-la-memoria-de-nuestro-colegio\/#breadcrumb"},"inLanguage":"de","potentialAction":[{"@type":"ReadAction","target":["https:\/\/ds-barranquilla.org\/de\/dr-seuss-y-saint-patrick-dos-personajes-presentes-en-la-memoria-de-nuestro-colegio\/"]}]},{"@type":"ImageObject","inLanguage":"de","@id":"https:\/\/ds-barranquilla.org\/de\/dr-seuss-y-saint-patrick-dos-personajes-presentes-en-la-memoria-de-nuestro-colegio\/#primaryimage","url":"https:\/\/ds-barranquilla.org\/wp-content\/uploads\/2020\/08\/Dr.-Seuss-y-Saint-Patrick-dos-personajes-presentes-en-la-memoria-de-nuestro-colegio.jpg","contentUrl":"https:\/\/ds-barranquilla.org\/wp-content\/uploads\/2020\/08\/Dr.-Seuss-y-Saint-Patrick-dos-personajes-presentes-en-la-memoria-de-nuestro-colegio.jpg","width":546,"height":264},{"@type":"BreadcrumbList","@id":"https:\/\/ds-barranquilla.org\/de\/dr-seuss-y-saint-patrick-dos-personajes-presentes-en-la-memoria-de-nuestro-colegio\/#breadcrumb","itemListElement":[{"@type":"ListItem","position":1,"name":"Portada","item":"https:\/\/ds-barranquilla.org\/"},{"@type":"ListItem","position":2,"name":"Dr. Seuss y Saint Patrick: dos personajes presentes en la memoria de nuestro colegio"}]},{"@type":"WebSite","@id":"https:\/\/ds-barranquilla.org\/#website","url":"https:\/\/ds-barranquilla.org\/","name":"Colegio Alem\u00e1n - Los Mejores Colegios de Colombia - Colegio Triling\u00fce","description":"Colegio Alem\u00e1n  Barranquilla Colombia - Colegio Biling\u00fce - Triling\u00fce - El Mejor Colegio de Colombia","publisher":{"@id":"https:\/\/ds-barranquilla.org\/#organization"},"potentialAction":[{"@type":"SearchAction","target":{"@type":"EntryPoint","urlTemplate":"https:\/\/ds-barranquilla.org\/?s={search_term_string}"},"query-input":"required name=search_term_string"}],"inLanguage":"de"},{"@type":"Organization","@id":"https:\/\/ds-barranquilla.org\/#organization","name":"Colegio Alem\u00e1n Barranquilla","url":"https:\/\/ds-barranquilla.org\/","logo":{"@type":"ImageObject","inLanguage":"de","@id":"https:\/\/ds-barranquilla.org\/#\/schema\/logo\/image\/","url":"https:\/\/ds-barranquilla.org\/wp-content\/uploads\/2021\/05\/coleman_logo_2.png","contentUrl":"https:\/\/ds-barranquilla.org\/wp-content\/uploads\/2021\/05\/coleman_logo_2.png","width":418,"height":307,"caption":"Colegio Alem\u00e1n Barranquilla"},"image":{"@id":"https:\/\/ds-barranquilla.org\/#\/schema\/logo\/image\/"},"sameAs":["https:\/\/www.facebook.com\/ColegioAlemanBaq\/","https:\/\/x.com\/ColegioAlemanBq","https:\/\/www.instagram.com\/colegioalemanbaq\/","https:\/\/www.linkedin.com\/school\/deutsche-schule-barranquilla\/","https:\/\/www.youtube.com\/channel\/UCOOGZQCVs6aYRqIWvSN5agQ"]},{"@type":"Person","@id":"https:\/\/ds-barranquilla.org\/#\/schema\/person\/7bf8790ba89d3480e0551241ccdc8d36","name":"Comunicaciones Comunicaciones","image":{"@type":"ImageObject","inLanguage":"de","@id":"https:\/\/ds-barranquilla.org\/#\/schema\/person\/image\/","url":"https:\/\/secure.gravatar.com\/avatar\/a66ba9484a4338d81d6bea750e595038?s=96&d=mm&r=g","contentUrl":"https:\/\/secure.gravatar.com\/avatar\/a66ba9484a4338d81d6bea750e595038?s=96&d=mm&r=g","caption":"Comunicaciones Comunicaciones"}}]}},"_links":{"self":[{"href":"https:\/\/ds-barranquilla.org\/de\/wp-json\/wp\/v2\/posts\/5704"}],"collection":[{"href":"https:\/\/ds-barranquilla.org\/de\/wp-json\/wp\/v2\/posts"}],"about":[{"href":"https:\/\/ds-barranquilla.org\/de\/wp-json\/wp\/v2\/types\/post"}],"author":[{"embeddable":true,"href":"https:\/\/ds-barranquilla.org\/de\/wp-json\/wp\/v2\/users\/16"}],"replies":[{"embeddable":true,"href":"https:\/\/ds-barranquilla.org\/de\/wp-json\/wp\/v2\/comments?post=5704"}],"version-history":[{"count":1,"href":"https:\/\/ds-barranquilla.org\/de\/wp-json\/wp\/v2\/posts\/5704\/revisions"}],"predecessor-version":[{"id":5706,"href":"https:\/\/ds-barranquilla.org\/de\/wp-json\/wp\/v2\/posts\/5704\/revisions\/5706"}],"wp:featuredmedia":[{"embeddable":true,"href":"https:\/\/ds-barranquilla.org\/de\/wp-json\/wp\/v2\/media\/5705"}],"wp:attachment":[{"href":"https:\/\/ds-barranquilla.org\/de\/wp-json\/wp\/v2\/media?parent=5704"}],"wp:term":[{"taxonomy":"category","embeddable":true,"href":"https:\/\/ds-barranquilla.org\/de\/wp-json\/wp\/v2\/categories?post=5704"},{"taxonomy":"post_tag","embeddable":true,"href":"https:\/\/ds-barranquilla.org\/de\/wp-json\/wp\/v2\/tags?post=5704"}],"curies":[{"name":"wp","href":"https:\/\/api.w.org\/{rel}","templated":true}]}}