{"id":5731,"date":"2019-05-16T10:16:51","date_gmt":"2019-05-16T15:16:51","guid":{"rendered":"https:\/\/ds-barranquilla.org\/?p=5731"},"modified":"2023-01-04T15:19:59","modified_gmt":"2023-01-04T20:19:59","slug":"colegio-aleman-logro-calificacion-aaa-en-ranking-col-sapiens","status":"publish","type":"post","link":"https:\/\/ds-barranquilla.org\/de\/colegio-aleman-logro-calificacion-aaa-en-ranking-col-sapiens\/","title":{"rendered":"Colegio Alem\u00e1n logr\u00f3 calificaci\u00f3n AAA++ en Ranking Col-Sapiens"},"content":{"rendered":"<p><span class=\"TextRun SCXW34846994 BCX0\" lang=\"ES-CO\" xml:lang=\"ES-CO\" data-contrast=\"none\"><span class=\"NormalTextRun SCXW34846994 BCX0\">\u202f<\/span><\/span><span class=\"TextRun SCXW34846994 BCX0\" lang=\"ES-CO\" xml:lang=\"ES-CO\" data-contrast=\"none\"><span class=\"NormalTextRun SCXW34846994 BCX0\">creado<\/span><\/span><span class=\"TextRun SCXW34846994 BCX0\" lang=\"ES-CO\" xml:lang=\"ES-CO\" data-contrast=\"none\"><span class=\"NormalTextRun SCXW34846994 BCX0\">\u00a0por Jos\u00e9 R\u00edos Mercado |\u202f16.05.2019<\/span><\/span><span class=\"EOP SCXW34846994 BCX0\" data-ccp-props=\"{&quot;201341983&quot;:0,&quot;335559739&quot;:160,&quot;335559740&quot;:240}\">\u00a0<\/span><\/p>\n<p><span data-contrast=\"none\">Les compartimos a toda la comunidad estudiantil una gran\u202f<\/span><a href=\"https:\/\/www.srg.com.co\/noticias\/los-mejores-colegios-atlantico-calendario-b\/\"><span data-contrast=\"none\">noticia<\/span><\/a><span data-contrast=\"none\">\u202fy es la relacionada con el logro de nuestro colegio al alcanzar la calificaci\u00f3n AAA++ en el Ranking Col-Sapiens (la clasificaci\u00f3n de los mejores colegios colombianos seg\u00fan categor\u00eda,\u00a0<\/span><span data-contrast=\"none\">calidad y acreditaci\u00f3n internacional). En esta sexta versi\u00f3n del ranking, \u00fanicamente clasificaron 16 instituciones que representan el 2,48% de los colegios del departamento (en el Atl\u00e1ntico hay 267 colegios privados, de los cuales 20 son de calendario B).\u202f<\/span><span data-ccp-props=\"{&quot;201341983&quot;:0,&quot;335559739&quot;:180,&quot;335559740&quot;:240}\">\u00a0<\/span><\/p>\n<p><span data-contrast=\"none\">De estos 16 colegios (los mejores colegios del Atl\u00e1ntico del calendario B), 9 alcanzaron una calificaci\u00f3n (que va desde A, la menos alta, hasta AAA++, la m\u00e1s alta) por tener de manera vigente o activa sus correspondientes certificaciones o acreditaciones por firmas internacionales (New\u00a0<\/span><span data-contrast=\"none\">England<\/span><span data-contrast=\"none\">\u00a0<\/span><span data-contrast=\"none\">Association<\/span><span data-contrast=\"none\">\u00a0Of\u00a0<\/span><span data-contrast=\"none\">Schools<\/span><span data-contrast=\"none\">\u00a0And\u00a0<\/span><span data-contrast=\"none\">Colleges<\/span><span data-contrast=\"none\">, Council Of International\u00a0<\/span><span data-contrast=\"none\">Schools<\/span><span data-contrast=\"none\">, Cambridge\u00a0<\/span><span data-contrast=\"none\">Assessment<\/span><span data-contrast=\"none\">\u00a0International\u00a0<\/span><span data-contrast=\"none\">Education<\/span><span data-contrast=\"none\">,\u00a0<\/span><span data-contrast=\"none\">Preparation<\/span><span data-contrast=\"none\">\u00a0Centre-Cambridge English, ISO-9001, Cambridge English\u00a0<\/span><span data-contrast=\"none\">Schools<\/span><span data-contrast=\"none\">,\u00a0<\/span><span data-contrast=\"none\">Character<\/span><span data-contrast=\"none\">\u00a0<\/span><span data-contrast=\"none\">Counts<\/span><span data-contrast=\"none\">,\u00a0<\/span><span data-contrast=\"none\">Advanced<\/span><span data-contrast=\"none\">,\u00a0<\/span><span data-contrast=\"none\">College<\/span><span data-contrast=\"none\">\u00a0<\/span><span data-contrast=\"none\">Board<\/span><span data-contrast=\"none\">\u00a0<\/span><span data-contrast=\"none\">Testing<\/span><span data-contrast=\"none\">\u00a0Center, Colegios Alemanes, Bachillerato Internacional, EFQM).<\/span><span data-ccp-props=\"{&quot;201341983&quot;:0,&quot;335559739&quot;:180,&quot;335559740&quot;:240}\">\u00a0<\/span><\/p>\n<p><span data-contrast=\"none\">\u00a1Felicitaciones!<\/span><span data-ccp-props=\"{&quot;201341983&quot;:0,&quot;335559739&quot;:180,&quot;335559740&quot;:240}\">\u00a0<\/span><\/p>","protected":false},"excerpt":{"rendered":"<p>\u202fcreado\u00a0por Jos\u00e9 R\u00edos Mercado |\u202f16.05.2019\u00a0 Les compartimos a toda la comunidad estudiantil una gran\u202fnoticia\u202fy es la relacionada con el logro de nuestro colegio al alcanzar la<span class=\"excerpt-hellip\"> [\u2026]<\/span><\/p>","protected":false},"author":16,"featured_media":5732,"comment_status":"open","ping_status":"open","sticky":false,"template":"","format":"standard","meta":{"_exactmetrics_skip_tracking":false,"_exactmetrics_sitenote_active":false,"_exactmetrics_sitenote_note":"","_exactmetrics_sitenote_category":0,"_joinchat":[],"footnotes":""},"categories":[679,682],"tags":[468,500],"class_list":["post-5731","post","type-post","status-publish","format-standard","has-post-thumbnail","hentry","category-679","category-acreditaciones-y-calidad","tag-468","tag-administracion"],"yoast_head":"<!-- This site is optimized with the Yoast SEO plugin v23.3 - https:\/\/yoast.com\/wordpress\/plugins\/seo\/ -->\n<title>Colegio Alem\u00e1n logr\u00f3 calificaci\u00f3n AAA++ en Ranking Col-Sapiens - 2026<\/title>\n<meta name=\"robots\" content=\"noindex, follow, max-snippet:-1, max-image-preview:large, max-video-preview:-1\" \/>\n<meta property=\"og:locale\" content=\"de_DE\" \/>\n<meta property=\"og:type\" content=\"article\" \/>\n<meta property=\"og:title\" content=\"Colegio Alem\u00e1n logr\u00f3 calificaci\u00f3n AAA++ en Ranking Col-Sapiens - 2026\" \/>\n<meta property=\"og:description\" content=\"\u202fcreado\u00a0por Jos\u00e9 R\u00edos Mercado |\u202f16.05.2019\u00a0 Les compartimos a toda la comunidad estudiantil una gran\u202fnoticia\u202fy es la relacionada con el logro de nuestro colegio al alcanzar la [\u2026]\" \/>\n<meta property=\"og:url\" content=\"https:\/\/ds-barranquilla.org\/de\/colegio-aleman-logro-calificacion-aaa-en-ranking-col-sapiens\/\" \/>\n<meta property=\"og:site_name\" content=\"Colegio Alem\u00e1n - Los Mejores Colegios de Colombia - Colegio Triling\u00fce\" \/>\n<meta property=\"article:publisher\" content=\"https:\/\/www.facebook.com\/ColegioAlemanBaq\/\" \/>\n<meta property=\"article:published_time\" content=\"2019-05-16T15:16:51+00:00\" \/>\n<meta property=\"article:modified_time\" content=\"2023-01-04T20:19:59+00:00\" \/>\n<meta property=\"og:image\" content=\"https:\/\/ds-barranquilla.org\/wp-content\/uploads\/2020\/08\/Colegio-Alem\u00e1n-logr\u00f3-calificaci\u00f3n-AAA-en-Ranking-Col-Sapiens.jpg\" \/>\n\t<meta property=\"og:image:width\" content=\"524\" \/>\n\t<meta property=\"og:image:height\" content=\"228\" \/>\n\t<meta property=\"og:image:type\" content=\"image\/jpeg\" \/>\n<meta name=\"author\" content=\"Comunicaciones Comunicaciones\" \/>\n<meta name=\"twitter:card\" content=\"summary_large_image\" \/>\n<meta name=\"twitter:creator\" content=\"@ColegioAlemanBq\" \/>\n<meta name=\"twitter:site\" content=\"@ColegioAlemanBq\" \/>\n<meta name=\"twitter:label1\" content=\"Verfasst von\" \/>\n\t<meta name=\"twitter:data1\" content=\"Comunicaciones Comunicaciones\" \/>\n\t<meta name=\"twitter:label2\" content=\"Gesch\u00e4tzte Lesezeit\" \/>\n\t<meta name=\"twitter:data2\" content=\"1\u00a0Minute\" \/>\n<script type=\"application\/ld+json\" class=\"yoast-schema-graph\">{\"@context\":\"https:\/\/schema.org\",\"@graph\":[{\"@type\":\"Article\",\"@id\":\"https:\/\/ds-barranquilla.org\/de\/colegio-aleman-logro-calificacion-aaa-en-ranking-col-sapiens\/#article\",\"isPartOf\":{\"@id\":\"https:\/\/ds-barranquilla.org\/de\/colegio-aleman-logro-calificacion-aaa-en-ranking-col-sapiens\/\"},\"author\":{\"name\":\"Comunicaciones Comunicaciones\",\"@id\":\"https:\/\/ds-barranquilla.org\/#\/schema\/person\/7bf8790ba89d3480e0551241ccdc8d36\"},\"headline\":\"Colegio Alem\u00e1n logr\u00f3 calificaci\u00f3n AAA++ en Ranking Col-Sapiens\",\"datePublished\":\"2019-05-16T15:16:51+00:00\",\"dateModified\":\"2023-01-04T20:19:59+00:00\",\"mainEntityOfPage\":{\"@id\":\"https:\/\/ds-barranquilla.org\/de\/colegio-aleman-logro-calificacion-aaa-en-ranking-col-sapiens\/\"},\"wordCount\":174,\"commentCount\":0,\"publisher\":{\"@id\":\"https:\/\/ds-barranquilla.org\/#organization\"},\"image\":{\"@id\":\"https:\/\/ds-barranquilla.org\/de\/colegio-aleman-logro-calificacion-aaa-en-ranking-col-sapiens\/#primaryimage\"},\"thumbnailUrl\":\"https:\/\/ds-barranquilla.org\/wp-content\/uploads\/2020\/08\/Colegio-Alem\u00e1n-logr\u00f3-calificaci\u00f3n-AAA-en-Ranking-Col-Sapiens.jpg\",\"keywords\":[\"2019\",\"Administraci\u00f3n\"],\"articleSection\":[\"2019\",\"Acreditaciones y Calidad\"],\"inLanguage\":\"de\",\"potentialAction\":[{\"@type\":\"CommentAction\",\"name\":\"Comment\",\"target\":[\"https:\/\/ds-barranquilla.org\/de\/colegio-aleman-logro-calificacion-aaa-en-ranking-col-sapiens\/#respond\"]}]},{\"@type\":\"WebPage\",\"@id\":\"https:\/\/ds-barranquilla.org\/de\/colegio-aleman-logro-calificacion-aaa-en-ranking-col-sapiens\/\",\"url\":\"https:\/\/ds-barranquilla.org\/de\/colegio-aleman-logro-calificacion-aaa-en-ranking-col-sapiens\/\",\"name\":\"Colegio Alem\u00e1n logr\u00f3 calificaci\u00f3n AAA++ en Ranking Col-Sapiens - 2026\",\"isPartOf\":{\"@id\":\"https:\/\/ds-barranquilla.org\/#website\"},\"primaryImageOfPage\":{\"@id\":\"https:\/\/ds-barranquilla.org\/de\/colegio-aleman-logro-calificacion-aaa-en-ranking-col-sapiens\/#primaryimage\"},\"image\":{\"@id\":\"https:\/\/ds-barranquilla.org\/de\/colegio-aleman-logro-calificacion-aaa-en-ranking-col-sapiens\/#primaryimage\"},\"thumbnailUrl\":\"https:\/\/ds-barranquilla.org\/wp-content\/uploads\/2020\/08\/Colegio-Alem\u00e1n-logr\u00f3-calificaci\u00f3n-AAA-en-Ranking-Col-Sapiens.jpg\",\"datePublished\":\"2019-05-16T15:16:51+00:00\",\"dateModified\":\"2023-01-04T20:19:59+00:00\",\"breadcrumb\":{\"@id\":\"https:\/\/ds-barranquilla.org\/de\/colegio-aleman-logro-calificacion-aaa-en-ranking-col-sapiens\/#breadcrumb\"},\"inLanguage\":\"de\",\"potentialAction\":[{\"@type\":\"ReadAction\",\"target\":[\"https:\/\/ds-barranquilla.org\/de\/colegio-aleman-logro-calificacion-aaa-en-ranking-col-sapiens\/\"]}]},{\"@type\":\"ImageObject\",\"inLanguage\":\"de\",\"@id\":\"https:\/\/ds-barranquilla.org\/de\/colegio-aleman-logro-calificacion-aaa-en-ranking-col-sapiens\/#primaryimage\",\"url\":\"https:\/\/ds-barranquilla.org\/wp-content\/uploads\/2020\/08\/Colegio-Alem\u00e1n-logr\u00f3-calificaci\u00f3n-AAA-en-Ranking-Col-Sapiens.jpg\",\"contentUrl\":\"https:\/\/ds-barranquilla.org\/wp-content\/uploads\/2020\/08\/Colegio-Alem\u00e1n-logr\u00f3-calificaci\u00f3n-AAA-en-Ranking-Col-Sapiens.jpg\",\"width\":524,\"height\":228},{\"@type\":\"BreadcrumbList\",\"@id\":\"https:\/\/ds-barranquilla.org\/de\/colegio-aleman-logro-calificacion-aaa-en-ranking-col-sapiens\/#breadcrumb\",\"itemListElement\":[{\"@type\":\"ListItem\",\"position\":1,\"name\":\"Portada\",\"item\":\"https:\/\/ds-barranquilla.org\/\"},{\"@type\":\"ListItem\",\"position\":2,\"name\":\"Colegio Alem\u00e1n logr\u00f3 calificaci\u00f3n AAA++ en Ranking Col-Sapiens\"}]},{\"@type\":\"WebSite\",\"@id\":\"https:\/\/ds-barranquilla.org\/#website\",\"url\":\"https:\/\/ds-barranquilla.org\/\",\"name\":\"Colegio Alem\u00e1n - Los Mejores Colegios de Colombia - Colegio Triling\u00fce\",\"description\":\"Colegio Alem\u00e1n  Barranquilla Colombia - Colegio Biling\u00fce - Triling\u00fce - El Mejor Colegio de Colombia\",\"publisher\":{\"@id\":\"https:\/\/ds-barranquilla.org\/#organization\"},\"potentialAction\":[{\"@type\":\"SearchAction\",\"target\":{\"@type\":\"EntryPoint\",\"urlTemplate\":\"https:\/\/ds-barranquilla.org\/?s={search_term_string}\"},\"query-input\":\"required name=search_term_string\"}],\"inLanguage\":\"de\"},{\"@type\":\"Organization\",\"@id\":\"https:\/\/ds-barranquilla.org\/#organization\",\"name\":\"Colegio Alem\u00e1n Barranquilla\",\"url\":\"https:\/\/ds-barranquilla.org\/\",\"logo\":{\"@type\":\"ImageObject\",\"inLanguage\":\"de\",\"@id\":\"https:\/\/ds-barranquilla.org\/#\/schema\/logo\/image\/\",\"url\":\"https:\/\/ds-barranquilla.org\/wp-content\/uploads\/2021\/05\/coleman_logo_2.png\",\"contentUrl\":\"https:\/\/ds-barranquilla.org\/wp-content\/uploads\/2021\/05\/coleman_logo_2.png\",\"width\":418,\"height\":307,\"caption\":\"Colegio Alem\u00e1n Barranquilla\"},\"image\":{\"@id\":\"https:\/\/ds-barranquilla.org\/#\/schema\/logo\/image\/\"},\"sameAs\":[\"https:\/\/www.facebook.com\/ColegioAlemanBaq\/\",\"https:\/\/x.com\/ColegioAlemanBq\",\"https:\/\/www.instagram.com\/colegioalemanbaq\/\",\"https:\/\/www.linkedin.com\/school\/deutsche-schule-barranquilla\/\",\"https:\/\/www.youtube.com\/channel\/UCOOGZQCVs6aYRqIWvSN5agQ\"]},{\"@type\":\"Person\",\"@id\":\"https:\/\/ds-barranquilla.org\/#\/schema\/person\/7bf8790ba89d3480e0551241ccdc8d36\",\"name\":\"Comunicaciones Comunicaciones\",\"image\":{\"@type\":\"ImageObject\",\"inLanguage\":\"de\",\"@id\":\"https:\/\/ds-barranquilla.org\/#\/schema\/person\/image\/\",\"url\":\"https:\/\/secure.gravatar.com\/avatar\/a66ba9484a4338d81d6bea750e595038?s=96&d=mm&r=g\",\"contentUrl\":\"https:\/\/secure.gravatar.com\/avatar\/a66ba9484a4338d81d6bea750e595038?s=96&d=mm&r=g\",\"caption\":\"Comunicaciones Comunicaciones\"}}]}<\/script>\n<!-- \/ Yoast SEO plugin. -->","yoast_head_json":{"title":"Colegio Alem\u00e1n logr\u00f3 calificaci\u00f3n AAA++ en Ranking Col-Sapiens - 2026","robots":{"index":"noindex","follow":"follow","max-snippet":"max-snippet:-1","max-image-preview":"max-image-preview:large","max-video-preview":"max-video-preview:-1"},"og_locale":"de_DE","og_type":"article","og_title":"Colegio Alem\u00e1n logr\u00f3 calificaci\u00f3n AAA++ en Ranking Col-Sapiens - 2026","og_description":"\u202fcreado\u00a0por Jos\u00e9 R\u00edos Mercado |\u202f16.05.2019\u00a0 Les compartimos a toda la comunidad estudiantil una gran\u202fnoticia\u202fy es la relacionada con el logro de nuestro colegio al alcanzar la [\u2026]","og_url":"https:\/\/ds-barranquilla.org\/de\/colegio-aleman-logro-calificacion-aaa-en-ranking-col-sapiens\/","og_site_name":"Colegio Alem\u00e1n - Los Mejores Colegios de Colombia - Colegio Triling\u00fce","article_publisher":"https:\/\/www.facebook.com\/ColegioAlemanBaq\/","article_published_time":"2019-05-16T15:16:51+00:00","article_modified_time":"2023-01-04T20:19:59+00:00","og_image":[{"width":524,"height":228,"url":"https:\/\/ds-barranquilla.org\/wp-content\/uploads\/2020\/08\/Colegio-Alem\u00e1n-logr\u00f3-calificaci\u00f3n-AAA-en-Ranking-Col-Sapiens.jpg","type":"image\/jpeg"}],"author":"Comunicaciones Comunicaciones","twitter_card":"summary_large_image","twitter_creator":"@ColegioAlemanBq","twitter_site":"@ColegioAlemanBq","twitter_misc":{"Verfasst von":"Comunicaciones Comunicaciones","Gesch\u00e4tzte Lesezeit":"1\u00a0Minute"},"schema":{"@context":"https:\/\/schema.org","@graph":[{"@type":"Article","@id":"https:\/\/ds-barranquilla.org\/de\/colegio-aleman-logro-calificacion-aaa-en-ranking-col-sapiens\/#article","isPartOf":{"@id":"https:\/\/ds-barranquilla.org\/de\/colegio-aleman-logro-calificacion-aaa-en-ranking-col-sapiens\/"},"author":{"name":"Comunicaciones Comunicaciones","@id":"https:\/\/ds-barranquilla.org\/#\/schema\/person\/7bf8790ba89d3480e0551241ccdc8d36"},"headline":"Colegio Alem\u00e1n logr\u00f3 calificaci\u00f3n AAA++ en Ranking Col-Sapiens","datePublished":"2019-05-16T15:16:51+00:00","dateModified":"2023-01-04T20:19:59+00:00","mainEntityOfPage":{"@id":"https:\/\/ds-barranquilla.org\/de\/colegio-aleman-logro-calificacion-aaa-en-ranking-col-sapiens\/"},"wordCount":174,"commentCount":0,"publisher":{"@id":"https:\/\/ds-barranquilla.org\/#organization"},"image":{"@id":"https:\/\/ds-barranquilla.org\/de\/colegio-aleman-logro-calificacion-aaa-en-ranking-col-sapiens\/#primaryimage"},"thumbnailUrl":"https:\/\/ds-barranquilla.org\/wp-content\/uploads\/2020\/08\/Colegio-Alem\u00e1n-logr\u00f3-calificaci\u00f3n-AAA-en-Ranking-Col-Sapiens.jpg","keywords":["2019","Administraci\u00f3n"],"articleSection":["2019","Acreditaciones y Calidad"],"inLanguage":"de","potentialAction":[{"@type":"CommentAction","name":"Comment","target":["https:\/\/ds-barranquilla.org\/de\/colegio-aleman-logro-calificacion-aaa-en-ranking-col-sapiens\/#respond"]}]},{"@type":"WebPage","@id":"https:\/\/ds-barranquilla.org\/de\/colegio-aleman-logro-calificacion-aaa-en-ranking-col-sapiens\/","url":"https:\/\/ds-barranquilla.org\/de\/colegio-aleman-logro-calificacion-aaa-en-ranking-col-sapiens\/","name":"Colegio Alem\u00e1n logr\u00f3 calificaci\u00f3n AAA++ en Ranking Col-Sapiens - 2026","isPartOf":{"@id":"https:\/\/ds-barranquilla.org\/#website"},"primaryImageOfPage":{"@id":"https:\/\/ds-barranquilla.org\/de\/colegio-aleman-logro-calificacion-aaa-en-ranking-col-sapiens\/#primaryimage"},"image":{"@id":"https:\/\/ds-barranquilla.org\/de\/colegio-aleman-logro-calificacion-aaa-en-ranking-col-sapiens\/#primaryimage"},"thumbnailUrl":"https:\/\/ds-barranquilla.org\/wp-content\/uploads\/2020\/08\/Colegio-Alem\u00e1n-logr\u00f3-calificaci\u00f3n-AAA-en-Ranking-Col-Sapiens.jpg","datePublished":"2019-05-16T15:16:51+00:00","dateModified":"2023-01-04T20:19:59+00:00","breadcrumb":{"@id":"https:\/\/ds-barranquilla.org\/de\/colegio-aleman-logro-calificacion-aaa-en-ranking-col-sapiens\/#breadcrumb"},"inLanguage":"de","potentialAction":[{"@type":"ReadAction","target":["https:\/\/ds-barranquilla.org\/de\/colegio-aleman-logro-calificacion-aaa-en-ranking-col-sapiens\/"]}]},{"@type":"ImageObject","inLanguage":"de","@id":"https:\/\/ds-barranquilla.org\/de\/colegio-aleman-logro-calificacion-aaa-en-ranking-col-sapiens\/#primaryimage","url":"https:\/\/ds-barranquilla.org\/wp-content\/uploads\/2020\/08\/Colegio-Alem\u00e1n-logr\u00f3-calificaci\u00f3n-AAA-en-Ranking-Col-Sapiens.jpg","contentUrl":"https:\/\/ds-barranquilla.org\/wp-content\/uploads\/2020\/08\/Colegio-Alem\u00e1n-logr\u00f3-calificaci\u00f3n-AAA-en-Ranking-Col-Sapiens.jpg","width":524,"height":228},{"@type":"BreadcrumbList","@id":"https:\/\/ds-barranquilla.org\/de\/colegio-aleman-logro-calificacion-aaa-en-ranking-col-sapiens\/#breadcrumb","itemListElement":[{"@type":"ListItem","position":1,"name":"Portada","item":"https:\/\/ds-barranquilla.org\/"},{"@type":"ListItem","position":2,"name":"Colegio Alem\u00e1n logr\u00f3 calificaci\u00f3n AAA++ en Ranking Col-Sapiens"}]},{"@type":"WebSite","@id":"https:\/\/ds-barranquilla.org\/#website","url":"https:\/\/ds-barranquilla.org\/","name":"Colegio Alem\u00e1n - Los Mejores Colegios de Colombia - Colegio Triling\u00fce","description":"Colegio Alem\u00e1n  Barranquilla Colombia - Colegio Biling\u00fce - Triling\u00fce - El Mejor Colegio de Colombia","publisher":{"@id":"https:\/\/ds-barranquilla.org\/#organization"},"potentialAction":[{"@type":"SearchAction","target":{"@type":"EntryPoint","urlTemplate":"https:\/\/ds-barranquilla.org\/?s={search_term_string}"},"query-input":"required name=search_term_string"}],"inLanguage":"de"},{"@type":"Organization","@id":"https:\/\/ds-barranquilla.org\/#organization","name":"Colegio Alem\u00e1n Barranquilla","url":"https:\/\/ds-barranquilla.org\/","logo":{"@type":"ImageObject","inLanguage":"de","@id":"https:\/\/ds-barranquilla.org\/#\/schema\/logo\/image\/","url":"https:\/\/ds-barranquilla.org\/wp-content\/uploads\/2021\/05\/coleman_logo_2.png","contentUrl":"https:\/\/ds-barranquilla.org\/wp-content\/uploads\/2021\/05\/coleman_logo_2.png","width":418,"height":307,"caption":"Colegio Alem\u00e1n Barranquilla"},"image":{"@id":"https:\/\/ds-barranquilla.org\/#\/schema\/logo\/image\/"},"sameAs":["https:\/\/www.facebook.com\/ColegioAlemanBaq\/","https:\/\/x.com\/ColegioAlemanBq","https:\/\/www.instagram.com\/colegioalemanbaq\/","https:\/\/www.linkedin.com\/school\/deutsche-schule-barranquilla\/","https:\/\/www.youtube.com\/channel\/UCOOGZQCVs6aYRqIWvSN5agQ"]},{"@type":"Person","@id":"https:\/\/ds-barranquilla.org\/#\/schema\/person\/7bf8790ba89d3480e0551241ccdc8d36","name":"Comunicaciones Comunicaciones","image":{"@type":"ImageObject","inLanguage":"de","@id":"https:\/\/ds-barranquilla.org\/#\/schema\/person\/image\/","url":"https:\/\/secure.gravatar.com\/avatar\/a66ba9484a4338d81d6bea750e595038?s=96&d=mm&r=g","contentUrl":"https:\/\/secure.gravatar.com\/avatar\/a66ba9484a4338d81d6bea750e595038?s=96&d=mm&r=g","caption":"Comunicaciones Comunicaciones"}}]}},"_links":{"self":[{"href":"https:\/\/ds-barranquilla.org\/de\/wp-json\/wp\/v2\/posts\/5731"}],"collection":[{"href":"https:\/\/ds-barranquilla.org\/de\/wp-json\/wp\/v2\/posts"}],"about":[{"href":"https:\/\/ds-barranquilla.org\/de\/wp-json\/wp\/v2\/types\/post"}],"author":[{"embeddable":true,"href":"https:\/\/ds-barranquilla.org\/de\/wp-json\/wp\/v2\/users\/16"}],"replies":[{"embeddable":true,"href":"https:\/\/ds-barranquilla.org\/de\/wp-json\/wp\/v2\/comments?post=5731"}],"version-history":[{"count":1,"href":"https:\/\/ds-barranquilla.org\/de\/wp-json\/wp\/v2\/posts\/5731\/revisions"}],"predecessor-version":[{"id":5733,"href":"https:\/\/ds-barranquilla.org\/de\/wp-json\/wp\/v2\/posts\/5731\/revisions\/5733"}],"wp:featuredmedia":[{"embeddable":true,"href":"https:\/\/ds-barranquilla.org\/de\/wp-json\/wp\/v2\/media\/5732"}],"wp:attachment":[{"href":"https:\/\/ds-barranquilla.org\/de\/wp-json\/wp\/v2\/media?parent=5731"}],"wp:term":[{"taxonomy":"category","embeddable":true,"href":"https:\/\/ds-barranquilla.org\/de\/wp-json\/wp\/v2\/categories?post=5731"},{"taxonomy":"post_tag","embeddable":true,"href":"https:\/\/ds-barranquilla.org\/de\/wp-json\/wp\/v2\/tags?post=5731"}],"curies":[{"name":"wp","href":"https:\/\/api.w.org\/{rel}","templated":true}]}}