{"id":5738,"date":"2019-05-16T14:50:48","date_gmt":"2019-05-16T19:50:48","guid":{"rendered":"https:\/\/ds-barranquilla.org\/?p=5738"},"modified":"2023-01-04T15:21:38","modified_gmt":"2023-01-04T20:21:38","slug":"profesores-de-colegios-alemanes-de-la-region-se-capacitaron-en-barranquilla","status":"publish","type":"post","link":"https:\/\/ds-barranquilla.org\/de\/profesores-de-colegios-alemanes-de-la-region-se-capacitaron-en-barranquilla\/","title":{"rendered":"Profesores de colegios alemanes de la Regi\u00f3n se capacitaron en Barranquilla"},"content":{"rendered":"<p><span class=\"TextRun SCXW43659614 BCX0\" lang=\"ES-CO\" xml:lang=\"ES-CO\" data-contrast=\"none\"><span class=\"NormalTextRun SCXW43659614 BCX0\">\u202f<\/span><\/span><span class=\"TextRun SCXW43659614 BCX0\" lang=\"ES-CO\" xml:lang=\"ES-CO\" data-contrast=\"none\"><span class=\"NormalTextRun SCXW43659614 BCX0\">creado<\/span><\/span><span class=\"TextRun SCXW43659614 BCX0\" lang=\"ES-CO\" xml:lang=\"ES-CO\" data-contrast=\"none\"><span class=\"NormalTextRun SCXW43659614 BCX0\">\u00a0por Jos\u00e9 R\u00edos Mercado |\u202f16.05.2019<\/span><\/span><span class=\"EOP SCXW43659614 BCX0\" data-ccp-props=\"{&quot;201341983&quot;:0,&quot;335559739&quot;:160,&quot;335559740&quot;:240}\">\u00a0<\/span><\/p>\n<p><span data-contrast=\"none\">Un grupo de profesores de los colegios alemanes de la Regi\u00f3n 3 se capacitaron en nuestro colegio en temas relacionados con su labor profesional. Las dos jornadas de\u00a0<\/span><span data-contrast=\"none\">capacitaci\u00f3n estuvieron a cargo de Sandra\u00a0<\/span><span data-contrast=\"none\">Schellhorn<\/span><span data-contrast=\"none\">, Facilitadora de Procesos de la Oficina Central de Colegios Alemanes en el Extranjero (<\/span><span data-contrast=\"none\">ZfA<\/span><span data-contrast=\"none\">) para la Regi\u00f3n 3, y estuvieron organizadas de la siguiente manera:<\/span><span data-ccp-props=\"{&quot;201341983&quot;:0,&quot;335559739&quot;:180,&quot;335559740&quot;:240}\">\u00a0<\/span><\/p>\n<p><b><span data-contrast=\"none\">8 al 10 de mayo<\/span><\/b><span data-ccp-props=\"{&quot;201341983&quot;:0,&quot;335559739&quot;:180,&quot;335559740&quot;:240}\">\u00a0<\/span><\/p>\n<p><span data-contrast=\"none\">M\u00f3dulo de Reflexi\u00f3n para Consultores de Ense\u00f1anza (Actualizaci\u00f3n): \u00bfQu\u00e9 es una buena ense\u00f1anza? Discusiones de casos para obtener alternativas de acci\u00f3n para la pr\u00e1ctica.<\/span><span data-ccp-props=\"{&quot;201341983&quot;:0,&quot;335559739&quot;:180,&quot;335559740&quot;:240}\">\u00a0<\/span><\/p>\n<p><span data-contrast=\"none\">Participantes:<\/span><span data-ccp-props=\"{&quot;201341983&quot;:0,&quot;335559739&quot;:180,&quot;335559740&quot;:240}\">\u00a0<\/span><\/p>\n<p><span data-contrast=\"none\">-\u202f\u202f\u202f\u202f\u202f\u202fRosa Heredia (Colegio Alem\u00e1n Cuenca)<\/span><span data-ccp-props=\"{&quot;201341983&quot;:0,&quot;335559739&quot;:180,&quot;335559740&quot;:240}\">\u00a0<\/span><\/p>\n<p><span data-contrast=\"none\">-\u202f\u202f\u202f\u202f\u202f\u202fTania Jim\u00e9nez (Colegio Alem\u00e1n Cuenca)<\/span><span data-ccp-props=\"{&quot;201341983&quot;:0,&quot;335559739&quot;:180,&quot;335559740&quot;:240}\">\u00a0<\/span><\/p>\n<p><span data-contrast=\"none\">-\u202f\u202f\u202f\u202f\u202f\u202fRuth Madrid (Colegio Alem\u00e1n Guayaquil)<\/span><span data-ccp-props=\"{&quot;201341983&quot;:0,&quot;335559739&quot;:180,&quot;335559740&quot;:240}\">\u00a0<\/span><\/p>\n<p><span data-contrast=\"none\">-\u202f\u202f\u202f\u202f\u202f\u202fKathy Garz\u00f3n (Colegio Alem\u00e1n Quito)<\/span><span data-ccp-props=\"{&quot;201341983&quot;:0,&quot;335559739&quot;:180,&quot;335559740&quot;:240}\">\u00a0<\/span><\/p>\n<p><span data-contrast=\"none\">-\u202f\u202f\u202f\u202f\u202f\u202fRita\u00a0<\/span><span data-contrast=\"none\">H\u00fcbenthal<\/span><span data-contrast=\"none\">\u00a0(Colegio Alem\u00e1n Quito)<\/span><span data-ccp-props=\"{&quot;201341983&quot;:0,&quot;335559739&quot;:180,&quot;335559740&quot;:240}\">\u00a0<\/span><\/p>\n<p><span data-contrast=\"none\">-\u202f\u202f\u202f\u202f\u202f\u202fAlexandra Gonz\u00e1lez (Colegio Alem\u00e1n Bogot\u00e1)<\/span><span data-ccp-props=\"{&quot;201341983&quot;:0,&quot;335559739&quot;:180,&quot;335559740&quot;:240}\">\u00a0<\/span><\/p>\n<p><span data-contrast=\"none\">-\u202f\u202f\u202f\u202f\u202f\u202fDiana Gordillo (Colegio Alem\u00e1n Bogot\u00e1)<\/span><span data-ccp-props=\"{&quot;201341983&quot;:0,&quot;335559739&quot;:180,&quot;335559740&quot;:240}\">\u00a0<\/span><\/p>\n<p><span data-contrast=\"none\">-\u202f\u202f\u202f\u202f\u202f\u202fGiovanni Solano (Colegio Alem\u00e1n Bogot\u00e1)<\/span><span data-ccp-props=\"{&quot;201341983&quot;:0,&quot;335559739&quot;:180,&quot;335559740&quot;:240}\">\u00a0<\/span><\/p>\n<p><span data-contrast=\"none\">-\u202f\u202f\u202f\u202f\u202f\u202f<\/span><span data-contrast=\"none\">Judy<\/span><span data-contrast=\"none\">\u00a0<\/span><span data-contrast=\"none\">Criales<\/span><span data-contrast=\"none\">\u00a0(Colegio Alem\u00e1n Cali)<\/span><span data-ccp-props=\"{&quot;201341983&quot;:0,&quot;335559739&quot;:180,&quot;335559740&quot;:240}\">\u00a0<\/span><\/p>\n<p><span data-contrast=\"none\">-\u202f\u202f\u202f\u202f\u202f\u202fRoc\u00edo Lozano (Colegio Alem\u00e1n Cali)<\/span><span data-ccp-props=\"{&quot;201341983&quot;:0,&quot;335559739&quot;:180,&quot;335559740&quot;:240}\">\u00a0<\/span><\/p>\n<p><span data-contrast=\"none\">-\u202f\u202f\u202f\u202f\u202f\u202fCarmen Andrade (Colegio Alem\u00e1n Barranquilla)<\/span><span data-ccp-props=\"{&quot;201341983&quot;:0,&quot;335559739&quot;:180,&quot;335559740&quot;:240}\">\u00a0<\/span><\/p>\n<p><span data-contrast=\"none\">-\u202f\u202f\u202f\u202f\u202f\u202fJohanna M\u00e1rquez (Colegio Alem\u00e1n Barranquilla)\u202f<\/span><span data-ccp-props=\"{&quot;201341983&quot;:0,&quot;335559739&quot;:180,&quot;335559740&quot;:240}\">\u00a0<\/span><\/p>\n<p><b><span data-contrast=\"none\">13 al 15 de mayo<\/span><\/b><span data-ccp-props=\"{&quot;201341983&quot;:0,&quot;335559739&quot;:180,&quot;335559740&quot;:240}\">\u00a0<\/span><\/p>\n<p><span data-contrast=\"none\">C\u00edrculo de calidad\u00a0<\/span><span data-contrast=\"none\">DaF<\/span><span data-contrast=\"none\">\/DFU (Tema principal: Entrelazamiento de\u00a0<\/span><span data-contrast=\"none\">DaF<\/span><span data-contrast=\"none\">\/DFU; Temas secundarios: Principios b\u00e1sicos de la\u00a0<\/span><span data-contrast=\"none\">DaF<\/span><span data-contrast=\"none\">\/DFU, actualizaci\u00f3n del concepto de aprendizaje de alem\u00e1n).<\/span><span data-ccp-props=\"{&quot;201341983&quot;:0,&quot;335559739&quot;:180,&quot;335559740&quot;:240}\">\u00a0<\/span><\/p>\n<p><span data-contrast=\"none\">Participantes:<\/span><span data-ccp-props=\"{&quot;201341983&quot;:0,&quot;335559739&quot;:180,&quot;335559740&quot;:240}\">\u00a0<\/span><\/p>\n<p><span data-contrast=\"none\">-\u202f\u202f\u202f\u202f\u202f\u202f<\/span><span data-contrast=\"none\">Rolf<\/span><span data-contrast=\"none\">\u00a0<\/span><span data-contrast=\"none\">Kessler<\/span><span data-contrast=\"none\">\u00a0(Colegio Alem\u00e1n Ciudad de Panam\u00e1)<\/span><span data-ccp-props=\"{&quot;201341983&quot;:0,&quot;335559739&quot;:180,&quot;335559740&quot;:240}\">\u00a0<\/span><\/p>\n<p><span data-contrast=\"none\">-\u202f\u202f\u202f\u202f\u202f\u202fCristian\u00a0<\/span><span data-contrast=\"none\">Katzer<\/span><span data-contrast=\"none\">\u00a0(Colegio Alem\u00e1n Cuenca)<\/span><span data-ccp-props=\"{&quot;201341983&quot;:0,&quot;335559739&quot;:180,&quot;335559740&quot;:240}\">\u00a0<\/span><\/p>\n<p><span data-contrast=\"none\">-\u202f\u202f\u202f\u202f\u202f\u202fJulia\u00a0<\/span><span data-contrast=\"none\">G\u00f6tz<\/span><span data-contrast=\"none\">\u00a0(Colegio Alem\u00e1n Guayaquil)<\/span><span data-ccp-props=\"{&quot;201341983&quot;:0,&quot;335559739&quot;:180,&quot;335559740&quot;:240}\">\u00a0<\/span><\/p>\n<p><span data-contrast=\"none\">-\u202f\u202f\u202f\u202f\u202f\u202f<\/span><span data-contrast=\"none\">Nathalie<\/span><span data-contrast=\"none\">\u00a0<\/span><span data-contrast=\"none\">Ramsauer<\/span><span data-contrast=\"none\">\u00a0(Colegio Alem\u00e1n Guayaquil)<\/span><span data-ccp-props=\"{&quot;201341983&quot;:0,&quot;335559739&quot;:180,&quot;335559740&quot;:240}\">\u00a0<\/span><\/p>\n<p><span data-contrast=\"none\">-\u202f\u202f\u202f\u202f\u202f\u202fThomas\u00a0<\/span><span data-contrast=\"none\">Engelhardt<\/span><span data-contrast=\"none\">\u00a0(Colegio Alem\u00e1n Quito)<\/span><span data-ccp-props=\"{&quot;201341983&quot;:0,&quot;335559739&quot;:180,&quot;335559740&quot;:240}\">\u00a0<\/span><\/p>\n<p><span data-contrast=\"none\">-\u202f\u202f\u202f\u202f\u202f\u202f<\/span><span data-contrast=\"none\">Stefanie<\/span><span data-contrast=\"none\">\u00a0Mayer (Colegio Alem\u00e1n Quito)<\/span><span data-ccp-props=\"{&quot;201341983&quot;:0,&quot;335559739&quot;:180,&quot;335559740&quot;:240}\">\u00a0<\/span><\/p>\n<p><span data-contrast=\"none\">-\u202f\u202f\u202f\u202f\u202f\u202fManuela\u00a0<\/span><span data-contrast=\"none\">Flaig<\/span><span data-contrast=\"none\">\u00a0(Colegio Alem\u00e1n R\u00edo de Janeiro)<\/span><span data-ccp-props=\"{&quot;201341983&quot;:0,&quot;335559739&quot;:180,&quot;335559740&quot;:240}\">\u00a0<\/span><\/p>\n<p><span data-contrast=\"none\">-\u202f\u202f\u202f\u202f\u202f\u202f<\/span><span data-contrast=\"none\">Ulrike<\/span><span data-contrast=\"none\">\u00a0Flores (Colegio Alem\u00e1n San Miguel Allende)<\/span><span data-ccp-props=\"{&quot;201341983&quot;:0,&quot;335559739&quot;:180,&quot;335559740&quot;:240}\">\u00a0<\/span><\/p>\n<p><span data-contrast=\"none\">-\u202f\u202f\u202f\u202f\u202f\u202fAna Luc\u00eda\u00a0<\/span><span data-contrast=\"none\">Kempe<\/span><span data-contrast=\"none\">\u00a0(Colegio Alem\u00e1n Bogot\u00e1)<\/span><span data-ccp-props=\"{&quot;201341983&quot;:0,&quot;335559739&quot;:180,&quot;335559740&quot;:240}\">\u00a0<\/span><\/p>\n<p><span data-contrast=\"none\">-\u202f\u202f\u202f\u202f\u202f\u202f<\/span><span data-contrast=\"none\">Torsten<\/span><span data-contrast=\"none\">\u00a0<\/span><span data-contrast=\"none\">Landgraf<\/span><span data-contrast=\"none\">\u00a0(Colegio Alem\u00e1n Bogot\u00e1)<\/span><span data-ccp-props=\"{&quot;201341983&quot;:0,&quot;335559739&quot;:180,&quot;335559740&quot;:240}\">\u00a0<\/span><\/p>\n<p><span data-contrast=\"none\">-\u202f\u202f\u202f\u202f\u202f\u202f<\/span><span data-contrast=\"none\">Christiane<\/span><span data-contrast=\"none\">\u00a0<\/span><span data-contrast=\"none\">Beuvnik<\/span><span data-contrast=\"none\">\u00a0(Colegio Alem\u00e1n Cali)<\/span><span data-ccp-props=\"{&quot;201341983&quot;:0,&quot;335559739&quot;:180,&quot;335559740&quot;:240}\">\u00a0<\/span><\/p>\n<p><span data-contrast=\"none\">-\u202f\u202f\u202f\u202f\u202f\u202fSylvia\u00a0<\/span><span data-contrast=\"none\">Nissen<\/span><span data-contrast=\"none\">\u00a0(Colegio Alem\u00e1n Cali)<\/span><span data-ccp-props=\"{&quot;201341983&quot;:0,&quot;335559739&quot;:180,&quot;335559740&quot;:240}\">\u00a0<\/span><\/p>\n<p><span data-contrast=\"none\">-\u202f\u202f\u202f\u202f\u202f\u202f\u202f<\/span><span data-contrast=\"none\">Christin<\/span><span data-contrast=\"none\">\u00a0<\/span><span data-contrast=\"none\">Schmith<\/span><span data-contrast=\"none\">\u00a0(Colegio Alem\u00e1n Cali)<\/span><span data-ccp-props=\"{&quot;201341983&quot;:0,&quot;335559739&quot;:180,&quot;335559740&quot;:240}\">\u00a0<\/span><\/p>\n<p><span data-contrast=\"none\">-\u202f\u202f\u202f\u202f\u202f\u202f<\/span><span data-contrast=\"none\">Till<\/span><span data-contrast=\"none\">\u00a0<\/span><span data-contrast=\"none\">Schneiker<\/span><span data-contrast=\"none\">\u00a0(Colegio Alem\u00e1n Cali)<\/span><span data-ccp-props=\"{&quot;201341983&quot;:0,&quot;335559739&quot;:180,&quot;335559740&quot;:240}\">\u00a0<\/span><\/p>\n<p><span data-contrast=\"none\">-\u202f\u202f\u202f\u202f\u202f\u202f<\/span><span data-contrast=\"none\">Goop<\/span><span data-contrast=\"none\">\u00a0Samuel (Colegio Alem\u00e1n Medell\u00edn)<\/span><span data-ccp-props=\"{&quot;201341983&quot;:0,&quot;335559739&quot;:180,&quot;335559740&quot;:240}\">\u00a0<\/span><\/p>\n<p><span data-contrast=\"none\">-\u202f\u202f\u202f\u202f\u202f\u202f<\/span><span data-contrast=\"none\">Rolfs<\/span><span data-contrast=\"none\">\u00a0<\/span><span data-contrast=\"none\">Sven<\/span><span data-contrast=\"none\">\u00a0(Colegio Alem\u00e1n Medell\u00edn)<\/span><span data-ccp-props=\"{&quot;201341983&quot;:0,&quot;335559739&quot;:180,&quot;335559740&quot;:240}\">\u00a0<\/span><\/p>","protected":false},"excerpt":{"rendered":"<p>\u202fcreado\u00a0por Jos\u00e9 R\u00edos Mercado |\u202f16.05.2019\u00a0 Un grupo de profesores de los colegios alemanes de la Regi\u00f3n 3 se capacitaron en nuestro colegio en temas relacionados con<span class=\"excerpt-hellip\"> [\u2026]<\/span><\/p>","protected":false},"author":16,"featured_media":5739,"comment_status":"open","ping_status":"open","sticky":false,"template":"","format":"standard","meta":{"_exactmetrics_skip_tracking":false,"_exactmetrics_sitenote_active":false,"_exactmetrics_sitenote_note":"","_exactmetrics_sitenote_category":0,"_joinchat":[],"footnotes":""},"categories":[679,682,683],"tags":[468,450],"class_list":["post-5738","post","type-post","status-publish","format-standard","has-post-thumbnail","hentry","category-679","category-acreditaciones-y-calidad","category-administracion","tag-468","tag-profesores"],"yoast_head":"<!-- This site is optimized with the Yoast SEO plugin v23.3 - https:\/\/yoast.com\/wordpress\/plugins\/seo\/ -->\n<title>Profesores de colegios alemanes de la Regi\u00f3n se capacitaron en Barranquilla - 2026<\/title>\n<meta name=\"robots\" content=\"noindex, follow, max-snippet:-1, max-image-preview:large, max-video-preview:-1\" \/>\n<meta property=\"og:locale\" content=\"de_DE\" \/>\n<meta property=\"og:type\" content=\"article\" \/>\n<meta property=\"og:title\" content=\"Profesores de colegios alemanes de la Regi\u00f3n se capacitaron en Barranquilla - 2026\" \/>\n<meta property=\"og:description\" content=\"\u202fcreado\u00a0por Jos\u00e9 R\u00edos Mercado |\u202f16.05.2019\u00a0 Un grupo de profesores de los colegios alemanes de la Regi\u00f3n 3 se capacitaron en nuestro colegio en temas relacionados con [\u2026]\" \/>\n<meta property=\"og:url\" content=\"https:\/\/ds-barranquilla.org\/de\/profesores-de-colegios-alemanes-de-la-region-se-capacitaron-en-barranquilla\/\" \/>\n<meta property=\"og:site_name\" content=\"Colegio Alem\u00e1n - Los Mejores Colegios de Colombia - Colegio Triling\u00fce\" \/>\n<meta property=\"article:publisher\" content=\"https:\/\/www.facebook.com\/ColegioAlemanBaq\/\" \/>\n<meta property=\"article:published_time\" content=\"2019-05-16T19:50:48+00:00\" \/>\n<meta property=\"article:modified_time\" content=\"2023-01-04T20:21:38+00:00\" \/>\n<meta property=\"og:image\" content=\"https:\/\/ds-barranquilla.org\/wp-content\/uploads\/2020\/08\/Profesores-de-colegios-alemanes-de-la-Regi\u00f3n-se-capacitaron-en-Barranquilla.jpg\" \/>\n\t<meta property=\"og:image:width\" content=\"615\" \/>\n\t<meta property=\"og:image:height\" content=\"230\" \/>\n\t<meta property=\"og:image:type\" content=\"image\/jpeg\" \/>\n<meta name=\"author\" content=\"Comunicaciones Comunicaciones\" \/>\n<meta name=\"twitter:card\" content=\"summary_large_image\" \/>\n<meta name=\"twitter:creator\" content=\"@ColegioAlemanBq\" \/>\n<meta name=\"twitter:site\" content=\"@ColegioAlemanBq\" \/>\n<meta name=\"twitter:label1\" content=\"Verfasst von\" \/>\n\t<meta name=\"twitter:data1\" content=\"Comunicaciones Comunicaciones\" \/>\n\t<meta name=\"twitter:label2\" content=\"Gesch\u00e4tzte Lesezeit\" \/>\n\t<meta name=\"twitter:data2\" content=\"2\u00a0Minuten\" \/>\n<script type=\"application\/ld+json\" class=\"yoast-schema-graph\">{\"@context\":\"https:\/\/schema.org\",\"@graph\":[{\"@type\":\"Article\",\"@id\":\"https:\/\/ds-barranquilla.org\/profesores-de-colegios-alemanes-de-la-region-se-capacitaron-en-barranquilla\/#article\",\"isPartOf\":{\"@id\":\"https:\/\/ds-barranquilla.org\/profesores-de-colegios-alemanes-de-la-region-se-capacitaron-en-barranquilla\/\"},\"author\":{\"name\":\"Comunicaciones Comunicaciones\",\"@id\":\"https:\/\/ds-barranquilla.org\/#\/schema\/person\/7bf8790ba89d3480e0551241ccdc8d36\"},\"headline\":\"Profesores de colegios alemanes de la Regi\u00f3n se capacitaron en Barranquilla\",\"datePublished\":\"2019-05-16T19:50:48+00:00\",\"dateModified\":\"2023-01-04T20:21:38+00:00\",\"mainEntityOfPage\":{\"@id\":\"https:\/\/ds-barranquilla.org\/profesores-de-colegios-alemanes-de-la-region-se-capacitaron-en-barranquilla\/\"},\"wordCount\":362,\"commentCount\":0,\"publisher\":{\"@id\":\"https:\/\/ds-barranquilla.org\/#organization\"},\"image\":{\"@id\":\"https:\/\/ds-barranquilla.org\/profesores-de-colegios-alemanes-de-la-region-se-capacitaron-en-barranquilla\/#primaryimage\"},\"thumbnailUrl\":\"https:\/\/ds-barranquilla.org\/wp-content\/uploads\/2020\/08\/Profesores-de-colegios-alemanes-de-la-Regi\u00f3n-se-capacitaron-en-Barranquilla.jpg\",\"keywords\":[\"2019\",\"Profesores\"],\"articleSection\":[\"2019\",\"Acreditaciones y Calidad\",\"Administraci\u00f3n\"],\"inLanguage\":\"de\",\"potentialAction\":[{\"@type\":\"CommentAction\",\"name\":\"Comment\",\"target\":[\"https:\/\/ds-barranquilla.org\/profesores-de-colegios-alemanes-de-la-region-se-capacitaron-en-barranquilla\/#respond\"]}]},{\"@type\":\"WebPage\",\"@id\":\"https:\/\/ds-barranquilla.org\/profesores-de-colegios-alemanes-de-la-region-se-capacitaron-en-barranquilla\/\",\"url\":\"https:\/\/ds-barranquilla.org\/profesores-de-colegios-alemanes-de-la-region-se-capacitaron-en-barranquilla\/\",\"name\":\"Profesores de colegios alemanes de la Regi\u00f3n se capacitaron en Barranquilla - 2026\",\"isPartOf\":{\"@id\":\"https:\/\/ds-barranquilla.org\/#website\"},\"primaryImageOfPage\":{\"@id\":\"https:\/\/ds-barranquilla.org\/profesores-de-colegios-alemanes-de-la-region-se-capacitaron-en-barranquilla\/#primaryimage\"},\"image\":{\"@id\":\"https:\/\/ds-barranquilla.org\/profesores-de-colegios-alemanes-de-la-region-se-capacitaron-en-barranquilla\/#primaryimage\"},\"thumbnailUrl\":\"https:\/\/ds-barranquilla.org\/wp-content\/uploads\/2020\/08\/Profesores-de-colegios-alemanes-de-la-Regi\u00f3n-se-capacitaron-en-Barranquilla.jpg\",\"datePublished\":\"2019-05-16T19:50:48+00:00\",\"dateModified\":\"2023-01-04T20:21:38+00:00\",\"breadcrumb\":{\"@id\":\"https:\/\/ds-barranquilla.org\/profesores-de-colegios-alemanes-de-la-region-se-capacitaron-en-barranquilla\/#breadcrumb\"},\"inLanguage\":\"de\",\"potentialAction\":[{\"@type\":\"ReadAction\",\"target\":[\"https:\/\/ds-barranquilla.org\/profesores-de-colegios-alemanes-de-la-region-se-capacitaron-en-barranquilla\/\"]}]},{\"@type\":\"ImageObject\",\"inLanguage\":\"de\",\"@id\":\"https:\/\/ds-barranquilla.org\/profesores-de-colegios-alemanes-de-la-region-se-capacitaron-en-barranquilla\/#primaryimage\",\"url\":\"https:\/\/ds-barranquilla.org\/wp-content\/uploads\/2020\/08\/Profesores-de-colegios-alemanes-de-la-Regi\u00f3n-se-capacitaron-en-Barranquilla.jpg\",\"contentUrl\":\"https:\/\/ds-barranquilla.org\/wp-content\/uploads\/2020\/08\/Profesores-de-colegios-alemanes-de-la-Regi\u00f3n-se-capacitaron-en-Barranquilla.jpg\",\"width\":615,\"height\":230},{\"@type\":\"BreadcrumbList\",\"@id\":\"https:\/\/ds-barranquilla.org\/profesores-de-colegios-alemanes-de-la-region-se-capacitaron-en-barranquilla\/#breadcrumb\",\"itemListElement\":[{\"@type\":\"ListItem\",\"position\":1,\"name\":\"Portada\",\"item\":\"https:\/\/ds-barranquilla.org\/\"},{\"@type\":\"ListItem\",\"position\":2,\"name\":\"Profesores de colegios alemanes de la Regi\u00f3n se capacitaron en Barranquilla\"}]},{\"@type\":\"WebSite\",\"@id\":\"https:\/\/ds-barranquilla.org\/#website\",\"url\":\"https:\/\/ds-barranquilla.org\/\",\"name\":\"Colegio Alem\u00e1n - Los Mejores Colegios de Colombia - Colegio Triling\u00fce\",\"description\":\"Colegio Alem\u00e1n  Barranquilla Colombia - Colegio Biling\u00fce - Triling\u00fce - El Mejor Colegio de Colombia\",\"publisher\":{\"@id\":\"https:\/\/ds-barranquilla.org\/#organization\"},\"potentialAction\":[{\"@type\":\"SearchAction\",\"target\":{\"@type\":\"EntryPoint\",\"urlTemplate\":\"https:\/\/ds-barranquilla.org\/?s={search_term_string}\"},\"query-input\":\"required name=search_term_string\"}],\"inLanguage\":\"de\"},{\"@type\":\"Organization\",\"@id\":\"https:\/\/ds-barranquilla.org\/#organization\",\"name\":\"Colegio Alem\u00e1n Barranquilla\",\"url\":\"https:\/\/ds-barranquilla.org\/\",\"logo\":{\"@type\":\"ImageObject\",\"inLanguage\":\"de\",\"@id\":\"https:\/\/ds-barranquilla.org\/#\/schema\/logo\/image\/\",\"url\":\"https:\/\/ds-barranquilla.org\/wp-content\/uploads\/2021\/05\/coleman_logo_2.png\",\"contentUrl\":\"https:\/\/ds-barranquilla.org\/wp-content\/uploads\/2021\/05\/coleman_logo_2.png\",\"width\":418,\"height\":307,\"caption\":\"Colegio Alem\u00e1n Barranquilla\"},\"image\":{\"@id\":\"https:\/\/ds-barranquilla.org\/#\/schema\/logo\/image\/\"},\"sameAs\":[\"https:\/\/www.facebook.com\/ColegioAlemanBaq\/\",\"https:\/\/x.com\/ColegioAlemanBq\",\"https:\/\/www.instagram.com\/colegioalemanbaq\/\",\"https:\/\/www.linkedin.com\/school\/deutsche-schule-barranquilla\/\",\"https:\/\/www.youtube.com\/channel\/UCOOGZQCVs6aYRqIWvSN5agQ\"]},{\"@type\":\"Person\",\"@id\":\"https:\/\/ds-barranquilla.org\/#\/schema\/person\/7bf8790ba89d3480e0551241ccdc8d36\",\"name\":\"Comunicaciones Comunicaciones\",\"image\":{\"@type\":\"ImageObject\",\"inLanguage\":\"de\",\"@id\":\"https:\/\/ds-barranquilla.org\/#\/schema\/person\/image\/\",\"url\":\"https:\/\/secure.gravatar.com\/avatar\/a66ba9484a4338d81d6bea750e595038?s=96&d=mm&r=g\",\"contentUrl\":\"https:\/\/secure.gravatar.com\/avatar\/a66ba9484a4338d81d6bea750e595038?s=96&d=mm&r=g\",\"caption\":\"Comunicaciones Comunicaciones\"}}]}<\/script>\n<!-- \/ Yoast SEO plugin. -->","yoast_head_json":{"title":"Profesores de colegios alemanes de la Regi\u00f3n se capacitaron en Barranquilla - 2026","robots":{"index":"noindex","follow":"follow","max-snippet":"max-snippet:-1","max-image-preview":"max-image-preview:large","max-video-preview":"max-video-preview:-1"},"og_locale":"de_DE","og_type":"article","og_title":"Profesores de colegios alemanes de la Regi\u00f3n se capacitaron en Barranquilla - 2026","og_description":"\u202fcreado\u00a0por Jos\u00e9 R\u00edos Mercado |\u202f16.05.2019\u00a0 Un grupo de profesores de los colegios alemanes de la Regi\u00f3n 3 se capacitaron en nuestro colegio en temas relacionados con [\u2026]","og_url":"https:\/\/ds-barranquilla.org\/de\/profesores-de-colegios-alemanes-de-la-region-se-capacitaron-en-barranquilla\/","og_site_name":"Colegio Alem\u00e1n - Los Mejores Colegios de Colombia - Colegio Triling\u00fce","article_publisher":"https:\/\/www.facebook.com\/ColegioAlemanBaq\/","article_published_time":"2019-05-16T19:50:48+00:00","article_modified_time":"2023-01-04T20:21:38+00:00","og_image":[{"width":615,"height":230,"url":"https:\/\/ds-barranquilla.org\/wp-content\/uploads\/2020\/08\/Profesores-de-colegios-alemanes-de-la-Regi\u00f3n-se-capacitaron-en-Barranquilla.jpg","type":"image\/jpeg"}],"author":"Comunicaciones Comunicaciones","twitter_card":"summary_large_image","twitter_creator":"@ColegioAlemanBq","twitter_site":"@ColegioAlemanBq","twitter_misc":{"Verfasst von":"Comunicaciones Comunicaciones","Gesch\u00e4tzte Lesezeit":"2\u00a0Minuten"},"schema":{"@context":"https:\/\/schema.org","@graph":[{"@type":"Article","@id":"https:\/\/ds-barranquilla.org\/profesores-de-colegios-alemanes-de-la-region-se-capacitaron-en-barranquilla\/#article","isPartOf":{"@id":"https:\/\/ds-barranquilla.org\/profesores-de-colegios-alemanes-de-la-region-se-capacitaron-en-barranquilla\/"},"author":{"name":"Comunicaciones Comunicaciones","@id":"https:\/\/ds-barranquilla.org\/#\/schema\/person\/7bf8790ba89d3480e0551241ccdc8d36"},"headline":"Profesores de colegios alemanes de la Regi\u00f3n se capacitaron en Barranquilla","datePublished":"2019-05-16T19:50:48+00:00","dateModified":"2023-01-04T20:21:38+00:00","mainEntityOfPage":{"@id":"https:\/\/ds-barranquilla.org\/profesores-de-colegios-alemanes-de-la-region-se-capacitaron-en-barranquilla\/"},"wordCount":362,"commentCount":0,"publisher":{"@id":"https:\/\/ds-barranquilla.org\/#organization"},"image":{"@id":"https:\/\/ds-barranquilla.org\/profesores-de-colegios-alemanes-de-la-region-se-capacitaron-en-barranquilla\/#primaryimage"},"thumbnailUrl":"https:\/\/ds-barranquilla.org\/wp-content\/uploads\/2020\/08\/Profesores-de-colegios-alemanes-de-la-Regi\u00f3n-se-capacitaron-en-Barranquilla.jpg","keywords":["2019","Profesores"],"articleSection":["2019","Acreditaciones y Calidad","Administraci\u00f3n"],"inLanguage":"de","potentialAction":[{"@type":"CommentAction","name":"Comment","target":["https:\/\/ds-barranquilla.org\/profesores-de-colegios-alemanes-de-la-region-se-capacitaron-en-barranquilla\/#respond"]}]},{"@type":"WebPage","@id":"https:\/\/ds-barranquilla.org\/profesores-de-colegios-alemanes-de-la-region-se-capacitaron-en-barranquilla\/","url":"https:\/\/ds-barranquilla.org\/profesores-de-colegios-alemanes-de-la-region-se-capacitaron-en-barranquilla\/","name":"Profesores de colegios alemanes de la Regi\u00f3n se capacitaron en Barranquilla - 2026","isPartOf":{"@id":"https:\/\/ds-barranquilla.org\/#website"},"primaryImageOfPage":{"@id":"https:\/\/ds-barranquilla.org\/profesores-de-colegios-alemanes-de-la-region-se-capacitaron-en-barranquilla\/#primaryimage"},"image":{"@id":"https:\/\/ds-barranquilla.org\/profesores-de-colegios-alemanes-de-la-region-se-capacitaron-en-barranquilla\/#primaryimage"},"thumbnailUrl":"https:\/\/ds-barranquilla.org\/wp-content\/uploads\/2020\/08\/Profesores-de-colegios-alemanes-de-la-Regi\u00f3n-se-capacitaron-en-Barranquilla.jpg","datePublished":"2019-05-16T19:50:48+00:00","dateModified":"2023-01-04T20:21:38+00:00","breadcrumb":{"@id":"https:\/\/ds-barranquilla.org\/profesores-de-colegios-alemanes-de-la-region-se-capacitaron-en-barranquilla\/#breadcrumb"},"inLanguage":"de","potentialAction":[{"@type":"ReadAction","target":["https:\/\/ds-barranquilla.org\/profesores-de-colegios-alemanes-de-la-region-se-capacitaron-en-barranquilla\/"]}]},{"@type":"ImageObject","inLanguage":"de","@id":"https:\/\/ds-barranquilla.org\/profesores-de-colegios-alemanes-de-la-region-se-capacitaron-en-barranquilla\/#primaryimage","url":"https:\/\/ds-barranquilla.org\/wp-content\/uploads\/2020\/08\/Profesores-de-colegios-alemanes-de-la-Regi\u00f3n-se-capacitaron-en-Barranquilla.jpg","contentUrl":"https:\/\/ds-barranquilla.org\/wp-content\/uploads\/2020\/08\/Profesores-de-colegios-alemanes-de-la-Regi\u00f3n-se-capacitaron-en-Barranquilla.jpg","width":615,"height":230},{"@type":"BreadcrumbList","@id":"https:\/\/ds-barranquilla.org\/profesores-de-colegios-alemanes-de-la-region-se-capacitaron-en-barranquilla\/#breadcrumb","itemListElement":[{"@type":"ListItem","position":1,"name":"Portada","item":"https:\/\/ds-barranquilla.org\/"},{"@type":"ListItem","position":2,"name":"Profesores de colegios alemanes de la Regi\u00f3n se capacitaron en Barranquilla"}]},{"@type":"WebSite","@id":"https:\/\/ds-barranquilla.org\/#website","url":"https:\/\/ds-barranquilla.org\/","name":"Colegio Alem\u00e1n - Los Mejores Colegios de Colombia - Colegio Triling\u00fce","description":"Colegio Alem\u00e1n  Barranquilla Colombia - Colegio Biling\u00fce - Triling\u00fce - El Mejor Colegio de Colombia","publisher":{"@id":"https:\/\/ds-barranquilla.org\/#organization"},"potentialAction":[{"@type":"SearchAction","target":{"@type":"EntryPoint","urlTemplate":"https:\/\/ds-barranquilla.org\/?s={search_term_string}"},"query-input":"required name=search_term_string"}],"inLanguage":"de"},{"@type":"Organization","@id":"https:\/\/ds-barranquilla.org\/#organization","name":"Colegio Alem\u00e1n Barranquilla","url":"https:\/\/ds-barranquilla.org\/","logo":{"@type":"ImageObject","inLanguage":"de","@id":"https:\/\/ds-barranquilla.org\/#\/schema\/logo\/image\/","url":"https:\/\/ds-barranquilla.org\/wp-content\/uploads\/2021\/05\/coleman_logo_2.png","contentUrl":"https:\/\/ds-barranquilla.org\/wp-content\/uploads\/2021\/05\/coleman_logo_2.png","width":418,"height":307,"caption":"Colegio Alem\u00e1n Barranquilla"},"image":{"@id":"https:\/\/ds-barranquilla.org\/#\/schema\/logo\/image\/"},"sameAs":["https:\/\/www.facebook.com\/ColegioAlemanBaq\/","https:\/\/x.com\/ColegioAlemanBq","https:\/\/www.instagram.com\/colegioalemanbaq\/","https:\/\/www.linkedin.com\/school\/deutsche-schule-barranquilla\/","https:\/\/www.youtube.com\/channel\/UCOOGZQCVs6aYRqIWvSN5agQ"]},{"@type":"Person","@id":"https:\/\/ds-barranquilla.org\/#\/schema\/person\/7bf8790ba89d3480e0551241ccdc8d36","name":"Comunicaciones Comunicaciones","image":{"@type":"ImageObject","inLanguage":"de","@id":"https:\/\/ds-barranquilla.org\/#\/schema\/person\/image\/","url":"https:\/\/secure.gravatar.com\/avatar\/a66ba9484a4338d81d6bea750e595038?s=96&d=mm&r=g","contentUrl":"https:\/\/secure.gravatar.com\/avatar\/a66ba9484a4338d81d6bea750e595038?s=96&d=mm&r=g","caption":"Comunicaciones Comunicaciones"}}]}},"_links":{"self":[{"href":"https:\/\/ds-barranquilla.org\/de\/wp-json\/wp\/v2\/posts\/5738"}],"collection":[{"href":"https:\/\/ds-barranquilla.org\/de\/wp-json\/wp\/v2\/posts"}],"about":[{"href":"https:\/\/ds-barranquilla.org\/de\/wp-json\/wp\/v2\/types\/post"}],"author":[{"embeddable":true,"href":"https:\/\/ds-barranquilla.org\/de\/wp-json\/wp\/v2\/users\/16"}],"replies":[{"embeddable":true,"href":"https:\/\/ds-barranquilla.org\/de\/wp-json\/wp\/v2\/comments?post=5738"}],"version-history":[{"count":1,"href":"https:\/\/ds-barranquilla.org\/de\/wp-json\/wp\/v2\/posts\/5738\/revisions"}],"predecessor-version":[{"id":5740,"href":"https:\/\/ds-barranquilla.org\/de\/wp-json\/wp\/v2\/posts\/5738\/revisions\/5740"}],"wp:featuredmedia":[{"embeddable":true,"href":"https:\/\/ds-barranquilla.org\/de\/wp-json\/wp\/v2\/media\/5739"}],"wp:attachment":[{"href":"https:\/\/ds-barranquilla.org\/de\/wp-json\/wp\/v2\/media?parent=5738"}],"wp:term":[{"taxonomy":"category","embeddable":true,"href":"https:\/\/ds-barranquilla.org\/de\/wp-json\/wp\/v2\/categories?post=5738"},{"taxonomy":"post_tag","embeddable":true,"href":"https:\/\/ds-barranquilla.org\/de\/wp-json\/wp\/v2\/tags?post=5738"}],"curies":[{"name":"wp","href":"https:\/\/api.w.org\/{rel}","templated":true}]}}