{"id":5773,"date":"2019-05-24T17:46:39","date_gmt":"2019-05-24T22:46:39","guid":{"rendered":"https:\/\/ds-barranquilla.org\/?p=5773"},"modified":"2023-01-04T15:08:58","modified_gmt":"2023-01-04T20:08:58","slug":"la-comunidad-estudiantil-vivio-de-principio-a-fin-el-kinowoche","status":"publish","type":"post","link":"https:\/\/ds-barranquilla.org\/de\/la-comunidad-estudiantil-vivio-de-principio-a-fin-el-kinowoche\/","title":{"rendered":"La comunidad estudiantil vivi\u00f3 de principio a fin el Kinowoche"},"content":{"rendered":"<p><span data-contrast=\"none\">creado<\/span><span data-contrast=\"none\">\u00a0por Jos\u00e9 R\u00edos Mercado |\u202f24.05.2019<\/span><span data-ccp-props=\"{&quot;201341983&quot;:0,&quot;335559739&quot;:160,&quot;335559740&quot;:240}\">\u00a0<\/span><\/p>\n<p><span data-ccp-props=\"{&quot;201341983&quot;:0,&quot;335559739&quot;:160,&quot;335559740&quot;:240}\">\u00a0<\/span><span data-contrast=\"none\">Del 22 al 24 de mayo estudiantes y profesores de nuestro colegio se divirtieron con diferentes pel\u00edculas presentadas durante el\u00a0<\/span><span data-contrast=\"none\">Kinowoche<\/span><span data-contrast=\"none\">. \u2018Heidi\u2019, \u2018<\/span><span data-contrast=\"none\">Petterson<\/span><span data-contrast=\"none\">\u00a0<\/span><span data-contrast=\"none\">und<\/span><span data-contrast=\"none\">\u00a0<\/span><span data-contrast=\"none\">Findus<\/span><span data-contrast=\"none\">\u2019, \u2018Die\u00a0<\/span><span data-contrast=\"none\">Welle<\/span><span data-contrast=\"none\">\u2019, \u2018<\/span><span data-contrast=\"none\">Vorstadtkrokodile<\/span><span data-contrast=\"none\">\u2019 y \u2018<\/span><span data-contrast=\"none\">Vincent<\/span><span data-contrast=\"none\">\u00a0<\/span><span data-contrast=\"none\">will<\/span><span data-contrast=\"none\">\u00a0<\/span><span data-contrast=\"none\">Meer<\/span><span data-contrast=\"none\">\u2019, fueron las producciones exhibidas en el auditorio y que buscan que los asistentes vivencien la cultura y la lengua alemana en nuestra instituci\u00f3n.<\/span><span data-ccp-props=\"{&quot;201341983&quot;:0,&quot;335559739&quot;:180,&quot;335559740&quot;:240}\">\u00a0<\/span><\/p>\n<p><span data-contrast=\"none\">El proyecto\u00a0<\/span><span data-contrast=\"none\">Kinowoche<\/span><span data-contrast=\"none\">\u00a0es una iniciativa del Grupo PQM (<\/span><span data-contrast=\"none\">EGIPCio<\/span><span data-contrast=\"none\">) en el \u00c1mbito de Cultura y Lengua Alemana, que pretende tambi\u00e9n reforzar la competencia de los estudiantes en materia de medios de comunicaci\u00f3n y que convierte al cine en un lugar de educaci\u00f3n cultural.<\/span><span data-ccp-props=\"{&quot;201341983&quot;:0,&quot;335559739&quot;:180,&quot;335559740&quot;:240}\">\u00a0<\/span><\/p>","protected":false},"excerpt":{"rendered":"<p>creado\u00a0por Jos\u00e9 R\u00edos Mercado |\u202f24.05.2019\u00a0 \u00a0Del 22 al 24 de mayo estudiantes y profesores de nuestro colegio se divirtieron con diferentes pel\u00edculas presentadas durante el\u00a0Kinowoche. \u2018Heidi\u2019,<span class=\"excerpt-hellip\"> [\u2026]<\/span><\/p>","protected":false},"author":16,"featured_media":5774,"comment_status":"open","ping_status":"open","sticky":false,"template":"","format":"standard","meta":{"_exactmetrics_skip_tracking":false,"_exactmetrics_sitenote_active":false,"_exactmetrics_sitenote_note":"","_exactmetrics_sitenote_category":0,"_joinchat":[],"footnotes":""},"categories":[679,674],"tags":[468,432],"class_list":["post-5773","post","type-post","status-publish","format-standard","has-post-thumbnail","hentry","category-679","category-lengua-y-cultura-alemana","tag-468","tag-aleman"],"yoast_head":"<!-- This site is optimized with the Yoast SEO plugin v23.3 - https:\/\/yoast.com\/wordpress\/plugins\/seo\/ -->\n<title>La comunidad estudiantil vivi\u00f3 de principio a fin el Kinowoche - 2026<\/title>\n<meta name=\"robots\" content=\"noindex, follow, max-snippet:-1, max-image-preview:large, max-video-preview:-1\" \/>\n<meta property=\"og:locale\" content=\"de_DE\" \/>\n<meta property=\"og:type\" content=\"article\" \/>\n<meta property=\"og:title\" content=\"La comunidad estudiantil vivi\u00f3 de principio a fin el Kinowoche - 2026\" \/>\n<meta property=\"og:description\" content=\"creado\u00a0por Jos\u00e9 R\u00edos Mercado |\u202f24.05.2019\u00a0 \u00a0Del 22 al 24 de mayo estudiantes y profesores de nuestro colegio se divirtieron con diferentes pel\u00edculas presentadas durante el\u00a0Kinowoche. \u2018Heidi\u2019, [\u2026]\" \/>\n<meta property=\"og:url\" content=\"https:\/\/ds-barranquilla.org\/de\/la-comunidad-estudiantil-vivio-de-principio-a-fin-el-kinowoche\/\" \/>\n<meta property=\"og:site_name\" content=\"Colegio Alem\u00e1n - Los Mejores Colegios de Colombia - Colegio Triling\u00fce\" \/>\n<meta property=\"article:publisher\" content=\"https:\/\/www.facebook.com\/ColegioAlemanBaq\/\" \/>\n<meta property=\"article:published_time\" content=\"2019-05-24T22:46:39+00:00\" \/>\n<meta property=\"article:modified_time\" content=\"2023-01-04T20:08:58+00:00\" \/>\n<meta property=\"og:image\" content=\"https:\/\/ds-barranquilla.org\/wp-content\/uploads\/2020\/08\/La-comunidad-estudiantil-vivi\u00f3-de-principio-a-fin-el-Kinowoche.jpg\" \/>\n\t<meta property=\"og:image:width\" content=\"596\" \/>\n\t<meta property=\"og:image:height\" content=\"389\" \/>\n\t<meta property=\"og:image:type\" content=\"image\/jpeg\" \/>\n<meta name=\"author\" content=\"Comunicaciones Comunicaciones\" \/>\n<meta name=\"twitter:card\" content=\"summary_large_image\" \/>\n<meta name=\"twitter:creator\" content=\"@ColegioAlemanBq\" \/>\n<meta name=\"twitter:site\" content=\"@ColegioAlemanBq\" \/>\n<meta name=\"twitter:label1\" content=\"Verfasst von\" \/>\n\t<meta name=\"twitter:data1\" content=\"Comunicaciones Comunicaciones\" \/>\n\t<meta name=\"twitter:label2\" content=\"Gesch\u00e4tzte Lesezeit\" \/>\n\t<meta name=\"twitter:data2\" content=\"1\u00a0Minute\" \/>\n<script type=\"application\/ld+json\" class=\"yoast-schema-graph\">{\"@context\":\"https:\/\/schema.org\",\"@graph\":[{\"@type\":\"Article\",\"@id\":\"https:\/\/ds-barranquilla.org\/de\/la-comunidad-estudiantil-vivio-de-principio-a-fin-el-kinowoche\/#article\",\"isPartOf\":{\"@id\":\"https:\/\/ds-barranquilla.org\/de\/la-comunidad-estudiantil-vivio-de-principio-a-fin-el-kinowoche\/\"},\"author\":{\"name\":\"Comunicaciones Comunicaciones\",\"@id\":\"https:\/\/ds-barranquilla.org\/#\/schema\/person\/7bf8790ba89d3480e0551241ccdc8d36\"},\"headline\":\"La comunidad estudiantil vivi\u00f3 de principio a fin el Kinowoche\",\"datePublished\":\"2019-05-24T22:46:39+00:00\",\"dateModified\":\"2023-01-04T20:08:58+00:00\",\"mainEntityOfPage\":{\"@id\":\"https:\/\/ds-barranquilla.org\/de\/la-comunidad-estudiantil-vivio-de-principio-a-fin-el-kinowoche\/\"},\"wordCount\":118,\"commentCount\":0,\"publisher\":{\"@id\":\"https:\/\/ds-barranquilla.org\/#organization\"},\"image\":{\"@id\":\"https:\/\/ds-barranquilla.org\/de\/la-comunidad-estudiantil-vivio-de-principio-a-fin-el-kinowoche\/#primaryimage\"},\"thumbnailUrl\":\"https:\/\/ds-barranquilla.org\/wp-content\/uploads\/2020\/08\/La-comunidad-estudiantil-vivi\u00f3-de-principio-a-fin-el-Kinowoche.jpg\",\"keywords\":[\"2019\",\"Alem\u00e1n\"],\"articleSection\":[\"2019\",\"Lengua y Cultura Alemana\"],\"inLanguage\":\"de\",\"potentialAction\":[{\"@type\":\"CommentAction\",\"name\":\"Comment\",\"target\":[\"https:\/\/ds-barranquilla.org\/de\/la-comunidad-estudiantil-vivio-de-principio-a-fin-el-kinowoche\/#respond\"]}]},{\"@type\":\"WebPage\",\"@id\":\"https:\/\/ds-barranquilla.org\/de\/la-comunidad-estudiantil-vivio-de-principio-a-fin-el-kinowoche\/\",\"url\":\"https:\/\/ds-barranquilla.org\/de\/la-comunidad-estudiantil-vivio-de-principio-a-fin-el-kinowoche\/\",\"name\":\"La comunidad estudiantil vivi\u00f3 de principio a fin el Kinowoche - 2026\",\"isPartOf\":{\"@id\":\"https:\/\/ds-barranquilla.org\/#website\"},\"primaryImageOfPage\":{\"@id\":\"https:\/\/ds-barranquilla.org\/de\/la-comunidad-estudiantil-vivio-de-principio-a-fin-el-kinowoche\/#primaryimage\"},\"image\":{\"@id\":\"https:\/\/ds-barranquilla.org\/de\/la-comunidad-estudiantil-vivio-de-principio-a-fin-el-kinowoche\/#primaryimage\"},\"thumbnailUrl\":\"https:\/\/ds-barranquilla.org\/wp-content\/uploads\/2020\/08\/La-comunidad-estudiantil-vivi\u00f3-de-principio-a-fin-el-Kinowoche.jpg\",\"datePublished\":\"2019-05-24T22:46:39+00:00\",\"dateModified\":\"2023-01-04T20:08:58+00:00\",\"breadcrumb\":{\"@id\":\"https:\/\/ds-barranquilla.org\/de\/la-comunidad-estudiantil-vivio-de-principio-a-fin-el-kinowoche\/#breadcrumb\"},\"inLanguage\":\"de\",\"potentialAction\":[{\"@type\":\"ReadAction\",\"target\":[\"https:\/\/ds-barranquilla.org\/de\/la-comunidad-estudiantil-vivio-de-principio-a-fin-el-kinowoche\/\"]}]},{\"@type\":\"ImageObject\",\"inLanguage\":\"de\",\"@id\":\"https:\/\/ds-barranquilla.org\/de\/la-comunidad-estudiantil-vivio-de-principio-a-fin-el-kinowoche\/#primaryimage\",\"url\":\"https:\/\/ds-barranquilla.org\/wp-content\/uploads\/2020\/08\/La-comunidad-estudiantil-vivi\u00f3-de-principio-a-fin-el-Kinowoche.jpg\",\"contentUrl\":\"https:\/\/ds-barranquilla.org\/wp-content\/uploads\/2020\/08\/La-comunidad-estudiantil-vivi\u00f3-de-principio-a-fin-el-Kinowoche.jpg\",\"width\":596,\"height\":389},{\"@type\":\"BreadcrumbList\",\"@id\":\"https:\/\/ds-barranquilla.org\/de\/la-comunidad-estudiantil-vivio-de-principio-a-fin-el-kinowoche\/#breadcrumb\",\"itemListElement\":[{\"@type\":\"ListItem\",\"position\":1,\"name\":\"Portada\",\"item\":\"https:\/\/ds-barranquilla.org\/\"},{\"@type\":\"ListItem\",\"position\":2,\"name\":\"La comunidad estudiantil vivi\u00f3 de principio a fin el Kinowoche\"}]},{\"@type\":\"WebSite\",\"@id\":\"https:\/\/ds-barranquilla.org\/#website\",\"url\":\"https:\/\/ds-barranquilla.org\/\",\"name\":\"Colegio Alem\u00e1n - Los Mejores Colegios de Colombia - Colegio Triling\u00fce\",\"description\":\"Colegio Alem\u00e1n  Barranquilla Colombia - Colegio Biling\u00fce - Triling\u00fce - El Mejor Colegio de Colombia\",\"publisher\":{\"@id\":\"https:\/\/ds-barranquilla.org\/#organization\"},\"potentialAction\":[{\"@type\":\"SearchAction\",\"target\":{\"@type\":\"EntryPoint\",\"urlTemplate\":\"https:\/\/ds-barranquilla.org\/?s={search_term_string}\"},\"query-input\":\"required name=search_term_string\"}],\"inLanguage\":\"de\"},{\"@type\":\"Organization\",\"@id\":\"https:\/\/ds-barranquilla.org\/#organization\",\"name\":\"Colegio Alem\u00e1n Barranquilla\",\"url\":\"https:\/\/ds-barranquilla.org\/\",\"logo\":{\"@type\":\"ImageObject\",\"inLanguage\":\"de\",\"@id\":\"https:\/\/ds-barranquilla.org\/#\/schema\/logo\/image\/\",\"url\":\"https:\/\/ds-barranquilla.org\/wp-content\/uploads\/2021\/05\/coleman_logo_2.png\",\"contentUrl\":\"https:\/\/ds-barranquilla.org\/wp-content\/uploads\/2021\/05\/coleman_logo_2.png\",\"width\":418,\"height\":307,\"caption\":\"Colegio Alem\u00e1n Barranquilla\"},\"image\":{\"@id\":\"https:\/\/ds-barranquilla.org\/#\/schema\/logo\/image\/\"},\"sameAs\":[\"https:\/\/www.facebook.com\/ColegioAlemanBaq\/\",\"https:\/\/x.com\/ColegioAlemanBq\",\"https:\/\/www.instagram.com\/colegioalemanbaq\/\",\"https:\/\/www.linkedin.com\/school\/deutsche-schule-barranquilla\/\",\"https:\/\/www.youtube.com\/channel\/UCOOGZQCVs6aYRqIWvSN5agQ\"]},{\"@type\":\"Person\",\"@id\":\"https:\/\/ds-barranquilla.org\/#\/schema\/person\/7bf8790ba89d3480e0551241ccdc8d36\",\"name\":\"Comunicaciones Comunicaciones\",\"image\":{\"@type\":\"ImageObject\",\"inLanguage\":\"de\",\"@id\":\"https:\/\/ds-barranquilla.org\/#\/schema\/person\/image\/\",\"url\":\"https:\/\/secure.gravatar.com\/avatar\/a66ba9484a4338d81d6bea750e595038?s=96&d=mm&r=g\",\"contentUrl\":\"https:\/\/secure.gravatar.com\/avatar\/a66ba9484a4338d81d6bea750e595038?s=96&d=mm&r=g\",\"caption\":\"Comunicaciones Comunicaciones\"}}]}<\/script>\n<!-- \/ Yoast SEO plugin. -->","yoast_head_json":{"title":"La comunidad estudiantil vivi\u00f3 de principio a fin el Kinowoche - 2026","robots":{"index":"noindex","follow":"follow","max-snippet":"max-snippet:-1","max-image-preview":"max-image-preview:large","max-video-preview":"max-video-preview:-1"},"og_locale":"de_DE","og_type":"article","og_title":"La comunidad estudiantil vivi\u00f3 de principio a fin el Kinowoche - 2026","og_description":"creado\u00a0por Jos\u00e9 R\u00edos Mercado |\u202f24.05.2019\u00a0 \u00a0Del 22 al 24 de mayo estudiantes y profesores de nuestro colegio se divirtieron con diferentes pel\u00edculas presentadas durante el\u00a0Kinowoche. \u2018Heidi\u2019, [\u2026]","og_url":"https:\/\/ds-barranquilla.org\/de\/la-comunidad-estudiantil-vivio-de-principio-a-fin-el-kinowoche\/","og_site_name":"Colegio Alem\u00e1n - Los Mejores Colegios de Colombia - Colegio Triling\u00fce","article_publisher":"https:\/\/www.facebook.com\/ColegioAlemanBaq\/","article_published_time":"2019-05-24T22:46:39+00:00","article_modified_time":"2023-01-04T20:08:58+00:00","og_image":[{"width":596,"height":389,"url":"https:\/\/ds-barranquilla.org\/wp-content\/uploads\/2020\/08\/La-comunidad-estudiantil-vivi\u00f3-de-principio-a-fin-el-Kinowoche.jpg","type":"image\/jpeg"}],"author":"Comunicaciones Comunicaciones","twitter_card":"summary_large_image","twitter_creator":"@ColegioAlemanBq","twitter_site":"@ColegioAlemanBq","twitter_misc":{"Verfasst von":"Comunicaciones Comunicaciones","Gesch\u00e4tzte Lesezeit":"1\u00a0Minute"},"schema":{"@context":"https:\/\/schema.org","@graph":[{"@type":"Article","@id":"https:\/\/ds-barranquilla.org\/de\/la-comunidad-estudiantil-vivio-de-principio-a-fin-el-kinowoche\/#article","isPartOf":{"@id":"https:\/\/ds-barranquilla.org\/de\/la-comunidad-estudiantil-vivio-de-principio-a-fin-el-kinowoche\/"},"author":{"name":"Comunicaciones Comunicaciones","@id":"https:\/\/ds-barranquilla.org\/#\/schema\/person\/7bf8790ba89d3480e0551241ccdc8d36"},"headline":"La comunidad estudiantil vivi\u00f3 de principio a fin el Kinowoche","datePublished":"2019-05-24T22:46:39+00:00","dateModified":"2023-01-04T20:08:58+00:00","mainEntityOfPage":{"@id":"https:\/\/ds-barranquilla.org\/de\/la-comunidad-estudiantil-vivio-de-principio-a-fin-el-kinowoche\/"},"wordCount":118,"commentCount":0,"publisher":{"@id":"https:\/\/ds-barranquilla.org\/#organization"},"image":{"@id":"https:\/\/ds-barranquilla.org\/de\/la-comunidad-estudiantil-vivio-de-principio-a-fin-el-kinowoche\/#primaryimage"},"thumbnailUrl":"https:\/\/ds-barranquilla.org\/wp-content\/uploads\/2020\/08\/La-comunidad-estudiantil-vivi\u00f3-de-principio-a-fin-el-Kinowoche.jpg","keywords":["2019","Alem\u00e1n"],"articleSection":["2019","Lengua y Cultura Alemana"],"inLanguage":"de","potentialAction":[{"@type":"CommentAction","name":"Comment","target":["https:\/\/ds-barranquilla.org\/de\/la-comunidad-estudiantil-vivio-de-principio-a-fin-el-kinowoche\/#respond"]}]},{"@type":"WebPage","@id":"https:\/\/ds-barranquilla.org\/de\/la-comunidad-estudiantil-vivio-de-principio-a-fin-el-kinowoche\/","url":"https:\/\/ds-barranquilla.org\/de\/la-comunidad-estudiantil-vivio-de-principio-a-fin-el-kinowoche\/","name":"La comunidad estudiantil vivi\u00f3 de principio a fin el Kinowoche - 2026","isPartOf":{"@id":"https:\/\/ds-barranquilla.org\/#website"},"primaryImageOfPage":{"@id":"https:\/\/ds-barranquilla.org\/de\/la-comunidad-estudiantil-vivio-de-principio-a-fin-el-kinowoche\/#primaryimage"},"image":{"@id":"https:\/\/ds-barranquilla.org\/de\/la-comunidad-estudiantil-vivio-de-principio-a-fin-el-kinowoche\/#primaryimage"},"thumbnailUrl":"https:\/\/ds-barranquilla.org\/wp-content\/uploads\/2020\/08\/La-comunidad-estudiantil-vivi\u00f3-de-principio-a-fin-el-Kinowoche.jpg","datePublished":"2019-05-24T22:46:39+00:00","dateModified":"2023-01-04T20:08:58+00:00","breadcrumb":{"@id":"https:\/\/ds-barranquilla.org\/de\/la-comunidad-estudiantil-vivio-de-principio-a-fin-el-kinowoche\/#breadcrumb"},"inLanguage":"de","potentialAction":[{"@type":"ReadAction","target":["https:\/\/ds-barranquilla.org\/de\/la-comunidad-estudiantil-vivio-de-principio-a-fin-el-kinowoche\/"]}]},{"@type":"ImageObject","inLanguage":"de","@id":"https:\/\/ds-barranquilla.org\/de\/la-comunidad-estudiantil-vivio-de-principio-a-fin-el-kinowoche\/#primaryimage","url":"https:\/\/ds-barranquilla.org\/wp-content\/uploads\/2020\/08\/La-comunidad-estudiantil-vivi\u00f3-de-principio-a-fin-el-Kinowoche.jpg","contentUrl":"https:\/\/ds-barranquilla.org\/wp-content\/uploads\/2020\/08\/La-comunidad-estudiantil-vivi\u00f3-de-principio-a-fin-el-Kinowoche.jpg","width":596,"height":389},{"@type":"BreadcrumbList","@id":"https:\/\/ds-barranquilla.org\/de\/la-comunidad-estudiantil-vivio-de-principio-a-fin-el-kinowoche\/#breadcrumb","itemListElement":[{"@type":"ListItem","position":1,"name":"Portada","item":"https:\/\/ds-barranquilla.org\/"},{"@type":"ListItem","position":2,"name":"La comunidad estudiantil vivi\u00f3 de principio a fin el Kinowoche"}]},{"@type":"WebSite","@id":"https:\/\/ds-barranquilla.org\/#website","url":"https:\/\/ds-barranquilla.org\/","name":"Colegio Alem\u00e1n - Los Mejores Colegios de Colombia - Colegio Triling\u00fce","description":"Colegio Alem\u00e1n  Barranquilla Colombia - Colegio Biling\u00fce - Triling\u00fce - El Mejor Colegio de Colombia","publisher":{"@id":"https:\/\/ds-barranquilla.org\/#organization"},"potentialAction":[{"@type":"SearchAction","target":{"@type":"EntryPoint","urlTemplate":"https:\/\/ds-barranquilla.org\/?s={search_term_string}"},"query-input":"required name=search_term_string"}],"inLanguage":"de"},{"@type":"Organization","@id":"https:\/\/ds-barranquilla.org\/#organization","name":"Colegio Alem\u00e1n Barranquilla","url":"https:\/\/ds-barranquilla.org\/","logo":{"@type":"ImageObject","inLanguage":"de","@id":"https:\/\/ds-barranquilla.org\/#\/schema\/logo\/image\/","url":"https:\/\/ds-barranquilla.org\/wp-content\/uploads\/2021\/05\/coleman_logo_2.png","contentUrl":"https:\/\/ds-barranquilla.org\/wp-content\/uploads\/2021\/05\/coleman_logo_2.png","width":418,"height":307,"caption":"Colegio Alem\u00e1n Barranquilla"},"image":{"@id":"https:\/\/ds-barranquilla.org\/#\/schema\/logo\/image\/"},"sameAs":["https:\/\/www.facebook.com\/ColegioAlemanBaq\/","https:\/\/x.com\/ColegioAlemanBq","https:\/\/www.instagram.com\/colegioalemanbaq\/","https:\/\/www.linkedin.com\/school\/deutsche-schule-barranquilla\/","https:\/\/www.youtube.com\/channel\/UCOOGZQCVs6aYRqIWvSN5agQ"]},{"@type":"Person","@id":"https:\/\/ds-barranquilla.org\/#\/schema\/person\/7bf8790ba89d3480e0551241ccdc8d36","name":"Comunicaciones Comunicaciones","image":{"@type":"ImageObject","inLanguage":"de","@id":"https:\/\/ds-barranquilla.org\/#\/schema\/person\/image\/","url":"https:\/\/secure.gravatar.com\/avatar\/a66ba9484a4338d81d6bea750e595038?s=96&d=mm&r=g","contentUrl":"https:\/\/secure.gravatar.com\/avatar\/a66ba9484a4338d81d6bea750e595038?s=96&d=mm&r=g","caption":"Comunicaciones Comunicaciones"}}]}},"_links":{"self":[{"href":"https:\/\/ds-barranquilla.org\/de\/wp-json\/wp\/v2\/posts\/5773"}],"collection":[{"href":"https:\/\/ds-barranquilla.org\/de\/wp-json\/wp\/v2\/posts"}],"about":[{"href":"https:\/\/ds-barranquilla.org\/de\/wp-json\/wp\/v2\/types\/post"}],"author":[{"embeddable":true,"href":"https:\/\/ds-barranquilla.org\/de\/wp-json\/wp\/v2\/users\/16"}],"replies":[{"embeddable":true,"href":"https:\/\/ds-barranquilla.org\/de\/wp-json\/wp\/v2\/comments?post=5773"}],"version-history":[{"count":1,"href":"https:\/\/ds-barranquilla.org\/de\/wp-json\/wp\/v2\/posts\/5773\/revisions"}],"predecessor-version":[{"id":5775,"href":"https:\/\/ds-barranquilla.org\/de\/wp-json\/wp\/v2\/posts\/5773\/revisions\/5775"}],"wp:featuredmedia":[{"embeddable":true,"href":"https:\/\/ds-barranquilla.org\/de\/wp-json\/wp\/v2\/media\/5774"}],"wp:attachment":[{"href":"https:\/\/ds-barranquilla.org\/de\/wp-json\/wp\/v2\/media?parent=5773"}],"wp:term":[{"taxonomy":"category","embeddable":true,"href":"https:\/\/ds-barranquilla.org\/de\/wp-json\/wp\/v2\/categories?post=5773"},{"taxonomy":"post_tag","embeddable":true,"href":"https:\/\/ds-barranquilla.org\/de\/wp-json\/wp\/v2\/tags?post=5773"}],"curies":[{"name":"wp","href":"https:\/\/api.w.org\/{rel}","templated":true}]}}