{"id":5789,"date":"2019-06-17T07:26:51","date_gmt":"2019-06-17T12:26:51","guid":{"rendered":"https:\/\/ds-barranquilla.org\/?p=5789"},"modified":"2022-12-07T11:42:59","modified_gmt":"2022-12-07T16:42:59","slug":"la-flor-purpura-ultimo-libro-analizado-por-el-club-de-lectura","status":"publish","type":"post","link":"https:\/\/ds-barranquilla.org\/de\/la-flor-purpura-ultimo-libro-analizado-por-el-club-de-lectura\/","title":{"rendered":"\u2018La Flor p\u00farpura\u2019, \u00faltimo libro analizado por el Club de Lectura"},"content":{"rendered":"<p><span data-contrast=\"none\">creado<\/span><span data-contrast=\"none\">\u00a0por Jos\u00e9 R\u00edos Mercado |\u202f17.06.2019<\/span><span data-ccp-props=\"{&quot;201341983&quot;:0,&quot;335559739&quot;:160,&quot;335559740&quot;:240}\">\u00a0<\/span><\/p>\n<p><span data-ccp-props=\"{&quot;201341983&quot;:0,&quot;335559739&quot;:160,&quot;335559740&quot;:240}\">\u00a0<\/span><span data-contrast=\"none\">La obra \u2018La Flor p\u00farpura\u2019 de la escritora nigeriana\u202f<\/span><span data-contrast=\"none\">Chimamanda<\/span><span data-contrast=\"none\">\u00a0<\/span><span data-contrast=\"none\">Ngozi<\/span><span data-contrast=\"none\">\u00a0<\/span><span data-contrast=\"none\">Adichie<\/span><span data-contrast=\"none\">, fue analizada durante el \u00faltimo Club de Lectura correspondiente al a\u00f1o escolar 2018-2019. Seg\u00fan la promotora de lectura, Luz Estela Fajardo, esta experiencia se ha vuelto enriquecedora porque los participantes cada vez tienen mejores argumentos para debatir los libros.<\/span><span data-ccp-props=\"{&quot;201341983&quot;:0,&quot;335559739&quot;:180,&quot;335559740&quot;:240}\">\u00a0<\/span><\/p>\n<p><span data-contrast=\"none\">\u201cEstamos fij\u00e1ndonos en los elementos que construyen la obra, pero tambi\u00e9n nos damos cuenta que la literatura nos va construyendo la vida, no s\u00f3lo desde el punto de vista intelectual, puesto que nos permite ponernos en el lugar de los personajes, vivir las historias con ellos y entender la diversidad\u201d, expres\u00f3 Luz Estela Fajardo.<\/span><span data-ccp-props=\"{&quot;201341983&quot;:0,&quot;335559739&quot;:180,&quot;335559740&quot;:240}\">\u00a0<\/span><\/p>\n<p><span data-contrast=\"none\">La promotora de lectura manifest\u00f3 que el pr\u00f3ximo libro que se va a analizar es \u2018La Ca\u00edda de los Gigantes\u2019 del escritor gal\u00e9s Ken\u00a0<\/span><span data-contrast=\"none\">Follet<\/span><span data-contrast=\"none\">.<\/span><span data-ccp-props=\"{&quot;201341983&quot;:0,&quot;335559739&quot;:180,&quot;335559740&quot;:240}\">\u00a0<\/span><\/p>","protected":false},"excerpt":{"rendered":"<p>creado\u00a0por Jos\u00e9 R\u00edos Mercado |\u202f17.06.2019\u00a0 \u00a0La obra \u2018La Flor p\u00farpura\u2019 de la escritora nigeriana\u202fChimamanda\u00a0Ngozi\u00a0Adichie, fue analizada durante el \u00faltimo Club de Lectura correspondiente al a\u00f1o escolar<span class=\"excerpt-hellip\"> [\u2026]<\/span><\/p>","protected":false},"author":16,"featured_media":5790,"comment_status":"open","ping_status":"open","sticky":false,"template":"","format":"standard","meta":{"_exactmetrics_skip_tracking":false,"_exactmetrics_sitenote_active":false,"_exactmetrics_sitenote_note":"","_exactmetrics_sitenote_category":0,"_joinchat":[],"footnotes":""},"categories":[679,695],"tags":[468,477],"class_list":["post-5789","post","type-post","status-publish","format-standard","has-post-thumbnail","hentry","category-679","category-biblioteca","tag-468","tag-blibioteca"],"yoast_head":"<!-- This site is optimized with the Yoast SEO plugin v23.3 - https:\/\/yoast.com\/wordpress\/plugins\/seo\/ -->\n<title>\u2018La Flor p\u00farpura\u2019, \u00faltimo libro analizado por el Club de Lectura - 2026<\/title>\n<meta name=\"robots\" content=\"noindex, follow, max-snippet:-1, max-image-preview:large, max-video-preview:-1\" \/>\n<meta property=\"og:locale\" content=\"de_DE\" \/>\n<meta property=\"og:type\" content=\"article\" \/>\n<meta property=\"og:title\" content=\"\u2018La Flor p\u00farpura\u2019, \u00faltimo libro analizado por el Club de Lectura - 2026\" \/>\n<meta property=\"og:description\" content=\"creado\u00a0por Jos\u00e9 R\u00edos Mercado |\u202f17.06.2019\u00a0 \u00a0La obra \u2018La Flor p\u00farpura\u2019 de la escritora nigeriana\u202fChimamanda\u00a0Ngozi\u00a0Adichie, fue analizada durante el \u00faltimo Club de Lectura correspondiente al a\u00f1o escolar [\u2026]\" \/>\n<meta property=\"og:url\" content=\"https:\/\/ds-barranquilla.org\/de\/la-flor-purpura-ultimo-libro-analizado-por-el-club-de-lectura\/\" \/>\n<meta property=\"og:site_name\" content=\"Colegio Alem\u00e1n - Los Mejores Colegios de Colombia - Colegio Triling\u00fce\" \/>\n<meta property=\"article:publisher\" content=\"https:\/\/www.facebook.com\/ColegioAlemanBaq\/\" \/>\n<meta property=\"article:published_time\" content=\"2019-06-17T12:26:51+00:00\" \/>\n<meta property=\"article:modified_time\" content=\"2022-12-07T16:42:59+00:00\" \/>\n<meta property=\"og:image\" content=\"https:\/\/ds-barranquilla.org\/wp-content\/uploads\/2020\/08\/\u2018La-Flor-p\u00farpura\u2019-\u00faltimo-libro-analizado-por-el-Club-de-Lectura.jpg\" \/>\n\t<meta property=\"og:image:width\" content=\"594\" \/>\n\t<meta property=\"og:image:height\" content=\"342\" \/>\n\t<meta property=\"og:image:type\" content=\"image\/jpeg\" \/>\n<meta name=\"author\" content=\"Comunicaciones Comunicaciones\" \/>\n<meta name=\"twitter:card\" content=\"summary_large_image\" \/>\n<meta name=\"twitter:creator\" content=\"@ColegioAlemanBq\" \/>\n<meta name=\"twitter:site\" content=\"@ColegioAlemanBq\" \/>\n<meta name=\"twitter:label1\" content=\"Verfasst von\" \/>\n\t<meta name=\"twitter:data1\" content=\"Comunicaciones Comunicaciones\" \/>\n\t<meta name=\"twitter:label2\" content=\"Gesch\u00e4tzte Lesezeit\" \/>\n\t<meta name=\"twitter:data2\" content=\"1\u00a0Minute\" \/>\n<script type=\"application\/ld+json\" class=\"yoast-schema-graph\">{\"@context\":\"https:\/\/schema.org\",\"@graph\":[{\"@type\":\"Article\",\"@id\":\"https:\/\/ds-barranquilla.org\/de\/la-flor-purpura-ultimo-libro-analizado-por-el-club-de-lectura\/#article\",\"isPartOf\":{\"@id\":\"https:\/\/ds-barranquilla.org\/de\/la-flor-purpura-ultimo-libro-analizado-por-el-club-de-lectura\/\"},\"author\":{\"name\":\"Comunicaciones Comunicaciones\",\"@id\":\"https:\/\/ds-barranquilla.org\/#\/schema\/person\/7bf8790ba89d3480e0551241ccdc8d36\"},\"headline\":\"\u2018La Flor p\u00farpura\u2019, \u00faltimo libro analizado por el Club de Lectura\",\"datePublished\":\"2019-06-17T12:26:51+00:00\",\"dateModified\":\"2022-12-07T16:42:59+00:00\",\"mainEntityOfPage\":{\"@id\":\"https:\/\/ds-barranquilla.org\/de\/la-flor-purpura-ultimo-libro-analizado-por-el-club-de-lectura\/\"},\"wordCount\":157,\"commentCount\":0,\"publisher\":{\"@id\":\"https:\/\/ds-barranquilla.org\/#organization\"},\"image\":{\"@id\":\"https:\/\/ds-barranquilla.org\/de\/la-flor-purpura-ultimo-libro-analizado-por-el-club-de-lectura\/#primaryimage\"},\"thumbnailUrl\":\"https:\/\/ds-barranquilla.org\/wp-content\/uploads\/2020\/08\/\u2018La-Flor-p\u00farpura\u2019-\u00faltimo-libro-analizado-por-el-Club-de-Lectura.jpg\",\"keywords\":[\"2019\",\"Blibioteca\"],\"articleSection\":[\"2019\",\"Biblioteca\"],\"inLanguage\":\"de\",\"potentialAction\":[{\"@type\":\"CommentAction\",\"name\":\"Comment\",\"target\":[\"https:\/\/ds-barranquilla.org\/de\/la-flor-purpura-ultimo-libro-analizado-por-el-club-de-lectura\/#respond\"]}]},{\"@type\":\"WebPage\",\"@id\":\"https:\/\/ds-barranquilla.org\/de\/la-flor-purpura-ultimo-libro-analizado-por-el-club-de-lectura\/\",\"url\":\"https:\/\/ds-barranquilla.org\/de\/la-flor-purpura-ultimo-libro-analizado-por-el-club-de-lectura\/\",\"name\":\"\u2018La Flor p\u00farpura\u2019, \u00faltimo libro analizado por el Club de Lectura - 2026\",\"isPartOf\":{\"@id\":\"https:\/\/ds-barranquilla.org\/#website\"},\"primaryImageOfPage\":{\"@id\":\"https:\/\/ds-barranquilla.org\/de\/la-flor-purpura-ultimo-libro-analizado-por-el-club-de-lectura\/#primaryimage\"},\"image\":{\"@id\":\"https:\/\/ds-barranquilla.org\/de\/la-flor-purpura-ultimo-libro-analizado-por-el-club-de-lectura\/#primaryimage\"},\"thumbnailUrl\":\"https:\/\/ds-barranquilla.org\/wp-content\/uploads\/2020\/08\/\u2018La-Flor-p\u00farpura\u2019-\u00faltimo-libro-analizado-por-el-Club-de-Lectura.jpg\",\"datePublished\":\"2019-06-17T12:26:51+00:00\",\"dateModified\":\"2022-12-07T16:42:59+00:00\",\"breadcrumb\":{\"@id\":\"https:\/\/ds-barranquilla.org\/de\/la-flor-purpura-ultimo-libro-analizado-por-el-club-de-lectura\/#breadcrumb\"},\"inLanguage\":\"de\",\"potentialAction\":[{\"@type\":\"ReadAction\",\"target\":[\"https:\/\/ds-barranquilla.org\/de\/la-flor-purpura-ultimo-libro-analizado-por-el-club-de-lectura\/\"]}]},{\"@type\":\"ImageObject\",\"inLanguage\":\"de\",\"@id\":\"https:\/\/ds-barranquilla.org\/de\/la-flor-purpura-ultimo-libro-analizado-por-el-club-de-lectura\/#primaryimage\",\"url\":\"https:\/\/ds-barranquilla.org\/wp-content\/uploads\/2020\/08\/\u2018La-Flor-p\u00farpura\u2019-\u00faltimo-libro-analizado-por-el-Club-de-Lectura.jpg\",\"contentUrl\":\"https:\/\/ds-barranquilla.org\/wp-content\/uploads\/2020\/08\/\u2018La-Flor-p\u00farpura\u2019-\u00faltimo-libro-analizado-por-el-Club-de-Lectura.jpg\",\"width\":594,\"height\":342},{\"@type\":\"BreadcrumbList\",\"@id\":\"https:\/\/ds-barranquilla.org\/de\/la-flor-purpura-ultimo-libro-analizado-por-el-club-de-lectura\/#breadcrumb\",\"itemListElement\":[{\"@type\":\"ListItem\",\"position\":1,\"name\":\"Portada\",\"item\":\"https:\/\/ds-barranquilla.org\/\"},{\"@type\":\"ListItem\",\"position\":2,\"name\":\"\u2018La Flor p\u00farpura\u2019, \u00faltimo libro analizado por el Club de Lectura\"}]},{\"@type\":\"WebSite\",\"@id\":\"https:\/\/ds-barranquilla.org\/#website\",\"url\":\"https:\/\/ds-barranquilla.org\/\",\"name\":\"Colegio Alem\u00e1n - Los Mejores Colegios de Colombia - Colegio Triling\u00fce\",\"description\":\"Colegio Alem\u00e1n  Barranquilla Colombia - Colegio Biling\u00fce - Triling\u00fce - El Mejor Colegio de Colombia\",\"publisher\":{\"@id\":\"https:\/\/ds-barranquilla.org\/#organization\"},\"potentialAction\":[{\"@type\":\"SearchAction\",\"target\":{\"@type\":\"EntryPoint\",\"urlTemplate\":\"https:\/\/ds-barranquilla.org\/?s={search_term_string}\"},\"query-input\":\"required name=search_term_string\"}],\"inLanguage\":\"de\"},{\"@type\":\"Organization\",\"@id\":\"https:\/\/ds-barranquilla.org\/#organization\",\"name\":\"Colegio Alem\u00e1n Barranquilla\",\"url\":\"https:\/\/ds-barranquilla.org\/\",\"logo\":{\"@type\":\"ImageObject\",\"inLanguage\":\"de\",\"@id\":\"https:\/\/ds-barranquilla.org\/#\/schema\/logo\/image\/\",\"url\":\"https:\/\/ds-barranquilla.org\/wp-content\/uploads\/2021\/05\/coleman_logo_2.png\",\"contentUrl\":\"https:\/\/ds-barranquilla.org\/wp-content\/uploads\/2021\/05\/coleman_logo_2.png\",\"width\":418,\"height\":307,\"caption\":\"Colegio Alem\u00e1n Barranquilla\"},\"image\":{\"@id\":\"https:\/\/ds-barranquilla.org\/#\/schema\/logo\/image\/\"},\"sameAs\":[\"https:\/\/www.facebook.com\/ColegioAlemanBaq\/\",\"https:\/\/x.com\/ColegioAlemanBq\",\"https:\/\/www.instagram.com\/colegioalemanbaq\/\",\"https:\/\/www.linkedin.com\/school\/deutsche-schule-barranquilla\/\",\"https:\/\/www.youtube.com\/channel\/UCOOGZQCVs6aYRqIWvSN5agQ\"]},{\"@type\":\"Person\",\"@id\":\"https:\/\/ds-barranquilla.org\/#\/schema\/person\/7bf8790ba89d3480e0551241ccdc8d36\",\"name\":\"Comunicaciones Comunicaciones\",\"image\":{\"@type\":\"ImageObject\",\"inLanguage\":\"de\",\"@id\":\"https:\/\/ds-barranquilla.org\/#\/schema\/person\/image\/\",\"url\":\"https:\/\/secure.gravatar.com\/avatar\/a66ba9484a4338d81d6bea750e595038?s=96&d=mm&r=g\",\"contentUrl\":\"https:\/\/secure.gravatar.com\/avatar\/a66ba9484a4338d81d6bea750e595038?s=96&d=mm&r=g\",\"caption\":\"Comunicaciones Comunicaciones\"}}]}<\/script>\n<!-- \/ Yoast SEO plugin. -->","yoast_head_json":{"title":"\u2018La Flor p\u00farpura\u2019, \u00faltimo libro analizado por el Club de Lectura - 2026","robots":{"index":"noindex","follow":"follow","max-snippet":"max-snippet:-1","max-image-preview":"max-image-preview:large","max-video-preview":"max-video-preview:-1"},"og_locale":"de_DE","og_type":"article","og_title":"\u2018La Flor p\u00farpura\u2019, \u00faltimo libro analizado por el Club de Lectura - 2026","og_description":"creado\u00a0por Jos\u00e9 R\u00edos Mercado |\u202f17.06.2019\u00a0 \u00a0La obra \u2018La Flor p\u00farpura\u2019 de la escritora nigeriana\u202fChimamanda\u00a0Ngozi\u00a0Adichie, fue analizada durante el \u00faltimo Club de Lectura correspondiente al a\u00f1o escolar [\u2026]","og_url":"https:\/\/ds-barranquilla.org\/de\/la-flor-purpura-ultimo-libro-analizado-por-el-club-de-lectura\/","og_site_name":"Colegio Alem\u00e1n - Los Mejores Colegios de Colombia - Colegio Triling\u00fce","article_publisher":"https:\/\/www.facebook.com\/ColegioAlemanBaq\/","article_published_time":"2019-06-17T12:26:51+00:00","article_modified_time":"2022-12-07T16:42:59+00:00","og_image":[{"width":594,"height":342,"url":"https:\/\/ds-barranquilla.org\/wp-content\/uploads\/2020\/08\/\u2018La-Flor-p\u00farpura\u2019-\u00faltimo-libro-analizado-por-el-Club-de-Lectura.jpg","type":"image\/jpeg"}],"author":"Comunicaciones Comunicaciones","twitter_card":"summary_large_image","twitter_creator":"@ColegioAlemanBq","twitter_site":"@ColegioAlemanBq","twitter_misc":{"Verfasst von":"Comunicaciones Comunicaciones","Gesch\u00e4tzte Lesezeit":"1\u00a0Minute"},"schema":{"@context":"https:\/\/schema.org","@graph":[{"@type":"Article","@id":"https:\/\/ds-barranquilla.org\/de\/la-flor-purpura-ultimo-libro-analizado-por-el-club-de-lectura\/#article","isPartOf":{"@id":"https:\/\/ds-barranquilla.org\/de\/la-flor-purpura-ultimo-libro-analizado-por-el-club-de-lectura\/"},"author":{"name":"Comunicaciones Comunicaciones","@id":"https:\/\/ds-barranquilla.org\/#\/schema\/person\/7bf8790ba89d3480e0551241ccdc8d36"},"headline":"\u2018La Flor p\u00farpura\u2019, \u00faltimo libro analizado por el Club de Lectura","datePublished":"2019-06-17T12:26:51+00:00","dateModified":"2022-12-07T16:42:59+00:00","mainEntityOfPage":{"@id":"https:\/\/ds-barranquilla.org\/de\/la-flor-purpura-ultimo-libro-analizado-por-el-club-de-lectura\/"},"wordCount":157,"commentCount":0,"publisher":{"@id":"https:\/\/ds-barranquilla.org\/#organization"},"image":{"@id":"https:\/\/ds-barranquilla.org\/de\/la-flor-purpura-ultimo-libro-analizado-por-el-club-de-lectura\/#primaryimage"},"thumbnailUrl":"https:\/\/ds-barranquilla.org\/wp-content\/uploads\/2020\/08\/\u2018La-Flor-p\u00farpura\u2019-\u00faltimo-libro-analizado-por-el-Club-de-Lectura.jpg","keywords":["2019","Blibioteca"],"articleSection":["2019","Biblioteca"],"inLanguage":"de","potentialAction":[{"@type":"CommentAction","name":"Comment","target":["https:\/\/ds-barranquilla.org\/de\/la-flor-purpura-ultimo-libro-analizado-por-el-club-de-lectura\/#respond"]}]},{"@type":"WebPage","@id":"https:\/\/ds-barranquilla.org\/de\/la-flor-purpura-ultimo-libro-analizado-por-el-club-de-lectura\/","url":"https:\/\/ds-barranquilla.org\/de\/la-flor-purpura-ultimo-libro-analizado-por-el-club-de-lectura\/","name":"\u2018La Flor p\u00farpura\u2019, \u00faltimo libro analizado por el Club de Lectura - 2026","isPartOf":{"@id":"https:\/\/ds-barranquilla.org\/#website"},"primaryImageOfPage":{"@id":"https:\/\/ds-barranquilla.org\/de\/la-flor-purpura-ultimo-libro-analizado-por-el-club-de-lectura\/#primaryimage"},"image":{"@id":"https:\/\/ds-barranquilla.org\/de\/la-flor-purpura-ultimo-libro-analizado-por-el-club-de-lectura\/#primaryimage"},"thumbnailUrl":"https:\/\/ds-barranquilla.org\/wp-content\/uploads\/2020\/08\/\u2018La-Flor-p\u00farpura\u2019-\u00faltimo-libro-analizado-por-el-Club-de-Lectura.jpg","datePublished":"2019-06-17T12:26:51+00:00","dateModified":"2022-12-07T16:42:59+00:00","breadcrumb":{"@id":"https:\/\/ds-barranquilla.org\/de\/la-flor-purpura-ultimo-libro-analizado-por-el-club-de-lectura\/#breadcrumb"},"inLanguage":"de","potentialAction":[{"@type":"ReadAction","target":["https:\/\/ds-barranquilla.org\/de\/la-flor-purpura-ultimo-libro-analizado-por-el-club-de-lectura\/"]}]},{"@type":"ImageObject","inLanguage":"de","@id":"https:\/\/ds-barranquilla.org\/de\/la-flor-purpura-ultimo-libro-analizado-por-el-club-de-lectura\/#primaryimage","url":"https:\/\/ds-barranquilla.org\/wp-content\/uploads\/2020\/08\/\u2018La-Flor-p\u00farpura\u2019-\u00faltimo-libro-analizado-por-el-Club-de-Lectura.jpg","contentUrl":"https:\/\/ds-barranquilla.org\/wp-content\/uploads\/2020\/08\/\u2018La-Flor-p\u00farpura\u2019-\u00faltimo-libro-analizado-por-el-Club-de-Lectura.jpg","width":594,"height":342},{"@type":"BreadcrumbList","@id":"https:\/\/ds-barranquilla.org\/de\/la-flor-purpura-ultimo-libro-analizado-por-el-club-de-lectura\/#breadcrumb","itemListElement":[{"@type":"ListItem","position":1,"name":"Portada","item":"https:\/\/ds-barranquilla.org\/"},{"@type":"ListItem","position":2,"name":"\u2018La Flor p\u00farpura\u2019, \u00faltimo libro analizado por el Club de Lectura"}]},{"@type":"WebSite","@id":"https:\/\/ds-barranquilla.org\/#website","url":"https:\/\/ds-barranquilla.org\/","name":"Colegio Alem\u00e1n - Los Mejores Colegios de Colombia - Colegio Triling\u00fce","description":"Colegio Alem\u00e1n  Barranquilla Colombia - Colegio Biling\u00fce - Triling\u00fce - El Mejor Colegio de Colombia","publisher":{"@id":"https:\/\/ds-barranquilla.org\/#organization"},"potentialAction":[{"@type":"SearchAction","target":{"@type":"EntryPoint","urlTemplate":"https:\/\/ds-barranquilla.org\/?s={search_term_string}"},"query-input":"required name=search_term_string"}],"inLanguage":"de"},{"@type":"Organization","@id":"https:\/\/ds-barranquilla.org\/#organization","name":"Colegio Alem\u00e1n Barranquilla","url":"https:\/\/ds-barranquilla.org\/","logo":{"@type":"ImageObject","inLanguage":"de","@id":"https:\/\/ds-barranquilla.org\/#\/schema\/logo\/image\/","url":"https:\/\/ds-barranquilla.org\/wp-content\/uploads\/2021\/05\/coleman_logo_2.png","contentUrl":"https:\/\/ds-barranquilla.org\/wp-content\/uploads\/2021\/05\/coleman_logo_2.png","width":418,"height":307,"caption":"Colegio Alem\u00e1n Barranquilla"},"image":{"@id":"https:\/\/ds-barranquilla.org\/#\/schema\/logo\/image\/"},"sameAs":["https:\/\/www.facebook.com\/ColegioAlemanBaq\/","https:\/\/x.com\/ColegioAlemanBq","https:\/\/www.instagram.com\/colegioalemanbaq\/","https:\/\/www.linkedin.com\/school\/deutsche-schule-barranquilla\/","https:\/\/www.youtube.com\/channel\/UCOOGZQCVs6aYRqIWvSN5agQ"]},{"@type":"Person","@id":"https:\/\/ds-barranquilla.org\/#\/schema\/person\/7bf8790ba89d3480e0551241ccdc8d36","name":"Comunicaciones Comunicaciones","image":{"@type":"ImageObject","inLanguage":"de","@id":"https:\/\/ds-barranquilla.org\/#\/schema\/person\/image\/","url":"https:\/\/secure.gravatar.com\/avatar\/a66ba9484a4338d81d6bea750e595038?s=96&d=mm&r=g","contentUrl":"https:\/\/secure.gravatar.com\/avatar\/a66ba9484a4338d81d6bea750e595038?s=96&d=mm&r=g","caption":"Comunicaciones Comunicaciones"}}]}},"_links":{"self":[{"href":"https:\/\/ds-barranquilla.org\/de\/wp-json\/wp\/v2\/posts\/5789"}],"collection":[{"href":"https:\/\/ds-barranquilla.org\/de\/wp-json\/wp\/v2\/posts"}],"about":[{"href":"https:\/\/ds-barranquilla.org\/de\/wp-json\/wp\/v2\/types\/post"}],"author":[{"embeddable":true,"href":"https:\/\/ds-barranquilla.org\/de\/wp-json\/wp\/v2\/users\/16"}],"replies":[{"embeddable":true,"href":"https:\/\/ds-barranquilla.org\/de\/wp-json\/wp\/v2\/comments?post=5789"}],"version-history":[{"count":1,"href":"https:\/\/ds-barranquilla.org\/de\/wp-json\/wp\/v2\/posts\/5789\/revisions"}],"predecessor-version":[{"id":5791,"href":"https:\/\/ds-barranquilla.org\/de\/wp-json\/wp\/v2\/posts\/5789\/revisions\/5791"}],"wp:featuredmedia":[{"embeddable":true,"href":"https:\/\/ds-barranquilla.org\/de\/wp-json\/wp\/v2\/media\/5790"}],"wp:attachment":[{"href":"https:\/\/ds-barranquilla.org\/de\/wp-json\/wp\/v2\/media?parent=5789"}],"wp:term":[{"taxonomy":"category","embeddable":true,"href":"https:\/\/ds-barranquilla.org\/de\/wp-json\/wp\/v2\/categories?post=5789"},{"taxonomy":"post_tag","embeddable":true,"href":"https:\/\/ds-barranquilla.org\/de\/wp-json\/wp\/v2\/tags?post=5789"}],"curies":[{"name":"wp","href":"https:\/\/api.w.org\/{rel}","templated":true}]}}