{"id":5795,"date":"2019-06-17T07:41:28","date_gmt":"2019-06-17T12:41:28","guid":{"rendered":"https:\/\/ds-barranquilla.org\/?p=5795"},"modified":"2023-01-04T15:15:34","modified_gmt":"2023-01-04T20:15:34","slug":"concierto-de-clausura-hizo-vibrar-a-toda-la-comunidad-estudiantil","status":"publish","type":"post","link":"https:\/\/ds-barranquilla.org\/de\/concierto-de-clausura-hizo-vibrar-a-toda-la-comunidad-estudiantil\/","title":{"rendered":"Concierto de Clausura hizo vibrar a toda la comunidad estudiantil"},"content":{"rendered":"<p><span data-contrast=\"none\">creado<\/span><span data-contrast=\"none\">\u00a0por Jos\u00e9 R\u00edos Mercado |\u202f17.06.2019<\/span><span data-ccp-props=\"{&quot;201341983&quot;:0,&quot;335559739&quot;:160,&quot;335559740&quot;:240}\">\u00a0<\/span><\/p>\n<p><span data-ccp-props=\"{&quot;201341983&quot;:0,&quot;335559739&quot;:160,&quot;335559740&quot;:240}\">\u00a0<\/span><span data-contrast=\"none\">Un tremendo espect\u00e1culo\u00a0<\/span><span data-contrast=\"none\">ofrecieron<\/span><span data-contrast=\"none\">\u00a0los Coros Infantil y Juvenil de nuestro colegio, as\u00ed como la Orquesta Sinf\u00f3nica Juvenil durante el Concierto de Clausura. Los cantantes dirigidos por el profesor Jos\u00e9 Mej\u00eda abrieron el evento demostrando que est\u00e1n a otro nivel art\u00edstico con la interpretaci\u00f3n de piezas muy complejas y conmovedoras.<\/span><span data-ccp-props=\"{&quot;201341983&quot;:0,&quot;335559739&quot;:180,&quot;335559740&quot;:240}\">\u00a0<\/span><\/p>\n<p><span data-contrast=\"none\">Posteriormente, el turno fue para los m\u00fasicos dirigidos por el profesor Cristian Ferrer, quienes se lucieron al interpretar canciones como \u2018Mi vieja Barranquilla\u2019 y \u2018La luna de Barranquilla\u2019, junto a tres invitados especiales: Sandra Escudero, Juan Pi\u00f1a y Juventino Ojito.<\/span><span data-ccp-props=\"{&quot;201341983&quot;:0,&quot;335559739&quot;:180,&quot;335559740&quot;:240}\">\u00a0<\/span><\/p>\n<p><span data-contrast=\"none\">La Orquesta Sinf\u00f3nica Juvenil emocion\u00f3 tambi\u00e9n a los asistentes con una magistral versi\u00f3n del Mambo N\u00ba 8 de D\u00e1maso P\u00e9rez Prado y las bandas sonoras de series famosas de televisi\u00f3n como \u2018Los Magn\u00edficos\u2019 y \u2018Juego de Tronos\u2019.<\/span><span data-ccp-props=\"{&quot;201341983&quot;:0,&quot;335559739&quot;:180,&quot;335559740&quot;:240}\">\u00a0<\/span><\/p>\n<p><span data-ccp-props=\"{&quot;201341983&quot;:0,&quot;335559739&quot;:360,&quot;335559740&quot;:240}\">\u00a0<\/span><\/p>","protected":false},"excerpt":{"rendered":"<p>creado\u00a0por Jos\u00e9 R\u00edos Mercado |\u202f17.06.2019\u00a0 \u00a0Un tremendo espect\u00e1culo\u00a0ofrecieron\u00a0los Coros Infantil y Juvenil de nuestro colegio, as\u00ed como la Orquesta Sinf\u00f3nica Juvenil durante el Concierto de Clausura.<span class=\"excerpt-hellip\"> [\u2026]<\/span><\/p>","protected":false},"author":16,"featured_media":5796,"comment_status":"open","ping_status":"open","sticky":false,"template":"","format":"standard","meta":{"_exactmetrics_skip_tracking":false,"_exactmetrics_sitenote_active":false,"_exactmetrics_sitenote_note":"","_exactmetrics_sitenote_category":0,"_joinchat":[],"footnotes":""},"categories":[679,685,701,706],"tags":[468,437],"class_list":["post-5795","post","type-post","status-publish","format-standard","has-post-thumbnail","hentry","category-679","category-area-de-artes-visuales-e-interpretativas","category-coro-infantil-y-juvenil","category-orquesta-sinfonica-juvenil","tag-468","tag-musica"],"yoast_head":"<!-- This site is optimized with the Yoast SEO plugin v23.3 - https:\/\/yoast.com\/wordpress\/plugins\/seo\/ -->\n<title>Concierto de Clausura hizo vibrar a toda la comunidad estudiantil - 2026<\/title>\n<meta name=\"robots\" content=\"noindex, follow, max-snippet:-1, max-image-preview:large, max-video-preview:-1\" \/>\n<meta property=\"og:locale\" content=\"de_DE\" \/>\n<meta property=\"og:type\" content=\"article\" \/>\n<meta property=\"og:title\" content=\"Concierto de Clausura hizo vibrar a toda la comunidad estudiantil - 2026\" \/>\n<meta property=\"og:description\" content=\"creado\u00a0por Jos\u00e9 R\u00edos Mercado |\u202f17.06.2019\u00a0 \u00a0Un tremendo espect\u00e1culo\u00a0ofrecieron\u00a0los Coros Infantil y Juvenil de nuestro colegio, as\u00ed como la Orquesta Sinf\u00f3nica Juvenil durante el Concierto de Clausura. [\u2026]\" \/>\n<meta property=\"og:url\" content=\"https:\/\/ds-barranquilla.org\/de\/concierto-de-clausura-hizo-vibrar-a-toda-la-comunidad-estudiantil\/\" \/>\n<meta property=\"og:site_name\" content=\"Colegio Alem\u00e1n - Los Mejores Colegios de Colombia - Colegio Triling\u00fce\" \/>\n<meta property=\"article:publisher\" content=\"https:\/\/www.facebook.com\/ColegioAlemanBaq\/\" \/>\n<meta property=\"article:published_time\" content=\"2019-06-17T12:41:28+00:00\" \/>\n<meta property=\"article:modified_time\" content=\"2023-01-04T20:15:34+00:00\" \/>\n<meta property=\"og:image\" content=\"https:\/\/ds-barranquilla.org\/wp-content\/uploads\/2020\/08\/Concierto-de-Clausura-hizo-vibrar-a-toda-la-comunidad-estudiantil.jpg\" \/>\n\t<meta property=\"og:image:width\" content=\"592\" \/>\n\t<meta property=\"og:image:height\" content=\"298\" \/>\n\t<meta property=\"og:image:type\" content=\"image\/jpeg\" \/>\n<meta name=\"author\" content=\"Comunicaciones Comunicaciones\" \/>\n<meta name=\"twitter:card\" content=\"summary_large_image\" \/>\n<meta name=\"twitter:creator\" content=\"@ColegioAlemanBq\" \/>\n<meta name=\"twitter:site\" content=\"@ColegioAlemanBq\" \/>\n<meta name=\"twitter:label1\" content=\"Verfasst von\" \/>\n\t<meta name=\"twitter:data1\" content=\"Comunicaciones Comunicaciones\" \/>\n\t<meta name=\"twitter:label2\" content=\"Gesch\u00e4tzte Lesezeit\" \/>\n\t<meta name=\"twitter:data2\" content=\"1\u00a0Minute\" \/>\n<script type=\"application\/ld+json\" class=\"yoast-schema-graph\">{\"@context\":\"https:\/\/schema.org\",\"@graph\":[{\"@type\":\"Article\",\"@id\":\"https:\/\/ds-barranquilla.org\/de\/concierto-de-clausura-hizo-vibrar-a-toda-la-comunidad-estudiantil\/#article\",\"isPartOf\":{\"@id\":\"https:\/\/ds-barranquilla.org\/de\/concierto-de-clausura-hizo-vibrar-a-toda-la-comunidad-estudiantil\/\"},\"author\":{\"name\":\"Comunicaciones Comunicaciones\",\"@id\":\"https:\/\/ds-barranquilla.org\/#\/schema\/person\/7bf8790ba89d3480e0551241ccdc8d36\"},\"headline\":\"Concierto de Clausura hizo vibrar a toda la comunidad estudiantil\",\"datePublished\":\"2019-06-17T12:41:28+00:00\",\"dateModified\":\"2023-01-04T20:15:34+00:00\",\"mainEntityOfPage\":{\"@id\":\"https:\/\/ds-barranquilla.org\/de\/concierto-de-clausura-hizo-vibrar-a-toda-la-comunidad-estudiantil\/\"},\"wordCount\":157,\"commentCount\":0,\"publisher\":{\"@id\":\"https:\/\/ds-barranquilla.org\/#organization\"},\"image\":{\"@id\":\"https:\/\/ds-barranquilla.org\/de\/concierto-de-clausura-hizo-vibrar-a-toda-la-comunidad-estudiantil\/#primaryimage\"},\"thumbnailUrl\":\"https:\/\/ds-barranquilla.org\/wp-content\/uploads\/2020\/08\/Concierto-de-Clausura-hizo-vibrar-a-toda-la-comunidad-estudiantil.jpg\",\"keywords\":[\"2019\",\"M\u00fasica\"],\"articleSection\":[\"2019\",\"\u00c1rea de Artes Visuales e Interpretativas\",\"Coro Infantil y Juvenil\",\"Orquesta Sinf\u00f3nica Juvenil\"],\"inLanguage\":\"de\",\"potentialAction\":[{\"@type\":\"CommentAction\",\"name\":\"Comment\",\"target\":[\"https:\/\/ds-barranquilla.org\/de\/concierto-de-clausura-hizo-vibrar-a-toda-la-comunidad-estudiantil\/#respond\"]}]},{\"@type\":\"WebPage\",\"@id\":\"https:\/\/ds-barranquilla.org\/de\/concierto-de-clausura-hizo-vibrar-a-toda-la-comunidad-estudiantil\/\",\"url\":\"https:\/\/ds-barranquilla.org\/de\/concierto-de-clausura-hizo-vibrar-a-toda-la-comunidad-estudiantil\/\",\"name\":\"Concierto de Clausura hizo vibrar a toda la comunidad estudiantil - 2026\",\"isPartOf\":{\"@id\":\"https:\/\/ds-barranquilla.org\/#website\"},\"primaryImageOfPage\":{\"@id\":\"https:\/\/ds-barranquilla.org\/de\/concierto-de-clausura-hizo-vibrar-a-toda-la-comunidad-estudiantil\/#primaryimage\"},\"image\":{\"@id\":\"https:\/\/ds-barranquilla.org\/de\/concierto-de-clausura-hizo-vibrar-a-toda-la-comunidad-estudiantil\/#primaryimage\"},\"thumbnailUrl\":\"https:\/\/ds-barranquilla.org\/wp-content\/uploads\/2020\/08\/Concierto-de-Clausura-hizo-vibrar-a-toda-la-comunidad-estudiantil.jpg\",\"datePublished\":\"2019-06-17T12:41:28+00:00\",\"dateModified\":\"2023-01-04T20:15:34+00:00\",\"breadcrumb\":{\"@id\":\"https:\/\/ds-barranquilla.org\/de\/concierto-de-clausura-hizo-vibrar-a-toda-la-comunidad-estudiantil\/#breadcrumb\"},\"inLanguage\":\"de\",\"potentialAction\":[{\"@type\":\"ReadAction\",\"target\":[\"https:\/\/ds-barranquilla.org\/de\/concierto-de-clausura-hizo-vibrar-a-toda-la-comunidad-estudiantil\/\"]}]},{\"@type\":\"ImageObject\",\"inLanguage\":\"de\",\"@id\":\"https:\/\/ds-barranquilla.org\/de\/concierto-de-clausura-hizo-vibrar-a-toda-la-comunidad-estudiantil\/#primaryimage\",\"url\":\"https:\/\/ds-barranquilla.org\/wp-content\/uploads\/2020\/08\/Concierto-de-Clausura-hizo-vibrar-a-toda-la-comunidad-estudiantil.jpg\",\"contentUrl\":\"https:\/\/ds-barranquilla.org\/wp-content\/uploads\/2020\/08\/Concierto-de-Clausura-hizo-vibrar-a-toda-la-comunidad-estudiantil.jpg\",\"width\":592,\"height\":298},{\"@type\":\"BreadcrumbList\",\"@id\":\"https:\/\/ds-barranquilla.org\/de\/concierto-de-clausura-hizo-vibrar-a-toda-la-comunidad-estudiantil\/#breadcrumb\",\"itemListElement\":[{\"@type\":\"ListItem\",\"position\":1,\"name\":\"Portada\",\"item\":\"https:\/\/ds-barranquilla.org\/\"},{\"@type\":\"ListItem\",\"position\":2,\"name\":\"Concierto de Clausura hizo vibrar a toda la comunidad estudiantil\"}]},{\"@type\":\"WebSite\",\"@id\":\"https:\/\/ds-barranquilla.org\/#website\",\"url\":\"https:\/\/ds-barranquilla.org\/\",\"name\":\"Colegio Alem\u00e1n - Los Mejores Colegios de Colombia - Colegio Triling\u00fce\",\"description\":\"Colegio Alem\u00e1n  Barranquilla Colombia - Colegio Biling\u00fce - Triling\u00fce - El Mejor Colegio de Colombia\",\"publisher\":{\"@id\":\"https:\/\/ds-barranquilla.org\/#organization\"},\"potentialAction\":[{\"@type\":\"SearchAction\",\"target\":{\"@type\":\"EntryPoint\",\"urlTemplate\":\"https:\/\/ds-barranquilla.org\/?s={search_term_string}\"},\"query-input\":\"required name=search_term_string\"}],\"inLanguage\":\"de\"},{\"@type\":\"Organization\",\"@id\":\"https:\/\/ds-barranquilla.org\/#organization\",\"name\":\"Colegio Alem\u00e1n Barranquilla\",\"url\":\"https:\/\/ds-barranquilla.org\/\",\"logo\":{\"@type\":\"ImageObject\",\"inLanguage\":\"de\",\"@id\":\"https:\/\/ds-barranquilla.org\/#\/schema\/logo\/image\/\",\"url\":\"https:\/\/ds-barranquilla.org\/wp-content\/uploads\/2021\/05\/coleman_logo_2.png\",\"contentUrl\":\"https:\/\/ds-barranquilla.org\/wp-content\/uploads\/2021\/05\/coleman_logo_2.png\",\"width\":418,\"height\":307,\"caption\":\"Colegio Alem\u00e1n Barranquilla\"},\"image\":{\"@id\":\"https:\/\/ds-barranquilla.org\/#\/schema\/logo\/image\/\"},\"sameAs\":[\"https:\/\/www.facebook.com\/ColegioAlemanBaq\/\",\"https:\/\/x.com\/ColegioAlemanBq\",\"https:\/\/www.instagram.com\/colegioalemanbaq\/\",\"https:\/\/www.linkedin.com\/school\/deutsche-schule-barranquilla\/\",\"https:\/\/www.youtube.com\/channel\/UCOOGZQCVs6aYRqIWvSN5agQ\"]},{\"@type\":\"Person\",\"@id\":\"https:\/\/ds-barranquilla.org\/#\/schema\/person\/7bf8790ba89d3480e0551241ccdc8d36\",\"name\":\"Comunicaciones Comunicaciones\",\"image\":{\"@type\":\"ImageObject\",\"inLanguage\":\"de\",\"@id\":\"https:\/\/ds-barranquilla.org\/#\/schema\/person\/image\/\",\"url\":\"https:\/\/secure.gravatar.com\/avatar\/a66ba9484a4338d81d6bea750e595038?s=96&d=mm&r=g\",\"contentUrl\":\"https:\/\/secure.gravatar.com\/avatar\/a66ba9484a4338d81d6bea750e595038?s=96&d=mm&r=g\",\"caption\":\"Comunicaciones Comunicaciones\"}}]}<\/script>\n<!-- \/ Yoast SEO plugin. -->","yoast_head_json":{"title":"Concierto de Clausura hizo vibrar a toda la comunidad estudiantil - 2026","robots":{"index":"noindex","follow":"follow","max-snippet":"max-snippet:-1","max-image-preview":"max-image-preview:large","max-video-preview":"max-video-preview:-1"},"og_locale":"de_DE","og_type":"article","og_title":"Concierto de Clausura hizo vibrar a toda la comunidad estudiantil - 2026","og_description":"creado\u00a0por Jos\u00e9 R\u00edos Mercado |\u202f17.06.2019\u00a0 \u00a0Un tremendo espect\u00e1culo\u00a0ofrecieron\u00a0los Coros Infantil y Juvenil de nuestro colegio, as\u00ed como la Orquesta Sinf\u00f3nica Juvenil durante el Concierto de Clausura. [\u2026]","og_url":"https:\/\/ds-barranquilla.org\/de\/concierto-de-clausura-hizo-vibrar-a-toda-la-comunidad-estudiantil\/","og_site_name":"Colegio Alem\u00e1n - Los Mejores Colegios de Colombia - Colegio Triling\u00fce","article_publisher":"https:\/\/www.facebook.com\/ColegioAlemanBaq\/","article_published_time":"2019-06-17T12:41:28+00:00","article_modified_time":"2023-01-04T20:15:34+00:00","og_image":[{"width":592,"height":298,"url":"https:\/\/ds-barranquilla.org\/wp-content\/uploads\/2020\/08\/Concierto-de-Clausura-hizo-vibrar-a-toda-la-comunidad-estudiantil.jpg","type":"image\/jpeg"}],"author":"Comunicaciones Comunicaciones","twitter_card":"summary_large_image","twitter_creator":"@ColegioAlemanBq","twitter_site":"@ColegioAlemanBq","twitter_misc":{"Verfasst von":"Comunicaciones Comunicaciones","Gesch\u00e4tzte Lesezeit":"1\u00a0Minute"},"schema":{"@context":"https:\/\/schema.org","@graph":[{"@type":"Article","@id":"https:\/\/ds-barranquilla.org\/de\/concierto-de-clausura-hizo-vibrar-a-toda-la-comunidad-estudiantil\/#article","isPartOf":{"@id":"https:\/\/ds-barranquilla.org\/de\/concierto-de-clausura-hizo-vibrar-a-toda-la-comunidad-estudiantil\/"},"author":{"name":"Comunicaciones Comunicaciones","@id":"https:\/\/ds-barranquilla.org\/#\/schema\/person\/7bf8790ba89d3480e0551241ccdc8d36"},"headline":"Concierto de Clausura hizo vibrar a toda la comunidad estudiantil","datePublished":"2019-06-17T12:41:28+00:00","dateModified":"2023-01-04T20:15:34+00:00","mainEntityOfPage":{"@id":"https:\/\/ds-barranquilla.org\/de\/concierto-de-clausura-hizo-vibrar-a-toda-la-comunidad-estudiantil\/"},"wordCount":157,"commentCount":0,"publisher":{"@id":"https:\/\/ds-barranquilla.org\/#organization"},"image":{"@id":"https:\/\/ds-barranquilla.org\/de\/concierto-de-clausura-hizo-vibrar-a-toda-la-comunidad-estudiantil\/#primaryimage"},"thumbnailUrl":"https:\/\/ds-barranquilla.org\/wp-content\/uploads\/2020\/08\/Concierto-de-Clausura-hizo-vibrar-a-toda-la-comunidad-estudiantil.jpg","keywords":["2019","M\u00fasica"],"articleSection":["2019","\u00c1rea de Artes Visuales e Interpretativas","Coro Infantil y Juvenil","Orquesta Sinf\u00f3nica Juvenil"],"inLanguage":"de","potentialAction":[{"@type":"CommentAction","name":"Comment","target":["https:\/\/ds-barranquilla.org\/de\/concierto-de-clausura-hizo-vibrar-a-toda-la-comunidad-estudiantil\/#respond"]}]},{"@type":"WebPage","@id":"https:\/\/ds-barranquilla.org\/de\/concierto-de-clausura-hizo-vibrar-a-toda-la-comunidad-estudiantil\/","url":"https:\/\/ds-barranquilla.org\/de\/concierto-de-clausura-hizo-vibrar-a-toda-la-comunidad-estudiantil\/","name":"Concierto de Clausura hizo vibrar a toda la comunidad estudiantil - 2026","isPartOf":{"@id":"https:\/\/ds-barranquilla.org\/#website"},"primaryImageOfPage":{"@id":"https:\/\/ds-barranquilla.org\/de\/concierto-de-clausura-hizo-vibrar-a-toda-la-comunidad-estudiantil\/#primaryimage"},"image":{"@id":"https:\/\/ds-barranquilla.org\/de\/concierto-de-clausura-hizo-vibrar-a-toda-la-comunidad-estudiantil\/#primaryimage"},"thumbnailUrl":"https:\/\/ds-barranquilla.org\/wp-content\/uploads\/2020\/08\/Concierto-de-Clausura-hizo-vibrar-a-toda-la-comunidad-estudiantil.jpg","datePublished":"2019-06-17T12:41:28+00:00","dateModified":"2023-01-04T20:15:34+00:00","breadcrumb":{"@id":"https:\/\/ds-barranquilla.org\/de\/concierto-de-clausura-hizo-vibrar-a-toda-la-comunidad-estudiantil\/#breadcrumb"},"inLanguage":"de","potentialAction":[{"@type":"ReadAction","target":["https:\/\/ds-barranquilla.org\/de\/concierto-de-clausura-hizo-vibrar-a-toda-la-comunidad-estudiantil\/"]}]},{"@type":"ImageObject","inLanguage":"de","@id":"https:\/\/ds-barranquilla.org\/de\/concierto-de-clausura-hizo-vibrar-a-toda-la-comunidad-estudiantil\/#primaryimage","url":"https:\/\/ds-barranquilla.org\/wp-content\/uploads\/2020\/08\/Concierto-de-Clausura-hizo-vibrar-a-toda-la-comunidad-estudiantil.jpg","contentUrl":"https:\/\/ds-barranquilla.org\/wp-content\/uploads\/2020\/08\/Concierto-de-Clausura-hizo-vibrar-a-toda-la-comunidad-estudiantil.jpg","width":592,"height":298},{"@type":"BreadcrumbList","@id":"https:\/\/ds-barranquilla.org\/de\/concierto-de-clausura-hizo-vibrar-a-toda-la-comunidad-estudiantil\/#breadcrumb","itemListElement":[{"@type":"ListItem","position":1,"name":"Portada","item":"https:\/\/ds-barranquilla.org\/"},{"@type":"ListItem","position":2,"name":"Concierto de Clausura hizo vibrar a toda la comunidad estudiantil"}]},{"@type":"WebSite","@id":"https:\/\/ds-barranquilla.org\/#website","url":"https:\/\/ds-barranquilla.org\/","name":"Colegio Alem\u00e1n - Los Mejores Colegios de Colombia - Colegio Triling\u00fce","description":"Colegio Alem\u00e1n  Barranquilla Colombia - Colegio Biling\u00fce - Triling\u00fce - El Mejor Colegio de Colombia","publisher":{"@id":"https:\/\/ds-barranquilla.org\/#organization"},"potentialAction":[{"@type":"SearchAction","target":{"@type":"EntryPoint","urlTemplate":"https:\/\/ds-barranquilla.org\/?s={search_term_string}"},"query-input":"required name=search_term_string"}],"inLanguage":"de"},{"@type":"Organization","@id":"https:\/\/ds-barranquilla.org\/#organization","name":"Colegio Alem\u00e1n Barranquilla","url":"https:\/\/ds-barranquilla.org\/","logo":{"@type":"ImageObject","inLanguage":"de","@id":"https:\/\/ds-barranquilla.org\/#\/schema\/logo\/image\/","url":"https:\/\/ds-barranquilla.org\/wp-content\/uploads\/2021\/05\/coleman_logo_2.png","contentUrl":"https:\/\/ds-barranquilla.org\/wp-content\/uploads\/2021\/05\/coleman_logo_2.png","width":418,"height":307,"caption":"Colegio Alem\u00e1n Barranquilla"},"image":{"@id":"https:\/\/ds-barranquilla.org\/#\/schema\/logo\/image\/"},"sameAs":["https:\/\/www.facebook.com\/ColegioAlemanBaq\/","https:\/\/x.com\/ColegioAlemanBq","https:\/\/www.instagram.com\/colegioalemanbaq\/","https:\/\/www.linkedin.com\/school\/deutsche-schule-barranquilla\/","https:\/\/www.youtube.com\/channel\/UCOOGZQCVs6aYRqIWvSN5agQ"]},{"@type":"Person","@id":"https:\/\/ds-barranquilla.org\/#\/schema\/person\/7bf8790ba89d3480e0551241ccdc8d36","name":"Comunicaciones Comunicaciones","image":{"@type":"ImageObject","inLanguage":"de","@id":"https:\/\/ds-barranquilla.org\/#\/schema\/person\/image\/","url":"https:\/\/secure.gravatar.com\/avatar\/a66ba9484a4338d81d6bea750e595038?s=96&d=mm&r=g","contentUrl":"https:\/\/secure.gravatar.com\/avatar\/a66ba9484a4338d81d6bea750e595038?s=96&d=mm&r=g","caption":"Comunicaciones Comunicaciones"}}]}},"_links":{"self":[{"href":"https:\/\/ds-barranquilla.org\/de\/wp-json\/wp\/v2\/posts\/5795"}],"collection":[{"href":"https:\/\/ds-barranquilla.org\/de\/wp-json\/wp\/v2\/posts"}],"about":[{"href":"https:\/\/ds-barranquilla.org\/de\/wp-json\/wp\/v2\/types\/post"}],"author":[{"embeddable":true,"href":"https:\/\/ds-barranquilla.org\/de\/wp-json\/wp\/v2\/users\/16"}],"replies":[{"embeddable":true,"href":"https:\/\/ds-barranquilla.org\/de\/wp-json\/wp\/v2\/comments?post=5795"}],"version-history":[{"count":1,"href":"https:\/\/ds-barranquilla.org\/de\/wp-json\/wp\/v2\/posts\/5795\/revisions"}],"predecessor-version":[{"id":5797,"href":"https:\/\/ds-barranquilla.org\/de\/wp-json\/wp\/v2\/posts\/5795\/revisions\/5797"}],"wp:featuredmedia":[{"embeddable":true,"href":"https:\/\/ds-barranquilla.org\/de\/wp-json\/wp\/v2\/media\/5796"}],"wp:attachment":[{"href":"https:\/\/ds-barranquilla.org\/de\/wp-json\/wp\/v2\/media?parent=5795"}],"wp:term":[{"taxonomy":"category","embeddable":true,"href":"https:\/\/ds-barranquilla.org\/de\/wp-json\/wp\/v2\/categories?post=5795"},{"taxonomy":"post_tag","embeddable":true,"href":"https:\/\/ds-barranquilla.org\/de\/wp-json\/wp\/v2\/tags?post=5795"}],"curies":[{"name":"wp","href":"https:\/\/api.w.org\/{rel}","templated":true}]}}