{"id":5798,"date":"2019-06-19T07:46:05","date_gmt":"2019-06-19T12:46:05","guid":{"rendered":"https:\/\/ds-barranquilla.org\/?p=5798"},"modified":"2023-01-04T13:40:27","modified_gmt":"2023-01-04T18:40:27","slug":"natalia-hernandez-y-las-matematicas-un-binomio-indivisible","status":"publish","type":"post","link":"https:\/\/ds-barranquilla.org\/de\/natalia-hernandez-y-las-matematicas-un-binomio-indivisible\/","title":{"rendered":"Natalia Hern\u00e1ndez y las Matem\u00e1ticas: un binomio indivisible"},"content":{"rendered":"<p><span data-contrast=\"none\">creado por Jos\u00e9 R\u00edos Mercado |\u202f19.06.2019<\/span><span data-ccp-props=\"{&quot;201341983&quot;:0,&quot;335559739&quot;:160,&quot;335559740&quot;:240}\">\u00a0<\/span><\/p>\n<p><span data-ccp-props=\"{&quot;201341983&quot;:0,&quot;335559739&quot;:160,&quot;335559740&quot;:240}\">\u00a0<\/span><span data-contrast=\"none\">Mientras para la mayor\u00eda de las personas los n\u00fameros fueron un \u2018dolor de cabeza\u2019 en su \u00e9poca de estudiante, para nuestra exalumna de la Promoci\u00f3n 2005, Natalia Hern\u00e1ndez, estos s\u00edmbolos adem\u00e1s de apasionarla, le han permitido crecer profesional- y personalmente. Estudiar Matem\u00e1ticas con \u00e9nfasis en Computaci\u00f3n Cient\u00edfica en la Universidad de Heidelberg (Alemania), se constituy\u00f3 para ella en el punto de partida para explorar un \u00e1mbito invisible para muchos.<\/span><span data-ccp-props=\"{&quot;201341983&quot;:0,&quot;335559739&quot;:180,&quot;335559740&quot;:240}\">\u00a0<\/span><\/p>\n<p><span data-contrast=\"none\">\u201cMi pasi\u00f3n por esta disciplina me ha llevado a querer mostrar ese mundo que nadie ve porque precisamente hay una ola de matem\u00e1ticos que est\u00e1 convencida de que no somos ni seres especiales ni extremadamente inteligentes, sino que simplemente fuimos personas que nos enamoramos de algo que nadie ve\u00eda, de algo que de pronto no fue explicado de la manera m\u00e1s seductora y\u00a0que\u00a0sin embargo, nos gust\u00f3\u201d, expres\u00f3 la matem\u00e1tica.<\/span><span data-ccp-props=\"{&quot;201341983&quot;:0,&quot;335559739&quot;:180,&quot;335559740&quot;:240}\">\u00a0<\/span><\/p>\n<p><span data-contrast=\"none\">Natalia Hern\u00e1ndez asegur\u00f3 que la aversi\u00f3n de la mayor\u00eda de las personas hacia las Matem\u00e1ticas obedece a que no entienden esta materia; seg\u00fan ella, el m\u00e9todo de ense\u00f1anza utilizado es lo que ha generado esta barrera mental. De ah\u00ed que, uno de sus objetivos de vida es tratar de presentar esta disciplina de una manera m\u00e1s amena para demostrar que todos podemos aprender el \u2018lenguaje de la naturaleza\u2019 para describir cosas como lo hacemos con cualquier idioma.<\/span><span data-ccp-props=\"{&quot;201341983&quot;:0,&quot;335559739&quot;:180,&quot;335559740&quot;:240}\">\u00a0<\/span><\/p>\n<p><span data-contrast=\"none\">\u201cEl dictar la materia Fundamentos de Estad\u00edstica a estudiantes del \u00c1rea de Ciencias Sociales de la Universidad del Norte me brind\u00f3 la posibilidad de entender mejor a las personas de otras carreras a las que nos les interesan las Matem\u00e1ticas. Este acercamiento me ha permitido adem\u00e1s trabajar con ellos y con docentes del Programa de Ciencia Pol\u00edtica en la aplicaci\u00f3n de investigaci\u00f3n cuantitativa en esta \u00e1rea\u201d, manifest\u00f3 la matem\u00e1tica.<\/span><span data-ccp-props=\"{&quot;201341983&quot;:0,&quot;335559739&quot;:180,&quot;335559740&quot;:240}\">\u00a0<\/span><\/p>\n<p><span data-contrast=\"none\">Por otra parte, a trav\u00e9s del Proyecto QUANTI de la misma universidad, Natalia Hern\u00e1ndez sigue desarrollando y fomentando las competencias de razonamiento cuantitativo en los alumnos durante su experiencia acad\u00e9mica sin importar su carrera. El objetivo es que los estudiantes puedan pensar como matem\u00e1ticos y no que lo sean, es decir, que tengan el h\u00e1bito mental de involucrar n\u00fameros en su toma de decisiones y en sus argumentaciones.<\/span><span data-ccp-props=\"{&quot;201341983&quot;:0,&quot;335559739&quot;:180,&quot;335559740&quot;:240}\">\u00a0<\/span><\/p>\n<p><span data-contrast=\"none\">Su trabajo como docente-investigadora en el Departamento de Matem\u00e1ticas y Estad\u00edstica de la Universidad del Norte, y como Coordinadora metodol\u00f3gica de \u2018Barranquilla C\u00f3mo Vamos\u2019, son actualmente los principales compromisos de esta matem\u00e1tica que recuerda con mucha nostalgia su paso por el colegio. Para ella, la capacidad de \u2018aprender a aprender\u2019, el Bachillerato Internacional (IB), su relaci\u00f3n con los profesores y compa\u00f1eros de clase, entre otros aspectos, contribuyeron enormemente en su formaci\u00f3n integral.<\/span><span data-ccp-props=\"{&quot;201341983&quot;:0,&quot;335559739&quot;:180,&quot;335559740&quot;:240}\">\u00a0<\/span><\/p>\n<p><span data-contrast=\"none\">\u202f<\/span><span data-ccp-props=\"{&quot;201341983&quot;:0,&quot;335559739&quot;:180,&quot;335559740&quot;:240}\">\u00a0<\/span><\/p>\n<p><i><span data-contrast=\"none\">*Fotograf\u00eda cortes\u00eda de la Universidad del Norte.<\/span><\/i><span data-ccp-props=\"{&quot;201341983&quot;:0,&quot;335559739&quot;:180,&quot;335559740&quot;:240}\">\u00a0<\/span><\/p>","protected":false},"excerpt":{"rendered":"<p>creado por Jos\u00e9 R\u00edos Mercado |\u202f19.06.2019\u00a0 \u00a0Mientras para la mayor\u00eda de las personas los n\u00fameros fueron un \u2018dolor de cabeza\u2019 en su \u00e9poca de estudiante, para<span class=\"excerpt-hellip\"> [\u2026]<\/span><\/p>","protected":false},"author":16,"featured_media":5799,"comment_status":"open","ping_status":"open","sticky":false,"template":"","format":"standard","meta":{"_exactmetrics_skip_tracking":false,"_exactmetrics_sitenote_active":false,"_exactmetrics_sitenote_note":"","_exactmetrics_sitenote_category":0,"_joinchat":[],"footnotes":""},"categories":[679,684],"tags":[712],"class_list":["post-5798","post","type-post","status-publish","format-standard","has-post-thumbnail","hentry","category-679","category-alumni","tag-entrevista"],"yoast_head":"<!-- This site is optimized with the Yoast SEO plugin v23.3 - https:\/\/yoast.com\/wordpress\/plugins\/seo\/ -->\n<title>Natalia Hern\u00e1ndez y las Matem\u00e1ticas: un binomio indivisible - 2026<\/title>\n<meta name=\"robots\" content=\"noindex, follow, max-snippet:-1, max-image-preview:large, max-video-preview:-1\" \/>\n<meta property=\"og:locale\" content=\"de_DE\" \/>\n<meta property=\"og:type\" content=\"article\" \/>\n<meta property=\"og:title\" content=\"Natalia Hern\u00e1ndez y las Matem\u00e1ticas: un binomio indivisible - 2026\" \/>\n<meta property=\"og:description\" content=\"creado por Jos\u00e9 R\u00edos Mercado |\u202f19.06.2019\u00a0 \u00a0Mientras para la mayor\u00eda de las personas los n\u00fameros fueron un \u2018dolor de cabeza\u2019 en su \u00e9poca de estudiante, para [\u2026]\" \/>\n<meta property=\"og:url\" content=\"https:\/\/ds-barranquilla.org\/de\/natalia-hernandez-y-las-matematicas-un-binomio-indivisible\/\" \/>\n<meta property=\"og:site_name\" content=\"Colegio Alem\u00e1n - Los Mejores Colegios de Colombia - Colegio Triling\u00fce\" \/>\n<meta property=\"article:publisher\" content=\"https:\/\/www.facebook.com\/ColegioAlemanBaq\/\" \/>\n<meta property=\"article:published_time\" content=\"2019-06-19T12:46:05+00:00\" \/>\n<meta property=\"article:modified_time\" content=\"2023-01-04T18:40:27+00:00\" \/>\n<meta property=\"og:image\" content=\"https:\/\/ds-barranquilla.org\/wp-content\/uploads\/2020\/08\/Natalia-Hern\u00e1ndez-y-las-Matem\u00e1ticas-un-binomio-indivisible.jpg\" \/>\n\t<meta property=\"og:image:width\" content=\"607\" \/>\n\t<meta property=\"og:image:height\" content=\"364\" \/>\n\t<meta property=\"og:image:type\" content=\"image\/jpeg\" \/>\n<meta name=\"author\" content=\"Comunicaciones Comunicaciones\" \/>\n<meta name=\"twitter:card\" content=\"summary_large_image\" \/>\n<meta name=\"twitter:creator\" content=\"@ColegioAlemanBq\" \/>\n<meta name=\"twitter:site\" content=\"@ColegioAlemanBq\" \/>\n<meta name=\"twitter:label1\" content=\"Verfasst von\" \/>\n\t<meta name=\"twitter:data1\" content=\"Comunicaciones Comunicaciones\" \/>\n\t<meta name=\"twitter:label2\" content=\"Gesch\u00e4tzte Lesezeit\" \/>\n\t<meta name=\"twitter:data2\" content=\"2\u00a0Minuten\" \/>\n<script type=\"application\/ld+json\" class=\"yoast-schema-graph\">{\"@context\":\"https:\/\/schema.org\",\"@graph\":[{\"@type\":\"Article\",\"@id\":\"https:\/\/ds-barranquilla.org\/natalia-hernandez-y-las-matematicas-un-binomio-indivisible\/#article\",\"isPartOf\":{\"@id\":\"https:\/\/ds-barranquilla.org\/natalia-hernandez-y-las-matematicas-un-binomio-indivisible\/\"},\"author\":{\"name\":\"Comunicaciones Comunicaciones\",\"@id\":\"https:\/\/ds-barranquilla.org\/#\/schema\/person\/7bf8790ba89d3480e0551241ccdc8d36\"},\"headline\":\"Natalia Hern\u00e1ndez y las Matem\u00e1ticas: un binomio indivisible\",\"datePublished\":\"2019-06-19T12:46:05+00:00\",\"dateModified\":\"2023-01-04T18:40:27+00:00\",\"mainEntityOfPage\":{\"@id\":\"https:\/\/ds-barranquilla.org\/natalia-hernandez-y-las-matematicas-un-binomio-indivisible\/\"},\"wordCount\":493,\"commentCount\":0,\"publisher\":{\"@id\":\"https:\/\/ds-barranquilla.org\/#organization\"},\"image\":{\"@id\":\"https:\/\/ds-barranquilla.org\/natalia-hernandez-y-las-matematicas-un-binomio-indivisible\/#primaryimage\"},\"thumbnailUrl\":\"https:\/\/ds-barranquilla.org\/wp-content\/uploads\/2020\/08\/Natalia-Hern\u00e1ndez-y-las-Matem\u00e1ticas-un-binomio-indivisible.jpg\",\"keywords\":[\"Entrevista\"],\"articleSection\":[\"2019\",\"Alumni\"],\"inLanguage\":\"de\",\"potentialAction\":[{\"@type\":\"CommentAction\",\"name\":\"Comment\",\"target\":[\"https:\/\/ds-barranquilla.org\/natalia-hernandez-y-las-matematicas-un-binomio-indivisible\/#respond\"]}]},{\"@type\":\"WebPage\",\"@id\":\"https:\/\/ds-barranquilla.org\/natalia-hernandez-y-las-matematicas-un-binomio-indivisible\/\",\"url\":\"https:\/\/ds-barranquilla.org\/natalia-hernandez-y-las-matematicas-un-binomio-indivisible\/\",\"name\":\"Natalia Hern\u00e1ndez y las Matem\u00e1ticas: un binomio indivisible - 2026\",\"isPartOf\":{\"@id\":\"https:\/\/ds-barranquilla.org\/#website\"},\"primaryImageOfPage\":{\"@id\":\"https:\/\/ds-barranquilla.org\/natalia-hernandez-y-las-matematicas-un-binomio-indivisible\/#primaryimage\"},\"image\":{\"@id\":\"https:\/\/ds-barranquilla.org\/natalia-hernandez-y-las-matematicas-un-binomio-indivisible\/#primaryimage\"},\"thumbnailUrl\":\"https:\/\/ds-barranquilla.org\/wp-content\/uploads\/2020\/08\/Natalia-Hern\u00e1ndez-y-las-Matem\u00e1ticas-un-binomio-indivisible.jpg\",\"datePublished\":\"2019-06-19T12:46:05+00:00\",\"dateModified\":\"2023-01-04T18:40:27+00:00\",\"breadcrumb\":{\"@id\":\"https:\/\/ds-barranquilla.org\/natalia-hernandez-y-las-matematicas-un-binomio-indivisible\/#breadcrumb\"},\"inLanguage\":\"de\",\"potentialAction\":[{\"@type\":\"ReadAction\",\"target\":[\"https:\/\/ds-barranquilla.org\/natalia-hernandez-y-las-matematicas-un-binomio-indivisible\/\"]}]},{\"@type\":\"ImageObject\",\"inLanguage\":\"de\",\"@id\":\"https:\/\/ds-barranquilla.org\/natalia-hernandez-y-las-matematicas-un-binomio-indivisible\/#primaryimage\",\"url\":\"https:\/\/ds-barranquilla.org\/wp-content\/uploads\/2020\/08\/Natalia-Hern\u00e1ndez-y-las-Matem\u00e1ticas-un-binomio-indivisible.jpg\",\"contentUrl\":\"https:\/\/ds-barranquilla.org\/wp-content\/uploads\/2020\/08\/Natalia-Hern\u00e1ndez-y-las-Matem\u00e1ticas-un-binomio-indivisible.jpg\",\"width\":607,\"height\":364},{\"@type\":\"BreadcrumbList\",\"@id\":\"https:\/\/ds-barranquilla.org\/natalia-hernandez-y-las-matematicas-un-binomio-indivisible\/#breadcrumb\",\"itemListElement\":[{\"@type\":\"ListItem\",\"position\":1,\"name\":\"Portada\",\"item\":\"https:\/\/ds-barranquilla.org\/\"},{\"@type\":\"ListItem\",\"position\":2,\"name\":\"Natalia Hern\u00e1ndez y las Matem\u00e1ticas: un binomio indivisible\"}]},{\"@type\":\"WebSite\",\"@id\":\"https:\/\/ds-barranquilla.org\/#website\",\"url\":\"https:\/\/ds-barranquilla.org\/\",\"name\":\"Colegio Alem\u00e1n - Los Mejores Colegios de Colombia - Colegio Triling\u00fce\",\"description\":\"Colegio Alem\u00e1n  Barranquilla Colombia - Colegio Biling\u00fce - Triling\u00fce - El Mejor Colegio de Colombia\",\"publisher\":{\"@id\":\"https:\/\/ds-barranquilla.org\/#organization\"},\"potentialAction\":[{\"@type\":\"SearchAction\",\"target\":{\"@type\":\"EntryPoint\",\"urlTemplate\":\"https:\/\/ds-barranquilla.org\/?s={search_term_string}\"},\"query-input\":\"required name=search_term_string\"}],\"inLanguage\":\"de\"},{\"@type\":\"Organization\",\"@id\":\"https:\/\/ds-barranquilla.org\/#organization\",\"name\":\"Colegio Alem\u00e1n Barranquilla\",\"url\":\"https:\/\/ds-barranquilla.org\/\",\"logo\":{\"@type\":\"ImageObject\",\"inLanguage\":\"de\",\"@id\":\"https:\/\/ds-barranquilla.org\/#\/schema\/logo\/image\/\",\"url\":\"https:\/\/ds-barranquilla.org\/wp-content\/uploads\/2021\/05\/coleman_logo_2.png\",\"contentUrl\":\"https:\/\/ds-barranquilla.org\/wp-content\/uploads\/2021\/05\/coleman_logo_2.png\",\"width\":418,\"height\":307,\"caption\":\"Colegio Alem\u00e1n Barranquilla\"},\"image\":{\"@id\":\"https:\/\/ds-barranquilla.org\/#\/schema\/logo\/image\/\"},\"sameAs\":[\"https:\/\/www.facebook.com\/ColegioAlemanBaq\/\",\"https:\/\/x.com\/ColegioAlemanBq\",\"https:\/\/www.instagram.com\/colegioalemanbaq\/\",\"https:\/\/www.linkedin.com\/school\/deutsche-schule-barranquilla\/\",\"https:\/\/www.youtube.com\/channel\/UCOOGZQCVs6aYRqIWvSN5agQ\"]},{\"@type\":\"Person\",\"@id\":\"https:\/\/ds-barranquilla.org\/#\/schema\/person\/7bf8790ba89d3480e0551241ccdc8d36\",\"name\":\"Comunicaciones Comunicaciones\",\"image\":{\"@type\":\"ImageObject\",\"inLanguage\":\"de\",\"@id\":\"https:\/\/ds-barranquilla.org\/#\/schema\/person\/image\/\",\"url\":\"https:\/\/secure.gravatar.com\/avatar\/a66ba9484a4338d81d6bea750e595038?s=96&d=mm&r=g\",\"contentUrl\":\"https:\/\/secure.gravatar.com\/avatar\/a66ba9484a4338d81d6bea750e595038?s=96&d=mm&r=g\",\"caption\":\"Comunicaciones Comunicaciones\"}}]}<\/script>\n<!-- \/ Yoast SEO plugin. -->","yoast_head_json":{"title":"Natalia Hern\u00e1ndez y las Matem\u00e1ticas: un binomio indivisible - 2026","robots":{"index":"noindex","follow":"follow","max-snippet":"max-snippet:-1","max-image-preview":"max-image-preview:large","max-video-preview":"max-video-preview:-1"},"og_locale":"de_DE","og_type":"article","og_title":"Natalia Hern\u00e1ndez y las Matem\u00e1ticas: un binomio indivisible - 2026","og_description":"creado por Jos\u00e9 R\u00edos Mercado |\u202f19.06.2019\u00a0 \u00a0Mientras para la mayor\u00eda de las personas los n\u00fameros fueron un \u2018dolor de cabeza\u2019 en su \u00e9poca de estudiante, para [\u2026]","og_url":"https:\/\/ds-barranquilla.org\/de\/natalia-hernandez-y-las-matematicas-un-binomio-indivisible\/","og_site_name":"Colegio Alem\u00e1n - Los Mejores Colegios de Colombia - Colegio Triling\u00fce","article_publisher":"https:\/\/www.facebook.com\/ColegioAlemanBaq\/","article_published_time":"2019-06-19T12:46:05+00:00","article_modified_time":"2023-01-04T18:40:27+00:00","og_image":[{"width":607,"height":364,"url":"https:\/\/ds-barranquilla.org\/wp-content\/uploads\/2020\/08\/Natalia-Hern\u00e1ndez-y-las-Matem\u00e1ticas-un-binomio-indivisible.jpg","type":"image\/jpeg"}],"author":"Comunicaciones Comunicaciones","twitter_card":"summary_large_image","twitter_creator":"@ColegioAlemanBq","twitter_site":"@ColegioAlemanBq","twitter_misc":{"Verfasst von":"Comunicaciones Comunicaciones","Gesch\u00e4tzte Lesezeit":"2\u00a0Minuten"},"schema":{"@context":"https:\/\/schema.org","@graph":[{"@type":"Article","@id":"https:\/\/ds-barranquilla.org\/natalia-hernandez-y-las-matematicas-un-binomio-indivisible\/#article","isPartOf":{"@id":"https:\/\/ds-barranquilla.org\/natalia-hernandez-y-las-matematicas-un-binomio-indivisible\/"},"author":{"name":"Comunicaciones Comunicaciones","@id":"https:\/\/ds-barranquilla.org\/#\/schema\/person\/7bf8790ba89d3480e0551241ccdc8d36"},"headline":"Natalia Hern\u00e1ndez y las Matem\u00e1ticas: un binomio indivisible","datePublished":"2019-06-19T12:46:05+00:00","dateModified":"2023-01-04T18:40:27+00:00","mainEntityOfPage":{"@id":"https:\/\/ds-barranquilla.org\/natalia-hernandez-y-las-matematicas-un-binomio-indivisible\/"},"wordCount":493,"commentCount":0,"publisher":{"@id":"https:\/\/ds-barranquilla.org\/#organization"},"image":{"@id":"https:\/\/ds-barranquilla.org\/natalia-hernandez-y-las-matematicas-un-binomio-indivisible\/#primaryimage"},"thumbnailUrl":"https:\/\/ds-barranquilla.org\/wp-content\/uploads\/2020\/08\/Natalia-Hern\u00e1ndez-y-las-Matem\u00e1ticas-un-binomio-indivisible.jpg","keywords":["Entrevista"],"articleSection":["2019","Alumni"],"inLanguage":"de","potentialAction":[{"@type":"CommentAction","name":"Comment","target":["https:\/\/ds-barranquilla.org\/natalia-hernandez-y-las-matematicas-un-binomio-indivisible\/#respond"]}]},{"@type":"WebPage","@id":"https:\/\/ds-barranquilla.org\/natalia-hernandez-y-las-matematicas-un-binomio-indivisible\/","url":"https:\/\/ds-barranquilla.org\/natalia-hernandez-y-las-matematicas-un-binomio-indivisible\/","name":"Natalia Hern\u00e1ndez y las Matem\u00e1ticas: un binomio indivisible - 2026","isPartOf":{"@id":"https:\/\/ds-barranquilla.org\/#website"},"primaryImageOfPage":{"@id":"https:\/\/ds-barranquilla.org\/natalia-hernandez-y-las-matematicas-un-binomio-indivisible\/#primaryimage"},"image":{"@id":"https:\/\/ds-barranquilla.org\/natalia-hernandez-y-las-matematicas-un-binomio-indivisible\/#primaryimage"},"thumbnailUrl":"https:\/\/ds-barranquilla.org\/wp-content\/uploads\/2020\/08\/Natalia-Hern\u00e1ndez-y-las-Matem\u00e1ticas-un-binomio-indivisible.jpg","datePublished":"2019-06-19T12:46:05+00:00","dateModified":"2023-01-04T18:40:27+00:00","breadcrumb":{"@id":"https:\/\/ds-barranquilla.org\/natalia-hernandez-y-las-matematicas-un-binomio-indivisible\/#breadcrumb"},"inLanguage":"de","potentialAction":[{"@type":"ReadAction","target":["https:\/\/ds-barranquilla.org\/natalia-hernandez-y-las-matematicas-un-binomio-indivisible\/"]}]},{"@type":"ImageObject","inLanguage":"de","@id":"https:\/\/ds-barranquilla.org\/natalia-hernandez-y-las-matematicas-un-binomio-indivisible\/#primaryimage","url":"https:\/\/ds-barranquilla.org\/wp-content\/uploads\/2020\/08\/Natalia-Hern\u00e1ndez-y-las-Matem\u00e1ticas-un-binomio-indivisible.jpg","contentUrl":"https:\/\/ds-barranquilla.org\/wp-content\/uploads\/2020\/08\/Natalia-Hern\u00e1ndez-y-las-Matem\u00e1ticas-un-binomio-indivisible.jpg","width":607,"height":364},{"@type":"BreadcrumbList","@id":"https:\/\/ds-barranquilla.org\/natalia-hernandez-y-las-matematicas-un-binomio-indivisible\/#breadcrumb","itemListElement":[{"@type":"ListItem","position":1,"name":"Portada","item":"https:\/\/ds-barranquilla.org\/"},{"@type":"ListItem","position":2,"name":"Natalia Hern\u00e1ndez y las Matem\u00e1ticas: un binomio indivisible"}]},{"@type":"WebSite","@id":"https:\/\/ds-barranquilla.org\/#website","url":"https:\/\/ds-barranquilla.org\/","name":"Colegio Alem\u00e1n - Los Mejores Colegios de Colombia - Colegio Triling\u00fce","description":"Colegio Alem\u00e1n  Barranquilla Colombia - Colegio Biling\u00fce - Triling\u00fce - El Mejor Colegio de Colombia","publisher":{"@id":"https:\/\/ds-barranquilla.org\/#organization"},"potentialAction":[{"@type":"SearchAction","target":{"@type":"EntryPoint","urlTemplate":"https:\/\/ds-barranquilla.org\/?s={search_term_string}"},"query-input":"required name=search_term_string"}],"inLanguage":"de"},{"@type":"Organization","@id":"https:\/\/ds-barranquilla.org\/#organization","name":"Colegio Alem\u00e1n Barranquilla","url":"https:\/\/ds-barranquilla.org\/","logo":{"@type":"ImageObject","inLanguage":"de","@id":"https:\/\/ds-barranquilla.org\/#\/schema\/logo\/image\/","url":"https:\/\/ds-barranquilla.org\/wp-content\/uploads\/2021\/05\/coleman_logo_2.png","contentUrl":"https:\/\/ds-barranquilla.org\/wp-content\/uploads\/2021\/05\/coleman_logo_2.png","width":418,"height":307,"caption":"Colegio Alem\u00e1n Barranquilla"},"image":{"@id":"https:\/\/ds-barranquilla.org\/#\/schema\/logo\/image\/"},"sameAs":["https:\/\/www.facebook.com\/ColegioAlemanBaq\/","https:\/\/x.com\/ColegioAlemanBq","https:\/\/www.instagram.com\/colegioalemanbaq\/","https:\/\/www.linkedin.com\/school\/deutsche-schule-barranquilla\/","https:\/\/www.youtube.com\/channel\/UCOOGZQCVs6aYRqIWvSN5agQ"]},{"@type":"Person","@id":"https:\/\/ds-barranquilla.org\/#\/schema\/person\/7bf8790ba89d3480e0551241ccdc8d36","name":"Comunicaciones Comunicaciones","image":{"@type":"ImageObject","inLanguage":"de","@id":"https:\/\/ds-barranquilla.org\/#\/schema\/person\/image\/","url":"https:\/\/secure.gravatar.com\/avatar\/a66ba9484a4338d81d6bea750e595038?s=96&d=mm&r=g","contentUrl":"https:\/\/secure.gravatar.com\/avatar\/a66ba9484a4338d81d6bea750e595038?s=96&d=mm&r=g","caption":"Comunicaciones Comunicaciones"}}]}},"_links":{"self":[{"href":"https:\/\/ds-barranquilla.org\/de\/wp-json\/wp\/v2\/posts\/5798"}],"collection":[{"href":"https:\/\/ds-barranquilla.org\/de\/wp-json\/wp\/v2\/posts"}],"about":[{"href":"https:\/\/ds-barranquilla.org\/de\/wp-json\/wp\/v2\/types\/post"}],"author":[{"embeddable":true,"href":"https:\/\/ds-barranquilla.org\/de\/wp-json\/wp\/v2\/users\/16"}],"replies":[{"embeddable":true,"href":"https:\/\/ds-barranquilla.org\/de\/wp-json\/wp\/v2\/comments?post=5798"}],"version-history":[{"count":1,"href":"https:\/\/ds-barranquilla.org\/de\/wp-json\/wp\/v2\/posts\/5798\/revisions"}],"predecessor-version":[{"id":5800,"href":"https:\/\/ds-barranquilla.org\/de\/wp-json\/wp\/v2\/posts\/5798\/revisions\/5800"}],"wp:featuredmedia":[{"embeddable":true,"href":"https:\/\/ds-barranquilla.org\/de\/wp-json\/wp\/v2\/media\/5799"}],"wp:attachment":[{"href":"https:\/\/ds-barranquilla.org\/de\/wp-json\/wp\/v2\/media?parent=5798"}],"wp:term":[{"taxonomy":"category","embeddable":true,"href":"https:\/\/ds-barranquilla.org\/de\/wp-json\/wp\/v2\/categories?post=5798"},{"taxonomy":"post_tag","embeddable":true,"href":"https:\/\/ds-barranquilla.org\/de\/wp-json\/wp\/v2\/tags?post=5798"}],"curies":[{"name":"wp","href":"https:\/\/api.w.org\/{rel}","templated":true}]}}