{"id":5813,"date":"2019-07-15T08:10:31","date_gmt":"2019-07-15T13:10:31","guid":{"rendered":"https:\/\/ds-barranquilla.org\/?p=5813"},"modified":"2023-01-04T15:13:19","modified_gmt":"2023-01-04T20:13:19","slug":"le-hemos-brindado-a-nuestro-hijo-diferentes-alternativas-para-que-pueda-desarrollarse-integralmente-padres-de-luis-caro-wagner-estudiante-de-la-klasse-9","status":"publish","type":"post","link":"https:\/\/ds-barranquilla.org\/de\/le-hemos-brindado-a-nuestro-hijo-diferentes-alternativas-para-que-pueda-desarrollarse-integralmente-padres-de-luis-caro-wagner-estudiante-de-la-klasse-9\/","title":{"rendered":"\u201cLe hemos brindado a nuestro hijo diferentes alternativas para que pueda desarrollarse integralmente\u201d: padres de Luis Caro Wagner (estudiante de la Klasse 9)"},"content":{"rendered":"<p><span data-contrast=\"none\">creado por Jos\u00e9 R\u00edos Mercado |\u202f15.07.2019<\/span><span data-ccp-props=\"{&quot;201341983&quot;:0,&quot;335559739&quot;:160,&quot;335559740&quot;:240}\">\u00a0<\/span><\/p>\n<p><span data-ccp-props=\"{&quot;201341983&quot;:0,&quot;335559739&quot;:160,&quot;335559740&quot;:240}\">\u00a0<\/span><span data-contrast=\"none\">La discapacidad que presenta desde los nueve meses de edad Luis Caro Wagner no ha sido impedimento para desarrollar sus actividades cotidianas y cumplir con sus obligaciones escolares como el resto de sus compa\u00f1eros de la\u00a0Klasse\u00a09 del Colegio Alem\u00e1n de Barranquilla. Con relaci\u00f3n a su experiencia como estudiante manifest\u00f3 sentirse muy feliz de poder estudiar en esta instituci\u00f3n porque el \u00e9xito de su adaptaci\u00f3n est\u00e1 muy relacionado con el apoyo y el reconocimiento brindado tanto por los docentes como por toda la comunidad estudiantil.<\/span><span data-ccp-props=\"{&quot;201341983&quot;:0,&quot;335559739&quot;:180,&quot;335559740&quot;:240}\">\u00a0<\/span><\/p>\n<p><span data-contrast=\"none\">\u201cPara nosotros como padres ha sido muy gratificante el\u00a0desarrollo\u202f\u202falcanzado\u00a0por Luis a lo largo de su vida escolar, puesto que en alg\u00fan momento pensamos que su permanencia en el Colegio Alem\u00e1n iba a ser muy dif\u00edcil por la filosof\u00eda, las caracter\u00edsticas y las exigencias de la instituci\u00f3n. La tarea realizada por el colegio con nuestro hijo ha sido maravillosa y deber\u00eda mostrarse, especialmente por la oportunidad que le han brindado de poder tocar el violonchelo en la Orquesta Sinf\u00f3nica Juvenil de la instituci\u00f3n\u201d, expres\u00f3 su pap\u00e1 \u00d3scar Caro.<\/span><span data-ccp-props=\"{&quot;201341983&quot;:0,&quot;335559739&quot;:180,&quot;335559740&quot;:240}\">\u00a0<\/span><\/p>\n<p><span data-contrast=\"none\">\u00d3scar Caro dijo que el Colegio Alem\u00e1n est\u00e1 haciendo inclusi\u00f3n en todo el sentido de la palabra, puesto que a Luis no lo tienen en la orquesta por\u00a0tenerlo\u00a0sino que es un m\u00fasico m\u00e1s, al que le exigen igual. As\u00ed mismo, indic\u00f3 que la instituci\u00f3n ha brindado todo el acompa\u00f1amiento para que el aprendizaje de su hijo se d\u00e9 sin inconvenientes a trav\u00e9s de alternativas de evaluaci\u00f3n como la oral y la electr\u00f3nica; de igual forma, precis\u00f3 que la posibilidad de que su grupo de compa\u00f1eros de clase se haya mantenido ha contribuido con su adaptaci\u00f3n.<\/span><span data-ccp-props=\"{&quot;201341983&quot;:0,&quot;335559739&quot;:180,&quot;335559740&quot;:240}\">\u00a0<\/span><\/p>\n<p><span data-contrast=\"none\">\u201cSus compa\u00f1eros se han vuelto expertos en Luis porque no s\u00f3lo saben armar y desarmar su silla de\u00a0ruedas\u00a0sino que tambi\u00e9n lo cargan. El grupo que se va a graduar con \u00e9l va a salir con una sensibilidad muy grande hacia la discapacidad porque se han formado junto a la discapacidad y ya no la ven como algo diferente sino como algo normal, adem\u00e1s en determinado momento podr\u00edan tomarlo como divertido, por todo lo que hacen con nuestro hijo al momento de desplazarse de un lugar a otro\u201d, expres\u00f3 su pap\u00e1 \u00d3scar Caro.<\/span><span data-ccp-props=\"{&quot;201341983&quot;:0,&quot;335559739&quot;:180,&quot;335559740&quot;:240}\">\u00a0<\/span><\/p>\n<p><span data-contrast=\"none\">Con relaci\u00f3n al nacimiento del \u2018Team\u00a0Caro Wagner\u2019, a partir de la participaci\u00f3n de Luis y su pap\u00e1 en competencias de\u00a0triatlon\u00a0a nivel nacional e internacional, \u00d3scar Caro se\u00f1al\u00f3 que la Media Marat\u00f3n de Bogot\u00e1 fue el evento que los motiv\u00f3 a participar por primera vez en estos cert\u00e1menes. De igual forma, el joven de 17 a\u00f1os asegur\u00f3 que lo logrado hasta el momento en este campo, le ha permitido no s\u00f3lo fijarse metas deportivas y personales, sino conocer muchas personas y lugares de Colombia y los Estados Unidos.\u202f<\/span><span data-ccp-props=\"{&quot;201341983&quot;:0,&quot;335559739&quot;:180,&quot;335559740&quot;:240}\">\u00a0<\/span><\/p>\n<p><span data-contrast=\"none\">\u201cMe gusta mucho acompa\u00f1ar a mi pap\u00e1 en estas actividades deportivas porque adem\u00e1s de motivarme me llena de mucha satisfacci\u00f3n al saber que somos s\u00f3lo dos parejas -conformada por un padre e hijo que presenta alguna discapacidad- a nivel mundial que toman parte en este tipo de justas. Antes de cada competencia me emociono mucho; me gusta acostarme temprano para levantarme temprano y poder despertar a mi pap\u00e1 para irnos r\u00e1pido al aeropuerto\u201d, manifest\u00f3 el estudiante de la\u00a0Klasse\u00a09.<\/span><span data-ccp-props=\"{&quot;201341983&quot;:0,&quot;335559739&quot;:180,&quot;335559740&quot;:240}\">\u00a0<\/span><\/p>\n<p><span data-contrast=\"none\">Para los padres de Luis, esta\u00a0inciativa\u00a0busca dar ejemplo y cambiar el \u2018chip\u2019 de las personas que tienen hijos con alguna discapacidad, con el objetivo de que reconozcan esta condici\u00f3n para de esta forma poder determinar de qu\u00e9 son ellos capaces.\u00a0<\/span><span data-contrast=\"none\">Finalmente, indicaron que el poder brindarle a su hijo alternativas como la educaci\u00f3n en el Colegio Alem\u00e1n, la m\u00fasica y el deporte, han permitido que \u00e9l tenga un desarrollo diferente a los dem\u00e1s y pueda ser una persona comprometida, disciplinada, independiente y positiva.<\/span><span data-ccp-props=\"{&quot;201341983&quot;:0,&quot;335559739&quot;:180,&quot;335559740&quot;:240}\">\u00a0<\/span><\/p>","protected":false},"excerpt":{"rendered":"<p>creado por Jos\u00e9 R\u00edos Mercado |\u202f15.07.2019\u00a0 \u00a0La discapacidad que presenta desde los nueve meses de edad Luis Caro Wagner no ha sido impedimento para desarrollar sus<span class=\"excerpt-hellip\"> [\u2026]<\/span><\/p>","protected":false},"author":16,"featured_media":5814,"comment_status":"open","ping_status":"open","sticky":false,"template":"","format":"standard","meta":{"_exactmetrics_skip_tracking":false,"_exactmetrics_sitenote_active":false,"_exactmetrics_sitenote_note":"","_exactmetrics_sitenote_category":0,"_joinchat":[],"footnotes":""},"categories":[679,696,710],"tags":[468,443],"class_list":["post-5813","post","type-post","status-publish","format-standard","has-post-thumbnail","hentry","category-679","category-bienestar-estudiantil","category-secundaria","tag-468","tag-secundaria"],"yoast_head":"<!-- This site is optimized with the Yoast SEO plugin v23.3 - https:\/\/yoast.com\/wordpress\/plugins\/seo\/ -->\n<title>\u201cLe hemos brindado a nuestro hijo diferentes alternativas para que pueda desarrollarse integralmente\u201d: padres de Luis Caro Wagner (estudiante de la Klasse 9) - 2026<\/title>\n<meta name=\"robots\" content=\"noindex, follow, max-snippet:-1, max-image-preview:large, max-video-preview:-1\" \/>\n<meta property=\"og:locale\" content=\"de_DE\" \/>\n<meta property=\"og:type\" content=\"article\" \/>\n<meta property=\"og:title\" content=\"\u201cLe hemos brindado a nuestro hijo diferentes alternativas para que pueda desarrollarse integralmente\u201d: padres de Luis Caro Wagner (estudiante de la Klasse 9) - 2026\" \/>\n<meta property=\"og:description\" content=\"creado por Jos\u00e9 R\u00edos Mercado |\u202f15.07.2019\u00a0 \u00a0La discapacidad que presenta desde los nueve meses de edad Luis Caro Wagner no ha sido impedimento para desarrollar sus [\u2026]\" \/>\n<meta property=\"og:url\" content=\"https:\/\/ds-barranquilla.org\/de\/le-hemos-brindado-a-nuestro-hijo-diferentes-alternativas-para-que-pueda-desarrollarse-integralmente-padres-de-luis-caro-wagner-estudiante-de-la-klasse-9\/\" \/>\n<meta property=\"og:site_name\" content=\"Colegio Alem\u00e1n - Los Mejores Colegios de Colombia - Colegio Triling\u00fce\" \/>\n<meta property=\"article:publisher\" content=\"https:\/\/www.facebook.com\/ColegioAlemanBaq\/\" \/>\n<meta property=\"article:published_time\" content=\"2019-07-15T13:10:31+00:00\" \/>\n<meta property=\"article:modified_time\" content=\"2023-01-04T20:13:19+00:00\" \/>\n<meta property=\"og:image\" content=\"https:\/\/ds-barranquilla.org\/wp-content\/uploads\/2020\/08\/\u201cLe-hemos-brindado-a-nuestro-hijo-diferentes-alternativas-para-que-pueda-desarrollarse-integralmente\u201dpadres-de-Luis-Caro-Wagner-estudiante-de-la-Klasse-9.jpg\" \/>\n\t<meta property=\"og:image:width\" content=\"625\" \/>\n\t<meta property=\"og:image:height\" content=\"427\" \/>\n\t<meta property=\"og:image:type\" content=\"image\/jpeg\" \/>\n<meta name=\"author\" content=\"Comunicaciones Comunicaciones\" \/>\n<meta name=\"twitter:card\" content=\"summary_large_image\" \/>\n<meta name=\"twitter:creator\" content=\"@ColegioAlemanBq\" \/>\n<meta name=\"twitter:site\" content=\"@ColegioAlemanBq\" \/>\n<meta name=\"twitter:label1\" content=\"Verfasst von\" \/>\n\t<meta name=\"twitter:data1\" content=\"Comunicaciones Comunicaciones\" \/>\n\t<meta name=\"twitter:label2\" content=\"Gesch\u00e4tzte Lesezeit\" \/>\n\t<meta name=\"twitter:data2\" content=\"3\u00a0Minuten\" \/>\n<script type=\"application\/ld+json\" class=\"yoast-schema-graph\">{\"@context\":\"https:\/\/schema.org\",\"@graph\":[{\"@type\":\"Article\",\"@id\":\"https:\/\/ds-barranquilla.org\/de\/le-hemos-brindado-a-nuestro-hijo-diferentes-alternativas-para-que-pueda-desarrollarse-integralmente-padres-de-luis-caro-wagner-estudiante-de-la-klasse-9\/#article\",\"isPartOf\":{\"@id\":\"https:\/\/ds-barranquilla.org\/de\/le-hemos-brindado-a-nuestro-hijo-diferentes-alternativas-para-que-pueda-desarrollarse-integralmente-padres-de-luis-caro-wagner-estudiante-de-la-klasse-9\/\"},\"author\":{\"name\":\"Comunicaciones Comunicaciones\",\"@id\":\"https:\/\/ds-barranquilla.org\/#\/schema\/person\/7bf8790ba89d3480e0551241ccdc8d36\"},\"headline\":\"\u201cLe hemos brindado a nuestro hijo diferentes alternativas para que pueda desarrollarse integralmente\u201d: padres de Luis Caro Wagner (estudiante de la Klasse 9)\",\"datePublished\":\"2019-07-15T13:10:31+00:00\",\"dateModified\":\"2023-01-04T20:13:19+00:00\",\"mainEntityOfPage\":{\"@id\":\"https:\/\/ds-barranquilla.org\/de\/le-hemos-brindado-a-nuestro-hijo-diferentes-alternativas-para-que-pueda-desarrollarse-integralmente-padres-de-luis-caro-wagner-estudiante-de-la-klasse-9\/\"},\"wordCount\":694,\"commentCount\":0,\"publisher\":{\"@id\":\"https:\/\/ds-barranquilla.org\/#organization\"},\"image\":{\"@id\":\"https:\/\/ds-barranquilla.org\/de\/le-hemos-brindado-a-nuestro-hijo-diferentes-alternativas-para-que-pueda-desarrollarse-integralmente-padres-de-luis-caro-wagner-estudiante-de-la-klasse-9\/#primaryimage\"},\"thumbnailUrl\":\"https:\/\/ds-barranquilla.org\/wp-content\/uploads\/2020\/08\/\u201cLe-hemos-brindado-a-nuestro-hijo-diferentes-alternativas-para-que-pueda-desarrollarse-integralmente\u201dpadres-de-Luis-Caro-Wagner-estudiante-de-la-Klasse-9.jpg\",\"keywords\":[\"2019\",\"secundaria\"],\"articleSection\":[\"2019\",\"Bienestar Estudiantil\",\"Secundaria\"],\"inLanguage\":\"de\",\"potentialAction\":[{\"@type\":\"CommentAction\",\"name\":\"Comment\",\"target\":[\"https:\/\/ds-barranquilla.org\/de\/le-hemos-brindado-a-nuestro-hijo-diferentes-alternativas-para-que-pueda-desarrollarse-integralmente-padres-de-luis-caro-wagner-estudiante-de-la-klasse-9\/#respond\"]}]},{\"@type\":\"WebPage\",\"@id\":\"https:\/\/ds-barranquilla.org\/de\/le-hemos-brindado-a-nuestro-hijo-diferentes-alternativas-para-que-pueda-desarrollarse-integralmente-padres-de-luis-caro-wagner-estudiante-de-la-klasse-9\/\",\"url\":\"https:\/\/ds-barranquilla.org\/de\/le-hemos-brindado-a-nuestro-hijo-diferentes-alternativas-para-que-pueda-desarrollarse-integralmente-padres-de-luis-caro-wagner-estudiante-de-la-klasse-9\/\",\"name\":\"\u201cLe hemos brindado a nuestro hijo diferentes alternativas para que pueda desarrollarse integralmente\u201d: padres de Luis Caro Wagner (estudiante de la Klasse 9) - 2026\",\"isPartOf\":{\"@id\":\"https:\/\/ds-barranquilla.org\/#website\"},\"primaryImageOfPage\":{\"@id\":\"https:\/\/ds-barranquilla.org\/de\/le-hemos-brindado-a-nuestro-hijo-diferentes-alternativas-para-que-pueda-desarrollarse-integralmente-padres-de-luis-caro-wagner-estudiante-de-la-klasse-9\/#primaryimage\"},\"image\":{\"@id\":\"https:\/\/ds-barranquilla.org\/de\/le-hemos-brindado-a-nuestro-hijo-diferentes-alternativas-para-que-pueda-desarrollarse-integralmente-padres-de-luis-caro-wagner-estudiante-de-la-klasse-9\/#primaryimage\"},\"thumbnailUrl\":\"https:\/\/ds-barranquilla.org\/wp-content\/uploads\/2020\/08\/\u201cLe-hemos-brindado-a-nuestro-hijo-diferentes-alternativas-para-que-pueda-desarrollarse-integralmente\u201dpadres-de-Luis-Caro-Wagner-estudiante-de-la-Klasse-9.jpg\",\"datePublished\":\"2019-07-15T13:10:31+00:00\",\"dateModified\":\"2023-01-04T20:13:19+00:00\",\"breadcrumb\":{\"@id\":\"https:\/\/ds-barranquilla.org\/de\/le-hemos-brindado-a-nuestro-hijo-diferentes-alternativas-para-que-pueda-desarrollarse-integralmente-padres-de-luis-caro-wagner-estudiante-de-la-klasse-9\/#breadcrumb\"},\"inLanguage\":\"de\",\"potentialAction\":[{\"@type\":\"ReadAction\",\"target\":[\"https:\/\/ds-barranquilla.org\/de\/le-hemos-brindado-a-nuestro-hijo-diferentes-alternativas-para-que-pueda-desarrollarse-integralmente-padres-de-luis-caro-wagner-estudiante-de-la-klasse-9\/\"]}]},{\"@type\":\"ImageObject\",\"inLanguage\":\"de\",\"@id\":\"https:\/\/ds-barranquilla.org\/de\/le-hemos-brindado-a-nuestro-hijo-diferentes-alternativas-para-que-pueda-desarrollarse-integralmente-padres-de-luis-caro-wagner-estudiante-de-la-klasse-9\/#primaryimage\",\"url\":\"https:\/\/ds-barranquilla.org\/wp-content\/uploads\/2020\/08\/\u201cLe-hemos-brindado-a-nuestro-hijo-diferentes-alternativas-para-que-pueda-desarrollarse-integralmente\u201dpadres-de-Luis-Caro-Wagner-estudiante-de-la-Klasse-9.jpg\",\"contentUrl\":\"https:\/\/ds-barranquilla.org\/wp-content\/uploads\/2020\/08\/\u201cLe-hemos-brindado-a-nuestro-hijo-diferentes-alternativas-para-que-pueda-desarrollarse-integralmente\u201dpadres-de-Luis-Caro-Wagner-estudiante-de-la-Klasse-9.jpg\",\"width\":625,\"height\":427},{\"@type\":\"BreadcrumbList\",\"@id\":\"https:\/\/ds-barranquilla.org\/de\/le-hemos-brindado-a-nuestro-hijo-diferentes-alternativas-para-que-pueda-desarrollarse-integralmente-padres-de-luis-caro-wagner-estudiante-de-la-klasse-9\/#breadcrumb\",\"itemListElement\":[{\"@type\":\"ListItem\",\"position\":1,\"name\":\"Portada\",\"item\":\"https:\/\/ds-barranquilla.org\/\"},{\"@type\":\"ListItem\",\"position\":2,\"name\":\"\u201cLe hemos brindado a nuestro hijo diferentes alternativas para que pueda desarrollarse integralmente\u201d: padres de Luis Caro Wagner (estudiante de la Klasse 9)\"}]},{\"@type\":\"WebSite\",\"@id\":\"https:\/\/ds-barranquilla.org\/#website\",\"url\":\"https:\/\/ds-barranquilla.org\/\",\"name\":\"Colegio Alem\u00e1n - Los Mejores Colegios de Colombia - Colegio Triling\u00fce\",\"description\":\"Colegio Alem\u00e1n  Barranquilla Colombia - Colegio Biling\u00fce - Triling\u00fce - El Mejor Colegio de Colombia\",\"publisher\":{\"@id\":\"https:\/\/ds-barranquilla.org\/#organization\"},\"potentialAction\":[{\"@type\":\"SearchAction\",\"target\":{\"@type\":\"EntryPoint\",\"urlTemplate\":\"https:\/\/ds-barranquilla.org\/?s={search_term_string}\"},\"query-input\":\"required name=search_term_string\"}],\"inLanguage\":\"de\"},{\"@type\":\"Organization\",\"@id\":\"https:\/\/ds-barranquilla.org\/#organization\",\"name\":\"Colegio Alem\u00e1n Barranquilla\",\"url\":\"https:\/\/ds-barranquilla.org\/\",\"logo\":{\"@type\":\"ImageObject\",\"inLanguage\":\"de\",\"@id\":\"https:\/\/ds-barranquilla.org\/#\/schema\/logo\/image\/\",\"url\":\"https:\/\/ds-barranquilla.org\/wp-content\/uploads\/2021\/05\/coleman_logo_2.png\",\"contentUrl\":\"https:\/\/ds-barranquilla.org\/wp-content\/uploads\/2021\/05\/coleman_logo_2.png\",\"width\":418,\"height\":307,\"caption\":\"Colegio Alem\u00e1n Barranquilla\"},\"image\":{\"@id\":\"https:\/\/ds-barranquilla.org\/#\/schema\/logo\/image\/\"},\"sameAs\":[\"https:\/\/www.facebook.com\/ColegioAlemanBaq\/\",\"https:\/\/x.com\/ColegioAlemanBq\",\"https:\/\/www.instagram.com\/colegioalemanbaq\/\",\"https:\/\/www.linkedin.com\/school\/deutsche-schule-barranquilla\/\",\"https:\/\/www.youtube.com\/channel\/UCOOGZQCVs6aYRqIWvSN5agQ\"]},{\"@type\":\"Person\",\"@id\":\"https:\/\/ds-barranquilla.org\/#\/schema\/person\/7bf8790ba89d3480e0551241ccdc8d36\",\"name\":\"Comunicaciones Comunicaciones\",\"image\":{\"@type\":\"ImageObject\",\"inLanguage\":\"de\",\"@id\":\"https:\/\/ds-barranquilla.org\/#\/schema\/person\/image\/\",\"url\":\"https:\/\/secure.gravatar.com\/avatar\/a66ba9484a4338d81d6bea750e595038?s=96&d=mm&r=g\",\"contentUrl\":\"https:\/\/secure.gravatar.com\/avatar\/a66ba9484a4338d81d6bea750e595038?s=96&d=mm&r=g\",\"caption\":\"Comunicaciones Comunicaciones\"}}]}<\/script>\n<!-- \/ Yoast SEO plugin. -->","yoast_head_json":{"title":"\u201cLe hemos brindado a nuestro hijo diferentes alternativas para que pueda desarrollarse integralmente\u201d: padres de Luis Caro Wagner (estudiante de la Klasse 9) - 2026","robots":{"index":"noindex","follow":"follow","max-snippet":"max-snippet:-1","max-image-preview":"max-image-preview:large","max-video-preview":"max-video-preview:-1"},"og_locale":"de_DE","og_type":"article","og_title":"\u201cLe hemos brindado a nuestro hijo diferentes alternativas para que pueda desarrollarse integralmente\u201d: padres de Luis Caro Wagner (estudiante de la Klasse 9) - 2026","og_description":"creado por Jos\u00e9 R\u00edos Mercado |\u202f15.07.2019\u00a0 \u00a0La discapacidad que presenta desde los nueve meses de edad Luis Caro Wagner no ha sido impedimento para desarrollar sus [\u2026]","og_url":"https:\/\/ds-barranquilla.org\/de\/le-hemos-brindado-a-nuestro-hijo-diferentes-alternativas-para-que-pueda-desarrollarse-integralmente-padres-de-luis-caro-wagner-estudiante-de-la-klasse-9\/","og_site_name":"Colegio Alem\u00e1n - Los Mejores Colegios de Colombia - Colegio Triling\u00fce","article_publisher":"https:\/\/www.facebook.com\/ColegioAlemanBaq\/","article_published_time":"2019-07-15T13:10:31+00:00","article_modified_time":"2023-01-04T20:13:19+00:00","og_image":[{"width":625,"height":427,"url":"https:\/\/ds-barranquilla.org\/wp-content\/uploads\/2020\/08\/\u201cLe-hemos-brindado-a-nuestro-hijo-diferentes-alternativas-para-que-pueda-desarrollarse-integralmente\u201dpadres-de-Luis-Caro-Wagner-estudiante-de-la-Klasse-9.jpg","type":"image\/jpeg"}],"author":"Comunicaciones Comunicaciones","twitter_card":"summary_large_image","twitter_creator":"@ColegioAlemanBq","twitter_site":"@ColegioAlemanBq","twitter_misc":{"Verfasst von":"Comunicaciones Comunicaciones","Gesch\u00e4tzte Lesezeit":"3\u00a0Minuten"},"schema":{"@context":"https:\/\/schema.org","@graph":[{"@type":"Article","@id":"https:\/\/ds-barranquilla.org\/de\/le-hemos-brindado-a-nuestro-hijo-diferentes-alternativas-para-que-pueda-desarrollarse-integralmente-padres-de-luis-caro-wagner-estudiante-de-la-klasse-9\/#article","isPartOf":{"@id":"https:\/\/ds-barranquilla.org\/de\/le-hemos-brindado-a-nuestro-hijo-diferentes-alternativas-para-que-pueda-desarrollarse-integralmente-padres-de-luis-caro-wagner-estudiante-de-la-klasse-9\/"},"author":{"name":"Comunicaciones Comunicaciones","@id":"https:\/\/ds-barranquilla.org\/#\/schema\/person\/7bf8790ba89d3480e0551241ccdc8d36"},"headline":"\u201cLe hemos brindado a nuestro hijo diferentes alternativas para que pueda desarrollarse integralmente\u201d: padres de Luis Caro Wagner (estudiante de la Klasse 9)","datePublished":"2019-07-15T13:10:31+00:00","dateModified":"2023-01-04T20:13:19+00:00","mainEntityOfPage":{"@id":"https:\/\/ds-barranquilla.org\/de\/le-hemos-brindado-a-nuestro-hijo-diferentes-alternativas-para-que-pueda-desarrollarse-integralmente-padres-de-luis-caro-wagner-estudiante-de-la-klasse-9\/"},"wordCount":694,"commentCount":0,"publisher":{"@id":"https:\/\/ds-barranquilla.org\/#organization"},"image":{"@id":"https:\/\/ds-barranquilla.org\/de\/le-hemos-brindado-a-nuestro-hijo-diferentes-alternativas-para-que-pueda-desarrollarse-integralmente-padres-de-luis-caro-wagner-estudiante-de-la-klasse-9\/#primaryimage"},"thumbnailUrl":"https:\/\/ds-barranquilla.org\/wp-content\/uploads\/2020\/08\/\u201cLe-hemos-brindado-a-nuestro-hijo-diferentes-alternativas-para-que-pueda-desarrollarse-integralmente\u201dpadres-de-Luis-Caro-Wagner-estudiante-de-la-Klasse-9.jpg","keywords":["2019","secundaria"],"articleSection":["2019","Bienestar Estudiantil","Secundaria"],"inLanguage":"de","potentialAction":[{"@type":"CommentAction","name":"Comment","target":["https:\/\/ds-barranquilla.org\/de\/le-hemos-brindado-a-nuestro-hijo-diferentes-alternativas-para-que-pueda-desarrollarse-integralmente-padres-de-luis-caro-wagner-estudiante-de-la-klasse-9\/#respond"]}]},{"@type":"WebPage","@id":"https:\/\/ds-barranquilla.org\/de\/le-hemos-brindado-a-nuestro-hijo-diferentes-alternativas-para-que-pueda-desarrollarse-integralmente-padres-de-luis-caro-wagner-estudiante-de-la-klasse-9\/","url":"https:\/\/ds-barranquilla.org\/de\/le-hemos-brindado-a-nuestro-hijo-diferentes-alternativas-para-que-pueda-desarrollarse-integralmente-padres-de-luis-caro-wagner-estudiante-de-la-klasse-9\/","name":"\u201cLe hemos brindado a nuestro hijo diferentes alternativas para que pueda desarrollarse integralmente\u201d: padres de Luis Caro Wagner (estudiante de la Klasse 9) - 2026","isPartOf":{"@id":"https:\/\/ds-barranquilla.org\/#website"},"primaryImageOfPage":{"@id":"https:\/\/ds-barranquilla.org\/de\/le-hemos-brindado-a-nuestro-hijo-diferentes-alternativas-para-que-pueda-desarrollarse-integralmente-padres-de-luis-caro-wagner-estudiante-de-la-klasse-9\/#primaryimage"},"image":{"@id":"https:\/\/ds-barranquilla.org\/de\/le-hemos-brindado-a-nuestro-hijo-diferentes-alternativas-para-que-pueda-desarrollarse-integralmente-padres-de-luis-caro-wagner-estudiante-de-la-klasse-9\/#primaryimage"},"thumbnailUrl":"https:\/\/ds-barranquilla.org\/wp-content\/uploads\/2020\/08\/\u201cLe-hemos-brindado-a-nuestro-hijo-diferentes-alternativas-para-que-pueda-desarrollarse-integralmente\u201dpadres-de-Luis-Caro-Wagner-estudiante-de-la-Klasse-9.jpg","datePublished":"2019-07-15T13:10:31+00:00","dateModified":"2023-01-04T20:13:19+00:00","breadcrumb":{"@id":"https:\/\/ds-barranquilla.org\/de\/le-hemos-brindado-a-nuestro-hijo-diferentes-alternativas-para-que-pueda-desarrollarse-integralmente-padres-de-luis-caro-wagner-estudiante-de-la-klasse-9\/#breadcrumb"},"inLanguage":"de","potentialAction":[{"@type":"ReadAction","target":["https:\/\/ds-barranquilla.org\/de\/le-hemos-brindado-a-nuestro-hijo-diferentes-alternativas-para-que-pueda-desarrollarse-integralmente-padres-de-luis-caro-wagner-estudiante-de-la-klasse-9\/"]}]},{"@type":"ImageObject","inLanguage":"de","@id":"https:\/\/ds-barranquilla.org\/de\/le-hemos-brindado-a-nuestro-hijo-diferentes-alternativas-para-que-pueda-desarrollarse-integralmente-padres-de-luis-caro-wagner-estudiante-de-la-klasse-9\/#primaryimage","url":"https:\/\/ds-barranquilla.org\/wp-content\/uploads\/2020\/08\/\u201cLe-hemos-brindado-a-nuestro-hijo-diferentes-alternativas-para-que-pueda-desarrollarse-integralmente\u201dpadres-de-Luis-Caro-Wagner-estudiante-de-la-Klasse-9.jpg","contentUrl":"https:\/\/ds-barranquilla.org\/wp-content\/uploads\/2020\/08\/\u201cLe-hemos-brindado-a-nuestro-hijo-diferentes-alternativas-para-que-pueda-desarrollarse-integralmente\u201dpadres-de-Luis-Caro-Wagner-estudiante-de-la-Klasse-9.jpg","width":625,"height":427},{"@type":"BreadcrumbList","@id":"https:\/\/ds-barranquilla.org\/de\/le-hemos-brindado-a-nuestro-hijo-diferentes-alternativas-para-que-pueda-desarrollarse-integralmente-padres-de-luis-caro-wagner-estudiante-de-la-klasse-9\/#breadcrumb","itemListElement":[{"@type":"ListItem","position":1,"name":"Portada","item":"https:\/\/ds-barranquilla.org\/"},{"@type":"ListItem","position":2,"name":"\u201cLe hemos brindado a nuestro hijo diferentes alternativas para que pueda desarrollarse integralmente\u201d: padres de Luis Caro Wagner (estudiante de la Klasse 9)"}]},{"@type":"WebSite","@id":"https:\/\/ds-barranquilla.org\/#website","url":"https:\/\/ds-barranquilla.org\/","name":"Colegio Alem\u00e1n - Los Mejores Colegios de Colombia - Colegio Triling\u00fce","description":"Colegio Alem\u00e1n  Barranquilla Colombia - Colegio Biling\u00fce - Triling\u00fce - El Mejor Colegio de Colombia","publisher":{"@id":"https:\/\/ds-barranquilla.org\/#organization"},"potentialAction":[{"@type":"SearchAction","target":{"@type":"EntryPoint","urlTemplate":"https:\/\/ds-barranquilla.org\/?s={search_term_string}"},"query-input":"required name=search_term_string"}],"inLanguage":"de"},{"@type":"Organization","@id":"https:\/\/ds-barranquilla.org\/#organization","name":"Colegio Alem\u00e1n Barranquilla","url":"https:\/\/ds-barranquilla.org\/","logo":{"@type":"ImageObject","inLanguage":"de","@id":"https:\/\/ds-barranquilla.org\/#\/schema\/logo\/image\/","url":"https:\/\/ds-barranquilla.org\/wp-content\/uploads\/2021\/05\/coleman_logo_2.png","contentUrl":"https:\/\/ds-barranquilla.org\/wp-content\/uploads\/2021\/05\/coleman_logo_2.png","width":418,"height":307,"caption":"Colegio Alem\u00e1n Barranquilla"},"image":{"@id":"https:\/\/ds-barranquilla.org\/#\/schema\/logo\/image\/"},"sameAs":["https:\/\/www.facebook.com\/ColegioAlemanBaq\/","https:\/\/x.com\/ColegioAlemanBq","https:\/\/www.instagram.com\/colegioalemanbaq\/","https:\/\/www.linkedin.com\/school\/deutsche-schule-barranquilla\/","https:\/\/www.youtube.com\/channel\/UCOOGZQCVs6aYRqIWvSN5agQ"]},{"@type":"Person","@id":"https:\/\/ds-barranquilla.org\/#\/schema\/person\/7bf8790ba89d3480e0551241ccdc8d36","name":"Comunicaciones Comunicaciones","image":{"@type":"ImageObject","inLanguage":"de","@id":"https:\/\/ds-barranquilla.org\/#\/schema\/person\/image\/","url":"https:\/\/secure.gravatar.com\/avatar\/a66ba9484a4338d81d6bea750e595038?s=96&d=mm&r=g","contentUrl":"https:\/\/secure.gravatar.com\/avatar\/a66ba9484a4338d81d6bea750e595038?s=96&d=mm&r=g","caption":"Comunicaciones Comunicaciones"}}]}},"_links":{"self":[{"href":"https:\/\/ds-barranquilla.org\/de\/wp-json\/wp\/v2\/posts\/5813"}],"collection":[{"href":"https:\/\/ds-barranquilla.org\/de\/wp-json\/wp\/v2\/posts"}],"about":[{"href":"https:\/\/ds-barranquilla.org\/de\/wp-json\/wp\/v2\/types\/post"}],"author":[{"embeddable":true,"href":"https:\/\/ds-barranquilla.org\/de\/wp-json\/wp\/v2\/users\/16"}],"replies":[{"embeddable":true,"href":"https:\/\/ds-barranquilla.org\/de\/wp-json\/wp\/v2\/comments?post=5813"}],"version-history":[{"count":1,"href":"https:\/\/ds-barranquilla.org\/de\/wp-json\/wp\/v2\/posts\/5813\/revisions"}],"predecessor-version":[{"id":5815,"href":"https:\/\/ds-barranquilla.org\/de\/wp-json\/wp\/v2\/posts\/5813\/revisions\/5815"}],"wp:featuredmedia":[{"embeddable":true,"href":"https:\/\/ds-barranquilla.org\/de\/wp-json\/wp\/v2\/media\/5814"}],"wp:attachment":[{"href":"https:\/\/ds-barranquilla.org\/de\/wp-json\/wp\/v2\/media?parent=5813"}],"wp:term":[{"taxonomy":"category","embeddable":true,"href":"https:\/\/ds-barranquilla.org\/de\/wp-json\/wp\/v2\/categories?post=5813"},{"taxonomy":"post_tag","embeddable":true,"href":"https:\/\/ds-barranquilla.org\/de\/wp-json\/wp\/v2\/tags?post=5813"}],"curies":[{"name":"wp","href":"https:\/\/api.w.org\/{rel}","templated":true}]}}