{"id":5843,"date":"2019-08-30T10:07:08","date_gmt":"2019-08-30T15:07:08","guid":{"rendered":"https:\/\/ds-barranquilla.org\/?p=5843"},"modified":"2023-01-04T15:07:23","modified_gmt":"2023-01-04T20:07:23","slug":"los-colombianos-manejan-sus-vidas-con-una-facilidad-increible-y-nos-recibieron-calurosamente-ralph-wiese-rector","status":"publish","type":"post","link":"https:\/\/ds-barranquilla.org\/de\/los-colombianos-manejan-sus-vidas-con-una-facilidad-increible-y-nos-recibieron-calurosamente-ralph-wiese-rector\/","title":{"rendered":"&#8220;Los colombianos manejan sus vidas con una facilidad incre\u00edble y nos recibieron calurosamente&#8221;: Ralph Wiese (Rector)"},"content":{"rendered":"<p><span data-contrast=\"none\">Para el nuevo Rector de nuestro colegio, Ralph\u00a0<\/span><span data-contrast=\"none\">Wiese<\/span><span data-contrast=\"none\">, su nuevo puesto significa no s\u00f3lo un reto profesional, sino tambi\u00e9n la felicidad de su familia, ya que su hijo asiste a este mismo colegio y su esposa trabaja aqu\u00ed como profesora. \u00c9l, originario del norte de Alemania, ya estaba entusiasmado con el continente sudamericano desde su infancia; apenas se enter\u00f3 de la vacante de trabajo en Barranquilla, se postul\u00f3 inmediatamente.<\/span><span data-ccp-props=\"{&quot;201341983&quot;:0,&quot;335559739&quot;:180,&quot;335559740&quot;:240}\">\u00a0<\/span><\/p>\n<p><span data-contrast=\"none\">&#8220;En primer lugar, tenemos que acostumbrarnos al clima de Barranquilla. Mi trabajo, el de mi esposa y el nuevo colegio para mi hijo, exigen toda nuestra atenci\u00f3n y esfuerzo todos los d\u00edas. Pero la cordialidad y la colaboraci\u00f3n de los estudiantes y colegas son un gran apoyo&#8221;, dijo Ralph\u00a0<\/span><span data-contrast=\"none\">Wiese<\/span><span data-contrast=\"none\">.<\/span><span data-ccp-props=\"{&quot;201341983&quot;:0,&quot;335559739&quot;:180,&quot;335559740&quot;:240}\">\u00a0<\/span><\/p>\n<p><span data-contrast=\"none\">Opina que la cultura de un pa\u00eds se identifica principalmente en sus colegios; los ni\u00f1os llevan al colegio su mundo, con todo lo que traen de casa en tradici\u00f3n y experiencia. As\u00ed lo experiment\u00f3 durante sus numerosas estad\u00edas en el extranjero (Afganist\u00e1n, Pakist\u00e1n y Argentina). Tambi\u00e9n encuentra multifac\u00e9tica la cultura colombiana, lo que hace al colegio tan \u00fanico en el departamento del Atl\u00e1ntico por el acercamiento de la cultura colombiana a la lengua y cultura alemana.<\/span><span data-ccp-props=\"{&quot;201341983&quot;:0,&quot;335559739&quot;:180,&quot;335559740&quot;:240}\">\u00a0<\/span><\/p>\n<p><span data-contrast=\"none\">&#8220;Mi esposa, mi hijo y yo tomamos juntos la decisi\u00f3n de mudarnos a Colombia. Colombia es conocida en Alemania por su naturaleza rica en especies, su variado paisaje y la c\u00e1lida naturaleza de su gente. Por lo tanto, es un sue\u00f1o para muchos alemanes poder vivir y trabajar en Colombia&#8221;, dijo Ralph\u00a0<\/span><span data-contrast=\"none\">Wiese<\/span><span data-contrast=\"none\">.<\/span><span data-ccp-props=\"{&quot;201341983&quot;:0,&quot;335559739&quot;:180,&quot;335559740&quot;:240}\">\u00a0<\/span><\/p>\n<p><span data-contrast=\"none\">El se\u00f1or\u00a0<\/span><span data-contrast=\"none\">Wiese<\/span><span data-contrast=\"none\">\u00a0s\u00f3lo hab\u00eda estado en Colombia dos veces: una vez para conocer el colegio y una segunda vez para asumir la funci\u00f3n de Rector. Todav\u00eda no ha visto nada del pa\u00eds en s\u00ed. Ha le\u00eddo mucho sobre Colombia y ahora est\u00e1 deseando visitar el pa\u00eds con su familia.<\/span><span data-ccp-props=\"{&quot;201341983&quot;:0,&quot;335559739&quot;:180,&quot;335559740&quot;:240}\">\u00a0<\/span><\/p>","protected":false},"excerpt":{"rendered":"<p>Para el nuevo Rector de nuestro colegio, Ralph\u00a0Wiese, su nuevo puesto significa no s\u00f3lo un reto profesional, sino tambi\u00e9n la felicidad de su familia, ya que<span class=\"excerpt-hellip\"> [\u2026]<\/span><\/p>","protected":false},"author":16,"featured_media":5844,"comment_status":"open","ping_status":"open","sticky":false,"template":"","format":"standard","meta":{"_exactmetrics_skip_tracking":false,"_exactmetrics_sitenote_active":false,"_exactmetrics_sitenote_note":"","_exactmetrics_sitenote_category":0,"_joinchat":[],"footnotes":""},"categories":[679,709],"tags":[468],"class_list":["post-5843","post","type-post","status-publish","format-standard","has-post-thumbnail","hentry","category-679","category-rectoria","tag-468"],"yoast_head":"<!-- This site is optimized with the Yoast SEO plugin v23.3 - https:\/\/yoast.com\/wordpress\/plugins\/seo\/ -->\n<title>&quot;Los colombianos manejan sus vidas con una facilidad incre\u00edble y nos recibieron calurosamente&quot;: Ralph Wiese (Rector) - 2026<\/title>\n<meta name=\"robots\" content=\"noindex, follow, max-snippet:-1, max-image-preview:large, max-video-preview:-1\" \/>\n<meta property=\"og:locale\" content=\"de_DE\" \/>\n<meta property=\"og:type\" content=\"article\" \/>\n<meta property=\"og:title\" content=\"&quot;Los colombianos manejan sus vidas con una facilidad incre\u00edble y nos recibieron calurosamente&quot;: Ralph Wiese (Rector) - 2026\" \/>\n<meta property=\"og:description\" content=\"Para el nuevo Rector de nuestro colegio, Ralph\u00a0Wiese, su nuevo puesto significa no s\u00f3lo un reto profesional, sino tambi\u00e9n la felicidad de su familia, ya que [\u2026]\" \/>\n<meta property=\"og:url\" content=\"https:\/\/ds-barranquilla.org\/de\/los-colombianos-manejan-sus-vidas-con-una-facilidad-increible-y-nos-recibieron-calurosamente-ralph-wiese-rector\/\" \/>\n<meta property=\"og:site_name\" content=\"Colegio Alem\u00e1n - Los Mejores Colegios de Colombia - Colegio Triling\u00fce\" \/>\n<meta property=\"article:publisher\" content=\"https:\/\/www.facebook.com\/ColegioAlemanBaq\/\" \/>\n<meta property=\"article:published_time\" content=\"2019-08-30T15:07:08+00:00\" \/>\n<meta property=\"article:modified_time\" content=\"2023-01-04T20:07:23+00:00\" \/>\n<meta property=\"og:image\" content=\"https:\/\/ds-barranquilla.org\/wp-content\/uploads\/2020\/08\/Los-colombianos-manejan-sus-vidas-con-una-facilidad-incre\u00edble-y-nos-recibieron-calurosamente-Ralph-Wiese-Rector.jpg\" \/>\n\t<meta property=\"og:image:width\" content=\"617\" \/>\n\t<meta property=\"og:image:height\" content=\"380\" \/>\n\t<meta property=\"og:image:type\" content=\"image\/jpeg\" \/>\n<meta name=\"author\" content=\"Comunicaciones Comunicaciones\" \/>\n<meta name=\"twitter:card\" content=\"summary_large_image\" \/>\n<meta name=\"twitter:creator\" content=\"@ColegioAlemanBq\" \/>\n<meta name=\"twitter:site\" content=\"@ColegioAlemanBq\" \/>\n<meta name=\"twitter:label1\" content=\"Verfasst von\" \/>\n\t<meta name=\"twitter:data1\" content=\"Comunicaciones Comunicaciones\" \/>\n\t<meta name=\"twitter:label2\" content=\"Gesch\u00e4tzte Lesezeit\" \/>\n\t<meta name=\"twitter:data2\" content=\"2\u00a0Minuten\" \/>\n<script type=\"application\/ld+json\" class=\"yoast-schema-graph\">{\"@context\":\"https:\/\/schema.org\",\"@graph\":[{\"@type\":\"Article\",\"@id\":\"https:\/\/ds-barranquilla.org\/los-colombianos-manejan-sus-vidas-con-una-facilidad-increible-y-nos-recibieron-calurosamente-ralph-wiese-rector\/#article\",\"isPartOf\":{\"@id\":\"https:\/\/ds-barranquilla.org\/los-colombianos-manejan-sus-vidas-con-una-facilidad-increible-y-nos-recibieron-calurosamente-ralph-wiese-rector\/\"},\"author\":{\"name\":\"Comunicaciones Comunicaciones\",\"@id\":\"https:\/\/ds-barranquilla.org\/#\/schema\/person\/7bf8790ba89d3480e0551241ccdc8d36\"},\"headline\":\"&#8220;Los colombianos manejan sus vidas con una facilidad incre\u00edble y nos recibieron calurosamente&#8221;: Ralph Wiese (Rector)\",\"datePublished\":\"2019-08-30T15:07:08+00:00\",\"dateModified\":\"2023-01-04T20:07:23+00:00\",\"mainEntityOfPage\":{\"@id\":\"https:\/\/ds-barranquilla.org\/los-colombianos-manejan-sus-vidas-con-una-facilidad-increible-y-nos-recibieron-calurosamente-ralph-wiese-rector\/\"},\"wordCount\":341,\"commentCount\":0,\"publisher\":{\"@id\":\"https:\/\/ds-barranquilla.org\/#organization\"},\"image\":{\"@id\":\"https:\/\/ds-barranquilla.org\/los-colombianos-manejan-sus-vidas-con-una-facilidad-increible-y-nos-recibieron-calurosamente-ralph-wiese-rector\/#primaryimage\"},\"thumbnailUrl\":\"https:\/\/ds-barranquilla.org\/wp-content\/uploads\/2020\/08\/Los-colombianos-manejan-sus-vidas-con-una-facilidad-incre\u00edble-y-nos-recibieron-calurosamente-Ralph-Wiese-Rector.jpg\",\"keywords\":[\"2019\"],\"articleSection\":[\"2019\",\"Rector\u00eda\"],\"inLanguage\":\"de\",\"potentialAction\":[{\"@type\":\"CommentAction\",\"name\":\"Comment\",\"target\":[\"https:\/\/ds-barranquilla.org\/los-colombianos-manejan-sus-vidas-con-una-facilidad-increible-y-nos-recibieron-calurosamente-ralph-wiese-rector\/#respond\"]}]},{\"@type\":\"WebPage\",\"@id\":\"https:\/\/ds-barranquilla.org\/los-colombianos-manejan-sus-vidas-con-una-facilidad-increible-y-nos-recibieron-calurosamente-ralph-wiese-rector\/\",\"url\":\"https:\/\/ds-barranquilla.org\/los-colombianos-manejan-sus-vidas-con-una-facilidad-increible-y-nos-recibieron-calurosamente-ralph-wiese-rector\/\",\"name\":\"\\\"Los colombianos manejan sus vidas con una facilidad incre\u00edble y nos recibieron calurosamente\\\": Ralph Wiese (Rector) - 2026\",\"isPartOf\":{\"@id\":\"https:\/\/ds-barranquilla.org\/#website\"},\"primaryImageOfPage\":{\"@id\":\"https:\/\/ds-barranquilla.org\/los-colombianos-manejan-sus-vidas-con-una-facilidad-increible-y-nos-recibieron-calurosamente-ralph-wiese-rector\/#primaryimage\"},\"image\":{\"@id\":\"https:\/\/ds-barranquilla.org\/los-colombianos-manejan-sus-vidas-con-una-facilidad-increible-y-nos-recibieron-calurosamente-ralph-wiese-rector\/#primaryimage\"},\"thumbnailUrl\":\"https:\/\/ds-barranquilla.org\/wp-content\/uploads\/2020\/08\/Los-colombianos-manejan-sus-vidas-con-una-facilidad-incre\u00edble-y-nos-recibieron-calurosamente-Ralph-Wiese-Rector.jpg\",\"datePublished\":\"2019-08-30T15:07:08+00:00\",\"dateModified\":\"2023-01-04T20:07:23+00:00\",\"breadcrumb\":{\"@id\":\"https:\/\/ds-barranquilla.org\/los-colombianos-manejan-sus-vidas-con-una-facilidad-increible-y-nos-recibieron-calurosamente-ralph-wiese-rector\/#breadcrumb\"},\"inLanguage\":\"de\",\"potentialAction\":[{\"@type\":\"ReadAction\",\"target\":[\"https:\/\/ds-barranquilla.org\/los-colombianos-manejan-sus-vidas-con-una-facilidad-increible-y-nos-recibieron-calurosamente-ralph-wiese-rector\/\"]}]},{\"@type\":\"ImageObject\",\"inLanguage\":\"de\",\"@id\":\"https:\/\/ds-barranquilla.org\/los-colombianos-manejan-sus-vidas-con-una-facilidad-increible-y-nos-recibieron-calurosamente-ralph-wiese-rector\/#primaryimage\",\"url\":\"https:\/\/ds-barranquilla.org\/wp-content\/uploads\/2020\/08\/Los-colombianos-manejan-sus-vidas-con-una-facilidad-incre\u00edble-y-nos-recibieron-calurosamente-Ralph-Wiese-Rector.jpg\",\"contentUrl\":\"https:\/\/ds-barranquilla.org\/wp-content\/uploads\/2020\/08\/Los-colombianos-manejan-sus-vidas-con-una-facilidad-incre\u00edble-y-nos-recibieron-calurosamente-Ralph-Wiese-Rector.jpg\",\"width\":617,\"height\":380},{\"@type\":\"BreadcrumbList\",\"@id\":\"https:\/\/ds-barranquilla.org\/los-colombianos-manejan-sus-vidas-con-una-facilidad-increible-y-nos-recibieron-calurosamente-ralph-wiese-rector\/#breadcrumb\",\"itemListElement\":[{\"@type\":\"ListItem\",\"position\":1,\"name\":\"Portada\",\"item\":\"https:\/\/ds-barranquilla.org\/\"},{\"@type\":\"ListItem\",\"position\":2,\"name\":\"&#8220;Los colombianos manejan sus vidas con una facilidad incre\u00edble y nos recibieron calurosamente&#8221;: Ralph Wiese (Rector)\"}]},{\"@type\":\"WebSite\",\"@id\":\"https:\/\/ds-barranquilla.org\/#website\",\"url\":\"https:\/\/ds-barranquilla.org\/\",\"name\":\"Colegio Alem\u00e1n - Los Mejores Colegios de Colombia - Colegio Triling\u00fce\",\"description\":\"Colegio Alem\u00e1n  Barranquilla Colombia - Colegio Biling\u00fce - Triling\u00fce - El Mejor Colegio de Colombia\",\"publisher\":{\"@id\":\"https:\/\/ds-barranquilla.org\/#organization\"},\"potentialAction\":[{\"@type\":\"SearchAction\",\"target\":{\"@type\":\"EntryPoint\",\"urlTemplate\":\"https:\/\/ds-barranquilla.org\/?s={search_term_string}\"},\"query-input\":\"required name=search_term_string\"}],\"inLanguage\":\"de\"},{\"@type\":\"Organization\",\"@id\":\"https:\/\/ds-barranquilla.org\/#organization\",\"name\":\"Colegio Alem\u00e1n Barranquilla\",\"url\":\"https:\/\/ds-barranquilla.org\/\",\"logo\":{\"@type\":\"ImageObject\",\"inLanguage\":\"de\",\"@id\":\"https:\/\/ds-barranquilla.org\/#\/schema\/logo\/image\/\",\"url\":\"https:\/\/ds-barranquilla.org\/wp-content\/uploads\/2021\/05\/coleman_logo_2.png\",\"contentUrl\":\"https:\/\/ds-barranquilla.org\/wp-content\/uploads\/2021\/05\/coleman_logo_2.png\",\"width\":418,\"height\":307,\"caption\":\"Colegio Alem\u00e1n Barranquilla\"},\"image\":{\"@id\":\"https:\/\/ds-barranquilla.org\/#\/schema\/logo\/image\/\"},\"sameAs\":[\"https:\/\/www.facebook.com\/ColegioAlemanBaq\/\",\"https:\/\/x.com\/ColegioAlemanBq\",\"https:\/\/www.instagram.com\/colegioalemanbaq\/\",\"https:\/\/www.linkedin.com\/school\/deutsche-schule-barranquilla\/\",\"https:\/\/www.youtube.com\/channel\/UCOOGZQCVs6aYRqIWvSN5agQ\"]},{\"@type\":\"Person\",\"@id\":\"https:\/\/ds-barranquilla.org\/#\/schema\/person\/7bf8790ba89d3480e0551241ccdc8d36\",\"name\":\"Comunicaciones Comunicaciones\",\"image\":{\"@type\":\"ImageObject\",\"inLanguage\":\"de\",\"@id\":\"https:\/\/ds-barranquilla.org\/#\/schema\/person\/image\/\",\"url\":\"https:\/\/secure.gravatar.com\/avatar\/a66ba9484a4338d81d6bea750e595038?s=96&d=mm&r=g\",\"contentUrl\":\"https:\/\/secure.gravatar.com\/avatar\/a66ba9484a4338d81d6bea750e595038?s=96&d=mm&r=g\",\"caption\":\"Comunicaciones Comunicaciones\"}}]}<\/script>\n<!-- \/ Yoast SEO plugin. -->","yoast_head_json":{"title":"\"Los colombianos manejan sus vidas con una facilidad incre\u00edble y nos recibieron calurosamente\": Ralph Wiese (Rector) - 2026","robots":{"index":"noindex","follow":"follow","max-snippet":"max-snippet:-1","max-image-preview":"max-image-preview:large","max-video-preview":"max-video-preview:-1"},"og_locale":"de_DE","og_type":"article","og_title":"\"Los colombianos manejan sus vidas con una facilidad incre\u00edble y nos recibieron calurosamente\": Ralph Wiese (Rector) - 2026","og_description":"Para el nuevo Rector de nuestro colegio, Ralph\u00a0Wiese, su nuevo puesto significa no s\u00f3lo un reto profesional, sino tambi\u00e9n la felicidad de su familia, ya que [\u2026]","og_url":"https:\/\/ds-barranquilla.org\/de\/los-colombianos-manejan-sus-vidas-con-una-facilidad-increible-y-nos-recibieron-calurosamente-ralph-wiese-rector\/","og_site_name":"Colegio Alem\u00e1n - Los Mejores Colegios de Colombia - Colegio Triling\u00fce","article_publisher":"https:\/\/www.facebook.com\/ColegioAlemanBaq\/","article_published_time":"2019-08-30T15:07:08+00:00","article_modified_time":"2023-01-04T20:07:23+00:00","og_image":[{"width":617,"height":380,"url":"https:\/\/ds-barranquilla.org\/wp-content\/uploads\/2020\/08\/Los-colombianos-manejan-sus-vidas-con-una-facilidad-incre\u00edble-y-nos-recibieron-calurosamente-Ralph-Wiese-Rector.jpg","type":"image\/jpeg"}],"author":"Comunicaciones Comunicaciones","twitter_card":"summary_large_image","twitter_creator":"@ColegioAlemanBq","twitter_site":"@ColegioAlemanBq","twitter_misc":{"Verfasst von":"Comunicaciones Comunicaciones","Gesch\u00e4tzte Lesezeit":"2\u00a0Minuten"},"schema":{"@context":"https:\/\/schema.org","@graph":[{"@type":"Article","@id":"https:\/\/ds-barranquilla.org\/los-colombianos-manejan-sus-vidas-con-una-facilidad-increible-y-nos-recibieron-calurosamente-ralph-wiese-rector\/#article","isPartOf":{"@id":"https:\/\/ds-barranquilla.org\/los-colombianos-manejan-sus-vidas-con-una-facilidad-increible-y-nos-recibieron-calurosamente-ralph-wiese-rector\/"},"author":{"name":"Comunicaciones Comunicaciones","@id":"https:\/\/ds-barranquilla.org\/#\/schema\/person\/7bf8790ba89d3480e0551241ccdc8d36"},"headline":"&#8220;Los colombianos manejan sus vidas con una facilidad incre\u00edble y nos recibieron calurosamente&#8221;: Ralph Wiese (Rector)","datePublished":"2019-08-30T15:07:08+00:00","dateModified":"2023-01-04T20:07:23+00:00","mainEntityOfPage":{"@id":"https:\/\/ds-barranquilla.org\/los-colombianos-manejan-sus-vidas-con-una-facilidad-increible-y-nos-recibieron-calurosamente-ralph-wiese-rector\/"},"wordCount":341,"commentCount":0,"publisher":{"@id":"https:\/\/ds-barranquilla.org\/#organization"},"image":{"@id":"https:\/\/ds-barranquilla.org\/los-colombianos-manejan-sus-vidas-con-una-facilidad-increible-y-nos-recibieron-calurosamente-ralph-wiese-rector\/#primaryimage"},"thumbnailUrl":"https:\/\/ds-barranquilla.org\/wp-content\/uploads\/2020\/08\/Los-colombianos-manejan-sus-vidas-con-una-facilidad-incre\u00edble-y-nos-recibieron-calurosamente-Ralph-Wiese-Rector.jpg","keywords":["2019"],"articleSection":["2019","Rector\u00eda"],"inLanguage":"de","potentialAction":[{"@type":"CommentAction","name":"Comment","target":["https:\/\/ds-barranquilla.org\/los-colombianos-manejan-sus-vidas-con-una-facilidad-increible-y-nos-recibieron-calurosamente-ralph-wiese-rector\/#respond"]}]},{"@type":"WebPage","@id":"https:\/\/ds-barranquilla.org\/los-colombianos-manejan-sus-vidas-con-una-facilidad-increible-y-nos-recibieron-calurosamente-ralph-wiese-rector\/","url":"https:\/\/ds-barranquilla.org\/los-colombianos-manejan-sus-vidas-con-una-facilidad-increible-y-nos-recibieron-calurosamente-ralph-wiese-rector\/","name":"\"Los colombianos manejan sus vidas con una facilidad incre\u00edble y nos recibieron calurosamente\": Ralph Wiese (Rector) - 2026","isPartOf":{"@id":"https:\/\/ds-barranquilla.org\/#website"},"primaryImageOfPage":{"@id":"https:\/\/ds-barranquilla.org\/los-colombianos-manejan-sus-vidas-con-una-facilidad-increible-y-nos-recibieron-calurosamente-ralph-wiese-rector\/#primaryimage"},"image":{"@id":"https:\/\/ds-barranquilla.org\/los-colombianos-manejan-sus-vidas-con-una-facilidad-increible-y-nos-recibieron-calurosamente-ralph-wiese-rector\/#primaryimage"},"thumbnailUrl":"https:\/\/ds-barranquilla.org\/wp-content\/uploads\/2020\/08\/Los-colombianos-manejan-sus-vidas-con-una-facilidad-incre\u00edble-y-nos-recibieron-calurosamente-Ralph-Wiese-Rector.jpg","datePublished":"2019-08-30T15:07:08+00:00","dateModified":"2023-01-04T20:07:23+00:00","breadcrumb":{"@id":"https:\/\/ds-barranquilla.org\/los-colombianos-manejan-sus-vidas-con-una-facilidad-increible-y-nos-recibieron-calurosamente-ralph-wiese-rector\/#breadcrumb"},"inLanguage":"de","potentialAction":[{"@type":"ReadAction","target":["https:\/\/ds-barranquilla.org\/los-colombianos-manejan-sus-vidas-con-una-facilidad-increible-y-nos-recibieron-calurosamente-ralph-wiese-rector\/"]}]},{"@type":"ImageObject","inLanguage":"de","@id":"https:\/\/ds-barranquilla.org\/los-colombianos-manejan-sus-vidas-con-una-facilidad-increible-y-nos-recibieron-calurosamente-ralph-wiese-rector\/#primaryimage","url":"https:\/\/ds-barranquilla.org\/wp-content\/uploads\/2020\/08\/Los-colombianos-manejan-sus-vidas-con-una-facilidad-incre\u00edble-y-nos-recibieron-calurosamente-Ralph-Wiese-Rector.jpg","contentUrl":"https:\/\/ds-barranquilla.org\/wp-content\/uploads\/2020\/08\/Los-colombianos-manejan-sus-vidas-con-una-facilidad-incre\u00edble-y-nos-recibieron-calurosamente-Ralph-Wiese-Rector.jpg","width":617,"height":380},{"@type":"BreadcrumbList","@id":"https:\/\/ds-barranquilla.org\/los-colombianos-manejan-sus-vidas-con-una-facilidad-increible-y-nos-recibieron-calurosamente-ralph-wiese-rector\/#breadcrumb","itemListElement":[{"@type":"ListItem","position":1,"name":"Portada","item":"https:\/\/ds-barranquilla.org\/"},{"@type":"ListItem","position":2,"name":"&#8220;Los colombianos manejan sus vidas con una facilidad incre\u00edble y nos recibieron calurosamente&#8221;: Ralph Wiese (Rector)"}]},{"@type":"WebSite","@id":"https:\/\/ds-barranquilla.org\/#website","url":"https:\/\/ds-barranquilla.org\/","name":"Colegio Alem\u00e1n - Los Mejores Colegios de Colombia - Colegio Triling\u00fce","description":"Colegio Alem\u00e1n  Barranquilla Colombia - Colegio Biling\u00fce - Triling\u00fce - El Mejor Colegio de Colombia","publisher":{"@id":"https:\/\/ds-barranquilla.org\/#organization"},"potentialAction":[{"@type":"SearchAction","target":{"@type":"EntryPoint","urlTemplate":"https:\/\/ds-barranquilla.org\/?s={search_term_string}"},"query-input":"required name=search_term_string"}],"inLanguage":"de"},{"@type":"Organization","@id":"https:\/\/ds-barranquilla.org\/#organization","name":"Colegio Alem\u00e1n Barranquilla","url":"https:\/\/ds-barranquilla.org\/","logo":{"@type":"ImageObject","inLanguage":"de","@id":"https:\/\/ds-barranquilla.org\/#\/schema\/logo\/image\/","url":"https:\/\/ds-barranquilla.org\/wp-content\/uploads\/2021\/05\/coleman_logo_2.png","contentUrl":"https:\/\/ds-barranquilla.org\/wp-content\/uploads\/2021\/05\/coleman_logo_2.png","width":418,"height":307,"caption":"Colegio Alem\u00e1n Barranquilla"},"image":{"@id":"https:\/\/ds-barranquilla.org\/#\/schema\/logo\/image\/"},"sameAs":["https:\/\/www.facebook.com\/ColegioAlemanBaq\/","https:\/\/x.com\/ColegioAlemanBq","https:\/\/www.instagram.com\/colegioalemanbaq\/","https:\/\/www.linkedin.com\/school\/deutsche-schule-barranquilla\/","https:\/\/www.youtube.com\/channel\/UCOOGZQCVs6aYRqIWvSN5agQ"]},{"@type":"Person","@id":"https:\/\/ds-barranquilla.org\/#\/schema\/person\/7bf8790ba89d3480e0551241ccdc8d36","name":"Comunicaciones Comunicaciones","image":{"@type":"ImageObject","inLanguage":"de","@id":"https:\/\/ds-barranquilla.org\/#\/schema\/person\/image\/","url":"https:\/\/secure.gravatar.com\/avatar\/a66ba9484a4338d81d6bea750e595038?s=96&d=mm&r=g","contentUrl":"https:\/\/secure.gravatar.com\/avatar\/a66ba9484a4338d81d6bea750e595038?s=96&d=mm&r=g","caption":"Comunicaciones Comunicaciones"}}]}},"_links":{"self":[{"href":"https:\/\/ds-barranquilla.org\/de\/wp-json\/wp\/v2\/posts\/5843"}],"collection":[{"href":"https:\/\/ds-barranquilla.org\/de\/wp-json\/wp\/v2\/posts"}],"about":[{"href":"https:\/\/ds-barranquilla.org\/de\/wp-json\/wp\/v2\/types\/post"}],"author":[{"embeddable":true,"href":"https:\/\/ds-barranquilla.org\/de\/wp-json\/wp\/v2\/users\/16"}],"replies":[{"embeddable":true,"href":"https:\/\/ds-barranquilla.org\/de\/wp-json\/wp\/v2\/comments?post=5843"}],"version-history":[{"count":1,"href":"https:\/\/ds-barranquilla.org\/de\/wp-json\/wp\/v2\/posts\/5843\/revisions"}],"predecessor-version":[{"id":5845,"href":"https:\/\/ds-barranquilla.org\/de\/wp-json\/wp\/v2\/posts\/5843\/revisions\/5845"}],"wp:featuredmedia":[{"embeddable":true,"href":"https:\/\/ds-barranquilla.org\/de\/wp-json\/wp\/v2\/media\/5844"}],"wp:attachment":[{"href":"https:\/\/ds-barranquilla.org\/de\/wp-json\/wp\/v2\/media?parent=5843"}],"wp:term":[{"taxonomy":"category","embeddable":true,"href":"https:\/\/ds-barranquilla.org\/de\/wp-json\/wp\/v2\/categories?post=5843"},{"taxonomy":"post_tag","embeddable":true,"href":"https:\/\/ds-barranquilla.org\/de\/wp-json\/wp\/v2\/tags?post=5843"}],"curies":[{"name":"wp","href":"https:\/\/api.w.org\/{rel}","templated":true}]}}