{"id":5898,"date":"2019-10-17T16:35:57","date_gmt":"2019-10-17T21:35:57","guid":{"rendered":"https:\/\/ds-barranquilla.org\/?p=5898"},"modified":"2023-01-04T15:05:06","modified_gmt":"2023-01-04T20:05:06","slug":"el-escritor-sergio-ocampo-participo-del-foro-sobre-su-libro-es-mejor-no-preguntar","status":"publish","type":"post","link":"https:\/\/ds-barranquilla.org\/de\/el-escritor-sergio-ocampo-participo-del-foro-sobre-su-libro-es-mejor-no-preguntar\/","title":{"rendered":"El escritor Sergio Ocampo particip\u00f3 del Foro sobre su libro \u2018Es mejor no preguntar\u2019"},"content":{"rendered":"<p><span data-contrast=\"none\">creado<\/span><span data-contrast=\"none\">\u00a0por Jos\u00e9 R\u00edos Mercado |\u202f17.10.2019<\/span><span data-ccp-props=\"{&quot;201341983&quot;:0,&quot;335559739&quot;:160,&quot;335559740&quot;:240}\">\u00a0<\/span><\/p>\n<p><span data-ccp-props=\"{&quot;201341983&quot;:0,&quot;335559739&quot;:160,&quot;335559740&quot;:240}\">\u00a0<\/span><span data-contrast=\"none\">Con ocasi\u00f3n del Foro sobre su libro \u2018Es mejor no preguntar\u2019, el escritor Sergio Ocampo invit\u00f3 a los asistentes a implementar estrategias orientadas al acompa\u00f1amiento de sus hijos cuando \u00e9stos vayan a tomar decisiones.\u202fDurante el conversatorio, moderado por la psic\u00f3loga Daniela\u00a0<\/span><span data-contrast=\"none\">Abello<\/span><span data-contrast=\"none\">, Sergio Ocampo abord\u00f3 diferentes temas que afrontan actualmente los adolescentes como: las adicciones, la depresi\u00f3n, la sexualidad y el suicidio.<\/span><span data-ccp-props=\"{&quot;201341983&quot;:0,&quot;335559739&quot;:180,&quot;335559740&quot;:240}\">\u00a0<\/span><\/p>\n<p><span data-contrast=\"none\">\u201cEn el mundo actual da p\u00e1nico ser diferente, todo el tiempo nos dicen a trav\u00e9s de los medios de comunicaci\u00f3n que el planeta se va a acabar; los seres humanos somos fr\u00e1giles y estas situaciones nos afectan. No s\u00f3lo debemos educar hijos para ser exitosos sino para que sean fuertes emocionalmente\u201d, expres\u00f3 el escritor.<\/span><span data-ccp-props=\"{&quot;201341983&quot;:0,&quot;335559739&quot;:180,&quot;335559740&quot;:240}\">\u00a0<\/span><\/p>\n<p><span data-contrast=\"none\">Sergio Ocampo se refiri\u00f3 a la forma como los padres est\u00e1n llenando a sus hijos de obsequios porque no tienen tiempo para compartir con ellos, incluso est\u00e1n llegando al punto de regalarles cosas sin que ellos las pidan. Por su parte, la psic\u00f3loga Daniela\u00a0<\/span><span data-contrast=\"none\">Abello<\/span><span data-contrast=\"none\">\u00a0invit\u00f3 a los asistentes a fortalecer la comunicaci\u00f3n con sus hijos, a promover en ellos la soluci\u00f3n de problemas y a buscar ayuda profesional cuando la situaci\u00f3n lo amerite.<\/span><span data-ccp-props=\"{&quot;201341983&quot;:0,&quot;335559739&quot;:180,&quot;335559740&quot;:240}\">\u00a0<\/span><\/p>\n<p><span data-contrast=\"none\">El evento, organizado por el Colegio Alem\u00e1n de Barranquilla y el Colegio\u00a0<\/span><span data-contrast=\"none\">dem Marymount,<\/span><span data-contrast=\"none\">, y al que asistieron padres de familia de diferentes instituciones educativas de la ciudad, cont\u00f3 con la presencia del ex Vicepresidente de la Rep\u00fablica, Gustavo Bell, quien fue el encargado de presentar al escritor.<\/span><span data-ccp-props=\"{&quot;201341983&quot;:0,&quot;335559739&quot;:180,&quot;335559740&quot;:240}\">\u00a0<\/span><\/p>","protected":false},"excerpt":{"rendered":"<p>creado\u00a0por Jos\u00e9 R\u00edos Mercado |\u202f17.10.2019\u00a0 \u00a0Con ocasi\u00f3n del Foro sobre su libro \u2018Es mejor no preguntar\u2019, el escritor Sergio Ocampo invit\u00f3 a los asistentes a implementar<span class=\"excerpt-hellip\"> [\u2026]<\/span><\/p>","protected":false},"author":16,"featured_media":5899,"comment_status":"open","ping_status":"open","sticky":false,"template":"","format":"standard","meta":{"_exactmetrics_skip_tracking":false,"_exactmetrics_sitenote_active":false,"_exactmetrics_sitenote_note":"","_exactmetrics_sitenote_category":0,"_joinchat":[],"footnotes":""},"categories":[679,703,705],"tags":[468],"class_list":["post-5898","post","type-post","status-publish","format-standard","has-post-thumbnail","hentry","category-679","category-junta-directiva","category-orientacion-psicoeducativa","tag-468"],"yoast_head":"<!-- This site is optimized with the Yoast SEO plugin v23.3 - https:\/\/yoast.com\/wordpress\/plugins\/seo\/ -->\n<title>El escritor Sergio Ocampo particip\u00f3 del Foro sobre su libro \u2018Es mejor no preguntar\u2019 - 2026<\/title>\n<meta name=\"robots\" content=\"noindex, follow, max-snippet:-1, max-image-preview:large, max-video-preview:-1\" \/>\n<meta property=\"og:locale\" content=\"de_DE\" \/>\n<meta property=\"og:type\" content=\"article\" \/>\n<meta property=\"og:title\" content=\"El escritor Sergio Ocampo particip\u00f3 del Foro sobre su libro \u2018Es mejor no preguntar\u2019 - 2026\" \/>\n<meta property=\"og:description\" content=\"creado\u00a0por Jos\u00e9 R\u00edos Mercado |\u202f17.10.2019\u00a0 \u00a0Con ocasi\u00f3n del Foro sobre su libro \u2018Es mejor no preguntar\u2019, el escritor Sergio Ocampo invit\u00f3 a los asistentes a implementar [\u2026]\" \/>\n<meta property=\"og:url\" content=\"https:\/\/ds-barranquilla.org\/de\/el-escritor-sergio-ocampo-participo-del-foro-sobre-su-libro-es-mejor-no-preguntar\/\" \/>\n<meta property=\"og:site_name\" content=\"Colegio Alem\u00e1n - Los Mejores Colegios de Colombia - Colegio Triling\u00fce\" \/>\n<meta property=\"article:publisher\" content=\"https:\/\/www.facebook.com\/ColegioAlemanBaq\/\" \/>\n<meta property=\"article:published_time\" content=\"2019-10-17T21:35:57+00:00\" \/>\n<meta property=\"article:modified_time\" content=\"2023-01-04T20:05:06+00:00\" \/>\n<meta property=\"og:image\" content=\"https:\/\/ds-barranquilla.org\/wp-content\/uploads\/2020\/08\/El-escritor-Sergio-Ocampo-particip\u00f3-del-Foro-sobre-su-libro-\u2018Es-mejor-no-preguntar\u2019.jpg\" \/>\n\t<meta property=\"og:image:width\" content=\"574\" \/>\n\t<meta property=\"og:image:height\" content=\"287\" \/>\n\t<meta property=\"og:image:type\" content=\"image\/jpeg\" \/>\n<meta name=\"author\" content=\"Comunicaciones Comunicaciones\" \/>\n<meta name=\"twitter:card\" content=\"summary_large_image\" \/>\n<meta name=\"twitter:creator\" content=\"@ColegioAlemanBq\" \/>\n<meta name=\"twitter:site\" content=\"@ColegioAlemanBq\" \/>\n<meta name=\"twitter:label1\" content=\"Verfasst von\" \/>\n\t<meta name=\"twitter:data1\" content=\"Comunicaciones Comunicaciones\" \/>\n\t<meta name=\"twitter:label2\" content=\"Gesch\u00e4tzte Lesezeit\" \/>\n\t<meta name=\"twitter:data2\" content=\"1\u00a0Minute\" \/>\n<script type=\"application\/ld+json\" class=\"yoast-schema-graph\">{\"@context\":\"https:\/\/schema.org\",\"@graph\":[{\"@type\":\"Article\",\"@id\":\"https:\/\/ds-barranquilla.org\/el-escritor-sergio-ocampo-participo-del-foro-sobre-su-libro-es-mejor-no-preguntar\/#article\",\"isPartOf\":{\"@id\":\"https:\/\/ds-barranquilla.org\/el-escritor-sergio-ocampo-participo-del-foro-sobre-su-libro-es-mejor-no-preguntar\/\"},\"author\":{\"name\":\"Comunicaciones Comunicaciones\",\"@id\":\"https:\/\/ds-barranquilla.org\/#\/schema\/person\/7bf8790ba89d3480e0551241ccdc8d36\"},\"headline\":\"El escritor Sergio Ocampo particip\u00f3 del Foro sobre su libro \u2018Es mejor no preguntar\u2019\",\"datePublished\":\"2019-10-17T21:35:57+00:00\",\"dateModified\":\"2023-01-04T20:05:06+00:00\",\"mainEntityOfPage\":{\"@id\":\"https:\/\/ds-barranquilla.org\/el-escritor-sergio-ocampo-participo-del-foro-sobre-su-libro-es-mejor-no-preguntar\/\"},\"wordCount\":275,\"commentCount\":0,\"publisher\":{\"@id\":\"https:\/\/ds-barranquilla.org\/#organization\"},\"image\":{\"@id\":\"https:\/\/ds-barranquilla.org\/el-escritor-sergio-ocampo-participo-del-foro-sobre-su-libro-es-mejor-no-preguntar\/#primaryimage\"},\"thumbnailUrl\":\"https:\/\/ds-barranquilla.org\/wp-content\/uploads\/2020\/08\/El-escritor-Sergio-Ocampo-particip\u00f3-del-Foro-sobre-su-libro-\u2018Es-mejor-no-preguntar\u2019.jpg\",\"keywords\":[\"2019\"],\"articleSection\":[\"2019\",\"Junta Directiva\",\"Orientaci\u00f3n Psicoeducativa\"],\"inLanguage\":\"de\",\"potentialAction\":[{\"@type\":\"CommentAction\",\"name\":\"Comment\",\"target\":[\"https:\/\/ds-barranquilla.org\/el-escritor-sergio-ocampo-participo-del-foro-sobre-su-libro-es-mejor-no-preguntar\/#respond\"]}]},{\"@type\":\"WebPage\",\"@id\":\"https:\/\/ds-barranquilla.org\/el-escritor-sergio-ocampo-participo-del-foro-sobre-su-libro-es-mejor-no-preguntar\/\",\"url\":\"https:\/\/ds-barranquilla.org\/el-escritor-sergio-ocampo-participo-del-foro-sobre-su-libro-es-mejor-no-preguntar\/\",\"name\":\"El escritor Sergio Ocampo particip\u00f3 del Foro sobre su libro \u2018Es mejor no preguntar\u2019 - 2026\",\"isPartOf\":{\"@id\":\"https:\/\/ds-barranquilla.org\/#website\"},\"primaryImageOfPage\":{\"@id\":\"https:\/\/ds-barranquilla.org\/el-escritor-sergio-ocampo-participo-del-foro-sobre-su-libro-es-mejor-no-preguntar\/#primaryimage\"},\"image\":{\"@id\":\"https:\/\/ds-barranquilla.org\/el-escritor-sergio-ocampo-participo-del-foro-sobre-su-libro-es-mejor-no-preguntar\/#primaryimage\"},\"thumbnailUrl\":\"https:\/\/ds-barranquilla.org\/wp-content\/uploads\/2020\/08\/El-escritor-Sergio-Ocampo-particip\u00f3-del-Foro-sobre-su-libro-\u2018Es-mejor-no-preguntar\u2019.jpg\",\"datePublished\":\"2019-10-17T21:35:57+00:00\",\"dateModified\":\"2023-01-04T20:05:06+00:00\",\"breadcrumb\":{\"@id\":\"https:\/\/ds-barranquilla.org\/el-escritor-sergio-ocampo-participo-del-foro-sobre-su-libro-es-mejor-no-preguntar\/#breadcrumb\"},\"inLanguage\":\"de\",\"potentialAction\":[{\"@type\":\"ReadAction\",\"target\":[\"https:\/\/ds-barranquilla.org\/el-escritor-sergio-ocampo-participo-del-foro-sobre-su-libro-es-mejor-no-preguntar\/\"]}]},{\"@type\":\"ImageObject\",\"inLanguage\":\"de\",\"@id\":\"https:\/\/ds-barranquilla.org\/el-escritor-sergio-ocampo-participo-del-foro-sobre-su-libro-es-mejor-no-preguntar\/#primaryimage\",\"url\":\"https:\/\/ds-barranquilla.org\/wp-content\/uploads\/2020\/08\/El-escritor-Sergio-Ocampo-particip\u00f3-del-Foro-sobre-su-libro-\u2018Es-mejor-no-preguntar\u2019.jpg\",\"contentUrl\":\"https:\/\/ds-barranquilla.org\/wp-content\/uploads\/2020\/08\/El-escritor-Sergio-Ocampo-particip\u00f3-del-Foro-sobre-su-libro-\u2018Es-mejor-no-preguntar\u2019.jpg\",\"width\":574,\"height\":287},{\"@type\":\"BreadcrumbList\",\"@id\":\"https:\/\/ds-barranquilla.org\/el-escritor-sergio-ocampo-participo-del-foro-sobre-su-libro-es-mejor-no-preguntar\/#breadcrumb\",\"itemListElement\":[{\"@type\":\"ListItem\",\"position\":1,\"name\":\"Portada\",\"item\":\"https:\/\/ds-barranquilla.org\/\"},{\"@type\":\"ListItem\",\"position\":2,\"name\":\"El escritor Sergio Ocampo particip\u00f3 del Foro sobre su libro \u2018Es mejor no preguntar\u2019\"}]},{\"@type\":\"WebSite\",\"@id\":\"https:\/\/ds-barranquilla.org\/#website\",\"url\":\"https:\/\/ds-barranquilla.org\/\",\"name\":\"Colegio Alem\u00e1n - Los Mejores Colegios de Colombia - Colegio Triling\u00fce\",\"description\":\"Colegio Alem\u00e1n  Barranquilla Colombia - Colegio Biling\u00fce - Triling\u00fce - El Mejor Colegio de Colombia\",\"publisher\":{\"@id\":\"https:\/\/ds-barranquilla.org\/#organization\"},\"potentialAction\":[{\"@type\":\"SearchAction\",\"target\":{\"@type\":\"EntryPoint\",\"urlTemplate\":\"https:\/\/ds-barranquilla.org\/?s={search_term_string}\"},\"query-input\":\"required name=search_term_string\"}],\"inLanguage\":\"de\"},{\"@type\":\"Organization\",\"@id\":\"https:\/\/ds-barranquilla.org\/#organization\",\"name\":\"Colegio Alem\u00e1n Barranquilla\",\"url\":\"https:\/\/ds-barranquilla.org\/\",\"logo\":{\"@type\":\"ImageObject\",\"inLanguage\":\"de\",\"@id\":\"https:\/\/ds-barranquilla.org\/#\/schema\/logo\/image\/\",\"url\":\"https:\/\/ds-barranquilla.org\/wp-content\/uploads\/2021\/05\/coleman_logo_2.png\",\"contentUrl\":\"https:\/\/ds-barranquilla.org\/wp-content\/uploads\/2021\/05\/coleman_logo_2.png\",\"width\":418,\"height\":307,\"caption\":\"Colegio Alem\u00e1n Barranquilla\"},\"image\":{\"@id\":\"https:\/\/ds-barranquilla.org\/#\/schema\/logo\/image\/\"},\"sameAs\":[\"https:\/\/www.facebook.com\/ColegioAlemanBaq\/\",\"https:\/\/x.com\/ColegioAlemanBq\",\"https:\/\/www.instagram.com\/colegioalemanbaq\/\",\"https:\/\/www.linkedin.com\/school\/deutsche-schule-barranquilla\/\",\"https:\/\/www.youtube.com\/channel\/UCOOGZQCVs6aYRqIWvSN5agQ\"]},{\"@type\":\"Person\",\"@id\":\"https:\/\/ds-barranquilla.org\/#\/schema\/person\/7bf8790ba89d3480e0551241ccdc8d36\",\"name\":\"Comunicaciones Comunicaciones\",\"image\":{\"@type\":\"ImageObject\",\"inLanguage\":\"de\",\"@id\":\"https:\/\/ds-barranquilla.org\/#\/schema\/person\/image\/\",\"url\":\"https:\/\/secure.gravatar.com\/avatar\/a66ba9484a4338d81d6bea750e595038?s=96&d=mm&r=g\",\"contentUrl\":\"https:\/\/secure.gravatar.com\/avatar\/a66ba9484a4338d81d6bea750e595038?s=96&d=mm&r=g\",\"caption\":\"Comunicaciones Comunicaciones\"}}]}<\/script>\n<!-- \/ Yoast SEO plugin. -->","yoast_head_json":{"title":"El escritor Sergio Ocampo particip\u00f3 del Foro sobre su libro \u2018Es mejor no preguntar\u2019 - 2026","robots":{"index":"noindex","follow":"follow","max-snippet":"max-snippet:-1","max-image-preview":"max-image-preview:large","max-video-preview":"max-video-preview:-1"},"og_locale":"de_DE","og_type":"article","og_title":"El escritor Sergio Ocampo particip\u00f3 del Foro sobre su libro \u2018Es mejor no preguntar\u2019 - 2026","og_description":"creado\u00a0por Jos\u00e9 R\u00edos Mercado |\u202f17.10.2019\u00a0 \u00a0Con ocasi\u00f3n del Foro sobre su libro \u2018Es mejor no preguntar\u2019, el escritor Sergio Ocampo invit\u00f3 a los asistentes a implementar [\u2026]","og_url":"https:\/\/ds-barranquilla.org\/de\/el-escritor-sergio-ocampo-participo-del-foro-sobre-su-libro-es-mejor-no-preguntar\/","og_site_name":"Colegio Alem\u00e1n - Los Mejores Colegios de Colombia - Colegio Triling\u00fce","article_publisher":"https:\/\/www.facebook.com\/ColegioAlemanBaq\/","article_published_time":"2019-10-17T21:35:57+00:00","article_modified_time":"2023-01-04T20:05:06+00:00","og_image":[{"width":574,"height":287,"url":"https:\/\/ds-barranquilla.org\/wp-content\/uploads\/2020\/08\/El-escritor-Sergio-Ocampo-particip\u00f3-del-Foro-sobre-su-libro-\u2018Es-mejor-no-preguntar\u2019.jpg","type":"image\/jpeg"}],"author":"Comunicaciones Comunicaciones","twitter_card":"summary_large_image","twitter_creator":"@ColegioAlemanBq","twitter_site":"@ColegioAlemanBq","twitter_misc":{"Verfasst von":"Comunicaciones Comunicaciones","Gesch\u00e4tzte Lesezeit":"1\u00a0Minute"},"schema":{"@context":"https:\/\/schema.org","@graph":[{"@type":"Article","@id":"https:\/\/ds-barranquilla.org\/el-escritor-sergio-ocampo-participo-del-foro-sobre-su-libro-es-mejor-no-preguntar\/#article","isPartOf":{"@id":"https:\/\/ds-barranquilla.org\/el-escritor-sergio-ocampo-participo-del-foro-sobre-su-libro-es-mejor-no-preguntar\/"},"author":{"name":"Comunicaciones Comunicaciones","@id":"https:\/\/ds-barranquilla.org\/#\/schema\/person\/7bf8790ba89d3480e0551241ccdc8d36"},"headline":"El escritor Sergio Ocampo particip\u00f3 del Foro sobre su libro \u2018Es mejor no preguntar\u2019","datePublished":"2019-10-17T21:35:57+00:00","dateModified":"2023-01-04T20:05:06+00:00","mainEntityOfPage":{"@id":"https:\/\/ds-barranquilla.org\/el-escritor-sergio-ocampo-participo-del-foro-sobre-su-libro-es-mejor-no-preguntar\/"},"wordCount":275,"commentCount":0,"publisher":{"@id":"https:\/\/ds-barranquilla.org\/#organization"},"image":{"@id":"https:\/\/ds-barranquilla.org\/el-escritor-sergio-ocampo-participo-del-foro-sobre-su-libro-es-mejor-no-preguntar\/#primaryimage"},"thumbnailUrl":"https:\/\/ds-barranquilla.org\/wp-content\/uploads\/2020\/08\/El-escritor-Sergio-Ocampo-particip\u00f3-del-Foro-sobre-su-libro-\u2018Es-mejor-no-preguntar\u2019.jpg","keywords":["2019"],"articleSection":["2019","Junta Directiva","Orientaci\u00f3n Psicoeducativa"],"inLanguage":"de","potentialAction":[{"@type":"CommentAction","name":"Comment","target":["https:\/\/ds-barranquilla.org\/el-escritor-sergio-ocampo-participo-del-foro-sobre-su-libro-es-mejor-no-preguntar\/#respond"]}]},{"@type":"WebPage","@id":"https:\/\/ds-barranquilla.org\/el-escritor-sergio-ocampo-participo-del-foro-sobre-su-libro-es-mejor-no-preguntar\/","url":"https:\/\/ds-barranquilla.org\/el-escritor-sergio-ocampo-participo-del-foro-sobre-su-libro-es-mejor-no-preguntar\/","name":"El escritor Sergio Ocampo particip\u00f3 del Foro sobre su libro \u2018Es mejor no preguntar\u2019 - 2026","isPartOf":{"@id":"https:\/\/ds-barranquilla.org\/#website"},"primaryImageOfPage":{"@id":"https:\/\/ds-barranquilla.org\/el-escritor-sergio-ocampo-participo-del-foro-sobre-su-libro-es-mejor-no-preguntar\/#primaryimage"},"image":{"@id":"https:\/\/ds-barranquilla.org\/el-escritor-sergio-ocampo-participo-del-foro-sobre-su-libro-es-mejor-no-preguntar\/#primaryimage"},"thumbnailUrl":"https:\/\/ds-barranquilla.org\/wp-content\/uploads\/2020\/08\/El-escritor-Sergio-Ocampo-particip\u00f3-del-Foro-sobre-su-libro-\u2018Es-mejor-no-preguntar\u2019.jpg","datePublished":"2019-10-17T21:35:57+00:00","dateModified":"2023-01-04T20:05:06+00:00","breadcrumb":{"@id":"https:\/\/ds-barranquilla.org\/el-escritor-sergio-ocampo-participo-del-foro-sobre-su-libro-es-mejor-no-preguntar\/#breadcrumb"},"inLanguage":"de","potentialAction":[{"@type":"ReadAction","target":["https:\/\/ds-barranquilla.org\/el-escritor-sergio-ocampo-participo-del-foro-sobre-su-libro-es-mejor-no-preguntar\/"]}]},{"@type":"ImageObject","inLanguage":"de","@id":"https:\/\/ds-barranquilla.org\/el-escritor-sergio-ocampo-participo-del-foro-sobre-su-libro-es-mejor-no-preguntar\/#primaryimage","url":"https:\/\/ds-barranquilla.org\/wp-content\/uploads\/2020\/08\/El-escritor-Sergio-Ocampo-particip\u00f3-del-Foro-sobre-su-libro-\u2018Es-mejor-no-preguntar\u2019.jpg","contentUrl":"https:\/\/ds-barranquilla.org\/wp-content\/uploads\/2020\/08\/El-escritor-Sergio-Ocampo-particip\u00f3-del-Foro-sobre-su-libro-\u2018Es-mejor-no-preguntar\u2019.jpg","width":574,"height":287},{"@type":"BreadcrumbList","@id":"https:\/\/ds-barranquilla.org\/el-escritor-sergio-ocampo-participo-del-foro-sobre-su-libro-es-mejor-no-preguntar\/#breadcrumb","itemListElement":[{"@type":"ListItem","position":1,"name":"Portada","item":"https:\/\/ds-barranquilla.org\/"},{"@type":"ListItem","position":2,"name":"El escritor Sergio Ocampo particip\u00f3 del Foro sobre su libro \u2018Es mejor no preguntar\u2019"}]},{"@type":"WebSite","@id":"https:\/\/ds-barranquilla.org\/#website","url":"https:\/\/ds-barranquilla.org\/","name":"Colegio Alem\u00e1n - Los Mejores Colegios de Colombia - Colegio Triling\u00fce","description":"Colegio Alem\u00e1n  Barranquilla Colombia - Colegio Biling\u00fce - Triling\u00fce - El Mejor Colegio de Colombia","publisher":{"@id":"https:\/\/ds-barranquilla.org\/#organization"},"potentialAction":[{"@type":"SearchAction","target":{"@type":"EntryPoint","urlTemplate":"https:\/\/ds-barranquilla.org\/?s={search_term_string}"},"query-input":"required name=search_term_string"}],"inLanguage":"de"},{"@type":"Organization","@id":"https:\/\/ds-barranquilla.org\/#organization","name":"Colegio Alem\u00e1n Barranquilla","url":"https:\/\/ds-barranquilla.org\/","logo":{"@type":"ImageObject","inLanguage":"de","@id":"https:\/\/ds-barranquilla.org\/#\/schema\/logo\/image\/","url":"https:\/\/ds-barranquilla.org\/wp-content\/uploads\/2021\/05\/coleman_logo_2.png","contentUrl":"https:\/\/ds-barranquilla.org\/wp-content\/uploads\/2021\/05\/coleman_logo_2.png","width":418,"height":307,"caption":"Colegio Alem\u00e1n Barranquilla"},"image":{"@id":"https:\/\/ds-barranquilla.org\/#\/schema\/logo\/image\/"},"sameAs":["https:\/\/www.facebook.com\/ColegioAlemanBaq\/","https:\/\/x.com\/ColegioAlemanBq","https:\/\/www.instagram.com\/colegioalemanbaq\/","https:\/\/www.linkedin.com\/school\/deutsche-schule-barranquilla\/","https:\/\/www.youtube.com\/channel\/UCOOGZQCVs6aYRqIWvSN5agQ"]},{"@type":"Person","@id":"https:\/\/ds-barranquilla.org\/#\/schema\/person\/7bf8790ba89d3480e0551241ccdc8d36","name":"Comunicaciones Comunicaciones","image":{"@type":"ImageObject","inLanguage":"de","@id":"https:\/\/ds-barranquilla.org\/#\/schema\/person\/image\/","url":"https:\/\/secure.gravatar.com\/avatar\/a66ba9484a4338d81d6bea750e595038?s=96&d=mm&r=g","contentUrl":"https:\/\/secure.gravatar.com\/avatar\/a66ba9484a4338d81d6bea750e595038?s=96&d=mm&r=g","caption":"Comunicaciones Comunicaciones"}}]}},"_links":{"self":[{"href":"https:\/\/ds-barranquilla.org\/de\/wp-json\/wp\/v2\/posts\/5898"}],"collection":[{"href":"https:\/\/ds-barranquilla.org\/de\/wp-json\/wp\/v2\/posts"}],"about":[{"href":"https:\/\/ds-barranquilla.org\/de\/wp-json\/wp\/v2\/types\/post"}],"author":[{"embeddable":true,"href":"https:\/\/ds-barranquilla.org\/de\/wp-json\/wp\/v2\/users\/16"}],"replies":[{"embeddable":true,"href":"https:\/\/ds-barranquilla.org\/de\/wp-json\/wp\/v2\/comments?post=5898"}],"version-history":[{"count":1,"href":"https:\/\/ds-barranquilla.org\/de\/wp-json\/wp\/v2\/posts\/5898\/revisions"}],"predecessor-version":[{"id":5901,"href":"https:\/\/ds-barranquilla.org\/de\/wp-json\/wp\/v2\/posts\/5898\/revisions\/5901"}],"wp:featuredmedia":[{"embeddable":true,"href":"https:\/\/ds-barranquilla.org\/de\/wp-json\/wp\/v2\/media\/5899"}],"wp:attachment":[{"href":"https:\/\/ds-barranquilla.org\/de\/wp-json\/wp\/v2\/media?parent=5898"}],"wp:term":[{"taxonomy":"category","embeddable":true,"href":"https:\/\/ds-barranquilla.org\/de\/wp-json\/wp\/v2\/categories?post=5898"},{"taxonomy":"post_tag","embeddable":true,"href":"https:\/\/ds-barranquilla.org\/de\/wp-json\/wp\/v2\/tags?post=5898"}],"curies":[{"name":"wp","href":"https:\/\/api.w.org\/{rel}","templated":true}]}}