{"id":5973,"date":"2019-10-09T11:37:03","date_gmt":"2019-10-09T16:37:03","guid":{"rendered":"https:\/\/ds-barranquilla.org\/?p=5973"},"modified":"2023-01-04T14:45:30","modified_gmt":"2023-01-04T19:45:30","slug":"colegio-aleman-de-barranquilla-inauguro-el-museo-de-la-scadta","status":"publish","type":"post","link":"https:\/\/ds-barranquilla.org\/de\/colegio-aleman-de-barranquilla-inauguro-el-museo-de-la-scadta\/","title":{"rendered":"Colegio Alem\u00e1n de Barranquilla inaugur\u00f3 el Museo de la Scadta"},"content":{"rendered":"<p><span data-contrast=\"none\">creado<\/span><span data-contrast=\"none\">\u00a0por Jos\u00e9 R\u00edos Mercado |\u202f09.10.2019<\/span><span data-ccp-props=\"{&quot;201341983&quot;:0,&quot;335559739&quot;:160,&quot;335559740&quot;:240}\">\u00a0<\/span><\/p>\n<p><span data-ccp-props=\"{&quot;201341983&quot;:0,&quot;335559739&quot;:160,&quot;335559740&quot;:240}\">\u00a0<\/span><span data-contrast=\"none\">En el marco de la conmemoraci\u00f3n de los 30 a\u00f1os de la ca\u00edda del Muro de Berl\u00edn, el Consulado de la Rep\u00fablica Federal de Alemania en Barranquilla, el Colegio Alem\u00e1n de Barranquilla y la Fundaci\u00f3n Colombo Alemana, invitaron a la sociedad barranquillera a la inauguraci\u00f3n del Museo de la\u00a0<\/span><span data-contrast=\"none\">Scadta<\/span><span data-contrast=\"none\">\u00a0(Sociedad Colombo-Alemana de Transportes A\u00e9reos) en las instalaciones de esta instituci\u00f3n educativa.<\/span><span data-ccp-props=\"{&quot;201341983&quot;:0,&quot;335559739&quot;:180,&quot;335559740&quot;:240}\">\u00a0<\/span><\/p>\n<p><span data-contrast=\"none\">El Gobernador del Atl\u00e1ntico, autoridades civiles y militares, representantes del \u00e1mbito cultural, miembros de la Junta Directiva del Colegio Alem\u00e1n y de la comunidad alemana, as\u00ed como medios de comunicaci\u00f3n, asistieron al evento desarrollado en el auditorio de nuestro colegio y que tuvo como invitados especiales al historiador Jaime Escobar, quien dict\u00f3 una conferencia sobre la aerol\u00ednea, y a la historiadora Myriam de\u00a0<\/span><span data-contrast=\"none\">Oeding<\/span><span data-contrast=\"none\">, quien present\u00f3 apartes de su libro \u2018<\/span><span data-contrast=\"none\">Scadta<\/span><span data-contrast=\"none\">: una utop\u00eda hecha realidad\u2019.<\/span><span data-ccp-props=\"{&quot;201341983&quot;:0,&quot;335559739&quot;:180,&quot;335559740&quot;:240}\">\u00a0<\/span><\/p>\n<p><span data-contrast=\"none\">La importancia de la\u00a0<\/span><span data-contrast=\"none\">Scadta<\/span><span data-contrast=\"none\">\u00a0(creada en 1919 en Barranquilla) y que en su momento, fue la segunda aerol\u00ednea a nivel mundial despu\u00e9s de la KLM holandesa, radica en el acercamiento que propici\u00f3 entre\u202fdos pueblos hermanos como lo son: el alem\u00e1n y el colombiano, adem\u00e1s del impulso que le dio al desarrollo de la capital del Atl\u00e1ntico en diferentes \u00e1mbitos.\u202fEsta iniciativa est\u00e1 enmarcada en las actividades realizadas por la Fundaci\u00f3n Colombo Alemana de Barranquilla orientadas a difundir la cultura y la lengua alemana en la ciudad.<\/span><span data-ccp-props=\"{&quot;201341983&quot;:0,&quot;335559739&quot;:180,&quot;335559740&quot;:240}\">\u00a0<\/span><\/p>","protected":false},"excerpt":{"rendered":"<p>creado\u00a0por Jos\u00e9 R\u00edos Mercado |\u202f09.10.2019\u00a0 \u00a0En el marco de la conmemoraci\u00f3n de los 30 a\u00f1os de la ca\u00edda del Muro de Berl\u00edn, el Consulado de la<span class=\"excerpt-hellip\"> [\u2026]<\/span><\/p>","protected":false},"author":16,"featured_media":5974,"comment_status":"open","ping_status":"open","sticky":false,"template":"","format":"standard","meta":{"_exactmetrics_skip_tracking":false,"_exactmetrics_sitenote_active":false,"_exactmetrics_sitenote_note":"","_exactmetrics_sitenote_category":0,"_joinchat":[],"footnotes":""},"categories":[679,703,707],"tags":[468],"class_list":["post-5973","post","type-post","status-publish","format-standard","has-post-thumbnail","hentry","category-679","category-junta-directiva","category-otras-noticias","tag-468"],"yoast_head":"<!-- This site is optimized with the Yoast SEO plugin v23.3 - https:\/\/yoast.com\/wordpress\/plugins\/seo\/ -->\n<title>Colegio Alem\u00e1n de Barranquilla inaugur\u00f3 el Museo de la Scadta - 2026<\/title>\n<meta name=\"robots\" content=\"noindex, follow, max-snippet:-1, max-image-preview:large, max-video-preview:-1\" \/>\n<meta property=\"og:locale\" content=\"de_DE\" \/>\n<meta property=\"og:type\" content=\"article\" \/>\n<meta property=\"og:title\" content=\"Colegio Alem\u00e1n de Barranquilla inaugur\u00f3 el Museo de la Scadta - 2026\" \/>\n<meta property=\"og:description\" content=\"creado\u00a0por Jos\u00e9 R\u00edos Mercado |\u202f09.10.2019\u00a0 \u00a0En el marco de la conmemoraci\u00f3n de los 30 a\u00f1os de la ca\u00edda del Muro de Berl\u00edn, el Consulado de la [\u2026]\" \/>\n<meta property=\"og:url\" content=\"https:\/\/ds-barranquilla.org\/de\/colegio-aleman-de-barranquilla-inauguro-el-museo-de-la-scadta\/\" \/>\n<meta property=\"og:site_name\" content=\"Colegio Alem\u00e1n - Los Mejores Colegios de Colombia - Colegio Triling\u00fce\" \/>\n<meta property=\"article:publisher\" content=\"https:\/\/www.facebook.com\/ColegioAlemanBaq\/\" \/>\n<meta property=\"article:published_time\" content=\"2019-10-09T16:37:03+00:00\" \/>\n<meta property=\"article:modified_time\" content=\"2023-01-04T19:45:30+00:00\" \/>\n<meta property=\"og:image\" content=\"https:\/\/ds-barranquilla.org\/wp-content\/uploads\/2020\/08\/Colegio-Alem\u00e1n-de-Barranquilla-inaugur\u00f3-el-Museo-de-la-Scadta.jpg\" \/>\n\t<meta property=\"og:image:width\" content=\"597\" \/>\n\t<meta property=\"og:image:height\" content=\"357\" \/>\n\t<meta property=\"og:image:type\" content=\"image\/jpeg\" \/>\n<meta name=\"author\" content=\"Comunicaciones Comunicaciones\" \/>\n<meta name=\"twitter:card\" content=\"summary_large_image\" \/>\n<meta name=\"twitter:creator\" content=\"@ColegioAlemanBq\" \/>\n<meta name=\"twitter:site\" content=\"@ColegioAlemanBq\" \/>\n<meta name=\"twitter:label1\" content=\"Verfasst von\" \/>\n\t<meta name=\"twitter:data1\" content=\"Comunicaciones Comunicaciones\" \/>\n\t<meta name=\"twitter:label2\" content=\"Gesch\u00e4tzte Lesezeit\" \/>\n\t<meta name=\"twitter:data2\" content=\"1\u00a0Minute\" \/>\n<script type=\"application\/ld+json\" class=\"yoast-schema-graph\">{\"@context\":\"https:\/\/schema.org\",\"@graph\":[{\"@type\":\"Article\",\"@id\":\"https:\/\/ds-barranquilla.org\/colegio-aleman-de-barranquilla-inauguro-el-museo-de-la-scadta\/#article\",\"isPartOf\":{\"@id\":\"https:\/\/ds-barranquilla.org\/colegio-aleman-de-barranquilla-inauguro-el-museo-de-la-scadta\/\"},\"author\":{\"name\":\"Comunicaciones Comunicaciones\",\"@id\":\"https:\/\/ds-barranquilla.org\/#\/schema\/person\/7bf8790ba89d3480e0551241ccdc8d36\"},\"headline\":\"Colegio Alem\u00e1n de Barranquilla inaugur\u00f3 el Museo de la Scadta\",\"datePublished\":\"2019-10-09T16:37:03+00:00\",\"dateModified\":\"2023-01-04T19:45:30+00:00\",\"mainEntityOfPage\":{\"@id\":\"https:\/\/ds-barranquilla.org\/colegio-aleman-de-barranquilla-inauguro-el-museo-de-la-scadta\/\"},\"wordCount\":261,\"commentCount\":0,\"publisher\":{\"@id\":\"https:\/\/ds-barranquilla.org\/#organization\"},\"image\":{\"@id\":\"https:\/\/ds-barranquilla.org\/colegio-aleman-de-barranquilla-inauguro-el-museo-de-la-scadta\/#primaryimage\"},\"thumbnailUrl\":\"https:\/\/ds-barranquilla.org\/wp-content\/uploads\/2020\/08\/Colegio-Alem\u00e1n-de-Barranquilla-inaugur\u00f3-el-Museo-de-la-Scadta.jpg\",\"keywords\":[\"2019\"],\"articleSection\":[\"2019\",\"Junta Directiva\",\"Otras noticias\"],\"inLanguage\":\"de\",\"potentialAction\":[{\"@type\":\"CommentAction\",\"name\":\"Comment\",\"target\":[\"https:\/\/ds-barranquilla.org\/colegio-aleman-de-barranquilla-inauguro-el-museo-de-la-scadta\/#respond\"]}]},{\"@type\":\"WebPage\",\"@id\":\"https:\/\/ds-barranquilla.org\/colegio-aleman-de-barranquilla-inauguro-el-museo-de-la-scadta\/\",\"url\":\"https:\/\/ds-barranquilla.org\/colegio-aleman-de-barranquilla-inauguro-el-museo-de-la-scadta\/\",\"name\":\"Colegio Alem\u00e1n de Barranquilla inaugur\u00f3 el Museo de la Scadta - 2026\",\"isPartOf\":{\"@id\":\"https:\/\/ds-barranquilla.org\/#website\"},\"primaryImageOfPage\":{\"@id\":\"https:\/\/ds-barranquilla.org\/colegio-aleman-de-barranquilla-inauguro-el-museo-de-la-scadta\/#primaryimage\"},\"image\":{\"@id\":\"https:\/\/ds-barranquilla.org\/colegio-aleman-de-barranquilla-inauguro-el-museo-de-la-scadta\/#primaryimage\"},\"thumbnailUrl\":\"https:\/\/ds-barranquilla.org\/wp-content\/uploads\/2020\/08\/Colegio-Alem\u00e1n-de-Barranquilla-inaugur\u00f3-el-Museo-de-la-Scadta.jpg\",\"datePublished\":\"2019-10-09T16:37:03+00:00\",\"dateModified\":\"2023-01-04T19:45:30+00:00\",\"breadcrumb\":{\"@id\":\"https:\/\/ds-barranquilla.org\/colegio-aleman-de-barranquilla-inauguro-el-museo-de-la-scadta\/#breadcrumb\"},\"inLanguage\":\"de\",\"potentialAction\":[{\"@type\":\"ReadAction\",\"target\":[\"https:\/\/ds-barranquilla.org\/colegio-aleman-de-barranquilla-inauguro-el-museo-de-la-scadta\/\"]}]},{\"@type\":\"ImageObject\",\"inLanguage\":\"de\",\"@id\":\"https:\/\/ds-barranquilla.org\/colegio-aleman-de-barranquilla-inauguro-el-museo-de-la-scadta\/#primaryimage\",\"url\":\"https:\/\/ds-barranquilla.org\/wp-content\/uploads\/2020\/08\/Colegio-Alem\u00e1n-de-Barranquilla-inaugur\u00f3-el-Museo-de-la-Scadta.jpg\",\"contentUrl\":\"https:\/\/ds-barranquilla.org\/wp-content\/uploads\/2020\/08\/Colegio-Alem\u00e1n-de-Barranquilla-inaugur\u00f3-el-Museo-de-la-Scadta.jpg\",\"width\":597,\"height\":357},{\"@type\":\"BreadcrumbList\",\"@id\":\"https:\/\/ds-barranquilla.org\/colegio-aleman-de-barranquilla-inauguro-el-museo-de-la-scadta\/#breadcrumb\",\"itemListElement\":[{\"@type\":\"ListItem\",\"position\":1,\"name\":\"Portada\",\"item\":\"https:\/\/ds-barranquilla.org\/\"},{\"@type\":\"ListItem\",\"position\":2,\"name\":\"Colegio Alem\u00e1n de Barranquilla inaugur\u00f3 el Museo de la Scadta\"}]},{\"@type\":\"WebSite\",\"@id\":\"https:\/\/ds-barranquilla.org\/#website\",\"url\":\"https:\/\/ds-barranquilla.org\/\",\"name\":\"Colegio Alem\u00e1n - Los Mejores Colegios de Colombia - Colegio Triling\u00fce\",\"description\":\"Colegio Alem\u00e1n  Barranquilla Colombia - Colegio Biling\u00fce - Triling\u00fce - El Mejor Colegio de Colombia\",\"publisher\":{\"@id\":\"https:\/\/ds-barranquilla.org\/#organization\"},\"potentialAction\":[{\"@type\":\"SearchAction\",\"target\":{\"@type\":\"EntryPoint\",\"urlTemplate\":\"https:\/\/ds-barranquilla.org\/?s={search_term_string}\"},\"query-input\":\"required name=search_term_string\"}],\"inLanguage\":\"de\"},{\"@type\":\"Organization\",\"@id\":\"https:\/\/ds-barranquilla.org\/#organization\",\"name\":\"Colegio Alem\u00e1n Barranquilla\",\"url\":\"https:\/\/ds-barranquilla.org\/\",\"logo\":{\"@type\":\"ImageObject\",\"inLanguage\":\"de\",\"@id\":\"https:\/\/ds-barranquilla.org\/#\/schema\/logo\/image\/\",\"url\":\"https:\/\/ds-barranquilla.org\/wp-content\/uploads\/2021\/05\/coleman_logo_2.png\",\"contentUrl\":\"https:\/\/ds-barranquilla.org\/wp-content\/uploads\/2021\/05\/coleman_logo_2.png\",\"width\":418,\"height\":307,\"caption\":\"Colegio Alem\u00e1n Barranquilla\"},\"image\":{\"@id\":\"https:\/\/ds-barranquilla.org\/#\/schema\/logo\/image\/\"},\"sameAs\":[\"https:\/\/www.facebook.com\/ColegioAlemanBaq\/\",\"https:\/\/x.com\/ColegioAlemanBq\",\"https:\/\/www.instagram.com\/colegioalemanbaq\/\",\"https:\/\/www.linkedin.com\/school\/deutsche-schule-barranquilla\/\",\"https:\/\/www.youtube.com\/channel\/UCOOGZQCVs6aYRqIWvSN5agQ\"]},{\"@type\":\"Person\",\"@id\":\"https:\/\/ds-barranquilla.org\/#\/schema\/person\/7bf8790ba89d3480e0551241ccdc8d36\",\"name\":\"Comunicaciones Comunicaciones\",\"image\":{\"@type\":\"ImageObject\",\"inLanguage\":\"de\",\"@id\":\"https:\/\/ds-barranquilla.org\/#\/schema\/person\/image\/\",\"url\":\"https:\/\/secure.gravatar.com\/avatar\/a66ba9484a4338d81d6bea750e595038?s=96&d=mm&r=g\",\"contentUrl\":\"https:\/\/secure.gravatar.com\/avatar\/a66ba9484a4338d81d6bea750e595038?s=96&d=mm&r=g\",\"caption\":\"Comunicaciones Comunicaciones\"}}]}<\/script>\n<!-- \/ Yoast SEO plugin. -->","yoast_head_json":{"title":"Colegio Alem\u00e1n de Barranquilla inaugur\u00f3 el Museo de la Scadta - 2026","robots":{"index":"noindex","follow":"follow","max-snippet":"max-snippet:-1","max-image-preview":"max-image-preview:large","max-video-preview":"max-video-preview:-1"},"og_locale":"de_DE","og_type":"article","og_title":"Colegio Alem\u00e1n de Barranquilla inaugur\u00f3 el Museo de la Scadta - 2026","og_description":"creado\u00a0por Jos\u00e9 R\u00edos Mercado |\u202f09.10.2019\u00a0 \u00a0En el marco de la conmemoraci\u00f3n de los 30 a\u00f1os de la ca\u00edda del Muro de Berl\u00edn, el Consulado de la [\u2026]","og_url":"https:\/\/ds-barranquilla.org\/de\/colegio-aleman-de-barranquilla-inauguro-el-museo-de-la-scadta\/","og_site_name":"Colegio Alem\u00e1n - Los Mejores Colegios de Colombia - Colegio Triling\u00fce","article_publisher":"https:\/\/www.facebook.com\/ColegioAlemanBaq\/","article_published_time":"2019-10-09T16:37:03+00:00","article_modified_time":"2023-01-04T19:45:30+00:00","og_image":[{"width":597,"height":357,"url":"https:\/\/ds-barranquilla.org\/wp-content\/uploads\/2020\/08\/Colegio-Alem\u00e1n-de-Barranquilla-inaugur\u00f3-el-Museo-de-la-Scadta.jpg","type":"image\/jpeg"}],"author":"Comunicaciones Comunicaciones","twitter_card":"summary_large_image","twitter_creator":"@ColegioAlemanBq","twitter_site":"@ColegioAlemanBq","twitter_misc":{"Verfasst von":"Comunicaciones Comunicaciones","Gesch\u00e4tzte Lesezeit":"1\u00a0Minute"},"schema":{"@context":"https:\/\/schema.org","@graph":[{"@type":"Article","@id":"https:\/\/ds-barranquilla.org\/colegio-aleman-de-barranquilla-inauguro-el-museo-de-la-scadta\/#article","isPartOf":{"@id":"https:\/\/ds-barranquilla.org\/colegio-aleman-de-barranquilla-inauguro-el-museo-de-la-scadta\/"},"author":{"name":"Comunicaciones Comunicaciones","@id":"https:\/\/ds-barranquilla.org\/#\/schema\/person\/7bf8790ba89d3480e0551241ccdc8d36"},"headline":"Colegio Alem\u00e1n de Barranquilla inaugur\u00f3 el Museo de la Scadta","datePublished":"2019-10-09T16:37:03+00:00","dateModified":"2023-01-04T19:45:30+00:00","mainEntityOfPage":{"@id":"https:\/\/ds-barranquilla.org\/colegio-aleman-de-barranquilla-inauguro-el-museo-de-la-scadta\/"},"wordCount":261,"commentCount":0,"publisher":{"@id":"https:\/\/ds-barranquilla.org\/#organization"},"image":{"@id":"https:\/\/ds-barranquilla.org\/colegio-aleman-de-barranquilla-inauguro-el-museo-de-la-scadta\/#primaryimage"},"thumbnailUrl":"https:\/\/ds-barranquilla.org\/wp-content\/uploads\/2020\/08\/Colegio-Alem\u00e1n-de-Barranquilla-inaugur\u00f3-el-Museo-de-la-Scadta.jpg","keywords":["2019"],"articleSection":["2019","Junta Directiva","Otras noticias"],"inLanguage":"de","potentialAction":[{"@type":"CommentAction","name":"Comment","target":["https:\/\/ds-barranquilla.org\/colegio-aleman-de-barranquilla-inauguro-el-museo-de-la-scadta\/#respond"]}]},{"@type":"WebPage","@id":"https:\/\/ds-barranquilla.org\/colegio-aleman-de-barranquilla-inauguro-el-museo-de-la-scadta\/","url":"https:\/\/ds-barranquilla.org\/colegio-aleman-de-barranquilla-inauguro-el-museo-de-la-scadta\/","name":"Colegio Alem\u00e1n de Barranquilla inaugur\u00f3 el Museo de la Scadta - 2026","isPartOf":{"@id":"https:\/\/ds-barranquilla.org\/#website"},"primaryImageOfPage":{"@id":"https:\/\/ds-barranquilla.org\/colegio-aleman-de-barranquilla-inauguro-el-museo-de-la-scadta\/#primaryimage"},"image":{"@id":"https:\/\/ds-barranquilla.org\/colegio-aleman-de-barranquilla-inauguro-el-museo-de-la-scadta\/#primaryimage"},"thumbnailUrl":"https:\/\/ds-barranquilla.org\/wp-content\/uploads\/2020\/08\/Colegio-Alem\u00e1n-de-Barranquilla-inaugur\u00f3-el-Museo-de-la-Scadta.jpg","datePublished":"2019-10-09T16:37:03+00:00","dateModified":"2023-01-04T19:45:30+00:00","breadcrumb":{"@id":"https:\/\/ds-barranquilla.org\/colegio-aleman-de-barranquilla-inauguro-el-museo-de-la-scadta\/#breadcrumb"},"inLanguage":"de","potentialAction":[{"@type":"ReadAction","target":["https:\/\/ds-barranquilla.org\/colegio-aleman-de-barranquilla-inauguro-el-museo-de-la-scadta\/"]}]},{"@type":"ImageObject","inLanguage":"de","@id":"https:\/\/ds-barranquilla.org\/colegio-aleman-de-barranquilla-inauguro-el-museo-de-la-scadta\/#primaryimage","url":"https:\/\/ds-barranquilla.org\/wp-content\/uploads\/2020\/08\/Colegio-Alem\u00e1n-de-Barranquilla-inaugur\u00f3-el-Museo-de-la-Scadta.jpg","contentUrl":"https:\/\/ds-barranquilla.org\/wp-content\/uploads\/2020\/08\/Colegio-Alem\u00e1n-de-Barranquilla-inaugur\u00f3-el-Museo-de-la-Scadta.jpg","width":597,"height":357},{"@type":"BreadcrumbList","@id":"https:\/\/ds-barranquilla.org\/colegio-aleman-de-barranquilla-inauguro-el-museo-de-la-scadta\/#breadcrumb","itemListElement":[{"@type":"ListItem","position":1,"name":"Portada","item":"https:\/\/ds-barranquilla.org\/"},{"@type":"ListItem","position":2,"name":"Colegio Alem\u00e1n de Barranquilla inaugur\u00f3 el Museo de la Scadta"}]},{"@type":"WebSite","@id":"https:\/\/ds-barranquilla.org\/#website","url":"https:\/\/ds-barranquilla.org\/","name":"Colegio Alem\u00e1n - Los Mejores Colegios de Colombia - Colegio Triling\u00fce","description":"Colegio Alem\u00e1n  Barranquilla Colombia - Colegio Biling\u00fce - Triling\u00fce - El Mejor Colegio de Colombia","publisher":{"@id":"https:\/\/ds-barranquilla.org\/#organization"},"potentialAction":[{"@type":"SearchAction","target":{"@type":"EntryPoint","urlTemplate":"https:\/\/ds-barranquilla.org\/?s={search_term_string}"},"query-input":"required name=search_term_string"}],"inLanguage":"de"},{"@type":"Organization","@id":"https:\/\/ds-barranquilla.org\/#organization","name":"Colegio Alem\u00e1n Barranquilla","url":"https:\/\/ds-barranquilla.org\/","logo":{"@type":"ImageObject","inLanguage":"de","@id":"https:\/\/ds-barranquilla.org\/#\/schema\/logo\/image\/","url":"https:\/\/ds-barranquilla.org\/wp-content\/uploads\/2021\/05\/coleman_logo_2.png","contentUrl":"https:\/\/ds-barranquilla.org\/wp-content\/uploads\/2021\/05\/coleman_logo_2.png","width":418,"height":307,"caption":"Colegio Alem\u00e1n Barranquilla"},"image":{"@id":"https:\/\/ds-barranquilla.org\/#\/schema\/logo\/image\/"},"sameAs":["https:\/\/www.facebook.com\/ColegioAlemanBaq\/","https:\/\/x.com\/ColegioAlemanBq","https:\/\/www.instagram.com\/colegioalemanbaq\/","https:\/\/www.linkedin.com\/school\/deutsche-schule-barranquilla\/","https:\/\/www.youtube.com\/channel\/UCOOGZQCVs6aYRqIWvSN5agQ"]},{"@type":"Person","@id":"https:\/\/ds-barranquilla.org\/#\/schema\/person\/7bf8790ba89d3480e0551241ccdc8d36","name":"Comunicaciones Comunicaciones","image":{"@type":"ImageObject","inLanguage":"de","@id":"https:\/\/ds-barranquilla.org\/#\/schema\/person\/image\/","url":"https:\/\/secure.gravatar.com\/avatar\/a66ba9484a4338d81d6bea750e595038?s=96&d=mm&r=g","contentUrl":"https:\/\/secure.gravatar.com\/avatar\/a66ba9484a4338d81d6bea750e595038?s=96&d=mm&r=g","caption":"Comunicaciones Comunicaciones"}}]}},"_links":{"self":[{"href":"https:\/\/ds-barranquilla.org\/de\/wp-json\/wp\/v2\/posts\/5973"}],"collection":[{"href":"https:\/\/ds-barranquilla.org\/de\/wp-json\/wp\/v2\/posts"}],"about":[{"href":"https:\/\/ds-barranquilla.org\/de\/wp-json\/wp\/v2\/types\/post"}],"author":[{"embeddable":true,"href":"https:\/\/ds-barranquilla.org\/de\/wp-json\/wp\/v2\/users\/16"}],"replies":[{"embeddable":true,"href":"https:\/\/ds-barranquilla.org\/de\/wp-json\/wp\/v2\/comments?post=5973"}],"version-history":[{"count":1,"href":"https:\/\/ds-barranquilla.org\/de\/wp-json\/wp\/v2\/posts\/5973\/revisions"}],"predecessor-version":[{"id":5975,"href":"https:\/\/ds-barranquilla.org\/de\/wp-json\/wp\/v2\/posts\/5973\/revisions\/5975"}],"wp:featuredmedia":[{"embeddable":true,"href":"https:\/\/ds-barranquilla.org\/de\/wp-json\/wp\/v2\/media\/5974"}],"wp:attachment":[{"href":"https:\/\/ds-barranquilla.org\/de\/wp-json\/wp\/v2\/media?parent=5973"}],"wp:term":[{"taxonomy":"category","embeddable":true,"href":"https:\/\/ds-barranquilla.org\/de\/wp-json\/wp\/v2\/categories?post=5973"},{"taxonomy":"post_tag","embeddable":true,"href":"https:\/\/ds-barranquilla.org\/de\/wp-json\/wp\/v2\/tags?post=5973"}],"curies":[{"name":"wp","href":"https:\/\/api.w.org\/{rel}","templated":true}]}}