{"id":5982,"date":"2019-10-09T11:52:10","date_gmt":"2019-10-09T16:52:10","guid":{"rendered":"https:\/\/ds-barranquilla.org\/?p=5982"},"modified":"2023-01-04T14:44:23","modified_gmt":"2023-01-04T19:44:23","slug":"la-orquesta-sinfonica-y-el-coro-juvenil-brillaron-durante-el-homenaje-alemania-frente-al-rio","status":"publish","type":"post","link":"https:\/\/ds-barranquilla.org\/de\/la-orquesta-sinfonica-y-el-coro-juvenil-brillaron-durante-el-homenaje-alemania-frente-al-rio\/","title":{"rendered":"La Orquesta Sinf\u00f3nica y el Coro Juvenil brillaron durante el homenaje \u2018Alemania frente al r\u00edo\u2019"},"content":{"rendered":"<p><span data-contrast=\"none\">\u202f<\/span><span data-contrast=\"none\">creado<\/span><span data-contrast=\"none\">\u00a0por Jos\u00e9 R\u00edos Mercado |\u202f09.10.2019<\/span><span data-ccp-props=\"{&quot;201341983&quot;:0,&quot;335559739&quot;:160,&quot;335559740&quot;:240}\">\u00a0<\/span><\/p>\n<p><span data-ccp-props=\"{&quot;201341983&quot;:0,&quot;335559739&quot;:160,&quot;335559740&quot;:240}\">\u00a0<\/span><span data-contrast=\"none\">La Orquesta Sinf\u00f3nica Juvenil, dirigida por el profesor Cristian Ferrer, el Coro Juvenil y m\u00e1s de 150 estudiantes de nuestro colegio, con el acompa\u00f1amiento del profesor Jos\u00e9 Mej\u00eda, rindieron un homenaje al pa\u00eds europeo denominado \u2018Alemania frente al r\u00edo\u2019, en el marco de la conmemoraci\u00f3n de los 30 a\u00f1os de la ca\u00edda del Muro de Berl\u00edn.<\/span><span data-ccp-props=\"{&quot;201341983&quot;:0,&quot;335559739&quot;:180,&quot;335559740&quot;:240}\">\u00a0<\/span><\/p>\n<p><span data-contrast=\"none\">Durante el evento -efectuado en el Gran Malec\u00f3n- la Secretar\u00eda Distrital de Cultura hizo un reconocimiento a la colonia alemana residente en Barranquilla por su invaluable aporte al desarrollo de esta ciudad. Esta iniciativa est\u00e1 enmarcada en las actividades realizadas por la Fundaci\u00f3n Colombo Alemana de Barranquilla orientadas a difundir la cultura y la lengua alemana en la capital del Atl\u00e1ntico.<\/span><span data-ccp-props=\"{&quot;201341983&quot;:0,&quot;335559739&quot;:180,&quot;335559740&quot;:240}\">\u00a0<\/span><\/p>","protected":false},"excerpt":{"rendered":"<p>\u202fcreado\u00a0por Jos\u00e9 R\u00edos Mercado |\u202f09.10.2019\u00a0 \u00a0La Orquesta Sinf\u00f3nica Juvenil, dirigida por el profesor Cristian Ferrer, el Coro Juvenil y m\u00e1s de 150 estudiantes de nuestro colegio,<span class=\"excerpt-hellip\"> [\u2026]<\/span><\/p>","protected":false},"author":16,"featured_media":5983,"comment_status":"open","ping_status":"open","sticky":false,"template":"","format":"standard","meta":{"_exactmetrics_skip_tracking":false,"_exactmetrics_sitenote_active":false,"_exactmetrics_sitenote_note":"","_exactmetrics_sitenote_category":0,"_joinchat":[],"footnotes":""},"categories":[679,685,701,674,706],"tags":[468,432,437],"class_list":["post-5982","post","type-post","status-publish","format-standard","has-post-thumbnail","hentry","category-679","category-area-de-artes-visuales-e-interpretativas","category-coro-infantil-y-juvenil","category-lengua-y-cultura-alemana","category-orquesta-sinfonica-juvenil","tag-468","tag-aleman","tag-musica"],"yoast_head":"<!-- This site is optimized with the Yoast SEO plugin v23.3 - https:\/\/yoast.com\/wordpress\/plugins\/seo\/ -->\n<title>La Orquesta Sinf\u00f3nica y el Coro Juvenil brillaron durante el homenaje \u2018Alemania frente al r\u00edo\u2019 - 2026<\/title>\n<meta name=\"robots\" content=\"noindex, follow, max-snippet:-1, max-image-preview:large, max-video-preview:-1\" \/>\n<meta property=\"og:locale\" content=\"de_DE\" \/>\n<meta property=\"og:type\" content=\"article\" \/>\n<meta property=\"og:title\" content=\"La Orquesta Sinf\u00f3nica y el Coro Juvenil brillaron durante el homenaje \u2018Alemania frente al r\u00edo\u2019 - 2026\" \/>\n<meta property=\"og:description\" content=\"\u202fcreado\u00a0por Jos\u00e9 R\u00edos Mercado |\u202f09.10.2019\u00a0 \u00a0La Orquesta Sinf\u00f3nica Juvenil, dirigida por el profesor Cristian Ferrer, el Coro Juvenil y m\u00e1s de 150 estudiantes de nuestro colegio, [\u2026]\" \/>\n<meta property=\"og:url\" content=\"https:\/\/ds-barranquilla.org\/de\/la-orquesta-sinfonica-y-el-coro-juvenil-brillaron-durante-el-homenaje-alemania-frente-al-rio\/\" \/>\n<meta property=\"og:site_name\" content=\"Colegio Alem\u00e1n - Los Mejores Colegios de Colombia - Colegio Triling\u00fce\" \/>\n<meta property=\"article:publisher\" content=\"https:\/\/www.facebook.com\/ColegioAlemanBaq\/\" \/>\n<meta property=\"article:published_time\" content=\"2019-10-09T16:52:10+00:00\" \/>\n<meta property=\"article:modified_time\" content=\"2023-01-04T19:44:23+00:00\" \/>\n<meta property=\"og:image\" content=\"https:\/\/ds-barranquilla.org\/wp-content\/uploads\/2020\/08\/La-Orquesta-Sinf\u00f3nica-y-el-Coro-Juvenil-brillaron-durante-el-homenaje-\u2018Alemania-frente-al-r\u00edo\u2019.jpg\" \/>\n\t<meta property=\"og:image:width\" content=\"598\" \/>\n\t<meta property=\"og:image:height\" content=\"409\" \/>\n\t<meta property=\"og:image:type\" content=\"image\/jpeg\" \/>\n<meta name=\"author\" content=\"Comunicaciones Comunicaciones\" \/>\n<meta name=\"twitter:card\" content=\"summary_large_image\" \/>\n<meta name=\"twitter:creator\" content=\"@ColegioAlemanBq\" \/>\n<meta name=\"twitter:site\" content=\"@ColegioAlemanBq\" \/>\n<meta name=\"twitter:label1\" content=\"Verfasst von\" \/>\n\t<meta name=\"twitter:data1\" content=\"Comunicaciones Comunicaciones\" \/>\n\t<meta name=\"twitter:label2\" content=\"Gesch\u00e4tzte Lesezeit\" \/>\n\t<meta name=\"twitter:data2\" content=\"1\u00a0Minute\" \/>\n<script type=\"application\/ld+json\" class=\"yoast-schema-graph\">{\"@context\":\"https:\/\/schema.org\",\"@graph\":[{\"@type\":\"Article\",\"@id\":\"https:\/\/ds-barranquilla.org\/de\/la-orquesta-sinfonica-y-el-coro-juvenil-brillaron-durante-el-homenaje-alemania-frente-al-rio\/#article\",\"isPartOf\":{\"@id\":\"https:\/\/ds-barranquilla.org\/de\/la-orquesta-sinfonica-y-el-coro-juvenil-brillaron-durante-el-homenaje-alemania-frente-al-rio\/\"},\"author\":{\"name\":\"Comunicaciones Comunicaciones\",\"@id\":\"https:\/\/ds-barranquilla.org\/#\/schema\/person\/7bf8790ba89d3480e0551241ccdc8d36\"},\"headline\":\"La Orquesta Sinf\u00f3nica y el Coro Juvenil brillaron durante el homenaje \u2018Alemania frente al r\u00edo\u2019\",\"datePublished\":\"2019-10-09T16:52:10+00:00\",\"dateModified\":\"2023-01-04T19:44:23+00:00\",\"mainEntityOfPage\":{\"@id\":\"https:\/\/ds-barranquilla.org\/de\/la-orquesta-sinfonica-y-el-coro-juvenil-brillaron-durante-el-homenaje-alemania-frente-al-rio\/\"},\"wordCount\":152,\"commentCount\":0,\"publisher\":{\"@id\":\"https:\/\/ds-barranquilla.org\/#organization\"},\"image\":{\"@id\":\"https:\/\/ds-barranquilla.org\/de\/la-orquesta-sinfonica-y-el-coro-juvenil-brillaron-durante-el-homenaje-alemania-frente-al-rio\/#primaryimage\"},\"thumbnailUrl\":\"https:\/\/ds-barranquilla.org\/wp-content\/uploads\/2020\/08\/La-Orquesta-Sinf\u00f3nica-y-el-Coro-Juvenil-brillaron-durante-el-homenaje-\u2018Alemania-frente-al-r\u00edo\u2019.jpg\",\"keywords\":[\"2019\",\"Alem\u00e1n\",\"M\u00fasica\"],\"articleSection\":[\"2019\",\"\u00c1rea de Artes Visuales e Interpretativas\",\"Coro Infantil y Juvenil\",\"Lengua y Cultura Alemana\",\"Orquesta Sinf\u00f3nica Juvenil\"],\"inLanguage\":\"de\",\"potentialAction\":[{\"@type\":\"CommentAction\",\"name\":\"Comment\",\"target\":[\"https:\/\/ds-barranquilla.org\/de\/la-orquesta-sinfonica-y-el-coro-juvenil-brillaron-durante-el-homenaje-alemania-frente-al-rio\/#respond\"]}]},{\"@type\":\"WebPage\",\"@id\":\"https:\/\/ds-barranquilla.org\/de\/la-orquesta-sinfonica-y-el-coro-juvenil-brillaron-durante-el-homenaje-alemania-frente-al-rio\/\",\"url\":\"https:\/\/ds-barranquilla.org\/de\/la-orquesta-sinfonica-y-el-coro-juvenil-brillaron-durante-el-homenaje-alemania-frente-al-rio\/\",\"name\":\"La Orquesta Sinf\u00f3nica y el Coro Juvenil brillaron durante el homenaje \u2018Alemania frente al r\u00edo\u2019 - 2026\",\"isPartOf\":{\"@id\":\"https:\/\/ds-barranquilla.org\/#website\"},\"primaryImageOfPage\":{\"@id\":\"https:\/\/ds-barranquilla.org\/de\/la-orquesta-sinfonica-y-el-coro-juvenil-brillaron-durante-el-homenaje-alemania-frente-al-rio\/#primaryimage\"},\"image\":{\"@id\":\"https:\/\/ds-barranquilla.org\/de\/la-orquesta-sinfonica-y-el-coro-juvenil-brillaron-durante-el-homenaje-alemania-frente-al-rio\/#primaryimage\"},\"thumbnailUrl\":\"https:\/\/ds-barranquilla.org\/wp-content\/uploads\/2020\/08\/La-Orquesta-Sinf\u00f3nica-y-el-Coro-Juvenil-brillaron-durante-el-homenaje-\u2018Alemania-frente-al-r\u00edo\u2019.jpg\",\"datePublished\":\"2019-10-09T16:52:10+00:00\",\"dateModified\":\"2023-01-04T19:44:23+00:00\",\"breadcrumb\":{\"@id\":\"https:\/\/ds-barranquilla.org\/de\/la-orquesta-sinfonica-y-el-coro-juvenil-brillaron-durante-el-homenaje-alemania-frente-al-rio\/#breadcrumb\"},\"inLanguage\":\"de\",\"potentialAction\":[{\"@type\":\"ReadAction\",\"target\":[\"https:\/\/ds-barranquilla.org\/de\/la-orquesta-sinfonica-y-el-coro-juvenil-brillaron-durante-el-homenaje-alemania-frente-al-rio\/\"]}]},{\"@type\":\"ImageObject\",\"inLanguage\":\"de\",\"@id\":\"https:\/\/ds-barranquilla.org\/de\/la-orquesta-sinfonica-y-el-coro-juvenil-brillaron-durante-el-homenaje-alemania-frente-al-rio\/#primaryimage\",\"url\":\"https:\/\/ds-barranquilla.org\/wp-content\/uploads\/2020\/08\/La-Orquesta-Sinf\u00f3nica-y-el-Coro-Juvenil-brillaron-durante-el-homenaje-\u2018Alemania-frente-al-r\u00edo\u2019.jpg\",\"contentUrl\":\"https:\/\/ds-barranquilla.org\/wp-content\/uploads\/2020\/08\/La-Orquesta-Sinf\u00f3nica-y-el-Coro-Juvenil-brillaron-durante-el-homenaje-\u2018Alemania-frente-al-r\u00edo\u2019.jpg\",\"width\":598,\"height\":409},{\"@type\":\"BreadcrumbList\",\"@id\":\"https:\/\/ds-barranquilla.org\/de\/la-orquesta-sinfonica-y-el-coro-juvenil-brillaron-durante-el-homenaje-alemania-frente-al-rio\/#breadcrumb\",\"itemListElement\":[{\"@type\":\"ListItem\",\"position\":1,\"name\":\"Portada\",\"item\":\"https:\/\/ds-barranquilla.org\/\"},{\"@type\":\"ListItem\",\"position\":2,\"name\":\"La Orquesta Sinf\u00f3nica y el Coro Juvenil brillaron durante el homenaje \u2018Alemania frente al r\u00edo\u2019\"}]},{\"@type\":\"WebSite\",\"@id\":\"https:\/\/ds-barranquilla.org\/#website\",\"url\":\"https:\/\/ds-barranquilla.org\/\",\"name\":\"Colegio Alem\u00e1n - Los Mejores Colegios de Colombia - Colegio Triling\u00fce\",\"description\":\"Colegio Alem\u00e1n  Barranquilla Colombia - Colegio Biling\u00fce - Triling\u00fce - El Mejor Colegio de Colombia\",\"publisher\":{\"@id\":\"https:\/\/ds-barranquilla.org\/#organization\"},\"potentialAction\":[{\"@type\":\"SearchAction\",\"target\":{\"@type\":\"EntryPoint\",\"urlTemplate\":\"https:\/\/ds-barranquilla.org\/?s={search_term_string}\"},\"query-input\":\"required name=search_term_string\"}],\"inLanguage\":\"de\"},{\"@type\":\"Organization\",\"@id\":\"https:\/\/ds-barranquilla.org\/#organization\",\"name\":\"Colegio Alem\u00e1n Barranquilla\",\"url\":\"https:\/\/ds-barranquilla.org\/\",\"logo\":{\"@type\":\"ImageObject\",\"inLanguage\":\"de\",\"@id\":\"https:\/\/ds-barranquilla.org\/#\/schema\/logo\/image\/\",\"url\":\"https:\/\/ds-barranquilla.org\/wp-content\/uploads\/2021\/05\/coleman_logo_2.png\",\"contentUrl\":\"https:\/\/ds-barranquilla.org\/wp-content\/uploads\/2021\/05\/coleman_logo_2.png\",\"width\":418,\"height\":307,\"caption\":\"Colegio Alem\u00e1n Barranquilla\"},\"image\":{\"@id\":\"https:\/\/ds-barranquilla.org\/#\/schema\/logo\/image\/\"},\"sameAs\":[\"https:\/\/www.facebook.com\/ColegioAlemanBaq\/\",\"https:\/\/x.com\/ColegioAlemanBq\",\"https:\/\/www.instagram.com\/colegioalemanbaq\/\",\"https:\/\/www.linkedin.com\/school\/deutsche-schule-barranquilla\/\",\"https:\/\/www.youtube.com\/channel\/UCOOGZQCVs6aYRqIWvSN5agQ\"]},{\"@type\":\"Person\",\"@id\":\"https:\/\/ds-barranquilla.org\/#\/schema\/person\/7bf8790ba89d3480e0551241ccdc8d36\",\"name\":\"Comunicaciones Comunicaciones\",\"image\":{\"@type\":\"ImageObject\",\"inLanguage\":\"de\",\"@id\":\"https:\/\/ds-barranquilla.org\/#\/schema\/person\/image\/\",\"url\":\"https:\/\/secure.gravatar.com\/avatar\/a66ba9484a4338d81d6bea750e595038?s=96&d=mm&r=g\",\"contentUrl\":\"https:\/\/secure.gravatar.com\/avatar\/a66ba9484a4338d81d6bea750e595038?s=96&d=mm&r=g\",\"caption\":\"Comunicaciones Comunicaciones\"}}]}<\/script>\n<!-- \/ Yoast SEO plugin. -->","yoast_head_json":{"title":"La Orquesta Sinf\u00f3nica y el Coro Juvenil brillaron durante el homenaje \u2018Alemania frente al r\u00edo\u2019 - 2026","robots":{"index":"noindex","follow":"follow","max-snippet":"max-snippet:-1","max-image-preview":"max-image-preview:large","max-video-preview":"max-video-preview:-1"},"og_locale":"de_DE","og_type":"article","og_title":"La Orquesta Sinf\u00f3nica y el Coro Juvenil brillaron durante el homenaje \u2018Alemania frente al r\u00edo\u2019 - 2026","og_description":"\u202fcreado\u00a0por Jos\u00e9 R\u00edos Mercado |\u202f09.10.2019\u00a0 \u00a0La Orquesta Sinf\u00f3nica Juvenil, dirigida por el profesor Cristian Ferrer, el Coro Juvenil y m\u00e1s de 150 estudiantes de nuestro colegio, [\u2026]","og_url":"https:\/\/ds-barranquilla.org\/de\/la-orquesta-sinfonica-y-el-coro-juvenil-brillaron-durante-el-homenaje-alemania-frente-al-rio\/","og_site_name":"Colegio Alem\u00e1n - Los Mejores Colegios de Colombia - Colegio Triling\u00fce","article_publisher":"https:\/\/www.facebook.com\/ColegioAlemanBaq\/","article_published_time":"2019-10-09T16:52:10+00:00","article_modified_time":"2023-01-04T19:44:23+00:00","og_image":[{"width":598,"height":409,"url":"https:\/\/ds-barranquilla.org\/wp-content\/uploads\/2020\/08\/La-Orquesta-Sinf\u00f3nica-y-el-Coro-Juvenil-brillaron-durante-el-homenaje-\u2018Alemania-frente-al-r\u00edo\u2019.jpg","type":"image\/jpeg"}],"author":"Comunicaciones Comunicaciones","twitter_card":"summary_large_image","twitter_creator":"@ColegioAlemanBq","twitter_site":"@ColegioAlemanBq","twitter_misc":{"Verfasst von":"Comunicaciones Comunicaciones","Gesch\u00e4tzte Lesezeit":"1\u00a0Minute"},"schema":{"@context":"https:\/\/schema.org","@graph":[{"@type":"Article","@id":"https:\/\/ds-barranquilla.org\/de\/la-orquesta-sinfonica-y-el-coro-juvenil-brillaron-durante-el-homenaje-alemania-frente-al-rio\/#article","isPartOf":{"@id":"https:\/\/ds-barranquilla.org\/de\/la-orquesta-sinfonica-y-el-coro-juvenil-brillaron-durante-el-homenaje-alemania-frente-al-rio\/"},"author":{"name":"Comunicaciones Comunicaciones","@id":"https:\/\/ds-barranquilla.org\/#\/schema\/person\/7bf8790ba89d3480e0551241ccdc8d36"},"headline":"La Orquesta Sinf\u00f3nica y el Coro Juvenil brillaron durante el homenaje \u2018Alemania frente al r\u00edo\u2019","datePublished":"2019-10-09T16:52:10+00:00","dateModified":"2023-01-04T19:44:23+00:00","mainEntityOfPage":{"@id":"https:\/\/ds-barranquilla.org\/de\/la-orquesta-sinfonica-y-el-coro-juvenil-brillaron-durante-el-homenaje-alemania-frente-al-rio\/"},"wordCount":152,"commentCount":0,"publisher":{"@id":"https:\/\/ds-barranquilla.org\/#organization"},"image":{"@id":"https:\/\/ds-barranquilla.org\/de\/la-orquesta-sinfonica-y-el-coro-juvenil-brillaron-durante-el-homenaje-alemania-frente-al-rio\/#primaryimage"},"thumbnailUrl":"https:\/\/ds-barranquilla.org\/wp-content\/uploads\/2020\/08\/La-Orquesta-Sinf\u00f3nica-y-el-Coro-Juvenil-brillaron-durante-el-homenaje-\u2018Alemania-frente-al-r\u00edo\u2019.jpg","keywords":["2019","Alem\u00e1n","M\u00fasica"],"articleSection":["2019","\u00c1rea de Artes Visuales e Interpretativas","Coro Infantil y Juvenil","Lengua y Cultura Alemana","Orquesta Sinf\u00f3nica Juvenil"],"inLanguage":"de","potentialAction":[{"@type":"CommentAction","name":"Comment","target":["https:\/\/ds-barranquilla.org\/de\/la-orquesta-sinfonica-y-el-coro-juvenil-brillaron-durante-el-homenaje-alemania-frente-al-rio\/#respond"]}]},{"@type":"WebPage","@id":"https:\/\/ds-barranquilla.org\/de\/la-orquesta-sinfonica-y-el-coro-juvenil-brillaron-durante-el-homenaje-alemania-frente-al-rio\/","url":"https:\/\/ds-barranquilla.org\/de\/la-orquesta-sinfonica-y-el-coro-juvenil-brillaron-durante-el-homenaje-alemania-frente-al-rio\/","name":"La Orquesta Sinf\u00f3nica y el Coro Juvenil brillaron durante el homenaje \u2018Alemania frente al r\u00edo\u2019 - 2026","isPartOf":{"@id":"https:\/\/ds-barranquilla.org\/#website"},"primaryImageOfPage":{"@id":"https:\/\/ds-barranquilla.org\/de\/la-orquesta-sinfonica-y-el-coro-juvenil-brillaron-durante-el-homenaje-alemania-frente-al-rio\/#primaryimage"},"image":{"@id":"https:\/\/ds-barranquilla.org\/de\/la-orquesta-sinfonica-y-el-coro-juvenil-brillaron-durante-el-homenaje-alemania-frente-al-rio\/#primaryimage"},"thumbnailUrl":"https:\/\/ds-barranquilla.org\/wp-content\/uploads\/2020\/08\/La-Orquesta-Sinf\u00f3nica-y-el-Coro-Juvenil-brillaron-durante-el-homenaje-\u2018Alemania-frente-al-r\u00edo\u2019.jpg","datePublished":"2019-10-09T16:52:10+00:00","dateModified":"2023-01-04T19:44:23+00:00","breadcrumb":{"@id":"https:\/\/ds-barranquilla.org\/de\/la-orquesta-sinfonica-y-el-coro-juvenil-brillaron-durante-el-homenaje-alemania-frente-al-rio\/#breadcrumb"},"inLanguage":"de","potentialAction":[{"@type":"ReadAction","target":["https:\/\/ds-barranquilla.org\/de\/la-orquesta-sinfonica-y-el-coro-juvenil-brillaron-durante-el-homenaje-alemania-frente-al-rio\/"]}]},{"@type":"ImageObject","inLanguage":"de","@id":"https:\/\/ds-barranquilla.org\/de\/la-orquesta-sinfonica-y-el-coro-juvenil-brillaron-durante-el-homenaje-alemania-frente-al-rio\/#primaryimage","url":"https:\/\/ds-barranquilla.org\/wp-content\/uploads\/2020\/08\/La-Orquesta-Sinf\u00f3nica-y-el-Coro-Juvenil-brillaron-durante-el-homenaje-\u2018Alemania-frente-al-r\u00edo\u2019.jpg","contentUrl":"https:\/\/ds-barranquilla.org\/wp-content\/uploads\/2020\/08\/La-Orquesta-Sinf\u00f3nica-y-el-Coro-Juvenil-brillaron-durante-el-homenaje-\u2018Alemania-frente-al-r\u00edo\u2019.jpg","width":598,"height":409},{"@type":"BreadcrumbList","@id":"https:\/\/ds-barranquilla.org\/de\/la-orquesta-sinfonica-y-el-coro-juvenil-brillaron-durante-el-homenaje-alemania-frente-al-rio\/#breadcrumb","itemListElement":[{"@type":"ListItem","position":1,"name":"Portada","item":"https:\/\/ds-barranquilla.org\/"},{"@type":"ListItem","position":2,"name":"La Orquesta Sinf\u00f3nica y el Coro Juvenil brillaron durante el homenaje \u2018Alemania frente al r\u00edo\u2019"}]},{"@type":"WebSite","@id":"https:\/\/ds-barranquilla.org\/#website","url":"https:\/\/ds-barranquilla.org\/","name":"Colegio Alem\u00e1n - Los Mejores Colegios de Colombia - Colegio Triling\u00fce","description":"Colegio Alem\u00e1n  Barranquilla Colombia - Colegio Biling\u00fce - Triling\u00fce - El Mejor Colegio de Colombia","publisher":{"@id":"https:\/\/ds-barranquilla.org\/#organization"},"potentialAction":[{"@type":"SearchAction","target":{"@type":"EntryPoint","urlTemplate":"https:\/\/ds-barranquilla.org\/?s={search_term_string}"},"query-input":"required name=search_term_string"}],"inLanguage":"de"},{"@type":"Organization","@id":"https:\/\/ds-barranquilla.org\/#organization","name":"Colegio Alem\u00e1n Barranquilla","url":"https:\/\/ds-barranquilla.org\/","logo":{"@type":"ImageObject","inLanguage":"de","@id":"https:\/\/ds-barranquilla.org\/#\/schema\/logo\/image\/","url":"https:\/\/ds-barranquilla.org\/wp-content\/uploads\/2021\/05\/coleman_logo_2.png","contentUrl":"https:\/\/ds-barranquilla.org\/wp-content\/uploads\/2021\/05\/coleman_logo_2.png","width":418,"height":307,"caption":"Colegio Alem\u00e1n Barranquilla"},"image":{"@id":"https:\/\/ds-barranquilla.org\/#\/schema\/logo\/image\/"},"sameAs":["https:\/\/www.facebook.com\/ColegioAlemanBaq\/","https:\/\/x.com\/ColegioAlemanBq","https:\/\/www.instagram.com\/colegioalemanbaq\/","https:\/\/www.linkedin.com\/school\/deutsche-schule-barranquilla\/","https:\/\/www.youtube.com\/channel\/UCOOGZQCVs6aYRqIWvSN5agQ"]},{"@type":"Person","@id":"https:\/\/ds-barranquilla.org\/#\/schema\/person\/7bf8790ba89d3480e0551241ccdc8d36","name":"Comunicaciones Comunicaciones","image":{"@type":"ImageObject","inLanguage":"de","@id":"https:\/\/ds-barranquilla.org\/#\/schema\/person\/image\/","url":"https:\/\/secure.gravatar.com\/avatar\/a66ba9484a4338d81d6bea750e595038?s=96&d=mm&r=g","contentUrl":"https:\/\/secure.gravatar.com\/avatar\/a66ba9484a4338d81d6bea750e595038?s=96&d=mm&r=g","caption":"Comunicaciones Comunicaciones"}}]}},"_links":{"self":[{"href":"https:\/\/ds-barranquilla.org\/de\/wp-json\/wp\/v2\/posts\/5982"}],"collection":[{"href":"https:\/\/ds-barranquilla.org\/de\/wp-json\/wp\/v2\/posts"}],"about":[{"href":"https:\/\/ds-barranquilla.org\/de\/wp-json\/wp\/v2\/types\/post"}],"author":[{"embeddable":true,"href":"https:\/\/ds-barranquilla.org\/de\/wp-json\/wp\/v2\/users\/16"}],"replies":[{"embeddable":true,"href":"https:\/\/ds-barranquilla.org\/de\/wp-json\/wp\/v2\/comments?post=5982"}],"version-history":[{"count":1,"href":"https:\/\/ds-barranquilla.org\/de\/wp-json\/wp\/v2\/posts\/5982\/revisions"}],"predecessor-version":[{"id":5984,"href":"https:\/\/ds-barranquilla.org\/de\/wp-json\/wp\/v2\/posts\/5982\/revisions\/5984"}],"wp:featuredmedia":[{"embeddable":true,"href":"https:\/\/ds-barranquilla.org\/de\/wp-json\/wp\/v2\/media\/5983"}],"wp:attachment":[{"href":"https:\/\/ds-barranquilla.org\/de\/wp-json\/wp\/v2\/media?parent=5982"}],"wp:term":[{"taxonomy":"category","embeddable":true,"href":"https:\/\/ds-barranquilla.org\/de\/wp-json\/wp\/v2\/categories?post=5982"},{"taxonomy":"post_tag","embeddable":true,"href":"https:\/\/ds-barranquilla.org\/de\/wp-json\/wp\/v2\/tags?post=5982"}],"curies":[{"name":"wp","href":"https:\/\/api.w.org\/{rel}","templated":true}]}}