{"id":6038,"date":"2019-12-10T11:30:43","date_gmt":"2019-12-10T16:30:43","guid":{"rendered":"https:\/\/ds-barranquilla.org\/?p=6038"},"modified":"2023-01-04T15:00:04","modified_gmt":"2023-01-04T20:00:04","slug":"plasti-conciencia-la-iniciativa-que-busca-generar-sensibilidad-medioambiental","status":"publish","type":"post","link":"https:\/\/ds-barranquilla.org\/de\/plasti-conciencia-la-iniciativa-que-busca-generar-sensibilidad-medioambiental\/","title":{"rendered":"Plasti-Conciencia: la iniciativa que busca generar sensibilidad medioambiental"},"content":{"rendered":"<p><span data-contrast=\"none\">\u202f<\/span><span data-contrast=\"none\">creado<\/span><span data-contrast=\"none\">\u00a0por Jos\u00e9 R\u00edos Mercado |\u202f10.12.2019<\/span><span data-ccp-props=\"{&quot;201341983&quot;:0,&quot;335559739&quot;:160,&quot;335559740&quot;:240}\">\u00a0<\/span><\/p>\n<p><span data-ccp-props=\"{&quot;201341983&quot;:0,&quot;335559739&quot;:160,&quot;335559740&quot;:240}\">\u00a0<\/span><span data-contrast=\"none\">Cerca de 71 kilos de material pl\u00e1stico fueron recogidos en nuestro colegio durante la campa\u00f1a \u2018\u00a1Vinc\u00falate a la\u00a0<\/span><span data-contrast=\"none\">Plasti<\/span><span data-contrast=\"none\">\u2013Conciencia!\u2019, una iniciativa enfocada a la generaci\u00f3n de estrategias did\u00e1cticas para la reutilizaci\u00f3n de los residuos s\u00f3lidos pl\u00e1sticos producidos en la instituci\u00f3n. Botellas pl\u00e1sticas, bolsas y envolturas de todo tipo fueron reciclados durante un mes que dur\u00f3 la actividad, la cual fue liderada por la estudiante de la\u00a0<\/span><span data-contrast=\"none\">Klasse<\/span><span data-contrast=\"none\">\u00a012, Adriana Barrera, y gestionada en el marco de nuestro Proyecto Ambiental Escolar (PRAE) \u2018Conciencia Activa y Divertida\u2019.<\/span><span data-ccp-props=\"{&quot;201341983&quot;:0,&quot;335559739&quot;:180,&quot;335559740&quot;:240}\">\u00a0<\/span><\/p>\n<p><span data-contrast=\"none\">\u2018\u00a1Vinc\u00falate a la\u00a0<\/span><span data-contrast=\"none\">Plasti<\/span><span data-contrast=\"none\">\u2013Conciencia!\u2019 consisti\u00f3 en recoger botellas -llenas con bolsas y envolturas- en cada uno de los salones de clase de la Primaria para posteriormente enviar el material reciclado a la Fundaci\u00f3n \u2018Botellas de Amor\u2019 en\u00a0<\/span><span data-contrast=\"none\">Rionegro<\/span><span data-contrast=\"none\">\u00a0(Antioquia), encargada de procesarlo hasta convertirlo en madera pl\u00e1stica que se utilizar\u00e1 en la construcci\u00f3n de casas para familias colombianas de escasos recursos. El estudiante de la\u00a0<\/span><span data-contrast=\"none\">Klasse<\/span><span data-contrast=\"none\">\u00a05C, Emmanuel G\u00f3mez, fue el ganador del pase doble al \u2018Solar de Mao\u2019 sorteado entre los estudiantes que se vincularon a la campa\u00f1a.<\/span><span data-ccp-props=\"{&quot;201341983&quot;:0,&quot;335559739&quot;:180,&quot;335559740&quot;:240}\">\u00a0<\/span><\/p>","protected":false},"excerpt":{"rendered":"<p>\u202fcreado\u00a0por Jos\u00e9 R\u00edos Mercado |\u202f10.12.2019\u00a0 \u00a0Cerca de 71 kilos de material pl\u00e1stico fueron recogidos en nuestro colegio durante la campa\u00f1a \u2018\u00a1Vinc\u00falate a la\u00a0Plasti\u2013Conciencia!\u2019, una iniciativa enfocada<span class=\"excerpt-hellip\"> [\u2026]<\/span><\/p>","protected":false},"author":16,"featured_media":6039,"comment_status":"open","ping_status":"open","sticky":false,"template":"","format":"standard","meta":{"_exactmetrics_skip_tracking":false,"_exactmetrics_sitenote_active":false,"_exactmetrics_sitenote_note":"","_exactmetrics_sitenote_category":0,"_joinchat":[],"footnotes":""},"categories":[679,676,708,710],"tags":[468,431,441,443],"class_list":["post-6038","post","type-post","status-publish","format-standard","has-post-thumbnail","hentry","category-679","category-primaria","category-proyectos-academicos","category-secundaria","tag-468","tag-primaria","tag-proyectos-academicos","tag-secundaria"],"yoast_head":"<!-- This site is optimized with the Yoast SEO plugin v23.3 - https:\/\/yoast.com\/wordpress\/plugins\/seo\/ -->\n<title>Plasti-Conciencia: la iniciativa que busca generar sensibilidad medioambiental - 2026<\/title>\n<meta name=\"robots\" content=\"noindex, follow, max-snippet:-1, max-image-preview:large, max-video-preview:-1\" \/>\n<meta property=\"og:locale\" content=\"de_DE\" \/>\n<meta property=\"og:type\" content=\"article\" \/>\n<meta property=\"og:title\" content=\"Plasti-Conciencia: la iniciativa que busca generar sensibilidad medioambiental - 2026\" \/>\n<meta property=\"og:description\" content=\"\u202fcreado\u00a0por Jos\u00e9 R\u00edos Mercado |\u202f10.12.2019\u00a0 \u00a0Cerca de 71 kilos de material pl\u00e1stico fueron recogidos en nuestro colegio durante la campa\u00f1a \u2018\u00a1Vinc\u00falate a la\u00a0Plasti\u2013Conciencia!\u2019, una iniciativa enfocada [\u2026]\" \/>\n<meta property=\"og:url\" content=\"https:\/\/ds-barranquilla.org\/de\/plasti-conciencia-la-iniciativa-que-busca-generar-sensibilidad-medioambiental\/\" \/>\n<meta property=\"og:site_name\" content=\"Colegio Alem\u00e1n - Los Mejores Colegios de Colombia - Colegio Triling\u00fce\" \/>\n<meta property=\"article:publisher\" content=\"https:\/\/www.facebook.com\/ColegioAlemanBaq\/\" \/>\n<meta property=\"article:published_time\" content=\"2019-12-10T16:30:43+00:00\" \/>\n<meta property=\"article:modified_time\" content=\"2023-01-04T20:00:04+00:00\" \/>\n<meta property=\"og:image\" content=\"https:\/\/ds-barranquilla.org\/wp-content\/uploads\/2020\/08\/Plasti-Conciencia-la-iniciativa-que-busca-generar-sensibilidad-medioambiental.jpg\" \/>\n\t<meta property=\"og:image:width\" content=\"605\" \/>\n\t<meta property=\"og:image:height\" content=\"269\" \/>\n\t<meta property=\"og:image:type\" content=\"image\/jpeg\" \/>\n<meta name=\"author\" content=\"Comunicaciones Comunicaciones\" \/>\n<meta name=\"twitter:card\" content=\"summary_large_image\" \/>\n<meta name=\"twitter:creator\" content=\"@ColegioAlemanBq\" \/>\n<meta name=\"twitter:site\" content=\"@ColegioAlemanBq\" \/>\n<meta name=\"twitter:label1\" content=\"Verfasst von\" \/>\n\t<meta name=\"twitter:data1\" content=\"Comunicaciones Comunicaciones\" \/>\n\t<meta name=\"twitter:label2\" content=\"Gesch\u00e4tzte Lesezeit\" \/>\n\t<meta name=\"twitter:data2\" content=\"1\u00a0Minute\" \/>\n<script type=\"application\/ld+json\" class=\"yoast-schema-graph\">{\"@context\":\"https:\/\/schema.org\",\"@graph\":[{\"@type\":\"Article\",\"@id\":\"https:\/\/ds-barranquilla.org\/de\/plasti-conciencia-la-iniciativa-que-busca-generar-sensibilidad-medioambiental\/#article\",\"isPartOf\":{\"@id\":\"https:\/\/ds-barranquilla.org\/de\/plasti-conciencia-la-iniciativa-que-busca-generar-sensibilidad-medioambiental\/\"},\"author\":{\"name\":\"Comunicaciones Comunicaciones\",\"@id\":\"https:\/\/ds-barranquilla.org\/#\/schema\/person\/7bf8790ba89d3480e0551241ccdc8d36\"},\"headline\":\"Plasti-Conciencia: la iniciativa que busca generar sensibilidad medioambiental\",\"datePublished\":\"2019-12-10T16:30:43+00:00\",\"dateModified\":\"2023-01-04T20:00:04+00:00\",\"mainEntityOfPage\":{\"@id\":\"https:\/\/ds-barranquilla.org\/de\/plasti-conciencia-la-iniciativa-que-busca-generar-sensibilidad-medioambiental\/\"},\"wordCount\":204,\"commentCount\":0,\"publisher\":{\"@id\":\"https:\/\/ds-barranquilla.org\/#organization\"},\"image\":{\"@id\":\"https:\/\/ds-barranquilla.org\/de\/plasti-conciencia-la-iniciativa-que-busca-generar-sensibilidad-medioambiental\/#primaryimage\"},\"thumbnailUrl\":\"https:\/\/ds-barranquilla.org\/wp-content\/uploads\/2020\/08\/Plasti-Conciencia-la-iniciativa-que-busca-generar-sensibilidad-medioambiental.jpg\",\"keywords\":[\"2019\",\"Primaria\",\"Proyectos acad\u00e9micos\",\"secundaria\"],\"articleSection\":[\"2019\",\"Primaria\",\"Proyectos acad\u00e9micos\",\"Secundaria\"],\"inLanguage\":\"de\",\"potentialAction\":[{\"@type\":\"CommentAction\",\"name\":\"Comment\",\"target\":[\"https:\/\/ds-barranquilla.org\/de\/plasti-conciencia-la-iniciativa-que-busca-generar-sensibilidad-medioambiental\/#respond\"]}]},{\"@type\":\"WebPage\",\"@id\":\"https:\/\/ds-barranquilla.org\/de\/plasti-conciencia-la-iniciativa-que-busca-generar-sensibilidad-medioambiental\/\",\"url\":\"https:\/\/ds-barranquilla.org\/de\/plasti-conciencia-la-iniciativa-que-busca-generar-sensibilidad-medioambiental\/\",\"name\":\"Plasti-Conciencia: la iniciativa que busca generar sensibilidad medioambiental - 2026\",\"isPartOf\":{\"@id\":\"https:\/\/ds-barranquilla.org\/#website\"},\"primaryImageOfPage\":{\"@id\":\"https:\/\/ds-barranquilla.org\/de\/plasti-conciencia-la-iniciativa-que-busca-generar-sensibilidad-medioambiental\/#primaryimage\"},\"image\":{\"@id\":\"https:\/\/ds-barranquilla.org\/de\/plasti-conciencia-la-iniciativa-que-busca-generar-sensibilidad-medioambiental\/#primaryimage\"},\"thumbnailUrl\":\"https:\/\/ds-barranquilla.org\/wp-content\/uploads\/2020\/08\/Plasti-Conciencia-la-iniciativa-que-busca-generar-sensibilidad-medioambiental.jpg\",\"datePublished\":\"2019-12-10T16:30:43+00:00\",\"dateModified\":\"2023-01-04T20:00:04+00:00\",\"breadcrumb\":{\"@id\":\"https:\/\/ds-barranquilla.org\/de\/plasti-conciencia-la-iniciativa-que-busca-generar-sensibilidad-medioambiental\/#breadcrumb\"},\"inLanguage\":\"de\",\"potentialAction\":[{\"@type\":\"ReadAction\",\"target\":[\"https:\/\/ds-barranquilla.org\/de\/plasti-conciencia-la-iniciativa-que-busca-generar-sensibilidad-medioambiental\/\"]}]},{\"@type\":\"ImageObject\",\"inLanguage\":\"de\",\"@id\":\"https:\/\/ds-barranquilla.org\/de\/plasti-conciencia-la-iniciativa-que-busca-generar-sensibilidad-medioambiental\/#primaryimage\",\"url\":\"https:\/\/ds-barranquilla.org\/wp-content\/uploads\/2020\/08\/Plasti-Conciencia-la-iniciativa-que-busca-generar-sensibilidad-medioambiental.jpg\",\"contentUrl\":\"https:\/\/ds-barranquilla.org\/wp-content\/uploads\/2020\/08\/Plasti-Conciencia-la-iniciativa-que-busca-generar-sensibilidad-medioambiental.jpg\",\"width\":605,\"height\":269},{\"@type\":\"BreadcrumbList\",\"@id\":\"https:\/\/ds-barranquilla.org\/de\/plasti-conciencia-la-iniciativa-que-busca-generar-sensibilidad-medioambiental\/#breadcrumb\",\"itemListElement\":[{\"@type\":\"ListItem\",\"position\":1,\"name\":\"Portada\",\"item\":\"https:\/\/ds-barranquilla.org\/\"},{\"@type\":\"ListItem\",\"position\":2,\"name\":\"Plasti-Conciencia: la iniciativa que busca generar sensibilidad medioambiental\"}]},{\"@type\":\"WebSite\",\"@id\":\"https:\/\/ds-barranquilla.org\/#website\",\"url\":\"https:\/\/ds-barranquilla.org\/\",\"name\":\"Colegio Alem\u00e1n - Los Mejores Colegios de Colombia - Colegio Triling\u00fce\",\"description\":\"Colegio Alem\u00e1n  Barranquilla Colombia - Colegio Biling\u00fce - Triling\u00fce - El Mejor Colegio de Colombia\",\"publisher\":{\"@id\":\"https:\/\/ds-barranquilla.org\/#organization\"},\"potentialAction\":[{\"@type\":\"SearchAction\",\"target\":{\"@type\":\"EntryPoint\",\"urlTemplate\":\"https:\/\/ds-barranquilla.org\/?s={search_term_string}\"},\"query-input\":\"required name=search_term_string\"}],\"inLanguage\":\"de\"},{\"@type\":\"Organization\",\"@id\":\"https:\/\/ds-barranquilla.org\/#organization\",\"name\":\"Colegio Alem\u00e1n Barranquilla\",\"url\":\"https:\/\/ds-barranquilla.org\/\",\"logo\":{\"@type\":\"ImageObject\",\"inLanguage\":\"de\",\"@id\":\"https:\/\/ds-barranquilla.org\/#\/schema\/logo\/image\/\",\"url\":\"https:\/\/ds-barranquilla.org\/wp-content\/uploads\/2021\/05\/coleman_logo_2.png\",\"contentUrl\":\"https:\/\/ds-barranquilla.org\/wp-content\/uploads\/2021\/05\/coleman_logo_2.png\",\"width\":418,\"height\":307,\"caption\":\"Colegio Alem\u00e1n Barranquilla\"},\"image\":{\"@id\":\"https:\/\/ds-barranquilla.org\/#\/schema\/logo\/image\/\"},\"sameAs\":[\"https:\/\/www.facebook.com\/ColegioAlemanBaq\/\",\"https:\/\/x.com\/ColegioAlemanBq\",\"https:\/\/www.instagram.com\/colegioalemanbaq\/\",\"https:\/\/www.linkedin.com\/school\/deutsche-schule-barranquilla\/\",\"https:\/\/www.youtube.com\/channel\/UCOOGZQCVs6aYRqIWvSN5agQ\"]},{\"@type\":\"Person\",\"@id\":\"https:\/\/ds-barranquilla.org\/#\/schema\/person\/7bf8790ba89d3480e0551241ccdc8d36\",\"name\":\"Comunicaciones Comunicaciones\",\"image\":{\"@type\":\"ImageObject\",\"inLanguage\":\"de\",\"@id\":\"https:\/\/ds-barranquilla.org\/#\/schema\/person\/image\/\",\"url\":\"https:\/\/secure.gravatar.com\/avatar\/a66ba9484a4338d81d6bea750e595038?s=96&d=mm&r=g\",\"contentUrl\":\"https:\/\/secure.gravatar.com\/avatar\/a66ba9484a4338d81d6bea750e595038?s=96&d=mm&r=g\",\"caption\":\"Comunicaciones Comunicaciones\"}}]}<\/script>\n<!-- \/ Yoast SEO plugin. -->","yoast_head_json":{"title":"Plasti-Conciencia: la iniciativa que busca generar sensibilidad medioambiental - 2026","robots":{"index":"noindex","follow":"follow","max-snippet":"max-snippet:-1","max-image-preview":"max-image-preview:large","max-video-preview":"max-video-preview:-1"},"og_locale":"de_DE","og_type":"article","og_title":"Plasti-Conciencia: la iniciativa que busca generar sensibilidad medioambiental - 2026","og_description":"\u202fcreado\u00a0por Jos\u00e9 R\u00edos Mercado |\u202f10.12.2019\u00a0 \u00a0Cerca de 71 kilos de material pl\u00e1stico fueron recogidos en nuestro colegio durante la campa\u00f1a \u2018\u00a1Vinc\u00falate a la\u00a0Plasti\u2013Conciencia!\u2019, una iniciativa enfocada [\u2026]","og_url":"https:\/\/ds-barranquilla.org\/de\/plasti-conciencia-la-iniciativa-que-busca-generar-sensibilidad-medioambiental\/","og_site_name":"Colegio Alem\u00e1n - Los Mejores Colegios de Colombia - Colegio Triling\u00fce","article_publisher":"https:\/\/www.facebook.com\/ColegioAlemanBaq\/","article_published_time":"2019-12-10T16:30:43+00:00","article_modified_time":"2023-01-04T20:00:04+00:00","og_image":[{"width":605,"height":269,"url":"https:\/\/ds-barranquilla.org\/wp-content\/uploads\/2020\/08\/Plasti-Conciencia-la-iniciativa-que-busca-generar-sensibilidad-medioambiental.jpg","type":"image\/jpeg"}],"author":"Comunicaciones Comunicaciones","twitter_card":"summary_large_image","twitter_creator":"@ColegioAlemanBq","twitter_site":"@ColegioAlemanBq","twitter_misc":{"Verfasst von":"Comunicaciones Comunicaciones","Gesch\u00e4tzte Lesezeit":"1\u00a0Minute"},"schema":{"@context":"https:\/\/schema.org","@graph":[{"@type":"Article","@id":"https:\/\/ds-barranquilla.org\/de\/plasti-conciencia-la-iniciativa-que-busca-generar-sensibilidad-medioambiental\/#article","isPartOf":{"@id":"https:\/\/ds-barranquilla.org\/de\/plasti-conciencia-la-iniciativa-que-busca-generar-sensibilidad-medioambiental\/"},"author":{"name":"Comunicaciones Comunicaciones","@id":"https:\/\/ds-barranquilla.org\/#\/schema\/person\/7bf8790ba89d3480e0551241ccdc8d36"},"headline":"Plasti-Conciencia: la iniciativa que busca generar sensibilidad medioambiental","datePublished":"2019-12-10T16:30:43+00:00","dateModified":"2023-01-04T20:00:04+00:00","mainEntityOfPage":{"@id":"https:\/\/ds-barranquilla.org\/de\/plasti-conciencia-la-iniciativa-que-busca-generar-sensibilidad-medioambiental\/"},"wordCount":204,"commentCount":0,"publisher":{"@id":"https:\/\/ds-barranquilla.org\/#organization"},"image":{"@id":"https:\/\/ds-barranquilla.org\/de\/plasti-conciencia-la-iniciativa-que-busca-generar-sensibilidad-medioambiental\/#primaryimage"},"thumbnailUrl":"https:\/\/ds-barranquilla.org\/wp-content\/uploads\/2020\/08\/Plasti-Conciencia-la-iniciativa-que-busca-generar-sensibilidad-medioambiental.jpg","keywords":["2019","Primaria","Proyectos acad\u00e9micos","secundaria"],"articleSection":["2019","Primaria","Proyectos acad\u00e9micos","Secundaria"],"inLanguage":"de","potentialAction":[{"@type":"CommentAction","name":"Comment","target":["https:\/\/ds-barranquilla.org\/de\/plasti-conciencia-la-iniciativa-que-busca-generar-sensibilidad-medioambiental\/#respond"]}]},{"@type":"WebPage","@id":"https:\/\/ds-barranquilla.org\/de\/plasti-conciencia-la-iniciativa-que-busca-generar-sensibilidad-medioambiental\/","url":"https:\/\/ds-barranquilla.org\/de\/plasti-conciencia-la-iniciativa-que-busca-generar-sensibilidad-medioambiental\/","name":"Plasti-Conciencia: la iniciativa que busca generar sensibilidad medioambiental - 2026","isPartOf":{"@id":"https:\/\/ds-barranquilla.org\/#website"},"primaryImageOfPage":{"@id":"https:\/\/ds-barranquilla.org\/de\/plasti-conciencia-la-iniciativa-que-busca-generar-sensibilidad-medioambiental\/#primaryimage"},"image":{"@id":"https:\/\/ds-barranquilla.org\/de\/plasti-conciencia-la-iniciativa-que-busca-generar-sensibilidad-medioambiental\/#primaryimage"},"thumbnailUrl":"https:\/\/ds-barranquilla.org\/wp-content\/uploads\/2020\/08\/Plasti-Conciencia-la-iniciativa-que-busca-generar-sensibilidad-medioambiental.jpg","datePublished":"2019-12-10T16:30:43+00:00","dateModified":"2023-01-04T20:00:04+00:00","breadcrumb":{"@id":"https:\/\/ds-barranquilla.org\/de\/plasti-conciencia-la-iniciativa-que-busca-generar-sensibilidad-medioambiental\/#breadcrumb"},"inLanguage":"de","potentialAction":[{"@type":"ReadAction","target":["https:\/\/ds-barranquilla.org\/de\/plasti-conciencia-la-iniciativa-que-busca-generar-sensibilidad-medioambiental\/"]}]},{"@type":"ImageObject","inLanguage":"de","@id":"https:\/\/ds-barranquilla.org\/de\/plasti-conciencia-la-iniciativa-que-busca-generar-sensibilidad-medioambiental\/#primaryimage","url":"https:\/\/ds-barranquilla.org\/wp-content\/uploads\/2020\/08\/Plasti-Conciencia-la-iniciativa-que-busca-generar-sensibilidad-medioambiental.jpg","contentUrl":"https:\/\/ds-barranquilla.org\/wp-content\/uploads\/2020\/08\/Plasti-Conciencia-la-iniciativa-que-busca-generar-sensibilidad-medioambiental.jpg","width":605,"height":269},{"@type":"BreadcrumbList","@id":"https:\/\/ds-barranquilla.org\/de\/plasti-conciencia-la-iniciativa-que-busca-generar-sensibilidad-medioambiental\/#breadcrumb","itemListElement":[{"@type":"ListItem","position":1,"name":"Portada","item":"https:\/\/ds-barranquilla.org\/"},{"@type":"ListItem","position":2,"name":"Plasti-Conciencia: la iniciativa que busca generar sensibilidad medioambiental"}]},{"@type":"WebSite","@id":"https:\/\/ds-barranquilla.org\/#website","url":"https:\/\/ds-barranquilla.org\/","name":"Colegio Alem\u00e1n - Los Mejores Colegios de Colombia - Colegio Triling\u00fce","description":"Colegio Alem\u00e1n  Barranquilla Colombia - Colegio Biling\u00fce - Triling\u00fce - El Mejor Colegio de Colombia","publisher":{"@id":"https:\/\/ds-barranquilla.org\/#organization"},"potentialAction":[{"@type":"SearchAction","target":{"@type":"EntryPoint","urlTemplate":"https:\/\/ds-barranquilla.org\/?s={search_term_string}"},"query-input":"required name=search_term_string"}],"inLanguage":"de"},{"@type":"Organization","@id":"https:\/\/ds-barranquilla.org\/#organization","name":"Colegio Alem\u00e1n Barranquilla","url":"https:\/\/ds-barranquilla.org\/","logo":{"@type":"ImageObject","inLanguage":"de","@id":"https:\/\/ds-barranquilla.org\/#\/schema\/logo\/image\/","url":"https:\/\/ds-barranquilla.org\/wp-content\/uploads\/2021\/05\/coleman_logo_2.png","contentUrl":"https:\/\/ds-barranquilla.org\/wp-content\/uploads\/2021\/05\/coleman_logo_2.png","width":418,"height":307,"caption":"Colegio Alem\u00e1n Barranquilla"},"image":{"@id":"https:\/\/ds-barranquilla.org\/#\/schema\/logo\/image\/"},"sameAs":["https:\/\/www.facebook.com\/ColegioAlemanBaq\/","https:\/\/x.com\/ColegioAlemanBq","https:\/\/www.instagram.com\/colegioalemanbaq\/","https:\/\/www.linkedin.com\/school\/deutsche-schule-barranquilla\/","https:\/\/www.youtube.com\/channel\/UCOOGZQCVs6aYRqIWvSN5agQ"]},{"@type":"Person","@id":"https:\/\/ds-barranquilla.org\/#\/schema\/person\/7bf8790ba89d3480e0551241ccdc8d36","name":"Comunicaciones Comunicaciones","image":{"@type":"ImageObject","inLanguage":"de","@id":"https:\/\/ds-barranquilla.org\/#\/schema\/person\/image\/","url":"https:\/\/secure.gravatar.com\/avatar\/a66ba9484a4338d81d6bea750e595038?s=96&d=mm&r=g","contentUrl":"https:\/\/secure.gravatar.com\/avatar\/a66ba9484a4338d81d6bea750e595038?s=96&d=mm&r=g","caption":"Comunicaciones Comunicaciones"}}]}},"_links":{"self":[{"href":"https:\/\/ds-barranquilla.org\/de\/wp-json\/wp\/v2\/posts\/6038"}],"collection":[{"href":"https:\/\/ds-barranquilla.org\/de\/wp-json\/wp\/v2\/posts"}],"about":[{"href":"https:\/\/ds-barranquilla.org\/de\/wp-json\/wp\/v2\/types\/post"}],"author":[{"embeddable":true,"href":"https:\/\/ds-barranquilla.org\/de\/wp-json\/wp\/v2\/users\/16"}],"replies":[{"embeddable":true,"href":"https:\/\/ds-barranquilla.org\/de\/wp-json\/wp\/v2\/comments?post=6038"}],"version-history":[{"count":2,"href":"https:\/\/ds-barranquilla.org\/de\/wp-json\/wp\/v2\/posts\/6038\/revisions"}],"predecessor-version":[{"id":6041,"href":"https:\/\/ds-barranquilla.org\/de\/wp-json\/wp\/v2\/posts\/6038\/revisions\/6041"}],"wp:featuredmedia":[{"embeddable":true,"href":"https:\/\/ds-barranquilla.org\/de\/wp-json\/wp\/v2\/media\/6039"}],"wp:attachment":[{"href":"https:\/\/ds-barranquilla.org\/de\/wp-json\/wp\/v2\/media?parent=6038"}],"wp:term":[{"taxonomy":"category","embeddable":true,"href":"https:\/\/ds-barranquilla.org\/de\/wp-json\/wp\/v2\/categories?post=6038"},{"taxonomy":"post_tag","embeddable":true,"href":"https:\/\/ds-barranquilla.org\/de\/wp-json\/wp\/v2\/tags?post=6038"}],"curies":[{"name":"wp","href":"https:\/\/api.w.org\/{rel}","templated":true}]}}