{"id":6042,"date":"2020-11-25T10:18:27","date_gmt":"2020-11-25T15:18:27","guid":{"rendered":"https:\/\/ds-barranquilla.org\/?p=6042"},"modified":"2023-01-04T09:24:06","modified_gmt":"2023-01-04T14:24:06","slug":"nuestro-colegio-celebro-de-forma-virtual-el-dia-de-sankt-martin","status":"publish","type":"post","link":"https:\/\/ds-barranquilla.org\/de\/nuestro-colegio-celebro-de-forma-virtual-el-dia-de-sankt-martin\/","title":{"rendered":"Nuestro colegio celebr\u00f3 de forma virtual el D\u00eda de Sankt Martin"},"content":{"rendered":"<h1>Nuestro colegio celebr\u00f3 de forma virtual el D\u00eda de Sankt Martin<\/h1>\n<div class=\"extra\">Creado por Jos\u00e9 R\u00edos Mercado<\/div>\n<div class=\"row\">\n<div class=\"col-md-12\">\n<div class=\"news-text-wrap\">\n<p>Con una puesta en escena con t\u00edteres de gran tama\u00f1o y el desfile fotogr\u00e1fico de faroles, la comunidad escolar le rindi\u00f3 tributo a Sankt Martin. El evento, dirigido a los ni\u00f1os de K\u00ednder y de las Klassen 1, 2 y 3, busca dar a conocer la historia del santo que en vida fue un soldado de la guardia imperial romana y se caracteriz\u00f3 por ser una persona solidaria y generosa. Nuestro Coro Juvenil se vincul\u00f3 a la celebraci\u00f3n a trav\u00e9s de un video en el que sus integrantes interpretaron diferentes melod\u00edas alusivas al religioso.<\/p>\n<p>\u201cNuestros alumnos de K\u00ednder hasta la Klasse 3 enviaron fotos para plasmar all\u00ed la vida y obra de Sankt Martin, y videos donde explicaban de qu\u00e9 forma pod\u00edan seguir sus ense\u00f1anzas. As\u00ed mismo, elaboraron en sus hogares los faroles, los cuales despu\u00e9s regalaron a otras personas bajo el lema de \u2018comparte tu luz y regala esperanza\u2019; una vez concluy\u00f3 el desfile de faroles, el video del mismo fue compartido a toda la comunidad escolar\u201d, expres\u00f3 la Coordinadora de Alem\u00e1n (Klassen 3 a 6), Alisson Jim\u00e9nez.<\/p>\n<p>Seg\u00fan la docente, el objetivo principal de la actividad, enfocada en los valores y cargada de mucha emotividad, es el de compartir y ayudar a los dem\u00e1s, independientemente de los or\u00edgenes, creencias y tradiciones de cada uno. De igual forma, indic\u00f3 que en el Colegio Alem\u00e1n de Barranquilla se inculcan estos valores y se le rinde tributo al santo cada 11 de noviembre -como se hace en Alemania-, integrando la celebraci\u00f3n a las aulas de clases para de esta forma, explicarle a los estudiantes la importancia de la misma.<\/p>\n<p><em><a href=\"https:\/\/www.youtube.com\/watch?v=0nnpPY-hPv8&amp;feature=youtu.be\" target=\"_blank\" rel=\"noopener\">&gt;&gt;&gt;Ver desfile virtual de Sankt Martin<\/a><\/em><\/p>\n<\/div>\n<\/div>\n<\/div>\n<p><span data-ccp-props=\"{&quot;201341983&quot;:0,&quot;335559739&quot;:160,&quot;335559740&quot;:259}\">\u00a0<\/span><\/p>","protected":false},"excerpt":{"rendered":"<p>Nuestro colegio celebr\u00f3 de forma virtual el D\u00eda de Sankt Martin Creado por Jos\u00e9 R\u00edos Mercado Con una puesta en escena con t\u00edteres de gran tama\u00f1o<span class=\"excerpt-hellip\"> [\u2026]<\/span><\/p>","protected":false},"author":16,"featured_media":6485,"comment_status":"open","ping_status":"open","sticky":false,"template":"","format":"standard","meta":{"_exactmetrics_skip_tracking":false,"_exactmetrics_sitenote_active":false,"_exactmetrics_sitenote_note":"","_exactmetrics_sitenote_category":0,"_joinchat":[],"footnotes":""},"categories":[680,677],"tags":[],"class_list":["post-6042","post","type-post","status-publish","format-standard","has-post-thumbnail","hentry","category-680","category-kindergarten"],"yoast_head":"<!-- This site is optimized with the Yoast SEO plugin v23.3 - https:\/\/yoast.com\/wordpress\/plugins\/seo\/ -->\n<title>Nuestro colegio celebr\u00f3 de forma virtual el D\u00eda de Sankt Martin - 2026<\/title>\n<meta name=\"robots\" content=\"noindex, follow, max-snippet:-1, max-image-preview:large, max-video-preview:-1\" \/>\n<meta property=\"og:locale\" content=\"de_DE\" \/>\n<meta property=\"og:type\" content=\"article\" \/>\n<meta property=\"og:title\" content=\"Nuestro colegio celebr\u00f3 de forma virtual el D\u00eda de Sankt Martin - 2026\" \/>\n<meta property=\"og:description\" content=\"Nuestro colegio celebr\u00f3 de forma virtual el D\u00eda de Sankt Martin Creado por Jos\u00e9 R\u00edos Mercado Con una puesta en escena con t\u00edteres de gran tama\u00f1o [\u2026]\" \/>\n<meta property=\"og:url\" content=\"https:\/\/ds-barranquilla.org\/de\/nuestro-colegio-celebro-de-forma-virtual-el-dia-de-sankt-martin\/\" \/>\n<meta property=\"og:site_name\" content=\"Colegio Alem\u00e1n - Los Mejores Colegios de Colombia - Colegio Triling\u00fce\" \/>\n<meta property=\"article:publisher\" content=\"https:\/\/www.facebook.com\/ColegioAlemanBaq\/\" \/>\n<meta property=\"article:published_time\" content=\"2020-11-25T15:18:27+00:00\" \/>\n<meta property=\"article:modified_time\" content=\"2023-01-04T14:24:06+00:00\" \/>\n<meta property=\"og:image\" content=\"https:\/\/ds-barranquilla.org\/wp-content\/uploads\/2020\/08\/Sankt_Martin_Web_1.jpg\" \/>\n\t<meta property=\"og:image:width\" content=\"1004\" \/>\n\t<meta property=\"og:image:height\" content=\"444\" \/>\n\t<meta property=\"og:image:type\" content=\"image\/jpeg\" \/>\n<meta name=\"author\" content=\"Comunicaciones Comunicaciones\" \/>\n<meta name=\"twitter:card\" content=\"summary_large_image\" \/>\n<meta name=\"twitter:creator\" content=\"@ColegioAlemanBq\" \/>\n<meta name=\"twitter:site\" content=\"@ColegioAlemanBq\" \/>\n<meta name=\"twitter:label1\" content=\"Verfasst von\" \/>\n\t<meta name=\"twitter:data1\" content=\"Comunicaciones Comunicaciones\" \/>\n\t<meta name=\"twitter:label2\" content=\"Gesch\u00e4tzte Lesezeit\" \/>\n\t<meta name=\"twitter:data2\" content=\"2\u00a0Minuten\" \/>\n<script type=\"application\/ld+json\" class=\"yoast-schema-graph\">{\"@context\":\"https:\/\/schema.org\",\"@graph\":[{\"@type\":\"Article\",\"@id\":\"https:\/\/ds-barranquilla.org\/nuestro-colegio-celebro-de-forma-virtual-el-dia-de-sankt-martin\/#article\",\"isPartOf\":{\"@id\":\"https:\/\/ds-barranquilla.org\/nuestro-colegio-celebro-de-forma-virtual-el-dia-de-sankt-martin\/\"},\"author\":{\"name\":\"Comunicaciones Comunicaciones\",\"@id\":\"https:\/\/ds-barranquilla.org\/#\/schema\/person\/7bf8790ba89d3480e0551241ccdc8d36\"},\"headline\":\"Nuestro colegio celebr\u00f3 de forma virtual el D\u00eda de Sankt Martin\",\"datePublished\":\"2020-11-25T15:18:27+00:00\",\"dateModified\":\"2023-01-04T14:24:06+00:00\",\"mainEntityOfPage\":{\"@id\":\"https:\/\/ds-barranquilla.org\/nuestro-colegio-celebro-de-forma-virtual-el-dia-de-sankt-martin\/\"},\"wordCount\":319,\"commentCount\":0,\"publisher\":{\"@id\":\"https:\/\/ds-barranquilla.org\/#organization\"},\"image\":{\"@id\":\"https:\/\/ds-barranquilla.org\/nuestro-colegio-celebro-de-forma-virtual-el-dia-de-sankt-martin\/#primaryimage\"},\"thumbnailUrl\":\"https:\/\/ds-barranquilla.org\/wp-content\/uploads\/2020\/08\/Sankt_Martin_Web_1.jpg\",\"articleSection\":[\"2020\",\"Kindergarten\"],\"inLanguage\":\"de\",\"potentialAction\":[{\"@type\":\"CommentAction\",\"name\":\"Comment\",\"target\":[\"https:\/\/ds-barranquilla.org\/nuestro-colegio-celebro-de-forma-virtual-el-dia-de-sankt-martin\/#respond\"]}]},{\"@type\":\"WebPage\",\"@id\":\"https:\/\/ds-barranquilla.org\/nuestro-colegio-celebro-de-forma-virtual-el-dia-de-sankt-martin\/\",\"url\":\"https:\/\/ds-barranquilla.org\/nuestro-colegio-celebro-de-forma-virtual-el-dia-de-sankt-martin\/\",\"name\":\"Nuestro colegio celebr\u00f3 de forma virtual el D\u00eda de Sankt Martin - 2026\",\"isPartOf\":{\"@id\":\"https:\/\/ds-barranquilla.org\/#website\"},\"primaryImageOfPage\":{\"@id\":\"https:\/\/ds-barranquilla.org\/nuestro-colegio-celebro-de-forma-virtual-el-dia-de-sankt-martin\/#primaryimage\"},\"image\":{\"@id\":\"https:\/\/ds-barranquilla.org\/nuestro-colegio-celebro-de-forma-virtual-el-dia-de-sankt-martin\/#primaryimage\"},\"thumbnailUrl\":\"https:\/\/ds-barranquilla.org\/wp-content\/uploads\/2020\/08\/Sankt_Martin_Web_1.jpg\",\"datePublished\":\"2020-11-25T15:18:27+00:00\",\"dateModified\":\"2023-01-04T14:24:06+00:00\",\"breadcrumb\":{\"@id\":\"https:\/\/ds-barranquilla.org\/nuestro-colegio-celebro-de-forma-virtual-el-dia-de-sankt-martin\/#breadcrumb\"},\"inLanguage\":\"de\",\"potentialAction\":[{\"@type\":\"ReadAction\",\"target\":[\"https:\/\/ds-barranquilla.org\/nuestro-colegio-celebro-de-forma-virtual-el-dia-de-sankt-martin\/\"]}]},{\"@type\":\"ImageObject\",\"inLanguage\":\"de\",\"@id\":\"https:\/\/ds-barranquilla.org\/nuestro-colegio-celebro-de-forma-virtual-el-dia-de-sankt-martin\/#primaryimage\",\"url\":\"https:\/\/ds-barranquilla.org\/wp-content\/uploads\/2020\/08\/Sankt_Martin_Web_1.jpg\",\"contentUrl\":\"https:\/\/ds-barranquilla.org\/wp-content\/uploads\/2020\/08\/Sankt_Martin_Web_1.jpg\",\"width\":1004,\"height\":444,\"caption\":\"Sankt_Martin_Web_1\"},{\"@type\":\"BreadcrumbList\",\"@id\":\"https:\/\/ds-barranquilla.org\/nuestro-colegio-celebro-de-forma-virtual-el-dia-de-sankt-martin\/#breadcrumb\",\"itemListElement\":[{\"@type\":\"ListItem\",\"position\":1,\"name\":\"Portada\",\"item\":\"https:\/\/ds-barranquilla.org\/\"},{\"@type\":\"ListItem\",\"position\":2,\"name\":\"Nuestro colegio celebr\u00f3 de forma virtual el D\u00eda de Sankt Martin\"}]},{\"@type\":\"WebSite\",\"@id\":\"https:\/\/ds-barranquilla.org\/#website\",\"url\":\"https:\/\/ds-barranquilla.org\/\",\"name\":\"Colegio Alem\u00e1n - Los Mejores Colegios de Colombia - Colegio Triling\u00fce\",\"description\":\"Colegio Alem\u00e1n  Barranquilla Colombia - Colegio Biling\u00fce - Triling\u00fce - El Mejor Colegio de Colombia\",\"publisher\":{\"@id\":\"https:\/\/ds-barranquilla.org\/#organization\"},\"potentialAction\":[{\"@type\":\"SearchAction\",\"target\":{\"@type\":\"EntryPoint\",\"urlTemplate\":\"https:\/\/ds-barranquilla.org\/?s={search_term_string}\"},\"query-input\":\"required name=search_term_string\"}],\"inLanguage\":\"de\"},{\"@type\":\"Organization\",\"@id\":\"https:\/\/ds-barranquilla.org\/#organization\",\"name\":\"Colegio Alem\u00e1n Barranquilla\",\"url\":\"https:\/\/ds-barranquilla.org\/\",\"logo\":{\"@type\":\"ImageObject\",\"inLanguage\":\"de\",\"@id\":\"https:\/\/ds-barranquilla.org\/#\/schema\/logo\/image\/\",\"url\":\"https:\/\/ds-barranquilla.org\/wp-content\/uploads\/2021\/05\/coleman_logo_2.png\",\"contentUrl\":\"https:\/\/ds-barranquilla.org\/wp-content\/uploads\/2021\/05\/coleman_logo_2.png\",\"width\":418,\"height\":307,\"caption\":\"Colegio Alem\u00e1n Barranquilla\"},\"image\":{\"@id\":\"https:\/\/ds-barranquilla.org\/#\/schema\/logo\/image\/\"},\"sameAs\":[\"https:\/\/www.facebook.com\/ColegioAlemanBaq\/\",\"https:\/\/x.com\/ColegioAlemanBq\",\"https:\/\/www.instagram.com\/colegioalemanbaq\/\",\"https:\/\/www.linkedin.com\/school\/deutsche-schule-barranquilla\/\",\"https:\/\/www.youtube.com\/channel\/UCOOGZQCVs6aYRqIWvSN5agQ\"]},{\"@type\":\"Person\",\"@id\":\"https:\/\/ds-barranquilla.org\/#\/schema\/person\/7bf8790ba89d3480e0551241ccdc8d36\",\"name\":\"Comunicaciones Comunicaciones\",\"image\":{\"@type\":\"ImageObject\",\"inLanguage\":\"de\",\"@id\":\"https:\/\/ds-barranquilla.org\/#\/schema\/person\/image\/\",\"url\":\"https:\/\/secure.gravatar.com\/avatar\/a66ba9484a4338d81d6bea750e595038?s=96&d=mm&r=g\",\"contentUrl\":\"https:\/\/secure.gravatar.com\/avatar\/a66ba9484a4338d81d6bea750e595038?s=96&d=mm&r=g\",\"caption\":\"Comunicaciones Comunicaciones\"}}]}<\/script>\n<!-- \/ Yoast SEO plugin. -->","yoast_head_json":{"title":"Nuestro colegio celebr\u00f3 de forma virtual el D\u00eda de Sankt Martin - 2026","robots":{"index":"noindex","follow":"follow","max-snippet":"max-snippet:-1","max-image-preview":"max-image-preview:large","max-video-preview":"max-video-preview:-1"},"og_locale":"de_DE","og_type":"article","og_title":"Nuestro colegio celebr\u00f3 de forma virtual el D\u00eda de Sankt Martin - 2026","og_description":"Nuestro colegio celebr\u00f3 de forma virtual el D\u00eda de Sankt Martin Creado por Jos\u00e9 R\u00edos Mercado Con una puesta en escena con t\u00edteres de gran tama\u00f1o [\u2026]","og_url":"https:\/\/ds-barranquilla.org\/de\/nuestro-colegio-celebro-de-forma-virtual-el-dia-de-sankt-martin\/","og_site_name":"Colegio Alem\u00e1n - Los Mejores Colegios de Colombia - Colegio Triling\u00fce","article_publisher":"https:\/\/www.facebook.com\/ColegioAlemanBaq\/","article_published_time":"2020-11-25T15:18:27+00:00","article_modified_time":"2023-01-04T14:24:06+00:00","og_image":[{"width":1004,"height":444,"url":"https:\/\/ds-barranquilla.org\/wp-content\/uploads\/2020\/08\/Sankt_Martin_Web_1.jpg","type":"image\/jpeg"}],"author":"Comunicaciones Comunicaciones","twitter_card":"summary_large_image","twitter_creator":"@ColegioAlemanBq","twitter_site":"@ColegioAlemanBq","twitter_misc":{"Verfasst von":"Comunicaciones Comunicaciones","Gesch\u00e4tzte Lesezeit":"2\u00a0Minuten"},"schema":{"@context":"https:\/\/schema.org","@graph":[{"@type":"Article","@id":"https:\/\/ds-barranquilla.org\/nuestro-colegio-celebro-de-forma-virtual-el-dia-de-sankt-martin\/#article","isPartOf":{"@id":"https:\/\/ds-barranquilla.org\/nuestro-colegio-celebro-de-forma-virtual-el-dia-de-sankt-martin\/"},"author":{"name":"Comunicaciones Comunicaciones","@id":"https:\/\/ds-barranquilla.org\/#\/schema\/person\/7bf8790ba89d3480e0551241ccdc8d36"},"headline":"Nuestro colegio celebr\u00f3 de forma virtual el D\u00eda de Sankt Martin","datePublished":"2020-11-25T15:18:27+00:00","dateModified":"2023-01-04T14:24:06+00:00","mainEntityOfPage":{"@id":"https:\/\/ds-barranquilla.org\/nuestro-colegio-celebro-de-forma-virtual-el-dia-de-sankt-martin\/"},"wordCount":319,"commentCount":0,"publisher":{"@id":"https:\/\/ds-barranquilla.org\/#organization"},"image":{"@id":"https:\/\/ds-barranquilla.org\/nuestro-colegio-celebro-de-forma-virtual-el-dia-de-sankt-martin\/#primaryimage"},"thumbnailUrl":"https:\/\/ds-barranquilla.org\/wp-content\/uploads\/2020\/08\/Sankt_Martin_Web_1.jpg","articleSection":["2020","Kindergarten"],"inLanguage":"de","potentialAction":[{"@type":"CommentAction","name":"Comment","target":["https:\/\/ds-barranquilla.org\/nuestro-colegio-celebro-de-forma-virtual-el-dia-de-sankt-martin\/#respond"]}]},{"@type":"WebPage","@id":"https:\/\/ds-barranquilla.org\/nuestro-colegio-celebro-de-forma-virtual-el-dia-de-sankt-martin\/","url":"https:\/\/ds-barranquilla.org\/nuestro-colegio-celebro-de-forma-virtual-el-dia-de-sankt-martin\/","name":"Nuestro colegio celebr\u00f3 de forma virtual el D\u00eda de Sankt Martin - 2026","isPartOf":{"@id":"https:\/\/ds-barranquilla.org\/#website"},"primaryImageOfPage":{"@id":"https:\/\/ds-barranquilla.org\/nuestro-colegio-celebro-de-forma-virtual-el-dia-de-sankt-martin\/#primaryimage"},"image":{"@id":"https:\/\/ds-barranquilla.org\/nuestro-colegio-celebro-de-forma-virtual-el-dia-de-sankt-martin\/#primaryimage"},"thumbnailUrl":"https:\/\/ds-barranquilla.org\/wp-content\/uploads\/2020\/08\/Sankt_Martin_Web_1.jpg","datePublished":"2020-11-25T15:18:27+00:00","dateModified":"2023-01-04T14:24:06+00:00","breadcrumb":{"@id":"https:\/\/ds-barranquilla.org\/nuestro-colegio-celebro-de-forma-virtual-el-dia-de-sankt-martin\/#breadcrumb"},"inLanguage":"de","potentialAction":[{"@type":"ReadAction","target":["https:\/\/ds-barranquilla.org\/nuestro-colegio-celebro-de-forma-virtual-el-dia-de-sankt-martin\/"]}]},{"@type":"ImageObject","inLanguage":"de","@id":"https:\/\/ds-barranquilla.org\/nuestro-colegio-celebro-de-forma-virtual-el-dia-de-sankt-martin\/#primaryimage","url":"https:\/\/ds-barranquilla.org\/wp-content\/uploads\/2020\/08\/Sankt_Martin_Web_1.jpg","contentUrl":"https:\/\/ds-barranquilla.org\/wp-content\/uploads\/2020\/08\/Sankt_Martin_Web_1.jpg","width":1004,"height":444,"caption":"Sankt_Martin_Web_1"},{"@type":"BreadcrumbList","@id":"https:\/\/ds-barranquilla.org\/nuestro-colegio-celebro-de-forma-virtual-el-dia-de-sankt-martin\/#breadcrumb","itemListElement":[{"@type":"ListItem","position":1,"name":"Portada","item":"https:\/\/ds-barranquilla.org\/"},{"@type":"ListItem","position":2,"name":"Nuestro colegio celebr\u00f3 de forma virtual el D\u00eda de Sankt Martin"}]},{"@type":"WebSite","@id":"https:\/\/ds-barranquilla.org\/#website","url":"https:\/\/ds-barranquilla.org\/","name":"Colegio Alem\u00e1n - Los Mejores Colegios de Colombia - Colegio Triling\u00fce","description":"Colegio Alem\u00e1n  Barranquilla Colombia - Colegio Biling\u00fce - Triling\u00fce - El Mejor Colegio de Colombia","publisher":{"@id":"https:\/\/ds-barranquilla.org\/#organization"},"potentialAction":[{"@type":"SearchAction","target":{"@type":"EntryPoint","urlTemplate":"https:\/\/ds-barranquilla.org\/?s={search_term_string}"},"query-input":"required name=search_term_string"}],"inLanguage":"de"},{"@type":"Organization","@id":"https:\/\/ds-barranquilla.org\/#organization","name":"Colegio Alem\u00e1n Barranquilla","url":"https:\/\/ds-barranquilla.org\/","logo":{"@type":"ImageObject","inLanguage":"de","@id":"https:\/\/ds-barranquilla.org\/#\/schema\/logo\/image\/","url":"https:\/\/ds-barranquilla.org\/wp-content\/uploads\/2021\/05\/coleman_logo_2.png","contentUrl":"https:\/\/ds-barranquilla.org\/wp-content\/uploads\/2021\/05\/coleman_logo_2.png","width":418,"height":307,"caption":"Colegio Alem\u00e1n Barranquilla"},"image":{"@id":"https:\/\/ds-barranquilla.org\/#\/schema\/logo\/image\/"},"sameAs":["https:\/\/www.facebook.com\/ColegioAlemanBaq\/","https:\/\/x.com\/ColegioAlemanBq","https:\/\/www.instagram.com\/colegioalemanbaq\/","https:\/\/www.linkedin.com\/school\/deutsche-schule-barranquilla\/","https:\/\/www.youtube.com\/channel\/UCOOGZQCVs6aYRqIWvSN5agQ"]},{"@type":"Person","@id":"https:\/\/ds-barranquilla.org\/#\/schema\/person\/7bf8790ba89d3480e0551241ccdc8d36","name":"Comunicaciones Comunicaciones","image":{"@type":"ImageObject","inLanguage":"de","@id":"https:\/\/ds-barranquilla.org\/#\/schema\/person\/image\/","url":"https:\/\/secure.gravatar.com\/avatar\/a66ba9484a4338d81d6bea750e595038?s=96&d=mm&r=g","contentUrl":"https:\/\/secure.gravatar.com\/avatar\/a66ba9484a4338d81d6bea750e595038?s=96&d=mm&r=g","caption":"Comunicaciones Comunicaciones"}}]}},"_links":{"self":[{"href":"https:\/\/ds-barranquilla.org\/de\/wp-json\/wp\/v2\/posts\/6042"}],"collection":[{"href":"https:\/\/ds-barranquilla.org\/de\/wp-json\/wp\/v2\/posts"}],"about":[{"href":"https:\/\/ds-barranquilla.org\/de\/wp-json\/wp\/v2\/types\/post"}],"author":[{"embeddable":true,"href":"https:\/\/ds-barranquilla.org\/de\/wp-json\/wp\/v2\/users\/16"}],"replies":[{"embeddable":true,"href":"https:\/\/ds-barranquilla.org\/de\/wp-json\/wp\/v2\/comments?post=6042"}],"version-history":[{"count":3,"href":"https:\/\/ds-barranquilla.org\/de\/wp-json\/wp\/v2\/posts\/6042\/revisions"}],"predecessor-version":[{"id":6487,"href":"https:\/\/ds-barranquilla.org\/de\/wp-json\/wp\/v2\/posts\/6042\/revisions\/6487"}],"wp:featuredmedia":[{"embeddable":true,"href":"https:\/\/ds-barranquilla.org\/de\/wp-json\/wp\/v2\/media\/6485"}],"wp:attachment":[{"href":"https:\/\/ds-barranquilla.org\/de\/wp-json\/wp\/v2\/media?parent=6042"}],"wp:term":[{"taxonomy":"category","embeddable":true,"href":"https:\/\/ds-barranquilla.org\/de\/wp-json\/wp\/v2\/categories?post=6042"},{"taxonomy":"post_tag","embeddable":true,"href":"https:\/\/ds-barranquilla.org\/de\/wp-json\/wp\/v2\/tags?post=6042"}],"curies":[{"name":"wp","href":"https:\/\/api.w.org\/{rel}","templated":true}]}}