{"id":6315,"date":"2021-02-09T10:26:12","date_gmt":"2021-02-09T15:26:12","guid":{"rendered":"https:\/\/ds-barranquilla.org\/?p=6315"},"modified":"2023-01-03T15:47:19","modified_gmt":"2023-01-03T20:47:19","slug":"nuestro-colegio-le-dio-una-calurosa-bienvenida-a-la-klasse-12-en-su-retorno-al-colegio-2","status":"publish","type":"post","link":"https:\/\/ds-barranquilla.org\/de\/nuestro-colegio-le-dio-una-calurosa-bienvenida-a-la-klasse-12-en-su-retorno-al-colegio-2\/","title":{"rendered":"Energ\u00edas Renovables: el compromiso de nuestro colegio con el medio ambiente"},"content":{"rendered":"<h1>Energ\u00edas Renovables: el compromiso de nuestro colegio con el medio ambiente<\/h1>\n<p><strong>Geschrieben von: Jos\u00e9 R\u00edos Mercado. <\/strong><span data-contrast=\"none\">Para el\u00a0<\/span><span data-contrast=\"none\">C<\/span><span data-contrast=\"none\">olegio Alem\u00e1n\u00a0<\/span><span data-contrast=\"none\">de Barranquilla\u00a0<\/span><span data-contrast=\"none\">el cuidado del medio ambiente es\u00a0<\/span><span data-contrast=\"none\">algo\u00a0<\/span><span data-contrast=\"none\">primordial\u00a0<\/span><span data-contrast=\"none\">y es por eso, que nuestra instituci\u00f3n ha decidido implementar el<\/span><span data-contrast=\"none\">\u00a0proyecto de\u00a0<\/span><span data-contrast=\"none\">Energ\u00edas Renovables\u00a0<\/span><span data-contrast=\"none\">para la\u00a0<\/span><span data-contrast=\"none\">auto generaci\u00f3n el\u00e9ctrica.\u00a0<\/span><span data-contrast=\"none\">Est<\/span><span data-contrast=\"none\">e sistema fotovoltaico<\/span><span data-contrast=\"none\">\u00a0es<\/span><span data-contrast=\"none\">\u00a0el m\u00e1s grande instalado en un colegio del departamento del Atl\u00e1ntico<\/span><span data-contrast=\"none\">\u00a0y<\/span><span data-contrast=\"none\">\u00a0<\/span><span data-contrast=\"none\">nos convierte\u00a0<\/span><span data-contrast=\"none\">en pioneros a nivel de los colegios alemanes de Colombia.<\/span><\/p>\n<p><span data-contrast=\"none\">El proyecto\u00a0<\/span><span data-contrast=\"none\">se materializ\u00f3 de la mano de la empresa\u00a0<\/span><span data-contrast=\"none\">Vatia<\/span><span data-contrast=\"none\">\u00a0y\u00a0<\/span><span data-contrast=\"none\">responde a la b\u00fasqueda\u00a0<\/span><span data-contrast=\"none\">Betreuung<\/span><span data-contrast=\"none\">\u00a0de<\/span><span data-contrast=\"none\">\u00a0opciones operativas que\u00a0<\/span><span data-contrast=\"none\">permitan el ahorro\u00a0<\/span><span data-contrast=\"none\">siempre y cuando no afecten la calidad acad\u00e9mica y de servicio del plantel<\/span><span data-contrast=\"none\">.<\/span><span data-contrast=\"none\">\u00a0<\/span><span data-contrast=\"auto\">Con\u00a0<\/span><span data-contrast=\"auto\">esta obra la instituci\u00f3n podr\u00e1 autogenerar energ\u00eda limpia y con mayor exigencia en la operaci\u00f3n. La generaci\u00f3n anual estimada ser\u00e1 de 273.950 Kilovatios\/hora con lo cual el colegio dejar\u00e1 de emitir 104 toneladas de di\u00f3xido de carbono (CO2), lo\u00a0<\/span><span data-contrast=\"auto\">que\u00a0<\/span><span data-contrast=\"auto\">equivale a la siembra aproximada de 209 \u00e1rboles por a\u00f1o.<\/span><\/p>\n<p><span data-contrast=\"auto\">Para el Rector de nuestra instituci\u00f3n, Ralph\u00a0<\/span><span data-contrast=\"auto\">Wiese<\/span><span data-contrast=\"auto\">, la sostenibilidad es un tema importante en nuestro colegio y est\u00e1 firmemente anclada en la visi\u00f3n institucional, sin embargo, considera que es a\u00fan m\u00e1s importante vivir el tema junto a nuestros estudiantes y seguir desarroll\u00e1ndolo continuadamente con nuestra comunidad escolar. Indic\u00f3 que como<\/span><span data-contrast=\"auto\">\u00a0instituci\u00f3n<\/span><span data-contrast=\"auto\">\u00a0estamos comprometidos activamente con la sostenibilidad y la protecci\u00f3n de nuestro planeta y tambi\u00e9n promovemos esta idea como parte del desarrollo integral de nuestros estudiantes como ciudadanos del mundo.<\/span><br \/>\n<span data-contrast=\"auto\">\"<\/span><span data-contrast=\"auto\">Est<\/span><span data-contrast=\"auto\">e<\/span><span data-contrast=\"auto\">\u00a0<\/span><span data-contrast=\"auto\">proyecto<\/span><span data-contrast=\"auto\">\u00a0nace\u00a0<\/span><span data-contrast=\"auto\">a partir de\u00a0<\/span><span data-contrast=\"auto\">uno de los objetivos estrat\u00e9gicos de<\/span><span data-contrast=\"auto\">l colegio,<\/span><span data-contrast=\"auto\">\u00a0que buscan contribuir con la conservaci\u00f3n del medio ambiente y proveer mecanismos cada vez m\u00e1s confiables para operar como una instituci\u00f3n educativa de alta calidad<\/span><span data-contrast=\"auto\">.\u00a0<\/span><span data-contrast=\"auto\">Ser\u00e1\u00a0<\/span><span data-contrast=\"auto\">un veh\u00edculo para fomentar la conciencia ambiental entre nuestros alumnos y nos permitir\u00e1 operar de\u00a0<\/span><span data-contrast=\"auto\">manera continua y confiable<\/span><span data-contrast=\"auto\">,<\/span><span data-contrast=\"auto\">\u00a0asegurando as\u00ed la calidad de nuestros servicios educativos<\/span><span data-contrast=\"auto\">\u201d, expres\u00f3 el\u00a0<\/span><span data-contrast=\"auto\">Vorsitzender<\/span><span data-contrast=\"auto\">\u00a0de la Junta Directiva, Carlos\u00a0<\/span><span data-contrast=\"auto\">Lindemeyer<\/span><span data-contrast=\"auto\">.<\/span><\/p>\n<p><span data-contrast=\"auto\">La obra consisti\u00f3 en el dise\u00f1o e instalaci\u00f3n de un Sistema de Apantallamiento contra Descargas Atmosf\u00e9ricas\u202fcon cobertura para la totalidad de los terrenos del colegio y el suministro y construcci\u00f3n\u202fde\u202fEnerg\u00eda Solar Fotovoltaica\u202f(456 paneles) bajo la modalidad\u00a0<\/span><span data-contrast=\"auto\">On<\/span><span data-contrast=\"auto\">\u00a0\u2013\u00a0<\/span><span data-contrast=\"auto\">Grid<\/span><span data-contrast=\"auto\">\u00a0por un per\u00edodo de 20 a\u00f1os.<\/span><\/p>\n<p><b><span data-contrast=\"none\">\u00bfC\u00f3mo funciona?<\/span><\/b><\/p>\n<p><span data-contrast=\"none\">\u201cL<\/span><span data-contrast=\"none\">a energ\u00eda producida por \u00e9ste es inyectada directamente a la red el\u00e9ctrica local<\/span><span data-contrast=\"none\">;<\/span><span data-contrast=\"none\">\u00a0<\/span><span data-contrast=\"none\">e<\/span><span data-contrast=\"none\">sto significa que durante el d\u00eda nosotros, los usuarios, consumimos esa energ\u00eda producida por el sistema fotovoltaico y durante la noche<\/span><span data-contrast=\"none\">,<\/span><span data-contrast=\"none\">\u00a0tomamos la energ\u00eda de la red debido a que\u00a0<\/span><span data-contrast=\"none\">la<\/span><span data-contrast=\"none\">\u00a0modalidad ON GRID no cuenta con un banco de bater\u00edas que almacene la energ\u00eda. Para los casos en\u00a0<\/span><span data-contrast=\"none\">los\u00a0<\/span><span data-contrast=\"none\">que el consumo de energ\u00eda total de los usuarios de\u00a0<\/span><span data-contrast=\"none\">la instituci\u00f3n\u00a0<\/span><span data-contrast=\"none\">sea superior al generado por el sistema fotovoltaico, la red local entr<\/span><span data-contrast=\"none\">ar\u00e1<\/span><span data-contrast=\"none\">\u00a0en funcionamiento<\/span><span data-contrast=\"none\">; y<\/span><span data-contrast=\"none\">\u00a0en caso contrario, esa energ\u00eda excedente\u00a0<\/span><span data-contrast=\"none\">ser\u00e1<\/span><span data-contrast=\"none\">\u00a0inyectada a la red del operador gracias al medidor bidireccional con el que cuenta el sistema<\/span><span data-contrast=\"none\">\u201d, manifest\u00f3 el Jefe de Infraestructura y Mantenimiento.<\/span><\/p>\n<p><span data-contrast=\"none\">Ernesto Fern\u00e1ndez precis\u00f3 que<\/span><span data-contrast=\"none\">\u00a0la generaci\u00f3n solar esperada al a\u00f1o es de\u00a0<\/span><span data-contrast=\"none\">274 MWH\/a\u00f1o<\/span><span data-contrast=\"none\">,\u00a0<\/span><span data-contrast=\"none\">c\u00e1lculo realizado con base\u00a0<\/span><span data-contrast=\"none\">wir<\/span><span data-contrast=\"none\">\u00a0la media del consumo de energ\u00eda\u00a0<\/span><span data-contrast=\"none\">d<\/span><span data-contrast=\"none\">el colegio en ocupaci\u00f3n completa<\/span><span data-contrast=\"none\">, y<\/span><span data-contrast=\"none\">\u00a0asegur\u00f3 que\u00a0<\/span><b><span data-contrast=\"none\">das\u00a0<\/span><\/b><b><span data-contrast=\"none\">beneficiario principal\u00a0<\/span><\/b><b><span data-contrast=\"none\">de iniciativas como \u00e9stas\u00a0<\/span><\/b><b><span data-contrast=\"none\">es el planeta<\/span><\/b><b><span data-contrast=\"none\">, puesto que se<\/span><\/b><b><span data-contrast=\"none\">\u00a0<\/span><\/b><b><span data-contrast=\"none\">contribuir\u00e1 con la\u00a0<\/span><\/b><b><span data-contrast=\"none\">disminuci\u00f3n del calentamiento global.<\/span><\/b><span data-contrast=\"none\">\u00a0<\/span><span data-contrast=\"none\">As\u00ed mismo, se\u00f1al\u00f3 que este\u00a0<\/span><span data-contrast=\"none\">sistema de generaci\u00f3n de energ\u00eda es un<\/span><span data-contrast=\"none\">o<\/span><span data-contrast=\"none\">\u00a0de l<\/span><span data-contrast=\"none\">o<\/span><span data-contrast=\"none\">s m\u00e1s limpi<\/span><span data-contrast=\"none\">o<\/span><span data-contrast=\"none\">s dado que no produce gases de efecto invernadero ni subproductos peligrosos para el medio ambiente.<\/span><\/p>\n<p>&nbsp;<\/p>","protected":false},"excerpt":{"rendered":"<p>Energ\u00edas Renovables: el compromiso de nuestro colegio con el medio ambiente Creado por: Jos\u00e9 R\u00edos Mercado. Para el\u00a0Colegio Alem\u00e1n\u00a0de Barranquilla\u00a0el cuidado del medio ambiente es\u00a0algo\u00a0primordial\u00a0y es<span class=\"excerpt-hellip\"> [\u2026]<\/span><\/p>","protected":false},"author":16,"featured_media":6629,"comment_status":"open","ping_status":"open","sticky":false,"template":"","format":"standard","meta":{"_exactmetrics_skip_tracking":false,"_exactmetrics_sitenote_active":false,"_exactmetrics_sitenote_note":"","_exactmetrics_sitenote_category":0,"_joinchat":[],"footnotes":""},"categories":[681,686,703],"tags":[],"class_list":["post-6315","post","type-post","status-publish","format-standard","has-post-thumbnail","hentry","category-681","category-area-de-ciencias","category-junta-directiva"],"yoast_head":"<!-- This site is optimized with the Yoast SEO plugin v23.3 - https:\/\/yoast.com\/wordpress\/plugins\/seo\/ -->\n<title>Energ\u00edas Renovables: el compromiso de nuestro colegio con el medio ambiente - 2026<\/title>\n<meta name=\"robots\" content=\"noindex, follow, max-snippet:-1, max-image-preview:large, max-video-preview:-1\" \/>\n<meta property=\"og:locale\" content=\"de_DE\" \/>\n<meta property=\"og:type\" content=\"article\" \/>\n<meta property=\"og:title\" content=\"Energ\u00edas Renovables: el compromiso de nuestro colegio con el medio ambiente - 2026\" \/>\n<meta property=\"og:description\" content=\"Energ\u00edas Renovables: el compromiso de nuestro colegio con el medio ambiente Creado por: Jos\u00e9 R\u00edos Mercado. Para el\u00a0Colegio Alem\u00e1n\u00a0de Barranquilla\u00a0el cuidado del medio ambiente es\u00a0algo\u00a0primordial\u00a0y es [\u2026]\" \/>\n<meta property=\"og:url\" content=\"https:\/\/ds-barranquilla.org\/de\/nuestro-colegio-le-dio-una-calurosa-bienvenida-a-la-klasse-12-en-su-retorno-al-colegio-2\/\" \/>\n<meta property=\"og:site_name\" content=\"Colegio Alem\u00e1n - Los Mejores Colegios de Colombia - Colegio Triling\u00fce\" \/>\n<meta property=\"article:publisher\" content=\"https:\/\/www.facebook.com\/ColegioAlemanBaq\/\" \/>\n<meta property=\"article:published_time\" content=\"2021-02-09T15:26:12+00:00\" \/>\n<meta property=\"article:modified_time\" content=\"2023-01-03T20:47:19+00:00\" \/>\n<meta property=\"og:image\" content=\"https:\/\/ds-barranquilla.org\/wp-content\/uploads\/2021\/03\/Energias.jpg\" \/>\n\t<meta property=\"og:image:width\" content=\"816\" \/>\n\t<meta property=\"og:image:height\" content=\"612\" \/>\n\t<meta property=\"og:image:type\" content=\"image\/jpeg\" \/>\n<meta name=\"author\" content=\"Comunicaciones Comunicaciones\" \/>\n<meta name=\"twitter:card\" content=\"summary_large_image\" \/>\n<meta name=\"twitter:creator\" content=\"@ColegioAlemanBq\" \/>\n<meta name=\"twitter:site\" content=\"@ColegioAlemanBq\" \/>\n<meta name=\"twitter:label1\" content=\"Verfasst von\" \/>\n\t<meta name=\"twitter:data1\" content=\"Comunicaciones Comunicaciones\" \/>\n\t<meta name=\"twitter:label2\" content=\"Gesch\u00e4tzte Lesezeit\" \/>\n\t<meta name=\"twitter:data2\" content=\"3\u00a0Minuten\" \/>\n<script type=\"application\/ld+json\" class=\"yoast-schema-graph\">{\"@context\":\"https:\/\/schema.org\",\"@graph\":[{\"@type\":\"Article\",\"@id\":\"https:\/\/ds-barranquilla.org\/nuestro-colegio-le-dio-una-calurosa-bienvenida-a-la-klasse-12-en-su-retorno-al-colegio-2\/#article\",\"isPartOf\":{\"@id\":\"https:\/\/ds-barranquilla.org\/nuestro-colegio-le-dio-una-calurosa-bienvenida-a-la-klasse-12-en-su-retorno-al-colegio-2\/\"},\"author\":{\"name\":\"Comunicaciones Comunicaciones\",\"@id\":\"https:\/\/ds-barranquilla.org\/#\/schema\/person\/7bf8790ba89d3480e0551241ccdc8d36\"},\"headline\":\"Energ\u00edas Renovables: el compromiso de nuestro colegio con el medio ambiente\",\"datePublished\":\"2021-02-09T15:26:12+00:00\",\"dateModified\":\"2023-01-03T20:47:19+00:00\",\"mainEntityOfPage\":{\"@id\":\"https:\/\/ds-barranquilla.org\/nuestro-colegio-le-dio-una-calurosa-bienvenida-a-la-klasse-12-en-su-retorno-al-colegio-2\/\"},\"wordCount\":658,\"commentCount\":0,\"publisher\":{\"@id\":\"https:\/\/ds-barranquilla.org\/#organization\"},\"image\":{\"@id\":\"https:\/\/ds-barranquilla.org\/nuestro-colegio-le-dio-una-calurosa-bienvenida-a-la-klasse-12-en-su-retorno-al-colegio-2\/#primaryimage\"},\"thumbnailUrl\":\"https:\/\/ds-barranquilla.org\/wp-content\/uploads\/2021\/03\/Energias.jpg\",\"articleSection\":[\"2021\",\"\u00c1rea de Ciencias\",\"Junta Directiva\"],\"inLanguage\":\"de\",\"potentialAction\":[{\"@type\":\"CommentAction\",\"name\":\"Comment\",\"target\":[\"https:\/\/ds-barranquilla.org\/nuestro-colegio-le-dio-una-calurosa-bienvenida-a-la-klasse-12-en-su-retorno-al-colegio-2\/#respond\"]}]},{\"@type\":\"WebPage\",\"@id\":\"https:\/\/ds-barranquilla.org\/nuestro-colegio-le-dio-una-calurosa-bienvenida-a-la-klasse-12-en-su-retorno-al-colegio-2\/\",\"url\":\"https:\/\/ds-barranquilla.org\/nuestro-colegio-le-dio-una-calurosa-bienvenida-a-la-klasse-12-en-su-retorno-al-colegio-2\/\",\"name\":\"Energ\u00edas Renovables: el compromiso de nuestro colegio con el medio ambiente - 2026\",\"isPartOf\":{\"@id\":\"https:\/\/ds-barranquilla.org\/#website\"},\"primaryImageOfPage\":{\"@id\":\"https:\/\/ds-barranquilla.org\/nuestro-colegio-le-dio-una-calurosa-bienvenida-a-la-klasse-12-en-su-retorno-al-colegio-2\/#primaryimage\"},\"image\":{\"@id\":\"https:\/\/ds-barranquilla.org\/nuestro-colegio-le-dio-una-calurosa-bienvenida-a-la-klasse-12-en-su-retorno-al-colegio-2\/#primaryimage\"},\"thumbnailUrl\":\"https:\/\/ds-barranquilla.org\/wp-content\/uploads\/2021\/03\/Energias.jpg\",\"datePublished\":\"2021-02-09T15:26:12+00:00\",\"dateModified\":\"2023-01-03T20:47:19+00:00\",\"breadcrumb\":{\"@id\":\"https:\/\/ds-barranquilla.org\/nuestro-colegio-le-dio-una-calurosa-bienvenida-a-la-klasse-12-en-su-retorno-al-colegio-2\/#breadcrumb\"},\"inLanguage\":\"de\",\"potentialAction\":[{\"@type\":\"ReadAction\",\"target\":[\"https:\/\/ds-barranquilla.org\/nuestro-colegio-le-dio-una-calurosa-bienvenida-a-la-klasse-12-en-su-retorno-al-colegio-2\/\"]}]},{\"@type\":\"ImageObject\",\"inLanguage\":\"de\",\"@id\":\"https:\/\/ds-barranquilla.org\/nuestro-colegio-le-dio-una-calurosa-bienvenida-a-la-klasse-12-en-su-retorno-al-colegio-2\/#primaryimage\",\"url\":\"https:\/\/ds-barranquilla.org\/wp-content\/uploads\/2021\/03\/Energias.jpg\",\"contentUrl\":\"https:\/\/ds-barranquilla.org\/wp-content\/uploads\/2021\/03\/Energias.jpg\",\"width\":816,\"height\":612},{\"@type\":\"BreadcrumbList\",\"@id\":\"https:\/\/ds-barranquilla.org\/nuestro-colegio-le-dio-una-calurosa-bienvenida-a-la-klasse-12-en-su-retorno-al-colegio-2\/#breadcrumb\",\"itemListElement\":[{\"@type\":\"ListItem\",\"position\":1,\"name\":\"Portada\",\"item\":\"https:\/\/ds-barranquilla.org\/\"},{\"@type\":\"ListItem\",\"position\":2,\"name\":\"Energ\u00edas Renovables: el compromiso de nuestro colegio con el medio ambiente\"}]},{\"@type\":\"WebSite\",\"@id\":\"https:\/\/ds-barranquilla.org\/#website\",\"url\":\"https:\/\/ds-barranquilla.org\/\",\"name\":\"Colegio Alem\u00e1n - Los Mejores Colegios de Colombia - Colegio Triling\u00fce\",\"description\":\"Colegio Alem\u00e1n  Barranquilla Colombia - Colegio Biling\u00fce - Triling\u00fce - El Mejor Colegio de Colombia\",\"publisher\":{\"@id\":\"https:\/\/ds-barranquilla.org\/#organization\"},\"potentialAction\":[{\"@type\":\"SearchAction\",\"target\":{\"@type\":\"EntryPoint\",\"urlTemplate\":\"https:\/\/ds-barranquilla.org\/?s={search_term_string}\"},\"query-input\":\"required name=search_term_string\"}],\"inLanguage\":\"de\"},{\"@type\":\"Organization\",\"@id\":\"https:\/\/ds-barranquilla.org\/#organization\",\"name\":\"Colegio Alem\u00e1n Barranquilla\",\"url\":\"https:\/\/ds-barranquilla.org\/\",\"logo\":{\"@type\":\"ImageObject\",\"inLanguage\":\"de\",\"@id\":\"https:\/\/ds-barranquilla.org\/#\/schema\/logo\/image\/\",\"url\":\"https:\/\/ds-barranquilla.org\/wp-content\/uploads\/2021\/05\/coleman_logo_2.png\",\"contentUrl\":\"https:\/\/ds-barranquilla.org\/wp-content\/uploads\/2021\/05\/coleman_logo_2.png\",\"width\":418,\"height\":307,\"caption\":\"Colegio Alem\u00e1n Barranquilla\"},\"image\":{\"@id\":\"https:\/\/ds-barranquilla.org\/#\/schema\/logo\/image\/\"},\"sameAs\":[\"https:\/\/www.facebook.com\/ColegioAlemanBaq\/\",\"https:\/\/x.com\/ColegioAlemanBq\",\"https:\/\/www.instagram.com\/colegioalemanbaq\/\",\"https:\/\/www.linkedin.com\/school\/deutsche-schule-barranquilla\/\",\"https:\/\/www.youtube.com\/channel\/UCOOGZQCVs6aYRqIWvSN5agQ\"]},{\"@type\":\"Person\",\"@id\":\"https:\/\/ds-barranquilla.org\/#\/schema\/person\/7bf8790ba89d3480e0551241ccdc8d36\",\"name\":\"Comunicaciones Comunicaciones\",\"image\":{\"@type\":\"ImageObject\",\"inLanguage\":\"de\",\"@id\":\"https:\/\/ds-barranquilla.org\/#\/schema\/person\/image\/\",\"url\":\"https:\/\/secure.gravatar.com\/avatar\/a66ba9484a4338d81d6bea750e595038?s=96&d=mm&r=g\",\"contentUrl\":\"https:\/\/secure.gravatar.com\/avatar\/a66ba9484a4338d81d6bea750e595038?s=96&d=mm&r=g\",\"caption\":\"Comunicaciones Comunicaciones\"}}]}<\/script>\n<!-- \/ Yoast SEO plugin. -->","yoast_head_json":{"title":"Energ\u00edas Renovables: el compromiso de nuestro colegio con el medio ambiente - 2026","robots":{"index":"noindex","follow":"follow","max-snippet":"max-snippet:-1","max-image-preview":"max-image-preview:large","max-video-preview":"max-video-preview:-1"},"og_locale":"de_DE","og_type":"article","og_title":"Energ\u00edas Renovables: el compromiso de nuestro colegio con el medio ambiente - 2026","og_description":"Energ\u00edas Renovables: el compromiso de nuestro colegio con el medio ambiente Creado por: Jos\u00e9 R\u00edos Mercado. Para el\u00a0Colegio Alem\u00e1n\u00a0de Barranquilla\u00a0el cuidado del medio ambiente es\u00a0algo\u00a0primordial\u00a0y es [\u2026]","og_url":"https:\/\/ds-barranquilla.org\/de\/nuestro-colegio-le-dio-una-calurosa-bienvenida-a-la-klasse-12-en-su-retorno-al-colegio-2\/","og_site_name":"Colegio Alem\u00e1n - Los Mejores Colegios de Colombia - Colegio Triling\u00fce","article_publisher":"https:\/\/www.facebook.com\/ColegioAlemanBaq\/","article_published_time":"2021-02-09T15:26:12+00:00","article_modified_time":"2023-01-03T20:47:19+00:00","og_image":[{"width":816,"height":612,"url":"https:\/\/ds-barranquilla.org\/wp-content\/uploads\/2021\/03\/Energias.jpg","type":"image\/jpeg"}],"author":"Comunicaciones Comunicaciones","twitter_card":"summary_large_image","twitter_creator":"@ColegioAlemanBq","twitter_site":"@ColegioAlemanBq","twitter_misc":{"Verfasst von":"Comunicaciones Comunicaciones","Gesch\u00e4tzte Lesezeit":"3\u00a0Minuten"},"schema":{"@context":"https:\/\/schema.org","@graph":[{"@type":"Article","@id":"https:\/\/ds-barranquilla.org\/nuestro-colegio-le-dio-una-calurosa-bienvenida-a-la-klasse-12-en-su-retorno-al-colegio-2\/#article","isPartOf":{"@id":"https:\/\/ds-barranquilla.org\/nuestro-colegio-le-dio-una-calurosa-bienvenida-a-la-klasse-12-en-su-retorno-al-colegio-2\/"},"author":{"name":"Comunicaciones Comunicaciones","@id":"https:\/\/ds-barranquilla.org\/#\/schema\/person\/7bf8790ba89d3480e0551241ccdc8d36"},"headline":"Energ\u00edas Renovables: el compromiso de nuestro colegio con el medio ambiente","datePublished":"2021-02-09T15:26:12+00:00","dateModified":"2023-01-03T20:47:19+00:00","mainEntityOfPage":{"@id":"https:\/\/ds-barranquilla.org\/nuestro-colegio-le-dio-una-calurosa-bienvenida-a-la-klasse-12-en-su-retorno-al-colegio-2\/"},"wordCount":658,"commentCount":0,"publisher":{"@id":"https:\/\/ds-barranquilla.org\/#organization"},"image":{"@id":"https:\/\/ds-barranquilla.org\/nuestro-colegio-le-dio-una-calurosa-bienvenida-a-la-klasse-12-en-su-retorno-al-colegio-2\/#primaryimage"},"thumbnailUrl":"https:\/\/ds-barranquilla.org\/wp-content\/uploads\/2021\/03\/Energias.jpg","articleSection":["2021","\u00c1rea de Ciencias","Junta Directiva"],"inLanguage":"de","potentialAction":[{"@type":"CommentAction","name":"Comment","target":["https:\/\/ds-barranquilla.org\/nuestro-colegio-le-dio-una-calurosa-bienvenida-a-la-klasse-12-en-su-retorno-al-colegio-2\/#respond"]}]},{"@type":"WebPage","@id":"https:\/\/ds-barranquilla.org\/nuestro-colegio-le-dio-una-calurosa-bienvenida-a-la-klasse-12-en-su-retorno-al-colegio-2\/","url":"https:\/\/ds-barranquilla.org\/nuestro-colegio-le-dio-una-calurosa-bienvenida-a-la-klasse-12-en-su-retorno-al-colegio-2\/","name":"Energ\u00edas Renovables: el compromiso de nuestro colegio con el medio ambiente - 2026","isPartOf":{"@id":"https:\/\/ds-barranquilla.org\/#website"},"primaryImageOfPage":{"@id":"https:\/\/ds-barranquilla.org\/nuestro-colegio-le-dio-una-calurosa-bienvenida-a-la-klasse-12-en-su-retorno-al-colegio-2\/#primaryimage"},"image":{"@id":"https:\/\/ds-barranquilla.org\/nuestro-colegio-le-dio-una-calurosa-bienvenida-a-la-klasse-12-en-su-retorno-al-colegio-2\/#primaryimage"},"thumbnailUrl":"https:\/\/ds-barranquilla.org\/wp-content\/uploads\/2021\/03\/Energias.jpg","datePublished":"2021-02-09T15:26:12+00:00","dateModified":"2023-01-03T20:47:19+00:00","breadcrumb":{"@id":"https:\/\/ds-barranquilla.org\/nuestro-colegio-le-dio-una-calurosa-bienvenida-a-la-klasse-12-en-su-retorno-al-colegio-2\/#breadcrumb"},"inLanguage":"de","potentialAction":[{"@type":"ReadAction","target":["https:\/\/ds-barranquilla.org\/nuestro-colegio-le-dio-una-calurosa-bienvenida-a-la-klasse-12-en-su-retorno-al-colegio-2\/"]}]},{"@type":"ImageObject","inLanguage":"de","@id":"https:\/\/ds-barranquilla.org\/nuestro-colegio-le-dio-una-calurosa-bienvenida-a-la-klasse-12-en-su-retorno-al-colegio-2\/#primaryimage","url":"https:\/\/ds-barranquilla.org\/wp-content\/uploads\/2021\/03\/Energias.jpg","contentUrl":"https:\/\/ds-barranquilla.org\/wp-content\/uploads\/2021\/03\/Energias.jpg","width":816,"height":612},{"@type":"BreadcrumbList","@id":"https:\/\/ds-barranquilla.org\/nuestro-colegio-le-dio-una-calurosa-bienvenida-a-la-klasse-12-en-su-retorno-al-colegio-2\/#breadcrumb","itemListElement":[{"@type":"ListItem","position":1,"name":"Portada","item":"https:\/\/ds-barranquilla.org\/"},{"@type":"ListItem","position":2,"name":"Energ\u00edas Renovables: el compromiso de nuestro colegio con el medio ambiente"}]},{"@type":"WebSite","@id":"https:\/\/ds-barranquilla.org\/#website","url":"https:\/\/ds-barranquilla.org\/","name":"Colegio Alem\u00e1n - Los Mejores Colegios de Colombia - Colegio Triling\u00fce","description":"Colegio Alem\u00e1n  Barranquilla Colombia - Colegio Biling\u00fce - Triling\u00fce - El Mejor Colegio de Colombia","publisher":{"@id":"https:\/\/ds-barranquilla.org\/#organization"},"potentialAction":[{"@type":"SearchAction","target":{"@type":"EntryPoint","urlTemplate":"https:\/\/ds-barranquilla.org\/?s={search_term_string}"},"query-input":"required name=search_term_string"}],"inLanguage":"de"},{"@type":"Organization","@id":"https:\/\/ds-barranquilla.org\/#organization","name":"Colegio Alem\u00e1n Barranquilla","url":"https:\/\/ds-barranquilla.org\/","logo":{"@type":"ImageObject","inLanguage":"de","@id":"https:\/\/ds-barranquilla.org\/#\/schema\/logo\/image\/","url":"https:\/\/ds-barranquilla.org\/wp-content\/uploads\/2021\/05\/coleman_logo_2.png","contentUrl":"https:\/\/ds-barranquilla.org\/wp-content\/uploads\/2021\/05\/coleman_logo_2.png","width":418,"height":307,"caption":"Colegio Alem\u00e1n Barranquilla"},"image":{"@id":"https:\/\/ds-barranquilla.org\/#\/schema\/logo\/image\/"},"sameAs":["https:\/\/www.facebook.com\/ColegioAlemanBaq\/","https:\/\/x.com\/ColegioAlemanBq","https:\/\/www.instagram.com\/colegioalemanbaq\/","https:\/\/www.linkedin.com\/school\/deutsche-schule-barranquilla\/","https:\/\/www.youtube.com\/channel\/UCOOGZQCVs6aYRqIWvSN5agQ"]},{"@type":"Person","@id":"https:\/\/ds-barranquilla.org\/#\/schema\/person\/7bf8790ba89d3480e0551241ccdc8d36","name":"Comunicaciones Comunicaciones","image":{"@type":"ImageObject","inLanguage":"de","@id":"https:\/\/ds-barranquilla.org\/#\/schema\/person\/image\/","url":"https:\/\/secure.gravatar.com\/avatar\/a66ba9484a4338d81d6bea750e595038?s=96&d=mm&r=g","contentUrl":"https:\/\/secure.gravatar.com\/avatar\/a66ba9484a4338d81d6bea750e595038?s=96&d=mm&r=g","caption":"Comunicaciones Comunicaciones"}}]}},"_links":{"self":[{"href":"https:\/\/ds-barranquilla.org\/de\/wp-json\/wp\/v2\/posts\/6315"}],"collection":[{"href":"https:\/\/ds-barranquilla.org\/de\/wp-json\/wp\/v2\/posts"}],"about":[{"href":"https:\/\/ds-barranquilla.org\/de\/wp-json\/wp\/v2\/types\/post"}],"author":[{"embeddable":true,"href":"https:\/\/ds-barranquilla.org\/de\/wp-json\/wp\/v2\/users\/16"}],"replies":[{"embeddable":true,"href":"https:\/\/ds-barranquilla.org\/de\/wp-json\/wp\/v2\/comments?post=6315"}],"version-history":[{"count":4,"href":"https:\/\/ds-barranquilla.org\/de\/wp-json\/wp\/v2\/posts\/6315\/revisions"}],"predecessor-version":[{"id":6821,"href":"https:\/\/ds-barranquilla.org\/de\/wp-json\/wp\/v2\/posts\/6315\/revisions\/6821"}],"wp:featuredmedia":[{"embeddable":true,"href":"https:\/\/ds-barranquilla.org\/de\/wp-json\/wp\/v2\/media\/6629"}],"wp:attachment":[{"href":"https:\/\/ds-barranquilla.org\/de\/wp-json\/wp\/v2\/media?parent=6315"}],"wp:term":[{"taxonomy":"category","embeddable":true,"href":"https:\/\/ds-barranquilla.org\/de\/wp-json\/wp\/v2\/categories?post=6315"},{"taxonomy":"post_tag","embeddable":true,"href":"https:\/\/ds-barranquilla.org\/de\/wp-json\/wp\/v2\/tags?post=6315"}],"curies":[{"name":"wp","href":"https:\/\/api.w.org\/{rel}","templated":true}]}}