{"id":6317,"date":"2021-01-21T10:45:33","date_gmt":"2021-01-21T15:45:33","guid":{"rendered":"https:\/\/ds-barranquilla.org\/?p=6317"},"modified":"2023-01-04T08:55:58","modified_gmt":"2023-01-04T13:55:58","slug":"nuestro-colegio-le-dio-una-calurosa-bienvenida-a-la-klasse-12-en-su-retorno-al-colegio","status":"publish","type":"post","link":"https:\/\/ds-barranquilla.org\/de\/nuestro-colegio-le-dio-una-calurosa-bienvenida-a-la-klasse-12-en-su-retorno-al-colegio\/","title":{"rendered":"Nuestro colegio le dio una calurosa bienvenida a la Klasse 12 en su retorno al colegio"},"content":{"rendered":"<h1>Nuestro colegio le dio una calurosa bienvenida a la Klasse 12 en su retorno al colegio<\/h1>\n<p><strong>Geschrieben von: Jos\u00e9 R\u00edos Mercado.<\/strong> Un emotiva bienvenida recibieron los estudiantes de la Klasse 12 (AbiPremier) por parte de directivos, docentes y empleados en su retorno al colegio, luego de un prolongado tiempo de no poder visitar sus instalaciones. Durante la jornada, los j\u00f3venes, adem\u00e1s de poder reencontrarse f\u00edsicamente con sus compa\u00f1eros y profesores, recorrieron las instalaciones y conocieron en detalle la log\u00edstica de la instituci\u00f3n de cara a la implementaci\u00f3n del Modelo de Alternancia.<\/p>\n<p>\u201cEl \u00e9xito de esta iniciativa es producto del esfuerzo de las diferentes \u00e1reas que conforman el colegio. El prop\u00f3sito de este retorno es que los estudiantes reconozcan las adecuaciones realizadas y que cambien su forma de pensar con relaci\u00f3n a la Nueva Normalidad. Poder ver a sus compa\u00f1eros y sentirse unidos, es muy importante para ellos; esta posibilidad les permite revivir muchos momentos aqu\u00ed experimentados\u201d, expres\u00f3 la Directora de Secundaria, Lizbana Rueda.<\/p>\n<p>Por su parte, el Director de la Klasse 12A, Jos\u00e9 Bermejo, indic\u00f3 que el reencuentro result\u00f3 muy emotivo para los j\u00f3venes y destac\u00f3 la fortaleza emocional de ellos en un momento tan dif\u00edcil como el actual por causa de la pandemia. As\u00ed mismo, manifest\u00f3 que la madurez de estos estudiantes ha sido fundamental para que pudieran adaptarse a lo que mundo les propone d\u00eda a d\u00eda; esto hace que cualquier reto que enfrenten lo puedan superar y eso se ha evidenciado en las clases virtuales.<\/p>\n<p>Entre los actos programados para esta jornada se les dio a los j\u00f3venes una serenata por parte del docente de M\u00fasica, Juan Restrepo; los estudiantes participaron de una coreograf\u00eda coordinada por la docente de Danza, Marilin Barros; se les organiz\u00f3 una \u2018Calle de Honor\u2019, en la que administrativos, docentes y contratistas, con diferentes carteles, los saludaron; y tomaron parte de una actividad socioafectiva para conocer sus puntos de vista durante el per\u00edodo de aislamiento.<\/p>\n<p>Adem\u00e1s de ser homenajeados en la instituci\u00f3n, los miembros de AbiPremier tambi\u00e9n fueron sorprendidos en sus hogares y fueron sus familias las que los recibieron de una manera muy especial con\u00a0carteleras, \u00e1lbumes, posters y cajas de recuerdos, con sus mejores fotos a lo largo de su vida escolar. De esta forma, les expresaron a sus hijos el amor incondicional y el apoyo que siempre estar\u00e1n dispuestos a brindarles.<\/p>","protected":false},"excerpt":{"rendered":"<p>Un emotiva bienvenida recibieron los estudiantes de la Klasse 12 (AbiPremier) por parte de directivos, docentes y empleados en su retorno al colegio, luego de un prolongado tiempo de no poder visitar sus instalaciones. Durante la jornada, los j\u00f3venes, adem\u00e1s de poder reencontrarse f\u00edsicamente con sus compa\u00f1eros y profesores, recorrieron las instalaciones y conocieron en detalle la log\u00edstica de la instituci\u00f3n de cara a la implementaci\u00f3n del Modelo de Alternancia.<\/p>","protected":false},"author":16,"featured_media":6320,"comment_status":"open","ping_status":"open","sticky":false,"template":"","format":"standard","meta":{"_exactmetrics_skip_tracking":false,"_exactmetrics_sitenote_active":false,"_exactmetrics_sitenote_note":"","_exactmetrics_sitenote_category":0,"_joinchat":[],"footnotes":""},"categories":[681,709,710],"tags":[],"class_list":["post-6317","post","type-post","status-publish","format-standard","has-post-thumbnail","hentry","category-681","category-rectoria","category-secundaria"],"yoast_head":"<!-- This site is optimized with the Yoast SEO plugin v23.3 - https:\/\/yoast.com\/wordpress\/plugins\/seo\/ -->\n<title>Nuestro colegio le dio una calurosa bienvenida a la Klasse 12 en su retorno al colegio - 2026<\/title>\n<meta name=\"robots\" content=\"noindex, follow, max-snippet:-1, max-image-preview:large, max-video-preview:-1\" \/>\n<meta property=\"og:locale\" content=\"de_DE\" \/>\n<meta property=\"og:type\" content=\"article\" \/>\n<meta property=\"og:title\" content=\"Nuestro colegio le dio una calurosa bienvenida a la Klasse 12 en su retorno al colegio - 2026\" \/>\n<meta property=\"og:description\" content=\"Un emotiva bienvenida recibieron los estudiantes de la Klasse 12 (AbiPremier) por parte de directivos, docentes y empleados en su retorno al colegio, luego de un prolongado tiempo de no poder visitar sus instalaciones. Durante la jornada, los j\u00f3venes, adem\u00e1s de poder reencontrarse f\u00edsicamente con sus compa\u00f1eros y profesores, recorrieron las instalaciones y conocieron en detalle la log\u00edstica de la instituci\u00f3n de cara a la implementaci\u00f3n del Modelo de Alternancia.\" \/>\n<meta property=\"og:url\" content=\"https:\/\/ds-barranquilla.org\/de\/nuestro-colegio-le-dio-una-calurosa-bienvenida-a-la-klasse-12-en-su-retorno-al-colegio\/\" \/>\n<meta property=\"og:site_name\" content=\"Colegio Alem\u00e1n - Los Mejores Colegios de Colombia - Colegio Triling\u00fce\" \/>\n<meta property=\"article:publisher\" content=\"https:\/\/www.facebook.com\/ColegioAlemanBaq\/\" \/>\n<meta property=\"article:published_time\" content=\"2021-01-21T15:45:33+00:00\" \/>\n<meta property=\"article:modified_time\" content=\"2023-01-04T13:55:58+00:00\" \/>\n<meta property=\"og:image\" content=\"https:\/\/ds-barranquilla.org\/wp-content\/uploads\/2021\/01\/IMG_7023-scaled.jpg\" \/>\n\t<meta property=\"og:image:width\" content=\"2560\" \/>\n\t<meta property=\"og:image:height\" content=\"1707\" \/>\n\t<meta property=\"og:image:type\" content=\"image\/jpeg\" \/>\n<meta name=\"author\" content=\"Comunicaciones Comunicaciones\" \/>\n<meta name=\"twitter:card\" content=\"summary_large_image\" \/>\n<meta name=\"twitter:creator\" content=\"@ColegioAlemanBq\" \/>\n<meta name=\"twitter:site\" content=\"@ColegioAlemanBq\" \/>\n<meta name=\"twitter:label1\" content=\"Verfasst von\" \/>\n\t<meta name=\"twitter:data1\" content=\"Comunicaciones Comunicaciones\" \/>\n\t<meta name=\"twitter:label2\" content=\"Gesch\u00e4tzte Lesezeit\" \/>\n\t<meta name=\"twitter:data2\" content=\"2\u00a0Minuten\" \/>\n<script type=\"application\/ld+json\" class=\"yoast-schema-graph\">{\"@context\":\"https:\/\/schema.org\",\"@graph\":[{\"@type\":\"Article\",\"@id\":\"https:\/\/ds-barranquilla.org\/de\/nuestro-colegio-le-dio-una-calurosa-bienvenida-a-la-klasse-12-en-su-retorno-al-colegio\/#article\",\"isPartOf\":{\"@id\":\"https:\/\/ds-barranquilla.org\/de\/nuestro-colegio-le-dio-una-calurosa-bienvenida-a-la-klasse-12-en-su-retorno-al-colegio\/\"},\"author\":{\"name\":\"Comunicaciones Comunicaciones\",\"@id\":\"https:\/\/ds-barranquilla.org\/#\/schema\/person\/7bf8790ba89d3480e0551241ccdc8d36\"},\"headline\":\"Nuestro colegio le dio una calurosa bienvenida a la Klasse 12 en su retorno al colegio\",\"datePublished\":\"2021-01-21T15:45:33+00:00\",\"dateModified\":\"2023-01-04T13:55:58+00:00\",\"mainEntityOfPage\":{\"@id\":\"https:\/\/ds-barranquilla.org\/de\/nuestro-colegio-le-dio-una-calurosa-bienvenida-a-la-klasse-12-en-su-retorno-al-colegio\/\"},\"wordCount\":427,\"commentCount\":0,\"publisher\":{\"@id\":\"https:\/\/ds-barranquilla.org\/#organization\"},\"image\":{\"@id\":\"https:\/\/ds-barranquilla.org\/de\/nuestro-colegio-le-dio-una-calurosa-bienvenida-a-la-klasse-12-en-su-retorno-al-colegio\/#primaryimage\"},\"thumbnailUrl\":\"https:\/\/ds-barranquilla.org\/wp-content\/uploads\/2021\/01\/IMG_7023-scaled.jpg\",\"articleSection\":[\"2021\",\"Rector\u00eda\",\"Secundaria\"],\"inLanguage\":\"de\",\"potentialAction\":[{\"@type\":\"CommentAction\",\"name\":\"Comment\",\"target\":[\"https:\/\/ds-barranquilla.org\/de\/nuestro-colegio-le-dio-una-calurosa-bienvenida-a-la-klasse-12-en-su-retorno-al-colegio\/#respond\"]}]},{\"@type\":\"WebPage\",\"@id\":\"https:\/\/ds-barranquilla.org\/de\/nuestro-colegio-le-dio-una-calurosa-bienvenida-a-la-klasse-12-en-su-retorno-al-colegio\/\",\"url\":\"https:\/\/ds-barranquilla.org\/de\/nuestro-colegio-le-dio-una-calurosa-bienvenida-a-la-klasse-12-en-su-retorno-al-colegio\/\",\"name\":\"Nuestro colegio le dio una calurosa bienvenida a la Klasse 12 en su retorno al colegio - 2026\",\"isPartOf\":{\"@id\":\"https:\/\/ds-barranquilla.org\/#website\"},\"primaryImageOfPage\":{\"@id\":\"https:\/\/ds-barranquilla.org\/de\/nuestro-colegio-le-dio-una-calurosa-bienvenida-a-la-klasse-12-en-su-retorno-al-colegio\/#primaryimage\"},\"image\":{\"@id\":\"https:\/\/ds-barranquilla.org\/de\/nuestro-colegio-le-dio-una-calurosa-bienvenida-a-la-klasse-12-en-su-retorno-al-colegio\/#primaryimage\"},\"thumbnailUrl\":\"https:\/\/ds-barranquilla.org\/wp-content\/uploads\/2021\/01\/IMG_7023-scaled.jpg\",\"datePublished\":\"2021-01-21T15:45:33+00:00\",\"dateModified\":\"2023-01-04T13:55:58+00:00\",\"breadcrumb\":{\"@id\":\"https:\/\/ds-barranquilla.org\/de\/nuestro-colegio-le-dio-una-calurosa-bienvenida-a-la-klasse-12-en-su-retorno-al-colegio\/#breadcrumb\"},\"inLanguage\":\"de\",\"potentialAction\":[{\"@type\":\"ReadAction\",\"target\":[\"https:\/\/ds-barranquilla.org\/de\/nuestro-colegio-le-dio-una-calurosa-bienvenida-a-la-klasse-12-en-su-retorno-al-colegio\/\"]}]},{\"@type\":\"ImageObject\",\"inLanguage\":\"de\",\"@id\":\"https:\/\/ds-barranquilla.org\/de\/nuestro-colegio-le-dio-una-calurosa-bienvenida-a-la-klasse-12-en-su-retorno-al-colegio\/#primaryimage\",\"url\":\"https:\/\/ds-barranquilla.org\/wp-content\/uploads\/2021\/01\/IMG_7023-scaled.jpg\",\"contentUrl\":\"https:\/\/ds-barranquilla.org\/wp-content\/uploads\/2021\/01\/IMG_7023-scaled.jpg\",\"width\":2560,\"height\":1707},{\"@type\":\"BreadcrumbList\",\"@id\":\"https:\/\/ds-barranquilla.org\/de\/nuestro-colegio-le-dio-una-calurosa-bienvenida-a-la-klasse-12-en-su-retorno-al-colegio\/#breadcrumb\",\"itemListElement\":[{\"@type\":\"ListItem\",\"position\":1,\"name\":\"Portada\",\"item\":\"https:\/\/ds-barranquilla.org\/\"},{\"@type\":\"ListItem\",\"position\":2,\"name\":\"Nuestro colegio le dio una calurosa bienvenida a la Klasse 12 en su retorno al colegio\"}]},{\"@type\":\"WebSite\",\"@id\":\"https:\/\/ds-barranquilla.org\/#website\",\"url\":\"https:\/\/ds-barranquilla.org\/\",\"name\":\"Colegio Alem\u00e1n - Los Mejores Colegios de Colombia - Colegio Triling\u00fce\",\"description\":\"Colegio Alem\u00e1n  Barranquilla Colombia - Colegio Biling\u00fce - Triling\u00fce - El Mejor Colegio de Colombia\",\"publisher\":{\"@id\":\"https:\/\/ds-barranquilla.org\/#organization\"},\"potentialAction\":[{\"@type\":\"SearchAction\",\"target\":{\"@type\":\"EntryPoint\",\"urlTemplate\":\"https:\/\/ds-barranquilla.org\/?s={search_term_string}\"},\"query-input\":\"required name=search_term_string\"}],\"inLanguage\":\"de\"},{\"@type\":\"Organization\",\"@id\":\"https:\/\/ds-barranquilla.org\/#organization\",\"name\":\"Colegio Alem\u00e1n Barranquilla\",\"url\":\"https:\/\/ds-barranquilla.org\/\",\"logo\":{\"@type\":\"ImageObject\",\"inLanguage\":\"de\",\"@id\":\"https:\/\/ds-barranquilla.org\/#\/schema\/logo\/image\/\",\"url\":\"https:\/\/ds-barranquilla.org\/wp-content\/uploads\/2021\/05\/coleman_logo_2.png\",\"contentUrl\":\"https:\/\/ds-barranquilla.org\/wp-content\/uploads\/2021\/05\/coleman_logo_2.png\",\"width\":418,\"height\":307,\"caption\":\"Colegio Alem\u00e1n Barranquilla\"},\"image\":{\"@id\":\"https:\/\/ds-barranquilla.org\/#\/schema\/logo\/image\/\"},\"sameAs\":[\"https:\/\/www.facebook.com\/ColegioAlemanBaq\/\",\"https:\/\/x.com\/ColegioAlemanBq\",\"https:\/\/www.instagram.com\/colegioalemanbaq\/\",\"https:\/\/www.linkedin.com\/school\/deutsche-schule-barranquilla\/\",\"https:\/\/www.youtube.com\/channel\/UCOOGZQCVs6aYRqIWvSN5agQ\"]},{\"@type\":\"Person\",\"@id\":\"https:\/\/ds-barranquilla.org\/#\/schema\/person\/7bf8790ba89d3480e0551241ccdc8d36\",\"name\":\"Comunicaciones Comunicaciones\",\"image\":{\"@type\":\"ImageObject\",\"inLanguage\":\"de\",\"@id\":\"https:\/\/ds-barranquilla.org\/#\/schema\/person\/image\/\",\"url\":\"https:\/\/secure.gravatar.com\/avatar\/a66ba9484a4338d81d6bea750e595038?s=96&d=mm&r=g\",\"contentUrl\":\"https:\/\/secure.gravatar.com\/avatar\/a66ba9484a4338d81d6bea750e595038?s=96&d=mm&r=g\",\"caption\":\"Comunicaciones Comunicaciones\"}}]}<\/script>\n<!-- \/ Yoast SEO plugin. -->","yoast_head_json":{"title":"Nuestro colegio le dio una calurosa bienvenida a la Klasse 12 en su retorno al colegio - 2026","robots":{"index":"noindex","follow":"follow","max-snippet":"max-snippet:-1","max-image-preview":"max-image-preview:large","max-video-preview":"max-video-preview:-1"},"og_locale":"de_DE","og_type":"article","og_title":"Nuestro colegio le dio una calurosa bienvenida a la Klasse 12 en su retorno al colegio - 2026","og_description":"Un emotiva bienvenida recibieron los estudiantes de la Klasse 12 (AbiPremier) por parte de directivos, docentes y empleados en su retorno al colegio, luego de un prolongado tiempo de no poder visitar sus instalaciones. Durante la jornada, los j\u00f3venes, adem\u00e1s de poder reencontrarse f\u00edsicamente con sus compa\u00f1eros y profesores, recorrieron las instalaciones y conocieron en detalle la log\u00edstica de la instituci\u00f3n de cara a la implementaci\u00f3n del Modelo de Alternancia.","og_url":"https:\/\/ds-barranquilla.org\/de\/nuestro-colegio-le-dio-una-calurosa-bienvenida-a-la-klasse-12-en-su-retorno-al-colegio\/","og_site_name":"Colegio Alem\u00e1n - Los Mejores Colegios de Colombia - Colegio Triling\u00fce","article_publisher":"https:\/\/www.facebook.com\/ColegioAlemanBaq\/","article_published_time":"2021-01-21T15:45:33+00:00","article_modified_time":"2023-01-04T13:55:58+00:00","og_image":[{"width":2560,"height":1707,"url":"https:\/\/ds-barranquilla.org\/wp-content\/uploads\/2021\/01\/IMG_7023-scaled.jpg","type":"image\/jpeg"}],"author":"Comunicaciones Comunicaciones","twitter_card":"summary_large_image","twitter_creator":"@ColegioAlemanBq","twitter_site":"@ColegioAlemanBq","twitter_misc":{"Verfasst von":"Comunicaciones Comunicaciones","Gesch\u00e4tzte Lesezeit":"2\u00a0Minuten"},"schema":{"@context":"https:\/\/schema.org","@graph":[{"@type":"Article","@id":"https:\/\/ds-barranquilla.org\/de\/nuestro-colegio-le-dio-una-calurosa-bienvenida-a-la-klasse-12-en-su-retorno-al-colegio\/#article","isPartOf":{"@id":"https:\/\/ds-barranquilla.org\/de\/nuestro-colegio-le-dio-una-calurosa-bienvenida-a-la-klasse-12-en-su-retorno-al-colegio\/"},"author":{"name":"Comunicaciones Comunicaciones","@id":"https:\/\/ds-barranquilla.org\/#\/schema\/person\/7bf8790ba89d3480e0551241ccdc8d36"},"headline":"Nuestro colegio le dio una calurosa bienvenida a la Klasse 12 en su retorno al colegio","datePublished":"2021-01-21T15:45:33+00:00","dateModified":"2023-01-04T13:55:58+00:00","mainEntityOfPage":{"@id":"https:\/\/ds-barranquilla.org\/de\/nuestro-colegio-le-dio-una-calurosa-bienvenida-a-la-klasse-12-en-su-retorno-al-colegio\/"},"wordCount":427,"commentCount":0,"publisher":{"@id":"https:\/\/ds-barranquilla.org\/#organization"},"image":{"@id":"https:\/\/ds-barranquilla.org\/de\/nuestro-colegio-le-dio-una-calurosa-bienvenida-a-la-klasse-12-en-su-retorno-al-colegio\/#primaryimage"},"thumbnailUrl":"https:\/\/ds-barranquilla.org\/wp-content\/uploads\/2021\/01\/IMG_7023-scaled.jpg","articleSection":["2021","Rector\u00eda","Secundaria"],"inLanguage":"de","potentialAction":[{"@type":"CommentAction","name":"Comment","target":["https:\/\/ds-barranquilla.org\/de\/nuestro-colegio-le-dio-una-calurosa-bienvenida-a-la-klasse-12-en-su-retorno-al-colegio\/#respond"]}]},{"@type":"WebPage","@id":"https:\/\/ds-barranquilla.org\/de\/nuestro-colegio-le-dio-una-calurosa-bienvenida-a-la-klasse-12-en-su-retorno-al-colegio\/","url":"https:\/\/ds-barranquilla.org\/de\/nuestro-colegio-le-dio-una-calurosa-bienvenida-a-la-klasse-12-en-su-retorno-al-colegio\/","name":"Nuestro colegio le dio una calurosa bienvenida a la Klasse 12 en su retorno al colegio - 2026","isPartOf":{"@id":"https:\/\/ds-barranquilla.org\/#website"},"primaryImageOfPage":{"@id":"https:\/\/ds-barranquilla.org\/de\/nuestro-colegio-le-dio-una-calurosa-bienvenida-a-la-klasse-12-en-su-retorno-al-colegio\/#primaryimage"},"image":{"@id":"https:\/\/ds-barranquilla.org\/de\/nuestro-colegio-le-dio-una-calurosa-bienvenida-a-la-klasse-12-en-su-retorno-al-colegio\/#primaryimage"},"thumbnailUrl":"https:\/\/ds-barranquilla.org\/wp-content\/uploads\/2021\/01\/IMG_7023-scaled.jpg","datePublished":"2021-01-21T15:45:33+00:00","dateModified":"2023-01-04T13:55:58+00:00","breadcrumb":{"@id":"https:\/\/ds-barranquilla.org\/de\/nuestro-colegio-le-dio-una-calurosa-bienvenida-a-la-klasse-12-en-su-retorno-al-colegio\/#breadcrumb"},"inLanguage":"de","potentialAction":[{"@type":"ReadAction","target":["https:\/\/ds-barranquilla.org\/de\/nuestro-colegio-le-dio-una-calurosa-bienvenida-a-la-klasse-12-en-su-retorno-al-colegio\/"]}]},{"@type":"ImageObject","inLanguage":"de","@id":"https:\/\/ds-barranquilla.org\/de\/nuestro-colegio-le-dio-una-calurosa-bienvenida-a-la-klasse-12-en-su-retorno-al-colegio\/#primaryimage","url":"https:\/\/ds-barranquilla.org\/wp-content\/uploads\/2021\/01\/IMG_7023-scaled.jpg","contentUrl":"https:\/\/ds-barranquilla.org\/wp-content\/uploads\/2021\/01\/IMG_7023-scaled.jpg","width":2560,"height":1707},{"@type":"BreadcrumbList","@id":"https:\/\/ds-barranquilla.org\/de\/nuestro-colegio-le-dio-una-calurosa-bienvenida-a-la-klasse-12-en-su-retorno-al-colegio\/#breadcrumb","itemListElement":[{"@type":"ListItem","position":1,"name":"Portada","item":"https:\/\/ds-barranquilla.org\/"},{"@type":"ListItem","position":2,"name":"Nuestro colegio le dio una calurosa bienvenida a la Klasse 12 en su retorno al colegio"}]},{"@type":"WebSite","@id":"https:\/\/ds-barranquilla.org\/#website","url":"https:\/\/ds-barranquilla.org\/","name":"Colegio Alem\u00e1n - Los Mejores Colegios de Colombia - Colegio Triling\u00fce","description":"Colegio Alem\u00e1n  Barranquilla Colombia - Colegio Biling\u00fce - Triling\u00fce - El Mejor Colegio de Colombia","publisher":{"@id":"https:\/\/ds-barranquilla.org\/#organization"},"potentialAction":[{"@type":"SearchAction","target":{"@type":"EntryPoint","urlTemplate":"https:\/\/ds-barranquilla.org\/?s={search_term_string}"},"query-input":"required name=search_term_string"}],"inLanguage":"de"},{"@type":"Organization","@id":"https:\/\/ds-barranquilla.org\/#organization","name":"Colegio Alem\u00e1n Barranquilla","url":"https:\/\/ds-barranquilla.org\/","logo":{"@type":"ImageObject","inLanguage":"de","@id":"https:\/\/ds-barranquilla.org\/#\/schema\/logo\/image\/","url":"https:\/\/ds-barranquilla.org\/wp-content\/uploads\/2021\/05\/coleman_logo_2.png","contentUrl":"https:\/\/ds-barranquilla.org\/wp-content\/uploads\/2021\/05\/coleman_logo_2.png","width":418,"height":307,"caption":"Colegio Alem\u00e1n Barranquilla"},"image":{"@id":"https:\/\/ds-barranquilla.org\/#\/schema\/logo\/image\/"},"sameAs":["https:\/\/www.facebook.com\/ColegioAlemanBaq\/","https:\/\/x.com\/ColegioAlemanBq","https:\/\/www.instagram.com\/colegioalemanbaq\/","https:\/\/www.linkedin.com\/school\/deutsche-schule-barranquilla\/","https:\/\/www.youtube.com\/channel\/UCOOGZQCVs6aYRqIWvSN5agQ"]},{"@type":"Person","@id":"https:\/\/ds-barranquilla.org\/#\/schema\/person\/7bf8790ba89d3480e0551241ccdc8d36","name":"Comunicaciones Comunicaciones","image":{"@type":"ImageObject","inLanguage":"de","@id":"https:\/\/ds-barranquilla.org\/#\/schema\/person\/image\/","url":"https:\/\/secure.gravatar.com\/avatar\/a66ba9484a4338d81d6bea750e595038?s=96&d=mm&r=g","contentUrl":"https:\/\/secure.gravatar.com\/avatar\/a66ba9484a4338d81d6bea750e595038?s=96&d=mm&r=g","caption":"Comunicaciones Comunicaciones"}}]}},"_links":{"self":[{"href":"https:\/\/ds-barranquilla.org\/de\/wp-json\/wp\/v2\/posts\/6317"}],"collection":[{"href":"https:\/\/ds-barranquilla.org\/de\/wp-json\/wp\/v2\/posts"}],"about":[{"href":"https:\/\/ds-barranquilla.org\/de\/wp-json\/wp\/v2\/types\/post"}],"author":[{"embeddable":true,"href":"https:\/\/ds-barranquilla.org\/de\/wp-json\/wp\/v2\/users\/16"}],"replies":[{"embeddable":true,"href":"https:\/\/ds-barranquilla.org\/de\/wp-json\/wp\/v2\/comments?post=6317"}],"version-history":[{"count":9,"href":"https:\/\/ds-barranquilla.org\/de\/wp-json\/wp\/v2\/posts\/6317\/revisions"}],"predecessor-version":[{"id":6814,"href":"https:\/\/ds-barranquilla.org\/de\/wp-json\/wp\/v2\/posts\/6317\/revisions\/6814"}],"wp:featuredmedia":[{"embeddable":true,"href":"https:\/\/ds-barranquilla.org\/de\/wp-json\/wp\/v2\/media\/6320"}],"wp:attachment":[{"href":"https:\/\/ds-barranquilla.org\/de\/wp-json\/wp\/v2\/media?parent=6317"}],"wp:term":[{"taxonomy":"category","embeddable":true,"href":"https:\/\/ds-barranquilla.org\/de\/wp-json\/wp\/v2\/categories?post=6317"},{"taxonomy":"post_tag","embeddable":true,"href":"https:\/\/ds-barranquilla.org\/de\/wp-json\/wp\/v2\/tags?post=6317"}],"curies":[{"name":"wp","href":"https:\/\/api.w.org\/{rel}","templated":true}]}}