{"id":6352,"date":"2021-02-02T14:42:33","date_gmt":"2021-02-02T19:42:33","guid":{"rendered":"https:\/\/ds-barranquilla.org\/?p=6352"},"modified":"2023-01-03T16:00:29","modified_gmt":"2023-01-03T21:00:29","slug":"estudiantes-de-nuestro-colegio-se-destacaron-durante-el-viii-desmun-del-colegio-andino","status":"publish","type":"post","link":"https:\/\/ds-barranquilla.org\/de\/estudiantes-de-nuestro-colegio-se-destacaron-durante-el-viii-desmun-del-colegio-andino\/","title":{"rendered":"Estudiantes de nuestro colegio se destacaron durante el VIII DESMUN del Colegio Andino"},"content":{"rendered":"<h1>Estudiantes de nuestro colegio se destacaron durante el VIII DESMUN del Colegio Andino<\/h1>\n<div class=\"extra\"><strong>Geschrieben von: Jos\u00e9 R\u00edos Mercado.<\/strong> Nuestros estudiantes Samuel Blanco Fandi\u00f1o, Santiago Cuadrado Rinc\u00f3n, Antonio Isaza Abello, Andr\u00e9s Jaraba M\u00e1rquez, Jorge Morales Barrios, Alberto Pertuz Noriega, Willy Series Martes, Santiago Uribe Abudinen y Carlos Vendries Giraldo, tuvieron una sobresaliente participaci\u00f3n durante la octava edici\u00f3n del Modelo de Naciones Unidas DESMUN, organizado por el Colegio Andino de Bogot\u00e1.<\/div>\n<div class=\"row\">\n<div class=\"col-md-12\">\n<div class=\"news-text-wrap\">\n<p>\u201cLos estudiantes de nuestra instituci\u00f3n se destacaron tanto por sus capacidades como por sus competencias, recibiendo excelentes comentarios por sus roles y argumentaciones al momento de sus intervenciones, tres de ellos pasaron a plenaria: Samuel Blanco, Santiago Cuadrado, Santiago Uribe y Carlos Vendries. As\u00ed mismo, fueron exaltados Alberto Pertuz como Magistrado sobresaliente, Carlos Vendries como Delegado distinguido, mientras que Santiago Cuadrado recibi\u00f3 menci\u00f3n de Honor\u201d, indic\u00f3 la Coordinadora del \u00c1rea de Individuos y Sociedades, Carmen Andrade M\u00e1rquez.<\/p>\n<p>El evento, realizado por primera vez de forma virtual, se desarroll\u00f3 del 26 al 28 de enero.<\/p>\n<\/div>\n<\/div>\n<\/div>","protected":false},"excerpt":{"rendered":"<p>Estudiantes de nuestro colegio se destacaron durante el VIII DESMUN del Colegio Andino Creado por: Jos\u00e9 R\u00edos Mercado. Nuestros estudiantes Samuel Blanco Fandi\u00f1o, Santiago Cuadrado Rinc\u00f3n,<span class=\"excerpt-hellip\"> [\u2026]<\/span><\/p>","protected":false},"author":16,"featured_media":6357,"comment_status":"open","ping_status":"open","sticky":false,"template":"","format":"standard","meta":{"_exactmetrics_skip_tracking":false,"_exactmetrics_sitenote_active":false,"_exactmetrics_sitenote_note":"","_exactmetrics_sitenote_category":0,"_joinchat":[],"footnotes":""},"categories":[681,688,710],"tags":[],"class_list":["post-6352","post","type-post","status-publish","format-standard","has-post-thumbnail","hentry","category-681","category-area-de-individuos-y-sociedades","category-secundaria"],"yoast_head":"<!-- This site is optimized with the Yoast SEO plugin v23.3 - https:\/\/yoast.com\/wordpress\/plugins\/seo\/ -->\n<title>Estudiantes de nuestro colegio se destacaron durante el VIII DESMUN del Colegio Andino - 2026<\/title>\n<meta name=\"robots\" content=\"noindex, follow, max-snippet:-1, max-image-preview:large, max-video-preview:-1\" \/>\n<meta property=\"og:locale\" content=\"de_DE\" \/>\n<meta property=\"og:type\" content=\"article\" \/>\n<meta property=\"og:title\" content=\"Estudiantes de nuestro colegio se destacaron durante el VIII DESMUN del Colegio Andino - 2026\" \/>\n<meta property=\"og:description\" content=\"Estudiantes de nuestro colegio se destacaron durante el VIII DESMUN del Colegio Andino Creado por: Jos\u00e9 R\u00edos Mercado. Nuestros estudiantes Samuel Blanco Fandi\u00f1o, Santiago Cuadrado Rinc\u00f3n, [\u2026]\" \/>\n<meta property=\"og:url\" content=\"https:\/\/ds-barranquilla.org\/de\/estudiantes-de-nuestro-colegio-se-destacaron-durante-el-viii-desmun-del-colegio-andino\/\" \/>\n<meta property=\"og:site_name\" content=\"Colegio Alem\u00e1n - Los Mejores Colegios de Colombia - Colegio Triling\u00fce\" \/>\n<meta property=\"article:publisher\" content=\"https:\/\/www.facebook.com\/ColegioAlemanBaq\/\" \/>\n<meta property=\"article:published_time\" content=\"2021-02-02T19:42:33+00:00\" \/>\n<meta property=\"article:modified_time\" content=\"2023-01-03T21:00:29+00:00\" \/>\n<meta property=\"og:image\" content=\"https:\/\/ds-barranquilla.org\/wp-content\/uploads\/2021\/02\/PHOTO-2021-02-02-07-17-01.jpg\" \/>\n\t<meta property=\"og:image:width\" content=\"1280\" \/>\n\t<meta property=\"og:image:height\" content=\"716\" \/>\n\t<meta property=\"og:image:type\" content=\"image\/jpeg\" \/>\n<meta name=\"author\" content=\"Comunicaciones Comunicaciones\" \/>\n<meta name=\"twitter:card\" content=\"summary_large_image\" \/>\n<meta name=\"twitter:creator\" content=\"@ColegioAlemanBq\" \/>\n<meta name=\"twitter:site\" content=\"@ColegioAlemanBq\" \/>\n<meta name=\"twitter:label1\" content=\"Verfasst von\" \/>\n\t<meta name=\"twitter:data1\" content=\"Comunicaciones Comunicaciones\" \/>\n\t<meta name=\"twitter:label2\" content=\"Gesch\u00e4tzte Lesezeit\" \/>\n\t<meta name=\"twitter:data2\" content=\"1\u00a0Minute\" \/>\n<script type=\"application\/ld+json\" class=\"yoast-schema-graph\">{\"@context\":\"https:\/\/schema.org\",\"@graph\":[{\"@type\":\"Article\",\"@id\":\"https:\/\/ds-barranquilla.org\/de\/estudiantes-de-nuestro-colegio-se-destacaron-durante-el-viii-desmun-del-colegio-andino\/#article\",\"isPartOf\":{\"@id\":\"https:\/\/ds-barranquilla.org\/de\/estudiantes-de-nuestro-colegio-se-destacaron-durante-el-viii-desmun-del-colegio-andino\/\"},\"author\":{\"name\":\"Comunicaciones Comunicaciones\",\"@id\":\"https:\/\/ds-barranquilla.org\/#\/schema\/person\/7bf8790ba89d3480e0551241ccdc8d36\"},\"headline\":\"Estudiantes de nuestro colegio se destacaron durante el VIII DESMUN del Colegio Andino\",\"datePublished\":\"2021-02-02T19:42:33+00:00\",\"dateModified\":\"2023-01-03T21:00:29+00:00\",\"mainEntityOfPage\":{\"@id\":\"https:\/\/ds-barranquilla.org\/de\/estudiantes-de-nuestro-colegio-se-destacaron-durante-el-viii-desmun-del-colegio-andino\/\"},\"wordCount\":184,\"commentCount\":0,\"publisher\":{\"@id\":\"https:\/\/ds-barranquilla.org\/#organization\"},\"image\":{\"@id\":\"https:\/\/ds-barranquilla.org\/de\/estudiantes-de-nuestro-colegio-se-destacaron-durante-el-viii-desmun-del-colegio-andino\/#primaryimage\"},\"thumbnailUrl\":\"https:\/\/ds-barranquilla.org\/wp-content\/uploads\/2021\/02\/PHOTO-2021-02-02-07-17-01.jpg\",\"articleSection\":[\"2021\",\"\u00c1rea de Individuos y Sociedades\",\"Secundaria\"],\"inLanguage\":\"de\",\"potentialAction\":[{\"@type\":\"CommentAction\",\"name\":\"Comment\",\"target\":[\"https:\/\/ds-barranquilla.org\/de\/estudiantes-de-nuestro-colegio-se-destacaron-durante-el-viii-desmun-del-colegio-andino\/#respond\"]}]},{\"@type\":\"WebPage\",\"@id\":\"https:\/\/ds-barranquilla.org\/de\/estudiantes-de-nuestro-colegio-se-destacaron-durante-el-viii-desmun-del-colegio-andino\/\",\"url\":\"https:\/\/ds-barranquilla.org\/de\/estudiantes-de-nuestro-colegio-se-destacaron-durante-el-viii-desmun-del-colegio-andino\/\",\"name\":\"Estudiantes de nuestro colegio se destacaron durante el VIII DESMUN del Colegio Andino - 2026\",\"isPartOf\":{\"@id\":\"https:\/\/ds-barranquilla.org\/#website\"},\"primaryImageOfPage\":{\"@id\":\"https:\/\/ds-barranquilla.org\/de\/estudiantes-de-nuestro-colegio-se-destacaron-durante-el-viii-desmun-del-colegio-andino\/#primaryimage\"},\"image\":{\"@id\":\"https:\/\/ds-barranquilla.org\/de\/estudiantes-de-nuestro-colegio-se-destacaron-durante-el-viii-desmun-del-colegio-andino\/#primaryimage\"},\"thumbnailUrl\":\"https:\/\/ds-barranquilla.org\/wp-content\/uploads\/2021\/02\/PHOTO-2021-02-02-07-17-01.jpg\",\"datePublished\":\"2021-02-02T19:42:33+00:00\",\"dateModified\":\"2023-01-03T21:00:29+00:00\",\"breadcrumb\":{\"@id\":\"https:\/\/ds-barranquilla.org\/de\/estudiantes-de-nuestro-colegio-se-destacaron-durante-el-viii-desmun-del-colegio-andino\/#breadcrumb\"},\"inLanguage\":\"de\",\"potentialAction\":[{\"@type\":\"ReadAction\",\"target\":[\"https:\/\/ds-barranquilla.org\/de\/estudiantes-de-nuestro-colegio-se-destacaron-durante-el-viii-desmun-del-colegio-andino\/\"]}]},{\"@type\":\"ImageObject\",\"inLanguage\":\"de\",\"@id\":\"https:\/\/ds-barranquilla.org\/de\/estudiantes-de-nuestro-colegio-se-destacaron-durante-el-viii-desmun-del-colegio-andino\/#primaryimage\",\"url\":\"https:\/\/ds-barranquilla.org\/wp-content\/uploads\/2021\/02\/PHOTO-2021-02-02-07-17-01.jpg\",\"contentUrl\":\"https:\/\/ds-barranquilla.org\/wp-content\/uploads\/2021\/02\/PHOTO-2021-02-02-07-17-01.jpg\",\"width\":1280,\"height\":716,\"caption\":\"Interacci\u00f3n de estudiantes\"},{\"@type\":\"BreadcrumbList\",\"@id\":\"https:\/\/ds-barranquilla.org\/de\/estudiantes-de-nuestro-colegio-se-destacaron-durante-el-viii-desmun-del-colegio-andino\/#breadcrumb\",\"itemListElement\":[{\"@type\":\"ListItem\",\"position\":1,\"name\":\"Portada\",\"item\":\"https:\/\/ds-barranquilla.org\/\"},{\"@type\":\"ListItem\",\"position\":2,\"name\":\"Estudiantes de nuestro colegio se destacaron durante el VIII DESMUN del Colegio Andino\"}]},{\"@type\":\"WebSite\",\"@id\":\"https:\/\/ds-barranquilla.org\/#website\",\"url\":\"https:\/\/ds-barranquilla.org\/\",\"name\":\"Colegio Alem\u00e1n - Los Mejores Colegios de Colombia - Colegio Triling\u00fce\",\"description\":\"Colegio Alem\u00e1n  Barranquilla Colombia - Colegio Biling\u00fce - Triling\u00fce - El Mejor Colegio de Colombia\",\"publisher\":{\"@id\":\"https:\/\/ds-barranquilla.org\/#organization\"},\"potentialAction\":[{\"@type\":\"SearchAction\",\"target\":{\"@type\":\"EntryPoint\",\"urlTemplate\":\"https:\/\/ds-barranquilla.org\/?s={search_term_string}\"},\"query-input\":\"required name=search_term_string\"}],\"inLanguage\":\"de\"},{\"@type\":\"Organization\",\"@id\":\"https:\/\/ds-barranquilla.org\/#organization\",\"name\":\"Colegio Alem\u00e1n Barranquilla\",\"url\":\"https:\/\/ds-barranquilla.org\/\",\"logo\":{\"@type\":\"ImageObject\",\"inLanguage\":\"de\",\"@id\":\"https:\/\/ds-barranquilla.org\/#\/schema\/logo\/image\/\",\"url\":\"https:\/\/ds-barranquilla.org\/wp-content\/uploads\/2021\/05\/coleman_logo_2.png\",\"contentUrl\":\"https:\/\/ds-barranquilla.org\/wp-content\/uploads\/2021\/05\/coleman_logo_2.png\",\"width\":418,\"height\":307,\"caption\":\"Colegio Alem\u00e1n Barranquilla\"},\"image\":{\"@id\":\"https:\/\/ds-barranquilla.org\/#\/schema\/logo\/image\/\"},\"sameAs\":[\"https:\/\/www.facebook.com\/ColegioAlemanBaq\/\",\"https:\/\/x.com\/ColegioAlemanBq\",\"https:\/\/www.instagram.com\/colegioalemanbaq\/\",\"https:\/\/www.linkedin.com\/school\/deutsche-schule-barranquilla\/\",\"https:\/\/www.youtube.com\/channel\/UCOOGZQCVs6aYRqIWvSN5agQ\"]},{\"@type\":\"Person\",\"@id\":\"https:\/\/ds-barranquilla.org\/#\/schema\/person\/7bf8790ba89d3480e0551241ccdc8d36\",\"name\":\"Comunicaciones Comunicaciones\",\"image\":{\"@type\":\"ImageObject\",\"inLanguage\":\"de\",\"@id\":\"https:\/\/ds-barranquilla.org\/#\/schema\/person\/image\/\",\"url\":\"https:\/\/secure.gravatar.com\/avatar\/a66ba9484a4338d81d6bea750e595038?s=96&d=mm&r=g\",\"contentUrl\":\"https:\/\/secure.gravatar.com\/avatar\/a66ba9484a4338d81d6bea750e595038?s=96&d=mm&r=g\",\"caption\":\"Comunicaciones Comunicaciones\"}}]}<\/script>\n<!-- \/ Yoast SEO plugin. -->","yoast_head_json":{"title":"Estudiantes de nuestro colegio se destacaron durante el VIII DESMUN del Colegio Andino - 2026","robots":{"index":"noindex","follow":"follow","max-snippet":"max-snippet:-1","max-image-preview":"max-image-preview:large","max-video-preview":"max-video-preview:-1"},"og_locale":"de_DE","og_type":"article","og_title":"Estudiantes de nuestro colegio se destacaron durante el VIII DESMUN del Colegio Andino - 2026","og_description":"Estudiantes de nuestro colegio se destacaron durante el VIII DESMUN del Colegio Andino Creado por: Jos\u00e9 R\u00edos Mercado. Nuestros estudiantes Samuel Blanco Fandi\u00f1o, Santiago Cuadrado Rinc\u00f3n, [\u2026]","og_url":"https:\/\/ds-barranquilla.org\/de\/estudiantes-de-nuestro-colegio-se-destacaron-durante-el-viii-desmun-del-colegio-andino\/","og_site_name":"Colegio Alem\u00e1n - Los Mejores Colegios de Colombia - Colegio Triling\u00fce","article_publisher":"https:\/\/www.facebook.com\/ColegioAlemanBaq\/","article_published_time":"2021-02-02T19:42:33+00:00","article_modified_time":"2023-01-03T21:00:29+00:00","og_image":[{"width":1280,"height":716,"url":"https:\/\/ds-barranquilla.org\/wp-content\/uploads\/2021\/02\/PHOTO-2021-02-02-07-17-01.jpg","type":"image\/jpeg"}],"author":"Comunicaciones Comunicaciones","twitter_card":"summary_large_image","twitter_creator":"@ColegioAlemanBq","twitter_site":"@ColegioAlemanBq","twitter_misc":{"Verfasst von":"Comunicaciones Comunicaciones","Gesch\u00e4tzte Lesezeit":"1\u00a0Minute"},"schema":{"@context":"https:\/\/schema.org","@graph":[{"@type":"Article","@id":"https:\/\/ds-barranquilla.org\/de\/estudiantes-de-nuestro-colegio-se-destacaron-durante-el-viii-desmun-del-colegio-andino\/#article","isPartOf":{"@id":"https:\/\/ds-barranquilla.org\/de\/estudiantes-de-nuestro-colegio-se-destacaron-durante-el-viii-desmun-del-colegio-andino\/"},"author":{"name":"Comunicaciones Comunicaciones","@id":"https:\/\/ds-barranquilla.org\/#\/schema\/person\/7bf8790ba89d3480e0551241ccdc8d36"},"headline":"Estudiantes de nuestro colegio se destacaron durante el VIII DESMUN del Colegio Andino","datePublished":"2021-02-02T19:42:33+00:00","dateModified":"2023-01-03T21:00:29+00:00","mainEntityOfPage":{"@id":"https:\/\/ds-barranquilla.org\/de\/estudiantes-de-nuestro-colegio-se-destacaron-durante-el-viii-desmun-del-colegio-andino\/"},"wordCount":184,"commentCount":0,"publisher":{"@id":"https:\/\/ds-barranquilla.org\/#organization"},"image":{"@id":"https:\/\/ds-barranquilla.org\/de\/estudiantes-de-nuestro-colegio-se-destacaron-durante-el-viii-desmun-del-colegio-andino\/#primaryimage"},"thumbnailUrl":"https:\/\/ds-barranquilla.org\/wp-content\/uploads\/2021\/02\/PHOTO-2021-02-02-07-17-01.jpg","articleSection":["2021","\u00c1rea de Individuos y Sociedades","Secundaria"],"inLanguage":"de","potentialAction":[{"@type":"CommentAction","name":"Comment","target":["https:\/\/ds-barranquilla.org\/de\/estudiantes-de-nuestro-colegio-se-destacaron-durante-el-viii-desmun-del-colegio-andino\/#respond"]}]},{"@type":"WebPage","@id":"https:\/\/ds-barranquilla.org\/de\/estudiantes-de-nuestro-colegio-se-destacaron-durante-el-viii-desmun-del-colegio-andino\/","url":"https:\/\/ds-barranquilla.org\/de\/estudiantes-de-nuestro-colegio-se-destacaron-durante-el-viii-desmun-del-colegio-andino\/","name":"Estudiantes de nuestro colegio se destacaron durante el VIII DESMUN del Colegio Andino - 2026","isPartOf":{"@id":"https:\/\/ds-barranquilla.org\/#website"},"primaryImageOfPage":{"@id":"https:\/\/ds-barranquilla.org\/de\/estudiantes-de-nuestro-colegio-se-destacaron-durante-el-viii-desmun-del-colegio-andino\/#primaryimage"},"image":{"@id":"https:\/\/ds-barranquilla.org\/de\/estudiantes-de-nuestro-colegio-se-destacaron-durante-el-viii-desmun-del-colegio-andino\/#primaryimage"},"thumbnailUrl":"https:\/\/ds-barranquilla.org\/wp-content\/uploads\/2021\/02\/PHOTO-2021-02-02-07-17-01.jpg","datePublished":"2021-02-02T19:42:33+00:00","dateModified":"2023-01-03T21:00:29+00:00","breadcrumb":{"@id":"https:\/\/ds-barranquilla.org\/de\/estudiantes-de-nuestro-colegio-se-destacaron-durante-el-viii-desmun-del-colegio-andino\/#breadcrumb"},"inLanguage":"de","potentialAction":[{"@type":"ReadAction","target":["https:\/\/ds-barranquilla.org\/de\/estudiantes-de-nuestro-colegio-se-destacaron-durante-el-viii-desmun-del-colegio-andino\/"]}]},{"@type":"ImageObject","inLanguage":"de","@id":"https:\/\/ds-barranquilla.org\/de\/estudiantes-de-nuestro-colegio-se-destacaron-durante-el-viii-desmun-del-colegio-andino\/#primaryimage","url":"https:\/\/ds-barranquilla.org\/wp-content\/uploads\/2021\/02\/PHOTO-2021-02-02-07-17-01.jpg","contentUrl":"https:\/\/ds-barranquilla.org\/wp-content\/uploads\/2021\/02\/PHOTO-2021-02-02-07-17-01.jpg","width":1280,"height":716,"caption":"Interacci\u00f3n de estudiantes"},{"@type":"BreadcrumbList","@id":"https:\/\/ds-barranquilla.org\/de\/estudiantes-de-nuestro-colegio-se-destacaron-durante-el-viii-desmun-del-colegio-andino\/#breadcrumb","itemListElement":[{"@type":"ListItem","position":1,"name":"Portada","item":"https:\/\/ds-barranquilla.org\/"},{"@type":"ListItem","position":2,"name":"Estudiantes de nuestro colegio se destacaron durante el VIII DESMUN del Colegio Andino"}]},{"@type":"WebSite","@id":"https:\/\/ds-barranquilla.org\/#website","url":"https:\/\/ds-barranquilla.org\/","name":"Colegio Alem\u00e1n - Los Mejores Colegios de Colombia - Colegio Triling\u00fce","description":"Colegio Alem\u00e1n  Barranquilla Colombia - Colegio Biling\u00fce - Triling\u00fce - El Mejor Colegio de Colombia","publisher":{"@id":"https:\/\/ds-barranquilla.org\/#organization"},"potentialAction":[{"@type":"SearchAction","target":{"@type":"EntryPoint","urlTemplate":"https:\/\/ds-barranquilla.org\/?s={search_term_string}"},"query-input":"required name=search_term_string"}],"inLanguage":"de"},{"@type":"Organization","@id":"https:\/\/ds-barranquilla.org\/#organization","name":"Colegio Alem\u00e1n Barranquilla","url":"https:\/\/ds-barranquilla.org\/","logo":{"@type":"ImageObject","inLanguage":"de","@id":"https:\/\/ds-barranquilla.org\/#\/schema\/logo\/image\/","url":"https:\/\/ds-barranquilla.org\/wp-content\/uploads\/2021\/05\/coleman_logo_2.png","contentUrl":"https:\/\/ds-barranquilla.org\/wp-content\/uploads\/2021\/05\/coleman_logo_2.png","width":418,"height":307,"caption":"Colegio Alem\u00e1n Barranquilla"},"image":{"@id":"https:\/\/ds-barranquilla.org\/#\/schema\/logo\/image\/"},"sameAs":["https:\/\/www.facebook.com\/ColegioAlemanBaq\/","https:\/\/x.com\/ColegioAlemanBq","https:\/\/www.instagram.com\/colegioalemanbaq\/","https:\/\/www.linkedin.com\/school\/deutsche-schule-barranquilla\/","https:\/\/www.youtube.com\/channel\/UCOOGZQCVs6aYRqIWvSN5agQ"]},{"@type":"Person","@id":"https:\/\/ds-barranquilla.org\/#\/schema\/person\/7bf8790ba89d3480e0551241ccdc8d36","name":"Comunicaciones Comunicaciones","image":{"@type":"ImageObject","inLanguage":"de","@id":"https:\/\/ds-barranquilla.org\/#\/schema\/person\/image\/","url":"https:\/\/secure.gravatar.com\/avatar\/a66ba9484a4338d81d6bea750e595038?s=96&d=mm&r=g","contentUrl":"https:\/\/secure.gravatar.com\/avatar\/a66ba9484a4338d81d6bea750e595038?s=96&d=mm&r=g","caption":"Comunicaciones Comunicaciones"}}]}},"_links":{"self":[{"href":"https:\/\/ds-barranquilla.org\/de\/wp-json\/wp\/v2\/posts\/6352"}],"collection":[{"href":"https:\/\/ds-barranquilla.org\/de\/wp-json\/wp\/v2\/posts"}],"about":[{"href":"https:\/\/ds-barranquilla.org\/de\/wp-json\/wp\/v2\/types\/post"}],"author":[{"embeddable":true,"href":"https:\/\/ds-barranquilla.org\/de\/wp-json\/wp\/v2\/users\/16"}],"replies":[{"embeddable":true,"href":"https:\/\/ds-barranquilla.org\/de\/wp-json\/wp\/v2\/comments?post=6352"}],"version-history":[{"count":8,"href":"https:\/\/ds-barranquilla.org\/de\/wp-json\/wp\/v2\/posts\/6352\/revisions"}],"predecessor-version":[{"id":6818,"href":"https:\/\/ds-barranquilla.org\/de\/wp-json\/wp\/v2\/posts\/6352\/revisions\/6818"}],"wp:featuredmedia":[{"embeddable":true,"href":"https:\/\/ds-barranquilla.org\/de\/wp-json\/wp\/v2\/media\/6357"}],"wp:attachment":[{"href":"https:\/\/ds-barranquilla.org\/de\/wp-json\/wp\/v2\/media?parent=6352"}],"wp:term":[{"taxonomy":"category","embeddable":true,"href":"https:\/\/ds-barranquilla.org\/de\/wp-json\/wp\/v2\/categories?post=6352"},{"taxonomy":"post_tag","embeddable":true,"href":"https:\/\/ds-barranquilla.org\/de\/wp-json\/wp\/v2\/tags?post=6352"}],"curies":[{"name":"wp","href":"https:\/\/api.w.org\/{rel}","templated":true}]}}