{"id":6367,"date":"2021-02-04T11:11:53","date_gmt":"2021-02-04T16:11:53","guid":{"rendered":"https:\/\/ds-barranquilla.org\/?p=6367"},"modified":"2022-12-21T10:47:58","modified_gmt":"2022-12-21T15:47:58","slug":"la-sobresaliente-carrera-de-juan-david-vinas-en-el-campo-empresarial","status":"publish","type":"post","link":"https:\/\/ds-barranquilla.org\/de\/la-sobresaliente-carrera-de-juan-david-vinas-en-el-campo-empresarial\/","title":{"rendered":"La sobresaliente carrera de Juan David Vi\u00f1as en el campo empresarial"},"content":{"rendered":"<h1>La sobresaliente carrera de Juan David Vi\u00f1as en el campo empresarial<\/h1>\n<div class=\"extra\"><strong>Geschrieben von: Jos\u00e9 R\u00edos Mercado.<\/strong> Para nuestro exalumno de la Promoci\u00f3n 2003, Juan David Vi\u00f1as, desempe\u00f1arse como consultor y emprendedor, le ha permitido conocer muy de cerca la din\u00e1mica empresarial de Colombia y de otros pa\u00edses. Su formaci\u00f3n en Administraci\u00f3n de Empresas en el Instituto Colombo-Alem\u00e1n para la Formaci\u00f3n Tecnol\u00f3gica (ICAFT) y en la Universidad de Ciencias Aplicadas en Koblenz (Alemania), y una Maestr\u00eda en Administraci\u00f3n Comercial &amp; Marketing de la Universidad EUDE de Madrid, fueron sus bases para involucrarse r\u00e1pidamente en este mundo y forjar una brillante trayectoria.<\/div>\n<div class=\"row\">\n<div class=\"col-md-12\">\n<div class=\"news-text-wrap\">\n<p>\u201cLuego de estudiar varios a\u00f1os en Europa, regres\u00e9 a Colombia y trabaj\u00e9 durante dos a\u00f1os como Director Administrativo y Comercial de Ingevi\u00f1as Ltda., empresa dedicada al Dise\u00f1o y Construcci\u00f3n de Obras Civiles. Posteriormente, labor\u00e9 por espacio de dos a\u00f1os como Consultor de Reclutamiento Senior enfocado en las Industrias de Oil&amp;Gas, Miner\u00eda e Infraestructura y Construcci\u00f3n, un rol 360\u00b0 que inclu\u00eda un componente de Desarrollo de Negocios y otro, enfocado m\u00e1s hacia la parte administrativa y de Evaluaci\u00f3n por Competencias a nivel operativo\u201d, expres\u00f3 el administrador de empresas.<\/p>\n<p>En el 2013 Juan David Vi\u00f1as se vincula a Globe 24-7 Inc., empresa australiana del ramo de los Recursos Humanos, especializada en el sector minero, donde tuvo la misi\u00f3n de poner a arrancar \u201cdesde cero\u201d la primera sede de Latinoam\u00e9rica, a trav\u00e9s de la conformaci\u00f3n de equipos; esta experiencia le permiti\u00f3 adquirir mucha experiencia a lo largo y ancho del continente americano. El que la compa\u00f1\u00eda, de la que es actualmente copropietario, tuviera durante 7 a\u00f1os (duraci\u00f3n de su permanencia), un crecimiento sostenido, ha sido una de sus grandes satisfacciones profesionales y personales.<\/p>\n<p>\u201cJunto con cinco socios m\u00e1s, entre los que estaban los exalumnos del colegio, Luis Merlano y Alberto P\u00e9rez, creamos en el 2016 Ulamapp, un aplicativo m\u00f3vil disponible en las Plataformas de Play Store y App Store para su descarga a nivel global, donde las personas pueden conseguir los mejores entrenadores del pa\u00eds para entrenarse de forma especializada donde quieran y cuando quieran. Su enfoque est\u00e1 dirigido a entrenamientos 1 a 1 en 16 disciplinas como: Cross Training, Functional Training, Pilates, TRX, Yoga, entre otras, tanto a nivel presencial (Bogot\u00e1, Medell\u00edn, Cali y Barranquilla), como virtual\u201d, manifest\u00f3 el administrador de empresas.<\/p>\n<p>Desde abril de 2020 Juan David Vi\u00f1as fund\u00f3 junto a otros dos socios JDV Partners, empresa dedicada a la Consultor\u00eda Estrat\u00e9gica de Procesos de Recursos Humanos, con especializaci\u00f3n en industrias de los sectores de las Energ\u00edas Renovables, Gobierno, Infraestructura y Construcci\u00f3n, IT&amp;Telco, Log\u00edstica, Miner\u00eda y Oil&amp;Gas. Como Managing Director es el encargado del crecimiento estrat\u00e9gico y sostenido de la compa\u00f1\u00eda en la regi\u00f3n, principalmente en las sub\u00e1reas de Recursos Humanos (Reclutamiento y Selecci\u00f3n de Personal, Administraci\u00f3n de N\u00f3mina, Outplacement o Transici\u00f3n de Carrera y Bienestar Laboral).<\/p>\n<p>Con relaci\u00f3n al aporte brindado por el Colegio Alem\u00e1n en su formaci\u00f3n educativa y realizaci\u00f3n profesional, \u00e9l considera que las bases y lineamientos a nivel de metodolog\u00eda y estructura mental, le han ayudado a afrontar su vida de muy buena forma, adem\u00e1s de generar lazos de amistad y fraternidad con naturaleza y facilidad. Los grandes amigos que a\u00fan conserva de su \u00e9poca como estudiante; los profesores y trabajadores de la instituci\u00f3n, a los que siempre valor\u00f3 por su calidad humana, y las instalaciones de la 51B, son grandes recuerdos que \u00e9l guarda.<\/p>\n<\/div>\n<\/div>\n<\/div>","protected":false},"excerpt":{"rendered":"<p>La sobresaliente carrera de Juan David Vi\u00f1as en el campo empresarial Creado por: Jos\u00e9 R\u00edos Mercado. Para nuestro exalumno de la Promoci\u00f3n 2003, Juan David Vi\u00f1as,<span class=\"excerpt-hellip\"> [\u2026]<\/span><\/p>","protected":false},"author":16,"featured_media":6369,"comment_status":"open","ping_status":"open","sticky":false,"template":"","format":"standard","meta":{"_exactmetrics_skip_tracking":false,"_exactmetrics_sitenote_active":false,"_exactmetrics_sitenote_note":"","_exactmetrics_sitenote_category":0,"_joinchat":[],"footnotes":""},"categories":[681,684],"tags":[712],"class_list":["post-6367","post","type-post","status-publish","format-standard","has-post-thumbnail","hentry","category-681","category-alumni","tag-entrevista"],"yoast_head":"<!-- This site is optimized with the Yoast SEO plugin v23.3 - https:\/\/yoast.com\/wordpress\/plugins\/seo\/ -->\n<title>La sobresaliente carrera de Juan David Vi\u00f1as en el campo empresarial - 2026<\/title>\n<meta name=\"robots\" content=\"noindex, follow, max-snippet:-1, max-image-preview:large, max-video-preview:-1\" \/>\n<meta property=\"og:locale\" content=\"de_DE\" \/>\n<meta property=\"og:type\" content=\"article\" \/>\n<meta property=\"og:title\" content=\"La sobresaliente carrera de Juan David Vi\u00f1as en el campo empresarial - 2026\" \/>\n<meta property=\"og:description\" content=\"La sobresaliente carrera de Juan David Vi\u00f1as en el campo empresarial Creado por: Jos\u00e9 R\u00edos Mercado. Para nuestro exalumno de la Promoci\u00f3n 2003, Juan David Vi\u00f1as, [\u2026]\" \/>\n<meta property=\"og:url\" content=\"https:\/\/ds-barranquilla.org\/de\/la-sobresaliente-carrera-de-juan-david-vinas-en-el-campo-empresarial\/\" \/>\n<meta property=\"og:site_name\" content=\"Colegio Alem\u00e1n - Los Mejores Colegios de Colombia - Colegio Triling\u00fce\" \/>\n<meta property=\"article:publisher\" content=\"https:\/\/www.facebook.com\/ColegioAlemanBaq\/\" \/>\n<meta property=\"article:published_time\" content=\"2021-02-04T16:11:53+00:00\" \/>\n<meta property=\"article:modified_time\" content=\"2022-12-21T15:47:58+00:00\" \/>\n<meta property=\"og:image\" content=\"https:\/\/ds-barranquilla.org\/wp-content\/uploads\/2021\/04\/Juan_David_Vinas_Web.jpg\" \/>\n\t<meta property=\"og:image:width\" content=\"1004\" \/>\n\t<meta property=\"og:image:height\" content=\"444\" \/>\n\t<meta property=\"og:image:type\" content=\"image\/jpeg\" \/>\n<meta name=\"author\" content=\"Comunicaciones Comunicaciones\" \/>\n<meta name=\"twitter:card\" content=\"summary_large_image\" \/>\n<meta name=\"twitter:creator\" content=\"@ColegioAlemanBq\" \/>\n<meta name=\"twitter:site\" content=\"@ColegioAlemanBq\" \/>\n<meta name=\"twitter:label1\" content=\"Verfasst von\" \/>\n\t<meta name=\"twitter:data1\" content=\"Comunicaciones Comunicaciones\" \/>\n\t<meta name=\"twitter:label2\" content=\"Gesch\u00e4tzte Lesezeit\" \/>\n\t<meta name=\"twitter:data2\" content=\"3\u00a0Minuten\" \/>\n<script type=\"application\/ld+json\" class=\"yoast-schema-graph\">{\"@context\":\"https:\/\/schema.org\",\"@graph\":[{\"@type\":\"Article\",\"@id\":\"https:\/\/ds-barranquilla.org\/la-sobresaliente-carrera-de-juan-david-vinas-en-el-campo-empresarial\/#article\",\"isPartOf\":{\"@id\":\"https:\/\/ds-barranquilla.org\/la-sobresaliente-carrera-de-juan-david-vinas-en-el-campo-empresarial\/\"},\"author\":{\"name\":\"Comunicaciones Comunicaciones\",\"@id\":\"https:\/\/ds-barranquilla.org\/#\/schema\/person\/7bf8790ba89d3480e0551241ccdc8d36\"},\"headline\":\"La sobresaliente carrera de Juan David Vi\u00f1as en el campo empresarial\",\"datePublished\":\"2021-02-04T16:11:53+00:00\",\"dateModified\":\"2022-12-21T15:47:58+00:00\",\"mainEntityOfPage\":{\"@id\":\"https:\/\/ds-barranquilla.org\/la-sobresaliente-carrera-de-juan-david-vinas-en-el-campo-empresarial\/\"},\"wordCount\":630,\"commentCount\":0,\"publisher\":{\"@id\":\"https:\/\/ds-barranquilla.org\/#organization\"},\"image\":{\"@id\":\"https:\/\/ds-barranquilla.org\/la-sobresaliente-carrera-de-juan-david-vinas-en-el-campo-empresarial\/#primaryimage\"},\"thumbnailUrl\":\"https:\/\/ds-barranquilla.org\/wp-content\/uploads\/2021\/04\/Juan_David_Vinas_Web.jpg\",\"keywords\":[\"Entrevista\"],\"articleSection\":[\"2021\",\"Alumni\"],\"inLanguage\":\"de\",\"potentialAction\":[{\"@type\":\"CommentAction\",\"name\":\"Comment\",\"target\":[\"https:\/\/ds-barranquilla.org\/la-sobresaliente-carrera-de-juan-david-vinas-en-el-campo-empresarial\/#respond\"]}]},{\"@type\":\"WebPage\",\"@id\":\"https:\/\/ds-barranquilla.org\/la-sobresaliente-carrera-de-juan-david-vinas-en-el-campo-empresarial\/\",\"url\":\"https:\/\/ds-barranquilla.org\/la-sobresaliente-carrera-de-juan-david-vinas-en-el-campo-empresarial\/\",\"name\":\"La sobresaliente carrera de Juan David Vi\u00f1as en el campo empresarial - 2026\",\"isPartOf\":{\"@id\":\"https:\/\/ds-barranquilla.org\/#website\"},\"primaryImageOfPage\":{\"@id\":\"https:\/\/ds-barranquilla.org\/la-sobresaliente-carrera-de-juan-david-vinas-en-el-campo-empresarial\/#primaryimage\"},\"image\":{\"@id\":\"https:\/\/ds-barranquilla.org\/la-sobresaliente-carrera-de-juan-david-vinas-en-el-campo-empresarial\/#primaryimage\"},\"thumbnailUrl\":\"https:\/\/ds-barranquilla.org\/wp-content\/uploads\/2021\/04\/Juan_David_Vinas_Web.jpg\",\"datePublished\":\"2021-02-04T16:11:53+00:00\",\"dateModified\":\"2022-12-21T15:47:58+00:00\",\"breadcrumb\":{\"@id\":\"https:\/\/ds-barranquilla.org\/la-sobresaliente-carrera-de-juan-david-vinas-en-el-campo-empresarial\/#breadcrumb\"},\"inLanguage\":\"de\",\"potentialAction\":[{\"@type\":\"ReadAction\",\"target\":[\"https:\/\/ds-barranquilla.org\/la-sobresaliente-carrera-de-juan-david-vinas-en-el-campo-empresarial\/\"]}]},{\"@type\":\"ImageObject\",\"inLanguage\":\"de\",\"@id\":\"https:\/\/ds-barranquilla.org\/la-sobresaliente-carrera-de-juan-david-vinas-en-el-campo-empresarial\/#primaryimage\",\"url\":\"https:\/\/ds-barranquilla.org\/wp-content\/uploads\/2021\/04\/Juan_David_Vinas_Web.jpg\",\"contentUrl\":\"https:\/\/ds-barranquilla.org\/wp-content\/uploads\/2021\/04\/Juan_David_Vinas_Web.jpg\",\"width\":1004,\"height\":444,\"caption\":\"Juan David Vi\u00f1as\"},{\"@type\":\"BreadcrumbList\",\"@id\":\"https:\/\/ds-barranquilla.org\/la-sobresaliente-carrera-de-juan-david-vinas-en-el-campo-empresarial\/#breadcrumb\",\"itemListElement\":[{\"@type\":\"ListItem\",\"position\":1,\"name\":\"Portada\",\"item\":\"https:\/\/ds-barranquilla.org\/\"},{\"@type\":\"ListItem\",\"position\":2,\"name\":\"La sobresaliente carrera de Juan David Vi\u00f1as en el campo empresarial\"}]},{\"@type\":\"WebSite\",\"@id\":\"https:\/\/ds-barranquilla.org\/#website\",\"url\":\"https:\/\/ds-barranquilla.org\/\",\"name\":\"Colegio Alem\u00e1n - Los Mejores Colegios de Colombia - Colegio Triling\u00fce\",\"description\":\"Colegio Alem\u00e1n  Barranquilla Colombia - Colegio Biling\u00fce - Triling\u00fce - El Mejor Colegio de Colombia\",\"publisher\":{\"@id\":\"https:\/\/ds-barranquilla.org\/#organization\"},\"potentialAction\":[{\"@type\":\"SearchAction\",\"target\":{\"@type\":\"EntryPoint\",\"urlTemplate\":\"https:\/\/ds-barranquilla.org\/?s={search_term_string}\"},\"query-input\":\"required name=search_term_string\"}],\"inLanguage\":\"de\"},{\"@type\":\"Organization\",\"@id\":\"https:\/\/ds-barranquilla.org\/#organization\",\"name\":\"Colegio Alem\u00e1n Barranquilla\",\"url\":\"https:\/\/ds-barranquilla.org\/\",\"logo\":{\"@type\":\"ImageObject\",\"inLanguage\":\"de\",\"@id\":\"https:\/\/ds-barranquilla.org\/#\/schema\/logo\/image\/\",\"url\":\"https:\/\/ds-barranquilla.org\/wp-content\/uploads\/2021\/05\/coleman_logo_2.png\",\"contentUrl\":\"https:\/\/ds-barranquilla.org\/wp-content\/uploads\/2021\/05\/coleman_logo_2.png\",\"width\":418,\"height\":307,\"caption\":\"Colegio Alem\u00e1n Barranquilla\"},\"image\":{\"@id\":\"https:\/\/ds-barranquilla.org\/#\/schema\/logo\/image\/\"},\"sameAs\":[\"https:\/\/www.facebook.com\/ColegioAlemanBaq\/\",\"https:\/\/x.com\/ColegioAlemanBq\",\"https:\/\/www.instagram.com\/colegioalemanbaq\/\",\"https:\/\/www.linkedin.com\/school\/deutsche-schule-barranquilla\/\",\"https:\/\/www.youtube.com\/channel\/UCOOGZQCVs6aYRqIWvSN5agQ\"]},{\"@type\":\"Person\",\"@id\":\"https:\/\/ds-barranquilla.org\/#\/schema\/person\/7bf8790ba89d3480e0551241ccdc8d36\",\"name\":\"Comunicaciones Comunicaciones\",\"image\":{\"@type\":\"ImageObject\",\"inLanguage\":\"de\",\"@id\":\"https:\/\/ds-barranquilla.org\/#\/schema\/person\/image\/\",\"url\":\"https:\/\/secure.gravatar.com\/avatar\/a66ba9484a4338d81d6bea750e595038?s=96&d=mm&r=g\",\"contentUrl\":\"https:\/\/secure.gravatar.com\/avatar\/a66ba9484a4338d81d6bea750e595038?s=96&d=mm&r=g\",\"caption\":\"Comunicaciones Comunicaciones\"}}]}<\/script>\n<!-- \/ Yoast SEO plugin. -->","yoast_head_json":{"title":"La sobresaliente carrera de Juan David Vi\u00f1as en el campo empresarial - 2026","robots":{"index":"noindex","follow":"follow","max-snippet":"max-snippet:-1","max-image-preview":"max-image-preview:large","max-video-preview":"max-video-preview:-1"},"og_locale":"de_DE","og_type":"article","og_title":"La sobresaliente carrera de Juan David Vi\u00f1as en el campo empresarial - 2026","og_description":"La sobresaliente carrera de Juan David Vi\u00f1as en el campo empresarial Creado por: Jos\u00e9 R\u00edos Mercado. Para nuestro exalumno de la Promoci\u00f3n 2003, Juan David Vi\u00f1as, [\u2026]","og_url":"https:\/\/ds-barranquilla.org\/de\/la-sobresaliente-carrera-de-juan-david-vinas-en-el-campo-empresarial\/","og_site_name":"Colegio Alem\u00e1n - Los Mejores Colegios de Colombia - Colegio Triling\u00fce","article_publisher":"https:\/\/www.facebook.com\/ColegioAlemanBaq\/","article_published_time":"2021-02-04T16:11:53+00:00","article_modified_time":"2022-12-21T15:47:58+00:00","og_image":[{"width":1004,"height":444,"url":"https:\/\/ds-barranquilla.org\/wp-content\/uploads\/2021\/04\/Juan_David_Vinas_Web.jpg","type":"image\/jpeg"}],"author":"Comunicaciones Comunicaciones","twitter_card":"summary_large_image","twitter_creator":"@ColegioAlemanBq","twitter_site":"@ColegioAlemanBq","twitter_misc":{"Verfasst von":"Comunicaciones Comunicaciones","Gesch\u00e4tzte Lesezeit":"3\u00a0Minuten"},"schema":{"@context":"https:\/\/schema.org","@graph":[{"@type":"Article","@id":"https:\/\/ds-barranquilla.org\/la-sobresaliente-carrera-de-juan-david-vinas-en-el-campo-empresarial\/#article","isPartOf":{"@id":"https:\/\/ds-barranquilla.org\/la-sobresaliente-carrera-de-juan-david-vinas-en-el-campo-empresarial\/"},"author":{"name":"Comunicaciones Comunicaciones","@id":"https:\/\/ds-barranquilla.org\/#\/schema\/person\/7bf8790ba89d3480e0551241ccdc8d36"},"headline":"La sobresaliente carrera de Juan David Vi\u00f1as en el campo empresarial","datePublished":"2021-02-04T16:11:53+00:00","dateModified":"2022-12-21T15:47:58+00:00","mainEntityOfPage":{"@id":"https:\/\/ds-barranquilla.org\/la-sobresaliente-carrera-de-juan-david-vinas-en-el-campo-empresarial\/"},"wordCount":630,"commentCount":0,"publisher":{"@id":"https:\/\/ds-barranquilla.org\/#organization"},"image":{"@id":"https:\/\/ds-barranquilla.org\/la-sobresaliente-carrera-de-juan-david-vinas-en-el-campo-empresarial\/#primaryimage"},"thumbnailUrl":"https:\/\/ds-barranquilla.org\/wp-content\/uploads\/2021\/04\/Juan_David_Vinas_Web.jpg","keywords":["Entrevista"],"articleSection":["2021","Alumni"],"inLanguage":"de","potentialAction":[{"@type":"CommentAction","name":"Comment","target":["https:\/\/ds-barranquilla.org\/la-sobresaliente-carrera-de-juan-david-vinas-en-el-campo-empresarial\/#respond"]}]},{"@type":"WebPage","@id":"https:\/\/ds-barranquilla.org\/la-sobresaliente-carrera-de-juan-david-vinas-en-el-campo-empresarial\/","url":"https:\/\/ds-barranquilla.org\/la-sobresaliente-carrera-de-juan-david-vinas-en-el-campo-empresarial\/","name":"La sobresaliente carrera de Juan David Vi\u00f1as en el campo empresarial - 2026","isPartOf":{"@id":"https:\/\/ds-barranquilla.org\/#website"},"primaryImageOfPage":{"@id":"https:\/\/ds-barranquilla.org\/la-sobresaliente-carrera-de-juan-david-vinas-en-el-campo-empresarial\/#primaryimage"},"image":{"@id":"https:\/\/ds-barranquilla.org\/la-sobresaliente-carrera-de-juan-david-vinas-en-el-campo-empresarial\/#primaryimage"},"thumbnailUrl":"https:\/\/ds-barranquilla.org\/wp-content\/uploads\/2021\/04\/Juan_David_Vinas_Web.jpg","datePublished":"2021-02-04T16:11:53+00:00","dateModified":"2022-12-21T15:47:58+00:00","breadcrumb":{"@id":"https:\/\/ds-barranquilla.org\/la-sobresaliente-carrera-de-juan-david-vinas-en-el-campo-empresarial\/#breadcrumb"},"inLanguage":"de","potentialAction":[{"@type":"ReadAction","target":["https:\/\/ds-barranquilla.org\/la-sobresaliente-carrera-de-juan-david-vinas-en-el-campo-empresarial\/"]}]},{"@type":"ImageObject","inLanguage":"de","@id":"https:\/\/ds-barranquilla.org\/la-sobresaliente-carrera-de-juan-david-vinas-en-el-campo-empresarial\/#primaryimage","url":"https:\/\/ds-barranquilla.org\/wp-content\/uploads\/2021\/04\/Juan_David_Vinas_Web.jpg","contentUrl":"https:\/\/ds-barranquilla.org\/wp-content\/uploads\/2021\/04\/Juan_David_Vinas_Web.jpg","width":1004,"height":444,"caption":"Juan David Vi\u00f1as"},{"@type":"BreadcrumbList","@id":"https:\/\/ds-barranquilla.org\/la-sobresaliente-carrera-de-juan-david-vinas-en-el-campo-empresarial\/#breadcrumb","itemListElement":[{"@type":"ListItem","position":1,"name":"Portada","item":"https:\/\/ds-barranquilla.org\/"},{"@type":"ListItem","position":2,"name":"La sobresaliente carrera de Juan David Vi\u00f1as en el campo empresarial"}]},{"@type":"WebSite","@id":"https:\/\/ds-barranquilla.org\/#website","url":"https:\/\/ds-barranquilla.org\/","name":"Colegio Alem\u00e1n - Los Mejores Colegios de Colombia - Colegio Triling\u00fce","description":"Colegio Alem\u00e1n  Barranquilla Colombia - Colegio Biling\u00fce - Triling\u00fce - El Mejor Colegio de Colombia","publisher":{"@id":"https:\/\/ds-barranquilla.org\/#organization"},"potentialAction":[{"@type":"SearchAction","target":{"@type":"EntryPoint","urlTemplate":"https:\/\/ds-barranquilla.org\/?s={search_term_string}"},"query-input":"required name=search_term_string"}],"inLanguage":"de"},{"@type":"Organization","@id":"https:\/\/ds-barranquilla.org\/#organization","name":"Colegio Alem\u00e1n Barranquilla","url":"https:\/\/ds-barranquilla.org\/","logo":{"@type":"ImageObject","inLanguage":"de","@id":"https:\/\/ds-barranquilla.org\/#\/schema\/logo\/image\/","url":"https:\/\/ds-barranquilla.org\/wp-content\/uploads\/2021\/05\/coleman_logo_2.png","contentUrl":"https:\/\/ds-barranquilla.org\/wp-content\/uploads\/2021\/05\/coleman_logo_2.png","width":418,"height":307,"caption":"Colegio Alem\u00e1n Barranquilla"},"image":{"@id":"https:\/\/ds-barranquilla.org\/#\/schema\/logo\/image\/"},"sameAs":["https:\/\/www.facebook.com\/ColegioAlemanBaq\/","https:\/\/x.com\/ColegioAlemanBq","https:\/\/www.instagram.com\/colegioalemanbaq\/","https:\/\/www.linkedin.com\/school\/deutsche-schule-barranquilla\/","https:\/\/www.youtube.com\/channel\/UCOOGZQCVs6aYRqIWvSN5agQ"]},{"@type":"Person","@id":"https:\/\/ds-barranquilla.org\/#\/schema\/person\/7bf8790ba89d3480e0551241ccdc8d36","name":"Comunicaciones Comunicaciones","image":{"@type":"ImageObject","inLanguage":"de","@id":"https:\/\/ds-barranquilla.org\/#\/schema\/person\/image\/","url":"https:\/\/secure.gravatar.com\/avatar\/a66ba9484a4338d81d6bea750e595038?s=96&d=mm&r=g","contentUrl":"https:\/\/secure.gravatar.com\/avatar\/a66ba9484a4338d81d6bea750e595038?s=96&d=mm&r=g","caption":"Comunicaciones Comunicaciones"}}]}},"_links":{"self":[{"href":"https:\/\/ds-barranquilla.org\/de\/wp-json\/wp\/v2\/posts\/6367"}],"collection":[{"href":"https:\/\/ds-barranquilla.org\/de\/wp-json\/wp\/v2\/posts"}],"about":[{"href":"https:\/\/ds-barranquilla.org\/de\/wp-json\/wp\/v2\/types\/post"}],"author":[{"embeddable":true,"href":"https:\/\/ds-barranquilla.org\/de\/wp-json\/wp\/v2\/users\/16"}],"replies":[{"embeddable":true,"href":"https:\/\/ds-barranquilla.org\/de\/wp-json\/wp\/v2\/comments?post=6367"}],"version-history":[{"count":5,"href":"https:\/\/ds-barranquilla.org\/de\/wp-json\/wp\/v2\/posts\/6367\/revisions"}],"predecessor-version":[{"id":6819,"href":"https:\/\/ds-barranquilla.org\/de\/wp-json\/wp\/v2\/posts\/6367\/revisions\/6819"}],"wp:featuredmedia":[{"embeddable":true,"href":"https:\/\/ds-barranquilla.org\/de\/wp-json\/wp\/v2\/media\/6369"}],"wp:attachment":[{"href":"https:\/\/ds-barranquilla.org\/de\/wp-json\/wp\/v2\/media?parent=6367"}],"wp:term":[{"taxonomy":"category","embeddable":true,"href":"https:\/\/ds-barranquilla.org\/de\/wp-json\/wp\/v2\/categories?post=6367"},{"taxonomy":"post_tag","embeddable":true,"href":"https:\/\/ds-barranquilla.org\/de\/wp-json\/wp\/v2\/tags?post=6367"}],"curies":[{"name":"wp","href":"https:\/\/api.w.org\/{rel}","templated":true}]}}