{"id":6371,"date":"2021-02-04T11:27:19","date_gmt":"2021-02-04T16:27:19","guid":{"rendered":"https:\/\/ds-barranquilla.org\/?p=6371"},"modified":"2023-01-03T16:00:06","modified_gmt":"2023-01-03T21:00:06","slug":"victor-marceles-y-su-brillante-trayectoria-en-la-industria-agroindustrial-y-farmaceutica","status":"publish","type":"post","link":"https:\/\/ds-barranquilla.org\/de\/victor-marceles-y-su-brillante-trayectoria-en-la-industria-agroindustrial-y-farmaceutica\/","title":{"rendered":"V\u00edctor M\u00e1rceles y su brillante trayectoria en la industria agroindustrial y farmac\u00e9utica"},"content":{"rendered":"<h1>V\u00edctor M\u00e1rceles y su brillante trayectoria en la industria agroindustrial y farmac\u00e9utica<\/h1>\n<div class=\"extra\"><strong>Geschrieben von: Jos\u00e9 R\u00edos Mercado.<\/strong> Los sectores agroindustrial y farmac\u00e9utico son los campos en los que nuestro exalumno de la Promoci\u00f3n 1992, V\u00edctor M\u00e1rceles, ha ocupado diferentes cargos directivos a nivel nacional, regional y mundial. Actualmente, este profesional graduado en Comercio Exterior en el Instituto Colombo-Alem\u00e1n para la Formaci\u00f3n Tecnol\u00f3gica (ICAFT) y en Administraci\u00f3n de Empresas de la Universidad Externado de Colombia, con un MBA en Gerencia General y Estrategia de la Universidad de Bradford (Inglaterra), es el encargado de las alianzas estrat\u00e9gicas, fusiones y adquisiciones de Procaps.<\/div>\n<div class=\"row\">\n<div class=\"col-md-12\">\n<div class=\"news-text-wrap\">\n<p>\u201cUna empresa de acero y las compa\u00f1\u00edas alemanas Merck y Navemar, fueron mis primeras experiencias a nivel laboral. Posteriormente, fui contratado por Bayer, donde durante 8 a\u00f1os asum\u00ed diferentes funciones operativas-comerciales como: la Jefatura Regional en Log\u00edstica del Pacto Andino, la Direcci\u00f3n Comercial y de Mercadeo, la Direcci\u00f3n de Implementaci\u00f3n de Nuevos Proyectos y el Liderazgo del Proceso de Integraci\u00f3n Empresarial, una vez se produjo la compra de la empresa Aventis CropScience por parte de la compa\u00f1\u00eda alemana\u201d, expres\u00f3 el administrador de empresas.<\/p>\n<p>El sobresaliente desempe\u00f1o de V\u00edctor M\u00e1rceles le vali\u00f3 ser trasladado, primero a Inglaterra y despu\u00e9s a Alemania, donde ejerci\u00f3 como: Gerente Mundial de Herbicidas para Cereales, Gerente Mundial de Antiparasitarios Internos para Mascotas y Gerente Mundial de Desarrollo de Nuevos Negocios. Luego de varios a\u00f1os residiendo en Europa, decide regresar a Colombia en el 2017 y se vincula a la empresa farmac\u00e9utica Procaps, labor que combina con la docencia en la Universidad de la Costa, donde tiene a su cargo la asignatura de Estrategia, Mercadeo y Desarrollo Corporativo.<\/p>\n<p>\u201cSer due\u00f1o de 15 patentes de combinaciones de herbicidas para cereales, el posicionamiento de varios productos novedosos para el sector de los cereales y la renovaci\u00f3n en cuanto a imagen y composici\u00f3n de los antiparasitarios para mascotas, fueron algunos de los logros m\u00e1s importantes alcanzados en Bayer por todo el impacto que tuvieron a nivel mundial. De igual forma, la profesionalizaci\u00f3n que le he dado a las alianzas estrat\u00e9gicas, fusiones y adquisiciones en Procaps, ha sido una gesti\u00f3n que tambi\u00e9n me ha llenado de mucha satisfacci\u00f3n\u201d, manifest\u00f3 el administrador de empresas.<\/p>\n<p>Para V\u00edctor M\u00e1rceles, quien es padre de familia del Colegio Alem\u00e1n, nuestra instituci\u00f3n sigue siendo su principal orgullo a nivel educativo porque le dio el sentido de \u2018familia extendida\u2019, lo cual evidencia a trav\u00e9s del contacto que mantiene con exalumnos de diferentes promociones y a los que considera parte de su \u2018familia\u2019. Aspectos como: la disciplina, la \u00e9tica, la honestidad, la integridad, el pensamiento cr\u00edtico y la tolerancia, son un valioso legado en cuanto a valores que la instituci\u00f3n le dej\u00f3 para toda la vida y que contribuy\u00f3 para una formaci\u00f3n de excelencia tanto acad\u00e9mica como profesional.<\/p>\n<\/div>\n<\/div>\n<\/div>","protected":false},"excerpt":{"rendered":"<p>V\u00edctor M\u00e1rceles y su brillante trayectoria en la industria agroindustrial y farmac\u00e9utica Creado por: Jos\u00e9 R\u00edos Mercado. Los sectores agroindustrial y farmac\u00e9utico son los campos en<span class=\"excerpt-hellip\"> [\u2026]<\/span><\/p>","protected":false},"author":16,"featured_media":6373,"comment_status":"open","ping_status":"open","sticky":false,"template":"","format":"standard","meta":{"_exactmetrics_skip_tracking":false,"_exactmetrics_sitenote_active":false,"_exactmetrics_sitenote_note":"","_exactmetrics_sitenote_category":0,"_joinchat":[],"footnotes":""},"categories":[681,684],"tags":[712],"class_list":["post-6371","post","type-post","status-publish","format-standard","has-post-thumbnail","hentry","category-681","category-alumni","tag-entrevista"],"yoast_head":"<!-- This site is optimized with the Yoast SEO plugin v23.3 - https:\/\/yoast.com\/wordpress\/plugins\/seo\/ -->\n<title>V\u00edctor M\u00e1rceles y su brillante trayectoria en la industria agroindustrial y farmac\u00e9utica - 2026<\/title>\n<meta name=\"robots\" content=\"noindex, follow, max-snippet:-1, max-image-preview:large, max-video-preview:-1\" \/>\n<meta property=\"og:locale\" content=\"de_DE\" \/>\n<meta property=\"og:type\" content=\"article\" \/>\n<meta property=\"og:title\" content=\"V\u00edctor M\u00e1rceles y su brillante trayectoria en la industria agroindustrial y farmac\u00e9utica - 2026\" \/>\n<meta property=\"og:description\" content=\"V\u00edctor M\u00e1rceles y su brillante trayectoria en la industria agroindustrial y farmac\u00e9utica Creado por: Jos\u00e9 R\u00edos Mercado. Los sectores agroindustrial y farmac\u00e9utico son los campos en [\u2026]\" \/>\n<meta property=\"og:url\" content=\"https:\/\/ds-barranquilla.org\/de\/victor-marceles-y-su-brillante-trayectoria-en-la-industria-agroindustrial-y-farmaceutica\/\" \/>\n<meta property=\"og:site_name\" content=\"Colegio Alem\u00e1n - Los Mejores Colegios de Colombia - Colegio Triling\u00fce\" \/>\n<meta property=\"article:publisher\" content=\"https:\/\/www.facebook.com\/ColegioAlemanBaq\/\" \/>\n<meta property=\"article:published_time\" content=\"2021-02-04T16:27:19+00:00\" \/>\n<meta property=\"article:modified_time\" content=\"2023-01-03T21:00:06+00:00\" \/>\n<meta property=\"og:image\" content=\"https:\/\/ds-barranquilla.org\/wp-content\/uploads\/2021\/02\/Victor_Marceles_Web.jpg\" \/>\n\t<meta property=\"og:image:width\" content=\"1004\" \/>\n\t<meta property=\"og:image:height\" content=\"444\" \/>\n\t<meta property=\"og:image:type\" content=\"image\/jpeg\" \/>\n<meta name=\"author\" content=\"Comunicaciones Comunicaciones\" \/>\n<meta name=\"twitter:card\" content=\"summary_large_image\" \/>\n<meta name=\"twitter:creator\" content=\"@ColegioAlemanBq\" \/>\n<meta name=\"twitter:site\" content=\"@ColegioAlemanBq\" \/>\n<meta name=\"twitter:label1\" content=\"Verfasst von\" \/>\n\t<meta name=\"twitter:data1\" content=\"Comunicaciones Comunicaciones\" \/>\n\t<meta name=\"twitter:label2\" content=\"Gesch\u00e4tzte Lesezeit\" \/>\n\t<meta name=\"twitter:data2\" content=\"3\u00a0Minuten\" \/>\n<script type=\"application\/ld+json\" class=\"yoast-schema-graph\">{\"@context\":\"https:\/\/schema.org\",\"@graph\":[{\"@type\":\"Article\",\"@id\":\"https:\/\/ds-barranquilla.org\/victor-marceles-y-su-brillante-trayectoria-en-la-industria-agroindustrial-y-farmaceutica\/#article\",\"isPartOf\":{\"@id\":\"https:\/\/ds-barranquilla.org\/victor-marceles-y-su-brillante-trayectoria-en-la-industria-agroindustrial-y-farmaceutica\/\"},\"author\":{\"name\":\"Comunicaciones Comunicaciones\",\"@id\":\"https:\/\/ds-barranquilla.org\/#\/schema\/person\/7bf8790ba89d3480e0551241ccdc8d36\"},\"headline\":\"V\u00edctor M\u00e1rceles y su brillante trayectoria en la industria agroindustrial y farmac\u00e9utica\",\"datePublished\":\"2021-02-04T16:27:19+00:00\",\"dateModified\":\"2023-01-03T21:00:06+00:00\",\"mainEntityOfPage\":{\"@id\":\"https:\/\/ds-barranquilla.org\/victor-marceles-y-su-brillante-trayectoria-en-la-industria-agroindustrial-y-farmaceutica\/\"},\"wordCount\":515,\"commentCount\":0,\"publisher\":{\"@id\":\"https:\/\/ds-barranquilla.org\/#organization\"},\"image\":{\"@id\":\"https:\/\/ds-barranquilla.org\/victor-marceles-y-su-brillante-trayectoria-en-la-industria-agroindustrial-y-farmaceutica\/#primaryimage\"},\"thumbnailUrl\":\"https:\/\/ds-barranquilla.org\/wp-content\/uploads\/2021\/02\/Victor_Marceles_Web.jpg\",\"keywords\":[\"Entrevista\"],\"articleSection\":[\"2021\",\"Alumni\"],\"inLanguage\":\"de\",\"potentialAction\":[{\"@type\":\"CommentAction\",\"name\":\"Comment\",\"target\":[\"https:\/\/ds-barranquilla.org\/victor-marceles-y-su-brillante-trayectoria-en-la-industria-agroindustrial-y-farmaceutica\/#respond\"]}]},{\"@type\":\"WebPage\",\"@id\":\"https:\/\/ds-barranquilla.org\/victor-marceles-y-su-brillante-trayectoria-en-la-industria-agroindustrial-y-farmaceutica\/\",\"url\":\"https:\/\/ds-barranquilla.org\/victor-marceles-y-su-brillante-trayectoria-en-la-industria-agroindustrial-y-farmaceutica\/\",\"name\":\"V\u00edctor M\u00e1rceles y su brillante trayectoria en la industria agroindustrial y farmac\u00e9utica - 2026\",\"isPartOf\":{\"@id\":\"https:\/\/ds-barranquilla.org\/#website\"},\"primaryImageOfPage\":{\"@id\":\"https:\/\/ds-barranquilla.org\/victor-marceles-y-su-brillante-trayectoria-en-la-industria-agroindustrial-y-farmaceutica\/#primaryimage\"},\"image\":{\"@id\":\"https:\/\/ds-barranquilla.org\/victor-marceles-y-su-brillante-trayectoria-en-la-industria-agroindustrial-y-farmaceutica\/#primaryimage\"},\"thumbnailUrl\":\"https:\/\/ds-barranquilla.org\/wp-content\/uploads\/2021\/02\/Victor_Marceles_Web.jpg\",\"datePublished\":\"2021-02-04T16:27:19+00:00\",\"dateModified\":\"2023-01-03T21:00:06+00:00\",\"breadcrumb\":{\"@id\":\"https:\/\/ds-barranquilla.org\/victor-marceles-y-su-brillante-trayectoria-en-la-industria-agroindustrial-y-farmaceutica\/#breadcrumb\"},\"inLanguage\":\"de\",\"potentialAction\":[{\"@type\":\"ReadAction\",\"target\":[\"https:\/\/ds-barranquilla.org\/victor-marceles-y-su-brillante-trayectoria-en-la-industria-agroindustrial-y-farmaceutica\/\"]}]},{\"@type\":\"ImageObject\",\"inLanguage\":\"de\",\"@id\":\"https:\/\/ds-barranquilla.org\/victor-marceles-y-su-brillante-trayectoria-en-la-industria-agroindustrial-y-farmaceutica\/#primaryimage\",\"url\":\"https:\/\/ds-barranquilla.org\/wp-content\/uploads\/2021\/02\/Victor_Marceles_Web.jpg\",\"contentUrl\":\"https:\/\/ds-barranquilla.org\/wp-content\/uploads\/2021\/02\/Victor_Marceles_Web.jpg\",\"width\":1004,\"height\":444,\"caption\":\"Victor Marcerles\"},{\"@type\":\"BreadcrumbList\",\"@id\":\"https:\/\/ds-barranquilla.org\/victor-marceles-y-su-brillante-trayectoria-en-la-industria-agroindustrial-y-farmaceutica\/#breadcrumb\",\"itemListElement\":[{\"@type\":\"ListItem\",\"position\":1,\"name\":\"Portada\",\"item\":\"https:\/\/ds-barranquilla.org\/\"},{\"@type\":\"ListItem\",\"position\":2,\"name\":\"V\u00edctor M\u00e1rceles y su brillante trayectoria en la industria agroindustrial y farmac\u00e9utica\"}]},{\"@type\":\"WebSite\",\"@id\":\"https:\/\/ds-barranquilla.org\/#website\",\"url\":\"https:\/\/ds-barranquilla.org\/\",\"name\":\"Colegio Alem\u00e1n - Los Mejores Colegios de Colombia - Colegio Triling\u00fce\",\"description\":\"Colegio Alem\u00e1n  Barranquilla Colombia - Colegio Biling\u00fce - Triling\u00fce - El Mejor Colegio de Colombia\",\"publisher\":{\"@id\":\"https:\/\/ds-barranquilla.org\/#organization\"},\"potentialAction\":[{\"@type\":\"SearchAction\",\"target\":{\"@type\":\"EntryPoint\",\"urlTemplate\":\"https:\/\/ds-barranquilla.org\/?s={search_term_string}\"},\"query-input\":\"required name=search_term_string\"}],\"inLanguage\":\"de\"},{\"@type\":\"Organization\",\"@id\":\"https:\/\/ds-barranquilla.org\/#organization\",\"name\":\"Colegio Alem\u00e1n Barranquilla\",\"url\":\"https:\/\/ds-barranquilla.org\/\",\"logo\":{\"@type\":\"ImageObject\",\"inLanguage\":\"de\",\"@id\":\"https:\/\/ds-barranquilla.org\/#\/schema\/logo\/image\/\",\"url\":\"https:\/\/ds-barranquilla.org\/wp-content\/uploads\/2021\/05\/coleman_logo_2.png\",\"contentUrl\":\"https:\/\/ds-barranquilla.org\/wp-content\/uploads\/2021\/05\/coleman_logo_2.png\",\"width\":418,\"height\":307,\"caption\":\"Colegio Alem\u00e1n Barranquilla\"},\"image\":{\"@id\":\"https:\/\/ds-barranquilla.org\/#\/schema\/logo\/image\/\"},\"sameAs\":[\"https:\/\/www.facebook.com\/ColegioAlemanBaq\/\",\"https:\/\/x.com\/ColegioAlemanBq\",\"https:\/\/www.instagram.com\/colegioalemanbaq\/\",\"https:\/\/www.linkedin.com\/school\/deutsche-schule-barranquilla\/\",\"https:\/\/www.youtube.com\/channel\/UCOOGZQCVs6aYRqIWvSN5agQ\"]},{\"@type\":\"Person\",\"@id\":\"https:\/\/ds-barranquilla.org\/#\/schema\/person\/7bf8790ba89d3480e0551241ccdc8d36\",\"name\":\"Comunicaciones Comunicaciones\",\"image\":{\"@type\":\"ImageObject\",\"inLanguage\":\"de\",\"@id\":\"https:\/\/ds-barranquilla.org\/#\/schema\/person\/image\/\",\"url\":\"https:\/\/secure.gravatar.com\/avatar\/a66ba9484a4338d81d6bea750e595038?s=96&d=mm&r=g\",\"contentUrl\":\"https:\/\/secure.gravatar.com\/avatar\/a66ba9484a4338d81d6bea750e595038?s=96&d=mm&r=g\",\"caption\":\"Comunicaciones Comunicaciones\"}}]}<\/script>\n<!-- \/ Yoast SEO plugin. -->","yoast_head_json":{"title":"V\u00edctor M\u00e1rceles y su brillante trayectoria en la industria agroindustrial y farmac\u00e9utica - 2026","robots":{"index":"noindex","follow":"follow","max-snippet":"max-snippet:-1","max-image-preview":"max-image-preview:large","max-video-preview":"max-video-preview:-1"},"og_locale":"de_DE","og_type":"article","og_title":"V\u00edctor M\u00e1rceles y su brillante trayectoria en la industria agroindustrial y farmac\u00e9utica - 2026","og_description":"V\u00edctor M\u00e1rceles y su brillante trayectoria en la industria agroindustrial y farmac\u00e9utica Creado por: Jos\u00e9 R\u00edos Mercado. Los sectores agroindustrial y farmac\u00e9utico son los campos en [\u2026]","og_url":"https:\/\/ds-barranquilla.org\/de\/victor-marceles-y-su-brillante-trayectoria-en-la-industria-agroindustrial-y-farmaceutica\/","og_site_name":"Colegio Alem\u00e1n - Los Mejores Colegios de Colombia - Colegio Triling\u00fce","article_publisher":"https:\/\/www.facebook.com\/ColegioAlemanBaq\/","article_published_time":"2021-02-04T16:27:19+00:00","article_modified_time":"2023-01-03T21:00:06+00:00","og_image":[{"width":1004,"height":444,"url":"https:\/\/ds-barranquilla.org\/wp-content\/uploads\/2021\/02\/Victor_Marceles_Web.jpg","type":"image\/jpeg"}],"author":"Comunicaciones Comunicaciones","twitter_card":"summary_large_image","twitter_creator":"@ColegioAlemanBq","twitter_site":"@ColegioAlemanBq","twitter_misc":{"Verfasst von":"Comunicaciones Comunicaciones","Gesch\u00e4tzte Lesezeit":"3\u00a0Minuten"},"schema":{"@context":"https:\/\/schema.org","@graph":[{"@type":"Article","@id":"https:\/\/ds-barranquilla.org\/victor-marceles-y-su-brillante-trayectoria-en-la-industria-agroindustrial-y-farmaceutica\/#article","isPartOf":{"@id":"https:\/\/ds-barranquilla.org\/victor-marceles-y-su-brillante-trayectoria-en-la-industria-agroindustrial-y-farmaceutica\/"},"author":{"name":"Comunicaciones Comunicaciones","@id":"https:\/\/ds-barranquilla.org\/#\/schema\/person\/7bf8790ba89d3480e0551241ccdc8d36"},"headline":"V\u00edctor M\u00e1rceles y su brillante trayectoria en la industria agroindustrial y farmac\u00e9utica","datePublished":"2021-02-04T16:27:19+00:00","dateModified":"2023-01-03T21:00:06+00:00","mainEntityOfPage":{"@id":"https:\/\/ds-barranquilla.org\/victor-marceles-y-su-brillante-trayectoria-en-la-industria-agroindustrial-y-farmaceutica\/"},"wordCount":515,"commentCount":0,"publisher":{"@id":"https:\/\/ds-barranquilla.org\/#organization"},"image":{"@id":"https:\/\/ds-barranquilla.org\/victor-marceles-y-su-brillante-trayectoria-en-la-industria-agroindustrial-y-farmaceutica\/#primaryimage"},"thumbnailUrl":"https:\/\/ds-barranquilla.org\/wp-content\/uploads\/2021\/02\/Victor_Marceles_Web.jpg","keywords":["Entrevista"],"articleSection":["2021","Alumni"],"inLanguage":"de","potentialAction":[{"@type":"CommentAction","name":"Comment","target":["https:\/\/ds-barranquilla.org\/victor-marceles-y-su-brillante-trayectoria-en-la-industria-agroindustrial-y-farmaceutica\/#respond"]}]},{"@type":"WebPage","@id":"https:\/\/ds-barranquilla.org\/victor-marceles-y-su-brillante-trayectoria-en-la-industria-agroindustrial-y-farmaceutica\/","url":"https:\/\/ds-barranquilla.org\/victor-marceles-y-su-brillante-trayectoria-en-la-industria-agroindustrial-y-farmaceutica\/","name":"V\u00edctor M\u00e1rceles y su brillante trayectoria en la industria agroindustrial y farmac\u00e9utica - 2026","isPartOf":{"@id":"https:\/\/ds-barranquilla.org\/#website"},"primaryImageOfPage":{"@id":"https:\/\/ds-barranquilla.org\/victor-marceles-y-su-brillante-trayectoria-en-la-industria-agroindustrial-y-farmaceutica\/#primaryimage"},"image":{"@id":"https:\/\/ds-barranquilla.org\/victor-marceles-y-su-brillante-trayectoria-en-la-industria-agroindustrial-y-farmaceutica\/#primaryimage"},"thumbnailUrl":"https:\/\/ds-barranquilla.org\/wp-content\/uploads\/2021\/02\/Victor_Marceles_Web.jpg","datePublished":"2021-02-04T16:27:19+00:00","dateModified":"2023-01-03T21:00:06+00:00","breadcrumb":{"@id":"https:\/\/ds-barranquilla.org\/victor-marceles-y-su-brillante-trayectoria-en-la-industria-agroindustrial-y-farmaceutica\/#breadcrumb"},"inLanguage":"de","potentialAction":[{"@type":"ReadAction","target":["https:\/\/ds-barranquilla.org\/victor-marceles-y-su-brillante-trayectoria-en-la-industria-agroindustrial-y-farmaceutica\/"]}]},{"@type":"ImageObject","inLanguage":"de","@id":"https:\/\/ds-barranquilla.org\/victor-marceles-y-su-brillante-trayectoria-en-la-industria-agroindustrial-y-farmaceutica\/#primaryimage","url":"https:\/\/ds-barranquilla.org\/wp-content\/uploads\/2021\/02\/Victor_Marceles_Web.jpg","contentUrl":"https:\/\/ds-barranquilla.org\/wp-content\/uploads\/2021\/02\/Victor_Marceles_Web.jpg","width":1004,"height":444,"caption":"Victor Marcerles"},{"@type":"BreadcrumbList","@id":"https:\/\/ds-barranquilla.org\/victor-marceles-y-su-brillante-trayectoria-en-la-industria-agroindustrial-y-farmaceutica\/#breadcrumb","itemListElement":[{"@type":"ListItem","position":1,"name":"Portada","item":"https:\/\/ds-barranquilla.org\/"},{"@type":"ListItem","position":2,"name":"V\u00edctor M\u00e1rceles y su brillante trayectoria en la industria agroindustrial y farmac\u00e9utica"}]},{"@type":"WebSite","@id":"https:\/\/ds-barranquilla.org\/#website","url":"https:\/\/ds-barranquilla.org\/","name":"Colegio Alem\u00e1n - Los Mejores Colegios de Colombia - Colegio Triling\u00fce","description":"Colegio Alem\u00e1n  Barranquilla Colombia - Colegio Biling\u00fce - Triling\u00fce - El Mejor Colegio de Colombia","publisher":{"@id":"https:\/\/ds-barranquilla.org\/#organization"},"potentialAction":[{"@type":"SearchAction","target":{"@type":"EntryPoint","urlTemplate":"https:\/\/ds-barranquilla.org\/?s={search_term_string}"},"query-input":"required name=search_term_string"}],"inLanguage":"de"},{"@type":"Organization","@id":"https:\/\/ds-barranquilla.org\/#organization","name":"Colegio Alem\u00e1n Barranquilla","url":"https:\/\/ds-barranquilla.org\/","logo":{"@type":"ImageObject","inLanguage":"de","@id":"https:\/\/ds-barranquilla.org\/#\/schema\/logo\/image\/","url":"https:\/\/ds-barranquilla.org\/wp-content\/uploads\/2021\/05\/coleman_logo_2.png","contentUrl":"https:\/\/ds-barranquilla.org\/wp-content\/uploads\/2021\/05\/coleman_logo_2.png","width":418,"height":307,"caption":"Colegio Alem\u00e1n Barranquilla"},"image":{"@id":"https:\/\/ds-barranquilla.org\/#\/schema\/logo\/image\/"},"sameAs":["https:\/\/www.facebook.com\/ColegioAlemanBaq\/","https:\/\/x.com\/ColegioAlemanBq","https:\/\/www.instagram.com\/colegioalemanbaq\/","https:\/\/www.linkedin.com\/school\/deutsche-schule-barranquilla\/","https:\/\/www.youtube.com\/channel\/UCOOGZQCVs6aYRqIWvSN5agQ"]},{"@type":"Person","@id":"https:\/\/ds-barranquilla.org\/#\/schema\/person\/7bf8790ba89d3480e0551241ccdc8d36","name":"Comunicaciones Comunicaciones","image":{"@type":"ImageObject","inLanguage":"de","@id":"https:\/\/ds-barranquilla.org\/#\/schema\/person\/image\/","url":"https:\/\/secure.gravatar.com\/avatar\/a66ba9484a4338d81d6bea750e595038?s=96&d=mm&r=g","contentUrl":"https:\/\/secure.gravatar.com\/avatar\/a66ba9484a4338d81d6bea750e595038?s=96&d=mm&r=g","caption":"Comunicaciones Comunicaciones"}}]}},"_links":{"self":[{"href":"https:\/\/ds-barranquilla.org\/de\/wp-json\/wp\/v2\/posts\/6371"}],"collection":[{"href":"https:\/\/ds-barranquilla.org\/de\/wp-json\/wp\/v2\/posts"}],"about":[{"href":"https:\/\/ds-barranquilla.org\/de\/wp-json\/wp\/v2\/types\/post"}],"author":[{"embeddable":true,"href":"https:\/\/ds-barranquilla.org\/de\/wp-json\/wp\/v2\/users\/16"}],"replies":[{"embeddable":true,"href":"https:\/\/ds-barranquilla.org\/de\/wp-json\/wp\/v2\/comments?post=6371"}],"version-history":[{"count":5,"href":"https:\/\/ds-barranquilla.org\/de\/wp-json\/wp\/v2\/posts\/6371\/revisions"}],"predecessor-version":[{"id":6820,"href":"https:\/\/ds-barranquilla.org\/de\/wp-json\/wp\/v2\/posts\/6371\/revisions\/6820"}],"wp:featuredmedia":[{"embeddable":true,"href":"https:\/\/ds-barranquilla.org\/de\/wp-json\/wp\/v2\/media\/6373"}],"wp:attachment":[{"href":"https:\/\/ds-barranquilla.org\/de\/wp-json\/wp\/v2\/media?parent=6371"}],"wp:term":[{"taxonomy":"category","embeddable":true,"href":"https:\/\/ds-barranquilla.org\/de\/wp-json\/wp\/v2\/categories?post=6371"},{"taxonomy":"post_tag","embeddable":true,"href":"https:\/\/ds-barranquilla.org\/de\/wp-json\/wp\/v2\/tags?post=6371"}],"curies":[{"name":"wp","href":"https:\/\/api.w.org\/{rel}","templated":true}]}}