{"id":6379,"date":"2021-01-19T12:12:39","date_gmt":"2021-01-19T17:12:39","guid":{"rendered":"https:\/\/ds-barranquilla.org\/?p=6379"},"modified":"2023-01-04T08:59:43","modified_gmt":"2023-01-04T13:59:43","slug":"articulos-de-estudiantes-de-nuestro-colegio-fueron-publicados-en-el-libro-ich-habe-einen-traum","status":"publish","type":"post","link":"https:\/\/ds-barranquilla.org\/de\/articulos-de-estudiantes-de-nuestro-colegio-fueron-publicados-en-el-libro-ich-habe-einen-traum\/","title":{"rendered":"Art\u00edculos de estudiantes de nuestro colegio fueron publicados en el libro \u2018Ich habe einen Traum\u2019"},"content":{"rendered":"<h1>Art\u00edculos de estudiantes de nuestro colegio fueron publicados en el libro \u2018Ich habe einen Traum\u2019<\/h1>\n<div class=\"extra\"><strong>Geschrieben von: Jos\u00e9 R\u00edos Mercado.<\/strong> Fueron publicados recientemente en el libro electr\u00f3nico \u2018Ich habe einen Traum\u2019, del Ministerio de Relaciones Exteriores de Alemania en cooperaci\u00f3n con la reconocida editorial Aufbau Verlag, los art\u00edculos de los estudiantes de nuestro colegio: Alberto Pertuz, Esteban Aparicio, Juliana Vergara, Laura Ca\u00f1\u00f3n y Nicole Vega. Estos trabajos fueron seleccionados por los organizadores de la convocatoria en la categor\u00eda de estudiantes de colegios alemanes de todo el mundo entre los 15 y los 19 a\u00f1os de edad.<\/div>\n<div class=\"row\">\n<div class=\"col-md-12\">\n<div class=\"news-text-wrap\">\n<p>Para el Director del Departamento Alem\u00e1n, Marius Steies, es motivo de orgullo que nuestros estudiantes representen de esta forma al Colegio Alem\u00e1n de Barranquilla en Alemania por el tiempo y esfuerzo al escribir estos art\u00edculos que merecidamente se ganaron un lugar en esta publicaci\u00f3n. El directivo espera que este momento les brinde mucha motivaci\u00f3n a estos j\u00f3venes para el futuro y se den cuenta que el esfuerzo suele ser recompensado.<\/p>\n<p><em><a href=\"https:\/\/www.aufbau-verlag.de\/media\/Upload\/digital\/Sonderseiten\/AA\/9783841226358_Ich-habe-einen-Traum_I-Have-a-Dream_Aufbau-Verlag_15-bis-19-Jahre.pdf\" target=\"_blank\" rel=\"noopener\">&gt;&gt;&gt;Ver la publicaci\u00f3n<\/a><\/em><\/p>\n<\/div>\n<\/div>\n<\/div>","protected":false},"excerpt":{"rendered":"<p>Art\u00edculos de estudiantes de nuestro colegio fueron publicados en el libro \u2018Ich habe einen Traum\u2019 Creado por: Jos\u00e9 R\u00edos Mercado. Fueron publicados recientemente en el libro<span class=\"excerpt-hellip\"> [\u2026]<\/span><\/p>","protected":false},"author":16,"featured_media":6380,"comment_status":"open","ping_status":"open","sticky":false,"template":"","format":"standard","meta":{"_exactmetrics_skip_tracking":false,"_exactmetrics_sitenote_active":false,"_exactmetrics_sitenote_note":"","_exactmetrics_sitenote_category":0,"_joinchat":[],"footnotes":""},"categories":[681,673,674,704,707,710],"tags":[],"class_list":["post-6379","post","type-post","status-publish","format-standard","has-post-thumbnail","hentry","category-681","category-area-de-aleman","category-lengua-y-cultura-alemana","category-oficina-de-relaciones-internacionales","category-otras-noticias","category-secundaria"],"yoast_head":"<!-- This site is optimized with the Yoast SEO plugin v23.3 - https:\/\/yoast.com\/wordpress\/plugins\/seo\/ -->\n<title>Art\u00edculos de estudiantes de nuestro colegio fueron publicados en el libro \u2018Ich habe einen Traum\u2019 - 2026<\/title>\n<meta name=\"robots\" content=\"noindex, follow, max-snippet:-1, max-image-preview:large, max-video-preview:-1\" \/>\n<meta property=\"og:locale\" content=\"de_DE\" \/>\n<meta property=\"og:type\" content=\"article\" \/>\n<meta property=\"og:title\" content=\"Art\u00edculos de estudiantes de nuestro colegio fueron publicados en el libro \u2018Ich habe einen Traum\u2019 - 2026\" \/>\n<meta property=\"og:description\" content=\"Art\u00edculos de estudiantes de nuestro colegio fueron publicados en el libro \u2018Ich habe einen Traum\u2019 Creado por: Jos\u00e9 R\u00edos Mercado. Fueron publicados recientemente en el libro [\u2026]\" \/>\n<meta property=\"og:url\" content=\"https:\/\/ds-barranquilla.org\/de\/articulos-de-estudiantes-de-nuestro-colegio-fueron-publicados-en-el-libro-ich-habe-einen-traum\/\" \/>\n<meta property=\"og:site_name\" content=\"Colegio Alem\u00e1n - Los Mejores Colegios de Colombia - Colegio Triling\u00fce\" \/>\n<meta property=\"article:publisher\" content=\"https:\/\/www.facebook.com\/ColegioAlemanBaq\/\" \/>\n<meta property=\"article:published_time\" content=\"2021-01-19T17:12:39+00:00\" \/>\n<meta property=\"article:modified_time\" content=\"2023-01-04T13:59:43+00:00\" \/>\n<meta property=\"og:image\" content=\"https:\/\/ds-barranquilla.org\/wp-content\/uploads\/2021\/02\/Tengo_un_Sueno_Web.jpg\" \/>\n\t<meta property=\"og:image:width\" content=\"1004\" \/>\n\t<meta property=\"og:image:height\" content=\"444\" \/>\n\t<meta property=\"og:image:type\" content=\"image\/jpeg\" \/>\n<meta name=\"author\" content=\"Comunicaciones Comunicaciones\" \/>\n<meta name=\"twitter:card\" content=\"summary_large_image\" \/>\n<meta name=\"twitter:creator\" content=\"@ColegioAlemanBq\" \/>\n<meta name=\"twitter:site\" content=\"@ColegioAlemanBq\" \/>\n<meta name=\"twitter:label1\" content=\"Verfasst von\" \/>\n\t<meta name=\"twitter:data1\" content=\"Comunicaciones Comunicaciones\" \/>\n\t<meta name=\"twitter:label2\" content=\"Gesch\u00e4tzte Lesezeit\" \/>\n\t<meta name=\"twitter:data2\" content=\"1\u00a0Minute\" \/>\n<script type=\"application\/ld+json\" class=\"yoast-schema-graph\">{\"@context\":\"https:\/\/schema.org\",\"@graph\":[{\"@type\":\"Article\",\"@id\":\"https:\/\/ds-barranquilla.org\/articulos-de-estudiantes-de-nuestro-colegio-fueron-publicados-en-el-libro-ich-habe-einen-traum\/#article\",\"isPartOf\":{\"@id\":\"https:\/\/ds-barranquilla.org\/articulos-de-estudiantes-de-nuestro-colegio-fueron-publicados-en-el-libro-ich-habe-einen-traum\/\"},\"author\":{\"name\":\"Comunicaciones Comunicaciones\",\"@id\":\"https:\/\/ds-barranquilla.org\/#\/schema\/person\/7bf8790ba89d3480e0551241ccdc8d36\"},\"headline\":\"Art\u00edculos de estudiantes de nuestro colegio fueron publicados en el libro \u2018Ich habe einen Traum\u2019\",\"datePublished\":\"2021-01-19T17:12:39+00:00\",\"dateModified\":\"2023-01-04T13:59:43+00:00\",\"mainEntityOfPage\":{\"@id\":\"https:\/\/ds-barranquilla.org\/articulos-de-estudiantes-de-nuestro-colegio-fueron-publicados-en-el-libro-ich-habe-einen-traum\/\"},\"wordCount\":201,\"commentCount\":0,\"publisher\":{\"@id\":\"https:\/\/ds-barranquilla.org\/#organization\"},\"image\":{\"@id\":\"https:\/\/ds-barranquilla.org\/articulos-de-estudiantes-de-nuestro-colegio-fueron-publicados-en-el-libro-ich-habe-einen-traum\/#primaryimage\"},\"thumbnailUrl\":\"https:\/\/ds-barranquilla.org\/wp-content\/uploads\/2021\/02\/Tengo_un_Sueno_Web.jpg\",\"articleSection\":[\"2021\",\"\u00c1rea de Alem\u00e1n\",\"Lengua y Cultura Alemana\",\"Oficina de Relaciones Internacionales\",\"Otras noticias\",\"Secundaria\"],\"inLanguage\":\"de\",\"potentialAction\":[{\"@type\":\"CommentAction\",\"name\":\"Comment\",\"target\":[\"https:\/\/ds-barranquilla.org\/articulos-de-estudiantes-de-nuestro-colegio-fueron-publicados-en-el-libro-ich-habe-einen-traum\/#respond\"]}]},{\"@type\":\"WebPage\",\"@id\":\"https:\/\/ds-barranquilla.org\/articulos-de-estudiantes-de-nuestro-colegio-fueron-publicados-en-el-libro-ich-habe-einen-traum\/\",\"url\":\"https:\/\/ds-barranquilla.org\/articulos-de-estudiantes-de-nuestro-colegio-fueron-publicados-en-el-libro-ich-habe-einen-traum\/\",\"name\":\"Art\u00edculos de estudiantes de nuestro colegio fueron publicados en el libro \u2018Ich habe einen Traum\u2019 - 2026\",\"isPartOf\":{\"@id\":\"https:\/\/ds-barranquilla.org\/#website\"},\"primaryImageOfPage\":{\"@id\":\"https:\/\/ds-barranquilla.org\/articulos-de-estudiantes-de-nuestro-colegio-fueron-publicados-en-el-libro-ich-habe-einen-traum\/#primaryimage\"},\"image\":{\"@id\":\"https:\/\/ds-barranquilla.org\/articulos-de-estudiantes-de-nuestro-colegio-fueron-publicados-en-el-libro-ich-habe-einen-traum\/#primaryimage\"},\"thumbnailUrl\":\"https:\/\/ds-barranquilla.org\/wp-content\/uploads\/2021\/02\/Tengo_un_Sueno_Web.jpg\",\"datePublished\":\"2021-01-19T17:12:39+00:00\",\"dateModified\":\"2023-01-04T13:59:43+00:00\",\"breadcrumb\":{\"@id\":\"https:\/\/ds-barranquilla.org\/articulos-de-estudiantes-de-nuestro-colegio-fueron-publicados-en-el-libro-ich-habe-einen-traum\/#breadcrumb\"},\"inLanguage\":\"de\",\"potentialAction\":[{\"@type\":\"ReadAction\",\"target\":[\"https:\/\/ds-barranquilla.org\/articulos-de-estudiantes-de-nuestro-colegio-fueron-publicados-en-el-libro-ich-habe-einen-traum\/\"]}]},{\"@type\":\"ImageObject\",\"inLanguage\":\"de\",\"@id\":\"https:\/\/ds-barranquilla.org\/articulos-de-estudiantes-de-nuestro-colegio-fueron-publicados-en-el-libro-ich-habe-einen-traum\/#primaryimage\",\"url\":\"https:\/\/ds-barranquilla.org\/wp-content\/uploads\/2021\/02\/Tengo_un_Sueno_Web.jpg\",\"contentUrl\":\"https:\/\/ds-barranquilla.org\/wp-content\/uploads\/2021\/02\/Tengo_un_Sueno_Web.jpg\",\"width\":1004,\"height\":444,\"caption\":\"Tengo_un_Sueno_Web\"},{\"@type\":\"BreadcrumbList\",\"@id\":\"https:\/\/ds-barranquilla.org\/articulos-de-estudiantes-de-nuestro-colegio-fueron-publicados-en-el-libro-ich-habe-einen-traum\/#breadcrumb\",\"itemListElement\":[{\"@type\":\"ListItem\",\"position\":1,\"name\":\"Portada\",\"item\":\"https:\/\/ds-barranquilla.org\/\"},{\"@type\":\"ListItem\",\"position\":2,\"name\":\"Art\u00edculos de estudiantes de nuestro colegio fueron publicados en el libro \u2018Ich habe einen Traum\u2019\"}]},{\"@type\":\"WebSite\",\"@id\":\"https:\/\/ds-barranquilla.org\/#website\",\"url\":\"https:\/\/ds-barranquilla.org\/\",\"name\":\"Colegio Alem\u00e1n - Los Mejores Colegios de Colombia - Colegio Triling\u00fce\",\"description\":\"Colegio Alem\u00e1n  Barranquilla Colombia - Colegio Biling\u00fce - Triling\u00fce - El Mejor Colegio de Colombia\",\"publisher\":{\"@id\":\"https:\/\/ds-barranquilla.org\/#organization\"},\"potentialAction\":[{\"@type\":\"SearchAction\",\"target\":{\"@type\":\"EntryPoint\",\"urlTemplate\":\"https:\/\/ds-barranquilla.org\/?s={search_term_string}\"},\"query-input\":\"required name=search_term_string\"}],\"inLanguage\":\"de\"},{\"@type\":\"Organization\",\"@id\":\"https:\/\/ds-barranquilla.org\/#organization\",\"name\":\"Colegio Alem\u00e1n Barranquilla\",\"url\":\"https:\/\/ds-barranquilla.org\/\",\"logo\":{\"@type\":\"ImageObject\",\"inLanguage\":\"de\",\"@id\":\"https:\/\/ds-barranquilla.org\/#\/schema\/logo\/image\/\",\"url\":\"https:\/\/ds-barranquilla.org\/wp-content\/uploads\/2021\/05\/coleman_logo_2.png\",\"contentUrl\":\"https:\/\/ds-barranquilla.org\/wp-content\/uploads\/2021\/05\/coleman_logo_2.png\",\"width\":418,\"height\":307,\"caption\":\"Colegio Alem\u00e1n Barranquilla\"},\"image\":{\"@id\":\"https:\/\/ds-barranquilla.org\/#\/schema\/logo\/image\/\"},\"sameAs\":[\"https:\/\/www.facebook.com\/ColegioAlemanBaq\/\",\"https:\/\/x.com\/ColegioAlemanBq\",\"https:\/\/www.instagram.com\/colegioalemanbaq\/\",\"https:\/\/www.linkedin.com\/school\/deutsche-schule-barranquilla\/\",\"https:\/\/www.youtube.com\/channel\/UCOOGZQCVs6aYRqIWvSN5agQ\"]},{\"@type\":\"Person\",\"@id\":\"https:\/\/ds-barranquilla.org\/#\/schema\/person\/7bf8790ba89d3480e0551241ccdc8d36\",\"name\":\"Comunicaciones Comunicaciones\",\"image\":{\"@type\":\"ImageObject\",\"inLanguage\":\"de\",\"@id\":\"https:\/\/ds-barranquilla.org\/#\/schema\/person\/image\/\",\"url\":\"https:\/\/secure.gravatar.com\/avatar\/a66ba9484a4338d81d6bea750e595038?s=96&d=mm&r=g\",\"contentUrl\":\"https:\/\/secure.gravatar.com\/avatar\/a66ba9484a4338d81d6bea750e595038?s=96&d=mm&r=g\",\"caption\":\"Comunicaciones Comunicaciones\"}}]}<\/script>\n<!-- \/ Yoast SEO plugin. -->","yoast_head_json":{"title":"Art\u00edculos de estudiantes de nuestro colegio fueron publicados en el libro \u2018Ich habe einen Traum\u2019 - 2026","robots":{"index":"noindex","follow":"follow","max-snippet":"max-snippet:-1","max-image-preview":"max-image-preview:large","max-video-preview":"max-video-preview:-1"},"og_locale":"de_DE","og_type":"article","og_title":"Art\u00edculos de estudiantes de nuestro colegio fueron publicados en el libro \u2018Ich habe einen Traum\u2019 - 2026","og_description":"Art\u00edculos de estudiantes de nuestro colegio fueron publicados en el libro \u2018Ich habe einen Traum\u2019 Creado por: Jos\u00e9 R\u00edos Mercado. Fueron publicados recientemente en el libro [\u2026]","og_url":"https:\/\/ds-barranquilla.org\/de\/articulos-de-estudiantes-de-nuestro-colegio-fueron-publicados-en-el-libro-ich-habe-einen-traum\/","og_site_name":"Colegio Alem\u00e1n - Los Mejores Colegios de Colombia - Colegio Triling\u00fce","article_publisher":"https:\/\/www.facebook.com\/ColegioAlemanBaq\/","article_published_time":"2021-01-19T17:12:39+00:00","article_modified_time":"2023-01-04T13:59:43+00:00","og_image":[{"width":1004,"height":444,"url":"https:\/\/ds-barranquilla.org\/wp-content\/uploads\/2021\/02\/Tengo_un_Sueno_Web.jpg","type":"image\/jpeg"}],"author":"Comunicaciones Comunicaciones","twitter_card":"summary_large_image","twitter_creator":"@ColegioAlemanBq","twitter_site":"@ColegioAlemanBq","twitter_misc":{"Verfasst von":"Comunicaciones Comunicaciones","Gesch\u00e4tzte Lesezeit":"1\u00a0Minute"},"schema":{"@context":"https:\/\/schema.org","@graph":[{"@type":"Article","@id":"https:\/\/ds-barranquilla.org\/articulos-de-estudiantes-de-nuestro-colegio-fueron-publicados-en-el-libro-ich-habe-einen-traum\/#article","isPartOf":{"@id":"https:\/\/ds-barranquilla.org\/articulos-de-estudiantes-de-nuestro-colegio-fueron-publicados-en-el-libro-ich-habe-einen-traum\/"},"author":{"name":"Comunicaciones Comunicaciones","@id":"https:\/\/ds-barranquilla.org\/#\/schema\/person\/7bf8790ba89d3480e0551241ccdc8d36"},"headline":"Art\u00edculos de estudiantes de nuestro colegio fueron publicados en el libro \u2018Ich habe einen Traum\u2019","datePublished":"2021-01-19T17:12:39+00:00","dateModified":"2023-01-04T13:59:43+00:00","mainEntityOfPage":{"@id":"https:\/\/ds-barranquilla.org\/articulos-de-estudiantes-de-nuestro-colegio-fueron-publicados-en-el-libro-ich-habe-einen-traum\/"},"wordCount":201,"commentCount":0,"publisher":{"@id":"https:\/\/ds-barranquilla.org\/#organization"},"image":{"@id":"https:\/\/ds-barranquilla.org\/articulos-de-estudiantes-de-nuestro-colegio-fueron-publicados-en-el-libro-ich-habe-einen-traum\/#primaryimage"},"thumbnailUrl":"https:\/\/ds-barranquilla.org\/wp-content\/uploads\/2021\/02\/Tengo_un_Sueno_Web.jpg","articleSection":["2021","\u00c1rea de Alem\u00e1n","Lengua y Cultura Alemana","Oficina de Relaciones Internacionales","Otras noticias","Secundaria"],"inLanguage":"de","potentialAction":[{"@type":"CommentAction","name":"Comment","target":["https:\/\/ds-barranquilla.org\/articulos-de-estudiantes-de-nuestro-colegio-fueron-publicados-en-el-libro-ich-habe-einen-traum\/#respond"]}]},{"@type":"WebPage","@id":"https:\/\/ds-barranquilla.org\/articulos-de-estudiantes-de-nuestro-colegio-fueron-publicados-en-el-libro-ich-habe-einen-traum\/","url":"https:\/\/ds-barranquilla.org\/articulos-de-estudiantes-de-nuestro-colegio-fueron-publicados-en-el-libro-ich-habe-einen-traum\/","name":"Art\u00edculos de estudiantes de nuestro colegio fueron publicados en el libro \u2018Ich habe einen Traum\u2019 - 2026","isPartOf":{"@id":"https:\/\/ds-barranquilla.org\/#website"},"primaryImageOfPage":{"@id":"https:\/\/ds-barranquilla.org\/articulos-de-estudiantes-de-nuestro-colegio-fueron-publicados-en-el-libro-ich-habe-einen-traum\/#primaryimage"},"image":{"@id":"https:\/\/ds-barranquilla.org\/articulos-de-estudiantes-de-nuestro-colegio-fueron-publicados-en-el-libro-ich-habe-einen-traum\/#primaryimage"},"thumbnailUrl":"https:\/\/ds-barranquilla.org\/wp-content\/uploads\/2021\/02\/Tengo_un_Sueno_Web.jpg","datePublished":"2021-01-19T17:12:39+00:00","dateModified":"2023-01-04T13:59:43+00:00","breadcrumb":{"@id":"https:\/\/ds-barranquilla.org\/articulos-de-estudiantes-de-nuestro-colegio-fueron-publicados-en-el-libro-ich-habe-einen-traum\/#breadcrumb"},"inLanguage":"de","potentialAction":[{"@type":"ReadAction","target":["https:\/\/ds-barranquilla.org\/articulos-de-estudiantes-de-nuestro-colegio-fueron-publicados-en-el-libro-ich-habe-einen-traum\/"]}]},{"@type":"ImageObject","inLanguage":"de","@id":"https:\/\/ds-barranquilla.org\/articulos-de-estudiantes-de-nuestro-colegio-fueron-publicados-en-el-libro-ich-habe-einen-traum\/#primaryimage","url":"https:\/\/ds-barranquilla.org\/wp-content\/uploads\/2021\/02\/Tengo_un_Sueno_Web.jpg","contentUrl":"https:\/\/ds-barranquilla.org\/wp-content\/uploads\/2021\/02\/Tengo_un_Sueno_Web.jpg","width":1004,"height":444,"caption":"Tengo_un_Sueno_Web"},{"@type":"BreadcrumbList","@id":"https:\/\/ds-barranquilla.org\/articulos-de-estudiantes-de-nuestro-colegio-fueron-publicados-en-el-libro-ich-habe-einen-traum\/#breadcrumb","itemListElement":[{"@type":"ListItem","position":1,"name":"Portada","item":"https:\/\/ds-barranquilla.org\/"},{"@type":"ListItem","position":2,"name":"Art\u00edculos de estudiantes de nuestro colegio fueron publicados en el libro \u2018Ich habe einen Traum\u2019"}]},{"@type":"WebSite","@id":"https:\/\/ds-barranquilla.org\/#website","url":"https:\/\/ds-barranquilla.org\/","name":"Colegio Alem\u00e1n - Los Mejores Colegios de Colombia - Colegio Triling\u00fce","description":"Colegio Alem\u00e1n  Barranquilla Colombia - Colegio Biling\u00fce - Triling\u00fce - El Mejor Colegio de Colombia","publisher":{"@id":"https:\/\/ds-barranquilla.org\/#organization"},"potentialAction":[{"@type":"SearchAction","target":{"@type":"EntryPoint","urlTemplate":"https:\/\/ds-barranquilla.org\/?s={search_term_string}"},"query-input":"required name=search_term_string"}],"inLanguage":"de"},{"@type":"Organization","@id":"https:\/\/ds-barranquilla.org\/#organization","name":"Colegio Alem\u00e1n Barranquilla","url":"https:\/\/ds-barranquilla.org\/","logo":{"@type":"ImageObject","inLanguage":"de","@id":"https:\/\/ds-barranquilla.org\/#\/schema\/logo\/image\/","url":"https:\/\/ds-barranquilla.org\/wp-content\/uploads\/2021\/05\/coleman_logo_2.png","contentUrl":"https:\/\/ds-barranquilla.org\/wp-content\/uploads\/2021\/05\/coleman_logo_2.png","width":418,"height":307,"caption":"Colegio Alem\u00e1n Barranquilla"},"image":{"@id":"https:\/\/ds-barranquilla.org\/#\/schema\/logo\/image\/"},"sameAs":["https:\/\/www.facebook.com\/ColegioAlemanBaq\/","https:\/\/x.com\/ColegioAlemanBq","https:\/\/www.instagram.com\/colegioalemanbaq\/","https:\/\/www.linkedin.com\/school\/deutsche-schule-barranquilla\/","https:\/\/www.youtube.com\/channel\/UCOOGZQCVs6aYRqIWvSN5agQ"]},{"@type":"Person","@id":"https:\/\/ds-barranquilla.org\/#\/schema\/person\/7bf8790ba89d3480e0551241ccdc8d36","name":"Comunicaciones Comunicaciones","image":{"@type":"ImageObject","inLanguage":"de","@id":"https:\/\/ds-barranquilla.org\/#\/schema\/person\/image\/","url":"https:\/\/secure.gravatar.com\/avatar\/a66ba9484a4338d81d6bea750e595038?s=96&d=mm&r=g","contentUrl":"https:\/\/secure.gravatar.com\/avatar\/a66ba9484a4338d81d6bea750e595038?s=96&d=mm&r=g","caption":"Comunicaciones Comunicaciones"}}]}},"_links":{"self":[{"href":"https:\/\/ds-barranquilla.org\/de\/wp-json\/wp\/v2\/posts\/6379"}],"collection":[{"href":"https:\/\/ds-barranquilla.org\/de\/wp-json\/wp\/v2\/posts"}],"about":[{"href":"https:\/\/ds-barranquilla.org\/de\/wp-json\/wp\/v2\/types\/post"}],"author":[{"embeddable":true,"href":"https:\/\/ds-barranquilla.org\/de\/wp-json\/wp\/v2\/users\/16"}],"replies":[{"embeddable":true,"href":"https:\/\/ds-barranquilla.org\/de\/wp-json\/wp\/v2\/comments?post=6379"}],"version-history":[{"count":4,"href":"https:\/\/ds-barranquilla.org\/de\/wp-json\/wp\/v2\/posts\/6379\/revisions"}],"predecessor-version":[{"id":6811,"href":"https:\/\/ds-barranquilla.org\/de\/wp-json\/wp\/v2\/posts\/6379\/revisions\/6811"}],"wp:featuredmedia":[{"embeddable":true,"href":"https:\/\/ds-barranquilla.org\/de\/wp-json\/wp\/v2\/media\/6380"}],"wp:attachment":[{"href":"https:\/\/ds-barranquilla.org\/de\/wp-json\/wp\/v2\/media?parent=6379"}],"wp:term":[{"taxonomy":"category","embeddable":true,"href":"https:\/\/ds-barranquilla.org\/de\/wp-json\/wp\/v2\/categories?post=6379"},{"taxonomy":"post_tag","embeddable":true,"href":"https:\/\/ds-barranquilla.org\/de\/wp-json\/wp\/v2\/tags?post=6379"}],"curies":[{"name":"wp","href":"https:\/\/api.w.org\/{rel}","templated":true}]}}