{"id":6396,"date":"2020-12-19T13:08:52","date_gmt":"2020-12-19T18:08:52","guid":{"rendered":"https:\/\/ds-barranquilla.org\/?p=6396"},"modified":"2023-01-04T13:29:16","modified_gmt":"2023-01-04T18:29:16","slug":"senaletica-un-proyecto-de-gran-importancia-para-la-autoproteccion-de-nuestra-comunidad-escolar","status":"publish","type":"post","link":"https:\/\/ds-barranquilla.org\/de\/senaletica-un-proyecto-de-gran-importancia-para-la-autoproteccion-de-nuestra-comunidad-escolar\/","title":{"rendered":"Se\u00f1al\u00e9tica: un proyecto de gran importancia para la autoprotecci\u00f3n de nuestra comunidad escolar"},"content":{"rendered":"<h1>Se\u00f1al\u00e9tica: un proyecto de gran importancia para la autoprotecci\u00f3n de nuestra comunidad escolar<\/h1>\n<div class=\"extra\"><strong>Creado por Jos\u00e9 R\u00edos Mercado.<\/strong> La Se\u00f1al\u00e9tica instalada en las diferentes \u00e1reas de nuestro colegio se ha constituido en un gran proyecto que ha involucrado a todas las \u00e1reas, tanto acad\u00e9micas como administrativas, para brindarle a la comunidad escolar un entorno seguro, siempre apuntando a garantizar el distanciamiento exigido por las autoridades nacionales y distritales, as\u00ed como el lavado de manos y el uso adecuado del tapabocas. Para el \u00c1rea de Mantenimiento, todas las adecuaciones realizadas hasta el momento en este sentido buscan mantener los aforos ordenados por el Gobierno Nacional.<\/div>\n<div class=\"row\">\n<div class=\"col-md-12\">\n<div class=\"news-text-wrap\">\n<p>\u201cCada sal\u00f3n ha sido acondicionado para que m\u00e1ximo 6 estudiantes puedan recibir sus clases de manera presencial. De esta forma, se garantiza el distanciamiento de 2 metros entre los pupitres, que fue determinado por la Secretar\u00eda de Educaci\u00f3n Distrital, y as\u00ed evitar el posible contacto entre los ni\u00f1os; nuestra idea es utilizar todos espacios disponibles de nuestro colegio teniendo en cuenta esta limitante en cuanto a aforo\u201d, expres\u00f3 el Jefe de Infraestructura y Mantenimiento, Ernesto Fern\u00e1ndez.<\/p>\n<p>Por su parte, la dise\u00f1adora de nuestra instituci\u00f3n, Mary Gabriela De Castro, indic\u00f3 que para materializar la Se\u00f1al\u00e9tica adecuada para todo el proceso de alternancia fue necesaria una investigaci\u00f3n previa, la revisi\u00f3n de los protocolos estipulados por las autoridades y un trabajo en equipo, de la mano de las \u00c1reas de Seguridad y Salud en el Trabajo, y Mantenimiento. As\u00ed mismo, precis\u00f3 que se tuvo que evaluar la mejor manera de representar las necesidades de comunicaci\u00f3n por medio de ilustraciones, \u00edconos y colores que complementen la actual imagen institucional, para as\u00ed aplicarlos a distintos medios y formatos impresos y digitales.<\/p>\n<p>\u201cEl trabajo en equipo, especialmente con el \u00c1rea de Seguridad y Salud en el Trabajo, ha sido de vital importancia para garantizar que la informaci\u00f3n que brindamos y las piezas desarrolladas sean las adecuadas para el entorno educativo y que vayan acordes a las solicitudes planteadas por las autoridades para el retorno seguro a las aulas de clase. Hemos estado siempre en constante comunicaci\u00f3n y hemos realizado recorridos en conjunto para atender las necesidades que se van presentando durante el proceso de instalaci\u00f3n e implementaci\u00f3n de toda la Se\u00f1al\u00e9tica\u201d, manifest\u00f3 la dise\u00f1adora.<\/p>\n<p>Mary Gabriela De Castro se\u00f1al\u00f3 que ha sido un proceso de constante aprendizaje para todas las \u00e1reas de la instituci\u00f3n; lo m\u00e1s dif\u00edcil para ella, desde el dise\u00f1o, ha sido la investigaci\u00f3n y la estructuraci\u00f3n para presentar una propuesta gr\u00e1fica ante una situaci\u00f3n que no se hab\u00eda presentado hace muchos a\u00f1os en el planeta, como lo es una pandemia. De igual forma, resalt\u00f3 el esfuerzo realizado por las \u00e1reas de Compras, Comunicaciones, Seguridad y Salud en el Trabajo, Mantenimiento, Aseo y algunos voluntarios de otras dependencias para la implementaci\u00f3n de todo lo desarrollado.<\/p>\n<\/div>\n<\/div>\n<\/div>","protected":false},"excerpt":{"rendered":"<p>Se\u00f1al\u00e9tica: un proyecto de gran importancia para la autoprotecci\u00f3n de nuestra comunidad escolar Creado por Jos\u00e9 R\u00edos Mercado. La Se\u00f1al\u00e9tica instalada en las diferentes \u00e1reas de<span class=\"excerpt-hellip\"> [\u2026]<\/span><\/p>","protected":false},"author":16,"featured_media":6397,"comment_status":"open","ping_status":"open","sticky":false,"template":"","format":"standard","meta":{"_exactmetrics_skip_tracking":false,"_exactmetrics_sitenote_active":false,"_exactmetrics_sitenote_note":"","_exactmetrics_sitenote_category":0,"_joinchat":[],"footnotes":""},"categories":[680,683],"tags":[],"class_list":["post-6396","post","type-post","status-publish","format-standard","has-post-thumbnail","hentry","category-680","category-administracion"],"yoast_head":"<!-- This site is optimized with the Yoast SEO plugin v23.3 - https:\/\/yoast.com\/wordpress\/plugins\/seo\/ -->\n<title>Se\u00f1al\u00e9tica: un proyecto de gran importancia para la autoprotecci\u00f3n de nuestra comunidad escolar - 2026<\/title>\n<meta name=\"robots\" content=\"noindex, follow, max-snippet:-1, max-image-preview:large, max-video-preview:-1\" \/>\n<meta property=\"og:locale\" content=\"de_DE\" \/>\n<meta property=\"og:type\" content=\"article\" \/>\n<meta property=\"og:title\" content=\"Se\u00f1al\u00e9tica: un proyecto de gran importancia para la autoprotecci\u00f3n de nuestra comunidad escolar - 2026\" \/>\n<meta property=\"og:description\" content=\"Se\u00f1al\u00e9tica: un proyecto de gran importancia para la autoprotecci\u00f3n de nuestra comunidad escolar Creado por Jos\u00e9 R\u00edos Mercado. La Se\u00f1al\u00e9tica instalada en las diferentes \u00e1reas de [\u2026]\" \/>\n<meta property=\"og:url\" content=\"https:\/\/ds-barranquilla.org\/de\/senaletica-un-proyecto-de-gran-importancia-para-la-autoproteccion-de-nuestra-comunidad-escolar\/\" \/>\n<meta property=\"og:site_name\" content=\"Colegio Alem\u00e1n - Los Mejores Colegios de Colombia - Colegio Triling\u00fce\" \/>\n<meta property=\"article:publisher\" content=\"https:\/\/www.facebook.com\/ColegioAlemanBaq\/\" \/>\n<meta property=\"article:published_time\" content=\"2020-12-19T18:08:52+00:00\" \/>\n<meta property=\"article:modified_time\" content=\"2023-01-04T18:29:16+00:00\" \/>\n<meta property=\"og:image\" content=\"https:\/\/ds-barranquilla.org\/wp-content\/uploads\/2021\/02\/Senaletica_Web.jpg\" \/>\n\t<meta property=\"og:image:width\" content=\"1004\" \/>\n\t<meta property=\"og:image:height\" content=\"444\" \/>\n\t<meta property=\"og:image:type\" content=\"image\/jpeg\" \/>\n<meta name=\"author\" content=\"Comunicaciones Comunicaciones\" \/>\n<meta name=\"twitter:card\" content=\"summary_large_image\" \/>\n<meta name=\"twitter:creator\" content=\"@ColegioAlemanBq\" \/>\n<meta name=\"twitter:site\" content=\"@ColegioAlemanBq\" \/>\n<meta name=\"twitter:label1\" content=\"Verfasst von\" \/>\n\t<meta name=\"twitter:data1\" content=\"Comunicaciones Comunicaciones\" \/>\n\t<meta name=\"twitter:label2\" content=\"Gesch\u00e4tzte Lesezeit\" \/>\n\t<meta name=\"twitter:data2\" content=\"3\u00a0Minuten\" \/>\n<script type=\"application\/ld+json\" class=\"yoast-schema-graph\">{\"@context\":\"https:\/\/schema.org\",\"@graph\":[{\"@type\":\"Article\",\"@id\":\"https:\/\/ds-barranquilla.org\/senaletica-un-proyecto-de-gran-importancia-para-la-autoproteccion-de-nuestra-comunidad-escolar\/#article\",\"isPartOf\":{\"@id\":\"https:\/\/ds-barranquilla.org\/senaletica-un-proyecto-de-gran-importancia-para-la-autoproteccion-de-nuestra-comunidad-escolar\/\"},\"author\":{\"name\":\"Comunicaciones Comunicaciones\",\"@id\":\"https:\/\/ds-barranquilla.org\/#\/schema\/person\/7bf8790ba89d3480e0551241ccdc8d36\"},\"headline\":\"Se\u00f1al\u00e9tica: un proyecto de gran importancia para la autoprotecci\u00f3n de nuestra comunidad escolar\",\"datePublished\":\"2020-12-19T18:08:52+00:00\",\"dateModified\":\"2023-01-04T18:29:16+00:00\",\"mainEntityOfPage\":{\"@id\":\"https:\/\/ds-barranquilla.org\/senaletica-un-proyecto-de-gran-importancia-para-la-autoproteccion-de-nuestra-comunidad-escolar\/\"},\"wordCount\":518,\"commentCount\":0,\"publisher\":{\"@id\":\"https:\/\/ds-barranquilla.org\/#organization\"},\"image\":{\"@id\":\"https:\/\/ds-barranquilla.org\/senaletica-un-proyecto-de-gran-importancia-para-la-autoproteccion-de-nuestra-comunidad-escolar\/#primaryimage\"},\"thumbnailUrl\":\"https:\/\/ds-barranquilla.org\/wp-content\/uploads\/2021\/02\/Senaletica_Web.jpg\",\"articleSection\":[\"2020\",\"Administraci\u00f3n\"],\"inLanguage\":\"de\",\"potentialAction\":[{\"@type\":\"CommentAction\",\"name\":\"Comment\",\"target\":[\"https:\/\/ds-barranquilla.org\/senaletica-un-proyecto-de-gran-importancia-para-la-autoproteccion-de-nuestra-comunidad-escolar\/#respond\"]}]},{\"@type\":\"WebPage\",\"@id\":\"https:\/\/ds-barranquilla.org\/senaletica-un-proyecto-de-gran-importancia-para-la-autoproteccion-de-nuestra-comunidad-escolar\/\",\"url\":\"https:\/\/ds-barranquilla.org\/senaletica-un-proyecto-de-gran-importancia-para-la-autoproteccion-de-nuestra-comunidad-escolar\/\",\"name\":\"Se\u00f1al\u00e9tica: un proyecto de gran importancia para la autoprotecci\u00f3n de nuestra comunidad escolar - 2026\",\"isPartOf\":{\"@id\":\"https:\/\/ds-barranquilla.org\/#website\"},\"primaryImageOfPage\":{\"@id\":\"https:\/\/ds-barranquilla.org\/senaletica-un-proyecto-de-gran-importancia-para-la-autoproteccion-de-nuestra-comunidad-escolar\/#primaryimage\"},\"image\":{\"@id\":\"https:\/\/ds-barranquilla.org\/senaletica-un-proyecto-de-gran-importancia-para-la-autoproteccion-de-nuestra-comunidad-escolar\/#primaryimage\"},\"thumbnailUrl\":\"https:\/\/ds-barranquilla.org\/wp-content\/uploads\/2021\/02\/Senaletica_Web.jpg\",\"datePublished\":\"2020-12-19T18:08:52+00:00\",\"dateModified\":\"2023-01-04T18:29:16+00:00\",\"breadcrumb\":{\"@id\":\"https:\/\/ds-barranquilla.org\/senaletica-un-proyecto-de-gran-importancia-para-la-autoproteccion-de-nuestra-comunidad-escolar\/#breadcrumb\"},\"inLanguage\":\"de\",\"potentialAction\":[{\"@type\":\"ReadAction\",\"target\":[\"https:\/\/ds-barranquilla.org\/senaletica-un-proyecto-de-gran-importancia-para-la-autoproteccion-de-nuestra-comunidad-escolar\/\"]}]},{\"@type\":\"ImageObject\",\"inLanguage\":\"de\",\"@id\":\"https:\/\/ds-barranquilla.org\/senaletica-un-proyecto-de-gran-importancia-para-la-autoproteccion-de-nuestra-comunidad-escolar\/#primaryimage\",\"url\":\"https:\/\/ds-barranquilla.org\/wp-content\/uploads\/2021\/02\/Senaletica_Web.jpg\",\"contentUrl\":\"https:\/\/ds-barranquilla.org\/wp-content\/uploads\/2021\/02\/Senaletica_Web.jpg\",\"width\":1004,\"height\":444,\"caption\":\"Senaletica_Web\"},{\"@type\":\"BreadcrumbList\",\"@id\":\"https:\/\/ds-barranquilla.org\/senaletica-un-proyecto-de-gran-importancia-para-la-autoproteccion-de-nuestra-comunidad-escolar\/#breadcrumb\",\"itemListElement\":[{\"@type\":\"ListItem\",\"position\":1,\"name\":\"Portada\",\"item\":\"https:\/\/ds-barranquilla.org\/\"},{\"@type\":\"ListItem\",\"position\":2,\"name\":\"Se\u00f1al\u00e9tica: un proyecto de gran importancia para la autoprotecci\u00f3n de nuestra comunidad escolar\"}]},{\"@type\":\"WebSite\",\"@id\":\"https:\/\/ds-barranquilla.org\/#website\",\"url\":\"https:\/\/ds-barranquilla.org\/\",\"name\":\"Colegio Alem\u00e1n - Los Mejores Colegios de Colombia - Colegio Triling\u00fce\",\"description\":\"Colegio Alem\u00e1n  Barranquilla Colombia - Colegio Biling\u00fce - Triling\u00fce - El Mejor Colegio de Colombia\",\"publisher\":{\"@id\":\"https:\/\/ds-barranquilla.org\/#organization\"},\"potentialAction\":[{\"@type\":\"SearchAction\",\"target\":{\"@type\":\"EntryPoint\",\"urlTemplate\":\"https:\/\/ds-barranquilla.org\/?s={search_term_string}\"},\"query-input\":\"required name=search_term_string\"}],\"inLanguage\":\"de\"},{\"@type\":\"Organization\",\"@id\":\"https:\/\/ds-barranquilla.org\/#organization\",\"name\":\"Colegio Alem\u00e1n Barranquilla\",\"url\":\"https:\/\/ds-barranquilla.org\/\",\"logo\":{\"@type\":\"ImageObject\",\"inLanguage\":\"de\",\"@id\":\"https:\/\/ds-barranquilla.org\/#\/schema\/logo\/image\/\",\"url\":\"https:\/\/ds-barranquilla.org\/wp-content\/uploads\/2021\/05\/coleman_logo_2.png\",\"contentUrl\":\"https:\/\/ds-barranquilla.org\/wp-content\/uploads\/2021\/05\/coleman_logo_2.png\",\"width\":418,\"height\":307,\"caption\":\"Colegio Alem\u00e1n Barranquilla\"},\"image\":{\"@id\":\"https:\/\/ds-barranquilla.org\/#\/schema\/logo\/image\/\"},\"sameAs\":[\"https:\/\/www.facebook.com\/ColegioAlemanBaq\/\",\"https:\/\/x.com\/ColegioAlemanBq\",\"https:\/\/www.instagram.com\/colegioalemanbaq\/\",\"https:\/\/www.linkedin.com\/school\/deutsche-schule-barranquilla\/\",\"https:\/\/www.youtube.com\/channel\/UCOOGZQCVs6aYRqIWvSN5agQ\"]},{\"@type\":\"Person\",\"@id\":\"https:\/\/ds-barranquilla.org\/#\/schema\/person\/7bf8790ba89d3480e0551241ccdc8d36\",\"name\":\"Comunicaciones Comunicaciones\",\"image\":{\"@type\":\"ImageObject\",\"inLanguage\":\"de\",\"@id\":\"https:\/\/ds-barranquilla.org\/#\/schema\/person\/image\/\",\"url\":\"https:\/\/secure.gravatar.com\/avatar\/a66ba9484a4338d81d6bea750e595038?s=96&d=mm&r=g\",\"contentUrl\":\"https:\/\/secure.gravatar.com\/avatar\/a66ba9484a4338d81d6bea750e595038?s=96&d=mm&r=g\",\"caption\":\"Comunicaciones Comunicaciones\"}}]}<\/script>\n<!-- \/ Yoast SEO plugin. -->","yoast_head_json":{"title":"Se\u00f1al\u00e9tica: un proyecto de gran importancia para la autoprotecci\u00f3n de nuestra comunidad escolar - 2026","robots":{"index":"noindex","follow":"follow","max-snippet":"max-snippet:-1","max-image-preview":"max-image-preview:large","max-video-preview":"max-video-preview:-1"},"og_locale":"de_DE","og_type":"article","og_title":"Se\u00f1al\u00e9tica: un proyecto de gran importancia para la autoprotecci\u00f3n de nuestra comunidad escolar - 2026","og_description":"Se\u00f1al\u00e9tica: un proyecto de gran importancia para la autoprotecci\u00f3n de nuestra comunidad escolar Creado por Jos\u00e9 R\u00edos Mercado. La Se\u00f1al\u00e9tica instalada en las diferentes \u00e1reas de [\u2026]","og_url":"https:\/\/ds-barranquilla.org\/de\/senaletica-un-proyecto-de-gran-importancia-para-la-autoproteccion-de-nuestra-comunidad-escolar\/","og_site_name":"Colegio Alem\u00e1n - Los Mejores Colegios de Colombia - Colegio Triling\u00fce","article_publisher":"https:\/\/www.facebook.com\/ColegioAlemanBaq\/","article_published_time":"2020-12-19T18:08:52+00:00","article_modified_time":"2023-01-04T18:29:16+00:00","og_image":[{"width":1004,"height":444,"url":"https:\/\/ds-barranquilla.org\/wp-content\/uploads\/2021\/02\/Senaletica_Web.jpg","type":"image\/jpeg"}],"author":"Comunicaciones Comunicaciones","twitter_card":"summary_large_image","twitter_creator":"@ColegioAlemanBq","twitter_site":"@ColegioAlemanBq","twitter_misc":{"Verfasst von":"Comunicaciones Comunicaciones","Gesch\u00e4tzte Lesezeit":"3\u00a0Minuten"},"schema":{"@context":"https:\/\/schema.org","@graph":[{"@type":"Article","@id":"https:\/\/ds-barranquilla.org\/senaletica-un-proyecto-de-gran-importancia-para-la-autoproteccion-de-nuestra-comunidad-escolar\/#article","isPartOf":{"@id":"https:\/\/ds-barranquilla.org\/senaletica-un-proyecto-de-gran-importancia-para-la-autoproteccion-de-nuestra-comunidad-escolar\/"},"author":{"name":"Comunicaciones Comunicaciones","@id":"https:\/\/ds-barranquilla.org\/#\/schema\/person\/7bf8790ba89d3480e0551241ccdc8d36"},"headline":"Se\u00f1al\u00e9tica: un proyecto de gran importancia para la autoprotecci\u00f3n de nuestra comunidad escolar","datePublished":"2020-12-19T18:08:52+00:00","dateModified":"2023-01-04T18:29:16+00:00","mainEntityOfPage":{"@id":"https:\/\/ds-barranquilla.org\/senaletica-un-proyecto-de-gran-importancia-para-la-autoproteccion-de-nuestra-comunidad-escolar\/"},"wordCount":518,"commentCount":0,"publisher":{"@id":"https:\/\/ds-barranquilla.org\/#organization"},"image":{"@id":"https:\/\/ds-barranquilla.org\/senaletica-un-proyecto-de-gran-importancia-para-la-autoproteccion-de-nuestra-comunidad-escolar\/#primaryimage"},"thumbnailUrl":"https:\/\/ds-barranquilla.org\/wp-content\/uploads\/2021\/02\/Senaletica_Web.jpg","articleSection":["2020","Administraci\u00f3n"],"inLanguage":"de","potentialAction":[{"@type":"CommentAction","name":"Comment","target":["https:\/\/ds-barranquilla.org\/senaletica-un-proyecto-de-gran-importancia-para-la-autoproteccion-de-nuestra-comunidad-escolar\/#respond"]}]},{"@type":"WebPage","@id":"https:\/\/ds-barranquilla.org\/senaletica-un-proyecto-de-gran-importancia-para-la-autoproteccion-de-nuestra-comunidad-escolar\/","url":"https:\/\/ds-barranquilla.org\/senaletica-un-proyecto-de-gran-importancia-para-la-autoproteccion-de-nuestra-comunidad-escolar\/","name":"Se\u00f1al\u00e9tica: un proyecto de gran importancia para la autoprotecci\u00f3n de nuestra comunidad escolar - 2026","isPartOf":{"@id":"https:\/\/ds-barranquilla.org\/#website"},"primaryImageOfPage":{"@id":"https:\/\/ds-barranquilla.org\/senaletica-un-proyecto-de-gran-importancia-para-la-autoproteccion-de-nuestra-comunidad-escolar\/#primaryimage"},"image":{"@id":"https:\/\/ds-barranquilla.org\/senaletica-un-proyecto-de-gran-importancia-para-la-autoproteccion-de-nuestra-comunidad-escolar\/#primaryimage"},"thumbnailUrl":"https:\/\/ds-barranquilla.org\/wp-content\/uploads\/2021\/02\/Senaletica_Web.jpg","datePublished":"2020-12-19T18:08:52+00:00","dateModified":"2023-01-04T18:29:16+00:00","breadcrumb":{"@id":"https:\/\/ds-barranquilla.org\/senaletica-un-proyecto-de-gran-importancia-para-la-autoproteccion-de-nuestra-comunidad-escolar\/#breadcrumb"},"inLanguage":"de","potentialAction":[{"@type":"ReadAction","target":["https:\/\/ds-barranquilla.org\/senaletica-un-proyecto-de-gran-importancia-para-la-autoproteccion-de-nuestra-comunidad-escolar\/"]}]},{"@type":"ImageObject","inLanguage":"de","@id":"https:\/\/ds-barranquilla.org\/senaletica-un-proyecto-de-gran-importancia-para-la-autoproteccion-de-nuestra-comunidad-escolar\/#primaryimage","url":"https:\/\/ds-barranquilla.org\/wp-content\/uploads\/2021\/02\/Senaletica_Web.jpg","contentUrl":"https:\/\/ds-barranquilla.org\/wp-content\/uploads\/2021\/02\/Senaletica_Web.jpg","width":1004,"height":444,"caption":"Senaletica_Web"},{"@type":"BreadcrumbList","@id":"https:\/\/ds-barranquilla.org\/senaletica-un-proyecto-de-gran-importancia-para-la-autoproteccion-de-nuestra-comunidad-escolar\/#breadcrumb","itemListElement":[{"@type":"ListItem","position":1,"name":"Portada","item":"https:\/\/ds-barranquilla.org\/"},{"@type":"ListItem","position":2,"name":"Se\u00f1al\u00e9tica: un proyecto de gran importancia para la autoprotecci\u00f3n de nuestra comunidad escolar"}]},{"@type":"WebSite","@id":"https:\/\/ds-barranquilla.org\/#website","url":"https:\/\/ds-barranquilla.org\/","name":"Colegio Alem\u00e1n - Los Mejores Colegios de Colombia - Colegio Triling\u00fce","description":"Colegio Alem\u00e1n  Barranquilla Colombia - Colegio Biling\u00fce - Triling\u00fce - El Mejor Colegio de Colombia","publisher":{"@id":"https:\/\/ds-barranquilla.org\/#organization"},"potentialAction":[{"@type":"SearchAction","target":{"@type":"EntryPoint","urlTemplate":"https:\/\/ds-barranquilla.org\/?s={search_term_string}"},"query-input":"required name=search_term_string"}],"inLanguage":"de"},{"@type":"Organization","@id":"https:\/\/ds-barranquilla.org\/#organization","name":"Colegio Alem\u00e1n Barranquilla","url":"https:\/\/ds-barranquilla.org\/","logo":{"@type":"ImageObject","inLanguage":"de","@id":"https:\/\/ds-barranquilla.org\/#\/schema\/logo\/image\/","url":"https:\/\/ds-barranquilla.org\/wp-content\/uploads\/2021\/05\/coleman_logo_2.png","contentUrl":"https:\/\/ds-barranquilla.org\/wp-content\/uploads\/2021\/05\/coleman_logo_2.png","width":418,"height":307,"caption":"Colegio Alem\u00e1n Barranquilla"},"image":{"@id":"https:\/\/ds-barranquilla.org\/#\/schema\/logo\/image\/"},"sameAs":["https:\/\/www.facebook.com\/ColegioAlemanBaq\/","https:\/\/x.com\/ColegioAlemanBq","https:\/\/www.instagram.com\/colegioalemanbaq\/","https:\/\/www.linkedin.com\/school\/deutsche-schule-barranquilla\/","https:\/\/www.youtube.com\/channel\/UCOOGZQCVs6aYRqIWvSN5agQ"]},{"@type":"Person","@id":"https:\/\/ds-barranquilla.org\/#\/schema\/person\/7bf8790ba89d3480e0551241ccdc8d36","name":"Comunicaciones Comunicaciones","image":{"@type":"ImageObject","inLanguage":"de","@id":"https:\/\/ds-barranquilla.org\/#\/schema\/person\/image\/","url":"https:\/\/secure.gravatar.com\/avatar\/a66ba9484a4338d81d6bea750e595038?s=96&d=mm&r=g","contentUrl":"https:\/\/secure.gravatar.com\/avatar\/a66ba9484a4338d81d6bea750e595038?s=96&d=mm&r=g","caption":"Comunicaciones Comunicaciones"}}]}},"_links":{"self":[{"href":"https:\/\/ds-barranquilla.org\/de\/wp-json\/wp\/v2\/posts\/6396"}],"collection":[{"href":"https:\/\/ds-barranquilla.org\/de\/wp-json\/wp\/v2\/posts"}],"about":[{"href":"https:\/\/ds-barranquilla.org\/de\/wp-json\/wp\/v2\/types\/post"}],"author":[{"embeddable":true,"href":"https:\/\/ds-barranquilla.org\/de\/wp-json\/wp\/v2\/users\/16"}],"replies":[{"embeddable":true,"href":"https:\/\/ds-barranquilla.org\/de\/wp-json\/wp\/v2\/comments?post=6396"}],"version-history":[{"count":2,"href":"https:\/\/ds-barranquilla.org\/de\/wp-json\/wp\/v2\/posts\/6396\/revisions"}],"predecessor-version":[{"id":8047,"href":"https:\/\/ds-barranquilla.org\/de\/wp-json\/wp\/v2\/posts\/6396\/revisions\/8047"}],"wp:featuredmedia":[{"embeddable":true,"href":"https:\/\/ds-barranquilla.org\/de\/wp-json\/wp\/v2\/media\/6397"}],"wp:attachment":[{"href":"https:\/\/ds-barranquilla.org\/de\/wp-json\/wp\/v2\/media?parent=6396"}],"wp:term":[{"taxonomy":"category","embeddable":true,"href":"https:\/\/ds-barranquilla.org\/de\/wp-json\/wp\/v2\/categories?post=6396"},{"taxonomy":"post_tag","embeddable":true,"href":"https:\/\/ds-barranquilla.org\/de\/wp-json\/wp\/v2\/tags?post=6396"}],"curies":[{"name":"wp","href":"https:\/\/api.w.org\/{rel}","templated":true}]}}