{"id":6409,"date":"2020-12-18T13:37:55","date_gmt":"2020-12-18T18:37:55","guid":{"rendered":"https:\/\/ds-barranquilla.org\/?p=6409"},"modified":"2023-01-04T09:01:42","modified_gmt":"2023-01-04T14:01:42","slug":"se-continuara-sensibilizando-en-equipo-casa-colegio-sobre-la-importancia-del-autocuidado-nitza-guzman-directora-del-kindergarten","status":"publish","type":"post","link":"https:\/\/ds-barranquilla.org\/de\/se-continuara-sensibilizando-en-equipo-casa-colegio-sobre-la-importancia-del-autocuidado-nitza-guzman-directora-del-kindergarten\/","title":{"rendered":"\u201cSe continuar\u00e1 sensibilizando en equipo (casa-colegio) sobre la importancia del autocuidado\u201d: Nitza Guzm\u00e1n (Directora del Kindergarten)"},"content":{"rendered":"<h1>\u201cSe continuar\u00e1 sensibilizando en equipo (casa-colegio) sobre la importancia del autocuidado\u201d: Nitza Guzm\u00e1n (Directora del Kindergarten)<\/h1>\n<div class=\"extra\">Creado por Jos\u00e9 R\u00edos Mercado<\/div>\n<div class=\"row\">\n<div class=\"col-md-12\">\n<div class=\"news-text-wrap\">\n<p>Nuestro Kindergarten tiene todo dispuesto para materializar el proyecto de alternancia que ya cuenta con el aval de la Secretar\u00eda de Educaci\u00f3n Distrital. Con el fin de conocer m\u00e1s detalles del mismo, conversamos con la Directora del Kindergarten, Nitza Guzm\u00e1n.<\/p>\n<p><strong>\u00bfDe qu\u00e9 forma el Kindergarten implementar\u00e1 el Modelo de Alternancia?<\/strong><\/p>\n<p>El Kindergarten implementar\u00e1 el trabajo en peque\u00f1os grupos respetando los aforos por salones y por Klassen; seg\u00fan lo anterior, cada sal\u00f3n se dividir\u00e1 en dos grupos presenciales que asistir\u00e1n dos veces por semana. Los Directores de grupo (Tandem) facilitar\u00e1n actividades y tem\u00e1ticas en ambas lenguas enfocadas a las dimensiones tanto de los grupos presenciales como virtuales.<\/p>\n<p>El grupo de ni\u00f1os que se mantiene bajo la modalidad virtual, tendr\u00e1 diariamente su encuentro sincr\u00f3nico con los Tandem y las diferentes clases especiales. Se incluir\u00e1n dentro de la oferta las clases de danza y motricidad a los grupos de la alternancia. Las planeaciones se enfocar\u00e1n en un trabajo basado en la modalidad blended learning y se mantendr\u00e1n todas las clases especiales.<\/p>\n<p>El horario que se proyecta, iniciar\u00e1 a las 7:30 am hasta las 11:00 am y se facilitar\u00e1 una nueva clase especial para K\u00ednder llamada \u201cLenguaje pensamiento\u201d, enfocada a fortalecer las bases para la lectoescritura, abordada desde las habilidades previas. Los lunes todos los grupos se mantendr\u00e1n en conexi\u00f3n virtual.<\/p>\n<p><strong>\u00bfCu\u00e1les ser\u00e1n los aspectos a tener m\u00e1s en cuenta para ello teniendo en cuenta que en esta secci\u00f3n se encuentran los estudiantes m\u00e1s peque\u00f1os (edad) del colegio?<\/strong><\/p>\n<p>El acompa\u00f1amiento socioafectivo es fundamental guiando al docente en estrategias que favorezcan fortalecer el aspecto emocional en nuestros ni\u00f1os, gracias al apoyo de Orientaci\u00f3n Psicoeducativa (OPE) y Psicolog\u00eda. Es importante favorecer los procesos de estimulaci\u00f3n motora que aminoren los efectos del haber permanecido tanto tiempo en casa, bajo estricto cumplimiento de protocolos de bioseguridad y respetando aforos, por ello se facilitar\u00e1n las clases de danza y motricidad.<\/p>\n<p>Se continuar\u00e1 sensibilizando en equipo (casa-colegio) sobre la importancia del autocuidado, a trav\u00e9s de las actividades piloto en las que hemos podido darnos cuenta que nuestros ni\u00f1os reconocen la importancia y son conscientes de c\u00f3mo pueden aportar a un entorno seguro, a pesar de su corta edad.<\/p>\n<p><strong>\u00bfQu\u00e9 estrategias se tienen previstas para que los ni\u00f1os tengan en cuenta la Se\u00f1al\u00e9tica y el Distanciamiento?<\/strong><\/p>\n<p>Para tal fin, hemos estado reforzando por medio de proyectos como por ejemplo &#8220;El mundo es un lugar seguro si entre todos nos cuidamos&#8221;, en el cual todas las \u00e1reas abordaron la importancia del distanciamiento, el lavado de manos y el uso correcto del tapabocas&#8221;. En buena hora percibimos a los ni\u00f1os durante las actividades piloto de diciembre que son muy conscientes de lo anterior, por lo que nos complace felicitar tanto a padres como a docentes por ello, y se evidencia un trabajo en lo que respecta a la sensibilizaci\u00f3n.<\/p>\n<p>Con ni\u00f1os obviamente toda esta informaci\u00f3n se adapta a la l\u00fadica, juegos de roles, entre otras estrategias, que a pesar de la din\u00e1mica necesaria por la edad, cumple efectivamente la meta de aprendizaje: ser garantes de un entorno seguro y hacer part\u00edcipe a los ni\u00f1os sobre esta Nueva Normalidad.<\/p>\n<\/div>\n<\/div>\n<\/div>","protected":false},"excerpt":{"rendered":"<p>\u201cSe continuar\u00e1 sensibilizando en equipo (casa-colegio) sobre la importancia del autocuidado\u201d: Nitza Guzm\u00e1n (Directora del Kindergarten) Creado por Jos\u00e9 R\u00edos Mercado Nuestro Kindergarten tiene todo dispuesto<span class=\"excerpt-hellip\"> [\u2026]<\/span><\/p>","protected":false},"author":16,"featured_media":6410,"comment_status":"open","ping_status":"open","sticky":false,"template":"","format":"standard","meta":{"_exactmetrics_skip_tracking":false,"_exactmetrics_sitenote_active":false,"_exactmetrics_sitenote_note":"","_exactmetrics_sitenote_category":0,"_joinchat":[],"footnotes":""},"categories":[681,696,677],"tags":[],"class_list":["post-6409","post","type-post","status-publish","format-standard","has-post-thumbnail","hentry","category-681","category-bienestar-estudiantil","category-kindergarten"],"yoast_head":"<!-- This site is optimized with the Yoast SEO plugin v23.3 - https:\/\/yoast.com\/wordpress\/plugins\/seo\/ -->\n<title>\u201cSe continuar\u00e1 sensibilizando en equipo (casa-colegio) sobre la importancia del autocuidado\u201d: Nitza Guzm\u00e1n (Directora del Kindergarten) - 2026<\/title>\n<meta name=\"robots\" content=\"noindex, follow, max-snippet:-1, max-image-preview:large, max-video-preview:-1\" \/>\n<meta property=\"og:locale\" content=\"de_DE\" \/>\n<meta property=\"og:type\" content=\"article\" \/>\n<meta property=\"og:title\" content=\"\u201cSe continuar\u00e1 sensibilizando en equipo (casa-colegio) sobre la importancia del autocuidado\u201d: Nitza Guzm\u00e1n (Directora del Kindergarten) - 2026\" \/>\n<meta property=\"og:description\" content=\"\u201cSe continuar\u00e1 sensibilizando en equipo (casa-colegio) sobre la importancia del autocuidado\u201d: Nitza Guzm\u00e1n (Directora del Kindergarten) Creado por Jos\u00e9 R\u00edos Mercado Nuestro Kindergarten tiene todo dispuesto [\u2026]\" \/>\n<meta property=\"og:url\" content=\"https:\/\/ds-barranquilla.org\/de\/se-continuara-sensibilizando-en-equipo-casa-colegio-sobre-la-importancia-del-autocuidado-nitza-guzman-directora-del-kindergarten\/\" \/>\n<meta property=\"og:site_name\" content=\"Colegio Alem\u00e1n - Los Mejores Colegios de Colombia - Colegio Triling\u00fce\" \/>\n<meta property=\"article:publisher\" content=\"https:\/\/www.facebook.com\/ColegioAlemanBaq\/\" \/>\n<meta property=\"article:published_time\" content=\"2020-12-18T18:37:55+00:00\" \/>\n<meta property=\"article:modified_time\" content=\"2023-01-04T14:01:42+00:00\" \/>\n<meta property=\"og:image\" content=\"https:\/\/ds-barranquilla.org\/wp-content\/uploads\/2021\/02\/Nitza_Guzman_Web.jpg\" \/>\n\t<meta property=\"og:image:width\" content=\"1004\" \/>\n\t<meta property=\"og:image:height\" content=\"444\" \/>\n\t<meta property=\"og:image:type\" content=\"image\/jpeg\" \/>\n<meta name=\"author\" content=\"Comunicaciones Comunicaciones\" \/>\n<meta name=\"twitter:card\" content=\"summary_large_image\" \/>\n<meta name=\"twitter:creator\" content=\"@ColegioAlemanBq\" \/>\n<meta name=\"twitter:site\" content=\"@ColegioAlemanBq\" \/>\n<meta name=\"twitter:label1\" content=\"Verfasst von\" \/>\n\t<meta name=\"twitter:data1\" content=\"Comunicaciones Comunicaciones\" \/>\n\t<meta name=\"twitter:label2\" content=\"Gesch\u00e4tzte Lesezeit\" \/>\n\t<meta name=\"twitter:data2\" content=\"3\u00a0Minuten\" \/>\n<script type=\"application\/ld+json\" class=\"yoast-schema-graph\">{\"@context\":\"https:\/\/schema.org\",\"@graph\":[{\"@type\":\"Article\",\"@id\":\"https:\/\/ds-barranquilla.org\/se-continuara-sensibilizando-en-equipo-casa-colegio-sobre-la-importancia-del-autocuidado-nitza-guzman-directora-del-kindergarten\/#article\",\"isPartOf\":{\"@id\":\"https:\/\/ds-barranquilla.org\/se-continuara-sensibilizando-en-equipo-casa-colegio-sobre-la-importancia-del-autocuidado-nitza-guzman-directora-del-kindergarten\/\"},\"author\":{\"name\":\"Comunicaciones Comunicaciones\",\"@id\":\"https:\/\/ds-barranquilla.org\/#\/schema\/person\/7bf8790ba89d3480e0551241ccdc8d36\"},\"headline\":\"\u201cSe continuar\u00e1 sensibilizando en equipo (casa-colegio) sobre la importancia del autocuidado\u201d: Nitza Guzm\u00e1n (Directora del Kindergarten)\",\"datePublished\":\"2020-12-18T18:37:55+00:00\",\"dateModified\":\"2023-01-04T14:01:42+00:00\",\"mainEntityOfPage\":{\"@id\":\"https:\/\/ds-barranquilla.org\/se-continuara-sensibilizando-en-equipo-casa-colegio-sobre-la-importancia-del-autocuidado-nitza-guzman-directora-del-kindergarten\/\"},\"wordCount\":597,\"commentCount\":0,\"publisher\":{\"@id\":\"https:\/\/ds-barranquilla.org\/#organization\"},\"image\":{\"@id\":\"https:\/\/ds-barranquilla.org\/se-continuara-sensibilizando-en-equipo-casa-colegio-sobre-la-importancia-del-autocuidado-nitza-guzman-directora-del-kindergarten\/#primaryimage\"},\"thumbnailUrl\":\"https:\/\/ds-barranquilla.org\/wp-content\/uploads\/2021\/02\/Nitza_Guzman_Web.jpg\",\"articleSection\":[\"2021\",\"Bienestar Estudiantil\",\"Kindergarten\"],\"inLanguage\":\"de\",\"potentialAction\":[{\"@type\":\"CommentAction\",\"name\":\"Comment\",\"target\":[\"https:\/\/ds-barranquilla.org\/se-continuara-sensibilizando-en-equipo-casa-colegio-sobre-la-importancia-del-autocuidado-nitza-guzman-directora-del-kindergarten\/#respond\"]}]},{\"@type\":\"WebPage\",\"@id\":\"https:\/\/ds-barranquilla.org\/se-continuara-sensibilizando-en-equipo-casa-colegio-sobre-la-importancia-del-autocuidado-nitza-guzman-directora-del-kindergarten\/\",\"url\":\"https:\/\/ds-barranquilla.org\/se-continuara-sensibilizando-en-equipo-casa-colegio-sobre-la-importancia-del-autocuidado-nitza-guzman-directora-del-kindergarten\/\",\"name\":\"\u201cSe continuar\u00e1 sensibilizando en equipo (casa-colegio) sobre la importancia del autocuidado\u201d: Nitza Guzm\u00e1n (Directora del Kindergarten) - 2026\",\"isPartOf\":{\"@id\":\"https:\/\/ds-barranquilla.org\/#website\"},\"primaryImageOfPage\":{\"@id\":\"https:\/\/ds-barranquilla.org\/se-continuara-sensibilizando-en-equipo-casa-colegio-sobre-la-importancia-del-autocuidado-nitza-guzman-directora-del-kindergarten\/#primaryimage\"},\"image\":{\"@id\":\"https:\/\/ds-barranquilla.org\/se-continuara-sensibilizando-en-equipo-casa-colegio-sobre-la-importancia-del-autocuidado-nitza-guzman-directora-del-kindergarten\/#primaryimage\"},\"thumbnailUrl\":\"https:\/\/ds-barranquilla.org\/wp-content\/uploads\/2021\/02\/Nitza_Guzman_Web.jpg\",\"datePublished\":\"2020-12-18T18:37:55+00:00\",\"dateModified\":\"2023-01-04T14:01:42+00:00\",\"breadcrumb\":{\"@id\":\"https:\/\/ds-barranquilla.org\/se-continuara-sensibilizando-en-equipo-casa-colegio-sobre-la-importancia-del-autocuidado-nitza-guzman-directora-del-kindergarten\/#breadcrumb\"},\"inLanguage\":\"de\",\"potentialAction\":[{\"@type\":\"ReadAction\",\"target\":[\"https:\/\/ds-barranquilla.org\/se-continuara-sensibilizando-en-equipo-casa-colegio-sobre-la-importancia-del-autocuidado-nitza-guzman-directora-del-kindergarten\/\"]}]},{\"@type\":\"ImageObject\",\"inLanguage\":\"de\",\"@id\":\"https:\/\/ds-barranquilla.org\/se-continuara-sensibilizando-en-equipo-casa-colegio-sobre-la-importancia-del-autocuidado-nitza-guzman-directora-del-kindergarten\/#primaryimage\",\"url\":\"https:\/\/ds-barranquilla.org\/wp-content\/uploads\/2021\/02\/Nitza_Guzman_Web.jpg\",\"contentUrl\":\"https:\/\/ds-barranquilla.org\/wp-content\/uploads\/2021\/02\/Nitza_Guzman_Web.jpg\",\"width\":1004,\"height\":444,\"caption\":\"Nitza_Guzman_Web\"},{\"@type\":\"BreadcrumbList\",\"@id\":\"https:\/\/ds-barranquilla.org\/se-continuara-sensibilizando-en-equipo-casa-colegio-sobre-la-importancia-del-autocuidado-nitza-guzman-directora-del-kindergarten\/#breadcrumb\",\"itemListElement\":[{\"@type\":\"ListItem\",\"position\":1,\"name\":\"Portada\",\"item\":\"https:\/\/ds-barranquilla.org\/\"},{\"@type\":\"ListItem\",\"position\":2,\"name\":\"\u201cSe continuar\u00e1 sensibilizando en equipo (casa-colegio) sobre la importancia del autocuidado\u201d: Nitza Guzm\u00e1n (Directora del Kindergarten)\"}]},{\"@type\":\"WebSite\",\"@id\":\"https:\/\/ds-barranquilla.org\/#website\",\"url\":\"https:\/\/ds-barranquilla.org\/\",\"name\":\"Colegio Alem\u00e1n - Los Mejores Colegios de Colombia - Colegio Triling\u00fce\",\"description\":\"Colegio Alem\u00e1n  Barranquilla Colombia - Colegio Biling\u00fce - Triling\u00fce - El Mejor Colegio de Colombia\",\"publisher\":{\"@id\":\"https:\/\/ds-barranquilla.org\/#organization\"},\"potentialAction\":[{\"@type\":\"SearchAction\",\"target\":{\"@type\":\"EntryPoint\",\"urlTemplate\":\"https:\/\/ds-barranquilla.org\/?s={search_term_string}\"},\"query-input\":\"required name=search_term_string\"}],\"inLanguage\":\"de\"},{\"@type\":\"Organization\",\"@id\":\"https:\/\/ds-barranquilla.org\/#organization\",\"name\":\"Colegio Alem\u00e1n Barranquilla\",\"url\":\"https:\/\/ds-barranquilla.org\/\",\"logo\":{\"@type\":\"ImageObject\",\"inLanguage\":\"de\",\"@id\":\"https:\/\/ds-barranquilla.org\/#\/schema\/logo\/image\/\",\"url\":\"https:\/\/ds-barranquilla.org\/wp-content\/uploads\/2021\/05\/coleman_logo_2.png\",\"contentUrl\":\"https:\/\/ds-barranquilla.org\/wp-content\/uploads\/2021\/05\/coleman_logo_2.png\",\"width\":418,\"height\":307,\"caption\":\"Colegio Alem\u00e1n Barranquilla\"},\"image\":{\"@id\":\"https:\/\/ds-barranquilla.org\/#\/schema\/logo\/image\/\"},\"sameAs\":[\"https:\/\/www.facebook.com\/ColegioAlemanBaq\/\",\"https:\/\/x.com\/ColegioAlemanBq\",\"https:\/\/www.instagram.com\/colegioalemanbaq\/\",\"https:\/\/www.linkedin.com\/school\/deutsche-schule-barranquilla\/\",\"https:\/\/www.youtube.com\/channel\/UCOOGZQCVs6aYRqIWvSN5agQ\"]},{\"@type\":\"Person\",\"@id\":\"https:\/\/ds-barranquilla.org\/#\/schema\/person\/7bf8790ba89d3480e0551241ccdc8d36\",\"name\":\"Comunicaciones Comunicaciones\",\"image\":{\"@type\":\"ImageObject\",\"inLanguage\":\"de\",\"@id\":\"https:\/\/ds-barranquilla.org\/#\/schema\/person\/image\/\",\"url\":\"https:\/\/secure.gravatar.com\/avatar\/a66ba9484a4338d81d6bea750e595038?s=96&d=mm&r=g\",\"contentUrl\":\"https:\/\/secure.gravatar.com\/avatar\/a66ba9484a4338d81d6bea750e595038?s=96&d=mm&r=g\",\"caption\":\"Comunicaciones Comunicaciones\"}}]}<\/script>\n<!-- \/ Yoast SEO plugin. -->","yoast_head_json":{"title":"\u201cSe continuar\u00e1 sensibilizando en equipo (casa-colegio) sobre la importancia del autocuidado\u201d: Nitza Guzm\u00e1n (Directora del Kindergarten) - 2026","robots":{"index":"noindex","follow":"follow","max-snippet":"max-snippet:-1","max-image-preview":"max-image-preview:large","max-video-preview":"max-video-preview:-1"},"og_locale":"de_DE","og_type":"article","og_title":"\u201cSe continuar\u00e1 sensibilizando en equipo (casa-colegio) sobre la importancia del autocuidado\u201d: Nitza Guzm\u00e1n (Directora del Kindergarten) - 2026","og_description":"\u201cSe continuar\u00e1 sensibilizando en equipo (casa-colegio) sobre la importancia del autocuidado\u201d: Nitza Guzm\u00e1n (Directora del Kindergarten) Creado por Jos\u00e9 R\u00edos Mercado Nuestro Kindergarten tiene todo dispuesto [\u2026]","og_url":"https:\/\/ds-barranquilla.org\/de\/se-continuara-sensibilizando-en-equipo-casa-colegio-sobre-la-importancia-del-autocuidado-nitza-guzman-directora-del-kindergarten\/","og_site_name":"Colegio Alem\u00e1n - Los Mejores Colegios de Colombia - Colegio Triling\u00fce","article_publisher":"https:\/\/www.facebook.com\/ColegioAlemanBaq\/","article_published_time":"2020-12-18T18:37:55+00:00","article_modified_time":"2023-01-04T14:01:42+00:00","og_image":[{"width":1004,"height":444,"url":"https:\/\/ds-barranquilla.org\/wp-content\/uploads\/2021\/02\/Nitza_Guzman_Web.jpg","type":"image\/jpeg"}],"author":"Comunicaciones Comunicaciones","twitter_card":"summary_large_image","twitter_creator":"@ColegioAlemanBq","twitter_site":"@ColegioAlemanBq","twitter_misc":{"Verfasst von":"Comunicaciones Comunicaciones","Gesch\u00e4tzte Lesezeit":"3\u00a0Minuten"},"schema":{"@context":"https:\/\/schema.org","@graph":[{"@type":"Article","@id":"https:\/\/ds-barranquilla.org\/se-continuara-sensibilizando-en-equipo-casa-colegio-sobre-la-importancia-del-autocuidado-nitza-guzman-directora-del-kindergarten\/#article","isPartOf":{"@id":"https:\/\/ds-barranquilla.org\/se-continuara-sensibilizando-en-equipo-casa-colegio-sobre-la-importancia-del-autocuidado-nitza-guzman-directora-del-kindergarten\/"},"author":{"name":"Comunicaciones Comunicaciones","@id":"https:\/\/ds-barranquilla.org\/#\/schema\/person\/7bf8790ba89d3480e0551241ccdc8d36"},"headline":"\u201cSe continuar\u00e1 sensibilizando en equipo (casa-colegio) sobre la importancia del autocuidado\u201d: Nitza Guzm\u00e1n (Directora del Kindergarten)","datePublished":"2020-12-18T18:37:55+00:00","dateModified":"2023-01-04T14:01:42+00:00","mainEntityOfPage":{"@id":"https:\/\/ds-barranquilla.org\/se-continuara-sensibilizando-en-equipo-casa-colegio-sobre-la-importancia-del-autocuidado-nitza-guzman-directora-del-kindergarten\/"},"wordCount":597,"commentCount":0,"publisher":{"@id":"https:\/\/ds-barranquilla.org\/#organization"},"image":{"@id":"https:\/\/ds-barranquilla.org\/se-continuara-sensibilizando-en-equipo-casa-colegio-sobre-la-importancia-del-autocuidado-nitza-guzman-directora-del-kindergarten\/#primaryimage"},"thumbnailUrl":"https:\/\/ds-barranquilla.org\/wp-content\/uploads\/2021\/02\/Nitza_Guzman_Web.jpg","articleSection":["2021","Bienestar Estudiantil","Kindergarten"],"inLanguage":"de","potentialAction":[{"@type":"CommentAction","name":"Comment","target":["https:\/\/ds-barranquilla.org\/se-continuara-sensibilizando-en-equipo-casa-colegio-sobre-la-importancia-del-autocuidado-nitza-guzman-directora-del-kindergarten\/#respond"]}]},{"@type":"WebPage","@id":"https:\/\/ds-barranquilla.org\/se-continuara-sensibilizando-en-equipo-casa-colegio-sobre-la-importancia-del-autocuidado-nitza-guzman-directora-del-kindergarten\/","url":"https:\/\/ds-barranquilla.org\/se-continuara-sensibilizando-en-equipo-casa-colegio-sobre-la-importancia-del-autocuidado-nitza-guzman-directora-del-kindergarten\/","name":"\u201cSe continuar\u00e1 sensibilizando en equipo (casa-colegio) sobre la importancia del autocuidado\u201d: Nitza Guzm\u00e1n (Directora del Kindergarten) - 2026","isPartOf":{"@id":"https:\/\/ds-barranquilla.org\/#website"},"primaryImageOfPage":{"@id":"https:\/\/ds-barranquilla.org\/se-continuara-sensibilizando-en-equipo-casa-colegio-sobre-la-importancia-del-autocuidado-nitza-guzman-directora-del-kindergarten\/#primaryimage"},"image":{"@id":"https:\/\/ds-barranquilla.org\/se-continuara-sensibilizando-en-equipo-casa-colegio-sobre-la-importancia-del-autocuidado-nitza-guzman-directora-del-kindergarten\/#primaryimage"},"thumbnailUrl":"https:\/\/ds-barranquilla.org\/wp-content\/uploads\/2021\/02\/Nitza_Guzman_Web.jpg","datePublished":"2020-12-18T18:37:55+00:00","dateModified":"2023-01-04T14:01:42+00:00","breadcrumb":{"@id":"https:\/\/ds-barranquilla.org\/se-continuara-sensibilizando-en-equipo-casa-colegio-sobre-la-importancia-del-autocuidado-nitza-guzman-directora-del-kindergarten\/#breadcrumb"},"inLanguage":"de","potentialAction":[{"@type":"ReadAction","target":["https:\/\/ds-barranquilla.org\/se-continuara-sensibilizando-en-equipo-casa-colegio-sobre-la-importancia-del-autocuidado-nitza-guzman-directora-del-kindergarten\/"]}]},{"@type":"ImageObject","inLanguage":"de","@id":"https:\/\/ds-barranquilla.org\/se-continuara-sensibilizando-en-equipo-casa-colegio-sobre-la-importancia-del-autocuidado-nitza-guzman-directora-del-kindergarten\/#primaryimage","url":"https:\/\/ds-barranquilla.org\/wp-content\/uploads\/2021\/02\/Nitza_Guzman_Web.jpg","contentUrl":"https:\/\/ds-barranquilla.org\/wp-content\/uploads\/2021\/02\/Nitza_Guzman_Web.jpg","width":1004,"height":444,"caption":"Nitza_Guzman_Web"},{"@type":"BreadcrumbList","@id":"https:\/\/ds-barranquilla.org\/se-continuara-sensibilizando-en-equipo-casa-colegio-sobre-la-importancia-del-autocuidado-nitza-guzman-directora-del-kindergarten\/#breadcrumb","itemListElement":[{"@type":"ListItem","position":1,"name":"Portada","item":"https:\/\/ds-barranquilla.org\/"},{"@type":"ListItem","position":2,"name":"\u201cSe continuar\u00e1 sensibilizando en equipo (casa-colegio) sobre la importancia del autocuidado\u201d: Nitza Guzm\u00e1n (Directora del Kindergarten)"}]},{"@type":"WebSite","@id":"https:\/\/ds-barranquilla.org\/#website","url":"https:\/\/ds-barranquilla.org\/","name":"Colegio Alem\u00e1n - Los Mejores Colegios de Colombia - Colegio Triling\u00fce","description":"Colegio Alem\u00e1n  Barranquilla Colombia - Colegio Biling\u00fce - Triling\u00fce - El Mejor Colegio de Colombia","publisher":{"@id":"https:\/\/ds-barranquilla.org\/#organization"},"potentialAction":[{"@type":"SearchAction","target":{"@type":"EntryPoint","urlTemplate":"https:\/\/ds-barranquilla.org\/?s={search_term_string}"},"query-input":"required name=search_term_string"}],"inLanguage":"de"},{"@type":"Organization","@id":"https:\/\/ds-barranquilla.org\/#organization","name":"Colegio Alem\u00e1n Barranquilla","url":"https:\/\/ds-barranquilla.org\/","logo":{"@type":"ImageObject","inLanguage":"de","@id":"https:\/\/ds-barranquilla.org\/#\/schema\/logo\/image\/","url":"https:\/\/ds-barranquilla.org\/wp-content\/uploads\/2021\/05\/coleman_logo_2.png","contentUrl":"https:\/\/ds-barranquilla.org\/wp-content\/uploads\/2021\/05\/coleman_logo_2.png","width":418,"height":307,"caption":"Colegio Alem\u00e1n Barranquilla"},"image":{"@id":"https:\/\/ds-barranquilla.org\/#\/schema\/logo\/image\/"},"sameAs":["https:\/\/www.facebook.com\/ColegioAlemanBaq\/","https:\/\/x.com\/ColegioAlemanBq","https:\/\/www.instagram.com\/colegioalemanbaq\/","https:\/\/www.linkedin.com\/school\/deutsche-schule-barranquilla\/","https:\/\/www.youtube.com\/channel\/UCOOGZQCVs6aYRqIWvSN5agQ"]},{"@type":"Person","@id":"https:\/\/ds-barranquilla.org\/#\/schema\/person\/7bf8790ba89d3480e0551241ccdc8d36","name":"Comunicaciones Comunicaciones","image":{"@type":"ImageObject","inLanguage":"de","@id":"https:\/\/ds-barranquilla.org\/#\/schema\/person\/image\/","url":"https:\/\/secure.gravatar.com\/avatar\/a66ba9484a4338d81d6bea750e595038?s=96&d=mm&r=g","contentUrl":"https:\/\/secure.gravatar.com\/avatar\/a66ba9484a4338d81d6bea750e595038?s=96&d=mm&r=g","caption":"Comunicaciones Comunicaciones"}}]}},"_links":{"self":[{"href":"https:\/\/ds-barranquilla.org\/de\/wp-json\/wp\/v2\/posts\/6409"}],"collection":[{"href":"https:\/\/ds-barranquilla.org\/de\/wp-json\/wp\/v2\/posts"}],"about":[{"href":"https:\/\/ds-barranquilla.org\/de\/wp-json\/wp\/v2\/types\/post"}],"author":[{"embeddable":true,"href":"https:\/\/ds-barranquilla.org\/de\/wp-json\/wp\/v2\/users\/16"}],"replies":[{"embeddable":true,"href":"https:\/\/ds-barranquilla.org\/de\/wp-json\/wp\/v2\/comments?post=6409"}],"version-history":[{"count":1,"href":"https:\/\/ds-barranquilla.org\/de\/wp-json\/wp\/v2\/posts\/6409\/revisions"}],"predecessor-version":[{"id":6411,"href":"https:\/\/ds-barranquilla.org\/de\/wp-json\/wp\/v2\/posts\/6409\/revisions\/6411"}],"wp:featuredmedia":[{"embeddable":true,"href":"https:\/\/ds-barranquilla.org\/de\/wp-json\/wp\/v2\/media\/6410"}],"wp:attachment":[{"href":"https:\/\/ds-barranquilla.org\/de\/wp-json\/wp\/v2\/media?parent=6409"}],"wp:term":[{"taxonomy":"category","embeddable":true,"href":"https:\/\/ds-barranquilla.org\/de\/wp-json\/wp\/v2\/categories?post=6409"},{"taxonomy":"post_tag","embeddable":true,"href":"https:\/\/ds-barranquilla.org\/de\/wp-json\/wp\/v2\/tags?post=6409"}],"curies":[{"name":"wp","href":"https:\/\/api.w.org\/{rel}","templated":true}]}}