{"id":6445,"date":"2021-02-09T13:39:18","date_gmt":"2021-02-09T18:39:18","guid":{"rendered":"https:\/\/ds-barranquilla.org\/?p=6445"},"modified":"2023-01-03T15:44:38","modified_gmt":"2023-01-03T20:44:38","slug":"reencuentro-de-abizukunft-cierre-de-ciclo-escolar","status":"publish","type":"post","link":"https:\/\/ds-barranquilla.org\/de\/reencuentro-de-abizukunft-cierre-de-ciclo-escolar\/","title":{"rendered":"Reencuentro de Abizukunft: Cierre de ciclo escolar"},"content":{"rendered":"<h1>Reencuentro de Abizukunft: Cierre de ciclo escolar<\/h1>\n<div class=\"extra\"><strong>Creado por: Lisseth De la Rosa.<\/strong> Nuestros egresados de la Abizukunft 2020 fueron invitados a realizar el cierre del ciclo escolar. En este evento, en el que se tuvieron en cuenta todos los protocolos de bioseguridad, los exalumnos fueron homenajeados por nuestro Rector, Ralph Wiese; el C\u00f3nsul Honorario de la Rep\u00fablica Federal de Alemania en Barranquilla, Manuel Bolle; la Directora del Bachillerato Internacional, Heidy Navarro; el Director del Departamento Alem\u00e1n, Marius Steies; la Directora de Secundaria, Lizbana Rueda, y sus Directores de Grupo, quienes les prepararon emotivos discursos, cargados de muchos recuerdos.<\/div>\n<div class=\"row\">\n<div class=\"col-md-12\">\n<div class=\"news-text-wrap\">\n<p>Los j\u00f3venes de esta promoci\u00f3n participaron de una actividad socioafectiva llamada \u201cPorque el amor es m\u00e1s fuerte\u201d, en la que dialogaron acerca de c\u00f3mo ha sido este tiempo para ellos alejados de sus compa\u00f1eros de clase. Nuestros egresados le agradecieron al colegio por los valores y educaci\u00f3n recibidas, y tambi\u00e9n contaron c\u00f3mo ha sido su primer a\u00f1o de universidad; posteriormente, pasaron a depositar sus cartas y objetos de recuerdo en la \u2018c\u00e1psula del tiempo\u2019, la cual se abrir\u00e1 dentro de diez a\u00f1os, en memoria a su paso por la instituci\u00f3n.<\/p>\n<p>Al final de la jornada los exalumnos disfrutaron de un aperitivo mientras compart\u00edan algunos mensajes recibidos por sus excompa\u00f1eros de clase y le agradecieron a los directivos del colegio por este espacio, en el que pudieron compartir an\u00e9cdotas y recuerdos de sus amigos y docentes.<span class=\"xapple-converted-space\">\u00a0<\/span>Cabe resaltar, que el ingreso a las instalaciones se hizo de manera escalonada y la actividad fue organizada en dos horarios para tener grupos m\u00e1s peque\u00f1os y as\u00ed evitar aglomeraciones.<\/p>\n<p>\u00a1Esperamos que siempre regresen a visitarnos!<\/p>\n<\/div>\n<\/div>\n<\/div>","protected":false},"excerpt":{"rendered":"<p>Reencuentro de Abizukunft: Cierre de ciclo escolar Creado por: Lisseth De la Rosa. Nuestros egresados de la Abizukunft 2020 fueron invitados a realizar el cierre del<span class=\"excerpt-hellip\"> [\u2026]<\/span><\/p>","protected":false},"author":16,"featured_media":6446,"comment_status":"open","ping_status":"open","sticky":false,"template":"","format":"standard","meta":{"_exactmetrics_skip_tracking":false,"_exactmetrics_sitenote_active":false,"_exactmetrics_sitenote_note":"","_exactmetrics_sitenote_category":0,"_joinchat":[],"footnotes":""},"categories":[681,674,709,710],"tags":[],"class_list":["post-6445","post","type-post","status-publish","format-standard","has-post-thumbnail","hentry","category-681","category-lengua-y-cultura-alemana","category-rectoria","category-secundaria"],"yoast_head":"<!-- This site is optimized with the Yoast SEO plugin v23.3 - https:\/\/yoast.com\/wordpress\/plugins\/seo\/ -->\n<title>Reencuentro de Abizukunft: Cierre de ciclo escolar - 2026<\/title>\n<meta name=\"robots\" content=\"noindex, follow, max-snippet:-1, max-image-preview:large, max-video-preview:-1\" \/>\n<meta property=\"og:locale\" content=\"de_DE\" \/>\n<meta property=\"og:type\" content=\"article\" \/>\n<meta property=\"og:title\" content=\"Reencuentro de Abizukunft: Cierre de ciclo escolar - 2026\" \/>\n<meta property=\"og:description\" content=\"Reencuentro de Abizukunft: Cierre de ciclo escolar Creado por: Lisseth De la Rosa. Nuestros egresados de la Abizukunft 2020 fueron invitados a realizar el cierre del [\u2026]\" \/>\n<meta property=\"og:url\" content=\"https:\/\/ds-barranquilla.org\/de\/reencuentro-de-abizukunft-cierre-de-ciclo-escolar\/\" \/>\n<meta property=\"og:site_name\" content=\"Colegio Alem\u00e1n - Los Mejores Colegios de Colombia - Colegio Triling\u00fce\" \/>\n<meta property=\"article:publisher\" content=\"https:\/\/www.facebook.com\/ColegioAlemanBaq\/\" \/>\n<meta property=\"article:published_time\" content=\"2021-02-09T18:39:18+00:00\" \/>\n<meta property=\"article:modified_time\" content=\"2023-01-03T20:44:38+00:00\" \/>\n<meta property=\"og:image\" content=\"https:\/\/ds-barranquilla.org\/wp-content\/uploads\/2021\/02\/Reencuentro_de_Abizukunft_Web.jpg\" \/>\n\t<meta property=\"og:image:width\" content=\"1004\" \/>\n\t<meta property=\"og:image:height\" content=\"444\" \/>\n\t<meta property=\"og:image:type\" content=\"image\/jpeg\" \/>\n<meta name=\"author\" content=\"Comunicaciones Comunicaciones\" \/>\n<meta name=\"twitter:card\" content=\"summary_large_image\" \/>\n<meta name=\"twitter:creator\" content=\"@ColegioAlemanBq\" \/>\n<meta name=\"twitter:site\" content=\"@ColegioAlemanBq\" \/>\n<meta name=\"twitter:label1\" content=\"Verfasst von\" \/>\n\t<meta name=\"twitter:data1\" content=\"Comunicaciones Comunicaciones\" \/>\n\t<meta name=\"twitter:label2\" content=\"Gesch\u00e4tzte Lesezeit\" \/>\n\t<meta name=\"twitter:data2\" content=\"1\u00a0Minute\" \/>\n<script type=\"application\/ld+json\" class=\"yoast-schema-graph\">{\"@context\":\"https:\/\/schema.org\",\"@graph\":[{\"@type\":\"Article\",\"@id\":\"https:\/\/ds-barranquilla.org\/reencuentro-de-abizukunft-cierre-de-ciclo-escolar\/#article\",\"isPartOf\":{\"@id\":\"https:\/\/ds-barranquilla.org\/reencuentro-de-abizukunft-cierre-de-ciclo-escolar\/\"},\"author\":{\"name\":\"Comunicaciones Comunicaciones\",\"@id\":\"https:\/\/ds-barranquilla.org\/#\/schema\/person\/7bf8790ba89d3480e0551241ccdc8d36\"},\"headline\":\"Reencuentro de Abizukunft: Cierre de ciclo escolar\",\"datePublished\":\"2021-02-09T18:39:18+00:00\",\"dateModified\":\"2023-01-03T20:44:38+00:00\",\"mainEntityOfPage\":{\"@id\":\"https:\/\/ds-barranquilla.org\/reencuentro-de-abizukunft-cierre-de-ciclo-escolar\/\"},\"wordCount\":296,\"commentCount\":0,\"publisher\":{\"@id\":\"https:\/\/ds-barranquilla.org\/#organization\"},\"image\":{\"@id\":\"https:\/\/ds-barranquilla.org\/reencuentro-de-abizukunft-cierre-de-ciclo-escolar\/#primaryimage\"},\"thumbnailUrl\":\"https:\/\/ds-barranquilla.org\/wp-content\/uploads\/2021\/02\/Reencuentro_de_Abizukunft_Web.jpg\",\"articleSection\":[\"2021\",\"Lengua y Cultura Alemana\",\"Rector\u00eda\",\"Secundaria\"],\"inLanguage\":\"de\",\"potentialAction\":[{\"@type\":\"CommentAction\",\"name\":\"Comment\",\"target\":[\"https:\/\/ds-barranquilla.org\/reencuentro-de-abizukunft-cierre-de-ciclo-escolar\/#respond\"]}]},{\"@type\":\"WebPage\",\"@id\":\"https:\/\/ds-barranquilla.org\/reencuentro-de-abizukunft-cierre-de-ciclo-escolar\/\",\"url\":\"https:\/\/ds-barranquilla.org\/reencuentro-de-abizukunft-cierre-de-ciclo-escolar\/\",\"name\":\"Reencuentro de Abizukunft: Cierre de ciclo escolar - 2026\",\"isPartOf\":{\"@id\":\"https:\/\/ds-barranquilla.org\/#website\"},\"primaryImageOfPage\":{\"@id\":\"https:\/\/ds-barranquilla.org\/reencuentro-de-abizukunft-cierre-de-ciclo-escolar\/#primaryimage\"},\"image\":{\"@id\":\"https:\/\/ds-barranquilla.org\/reencuentro-de-abizukunft-cierre-de-ciclo-escolar\/#primaryimage\"},\"thumbnailUrl\":\"https:\/\/ds-barranquilla.org\/wp-content\/uploads\/2021\/02\/Reencuentro_de_Abizukunft_Web.jpg\",\"datePublished\":\"2021-02-09T18:39:18+00:00\",\"dateModified\":\"2023-01-03T20:44:38+00:00\",\"breadcrumb\":{\"@id\":\"https:\/\/ds-barranquilla.org\/reencuentro-de-abizukunft-cierre-de-ciclo-escolar\/#breadcrumb\"},\"inLanguage\":\"de\",\"potentialAction\":[{\"@type\":\"ReadAction\",\"target\":[\"https:\/\/ds-barranquilla.org\/reencuentro-de-abizukunft-cierre-de-ciclo-escolar\/\"]}]},{\"@type\":\"ImageObject\",\"inLanguage\":\"de\",\"@id\":\"https:\/\/ds-barranquilla.org\/reencuentro-de-abizukunft-cierre-de-ciclo-escolar\/#primaryimage\",\"url\":\"https:\/\/ds-barranquilla.org\/wp-content\/uploads\/2021\/02\/Reencuentro_de_Abizukunft_Web.jpg\",\"contentUrl\":\"https:\/\/ds-barranquilla.org\/wp-content\/uploads\/2021\/02\/Reencuentro_de_Abizukunft_Web.jpg\",\"width\":1004,\"height\":444,\"caption\":\"Reencuentro_de_Abizukunft_Web\"},{\"@type\":\"BreadcrumbList\",\"@id\":\"https:\/\/ds-barranquilla.org\/reencuentro-de-abizukunft-cierre-de-ciclo-escolar\/#breadcrumb\",\"itemListElement\":[{\"@type\":\"ListItem\",\"position\":1,\"name\":\"Portada\",\"item\":\"https:\/\/ds-barranquilla.org\/\"},{\"@type\":\"ListItem\",\"position\":2,\"name\":\"Reencuentro de Abizukunft: Cierre de ciclo escolar\"}]},{\"@type\":\"WebSite\",\"@id\":\"https:\/\/ds-barranquilla.org\/#website\",\"url\":\"https:\/\/ds-barranquilla.org\/\",\"name\":\"Colegio Alem\u00e1n - Los Mejores Colegios de Colombia - Colegio Triling\u00fce\",\"description\":\"Colegio Alem\u00e1n  Barranquilla Colombia - Colegio Biling\u00fce - Triling\u00fce - El Mejor Colegio de Colombia\",\"publisher\":{\"@id\":\"https:\/\/ds-barranquilla.org\/#organization\"},\"potentialAction\":[{\"@type\":\"SearchAction\",\"target\":{\"@type\":\"EntryPoint\",\"urlTemplate\":\"https:\/\/ds-barranquilla.org\/?s={search_term_string}\"},\"query-input\":\"required name=search_term_string\"}],\"inLanguage\":\"de\"},{\"@type\":\"Organization\",\"@id\":\"https:\/\/ds-barranquilla.org\/#organization\",\"name\":\"Colegio Alem\u00e1n Barranquilla\",\"url\":\"https:\/\/ds-barranquilla.org\/\",\"logo\":{\"@type\":\"ImageObject\",\"inLanguage\":\"de\",\"@id\":\"https:\/\/ds-barranquilla.org\/#\/schema\/logo\/image\/\",\"url\":\"https:\/\/ds-barranquilla.org\/wp-content\/uploads\/2021\/05\/coleman_logo_2.png\",\"contentUrl\":\"https:\/\/ds-barranquilla.org\/wp-content\/uploads\/2021\/05\/coleman_logo_2.png\",\"width\":418,\"height\":307,\"caption\":\"Colegio Alem\u00e1n Barranquilla\"},\"image\":{\"@id\":\"https:\/\/ds-barranquilla.org\/#\/schema\/logo\/image\/\"},\"sameAs\":[\"https:\/\/www.facebook.com\/ColegioAlemanBaq\/\",\"https:\/\/x.com\/ColegioAlemanBq\",\"https:\/\/www.instagram.com\/colegioalemanbaq\/\",\"https:\/\/www.linkedin.com\/school\/deutsche-schule-barranquilla\/\",\"https:\/\/www.youtube.com\/channel\/UCOOGZQCVs6aYRqIWvSN5agQ\"]},{\"@type\":\"Person\",\"@id\":\"https:\/\/ds-barranquilla.org\/#\/schema\/person\/7bf8790ba89d3480e0551241ccdc8d36\",\"name\":\"Comunicaciones Comunicaciones\",\"image\":{\"@type\":\"ImageObject\",\"inLanguage\":\"de\",\"@id\":\"https:\/\/ds-barranquilla.org\/#\/schema\/person\/image\/\",\"url\":\"https:\/\/secure.gravatar.com\/avatar\/a66ba9484a4338d81d6bea750e595038?s=96&d=mm&r=g\",\"contentUrl\":\"https:\/\/secure.gravatar.com\/avatar\/a66ba9484a4338d81d6bea750e595038?s=96&d=mm&r=g\",\"caption\":\"Comunicaciones Comunicaciones\"}}]}<\/script>\n<!-- \/ Yoast SEO plugin. -->","yoast_head_json":{"title":"Reencuentro de Abizukunft: Cierre de ciclo escolar - 2026","robots":{"index":"noindex","follow":"follow","max-snippet":"max-snippet:-1","max-image-preview":"max-image-preview:large","max-video-preview":"max-video-preview:-1"},"og_locale":"de_DE","og_type":"article","og_title":"Reencuentro de Abizukunft: Cierre de ciclo escolar - 2026","og_description":"Reencuentro de Abizukunft: Cierre de ciclo escolar Creado por: Lisseth De la Rosa. Nuestros egresados de la Abizukunft 2020 fueron invitados a realizar el cierre del [\u2026]","og_url":"https:\/\/ds-barranquilla.org\/de\/reencuentro-de-abizukunft-cierre-de-ciclo-escolar\/","og_site_name":"Colegio Alem\u00e1n - Los Mejores Colegios de Colombia - Colegio Triling\u00fce","article_publisher":"https:\/\/www.facebook.com\/ColegioAlemanBaq\/","article_published_time":"2021-02-09T18:39:18+00:00","article_modified_time":"2023-01-03T20:44:38+00:00","og_image":[{"width":1004,"height":444,"url":"https:\/\/ds-barranquilla.org\/wp-content\/uploads\/2021\/02\/Reencuentro_de_Abizukunft_Web.jpg","type":"image\/jpeg"}],"author":"Comunicaciones Comunicaciones","twitter_card":"summary_large_image","twitter_creator":"@ColegioAlemanBq","twitter_site":"@ColegioAlemanBq","twitter_misc":{"Verfasst von":"Comunicaciones Comunicaciones","Gesch\u00e4tzte Lesezeit":"1\u00a0Minute"},"schema":{"@context":"https:\/\/schema.org","@graph":[{"@type":"Article","@id":"https:\/\/ds-barranquilla.org\/reencuentro-de-abizukunft-cierre-de-ciclo-escolar\/#article","isPartOf":{"@id":"https:\/\/ds-barranquilla.org\/reencuentro-de-abizukunft-cierre-de-ciclo-escolar\/"},"author":{"name":"Comunicaciones Comunicaciones","@id":"https:\/\/ds-barranquilla.org\/#\/schema\/person\/7bf8790ba89d3480e0551241ccdc8d36"},"headline":"Reencuentro de Abizukunft: Cierre de ciclo escolar","datePublished":"2021-02-09T18:39:18+00:00","dateModified":"2023-01-03T20:44:38+00:00","mainEntityOfPage":{"@id":"https:\/\/ds-barranquilla.org\/reencuentro-de-abizukunft-cierre-de-ciclo-escolar\/"},"wordCount":296,"commentCount":0,"publisher":{"@id":"https:\/\/ds-barranquilla.org\/#organization"},"image":{"@id":"https:\/\/ds-barranquilla.org\/reencuentro-de-abizukunft-cierre-de-ciclo-escolar\/#primaryimage"},"thumbnailUrl":"https:\/\/ds-barranquilla.org\/wp-content\/uploads\/2021\/02\/Reencuentro_de_Abizukunft_Web.jpg","articleSection":["2021","Lengua y Cultura Alemana","Rector\u00eda","Secundaria"],"inLanguage":"de","potentialAction":[{"@type":"CommentAction","name":"Comment","target":["https:\/\/ds-barranquilla.org\/reencuentro-de-abizukunft-cierre-de-ciclo-escolar\/#respond"]}]},{"@type":"WebPage","@id":"https:\/\/ds-barranquilla.org\/reencuentro-de-abizukunft-cierre-de-ciclo-escolar\/","url":"https:\/\/ds-barranquilla.org\/reencuentro-de-abizukunft-cierre-de-ciclo-escolar\/","name":"Reencuentro de Abizukunft: Cierre de ciclo escolar - 2026","isPartOf":{"@id":"https:\/\/ds-barranquilla.org\/#website"},"primaryImageOfPage":{"@id":"https:\/\/ds-barranquilla.org\/reencuentro-de-abizukunft-cierre-de-ciclo-escolar\/#primaryimage"},"image":{"@id":"https:\/\/ds-barranquilla.org\/reencuentro-de-abizukunft-cierre-de-ciclo-escolar\/#primaryimage"},"thumbnailUrl":"https:\/\/ds-barranquilla.org\/wp-content\/uploads\/2021\/02\/Reencuentro_de_Abizukunft_Web.jpg","datePublished":"2021-02-09T18:39:18+00:00","dateModified":"2023-01-03T20:44:38+00:00","breadcrumb":{"@id":"https:\/\/ds-barranquilla.org\/reencuentro-de-abizukunft-cierre-de-ciclo-escolar\/#breadcrumb"},"inLanguage":"de","potentialAction":[{"@type":"ReadAction","target":["https:\/\/ds-barranquilla.org\/reencuentro-de-abizukunft-cierre-de-ciclo-escolar\/"]}]},{"@type":"ImageObject","inLanguage":"de","@id":"https:\/\/ds-barranquilla.org\/reencuentro-de-abizukunft-cierre-de-ciclo-escolar\/#primaryimage","url":"https:\/\/ds-barranquilla.org\/wp-content\/uploads\/2021\/02\/Reencuentro_de_Abizukunft_Web.jpg","contentUrl":"https:\/\/ds-barranquilla.org\/wp-content\/uploads\/2021\/02\/Reencuentro_de_Abizukunft_Web.jpg","width":1004,"height":444,"caption":"Reencuentro_de_Abizukunft_Web"},{"@type":"BreadcrumbList","@id":"https:\/\/ds-barranquilla.org\/reencuentro-de-abizukunft-cierre-de-ciclo-escolar\/#breadcrumb","itemListElement":[{"@type":"ListItem","position":1,"name":"Portada","item":"https:\/\/ds-barranquilla.org\/"},{"@type":"ListItem","position":2,"name":"Reencuentro de Abizukunft: Cierre de ciclo escolar"}]},{"@type":"WebSite","@id":"https:\/\/ds-barranquilla.org\/#website","url":"https:\/\/ds-barranquilla.org\/","name":"Colegio Alem\u00e1n - Los Mejores Colegios de Colombia - Colegio Triling\u00fce","description":"Colegio Alem\u00e1n  Barranquilla Colombia - Colegio Biling\u00fce - Triling\u00fce - El Mejor Colegio de Colombia","publisher":{"@id":"https:\/\/ds-barranquilla.org\/#organization"},"potentialAction":[{"@type":"SearchAction","target":{"@type":"EntryPoint","urlTemplate":"https:\/\/ds-barranquilla.org\/?s={search_term_string}"},"query-input":"required name=search_term_string"}],"inLanguage":"de"},{"@type":"Organization","@id":"https:\/\/ds-barranquilla.org\/#organization","name":"Colegio Alem\u00e1n Barranquilla","url":"https:\/\/ds-barranquilla.org\/","logo":{"@type":"ImageObject","inLanguage":"de","@id":"https:\/\/ds-barranquilla.org\/#\/schema\/logo\/image\/","url":"https:\/\/ds-barranquilla.org\/wp-content\/uploads\/2021\/05\/coleman_logo_2.png","contentUrl":"https:\/\/ds-barranquilla.org\/wp-content\/uploads\/2021\/05\/coleman_logo_2.png","width":418,"height":307,"caption":"Colegio Alem\u00e1n Barranquilla"},"image":{"@id":"https:\/\/ds-barranquilla.org\/#\/schema\/logo\/image\/"},"sameAs":["https:\/\/www.facebook.com\/ColegioAlemanBaq\/","https:\/\/x.com\/ColegioAlemanBq","https:\/\/www.instagram.com\/colegioalemanbaq\/","https:\/\/www.linkedin.com\/school\/deutsche-schule-barranquilla\/","https:\/\/www.youtube.com\/channel\/UCOOGZQCVs6aYRqIWvSN5agQ"]},{"@type":"Person","@id":"https:\/\/ds-barranquilla.org\/#\/schema\/person\/7bf8790ba89d3480e0551241ccdc8d36","name":"Comunicaciones Comunicaciones","image":{"@type":"ImageObject","inLanguage":"de","@id":"https:\/\/ds-barranquilla.org\/#\/schema\/person\/image\/","url":"https:\/\/secure.gravatar.com\/avatar\/a66ba9484a4338d81d6bea750e595038?s=96&d=mm&r=g","contentUrl":"https:\/\/secure.gravatar.com\/avatar\/a66ba9484a4338d81d6bea750e595038?s=96&d=mm&r=g","caption":"Comunicaciones Comunicaciones"}}]}},"_links":{"self":[{"href":"https:\/\/ds-barranquilla.org\/de\/wp-json\/wp\/v2\/posts\/6445"}],"collection":[{"href":"https:\/\/ds-barranquilla.org\/de\/wp-json\/wp\/v2\/posts"}],"about":[{"href":"https:\/\/ds-barranquilla.org\/de\/wp-json\/wp\/v2\/types\/post"}],"author":[{"embeddable":true,"href":"https:\/\/ds-barranquilla.org\/de\/wp-json\/wp\/v2\/users\/16"}],"replies":[{"embeddable":true,"href":"https:\/\/ds-barranquilla.org\/de\/wp-json\/wp\/v2\/comments?post=6445"}],"version-history":[{"count":4,"href":"https:\/\/ds-barranquilla.org\/de\/wp-json\/wp\/v2\/posts\/6445\/revisions"}],"predecessor-version":[{"id":6825,"href":"https:\/\/ds-barranquilla.org\/de\/wp-json\/wp\/v2\/posts\/6445\/revisions\/6825"}],"wp:featuredmedia":[{"embeddable":true,"href":"https:\/\/ds-barranquilla.org\/de\/wp-json\/wp\/v2\/media\/6446"}],"wp:attachment":[{"href":"https:\/\/ds-barranquilla.org\/de\/wp-json\/wp\/v2\/media?parent=6445"}],"wp:term":[{"taxonomy":"category","embeddable":true,"href":"https:\/\/ds-barranquilla.org\/de\/wp-json\/wp\/v2\/categories?post=6445"},{"taxonomy":"post_tag","embeddable":true,"href":"https:\/\/ds-barranquilla.org\/de\/wp-json\/wp\/v2\/tags?post=6445"}],"curies":[{"name":"wp","href":"https:\/\/api.w.org\/{rel}","templated":true}]}}