{"id":6450,"date":"2021-02-09T14:03:20","date_gmt":"2021-02-09T19:03:20","guid":{"rendered":"https:\/\/ds-barranquilla.org\/?p=6450"},"modified":"2023-01-03T15:43:23","modified_gmt":"2023-01-03T20:43:23","slug":"nuestro-periodico-escolar-el-pulpo-reactivo-su-blog","status":"publish","type":"post","link":"https:\/\/ds-barranquilla.org\/de\/nuestro-periodico-escolar-el-pulpo-reactivo-su-blog\/","title":{"rendered":"Nuestro peri\u00f3dico escolar \u2018El Pulpo\u2019 reactiv\u00f3 su blog"},"content":{"rendered":"<h1>Nuestro peri\u00f3dico escolar \u2018El Pulpo\u2019 reactiv\u00f3 su blog<\/h1>\n<div class=\"extra\"><strong>Geschrieben von: Jos\u00e9 R\u00edos Mercado.<\/strong> Una gran noticia tenemos para toda la comunidad escolar y es que nuestro peri\u00f3dico \u2018El Pulpo\u2019 reactiv\u00f3 su propio blog; de esta forma, nuestros estudiantes tienen una \u2018ventana\u2019 adicional, a trav\u00e9s de la cual podr\u00e1n dar a conocer todas sus creaciones literarias y art\u00edsticas.<\/div>\n<div class=\"row\">\n<div class=\"col-md-12\">\n<div class=\"news-text-wrap\">\n<p>Isabella Bojanini, Gabriella Parra, Nicole Tovar y Antonio Vargas, de la Klasse 12, integran el equipo period\u00edstico que liderar\u00e1 esta iniciativa y ser\u00e1n los encargados de coordinar la labor que registrar\u00e1 el acontecer de nuestro colegio.<\/p>\n<p>Al igual que la versi\u00f3n digital, este proyecto contar\u00e1 con el acompa\u00f1amiento de los docentes del \u00c1rea de Lengua y Literatura, Claudia Fontalvo y Jos\u00e9 L\u00f3pez, y el Profesional de Comunicaciones y Prensa, Jos\u00e9 R\u00edos.<\/p>\n<p>Las secciones que los cibernautas encontrar\u00e1n en el blog son:<\/p>\n<p>\u00b7\u00a0\u00a0\u00a0\u00a0\u00a0\u00a0\u00a0 La hora del cuento<\/p>\n<p>\u00b7\u00a0\u00a0\u00a0\u00a0\u00a0\u00a0\u00a0 Recomendaciones literarias<\/p>\n<p>\u00b7\u00a0\u00a0\u00a0\u00a0\u00a0\u00a0\u00a0 Entretenimiento<\/p>\n<p>\u00b7\u00a0\u00a0\u00a0\u00a0\u00a0\u00a0\u00a0 Experiencias<\/p>\n<p>\u00b7\u00a0\u00a0\u00a0\u00a0\u00a0\u00a0\u00a0 Actualidad y opini\u00f3n<\/p>\n<p>\u00b7\u00a0\u00a0\u00a0\u00a0\u00a0\u00a0\u00a0 J\u00f3venes emprendedores<\/p>\n<p>\u00b7\u00a0\u00a0\u00a0\u00a0\u00a0\u00a0\u00a0 Tomando un caf\u00e9 con\u2026<\/p>\n<p>\u00b7\u00a0\u00a0\u00a0\u00a0\u00a0\u00a0\u00a0 Nuestros talentos<\/p>\n<p>\u00b7\u00a0\u00a0\u00a0\u00a0\u00a0\u00a0\u00a0 Podcast<\/p>\n<p>\u2018El Pulpo\u2019 se constituye en un instrumento valioso para los estudiantes, quienes pueden ejercer su derecho fundamental a la libertad de expresi\u00f3n en concordancia con la mentalidad internacional por la que propende la instituci\u00f3n al formar alumnos informados y con esp\u00edritu indagador, adem\u00e1s de solidarios y sensibles a las necesidades de los dem\u00e1s.<\/p>\n<p><a href=\"https:\/\/elpulpoweb.wordpress.com\/\" target=\"_blank\" rel=\"noopener\"><em>&gt;&gt;&gt;Blog &#8216;El Pulpo&#8217;<\/em><\/a><\/p>\n<\/div>\n<\/div>\n<\/div>","protected":false},"excerpt":{"rendered":"<p>Nuestro peri\u00f3dico escolar \u2018El Pulpo\u2019 reactiv\u00f3 su blog Creado por: Jos\u00e9 R\u00edos Mercado. Una gran noticia tenemos para toda la comunidad escolar y es que nuestro<span class=\"excerpt-hellip\"> [\u2026]<\/span><\/p>","protected":false},"author":16,"featured_media":6451,"comment_status":"open","ping_status":"open","sticky":false,"template":"","format":"standard","meta":{"_exactmetrics_skip_tracking":false,"_exactmetrics_sitenote_active":false,"_exactmetrics_sitenote_note":"","_exactmetrics_sitenote_category":0,"_joinchat":[],"footnotes":""},"categories":[681,702,708],"tags":[],"class_list":["post-6450","post","type-post","status-publish","format-standard","has-post-thumbnail","hentry","category-681","category-el-pulpo","category-proyectos-academicos"],"yoast_head":"<!-- This site is optimized with the Yoast SEO plugin v23.3 - https:\/\/yoast.com\/wordpress\/plugins\/seo\/ -->\n<title>Nuestro peri\u00f3dico escolar \u2018El Pulpo\u2019 reactiv\u00f3 su blog - 2026<\/title>\n<meta name=\"robots\" content=\"noindex, follow, max-snippet:-1, max-image-preview:large, max-video-preview:-1\" \/>\n<meta property=\"og:locale\" content=\"de_DE\" \/>\n<meta property=\"og:type\" content=\"article\" \/>\n<meta property=\"og:title\" content=\"Nuestro peri\u00f3dico escolar \u2018El Pulpo\u2019 reactiv\u00f3 su blog - 2026\" \/>\n<meta property=\"og:description\" content=\"Nuestro peri\u00f3dico escolar \u2018El Pulpo\u2019 reactiv\u00f3 su blog Creado por: Jos\u00e9 R\u00edos Mercado. Una gran noticia tenemos para toda la comunidad escolar y es que nuestro [\u2026]\" \/>\n<meta property=\"og:url\" content=\"https:\/\/ds-barranquilla.org\/de\/nuestro-periodico-escolar-el-pulpo-reactivo-su-blog\/\" \/>\n<meta property=\"og:site_name\" content=\"Colegio Alem\u00e1n - Los Mejores Colegios de Colombia - Colegio Triling\u00fce\" \/>\n<meta property=\"article:publisher\" content=\"https:\/\/www.facebook.com\/ColegioAlemanBaq\/\" \/>\n<meta property=\"article:published_time\" content=\"2021-02-09T19:03:20+00:00\" \/>\n<meta property=\"article:modified_time\" content=\"2023-01-03T20:43:23+00:00\" \/>\n<meta property=\"og:image\" content=\"https:\/\/ds-barranquilla.org\/wp-content\/uploads\/2021\/02\/El_Pulpo_Web_2.jpg\" \/>\n\t<meta property=\"og:image:width\" content=\"1004\" \/>\n\t<meta property=\"og:image:height\" content=\"444\" \/>\n\t<meta property=\"og:image:type\" content=\"image\/jpeg\" \/>\n<meta name=\"author\" content=\"Comunicaciones Comunicaciones\" \/>\n<meta name=\"twitter:card\" content=\"summary_large_image\" \/>\n<meta name=\"twitter:creator\" content=\"@ColegioAlemanBq\" \/>\n<meta name=\"twitter:site\" content=\"@ColegioAlemanBq\" \/>\n<meta name=\"twitter:label1\" content=\"Verfasst von\" \/>\n\t<meta name=\"twitter:data1\" content=\"Comunicaciones Comunicaciones\" \/>\n\t<meta name=\"twitter:label2\" content=\"Gesch\u00e4tzte Lesezeit\" \/>\n\t<meta name=\"twitter:data2\" content=\"1\u00a0Minute\" \/>\n<script type=\"application\/ld+json\" class=\"yoast-schema-graph\">{\"@context\":\"https:\/\/schema.org\",\"@graph\":[{\"@type\":\"Article\",\"@id\":\"https:\/\/ds-barranquilla.org\/nuestro-periodico-escolar-el-pulpo-reactivo-su-blog\/#article\",\"isPartOf\":{\"@id\":\"https:\/\/ds-barranquilla.org\/nuestro-periodico-escolar-el-pulpo-reactivo-su-blog\/\"},\"author\":{\"name\":\"Comunicaciones Comunicaciones\",\"@id\":\"https:\/\/ds-barranquilla.org\/#\/schema\/person\/7bf8790ba89d3480e0551241ccdc8d36\"},\"headline\":\"Nuestro peri\u00f3dico escolar \u2018El Pulpo\u2019 reactiv\u00f3 su blog\",\"datePublished\":\"2021-02-09T19:03:20+00:00\",\"dateModified\":\"2023-01-03T20:43:23+00:00\",\"mainEntityOfPage\":{\"@id\":\"https:\/\/ds-barranquilla.org\/nuestro-periodico-escolar-el-pulpo-reactivo-su-blog\/\"},\"wordCount\":245,\"commentCount\":0,\"publisher\":{\"@id\":\"https:\/\/ds-barranquilla.org\/#organization\"},\"image\":{\"@id\":\"https:\/\/ds-barranquilla.org\/nuestro-periodico-escolar-el-pulpo-reactivo-su-blog\/#primaryimage\"},\"thumbnailUrl\":\"https:\/\/ds-barranquilla.org\/wp-content\/uploads\/2021\/02\/El_Pulpo_Web_2.jpg\",\"articleSection\":[\"2021\",\"El Pulpo\",\"Proyectos acad\u00e9micos\"],\"inLanguage\":\"de\",\"potentialAction\":[{\"@type\":\"CommentAction\",\"name\":\"Comment\",\"target\":[\"https:\/\/ds-barranquilla.org\/nuestro-periodico-escolar-el-pulpo-reactivo-su-blog\/#respond\"]}]},{\"@type\":\"WebPage\",\"@id\":\"https:\/\/ds-barranquilla.org\/nuestro-periodico-escolar-el-pulpo-reactivo-su-blog\/\",\"url\":\"https:\/\/ds-barranquilla.org\/nuestro-periodico-escolar-el-pulpo-reactivo-su-blog\/\",\"name\":\"Nuestro peri\u00f3dico escolar \u2018El Pulpo\u2019 reactiv\u00f3 su blog - 2026\",\"isPartOf\":{\"@id\":\"https:\/\/ds-barranquilla.org\/#website\"},\"primaryImageOfPage\":{\"@id\":\"https:\/\/ds-barranquilla.org\/nuestro-periodico-escolar-el-pulpo-reactivo-su-blog\/#primaryimage\"},\"image\":{\"@id\":\"https:\/\/ds-barranquilla.org\/nuestro-periodico-escolar-el-pulpo-reactivo-su-blog\/#primaryimage\"},\"thumbnailUrl\":\"https:\/\/ds-barranquilla.org\/wp-content\/uploads\/2021\/02\/El_Pulpo_Web_2.jpg\",\"datePublished\":\"2021-02-09T19:03:20+00:00\",\"dateModified\":\"2023-01-03T20:43:23+00:00\",\"breadcrumb\":{\"@id\":\"https:\/\/ds-barranquilla.org\/nuestro-periodico-escolar-el-pulpo-reactivo-su-blog\/#breadcrumb\"},\"inLanguage\":\"de\",\"potentialAction\":[{\"@type\":\"ReadAction\",\"target\":[\"https:\/\/ds-barranquilla.org\/nuestro-periodico-escolar-el-pulpo-reactivo-su-blog\/\"]}]},{\"@type\":\"ImageObject\",\"inLanguage\":\"de\",\"@id\":\"https:\/\/ds-barranquilla.org\/nuestro-periodico-escolar-el-pulpo-reactivo-su-blog\/#primaryimage\",\"url\":\"https:\/\/ds-barranquilla.org\/wp-content\/uploads\/2021\/02\/El_Pulpo_Web_2.jpg\",\"contentUrl\":\"https:\/\/ds-barranquilla.org\/wp-content\/uploads\/2021\/02\/El_Pulpo_Web_2.jpg\",\"width\":1004,\"height\":444,\"caption\":\"El_Pulpo_Web_2\"},{\"@type\":\"BreadcrumbList\",\"@id\":\"https:\/\/ds-barranquilla.org\/nuestro-periodico-escolar-el-pulpo-reactivo-su-blog\/#breadcrumb\",\"itemListElement\":[{\"@type\":\"ListItem\",\"position\":1,\"name\":\"Portada\",\"item\":\"https:\/\/ds-barranquilla.org\/\"},{\"@type\":\"ListItem\",\"position\":2,\"name\":\"Nuestro peri\u00f3dico escolar \u2018El Pulpo\u2019 reactiv\u00f3 su blog\"}]},{\"@type\":\"WebSite\",\"@id\":\"https:\/\/ds-barranquilla.org\/#website\",\"url\":\"https:\/\/ds-barranquilla.org\/\",\"name\":\"Colegio Alem\u00e1n - Los Mejores Colegios de Colombia - Colegio Triling\u00fce\",\"description\":\"Colegio Alem\u00e1n  Barranquilla Colombia - Colegio Biling\u00fce - Triling\u00fce - El Mejor Colegio de Colombia\",\"publisher\":{\"@id\":\"https:\/\/ds-barranquilla.org\/#organization\"},\"potentialAction\":[{\"@type\":\"SearchAction\",\"target\":{\"@type\":\"EntryPoint\",\"urlTemplate\":\"https:\/\/ds-barranquilla.org\/?s={search_term_string}\"},\"query-input\":\"required name=search_term_string\"}],\"inLanguage\":\"de\"},{\"@type\":\"Organization\",\"@id\":\"https:\/\/ds-barranquilla.org\/#organization\",\"name\":\"Colegio Alem\u00e1n Barranquilla\",\"url\":\"https:\/\/ds-barranquilla.org\/\",\"logo\":{\"@type\":\"ImageObject\",\"inLanguage\":\"de\",\"@id\":\"https:\/\/ds-barranquilla.org\/#\/schema\/logo\/image\/\",\"url\":\"https:\/\/ds-barranquilla.org\/wp-content\/uploads\/2021\/05\/coleman_logo_2.png\",\"contentUrl\":\"https:\/\/ds-barranquilla.org\/wp-content\/uploads\/2021\/05\/coleman_logo_2.png\",\"width\":418,\"height\":307,\"caption\":\"Colegio Alem\u00e1n Barranquilla\"},\"image\":{\"@id\":\"https:\/\/ds-barranquilla.org\/#\/schema\/logo\/image\/\"},\"sameAs\":[\"https:\/\/www.facebook.com\/ColegioAlemanBaq\/\",\"https:\/\/x.com\/ColegioAlemanBq\",\"https:\/\/www.instagram.com\/colegioalemanbaq\/\",\"https:\/\/www.linkedin.com\/school\/deutsche-schule-barranquilla\/\",\"https:\/\/www.youtube.com\/channel\/UCOOGZQCVs6aYRqIWvSN5agQ\"]},{\"@type\":\"Person\",\"@id\":\"https:\/\/ds-barranquilla.org\/#\/schema\/person\/7bf8790ba89d3480e0551241ccdc8d36\",\"name\":\"Comunicaciones Comunicaciones\",\"image\":{\"@type\":\"ImageObject\",\"inLanguage\":\"de\",\"@id\":\"https:\/\/ds-barranquilla.org\/#\/schema\/person\/image\/\",\"url\":\"https:\/\/secure.gravatar.com\/avatar\/a66ba9484a4338d81d6bea750e595038?s=96&d=mm&r=g\",\"contentUrl\":\"https:\/\/secure.gravatar.com\/avatar\/a66ba9484a4338d81d6bea750e595038?s=96&d=mm&r=g\",\"caption\":\"Comunicaciones Comunicaciones\"}}]}<\/script>\n<!-- \/ Yoast SEO plugin. -->","yoast_head_json":{"title":"Nuestro peri\u00f3dico escolar \u2018El Pulpo\u2019 reactiv\u00f3 su blog - 2026","robots":{"index":"noindex","follow":"follow","max-snippet":"max-snippet:-1","max-image-preview":"max-image-preview:large","max-video-preview":"max-video-preview:-1"},"og_locale":"de_DE","og_type":"article","og_title":"Nuestro peri\u00f3dico escolar \u2018El Pulpo\u2019 reactiv\u00f3 su blog - 2026","og_description":"Nuestro peri\u00f3dico escolar \u2018El Pulpo\u2019 reactiv\u00f3 su blog Creado por: Jos\u00e9 R\u00edos Mercado. Una gran noticia tenemos para toda la comunidad escolar y es que nuestro [\u2026]","og_url":"https:\/\/ds-barranquilla.org\/de\/nuestro-periodico-escolar-el-pulpo-reactivo-su-blog\/","og_site_name":"Colegio Alem\u00e1n - Los Mejores Colegios de Colombia - Colegio Triling\u00fce","article_publisher":"https:\/\/www.facebook.com\/ColegioAlemanBaq\/","article_published_time":"2021-02-09T19:03:20+00:00","article_modified_time":"2023-01-03T20:43:23+00:00","og_image":[{"width":1004,"height":444,"url":"https:\/\/ds-barranquilla.org\/wp-content\/uploads\/2021\/02\/El_Pulpo_Web_2.jpg","type":"image\/jpeg"}],"author":"Comunicaciones Comunicaciones","twitter_card":"summary_large_image","twitter_creator":"@ColegioAlemanBq","twitter_site":"@ColegioAlemanBq","twitter_misc":{"Verfasst von":"Comunicaciones Comunicaciones","Gesch\u00e4tzte Lesezeit":"1\u00a0Minute"},"schema":{"@context":"https:\/\/schema.org","@graph":[{"@type":"Article","@id":"https:\/\/ds-barranquilla.org\/nuestro-periodico-escolar-el-pulpo-reactivo-su-blog\/#article","isPartOf":{"@id":"https:\/\/ds-barranquilla.org\/nuestro-periodico-escolar-el-pulpo-reactivo-su-blog\/"},"author":{"name":"Comunicaciones Comunicaciones","@id":"https:\/\/ds-barranquilla.org\/#\/schema\/person\/7bf8790ba89d3480e0551241ccdc8d36"},"headline":"Nuestro peri\u00f3dico escolar \u2018El Pulpo\u2019 reactiv\u00f3 su blog","datePublished":"2021-02-09T19:03:20+00:00","dateModified":"2023-01-03T20:43:23+00:00","mainEntityOfPage":{"@id":"https:\/\/ds-barranquilla.org\/nuestro-periodico-escolar-el-pulpo-reactivo-su-blog\/"},"wordCount":245,"commentCount":0,"publisher":{"@id":"https:\/\/ds-barranquilla.org\/#organization"},"image":{"@id":"https:\/\/ds-barranquilla.org\/nuestro-periodico-escolar-el-pulpo-reactivo-su-blog\/#primaryimage"},"thumbnailUrl":"https:\/\/ds-barranquilla.org\/wp-content\/uploads\/2021\/02\/El_Pulpo_Web_2.jpg","articleSection":["2021","El Pulpo","Proyectos acad\u00e9micos"],"inLanguage":"de","potentialAction":[{"@type":"CommentAction","name":"Comment","target":["https:\/\/ds-barranquilla.org\/nuestro-periodico-escolar-el-pulpo-reactivo-su-blog\/#respond"]}]},{"@type":"WebPage","@id":"https:\/\/ds-barranquilla.org\/nuestro-periodico-escolar-el-pulpo-reactivo-su-blog\/","url":"https:\/\/ds-barranquilla.org\/nuestro-periodico-escolar-el-pulpo-reactivo-su-blog\/","name":"Nuestro peri\u00f3dico escolar \u2018El Pulpo\u2019 reactiv\u00f3 su blog - 2026","isPartOf":{"@id":"https:\/\/ds-barranquilla.org\/#website"},"primaryImageOfPage":{"@id":"https:\/\/ds-barranquilla.org\/nuestro-periodico-escolar-el-pulpo-reactivo-su-blog\/#primaryimage"},"image":{"@id":"https:\/\/ds-barranquilla.org\/nuestro-periodico-escolar-el-pulpo-reactivo-su-blog\/#primaryimage"},"thumbnailUrl":"https:\/\/ds-barranquilla.org\/wp-content\/uploads\/2021\/02\/El_Pulpo_Web_2.jpg","datePublished":"2021-02-09T19:03:20+00:00","dateModified":"2023-01-03T20:43:23+00:00","breadcrumb":{"@id":"https:\/\/ds-barranquilla.org\/nuestro-periodico-escolar-el-pulpo-reactivo-su-blog\/#breadcrumb"},"inLanguage":"de","potentialAction":[{"@type":"ReadAction","target":["https:\/\/ds-barranquilla.org\/nuestro-periodico-escolar-el-pulpo-reactivo-su-blog\/"]}]},{"@type":"ImageObject","inLanguage":"de","@id":"https:\/\/ds-barranquilla.org\/nuestro-periodico-escolar-el-pulpo-reactivo-su-blog\/#primaryimage","url":"https:\/\/ds-barranquilla.org\/wp-content\/uploads\/2021\/02\/El_Pulpo_Web_2.jpg","contentUrl":"https:\/\/ds-barranquilla.org\/wp-content\/uploads\/2021\/02\/El_Pulpo_Web_2.jpg","width":1004,"height":444,"caption":"El_Pulpo_Web_2"},{"@type":"BreadcrumbList","@id":"https:\/\/ds-barranquilla.org\/nuestro-periodico-escolar-el-pulpo-reactivo-su-blog\/#breadcrumb","itemListElement":[{"@type":"ListItem","position":1,"name":"Portada","item":"https:\/\/ds-barranquilla.org\/"},{"@type":"ListItem","position":2,"name":"Nuestro peri\u00f3dico escolar \u2018El Pulpo\u2019 reactiv\u00f3 su blog"}]},{"@type":"WebSite","@id":"https:\/\/ds-barranquilla.org\/#website","url":"https:\/\/ds-barranquilla.org\/","name":"Colegio Alem\u00e1n - Los Mejores Colegios de Colombia - Colegio Triling\u00fce","description":"Colegio Alem\u00e1n  Barranquilla Colombia - Colegio Biling\u00fce - Triling\u00fce - El Mejor Colegio de Colombia","publisher":{"@id":"https:\/\/ds-barranquilla.org\/#organization"},"potentialAction":[{"@type":"SearchAction","target":{"@type":"EntryPoint","urlTemplate":"https:\/\/ds-barranquilla.org\/?s={search_term_string}"},"query-input":"required name=search_term_string"}],"inLanguage":"de"},{"@type":"Organization","@id":"https:\/\/ds-barranquilla.org\/#organization","name":"Colegio Alem\u00e1n Barranquilla","url":"https:\/\/ds-barranquilla.org\/","logo":{"@type":"ImageObject","inLanguage":"de","@id":"https:\/\/ds-barranquilla.org\/#\/schema\/logo\/image\/","url":"https:\/\/ds-barranquilla.org\/wp-content\/uploads\/2021\/05\/coleman_logo_2.png","contentUrl":"https:\/\/ds-barranquilla.org\/wp-content\/uploads\/2021\/05\/coleman_logo_2.png","width":418,"height":307,"caption":"Colegio Alem\u00e1n Barranquilla"},"image":{"@id":"https:\/\/ds-barranquilla.org\/#\/schema\/logo\/image\/"},"sameAs":["https:\/\/www.facebook.com\/ColegioAlemanBaq\/","https:\/\/x.com\/ColegioAlemanBq","https:\/\/www.instagram.com\/colegioalemanbaq\/","https:\/\/www.linkedin.com\/school\/deutsche-schule-barranquilla\/","https:\/\/www.youtube.com\/channel\/UCOOGZQCVs6aYRqIWvSN5agQ"]},{"@type":"Person","@id":"https:\/\/ds-barranquilla.org\/#\/schema\/person\/7bf8790ba89d3480e0551241ccdc8d36","name":"Comunicaciones Comunicaciones","image":{"@type":"ImageObject","inLanguage":"de","@id":"https:\/\/ds-barranquilla.org\/#\/schema\/person\/image\/","url":"https:\/\/secure.gravatar.com\/avatar\/a66ba9484a4338d81d6bea750e595038?s=96&d=mm&r=g","contentUrl":"https:\/\/secure.gravatar.com\/avatar\/a66ba9484a4338d81d6bea750e595038?s=96&d=mm&r=g","caption":"Comunicaciones Comunicaciones"}}]}},"_links":{"self":[{"href":"https:\/\/ds-barranquilla.org\/de\/wp-json\/wp\/v2\/posts\/6450"}],"collection":[{"href":"https:\/\/ds-barranquilla.org\/de\/wp-json\/wp\/v2\/posts"}],"about":[{"href":"https:\/\/ds-barranquilla.org\/de\/wp-json\/wp\/v2\/types\/post"}],"author":[{"embeddable":true,"href":"https:\/\/ds-barranquilla.org\/de\/wp-json\/wp\/v2\/users\/16"}],"replies":[{"embeddable":true,"href":"https:\/\/ds-barranquilla.org\/de\/wp-json\/wp\/v2\/comments?post=6450"}],"version-history":[{"count":5,"href":"https:\/\/ds-barranquilla.org\/de\/wp-json\/wp\/v2\/posts\/6450\/revisions"}],"predecessor-version":[{"id":6826,"href":"https:\/\/ds-barranquilla.org\/de\/wp-json\/wp\/v2\/posts\/6450\/revisions\/6826"}],"wp:featuredmedia":[{"embeddable":true,"href":"https:\/\/ds-barranquilla.org\/de\/wp-json\/wp\/v2\/media\/6451"}],"wp:attachment":[{"href":"https:\/\/ds-barranquilla.org\/de\/wp-json\/wp\/v2\/media?parent=6450"}],"wp:term":[{"taxonomy":"category","embeddable":true,"href":"https:\/\/ds-barranquilla.org\/de\/wp-json\/wp\/v2\/categories?post=6450"},{"taxonomy":"post_tag","embeddable":true,"href":"https:\/\/ds-barranquilla.org\/de\/wp-json\/wp\/v2\/tags?post=6450"}],"curies":[{"name":"wp","href":"https:\/\/api.w.org\/{rel}","templated":true}]}}