{"id":6453,"date":"2020-12-19T14:10:10","date_gmt":"2020-12-19T19:10:10","guid":{"rendered":"https:\/\/ds-barranquilla.org\/?p=6453"},"modified":"2023-01-04T09:00:45","modified_gmt":"2023-01-04T14:00:45","slug":"el-proyecto-de-alternancia-del-colegio-aleman-de-barranquilla-es-un-ejemplo-para-la-region-caribe-y-el-pais-presidente-de-la-sociedad-de-pediatria-regional-atlantico","status":"publish","type":"post","link":"https:\/\/ds-barranquilla.org\/de\/el-proyecto-de-alternancia-del-colegio-aleman-de-barranquilla-es-un-ejemplo-para-la-region-caribe-y-el-pais-presidente-de-la-sociedad-de-pediatria-regional-atlantico\/","title":{"rendered":"\u201cEl proyecto de Alternancia del Colegio Alem\u00e1n de Barranquilla es un ejemplo para la Regi\u00f3n Caribe y el pa\u00eds\u201d: Presidente de la Sociedad de Pediatr\u00eda \u2013 Regional Atl\u00e1ntico"},"content":{"rendered":"<h1>\u201cEl proyecto de Alternancia del Colegio Alem\u00e1n de Barranquilla es un ejemplo para la Regi\u00f3n Caribe y el pa\u00eds\u201d: Presidente de la Sociedad de Pediatr\u00eda \u2013 Regional Atl\u00e1ntico<\/h1>\n<div class=\"extra\">\n<p><strong><strong>Geschrieben von: Jos\u00e9 R\u00edos Mercado. <\/strong><\/strong>Luego de hacer un recorrido por las instalaciones del Colegio Alem\u00e1n de Barranquilla, el Presidente de la Sociedad de Pediatr\u00eda \u2013 Regional Atl\u00e1ntico, Gustavo Romero, felicit\u00f3 a la instituci\u00f3n por su compromiso en la labor realizada de cara a la implementaci\u00f3n del Modelo de Alternancia. El pediatra y gastroenter\u00f3logo infantil calific\u00f3 al colegio como un ejemplo a nivel regional y nacional por toda la log\u00edstica desplegada para brindarle el apoyo a la comunidad escolar en todo lo concerniente a bioseguridad.<\/p>\n<p><span data-contrast=\"auto\">\u201cRecibimos con mucho benepl\u00e1cito en nombre de la Sociedad de Pediatr\u00eda que esta instituci\u00f3n nos haya invitado para conocer nuestro concepto sobre el proyecto de Alternancia que va a iniciar. Quiero hacerle un reconocimiento a sus profesores, empleados y padres por esta log\u00edstica, que busca brindar seguridad, tanto a la familia, el hogar y el entorno, y cuyos lineamientos, me atrevo a decir que est\u00e1n por encima de los establecidos por el Gobierno Nacional\u201d, expres\u00f3 Gustavo Romero.<\/span><\/p>\n<p><span data-contrast=\"auto\">El especialista indic\u00f3 que el colegio no es solo el lugar donde comienza la formaci\u00f3n de los ni\u00f1os sino tambi\u00e9n el mismo hogar; por eso invit\u00f3 a los padres de familia a acompa\u00f1ar, identificarse y comprometerse con esta problem\u00e1tica que vive el mundo entero, y aportar su granito de arena para construir un mejor futuro para sus hijos. De igual forma, precis\u00f3 que el Coronavirus sigue presente y que son los seres humanos los que lo buscan por la poca concienciaci\u00f3n y la indisciplina existentes.<\/span><\/p>\n<\/div>","protected":false},"excerpt":{"rendered":"<p>\u201cEl proyecto de Alternancia del Colegio Alem\u00e1n de Barranquilla es un ejemplo para la Regi\u00f3n Caribe y el pa\u00eds\u201d: Presidente de la Sociedad de Pediatr\u00eda \u2013<span class=\"excerpt-hellip\"> [\u2026]<\/span><\/p>","protected":false},"author":16,"featured_media":6454,"comment_status":"open","ping_status":"open","sticky":false,"template":"","format":"standard","meta":{"_exactmetrics_skip_tracking":false,"_exactmetrics_sitenote_active":false,"_exactmetrics_sitenote_note":"","_exactmetrics_sitenote_category":0,"_joinchat":[],"footnotes":""},"categories":[681,682,703,707,709],"tags":[],"class_list":["post-6453","post","type-post","status-publish","format-standard","has-post-thumbnail","hentry","category-681","category-acreditaciones-y-calidad","category-junta-directiva","category-otras-noticias","category-rectoria"],"yoast_head":"<!-- This site is optimized with the Yoast SEO plugin v23.3 - https:\/\/yoast.com\/wordpress\/plugins\/seo\/ -->\n<title>\u201cEl proyecto de Alternancia del Colegio Alem\u00e1n de Barranquilla es un ejemplo para la Regi\u00f3n Caribe y el pa\u00eds\u201d: Presidente de la Sociedad de Pediatr\u00eda \u2013 Regional Atl\u00e1ntico - 2026<\/title>\n<meta name=\"robots\" content=\"noindex, follow, max-snippet:-1, max-image-preview:large, max-video-preview:-1\" \/>\n<meta property=\"og:locale\" content=\"de_DE\" \/>\n<meta property=\"og:type\" content=\"article\" \/>\n<meta property=\"og:title\" content=\"\u201cEl proyecto de Alternancia del Colegio Alem\u00e1n de Barranquilla es un ejemplo para la Regi\u00f3n Caribe y el pa\u00eds\u201d: Presidente de la Sociedad de Pediatr\u00eda \u2013 Regional Atl\u00e1ntico - 2026\" \/>\n<meta property=\"og:description\" content=\"\u201cEl proyecto de Alternancia del Colegio Alem\u00e1n de Barranquilla es un ejemplo para la Regi\u00f3n Caribe y el pa\u00eds\u201d: Presidente de la Sociedad de Pediatr\u00eda \u2013 [\u2026]\" \/>\n<meta property=\"og:url\" content=\"https:\/\/ds-barranquilla.org\/de\/el-proyecto-de-alternancia-del-colegio-aleman-de-barranquilla-es-un-ejemplo-para-la-region-caribe-y-el-pais-presidente-de-la-sociedad-de-pediatria-regional-atlantico\/\" \/>\n<meta property=\"og:site_name\" content=\"Colegio Alem\u00e1n - Los Mejores Colegios de Colombia - Colegio Triling\u00fce\" \/>\n<meta property=\"article:publisher\" content=\"https:\/\/www.facebook.com\/ColegioAlemanBaq\/\" \/>\n<meta property=\"article:published_time\" content=\"2020-12-19T19:10:10+00:00\" \/>\n<meta property=\"article:modified_time\" content=\"2023-01-04T14:00:45+00:00\" \/>\n<meta property=\"og:image\" content=\"https:\/\/ds-barranquilla.org\/wp-content\/uploads\/2021\/02\/Visita_del_Presidente_de_la_Asociacion_de_Pediatria_Web.jpg\" \/>\n\t<meta property=\"og:image:width\" content=\"1004\" \/>\n\t<meta property=\"og:image:height\" content=\"444\" \/>\n\t<meta property=\"og:image:type\" content=\"image\/jpeg\" \/>\n<meta name=\"author\" content=\"Comunicaciones Comunicaciones\" \/>\n<meta name=\"twitter:card\" content=\"summary_large_image\" \/>\n<meta name=\"twitter:creator\" content=\"@ColegioAlemanBq\" \/>\n<meta name=\"twitter:site\" content=\"@ColegioAlemanBq\" \/>\n<meta name=\"twitter:label1\" content=\"Verfasst von\" \/>\n\t<meta name=\"twitter:data1\" content=\"Comunicaciones Comunicaciones\" \/>\n\t<meta name=\"twitter:label2\" content=\"Gesch\u00e4tzte Lesezeit\" \/>\n\t<meta name=\"twitter:data2\" content=\"2\u00a0Minuten\" \/>\n<script type=\"application\/ld+json\" class=\"yoast-schema-graph\">{\"@context\":\"https:\/\/schema.org\",\"@graph\":[{\"@type\":\"Article\",\"@id\":\"https:\/\/ds-barranquilla.org\/el-proyecto-de-alternancia-del-colegio-aleman-de-barranquilla-es-un-ejemplo-para-la-region-caribe-y-el-pais-presidente-de-la-sociedad-de-pediatria-regional-atlantico\/#article\",\"isPartOf\":{\"@id\":\"https:\/\/ds-barranquilla.org\/el-proyecto-de-alternancia-del-colegio-aleman-de-barranquilla-es-un-ejemplo-para-la-region-caribe-y-el-pais-presidente-de-la-sociedad-de-pediatria-regional-atlantico\/\"},\"author\":{\"name\":\"Comunicaciones Comunicaciones\",\"@id\":\"https:\/\/ds-barranquilla.org\/#\/schema\/person\/7bf8790ba89d3480e0551241ccdc8d36\"},\"headline\":\"\u201cEl proyecto de Alternancia del Colegio Alem\u00e1n de Barranquilla es un ejemplo para la Regi\u00f3n Caribe y el pa\u00eds\u201d: Presidente de la Sociedad de Pediatr\u00eda \u2013 Regional Atl\u00e1ntico\",\"datePublished\":\"2020-12-19T19:10:10+00:00\",\"dateModified\":\"2023-01-04T14:00:45+00:00\",\"mainEntityOfPage\":{\"@id\":\"https:\/\/ds-barranquilla.org\/el-proyecto-de-alternancia-del-colegio-aleman-de-barranquilla-es-un-ejemplo-para-la-region-caribe-y-el-pais-presidente-de-la-sociedad-de-pediatria-regional-atlantico\/\"},\"wordCount\":329,\"commentCount\":0,\"publisher\":{\"@id\":\"https:\/\/ds-barranquilla.org\/#organization\"},\"image\":{\"@id\":\"https:\/\/ds-barranquilla.org\/el-proyecto-de-alternancia-del-colegio-aleman-de-barranquilla-es-un-ejemplo-para-la-region-caribe-y-el-pais-presidente-de-la-sociedad-de-pediatria-regional-atlantico\/#primaryimage\"},\"thumbnailUrl\":\"https:\/\/ds-barranquilla.org\/wp-content\/uploads\/2021\/02\/Visita_del_Presidente_de_la_Asociacion_de_Pediatria_Web.jpg\",\"articleSection\":[\"2021\",\"Acreditaciones y Calidad\",\"Junta Directiva\",\"Otras noticias\",\"Rector\u00eda\"],\"inLanguage\":\"de\",\"potentialAction\":[{\"@type\":\"CommentAction\",\"name\":\"Comment\",\"target\":[\"https:\/\/ds-barranquilla.org\/el-proyecto-de-alternancia-del-colegio-aleman-de-barranquilla-es-un-ejemplo-para-la-region-caribe-y-el-pais-presidente-de-la-sociedad-de-pediatria-regional-atlantico\/#respond\"]}]},{\"@type\":\"WebPage\",\"@id\":\"https:\/\/ds-barranquilla.org\/el-proyecto-de-alternancia-del-colegio-aleman-de-barranquilla-es-un-ejemplo-para-la-region-caribe-y-el-pais-presidente-de-la-sociedad-de-pediatria-regional-atlantico\/\",\"url\":\"https:\/\/ds-barranquilla.org\/el-proyecto-de-alternancia-del-colegio-aleman-de-barranquilla-es-un-ejemplo-para-la-region-caribe-y-el-pais-presidente-de-la-sociedad-de-pediatria-regional-atlantico\/\",\"name\":\"\u201cEl proyecto de Alternancia del Colegio Alem\u00e1n de Barranquilla es un ejemplo para la Regi\u00f3n Caribe y el pa\u00eds\u201d: Presidente de la Sociedad de Pediatr\u00eda \u2013 Regional Atl\u00e1ntico - 2026\",\"isPartOf\":{\"@id\":\"https:\/\/ds-barranquilla.org\/#website\"},\"primaryImageOfPage\":{\"@id\":\"https:\/\/ds-barranquilla.org\/el-proyecto-de-alternancia-del-colegio-aleman-de-barranquilla-es-un-ejemplo-para-la-region-caribe-y-el-pais-presidente-de-la-sociedad-de-pediatria-regional-atlantico\/#primaryimage\"},\"image\":{\"@id\":\"https:\/\/ds-barranquilla.org\/el-proyecto-de-alternancia-del-colegio-aleman-de-barranquilla-es-un-ejemplo-para-la-region-caribe-y-el-pais-presidente-de-la-sociedad-de-pediatria-regional-atlantico\/#primaryimage\"},\"thumbnailUrl\":\"https:\/\/ds-barranquilla.org\/wp-content\/uploads\/2021\/02\/Visita_del_Presidente_de_la_Asociacion_de_Pediatria_Web.jpg\",\"datePublished\":\"2020-12-19T19:10:10+00:00\",\"dateModified\":\"2023-01-04T14:00:45+00:00\",\"breadcrumb\":{\"@id\":\"https:\/\/ds-barranquilla.org\/el-proyecto-de-alternancia-del-colegio-aleman-de-barranquilla-es-un-ejemplo-para-la-region-caribe-y-el-pais-presidente-de-la-sociedad-de-pediatria-regional-atlantico\/#breadcrumb\"},\"inLanguage\":\"de\",\"potentialAction\":[{\"@type\":\"ReadAction\",\"target\":[\"https:\/\/ds-barranquilla.org\/el-proyecto-de-alternancia-del-colegio-aleman-de-barranquilla-es-un-ejemplo-para-la-region-caribe-y-el-pais-presidente-de-la-sociedad-de-pediatria-regional-atlantico\/\"]}]},{\"@type\":\"ImageObject\",\"inLanguage\":\"de\",\"@id\":\"https:\/\/ds-barranquilla.org\/el-proyecto-de-alternancia-del-colegio-aleman-de-barranquilla-es-un-ejemplo-para-la-region-caribe-y-el-pais-presidente-de-la-sociedad-de-pediatria-regional-atlantico\/#primaryimage\",\"url\":\"https:\/\/ds-barranquilla.org\/wp-content\/uploads\/2021\/02\/Visita_del_Presidente_de_la_Asociacion_de_Pediatria_Web.jpg\",\"contentUrl\":\"https:\/\/ds-barranquilla.org\/wp-content\/uploads\/2021\/02\/Visita_del_Presidente_de_la_Asociacion_de_Pediatria_Web.jpg\",\"width\":1004,\"height\":444,\"caption\":\"Visita_del_Presidente_de_la_Asociacion_de_Pediatria_Web\"},{\"@type\":\"BreadcrumbList\",\"@id\":\"https:\/\/ds-barranquilla.org\/el-proyecto-de-alternancia-del-colegio-aleman-de-barranquilla-es-un-ejemplo-para-la-region-caribe-y-el-pais-presidente-de-la-sociedad-de-pediatria-regional-atlantico\/#breadcrumb\",\"itemListElement\":[{\"@type\":\"ListItem\",\"position\":1,\"name\":\"Portada\",\"item\":\"https:\/\/ds-barranquilla.org\/\"},{\"@type\":\"ListItem\",\"position\":2,\"name\":\"\u201cEl proyecto de Alternancia del Colegio Alem\u00e1n de Barranquilla es un ejemplo para la Regi\u00f3n Caribe y el pa\u00eds\u201d: Presidente de la Sociedad de Pediatr\u00eda \u2013 Regional Atl\u00e1ntico\"}]},{\"@type\":\"WebSite\",\"@id\":\"https:\/\/ds-barranquilla.org\/#website\",\"url\":\"https:\/\/ds-barranquilla.org\/\",\"name\":\"Colegio Alem\u00e1n - Los Mejores Colegios de Colombia - Colegio Triling\u00fce\",\"description\":\"Colegio Alem\u00e1n  Barranquilla Colombia - Colegio Biling\u00fce - Triling\u00fce - El Mejor Colegio de Colombia\",\"publisher\":{\"@id\":\"https:\/\/ds-barranquilla.org\/#organization\"},\"potentialAction\":[{\"@type\":\"SearchAction\",\"target\":{\"@type\":\"EntryPoint\",\"urlTemplate\":\"https:\/\/ds-barranquilla.org\/?s={search_term_string}\"},\"query-input\":\"required name=search_term_string\"}],\"inLanguage\":\"de\"},{\"@type\":\"Organization\",\"@id\":\"https:\/\/ds-barranquilla.org\/#organization\",\"name\":\"Colegio Alem\u00e1n Barranquilla\",\"url\":\"https:\/\/ds-barranquilla.org\/\",\"logo\":{\"@type\":\"ImageObject\",\"inLanguage\":\"de\",\"@id\":\"https:\/\/ds-barranquilla.org\/#\/schema\/logo\/image\/\",\"url\":\"https:\/\/ds-barranquilla.org\/wp-content\/uploads\/2021\/05\/coleman_logo_2.png\",\"contentUrl\":\"https:\/\/ds-barranquilla.org\/wp-content\/uploads\/2021\/05\/coleman_logo_2.png\",\"width\":418,\"height\":307,\"caption\":\"Colegio Alem\u00e1n Barranquilla\"},\"image\":{\"@id\":\"https:\/\/ds-barranquilla.org\/#\/schema\/logo\/image\/\"},\"sameAs\":[\"https:\/\/www.facebook.com\/ColegioAlemanBaq\/\",\"https:\/\/x.com\/ColegioAlemanBq\",\"https:\/\/www.instagram.com\/colegioalemanbaq\/\",\"https:\/\/www.linkedin.com\/school\/deutsche-schule-barranquilla\/\",\"https:\/\/www.youtube.com\/channel\/UCOOGZQCVs6aYRqIWvSN5agQ\"]},{\"@type\":\"Person\",\"@id\":\"https:\/\/ds-barranquilla.org\/#\/schema\/person\/7bf8790ba89d3480e0551241ccdc8d36\",\"name\":\"Comunicaciones Comunicaciones\",\"image\":{\"@type\":\"ImageObject\",\"inLanguage\":\"de\",\"@id\":\"https:\/\/ds-barranquilla.org\/#\/schema\/person\/image\/\",\"url\":\"https:\/\/secure.gravatar.com\/avatar\/a66ba9484a4338d81d6bea750e595038?s=96&d=mm&r=g\",\"contentUrl\":\"https:\/\/secure.gravatar.com\/avatar\/a66ba9484a4338d81d6bea750e595038?s=96&d=mm&r=g\",\"caption\":\"Comunicaciones Comunicaciones\"}}]}<\/script>\n<!-- \/ Yoast SEO plugin. -->","yoast_head_json":{"title":"\u201cEl proyecto de Alternancia del Colegio Alem\u00e1n de Barranquilla es un ejemplo para la Regi\u00f3n Caribe y el pa\u00eds\u201d: Presidente de la Sociedad de Pediatr\u00eda \u2013 Regional Atl\u00e1ntico - 2026","robots":{"index":"noindex","follow":"follow","max-snippet":"max-snippet:-1","max-image-preview":"max-image-preview:large","max-video-preview":"max-video-preview:-1"},"og_locale":"de_DE","og_type":"article","og_title":"\u201cEl proyecto de Alternancia del Colegio Alem\u00e1n de Barranquilla es un ejemplo para la Regi\u00f3n Caribe y el pa\u00eds\u201d: Presidente de la Sociedad de Pediatr\u00eda \u2013 Regional Atl\u00e1ntico - 2026","og_description":"\u201cEl proyecto de Alternancia del Colegio Alem\u00e1n de Barranquilla es un ejemplo para la Regi\u00f3n Caribe y el pa\u00eds\u201d: Presidente de la Sociedad de Pediatr\u00eda \u2013 [\u2026]","og_url":"https:\/\/ds-barranquilla.org\/de\/el-proyecto-de-alternancia-del-colegio-aleman-de-barranquilla-es-un-ejemplo-para-la-region-caribe-y-el-pais-presidente-de-la-sociedad-de-pediatria-regional-atlantico\/","og_site_name":"Colegio Alem\u00e1n - Los Mejores Colegios de Colombia - Colegio Triling\u00fce","article_publisher":"https:\/\/www.facebook.com\/ColegioAlemanBaq\/","article_published_time":"2020-12-19T19:10:10+00:00","article_modified_time":"2023-01-04T14:00:45+00:00","og_image":[{"width":1004,"height":444,"url":"https:\/\/ds-barranquilla.org\/wp-content\/uploads\/2021\/02\/Visita_del_Presidente_de_la_Asociacion_de_Pediatria_Web.jpg","type":"image\/jpeg"}],"author":"Comunicaciones Comunicaciones","twitter_card":"summary_large_image","twitter_creator":"@ColegioAlemanBq","twitter_site":"@ColegioAlemanBq","twitter_misc":{"Verfasst von":"Comunicaciones Comunicaciones","Gesch\u00e4tzte Lesezeit":"2\u00a0Minuten"},"schema":{"@context":"https:\/\/schema.org","@graph":[{"@type":"Article","@id":"https:\/\/ds-barranquilla.org\/el-proyecto-de-alternancia-del-colegio-aleman-de-barranquilla-es-un-ejemplo-para-la-region-caribe-y-el-pais-presidente-de-la-sociedad-de-pediatria-regional-atlantico\/#article","isPartOf":{"@id":"https:\/\/ds-barranquilla.org\/el-proyecto-de-alternancia-del-colegio-aleman-de-barranquilla-es-un-ejemplo-para-la-region-caribe-y-el-pais-presidente-de-la-sociedad-de-pediatria-regional-atlantico\/"},"author":{"name":"Comunicaciones Comunicaciones","@id":"https:\/\/ds-barranquilla.org\/#\/schema\/person\/7bf8790ba89d3480e0551241ccdc8d36"},"headline":"\u201cEl proyecto de Alternancia del Colegio Alem\u00e1n de Barranquilla es un ejemplo para la Regi\u00f3n Caribe y el pa\u00eds\u201d: Presidente de la Sociedad de Pediatr\u00eda \u2013 Regional Atl\u00e1ntico","datePublished":"2020-12-19T19:10:10+00:00","dateModified":"2023-01-04T14:00:45+00:00","mainEntityOfPage":{"@id":"https:\/\/ds-barranquilla.org\/el-proyecto-de-alternancia-del-colegio-aleman-de-barranquilla-es-un-ejemplo-para-la-region-caribe-y-el-pais-presidente-de-la-sociedad-de-pediatria-regional-atlantico\/"},"wordCount":329,"commentCount":0,"publisher":{"@id":"https:\/\/ds-barranquilla.org\/#organization"},"image":{"@id":"https:\/\/ds-barranquilla.org\/el-proyecto-de-alternancia-del-colegio-aleman-de-barranquilla-es-un-ejemplo-para-la-region-caribe-y-el-pais-presidente-de-la-sociedad-de-pediatria-regional-atlantico\/#primaryimage"},"thumbnailUrl":"https:\/\/ds-barranquilla.org\/wp-content\/uploads\/2021\/02\/Visita_del_Presidente_de_la_Asociacion_de_Pediatria_Web.jpg","articleSection":["2021","Acreditaciones y Calidad","Junta Directiva","Otras noticias","Rector\u00eda"],"inLanguage":"de","potentialAction":[{"@type":"CommentAction","name":"Comment","target":["https:\/\/ds-barranquilla.org\/el-proyecto-de-alternancia-del-colegio-aleman-de-barranquilla-es-un-ejemplo-para-la-region-caribe-y-el-pais-presidente-de-la-sociedad-de-pediatria-regional-atlantico\/#respond"]}]},{"@type":"WebPage","@id":"https:\/\/ds-barranquilla.org\/el-proyecto-de-alternancia-del-colegio-aleman-de-barranquilla-es-un-ejemplo-para-la-region-caribe-y-el-pais-presidente-de-la-sociedad-de-pediatria-regional-atlantico\/","url":"https:\/\/ds-barranquilla.org\/el-proyecto-de-alternancia-del-colegio-aleman-de-barranquilla-es-un-ejemplo-para-la-region-caribe-y-el-pais-presidente-de-la-sociedad-de-pediatria-regional-atlantico\/","name":"\u201cEl proyecto de Alternancia del Colegio Alem\u00e1n de Barranquilla es un ejemplo para la Regi\u00f3n Caribe y el pa\u00eds\u201d: Presidente de la Sociedad de Pediatr\u00eda \u2013 Regional Atl\u00e1ntico - 2026","isPartOf":{"@id":"https:\/\/ds-barranquilla.org\/#website"},"primaryImageOfPage":{"@id":"https:\/\/ds-barranquilla.org\/el-proyecto-de-alternancia-del-colegio-aleman-de-barranquilla-es-un-ejemplo-para-la-region-caribe-y-el-pais-presidente-de-la-sociedad-de-pediatria-regional-atlantico\/#primaryimage"},"image":{"@id":"https:\/\/ds-barranquilla.org\/el-proyecto-de-alternancia-del-colegio-aleman-de-barranquilla-es-un-ejemplo-para-la-region-caribe-y-el-pais-presidente-de-la-sociedad-de-pediatria-regional-atlantico\/#primaryimage"},"thumbnailUrl":"https:\/\/ds-barranquilla.org\/wp-content\/uploads\/2021\/02\/Visita_del_Presidente_de_la_Asociacion_de_Pediatria_Web.jpg","datePublished":"2020-12-19T19:10:10+00:00","dateModified":"2023-01-04T14:00:45+00:00","breadcrumb":{"@id":"https:\/\/ds-barranquilla.org\/el-proyecto-de-alternancia-del-colegio-aleman-de-barranquilla-es-un-ejemplo-para-la-region-caribe-y-el-pais-presidente-de-la-sociedad-de-pediatria-regional-atlantico\/#breadcrumb"},"inLanguage":"de","potentialAction":[{"@type":"ReadAction","target":["https:\/\/ds-barranquilla.org\/el-proyecto-de-alternancia-del-colegio-aleman-de-barranquilla-es-un-ejemplo-para-la-region-caribe-y-el-pais-presidente-de-la-sociedad-de-pediatria-regional-atlantico\/"]}]},{"@type":"ImageObject","inLanguage":"de","@id":"https:\/\/ds-barranquilla.org\/el-proyecto-de-alternancia-del-colegio-aleman-de-barranquilla-es-un-ejemplo-para-la-region-caribe-y-el-pais-presidente-de-la-sociedad-de-pediatria-regional-atlantico\/#primaryimage","url":"https:\/\/ds-barranquilla.org\/wp-content\/uploads\/2021\/02\/Visita_del_Presidente_de_la_Asociacion_de_Pediatria_Web.jpg","contentUrl":"https:\/\/ds-barranquilla.org\/wp-content\/uploads\/2021\/02\/Visita_del_Presidente_de_la_Asociacion_de_Pediatria_Web.jpg","width":1004,"height":444,"caption":"Visita_del_Presidente_de_la_Asociacion_de_Pediatria_Web"},{"@type":"BreadcrumbList","@id":"https:\/\/ds-barranquilla.org\/el-proyecto-de-alternancia-del-colegio-aleman-de-barranquilla-es-un-ejemplo-para-la-region-caribe-y-el-pais-presidente-de-la-sociedad-de-pediatria-regional-atlantico\/#breadcrumb","itemListElement":[{"@type":"ListItem","position":1,"name":"Portada","item":"https:\/\/ds-barranquilla.org\/"},{"@type":"ListItem","position":2,"name":"\u201cEl proyecto de Alternancia del Colegio Alem\u00e1n de Barranquilla es un ejemplo para la Regi\u00f3n Caribe y el pa\u00eds\u201d: Presidente de la Sociedad de Pediatr\u00eda \u2013 Regional Atl\u00e1ntico"}]},{"@type":"WebSite","@id":"https:\/\/ds-barranquilla.org\/#website","url":"https:\/\/ds-barranquilla.org\/","name":"Colegio Alem\u00e1n - Los Mejores Colegios de Colombia - Colegio Triling\u00fce","description":"Colegio Alem\u00e1n  Barranquilla Colombia - Colegio Biling\u00fce - Triling\u00fce - El Mejor Colegio de Colombia","publisher":{"@id":"https:\/\/ds-barranquilla.org\/#organization"},"potentialAction":[{"@type":"SearchAction","target":{"@type":"EntryPoint","urlTemplate":"https:\/\/ds-barranquilla.org\/?s={search_term_string}"},"query-input":"required name=search_term_string"}],"inLanguage":"de"},{"@type":"Organization","@id":"https:\/\/ds-barranquilla.org\/#organization","name":"Colegio Alem\u00e1n Barranquilla","url":"https:\/\/ds-barranquilla.org\/","logo":{"@type":"ImageObject","inLanguage":"de","@id":"https:\/\/ds-barranquilla.org\/#\/schema\/logo\/image\/","url":"https:\/\/ds-barranquilla.org\/wp-content\/uploads\/2021\/05\/coleman_logo_2.png","contentUrl":"https:\/\/ds-barranquilla.org\/wp-content\/uploads\/2021\/05\/coleman_logo_2.png","width":418,"height":307,"caption":"Colegio Alem\u00e1n Barranquilla"},"image":{"@id":"https:\/\/ds-barranquilla.org\/#\/schema\/logo\/image\/"},"sameAs":["https:\/\/www.facebook.com\/ColegioAlemanBaq\/","https:\/\/x.com\/ColegioAlemanBq","https:\/\/www.instagram.com\/colegioalemanbaq\/","https:\/\/www.linkedin.com\/school\/deutsche-schule-barranquilla\/","https:\/\/www.youtube.com\/channel\/UCOOGZQCVs6aYRqIWvSN5agQ"]},{"@type":"Person","@id":"https:\/\/ds-barranquilla.org\/#\/schema\/person\/7bf8790ba89d3480e0551241ccdc8d36","name":"Comunicaciones Comunicaciones","image":{"@type":"ImageObject","inLanguage":"de","@id":"https:\/\/ds-barranquilla.org\/#\/schema\/person\/image\/","url":"https:\/\/secure.gravatar.com\/avatar\/a66ba9484a4338d81d6bea750e595038?s=96&d=mm&r=g","contentUrl":"https:\/\/secure.gravatar.com\/avatar\/a66ba9484a4338d81d6bea750e595038?s=96&d=mm&r=g","caption":"Comunicaciones Comunicaciones"}}]}},"_links":{"self":[{"href":"https:\/\/ds-barranquilla.org\/de\/wp-json\/wp\/v2\/posts\/6453"}],"collection":[{"href":"https:\/\/ds-barranquilla.org\/de\/wp-json\/wp\/v2\/posts"}],"about":[{"href":"https:\/\/ds-barranquilla.org\/de\/wp-json\/wp\/v2\/types\/post"}],"author":[{"embeddable":true,"href":"https:\/\/ds-barranquilla.org\/de\/wp-json\/wp\/v2\/users\/16"}],"replies":[{"embeddable":true,"href":"https:\/\/ds-barranquilla.org\/de\/wp-json\/wp\/v2\/comments?post=6453"}],"version-history":[{"count":5,"href":"https:\/\/ds-barranquilla.org\/de\/wp-json\/wp\/v2\/posts\/6453\/revisions"}],"predecessor-version":[{"id":8046,"href":"https:\/\/ds-barranquilla.org\/de\/wp-json\/wp\/v2\/posts\/6453\/revisions\/8046"}],"wp:featuredmedia":[{"embeddable":true,"href":"https:\/\/ds-barranquilla.org\/de\/wp-json\/wp\/v2\/media\/6454"}],"wp:attachment":[{"href":"https:\/\/ds-barranquilla.org\/de\/wp-json\/wp\/v2\/media?parent=6453"}],"wp:term":[{"taxonomy":"category","embeddable":true,"href":"https:\/\/ds-barranquilla.org\/de\/wp-json\/wp\/v2\/categories?post=6453"},{"taxonomy":"post_tag","embeddable":true,"href":"https:\/\/ds-barranquilla.org\/de\/wp-json\/wp\/v2\/tags?post=6453"}],"curies":[{"name":"wp","href":"https:\/\/api.w.org\/{rel}","templated":true}]}}