{"id":6481,"date":"2020-11-25T10:11:13","date_gmt":"2020-11-25T15:11:13","guid":{"rendered":"https:\/\/ds-barranquilla.org\/?p=6481"},"modified":"2023-01-04T09:24:50","modified_gmt":"2023-01-04T14:24:50","slug":"culmino-la-participacion-de-nuestros-estudiantes-en-la-olimpiada-colombiana-de-matematicas-de-primaria","status":"publish","type":"post","link":"https:\/\/ds-barranquilla.org\/de\/culmino-la-participacion-de-nuestros-estudiantes-en-la-olimpiada-colombiana-de-matematicas-de-primaria\/","title":{"rendered":"Culmin\u00f3 la participaci\u00f3n de nuestros estudiantes en la Olimpiada Colombiana de Matem\u00e1ticas de Primaria"},"content":{"rendered":"<h1>Culmin\u00f3 la participaci\u00f3n de nuestros estudiantes en la Olimpiada Colombiana de Matem\u00e1ticas de Primaria<\/h1>\n<div class=\"extra\">creado por Jos\u00e9 R\u00edos Mercado<\/div>\n<div class=\"row\">\n<div class=\"col-md-12\">\n<div class=\"news-text-wrap\">\n<p>Con la participaci\u00f3n de 35 estudiantes de Primaria de nuestro colegio culmin\u00f3 este mes la Olimpiada Colombiana de Matem\u00e1ticas de esta secci\u00f3n. El evento inici\u00f3 antes de presentarse la pandemia y por la misma coyuntura, fue retomado en septiembre para que los alumnos pudieran cumplir con el proceso y las fases programadas que se extendieron hasta noviembre.<\/p>\n<p>\u201cQuiero resaltar la motivaci\u00f3n de todos los estudiantes pese al per\u00edodo de aislamiento. De este grupo, 10 llegaron hasta la semifinal, entre los cuales quiero hacerle un reconocimiento a la alumna Natalia Guerra, quien recibi\u00f3 un diploma por estar entre los 10 mejores puntajes a nivel nacional\u201d, expres\u00f3 Coordinadora de Matem\u00e1ticas de Primaria, Johanna M\u00e1rquez.<\/p>\n<p>La edici\u00f3n XXXVI de la Olimpiada Colombiana de Matem\u00e1ticas de Primaria se realiz\u00f3 por primera vez de forma virtual. El evento, desarrollado anualmente por la Universidad Antonio Nari\u00f1o de Bogot\u00e1, pretende incentivar en los estudiantes -desde temprana edad- sus capacidades matem\u00e1ticas a trav\u00e9s de problemas de f\u00e1cil entendimiento para que utilicen en su soluci\u00f3n el ingenio y la creatividad.<\/p>\n<p>La Olimpiada consta de cuatro rondas clasificatorias (fases) realizadas durante el a\u00f1o en cada colegio bajo la supervisi\u00f3n de sus profesores o coordinadores, y una prueba final (mejores puntajes a nivel nacional) supervisada por la oficina de la organizaci\u00f3n que determinar\u00e1 los ganadores del evento.<\/p>\n<\/div>\n<\/div>\n<\/div>","protected":false},"excerpt":{"rendered":"<p>Culmin\u00f3 la participaci\u00f3n de nuestros estudiantes en la Olimpiada Colombiana de Matem\u00e1ticas de Primaria creado por Jos\u00e9 R\u00edos Mercado Con la participaci\u00f3n de 35 estudiantes de<span class=\"excerpt-hellip\"> [\u2026]<\/span><\/p>","protected":false},"author":16,"featured_media":6482,"comment_status":"open","ping_status":"open","sticky":false,"template":"","format":"standard","meta":{"_exactmetrics_skip_tracking":false,"_exactmetrics_sitenote_active":false,"_exactmetrics_sitenote_note":"","_exactmetrics_sitenote_category":0,"_joinchat":[],"footnotes":""},"categories":[680,691,676],"tags":[],"class_list":["post-6481","post","type-post","status-publish","format-standard","has-post-thumbnail","hentry","category-680","category-area-de-matematicas-y-fisica","category-primaria"],"yoast_head":"<!-- This site is optimized with the Yoast SEO plugin v23.3 - https:\/\/yoast.com\/wordpress\/plugins\/seo\/ -->\n<title>Culmin\u00f3 la participaci\u00f3n de nuestros estudiantes en la Olimpiada Colombiana de Matem\u00e1ticas de Primaria - 2026<\/title>\n<meta name=\"robots\" content=\"noindex, follow, max-snippet:-1, max-image-preview:large, max-video-preview:-1\" \/>\n<meta property=\"og:locale\" content=\"de_DE\" \/>\n<meta property=\"og:type\" content=\"article\" \/>\n<meta property=\"og:title\" content=\"Culmin\u00f3 la participaci\u00f3n de nuestros estudiantes en la Olimpiada Colombiana de Matem\u00e1ticas de Primaria - 2026\" \/>\n<meta property=\"og:description\" content=\"Culmin\u00f3 la participaci\u00f3n de nuestros estudiantes en la Olimpiada Colombiana de Matem\u00e1ticas de Primaria creado por Jos\u00e9 R\u00edos Mercado Con la participaci\u00f3n de 35 estudiantes de [\u2026]\" \/>\n<meta property=\"og:url\" content=\"https:\/\/ds-barranquilla.org\/de\/culmino-la-participacion-de-nuestros-estudiantes-en-la-olimpiada-colombiana-de-matematicas-de-primaria\/\" \/>\n<meta property=\"og:site_name\" content=\"Colegio Alem\u00e1n - Los Mejores Colegios de Colombia - Colegio Triling\u00fce\" \/>\n<meta property=\"article:publisher\" content=\"https:\/\/www.facebook.com\/ColegioAlemanBaq\/\" \/>\n<meta property=\"article:published_time\" content=\"2020-11-25T15:11:13+00:00\" \/>\n<meta property=\"article:modified_time\" content=\"2023-01-04T14:24:50+00:00\" \/>\n<meta property=\"og:image\" content=\"https:\/\/ds-barranquilla.org\/wp-content\/uploads\/2021\/02\/Natalia_Guerra_Web.jpg\" \/>\n\t<meta property=\"og:image:width\" content=\"1004\" \/>\n\t<meta property=\"og:image:height\" content=\"444\" \/>\n\t<meta property=\"og:image:type\" content=\"image\/jpeg\" \/>\n<meta name=\"author\" content=\"Comunicaciones Comunicaciones\" \/>\n<meta name=\"twitter:card\" content=\"summary_large_image\" \/>\n<meta name=\"twitter:creator\" content=\"@ColegioAlemanBq\" \/>\n<meta name=\"twitter:site\" content=\"@ColegioAlemanBq\" \/>\n<meta name=\"twitter:label1\" content=\"Verfasst von\" \/>\n\t<meta name=\"twitter:data1\" content=\"Comunicaciones Comunicaciones\" \/>\n\t<meta name=\"twitter:label2\" content=\"Gesch\u00e4tzte Lesezeit\" \/>\n\t<meta name=\"twitter:data2\" content=\"1\u00a0Minute\" \/>\n<script type=\"application\/ld+json\" class=\"yoast-schema-graph\">{\"@context\":\"https:\/\/schema.org\",\"@graph\":[{\"@type\":\"Article\",\"@id\":\"https:\/\/ds-barranquilla.org\/de\/culmino-la-participacion-de-nuestros-estudiantes-en-la-olimpiada-colombiana-de-matematicas-de-primaria\/#article\",\"isPartOf\":{\"@id\":\"https:\/\/ds-barranquilla.org\/de\/culmino-la-participacion-de-nuestros-estudiantes-en-la-olimpiada-colombiana-de-matematicas-de-primaria\/\"},\"author\":{\"name\":\"Comunicaciones Comunicaciones\",\"@id\":\"https:\/\/ds-barranquilla.org\/#\/schema\/person\/7bf8790ba89d3480e0551241ccdc8d36\"},\"headline\":\"Culmin\u00f3 la participaci\u00f3n de nuestros estudiantes en la Olimpiada Colombiana de Matem\u00e1ticas de Primaria\",\"datePublished\":\"2020-11-25T15:11:13+00:00\",\"dateModified\":\"2023-01-04T14:24:50+00:00\",\"mainEntityOfPage\":{\"@id\":\"https:\/\/ds-barranquilla.org\/de\/culmino-la-participacion-de-nuestros-estudiantes-en-la-olimpiada-colombiana-de-matematicas-de-primaria\/\"},\"wordCount\":268,\"commentCount\":0,\"publisher\":{\"@id\":\"https:\/\/ds-barranquilla.org\/#organization\"},\"image\":{\"@id\":\"https:\/\/ds-barranquilla.org\/de\/culmino-la-participacion-de-nuestros-estudiantes-en-la-olimpiada-colombiana-de-matematicas-de-primaria\/#primaryimage\"},\"thumbnailUrl\":\"https:\/\/ds-barranquilla.org\/wp-content\/uploads\/2021\/02\/Natalia_Guerra_Web.jpg\",\"articleSection\":[\"2020\",\"\u00c1rea de Matem\u00e1ticas y F\u00edsica\",\"Primaria\"],\"inLanguage\":\"de\",\"potentialAction\":[{\"@type\":\"CommentAction\",\"name\":\"Comment\",\"target\":[\"https:\/\/ds-barranquilla.org\/de\/culmino-la-participacion-de-nuestros-estudiantes-en-la-olimpiada-colombiana-de-matematicas-de-primaria\/#respond\"]}]},{\"@type\":\"WebPage\",\"@id\":\"https:\/\/ds-barranquilla.org\/de\/culmino-la-participacion-de-nuestros-estudiantes-en-la-olimpiada-colombiana-de-matematicas-de-primaria\/\",\"url\":\"https:\/\/ds-barranquilla.org\/de\/culmino-la-participacion-de-nuestros-estudiantes-en-la-olimpiada-colombiana-de-matematicas-de-primaria\/\",\"name\":\"Culmin\u00f3 la participaci\u00f3n de nuestros estudiantes en la Olimpiada Colombiana de Matem\u00e1ticas de Primaria - 2026\",\"isPartOf\":{\"@id\":\"https:\/\/ds-barranquilla.org\/#website\"},\"primaryImageOfPage\":{\"@id\":\"https:\/\/ds-barranquilla.org\/de\/culmino-la-participacion-de-nuestros-estudiantes-en-la-olimpiada-colombiana-de-matematicas-de-primaria\/#primaryimage\"},\"image\":{\"@id\":\"https:\/\/ds-barranquilla.org\/de\/culmino-la-participacion-de-nuestros-estudiantes-en-la-olimpiada-colombiana-de-matematicas-de-primaria\/#primaryimage\"},\"thumbnailUrl\":\"https:\/\/ds-barranquilla.org\/wp-content\/uploads\/2021\/02\/Natalia_Guerra_Web.jpg\",\"datePublished\":\"2020-11-25T15:11:13+00:00\",\"dateModified\":\"2023-01-04T14:24:50+00:00\",\"breadcrumb\":{\"@id\":\"https:\/\/ds-barranquilla.org\/de\/culmino-la-participacion-de-nuestros-estudiantes-en-la-olimpiada-colombiana-de-matematicas-de-primaria\/#breadcrumb\"},\"inLanguage\":\"de\",\"potentialAction\":[{\"@type\":\"ReadAction\",\"target\":[\"https:\/\/ds-barranquilla.org\/de\/culmino-la-participacion-de-nuestros-estudiantes-en-la-olimpiada-colombiana-de-matematicas-de-primaria\/\"]}]},{\"@type\":\"ImageObject\",\"inLanguage\":\"de\",\"@id\":\"https:\/\/ds-barranquilla.org\/de\/culmino-la-participacion-de-nuestros-estudiantes-en-la-olimpiada-colombiana-de-matematicas-de-primaria\/#primaryimage\",\"url\":\"https:\/\/ds-barranquilla.org\/wp-content\/uploads\/2021\/02\/Natalia_Guerra_Web.jpg\",\"contentUrl\":\"https:\/\/ds-barranquilla.org\/wp-content\/uploads\/2021\/02\/Natalia_Guerra_Web.jpg\",\"width\":1004,\"height\":444,\"caption\":\"Natalia_Guerra_Web\"},{\"@type\":\"BreadcrumbList\",\"@id\":\"https:\/\/ds-barranquilla.org\/de\/culmino-la-participacion-de-nuestros-estudiantes-en-la-olimpiada-colombiana-de-matematicas-de-primaria\/#breadcrumb\",\"itemListElement\":[{\"@type\":\"ListItem\",\"position\":1,\"name\":\"Portada\",\"item\":\"https:\/\/ds-barranquilla.org\/\"},{\"@type\":\"ListItem\",\"position\":2,\"name\":\"Culmin\u00f3 la participaci\u00f3n de nuestros estudiantes en la Olimpiada Colombiana de Matem\u00e1ticas de Primaria\"}]},{\"@type\":\"WebSite\",\"@id\":\"https:\/\/ds-barranquilla.org\/#website\",\"url\":\"https:\/\/ds-barranquilla.org\/\",\"name\":\"Colegio Alem\u00e1n - Los Mejores Colegios de Colombia - Colegio Triling\u00fce\",\"description\":\"Colegio Alem\u00e1n  Barranquilla Colombia - Colegio Biling\u00fce - Triling\u00fce - El Mejor Colegio de Colombia\",\"publisher\":{\"@id\":\"https:\/\/ds-barranquilla.org\/#organization\"},\"potentialAction\":[{\"@type\":\"SearchAction\",\"target\":{\"@type\":\"EntryPoint\",\"urlTemplate\":\"https:\/\/ds-barranquilla.org\/?s={search_term_string}\"},\"query-input\":\"required name=search_term_string\"}],\"inLanguage\":\"de\"},{\"@type\":\"Organization\",\"@id\":\"https:\/\/ds-barranquilla.org\/#organization\",\"name\":\"Colegio Alem\u00e1n Barranquilla\",\"url\":\"https:\/\/ds-barranquilla.org\/\",\"logo\":{\"@type\":\"ImageObject\",\"inLanguage\":\"de\",\"@id\":\"https:\/\/ds-barranquilla.org\/#\/schema\/logo\/image\/\",\"url\":\"https:\/\/ds-barranquilla.org\/wp-content\/uploads\/2021\/05\/coleman_logo_2.png\",\"contentUrl\":\"https:\/\/ds-barranquilla.org\/wp-content\/uploads\/2021\/05\/coleman_logo_2.png\",\"width\":418,\"height\":307,\"caption\":\"Colegio Alem\u00e1n Barranquilla\"},\"image\":{\"@id\":\"https:\/\/ds-barranquilla.org\/#\/schema\/logo\/image\/\"},\"sameAs\":[\"https:\/\/www.facebook.com\/ColegioAlemanBaq\/\",\"https:\/\/x.com\/ColegioAlemanBq\",\"https:\/\/www.instagram.com\/colegioalemanbaq\/\",\"https:\/\/www.linkedin.com\/school\/deutsche-schule-barranquilla\/\",\"https:\/\/www.youtube.com\/channel\/UCOOGZQCVs6aYRqIWvSN5agQ\"]},{\"@type\":\"Person\",\"@id\":\"https:\/\/ds-barranquilla.org\/#\/schema\/person\/7bf8790ba89d3480e0551241ccdc8d36\",\"name\":\"Comunicaciones Comunicaciones\",\"image\":{\"@type\":\"ImageObject\",\"inLanguage\":\"de\",\"@id\":\"https:\/\/ds-barranquilla.org\/#\/schema\/person\/image\/\",\"url\":\"https:\/\/secure.gravatar.com\/avatar\/a66ba9484a4338d81d6bea750e595038?s=96&d=mm&r=g\",\"contentUrl\":\"https:\/\/secure.gravatar.com\/avatar\/a66ba9484a4338d81d6bea750e595038?s=96&d=mm&r=g\",\"caption\":\"Comunicaciones Comunicaciones\"}}]}<\/script>\n<!-- \/ Yoast SEO plugin. -->","yoast_head_json":{"title":"Culmin\u00f3 la participaci\u00f3n de nuestros estudiantes en la Olimpiada Colombiana de Matem\u00e1ticas de Primaria - 2026","robots":{"index":"noindex","follow":"follow","max-snippet":"max-snippet:-1","max-image-preview":"max-image-preview:large","max-video-preview":"max-video-preview:-1"},"og_locale":"de_DE","og_type":"article","og_title":"Culmin\u00f3 la participaci\u00f3n de nuestros estudiantes en la Olimpiada Colombiana de Matem\u00e1ticas de Primaria - 2026","og_description":"Culmin\u00f3 la participaci\u00f3n de nuestros estudiantes en la Olimpiada Colombiana de Matem\u00e1ticas de Primaria creado por Jos\u00e9 R\u00edos Mercado Con la participaci\u00f3n de 35 estudiantes de [\u2026]","og_url":"https:\/\/ds-barranquilla.org\/de\/culmino-la-participacion-de-nuestros-estudiantes-en-la-olimpiada-colombiana-de-matematicas-de-primaria\/","og_site_name":"Colegio Alem\u00e1n - Los Mejores Colegios de Colombia - Colegio Triling\u00fce","article_publisher":"https:\/\/www.facebook.com\/ColegioAlemanBaq\/","article_published_time":"2020-11-25T15:11:13+00:00","article_modified_time":"2023-01-04T14:24:50+00:00","og_image":[{"width":1004,"height":444,"url":"https:\/\/ds-barranquilla.org\/wp-content\/uploads\/2021\/02\/Natalia_Guerra_Web.jpg","type":"image\/jpeg"}],"author":"Comunicaciones Comunicaciones","twitter_card":"summary_large_image","twitter_creator":"@ColegioAlemanBq","twitter_site":"@ColegioAlemanBq","twitter_misc":{"Verfasst von":"Comunicaciones Comunicaciones","Gesch\u00e4tzte Lesezeit":"1\u00a0Minute"},"schema":{"@context":"https:\/\/schema.org","@graph":[{"@type":"Article","@id":"https:\/\/ds-barranquilla.org\/de\/culmino-la-participacion-de-nuestros-estudiantes-en-la-olimpiada-colombiana-de-matematicas-de-primaria\/#article","isPartOf":{"@id":"https:\/\/ds-barranquilla.org\/de\/culmino-la-participacion-de-nuestros-estudiantes-en-la-olimpiada-colombiana-de-matematicas-de-primaria\/"},"author":{"name":"Comunicaciones Comunicaciones","@id":"https:\/\/ds-barranquilla.org\/#\/schema\/person\/7bf8790ba89d3480e0551241ccdc8d36"},"headline":"Culmin\u00f3 la participaci\u00f3n de nuestros estudiantes en la Olimpiada Colombiana de Matem\u00e1ticas de Primaria","datePublished":"2020-11-25T15:11:13+00:00","dateModified":"2023-01-04T14:24:50+00:00","mainEntityOfPage":{"@id":"https:\/\/ds-barranquilla.org\/de\/culmino-la-participacion-de-nuestros-estudiantes-en-la-olimpiada-colombiana-de-matematicas-de-primaria\/"},"wordCount":268,"commentCount":0,"publisher":{"@id":"https:\/\/ds-barranquilla.org\/#organization"},"image":{"@id":"https:\/\/ds-barranquilla.org\/de\/culmino-la-participacion-de-nuestros-estudiantes-en-la-olimpiada-colombiana-de-matematicas-de-primaria\/#primaryimage"},"thumbnailUrl":"https:\/\/ds-barranquilla.org\/wp-content\/uploads\/2021\/02\/Natalia_Guerra_Web.jpg","articleSection":["2020","\u00c1rea de Matem\u00e1ticas y F\u00edsica","Primaria"],"inLanguage":"de","potentialAction":[{"@type":"CommentAction","name":"Comment","target":["https:\/\/ds-barranquilla.org\/de\/culmino-la-participacion-de-nuestros-estudiantes-en-la-olimpiada-colombiana-de-matematicas-de-primaria\/#respond"]}]},{"@type":"WebPage","@id":"https:\/\/ds-barranquilla.org\/de\/culmino-la-participacion-de-nuestros-estudiantes-en-la-olimpiada-colombiana-de-matematicas-de-primaria\/","url":"https:\/\/ds-barranquilla.org\/de\/culmino-la-participacion-de-nuestros-estudiantes-en-la-olimpiada-colombiana-de-matematicas-de-primaria\/","name":"Culmin\u00f3 la participaci\u00f3n de nuestros estudiantes en la Olimpiada Colombiana de Matem\u00e1ticas de Primaria - 2026","isPartOf":{"@id":"https:\/\/ds-barranquilla.org\/#website"},"primaryImageOfPage":{"@id":"https:\/\/ds-barranquilla.org\/de\/culmino-la-participacion-de-nuestros-estudiantes-en-la-olimpiada-colombiana-de-matematicas-de-primaria\/#primaryimage"},"image":{"@id":"https:\/\/ds-barranquilla.org\/de\/culmino-la-participacion-de-nuestros-estudiantes-en-la-olimpiada-colombiana-de-matematicas-de-primaria\/#primaryimage"},"thumbnailUrl":"https:\/\/ds-barranquilla.org\/wp-content\/uploads\/2021\/02\/Natalia_Guerra_Web.jpg","datePublished":"2020-11-25T15:11:13+00:00","dateModified":"2023-01-04T14:24:50+00:00","breadcrumb":{"@id":"https:\/\/ds-barranquilla.org\/de\/culmino-la-participacion-de-nuestros-estudiantes-en-la-olimpiada-colombiana-de-matematicas-de-primaria\/#breadcrumb"},"inLanguage":"de","potentialAction":[{"@type":"ReadAction","target":["https:\/\/ds-barranquilla.org\/de\/culmino-la-participacion-de-nuestros-estudiantes-en-la-olimpiada-colombiana-de-matematicas-de-primaria\/"]}]},{"@type":"ImageObject","inLanguage":"de","@id":"https:\/\/ds-barranquilla.org\/de\/culmino-la-participacion-de-nuestros-estudiantes-en-la-olimpiada-colombiana-de-matematicas-de-primaria\/#primaryimage","url":"https:\/\/ds-barranquilla.org\/wp-content\/uploads\/2021\/02\/Natalia_Guerra_Web.jpg","contentUrl":"https:\/\/ds-barranquilla.org\/wp-content\/uploads\/2021\/02\/Natalia_Guerra_Web.jpg","width":1004,"height":444,"caption":"Natalia_Guerra_Web"},{"@type":"BreadcrumbList","@id":"https:\/\/ds-barranquilla.org\/de\/culmino-la-participacion-de-nuestros-estudiantes-en-la-olimpiada-colombiana-de-matematicas-de-primaria\/#breadcrumb","itemListElement":[{"@type":"ListItem","position":1,"name":"Portada","item":"https:\/\/ds-barranquilla.org\/"},{"@type":"ListItem","position":2,"name":"Culmin\u00f3 la participaci\u00f3n de nuestros estudiantes en la Olimpiada Colombiana de Matem\u00e1ticas de Primaria"}]},{"@type":"WebSite","@id":"https:\/\/ds-barranquilla.org\/#website","url":"https:\/\/ds-barranquilla.org\/","name":"Colegio Alem\u00e1n - Los Mejores Colegios de Colombia - Colegio Triling\u00fce","description":"Colegio Alem\u00e1n  Barranquilla Colombia - Colegio Biling\u00fce - Triling\u00fce - El Mejor Colegio de Colombia","publisher":{"@id":"https:\/\/ds-barranquilla.org\/#organization"},"potentialAction":[{"@type":"SearchAction","target":{"@type":"EntryPoint","urlTemplate":"https:\/\/ds-barranquilla.org\/?s={search_term_string}"},"query-input":"required name=search_term_string"}],"inLanguage":"de"},{"@type":"Organization","@id":"https:\/\/ds-barranquilla.org\/#organization","name":"Colegio Alem\u00e1n Barranquilla","url":"https:\/\/ds-barranquilla.org\/","logo":{"@type":"ImageObject","inLanguage":"de","@id":"https:\/\/ds-barranquilla.org\/#\/schema\/logo\/image\/","url":"https:\/\/ds-barranquilla.org\/wp-content\/uploads\/2021\/05\/coleman_logo_2.png","contentUrl":"https:\/\/ds-barranquilla.org\/wp-content\/uploads\/2021\/05\/coleman_logo_2.png","width":418,"height":307,"caption":"Colegio Alem\u00e1n Barranquilla"},"image":{"@id":"https:\/\/ds-barranquilla.org\/#\/schema\/logo\/image\/"},"sameAs":["https:\/\/www.facebook.com\/ColegioAlemanBaq\/","https:\/\/x.com\/ColegioAlemanBq","https:\/\/www.instagram.com\/colegioalemanbaq\/","https:\/\/www.linkedin.com\/school\/deutsche-schule-barranquilla\/","https:\/\/www.youtube.com\/channel\/UCOOGZQCVs6aYRqIWvSN5agQ"]},{"@type":"Person","@id":"https:\/\/ds-barranquilla.org\/#\/schema\/person\/7bf8790ba89d3480e0551241ccdc8d36","name":"Comunicaciones Comunicaciones","image":{"@type":"ImageObject","inLanguage":"de","@id":"https:\/\/ds-barranquilla.org\/#\/schema\/person\/image\/","url":"https:\/\/secure.gravatar.com\/avatar\/a66ba9484a4338d81d6bea750e595038?s=96&d=mm&r=g","contentUrl":"https:\/\/secure.gravatar.com\/avatar\/a66ba9484a4338d81d6bea750e595038?s=96&d=mm&r=g","caption":"Comunicaciones Comunicaciones"}}]}},"_links":{"self":[{"href":"https:\/\/ds-barranquilla.org\/de\/wp-json\/wp\/v2\/posts\/6481"}],"collection":[{"href":"https:\/\/ds-barranquilla.org\/de\/wp-json\/wp\/v2\/posts"}],"about":[{"href":"https:\/\/ds-barranquilla.org\/de\/wp-json\/wp\/v2\/types\/post"}],"author":[{"embeddable":true,"href":"https:\/\/ds-barranquilla.org\/de\/wp-json\/wp\/v2\/users\/16"}],"replies":[{"embeddable":true,"href":"https:\/\/ds-barranquilla.org\/de\/wp-json\/wp\/v2\/comments?post=6481"}],"version-history":[{"count":1,"href":"https:\/\/ds-barranquilla.org\/de\/wp-json\/wp\/v2\/posts\/6481\/revisions"}],"predecessor-version":[{"id":6483,"href":"https:\/\/ds-barranquilla.org\/de\/wp-json\/wp\/v2\/posts\/6481\/revisions\/6483"}],"wp:featuredmedia":[{"embeddable":true,"href":"https:\/\/ds-barranquilla.org\/de\/wp-json\/wp\/v2\/media\/6482"}],"wp:attachment":[{"href":"https:\/\/ds-barranquilla.org\/de\/wp-json\/wp\/v2\/media?parent=6481"}],"wp:term":[{"taxonomy":"category","embeddable":true,"href":"https:\/\/ds-barranquilla.org\/de\/wp-json\/wp\/v2\/categories?post=6481"},{"taxonomy":"post_tag","embeddable":true,"href":"https:\/\/ds-barranquilla.org\/de\/wp-json\/wp\/v2\/tags?post=6481"}],"curies":[{"name":"wp","href":"https:\/\/api.w.org\/{rel}","templated":true}]}}