{"id":6531,"date":"2020-10-21T13:27:57","date_gmt":"2020-10-21T18:27:57","guid":{"rendered":"https:\/\/ds-barranquilla.org\/?p=6531"},"modified":"2023-01-04T10:43:09","modified_gmt":"2023-01-04T15:43:09","slug":"nuestros-estudiantes-de-la-klasse-10-participaron-de-la-tercera-edicion-de-la-feria-de-monografias","status":"publish","type":"post","link":"https:\/\/ds-barranquilla.org\/de\/nuestros-estudiantes-de-la-klasse-10-participaron-de-la-tercera-edicion-de-la-feria-de-monografias\/","title":{"rendered":"Nuestros estudiantes de la Klasse 10 participaron de la tercera edici\u00f3n de la Feria de Monograf\u00edas"},"content":{"rendered":"<h1>Nuestros estudiantes de la Klasse 10 participaron de la tercera edici\u00f3n de la Feria de Monograf\u00edas<\/h1>\n<div class=\"extra\">creado por Jos\u00e9 R\u00edos Mercado<\/div>\n<div class=\"row\">\n<div class=\"col-md-12\">\n<div class=\"news-text-wrap\">\n<p>De manera virtual se realiz\u00f3 la Feria de Monograf\u00edas de nuestro colegio en la que los estudiantes de la Klasse 10 tuvieron la oportunidad de conocer la experiencia de dos exalumnos de la instituci\u00f3n: Carlos Kook y Juliana Hastamorir (Promoci\u00f3n 2019\/2020), a nivel de sus trabajos de investigaci\u00f3n. Ambos egresados aprovecharon el espacio para darles consejos a los asistentes.<\/p>\n<p>\u201cDoce tutores, en representaci\u00f3n de 12 \u00e1reas que ofertamos en esta ocasi\u00f3n (M\u00fasica, Qu\u00edmica, Matem\u00e1ticas, F\u00edsica, Biolog\u00eda, Sistemas Ambientales, Ingl\u00e9s, Lengua y Literatura, entre otras) tuvieron la oportunidad de interactuar con los estudiantes para conocer sus intereses y as\u00ed poder orientarlos\u201d, expres\u00f3 la Coordinadora de la Feria, Kimberly Prieto.<\/p>\n<p>La profesora indic\u00f3 que al cierre del primer semestre acad\u00e9mico los alumnos participar\u00e1n de una encuesta digital para seleccionar las cinco \u00e1reas de su inter\u00e9s. De igual forma, precis\u00f3 que el objetivo de este evento es la creaci\u00f3n de redes de aprendizaje para apoyar la construcci\u00f3n del proceso de investigaci\u00f3n de los alumnos de la Klasse 10.<\/p>\n<p><em><a href=\"https:\/\/youtu.be\/B94mpNCS9SA\" target=\"_blank\" rel=\"noopener\">&gt;&gt;&gt;Ver video<\/a><\/em><\/p>\n<\/div>\n<\/div>\n<\/div>","protected":false},"excerpt":{"rendered":"<p>Nuestros estudiantes de la Klasse 10 participaron de la tercera edici\u00f3n de la Feria de Monograf\u00edas creado por Jos\u00e9 R\u00edos Mercado De manera virtual se realiz\u00f3<span class=\"excerpt-hellip\"> [\u2026]<\/span><\/p>","protected":false},"author":16,"featured_media":6532,"comment_status":"open","ping_status":"open","sticky":false,"template":"","format":"standard","meta":{"_exactmetrics_skip_tracking":false,"_exactmetrics_sitenote_active":false,"_exactmetrics_sitenote_note":"","_exactmetrics_sitenote_category":0,"_joinchat":[],"footnotes":""},"categories":[680,694,710],"tags":[],"class_list":["post-6531","post","type-post","status-publish","format-standard","has-post-thumbnail","hentry","category-680","category-bachillerato-internacional","category-secundaria"],"yoast_head":"<!-- This site is optimized with the Yoast SEO plugin v23.3 - https:\/\/yoast.com\/wordpress\/plugins\/seo\/ -->\n<title>Nuestros estudiantes de la Klasse 10 participaron de la tercera edici\u00f3n de la Feria de Monograf\u00edas - 2026<\/title>\n<meta name=\"robots\" content=\"noindex, follow, max-snippet:-1, max-image-preview:large, max-video-preview:-1\" \/>\n<meta property=\"og:locale\" content=\"de_DE\" \/>\n<meta property=\"og:type\" content=\"article\" \/>\n<meta property=\"og:title\" content=\"Nuestros estudiantes de la Klasse 10 participaron de la tercera edici\u00f3n de la Feria de Monograf\u00edas - 2026\" \/>\n<meta property=\"og:description\" content=\"Nuestros estudiantes de la Klasse 10 participaron de la tercera edici\u00f3n de la Feria de Monograf\u00edas creado por Jos\u00e9 R\u00edos Mercado De manera virtual se realiz\u00f3 [\u2026]\" \/>\n<meta property=\"og:url\" content=\"https:\/\/ds-barranquilla.org\/de\/nuestros-estudiantes-de-la-klasse-10-participaron-de-la-tercera-edicion-de-la-feria-de-monografias\/\" \/>\n<meta property=\"og:site_name\" content=\"Colegio Alem\u00e1n - Los Mejores Colegios de Colombia - Colegio Triling\u00fce\" \/>\n<meta property=\"article:publisher\" content=\"https:\/\/www.facebook.com\/ColegioAlemanBaq\/\" \/>\n<meta property=\"article:published_time\" content=\"2020-10-21T18:27:57+00:00\" \/>\n<meta property=\"article:modified_time\" content=\"2023-01-04T15:43:09+00:00\" \/>\n<meta property=\"og:image\" content=\"https:\/\/ds-barranquilla.org\/wp-content\/uploads\/2021\/02\/Feria_de_Monografias_Web_1.jpg\" \/>\n\t<meta property=\"og:image:width\" content=\"1004\" \/>\n\t<meta property=\"og:image:height\" content=\"444\" \/>\n\t<meta property=\"og:image:type\" content=\"image\/jpeg\" \/>\n<meta name=\"author\" content=\"Comunicaciones Comunicaciones\" \/>\n<meta name=\"twitter:card\" content=\"summary_large_image\" \/>\n<meta name=\"twitter:creator\" content=\"@ColegioAlemanBq\" \/>\n<meta name=\"twitter:site\" content=\"@ColegioAlemanBq\" \/>\n<meta name=\"twitter:label1\" content=\"Verfasst von\" \/>\n\t<meta name=\"twitter:data1\" content=\"Comunicaciones Comunicaciones\" \/>\n\t<meta name=\"twitter:label2\" content=\"Gesch\u00e4tzte Lesezeit\" \/>\n\t<meta name=\"twitter:data2\" content=\"1\u00a0Minute\" \/>\n<script type=\"application\/ld+json\" class=\"yoast-schema-graph\">{\"@context\":\"https:\/\/schema.org\",\"@graph\":[{\"@type\":\"Article\",\"@id\":\"https:\/\/ds-barranquilla.org\/nuestros-estudiantes-de-la-klasse-10-participaron-de-la-tercera-edicion-de-la-feria-de-monografias\/#article\",\"isPartOf\":{\"@id\":\"https:\/\/ds-barranquilla.org\/nuestros-estudiantes-de-la-klasse-10-participaron-de-la-tercera-edicion-de-la-feria-de-monografias\/\"},\"author\":{\"name\":\"Comunicaciones Comunicaciones\",\"@id\":\"https:\/\/ds-barranquilla.org\/#\/schema\/person\/7bf8790ba89d3480e0551241ccdc8d36\"},\"headline\":\"Nuestros estudiantes de la Klasse 10 participaron de la tercera edici\u00f3n de la Feria de Monograf\u00edas\",\"datePublished\":\"2020-10-21T18:27:57+00:00\",\"dateModified\":\"2023-01-04T15:43:09+00:00\",\"mainEntityOfPage\":{\"@id\":\"https:\/\/ds-barranquilla.org\/nuestros-estudiantes-de-la-klasse-10-participaron-de-la-tercera-edicion-de-la-feria-de-monografias\/\"},\"wordCount\":224,\"commentCount\":0,\"publisher\":{\"@id\":\"https:\/\/ds-barranquilla.org\/#organization\"},\"image\":{\"@id\":\"https:\/\/ds-barranquilla.org\/nuestros-estudiantes-de-la-klasse-10-participaron-de-la-tercera-edicion-de-la-feria-de-monografias\/#primaryimage\"},\"thumbnailUrl\":\"https:\/\/ds-barranquilla.org\/wp-content\/uploads\/2021\/02\/Feria_de_Monografias_Web_1.jpg\",\"articleSection\":[\"2020\",\"Bachillerato Internacional\",\"Secundaria\"],\"inLanguage\":\"de\",\"potentialAction\":[{\"@type\":\"CommentAction\",\"name\":\"Comment\",\"target\":[\"https:\/\/ds-barranquilla.org\/nuestros-estudiantes-de-la-klasse-10-participaron-de-la-tercera-edicion-de-la-feria-de-monografias\/#respond\"]}]},{\"@type\":\"WebPage\",\"@id\":\"https:\/\/ds-barranquilla.org\/nuestros-estudiantes-de-la-klasse-10-participaron-de-la-tercera-edicion-de-la-feria-de-monografias\/\",\"url\":\"https:\/\/ds-barranquilla.org\/nuestros-estudiantes-de-la-klasse-10-participaron-de-la-tercera-edicion-de-la-feria-de-monografias\/\",\"name\":\"Nuestros estudiantes de la Klasse 10 participaron de la tercera edici\u00f3n de la Feria de Monograf\u00edas - 2026\",\"isPartOf\":{\"@id\":\"https:\/\/ds-barranquilla.org\/#website\"},\"primaryImageOfPage\":{\"@id\":\"https:\/\/ds-barranquilla.org\/nuestros-estudiantes-de-la-klasse-10-participaron-de-la-tercera-edicion-de-la-feria-de-monografias\/#primaryimage\"},\"image\":{\"@id\":\"https:\/\/ds-barranquilla.org\/nuestros-estudiantes-de-la-klasse-10-participaron-de-la-tercera-edicion-de-la-feria-de-monografias\/#primaryimage\"},\"thumbnailUrl\":\"https:\/\/ds-barranquilla.org\/wp-content\/uploads\/2021\/02\/Feria_de_Monografias_Web_1.jpg\",\"datePublished\":\"2020-10-21T18:27:57+00:00\",\"dateModified\":\"2023-01-04T15:43:09+00:00\",\"breadcrumb\":{\"@id\":\"https:\/\/ds-barranquilla.org\/nuestros-estudiantes-de-la-klasse-10-participaron-de-la-tercera-edicion-de-la-feria-de-monografias\/#breadcrumb\"},\"inLanguage\":\"de\",\"potentialAction\":[{\"@type\":\"ReadAction\",\"target\":[\"https:\/\/ds-barranquilla.org\/nuestros-estudiantes-de-la-klasse-10-participaron-de-la-tercera-edicion-de-la-feria-de-monografias\/\"]}]},{\"@type\":\"ImageObject\",\"inLanguage\":\"de\",\"@id\":\"https:\/\/ds-barranquilla.org\/nuestros-estudiantes-de-la-klasse-10-participaron-de-la-tercera-edicion-de-la-feria-de-monografias\/#primaryimage\",\"url\":\"https:\/\/ds-barranquilla.org\/wp-content\/uploads\/2021\/02\/Feria_de_Monografias_Web_1.jpg\",\"contentUrl\":\"https:\/\/ds-barranquilla.org\/wp-content\/uploads\/2021\/02\/Feria_de_Monografias_Web_1.jpg\",\"width\":1004,\"height\":444,\"caption\":\"Feria_de_Monografias_Web_1\"},{\"@type\":\"BreadcrumbList\",\"@id\":\"https:\/\/ds-barranquilla.org\/nuestros-estudiantes-de-la-klasse-10-participaron-de-la-tercera-edicion-de-la-feria-de-monografias\/#breadcrumb\",\"itemListElement\":[{\"@type\":\"ListItem\",\"position\":1,\"name\":\"Portada\",\"item\":\"https:\/\/ds-barranquilla.org\/\"},{\"@type\":\"ListItem\",\"position\":2,\"name\":\"Nuestros estudiantes de la Klasse 10 participaron de la tercera edici\u00f3n de la Feria de Monograf\u00edas\"}]},{\"@type\":\"WebSite\",\"@id\":\"https:\/\/ds-barranquilla.org\/#website\",\"url\":\"https:\/\/ds-barranquilla.org\/\",\"name\":\"Colegio Alem\u00e1n - Los Mejores Colegios de Colombia - Colegio Triling\u00fce\",\"description\":\"Colegio Alem\u00e1n  Barranquilla Colombia - Colegio Biling\u00fce - Triling\u00fce - El Mejor Colegio de Colombia\",\"publisher\":{\"@id\":\"https:\/\/ds-barranquilla.org\/#organization\"},\"potentialAction\":[{\"@type\":\"SearchAction\",\"target\":{\"@type\":\"EntryPoint\",\"urlTemplate\":\"https:\/\/ds-barranquilla.org\/?s={search_term_string}\"},\"query-input\":\"required name=search_term_string\"}],\"inLanguage\":\"de\"},{\"@type\":\"Organization\",\"@id\":\"https:\/\/ds-barranquilla.org\/#organization\",\"name\":\"Colegio Alem\u00e1n Barranquilla\",\"url\":\"https:\/\/ds-barranquilla.org\/\",\"logo\":{\"@type\":\"ImageObject\",\"inLanguage\":\"de\",\"@id\":\"https:\/\/ds-barranquilla.org\/#\/schema\/logo\/image\/\",\"url\":\"https:\/\/ds-barranquilla.org\/wp-content\/uploads\/2021\/05\/coleman_logo_2.png\",\"contentUrl\":\"https:\/\/ds-barranquilla.org\/wp-content\/uploads\/2021\/05\/coleman_logo_2.png\",\"width\":418,\"height\":307,\"caption\":\"Colegio Alem\u00e1n Barranquilla\"},\"image\":{\"@id\":\"https:\/\/ds-barranquilla.org\/#\/schema\/logo\/image\/\"},\"sameAs\":[\"https:\/\/www.facebook.com\/ColegioAlemanBaq\/\",\"https:\/\/x.com\/ColegioAlemanBq\",\"https:\/\/www.instagram.com\/colegioalemanbaq\/\",\"https:\/\/www.linkedin.com\/school\/deutsche-schule-barranquilla\/\",\"https:\/\/www.youtube.com\/channel\/UCOOGZQCVs6aYRqIWvSN5agQ\"]},{\"@type\":\"Person\",\"@id\":\"https:\/\/ds-barranquilla.org\/#\/schema\/person\/7bf8790ba89d3480e0551241ccdc8d36\",\"name\":\"Comunicaciones Comunicaciones\",\"image\":{\"@type\":\"ImageObject\",\"inLanguage\":\"de\",\"@id\":\"https:\/\/ds-barranquilla.org\/#\/schema\/person\/image\/\",\"url\":\"https:\/\/secure.gravatar.com\/avatar\/a66ba9484a4338d81d6bea750e595038?s=96&d=mm&r=g\",\"contentUrl\":\"https:\/\/secure.gravatar.com\/avatar\/a66ba9484a4338d81d6bea750e595038?s=96&d=mm&r=g\",\"caption\":\"Comunicaciones Comunicaciones\"}}]}<\/script>\n<!-- \/ Yoast SEO plugin. -->","yoast_head_json":{"title":"Nuestros estudiantes de la Klasse 10 participaron de la tercera edici\u00f3n de la Feria de Monograf\u00edas - 2026","robots":{"index":"noindex","follow":"follow","max-snippet":"max-snippet:-1","max-image-preview":"max-image-preview:large","max-video-preview":"max-video-preview:-1"},"og_locale":"de_DE","og_type":"article","og_title":"Nuestros estudiantes de la Klasse 10 participaron de la tercera edici\u00f3n de la Feria de Monograf\u00edas - 2026","og_description":"Nuestros estudiantes de la Klasse 10 participaron de la tercera edici\u00f3n de la Feria de Monograf\u00edas creado por Jos\u00e9 R\u00edos Mercado De manera virtual se realiz\u00f3 [\u2026]","og_url":"https:\/\/ds-barranquilla.org\/de\/nuestros-estudiantes-de-la-klasse-10-participaron-de-la-tercera-edicion-de-la-feria-de-monografias\/","og_site_name":"Colegio Alem\u00e1n - Los Mejores Colegios de Colombia - Colegio Triling\u00fce","article_publisher":"https:\/\/www.facebook.com\/ColegioAlemanBaq\/","article_published_time":"2020-10-21T18:27:57+00:00","article_modified_time":"2023-01-04T15:43:09+00:00","og_image":[{"width":1004,"height":444,"url":"https:\/\/ds-barranquilla.org\/wp-content\/uploads\/2021\/02\/Feria_de_Monografias_Web_1.jpg","type":"image\/jpeg"}],"author":"Comunicaciones Comunicaciones","twitter_card":"summary_large_image","twitter_creator":"@ColegioAlemanBq","twitter_site":"@ColegioAlemanBq","twitter_misc":{"Verfasst von":"Comunicaciones Comunicaciones","Gesch\u00e4tzte Lesezeit":"1\u00a0Minute"},"schema":{"@context":"https:\/\/schema.org","@graph":[{"@type":"Article","@id":"https:\/\/ds-barranquilla.org\/nuestros-estudiantes-de-la-klasse-10-participaron-de-la-tercera-edicion-de-la-feria-de-monografias\/#article","isPartOf":{"@id":"https:\/\/ds-barranquilla.org\/nuestros-estudiantes-de-la-klasse-10-participaron-de-la-tercera-edicion-de-la-feria-de-monografias\/"},"author":{"name":"Comunicaciones Comunicaciones","@id":"https:\/\/ds-barranquilla.org\/#\/schema\/person\/7bf8790ba89d3480e0551241ccdc8d36"},"headline":"Nuestros estudiantes de la Klasse 10 participaron de la tercera edici\u00f3n de la Feria de Monograf\u00edas","datePublished":"2020-10-21T18:27:57+00:00","dateModified":"2023-01-04T15:43:09+00:00","mainEntityOfPage":{"@id":"https:\/\/ds-barranquilla.org\/nuestros-estudiantes-de-la-klasse-10-participaron-de-la-tercera-edicion-de-la-feria-de-monografias\/"},"wordCount":224,"commentCount":0,"publisher":{"@id":"https:\/\/ds-barranquilla.org\/#organization"},"image":{"@id":"https:\/\/ds-barranquilla.org\/nuestros-estudiantes-de-la-klasse-10-participaron-de-la-tercera-edicion-de-la-feria-de-monografias\/#primaryimage"},"thumbnailUrl":"https:\/\/ds-barranquilla.org\/wp-content\/uploads\/2021\/02\/Feria_de_Monografias_Web_1.jpg","articleSection":["2020","Bachillerato Internacional","Secundaria"],"inLanguage":"de","potentialAction":[{"@type":"CommentAction","name":"Comment","target":["https:\/\/ds-barranquilla.org\/nuestros-estudiantes-de-la-klasse-10-participaron-de-la-tercera-edicion-de-la-feria-de-monografias\/#respond"]}]},{"@type":"WebPage","@id":"https:\/\/ds-barranquilla.org\/nuestros-estudiantes-de-la-klasse-10-participaron-de-la-tercera-edicion-de-la-feria-de-monografias\/","url":"https:\/\/ds-barranquilla.org\/nuestros-estudiantes-de-la-klasse-10-participaron-de-la-tercera-edicion-de-la-feria-de-monografias\/","name":"Nuestros estudiantes de la Klasse 10 participaron de la tercera edici\u00f3n de la Feria de Monograf\u00edas - 2026","isPartOf":{"@id":"https:\/\/ds-barranquilla.org\/#website"},"primaryImageOfPage":{"@id":"https:\/\/ds-barranquilla.org\/nuestros-estudiantes-de-la-klasse-10-participaron-de-la-tercera-edicion-de-la-feria-de-monografias\/#primaryimage"},"image":{"@id":"https:\/\/ds-barranquilla.org\/nuestros-estudiantes-de-la-klasse-10-participaron-de-la-tercera-edicion-de-la-feria-de-monografias\/#primaryimage"},"thumbnailUrl":"https:\/\/ds-barranquilla.org\/wp-content\/uploads\/2021\/02\/Feria_de_Monografias_Web_1.jpg","datePublished":"2020-10-21T18:27:57+00:00","dateModified":"2023-01-04T15:43:09+00:00","breadcrumb":{"@id":"https:\/\/ds-barranquilla.org\/nuestros-estudiantes-de-la-klasse-10-participaron-de-la-tercera-edicion-de-la-feria-de-monografias\/#breadcrumb"},"inLanguage":"de","potentialAction":[{"@type":"ReadAction","target":["https:\/\/ds-barranquilla.org\/nuestros-estudiantes-de-la-klasse-10-participaron-de-la-tercera-edicion-de-la-feria-de-monografias\/"]}]},{"@type":"ImageObject","inLanguage":"de","@id":"https:\/\/ds-barranquilla.org\/nuestros-estudiantes-de-la-klasse-10-participaron-de-la-tercera-edicion-de-la-feria-de-monografias\/#primaryimage","url":"https:\/\/ds-barranquilla.org\/wp-content\/uploads\/2021\/02\/Feria_de_Monografias_Web_1.jpg","contentUrl":"https:\/\/ds-barranquilla.org\/wp-content\/uploads\/2021\/02\/Feria_de_Monografias_Web_1.jpg","width":1004,"height":444,"caption":"Feria_de_Monografias_Web_1"},{"@type":"BreadcrumbList","@id":"https:\/\/ds-barranquilla.org\/nuestros-estudiantes-de-la-klasse-10-participaron-de-la-tercera-edicion-de-la-feria-de-monografias\/#breadcrumb","itemListElement":[{"@type":"ListItem","position":1,"name":"Portada","item":"https:\/\/ds-barranquilla.org\/"},{"@type":"ListItem","position":2,"name":"Nuestros estudiantes de la Klasse 10 participaron de la tercera edici\u00f3n de la Feria de Monograf\u00edas"}]},{"@type":"WebSite","@id":"https:\/\/ds-barranquilla.org\/#website","url":"https:\/\/ds-barranquilla.org\/","name":"Colegio Alem\u00e1n - Los Mejores Colegios de Colombia - Colegio Triling\u00fce","description":"Colegio Alem\u00e1n  Barranquilla Colombia - Colegio Biling\u00fce - Triling\u00fce - El Mejor Colegio de Colombia","publisher":{"@id":"https:\/\/ds-barranquilla.org\/#organization"},"potentialAction":[{"@type":"SearchAction","target":{"@type":"EntryPoint","urlTemplate":"https:\/\/ds-barranquilla.org\/?s={search_term_string}"},"query-input":"required name=search_term_string"}],"inLanguage":"de"},{"@type":"Organization","@id":"https:\/\/ds-barranquilla.org\/#organization","name":"Colegio Alem\u00e1n Barranquilla","url":"https:\/\/ds-barranquilla.org\/","logo":{"@type":"ImageObject","inLanguage":"de","@id":"https:\/\/ds-barranquilla.org\/#\/schema\/logo\/image\/","url":"https:\/\/ds-barranquilla.org\/wp-content\/uploads\/2021\/05\/coleman_logo_2.png","contentUrl":"https:\/\/ds-barranquilla.org\/wp-content\/uploads\/2021\/05\/coleman_logo_2.png","width":418,"height":307,"caption":"Colegio Alem\u00e1n Barranquilla"},"image":{"@id":"https:\/\/ds-barranquilla.org\/#\/schema\/logo\/image\/"},"sameAs":["https:\/\/www.facebook.com\/ColegioAlemanBaq\/","https:\/\/x.com\/ColegioAlemanBq","https:\/\/www.instagram.com\/colegioalemanbaq\/","https:\/\/www.linkedin.com\/school\/deutsche-schule-barranquilla\/","https:\/\/www.youtube.com\/channel\/UCOOGZQCVs6aYRqIWvSN5agQ"]},{"@type":"Person","@id":"https:\/\/ds-barranquilla.org\/#\/schema\/person\/7bf8790ba89d3480e0551241ccdc8d36","name":"Comunicaciones Comunicaciones","image":{"@type":"ImageObject","inLanguage":"de","@id":"https:\/\/ds-barranquilla.org\/#\/schema\/person\/image\/","url":"https:\/\/secure.gravatar.com\/avatar\/a66ba9484a4338d81d6bea750e595038?s=96&d=mm&r=g","contentUrl":"https:\/\/secure.gravatar.com\/avatar\/a66ba9484a4338d81d6bea750e595038?s=96&d=mm&r=g","caption":"Comunicaciones Comunicaciones"}}]}},"_links":{"self":[{"href":"https:\/\/ds-barranquilla.org\/de\/wp-json\/wp\/v2\/posts\/6531"}],"collection":[{"href":"https:\/\/ds-barranquilla.org\/de\/wp-json\/wp\/v2\/posts"}],"about":[{"href":"https:\/\/ds-barranquilla.org\/de\/wp-json\/wp\/v2\/types\/post"}],"author":[{"embeddable":true,"href":"https:\/\/ds-barranquilla.org\/de\/wp-json\/wp\/v2\/users\/16"}],"replies":[{"embeddable":true,"href":"https:\/\/ds-barranquilla.org\/de\/wp-json\/wp\/v2\/comments?post=6531"}],"version-history":[{"count":1,"href":"https:\/\/ds-barranquilla.org\/de\/wp-json\/wp\/v2\/posts\/6531\/revisions"}],"predecessor-version":[{"id":6533,"href":"https:\/\/ds-barranquilla.org\/de\/wp-json\/wp\/v2\/posts\/6531\/revisions\/6533"}],"wp:featuredmedia":[{"embeddable":true,"href":"https:\/\/ds-barranquilla.org\/de\/wp-json\/wp\/v2\/media\/6532"}],"wp:attachment":[{"href":"https:\/\/ds-barranquilla.org\/de\/wp-json\/wp\/v2\/media?parent=6531"}],"wp:term":[{"taxonomy":"category","embeddable":true,"href":"https:\/\/ds-barranquilla.org\/de\/wp-json\/wp\/v2\/categories?post=6531"},{"taxonomy":"post_tag","embeddable":true,"href":"https:\/\/ds-barranquilla.org\/de\/wp-json\/wp\/v2\/tags?post=6531"}],"curies":[{"name":"wp","href":"https:\/\/api.w.org\/{rel}","templated":true}]}}