{"id":6534,"date":"2020-10-21T13:33:48","date_gmt":"2020-10-21T18:33:48","guid":{"rendered":"https:\/\/ds-barranquilla.org\/?p=6534"},"modified":"2023-01-04T10:47:12","modified_gmt":"2023-01-04T15:47:12","slug":"la-academia-se-prepara-con-innovadoras-soluciones-audiovisuales","status":"publish","type":"post","link":"https:\/\/ds-barranquilla.org\/de\/la-academia-se-prepara-con-innovadoras-soluciones-audiovisuales\/","title":{"rendered":"La Academia se prepara con innovadoras soluciones audiovisuales"},"content":{"rendered":"<h1>La Academia se prepara con innovadoras soluciones audiovisuales<\/h1>\n<div class=\"extra\">\n<p><strong><strong>Geschrieben von: Jos\u00e9 R\u00edos Mercado. <\/strong><\/strong><span data-contrast=\"none\">Se acerca el d\u00eda cero, ese anhelado momento en el que el\u202f<\/span><span data-contrast=\"none\">Modelo\u00a0de\u00a0Alternancia<\/span><span data-contrast=\"none\">\u202fle permita a la comunidad escolar reencontrarse\u00a0en nuestras instalaciones\u00a0teniendo presente todas las medidas de autoprotecci\u00f3n y de bioseguridad. Por eso, en el Colegio Alem\u00e1n de Barranquilla nos estamos preparando\u00a0desde ya,\u00a0a trav\u00e9s de la implementaci\u00f3n de\u00a0estrategias, protocolos, actividades y proyectos, con el fin de garantizar que regresaremos pronto a un\u202f<\/span><span data-contrast=\"none\">colegio seguro.<\/span><\/p>\n<p><span data-contrast=\"none\">Entre\u00a0los\u202favances m\u00e1s recientes\u00a0para afrontar la actual coyuntura,\u00a0nuestra instituci\u00f3n inici\u00f3 la instalaci\u00f3n\u00a0de\u00a0diferentes tipos de c\u00e1maras\u00a0como las<\/span><b><span data-contrast=\"none\">\u00a0<\/span><\/b><span data-contrast=\"none\">de alta resoluci\u00f3n con software de seguimiento y enfoque inteligente\u00a0<\/span><span data-contrast=\"auto\">y micr\u00f3fono incorporado, en cada uno de los salones donde se dar\u00e1n las clases bajo el Modelo de Alternancia con el fin de trasmitir las clases en vivo (algunas de estas c\u00e1maras tendr\u00e1n tambi\u00e9n sistema de audio integrado).<\/span><\/p>\n<p><span data-contrast=\"auto\">Adicionalmente, cada profesor contar\u00e1 con una\u00a0diadema inal\u00e1mbrica<\/span><span data-contrast=\"auto\">\u00a0<\/span><span data-contrast=\"auto\">monoaural\u00a0para que los estudiantes que se encuentren de forma virtual puedan escuchar de forma \u00f3ptima la voz del docente.\u00a0Lo\u00a0anteriormente descrito\u00a0est\u00e1 integrado\u00a0a las soluciones audiovisuales ya existentes en los salones y dar\u00e1 como resultado que tanto los\u00a0alumnos\u00a0que se encuentren de manera presencial, como los que se encuentren en forma virtual, puedan interactuar con su profesor y\u00a0dem\u00e1s\u00a0compa\u00f1eros.<\/span><\/p>\n<p><span data-contrast=\"none\">\u201cEste\u00a0proyecto ha sido liderado por el \u00c1rea de Sistemas, pero Mantenimiento ha brindado un gran apoyo; un ejemplo de ello fue\u00a0la instalaci\u00f3n de energ\u00eda regulada en los salones\u00a0del Kindergarten\u00a0para el funcionamiento de las c\u00e1maras.\u00a0En el caso de Primaria y Secundaria hicimos un dise\u00f1o en los salones para el soporte de estos equipos, adem\u00e1s de acondicionar estos espacios para mejorar su ac\u00fastica\u201d, expres\u00f3 el\u00a0Jefe\u00a0de Infraestructura y\u00a0Mantenimiento, Ernesto Fern\u00e1ndez.<\/span><\/p>\n<p><span data-contrast=\"none\">Adem\u00e1s de\u00a0\u00e9stas, fueron\u00a0adquiridas\u202f<\/span><span data-contrast=\"none\">10\u00a0c\u00e1maras\u00a0biom\u00e9tricas faciales y de control de temperatura,<\/span><b><span data-contrast=\"none\">\u202f<\/span><\/b><span data-contrast=\"none\">con las cuales\u00a0se podr\u00e1n\u00a0analizar\u202fa todas las personas que ingresen a las instalaciones, lo cual\u00a0ser\u00e1 muy importante para mantener la salud y la seguridad de todos.\u00a0Otras<\/span><b><span data-contrast=\"none\">\u00a0<\/span><\/b><span data-contrast=\"none\">9 c\u00e1maras de control de aforo<\/span><span data-contrast=\"none\">\u202ftambi\u00e9n\u00a0fueron\u00a0compradas y ser\u00e1n ubicadas\u00a0en las \u00e1reas comunes como:\u202fla Biblioteca, el Atelier de Kindergarten, el Sal\u00f3n M\u00faltiple, la Cafeter\u00eda, el Polideportivo, entre otras; \u00e9stas medir\u00e1n el n\u00famero de personas que circulan en estos espacios con el fin de evitar las aglomeraciones y mantener\u202fas\u00ed el\u00a0distanciamiento social.<\/span><\/p>\n<\/div>","protected":false},"excerpt":{"rendered":"<p>La Academia se prepara con innovadoras soluciones audiovisuales Creado por: Jos\u00e9 R\u00edos Mercado. Se acerca el d\u00eda cero, ese anhelado momento en el que el\u202fModelo\u00a0de\u00a0Alternancia\u202fle permita<span class=\"excerpt-hellip\"> [\u2026]<\/span><\/p>","protected":false},"author":16,"featured_media":6535,"comment_status":"open","ping_status":"open","sticky":false,"template":"","format":"standard","meta":{"_exactmetrics_skip_tracking":false,"_exactmetrics_sitenote_active":false,"_exactmetrics_sitenote_note":"","_exactmetrics_sitenote_category":0,"_joinchat":[],"footnotes":""},"categories":[680,682,683],"tags":[],"class_list":["post-6534","post","type-post","status-publish","format-standard","has-post-thumbnail","hentry","category-680","category-acreditaciones-y-calidad","category-administracion"],"yoast_head":"<!-- This site is optimized with the Yoast SEO plugin v23.3 - https:\/\/yoast.com\/wordpress\/plugins\/seo\/ -->\n<title>La Academia se prepara con innovadoras soluciones audiovisuales - 2026<\/title>\n<meta name=\"robots\" content=\"noindex, follow, max-snippet:-1, max-image-preview:large, max-video-preview:-1\" \/>\n<meta property=\"og:locale\" content=\"de_DE\" \/>\n<meta property=\"og:type\" content=\"article\" \/>\n<meta property=\"og:title\" content=\"La Academia se prepara con innovadoras soluciones audiovisuales - 2026\" \/>\n<meta property=\"og:description\" content=\"La Academia se prepara con innovadoras soluciones audiovisuales Creado por: Jos\u00e9 R\u00edos Mercado. Se acerca el d\u00eda cero, ese anhelado momento en el que el\u202fModelo\u00a0de\u00a0Alternancia\u202fle permita [\u2026]\" \/>\n<meta property=\"og:url\" content=\"https:\/\/ds-barranquilla.org\/de\/la-academia-se-prepara-con-innovadoras-soluciones-audiovisuales\/\" \/>\n<meta property=\"og:site_name\" content=\"Colegio Alem\u00e1n - Los Mejores Colegios de Colombia - Colegio Triling\u00fce\" \/>\n<meta property=\"article:publisher\" content=\"https:\/\/www.facebook.com\/ColegioAlemanBaq\/\" \/>\n<meta property=\"article:published_time\" content=\"2020-10-21T18:33:48+00:00\" \/>\n<meta property=\"article:modified_time\" content=\"2023-01-04T15:47:12+00:00\" \/>\n<meta property=\"og:image\" content=\"https:\/\/ds-barranquilla.org\/wp-content\/uploads\/2021\/02\/Modelo_de_Alternancia_Web.jpg\" \/>\n\t<meta property=\"og:image:width\" content=\"1004\" \/>\n\t<meta property=\"og:image:height\" content=\"444\" \/>\n\t<meta property=\"og:image:type\" content=\"image\/jpeg\" \/>\n<meta name=\"author\" content=\"Comunicaciones Comunicaciones\" \/>\n<meta name=\"twitter:card\" content=\"summary_large_image\" \/>\n<meta name=\"twitter:creator\" content=\"@ColegioAlemanBq\" \/>\n<meta name=\"twitter:site\" content=\"@ColegioAlemanBq\" \/>\n<meta name=\"twitter:label1\" content=\"Verfasst von\" \/>\n\t<meta name=\"twitter:data1\" content=\"Comunicaciones Comunicaciones\" \/>\n\t<meta name=\"twitter:label2\" content=\"Gesch\u00e4tzte Lesezeit\" \/>\n\t<meta name=\"twitter:data2\" content=\"2\u00a0Minuten\" \/>\n<script type=\"application\/ld+json\" class=\"yoast-schema-graph\">{\"@context\":\"https:\/\/schema.org\",\"@graph\":[{\"@type\":\"Article\",\"@id\":\"https:\/\/ds-barranquilla.org\/la-academia-se-prepara-con-innovadoras-soluciones-audiovisuales\/#article\",\"isPartOf\":{\"@id\":\"https:\/\/ds-barranquilla.org\/la-academia-se-prepara-con-innovadoras-soluciones-audiovisuales\/\"},\"author\":{\"name\":\"Comunicaciones Comunicaciones\",\"@id\":\"https:\/\/ds-barranquilla.org\/#\/schema\/person\/7bf8790ba89d3480e0551241ccdc8d36\"},\"headline\":\"La Academia se prepara con innovadoras soluciones audiovisuales\",\"datePublished\":\"2020-10-21T18:33:48+00:00\",\"dateModified\":\"2023-01-04T15:47:12+00:00\",\"mainEntityOfPage\":{\"@id\":\"https:\/\/ds-barranquilla.org\/la-academia-se-prepara-con-innovadoras-soluciones-audiovisuales\/\"},\"wordCount\":445,\"commentCount\":0,\"publisher\":{\"@id\":\"https:\/\/ds-barranquilla.org\/#organization\"},\"image\":{\"@id\":\"https:\/\/ds-barranquilla.org\/la-academia-se-prepara-con-innovadoras-soluciones-audiovisuales\/#primaryimage\"},\"thumbnailUrl\":\"https:\/\/ds-barranquilla.org\/wp-content\/uploads\/2021\/02\/Modelo_de_Alternancia_Web.jpg\",\"articleSection\":[\"2020\",\"Acreditaciones y Calidad\",\"Administraci\u00f3n\"],\"inLanguage\":\"de\",\"potentialAction\":[{\"@type\":\"CommentAction\",\"name\":\"Comment\",\"target\":[\"https:\/\/ds-barranquilla.org\/la-academia-se-prepara-con-innovadoras-soluciones-audiovisuales\/#respond\"]}]},{\"@type\":\"WebPage\",\"@id\":\"https:\/\/ds-barranquilla.org\/la-academia-se-prepara-con-innovadoras-soluciones-audiovisuales\/\",\"url\":\"https:\/\/ds-barranquilla.org\/la-academia-se-prepara-con-innovadoras-soluciones-audiovisuales\/\",\"name\":\"La Academia se prepara con innovadoras soluciones audiovisuales - 2026\",\"isPartOf\":{\"@id\":\"https:\/\/ds-barranquilla.org\/#website\"},\"primaryImageOfPage\":{\"@id\":\"https:\/\/ds-barranquilla.org\/la-academia-se-prepara-con-innovadoras-soluciones-audiovisuales\/#primaryimage\"},\"image\":{\"@id\":\"https:\/\/ds-barranquilla.org\/la-academia-se-prepara-con-innovadoras-soluciones-audiovisuales\/#primaryimage\"},\"thumbnailUrl\":\"https:\/\/ds-barranquilla.org\/wp-content\/uploads\/2021\/02\/Modelo_de_Alternancia_Web.jpg\",\"datePublished\":\"2020-10-21T18:33:48+00:00\",\"dateModified\":\"2023-01-04T15:47:12+00:00\",\"breadcrumb\":{\"@id\":\"https:\/\/ds-barranquilla.org\/la-academia-se-prepara-con-innovadoras-soluciones-audiovisuales\/#breadcrumb\"},\"inLanguage\":\"de\",\"potentialAction\":[{\"@type\":\"ReadAction\",\"target\":[\"https:\/\/ds-barranquilla.org\/la-academia-se-prepara-con-innovadoras-soluciones-audiovisuales\/\"]}]},{\"@type\":\"ImageObject\",\"inLanguage\":\"de\",\"@id\":\"https:\/\/ds-barranquilla.org\/la-academia-se-prepara-con-innovadoras-soluciones-audiovisuales\/#primaryimage\",\"url\":\"https:\/\/ds-barranquilla.org\/wp-content\/uploads\/2021\/02\/Modelo_de_Alternancia_Web.jpg\",\"contentUrl\":\"https:\/\/ds-barranquilla.org\/wp-content\/uploads\/2021\/02\/Modelo_de_Alternancia_Web.jpg\",\"width\":1004,\"height\":444,\"caption\":\"Modelo_de_Alternancia_Web\"},{\"@type\":\"BreadcrumbList\",\"@id\":\"https:\/\/ds-barranquilla.org\/la-academia-se-prepara-con-innovadoras-soluciones-audiovisuales\/#breadcrumb\",\"itemListElement\":[{\"@type\":\"ListItem\",\"position\":1,\"name\":\"Portada\",\"item\":\"https:\/\/ds-barranquilla.org\/\"},{\"@type\":\"ListItem\",\"position\":2,\"name\":\"La Academia se prepara con innovadoras soluciones audiovisuales\"}]},{\"@type\":\"WebSite\",\"@id\":\"https:\/\/ds-barranquilla.org\/#website\",\"url\":\"https:\/\/ds-barranquilla.org\/\",\"name\":\"Colegio Alem\u00e1n - Los Mejores Colegios de Colombia - Colegio Triling\u00fce\",\"description\":\"Colegio Alem\u00e1n  Barranquilla Colombia - Colegio Biling\u00fce - Triling\u00fce - El Mejor Colegio de Colombia\",\"publisher\":{\"@id\":\"https:\/\/ds-barranquilla.org\/#organization\"},\"potentialAction\":[{\"@type\":\"SearchAction\",\"target\":{\"@type\":\"EntryPoint\",\"urlTemplate\":\"https:\/\/ds-barranquilla.org\/?s={search_term_string}\"},\"query-input\":\"required name=search_term_string\"}],\"inLanguage\":\"de\"},{\"@type\":\"Organization\",\"@id\":\"https:\/\/ds-barranquilla.org\/#organization\",\"name\":\"Colegio Alem\u00e1n Barranquilla\",\"url\":\"https:\/\/ds-barranquilla.org\/\",\"logo\":{\"@type\":\"ImageObject\",\"inLanguage\":\"de\",\"@id\":\"https:\/\/ds-barranquilla.org\/#\/schema\/logo\/image\/\",\"url\":\"https:\/\/ds-barranquilla.org\/wp-content\/uploads\/2021\/05\/coleman_logo_2.png\",\"contentUrl\":\"https:\/\/ds-barranquilla.org\/wp-content\/uploads\/2021\/05\/coleman_logo_2.png\",\"width\":418,\"height\":307,\"caption\":\"Colegio Alem\u00e1n Barranquilla\"},\"image\":{\"@id\":\"https:\/\/ds-barranquilla.org\/#\/schema\/logo\/image\/\"},\"sameAs\":[\"https:\/\/www.facebook.com\/ColegioAlemanBaq\/\",\"https:\/\/x.com\/ColegioAlemanBq\",\"https:\/\/www.instagram.com\/colegioalemanbaq\/\",\"https:\/\/www.linkedin.com\/school\/deutsche-schule-barranquilla\/\",\"https:\/\/www.youtube.com\/channel\/UCOOGZQCVs6aYRqIWvSN5agQ\"]},{\"@type\":\"Person\",\"@id\":\"https:\/\/ds-barranquilla.org\/#\/schema\/person\/7bf8790ba89d3480e0551241ccdc8d36\",\"name\":\"Comunicaciones Comunicaciones\",\"image\":{\"@type\":\"ImageObject\",\"inLanguage\":\"de\",\"@id\":\"https:\/\/ds-barranquilla.org\/#\/schema\/person\/image\/\",\"url\":\"https:\/\/secure.gravatar.com\/avatar\/a66ba9484a4338d81d6bea750e595038?s=96&d=mm&r=g\",\"contentUrl\":\"https:\/\/secure.gravatar.com\/avatar\/a66ba9484a4338d81d6bea750e595038?s=96&d=mm&r=g\",\"caption\":\"Comunicaciones Comunicaciones\"}}]}<\/script>\n<!-- \/ Yoast SEO plugin. -->","yoast_head_json":{"title":"La Academia se prepara con innovadoras soluciones audiovisuales - 2026","robots":{"index":"noindex","follow":"follow","max-snippet":"max-snippet:-1","max-image-preview":"max-image-preview:large","max-video-preview":"max-video-preview:-1"},"og_locale":"de_DE","og_type":"article","og_title":"La Academia se prepara con innovadoras soluciones audiovisuales - 2026","og_description":"La Academia se prepara con innovadoras soluciones audiovisuales Creado por: Jos\u00e9 R\u00edos Mercado. Se acerca el d\u00eda cero, ese anhelado momento en el que el\u202fModelo\u00a0de\u00a0Alternancia\u202fle permita [\u2026]","og_url":"https:\/\/ds-barranquilla.org\/de\/la-academia-se-prepara-con-innovadoras-soluciones-audiovisuales\/","og_site_name":"Colegio Alem\u00e1n - Los Mejores Colegios de Colombia - Colegio Triling\u00fce","article_publisher":"https:\/\/www.facebook.com\/ColegioAlemanBaq\/","article_published_time":"2020-10-21T18:33:48+00:00","article_modified_time":"2023-01-04T15:47:12+00:00","og_image":[{"width":1004,"height":444,"url":"https:\/\/ds-barranquilla.org\/wp-content\/uploads\/2021\/02\/Modelo_de_Alternancia_Web.jpg","type":"image\/jpeg"}],"author":"Comunicaciones Comunicaciones","twitter_card":"summary_large_image","twitter_creator":"@ColegioAlemanBq","twitter_site":"@ColegioAlemanBq","twitter_misc":{"Verfasst von":"Comunicaciones Comunicaciones","Gesch\u00e4tzte Lesezeit":"2\u00a0Minuten"},"schema":{"@context":"https:\/\/schema.org","@graph":[{"@type":"Article","@id":"https:\/\/ds-barranquilla.org\/la-academia-se-prepara-con-innovadoras-soluciones-audiovisuales\/#article","isPartOf":{"@id":"https:\/\/ds-barranquilla.org\/la-academia-se-prepara-con-innovadoras-soluciones-audiovisuales\/"},"author":{"name":"Comunicaciones Comunicaciones","@id":"https:\/\/ds-barranquilla.org\/#\/schema\/person\/7bf8790ba89d3480e0551241ccdc8d36"},"headline":"La Academia se prepara con innovadoras soluciones audiovisuales","datePublished":"2020-10-21T18:33:48+00:00","dateModified":"2023-01-04T15:47:12+00:00","mainEntityOfPage":{"@id":"https:\/\/ds-barranquilla.org\/la-academia-se-prepara-con-innovadoras-soluciones-audiovisuales\/"},"wordCount":445,"commentCount":0,"publisher":{"@id":"https:\/\/ds-barranquilla.org\/#organization"},"image":{"@id":"https:\/\/ds-barranquilla.org\/la-academia-se-prepara-con-innovadoras-soluciones-audiovisuales\/#primaryimage"},"thumbnailUrl":"https:\/\/ds-barranquilla.org\/wp-content\/uploads\/2021\/02\/Modelo_de_Alternancia_Web.jpg","articleSection":["2020","Acreditaciones y Calidad","Administraci\u00f3n"],"inLanguage":"de","potentialAction":[{"@type":"CommentAction","name":"Comment","target":["https:\/\/ds-barranquilla.org\/la-academia-se-prepara-con-innovadoras-soluciones-audiovisuales\/#respond"]}]},{"@type":"WebPage","@id":"https:\/\/ds-barranquilla.org\/la-academia-se-prepara-con-innovadoras-soluciones-audiovisuales\/","url":"https:\/\/ds-barranquilla.org\/la-academia-se-prepara-con-innovadoras-soluciones-audiovisuales\/","name":"La Academia se prepara con innovadoras soluciones audiovisuales - 2026","isPartOf":{"@id":"https:\/\/ds-barranquilla.org\/#website"},"primaryImageOfPage":{"@id":"https:\/\/ds-barranquilla.org\/la-academia-se-prepara-con-innovadoras-soluciones-audiovisuales\/#primaryimage"},"image":{"@id":"https:\/\/ds-barranquilla.org\/la-academia-se-prepara-con-innovadoras-soluciones-audiovisuales\/#primaryimage"},"thumbnailUrl":"https:\/\/ds-barranquilla.org\/wp-content\/uploads\/2021\/02\/Modelo_de_Alternancia_Web.jpg","datePublished":"2020-10-21T18:33:48+00:00","dateModified":"2023-01-04T15:47:12+00:00","breadcrumb":{"@id":"https:\/\/ds-barranquilla.org\/la-academia-se-prepara-con-innovadoras-soluciones-audiovisuales\/#breadcrumb"},"inLanguage":"de","potentialAction":[{"@type":"ReadAction","target":["https:\/\/ds-barranquilla.org\/la-academia-se-prepara-con-innovadoras-soluciones-audiovisuales\/"]}]},{"@type":"ImageObject","inLanguage":"de","@id":"https:\/\/ds-barranquilla.org\/la-academia-se-prepara-con-innovadoras-soluciones-audiovisuales\/#primaryimage","url":"https:\/\/ds-barranquilla.org\/wp-content\/uploads\/2021\/02\/Modelo_de_Alternancia_Web.jpg","contentUrl":"https:\/\/ds-barranquilla.org\/wp-content\/uploads\/2021\/02\/Modelo_de_Alternancia_Web.jpg","width":1004,"height":444,"caption":"Modelo_de_Alternancia_Web"},{"@type":"BreadcrumbList","@id":"https:\/\/ds-barranquilla.org\/la-academia-se-prepara-con-innovadoras-soluciones-audiovisuales\/#breadcrumb","itemListElement":[{"@type":"ListItem","position":1,"name":"Portada","item":"https:\/\/ds-barranquilla.org\/"},{"@type":"ListItem","position":2,"name":"La Academia se prepara con innovadoras soluciones audiovisuales"}]},{"@type":"WebSite","@id":"https:\/\/ds-barranquilla.org\/#website","url":"https:\/\/ds-barranquilla.org\/","name":"Colegio Alem\u00e1n - Los Mejores Colegios de Colombia - Colegio Triling\u00fce","description":"Colegio Alem\u00e1n  Barranquilla Colombia - Colegio Biling\u00fce - Triling\u00fce - El Mejor Colegio de Colombia","publisher":{"@id":"https:\/\/ds-barranquilla.org\/#organization"},"potentialAction":[{"@type":"SearchAction","target":{"@type":"EntryPoint","urlTemplate":"https:\/\/ds-barranquilla.org\/?s={search_term_string}"},"query-input":"required name=search_term_string"}],"inLanguage":"de"},{"@type":"Organization","@id":"https:\/\/ds-barranquilla.org\/#organization","name":"Colegio Alem\u00e1n Barranquilla","url":"https:\/\/ds-barranquilla.org\/","logo":{"@type":"ImageObject","inLanguage":"de","@id":"https:\/\/ds-barranquilla.org\/#\/schema\/logo\/image\/","url":"https:\/\/ds-barranquilla.org\/wp-content\/uploads\/2021\/05\/coleman_logo_2.png","contentUrl":"https:\/\/ds-barranquilla.org\/wp-content\/uploads\/2021\/05\/coleman_logo_2.png","width":418,"height":307,"caption":"Colegio Alem\u00e1n Barranquilla"},"image":{"@id":"https:\/\/ds-barranquilla.org\/#\/schema\/logo\/image\/"},"sameAs":["https:\/\/www.facebook.com\/ColegioAlemanBaq\/","https:\/\/x.com\/ColegioAlemanBq","https:\/\/www.instagram.com\/colegioalemanbaq\/","https:\/\/www.linkedin.com\/school\/deutsche-schule-barranquilla\/","https:\/\/www.youtube.com\/channel\/UCOOGZQCVs6aYRqIWvSN5agQ"]},{"@type":"Person","@id":"https:\/\/ds-barranquilla.org\/#\/schema\/person\/7bf8790ba89d3480e0551241ccdc8d36","name":"Comunicaciones Comunicaciones","image":{"@type":"ImageObject","inLanguage":"de","@id":"https:\/\/ds-barranquilla.org\/#\/schema\/person\/image\/","url":"https:\/\/secure.gravatar.com\/avatar\/a66ba9484a4338d81d6bea750e595038?s=96&d=mm&r=g","contentUrl":"https:\/\/secure.gravatar.com\/avatar\/a66ba9484a4338d81d6bea750e595038?s=96&d=mm&r=g","caption":"Comunicaciones Comunicaciones"}}]}},"_links":{"self":[{"href":"https:\/\/ds-barranquilla.org\/de\/wp-json\/wp\/v2\/posts\/6534"}],"collection":[{"href":"https:\/\/ds-barranquilla.org\/de\/wp-json\/wp\/v2\/posts"}],"about":[{"href":"https:\/\/ds-barranquilla.org\/de\/wp-json\/wp\/v2\/types\/post"}],"author":[{"embeddable":true,"href":"https:\/\/ds-barranquilla.org\/de\/wp-json\/wp\/v2\/users\/16"}],"replies":[{"embeddable":true,"href":"https:\/\/ds-barranquilla.org\/de\/wp-json\/wp\/v2\/comments?post=6534"}],"version-history":[{"count":5,"href":"https:\/\/ds-barranquilla.org\/de\/wp-json\/wp\/v2\/posts\/6534\/revisions"}],"predecessor-version":[{"id":8079,"href":"https:\/\/ds-barranquilla.org\/de\/wp-json\/wp\/v2\/posts\/6534\/revisions\/8079"}],"wp:featuredmedia":[{"embeddable":true,"href":"https:\/\/ds-barranquilla.org\/de\/wp-json\/wp\/v2\/media\/6535"}],"wp:attachment":[{"href":"https:\/\/ds-barranquilla.org\/de\/wp-json\/wp\/v2\/media?parent=6534"}],"wp:term":[{"taxonomy":"category","embeddable":true,"href":"https:\/\/ds-barranquilla.org\/de\/wp-json\/wp\/v2\/categories?post=6534"},{"taxonomy":"post_tag","embeddable":true,"href":"https:\/\/ds-barranquilla.org\/de\/wp-json\/wp\/v2\/tags?post=6534"}],"curies":[{"name":"wp","href":"https:\/\/api.w.org\/{rel}","templated":true}]}}